{"id":12862,"date":"2026-04-15T23:29:41","date_gmt":"2026-04-16T02:29:41","guid":{"rendered":"https:\/\/portalraizesnoticias.com.br\/?p=12862"},"modified":"2026-04-15T23:33:21","modified_gmt":"2026-04-16T02:33:21","slug":"socorrista-do-aguia-resgate-de-coite-auxilia-vitimas-em-acidente-que-deixou-dois-mortos-na-ba-502-ente-sao-goncalo-dos-campos-e-conceicao-da-feira","status":"publish","type":"post","link":"https:\/\/portalraizesnoticias.com.br\/?p=12862","title":{"rendered":"Socorrista do \u00c1guia Resgate de Coit\u00e9 auxilia v\u00edtimas em acidente que deixou dois mortos na BA-502 ente S\u00e3o Gon\u00e7alo dos Campos e Concei\u00e7\u00e3o da Feira"},"content":{"rendered":"<p>Uma colis\u00e3o entre uma van e uma motocicleta deixou dois mortos na noite desta quarta-feira (15), na BA-502, no trecho entre S\u00e3o Gon\u00e7alo dos Campos e Concei\u00e7\u00e3o da Feira.<\/p>\n<p>O acidente envolveu uma van que realiza transporte de passageiros de Cachoeira para Feira de Santana e uma motocicleta. Os dois ocupantes da moto, ambos do sexo masculino, morreram ainda no local devido \u00e0 viol\u00eancia do impacto.<\/p>\n<p><img fetchpriority=\"high\" decoding=\"async\" class=\"size-medium wp-image-12864 aligncenter\" src=\"https:\/\/portalraizesnoticias.com.br\/wp-content\/uploads\/2026\/04\/IMG-20260415-WA0547-186x300.jpg\" alt=\"\" width=\"186\" height=\"300\" srcset=\"https:\/\/portalraizesnoticias.com.br\/wp-content\/uploads\/2026\/04\/IMG-20260415-WA0547-186x300.jpg 186w, https:\/\/portalraizesnoticias.com.br\/wp-content\/uploads\/2026\/04\/IMG-20260415-WA0547-634x1024.jpg 634w, https:\/\/portalraizesnoticias.com.br\/wp-content\/uploads\/2026\/04\/IMG-20260415-WA0547-768x1240.jpg 768w, https:\/\/portalraizesnoticias.com.br\/wp-content\/uploads\/2026\/04\/IMG-20260415-WA0547-951x1536.jpg 951w, https:\/\/portalraizesnoticias.com.br\/wp-content\/uploads\/2026\/04\/IMG-20260415-WA0547.jpg 1080w\" sizes=\"(max-width: 186px) 100vw, 186px\" \/><\/p>\n<p>Antes mesmo da chegada das equipes oficiais, um socorrista volunt\u00e1rio do \u00c1guia Resgate, Wanderson Almeida, de Concei\u00e7\u00e3o do Coit\u00e9, que passava pela rodovia, parou para prestar atendimento \u00e0s v\u00edtimas, mesmo fora de sua \u00e1rea de atua\u00e7\u00e3o. Ele iniciou os primeiros socorros e deu suporte \u00e0 ocorr\u00eancia at\u00e9 a chegada do Servi\u00e7o de Atendimento M\u00f3vel de Urg\u00eancia (SAMU).<\/p>\n<p><img decoding=\"async\" class=\"size-medium wp-image-12865 aligncenter\" src=\"https:\/\/portalraizesnoticias.com.br\/wp-content\/uploads\/2026\/04\/IMG-20260415-WA0548-225x300.jpg\" alt=\"\" width=\"225\" height=\"300\" srcset=\"https:\/\/portalraizesnoticias.com.br\/wp-content\/uploads\/2026\/04\/IMG-20260415-WA0548-225x300.jpg 225w, https:\/\/portalraizesnoticias.com.br\/wp-content\/uploads\/2026\/04\/IMG-20260415-WA0548-768x1024.jpg 768w, https:\/\/portalraizesnoticias.com.br\/wp-content\/uploads\/2026\/04\/IMG-20260415-WA0548-1152x1536.jpg 1152w, https:\/\/portalraizesnoticias.com.br\/wp-content\/uploads\/2026\/04\/IMG-20260415-WA0548.jpg 1200w\" sizes=\"(max-width: 225px) 100vw, 225px\" \/><\/p>\n<p>Foram acionadas uma Unidade de Suporte B\u00e1sico de S\u00e3o Gon\u00e7alo dos Campos e uma Unidade de Suporte Avan\u00e7ado de Feira de Santana. No entanto, ao chegarem ao local, os profissionais constataram que os ocupantes da motocicleta j\u00e1 n\u00e3o apresentavam sinais vitais.<\/p>\n<p>Uma passageira da van ficou ferida, com suspeita de fratura na perna direita e queixas de mal-estar, sendo encaminhada para o hospital municipal de S\u00e3o Gon\u00e7alo dos Campos.<\/p>\n<p>A motocicleta ficou completamente destru\u00edda e a parte frontal da van sofreu danos significativos. Uma guarni\u00e7\u00e3o da Pol\u00edcia Rodovi\u00e1ria Estadual esteve no local para organizar o tr\u00e1fego e realizar os procedimentos necess\u00e1rios. As causas do acidente ainda ser\u00e3o investigadas.<\/p>\n<p>Reda\u00e7\u00e3o<\/p>\n","protected":false},"excerpt":{"rendered":"<p>Uma colis\u00e3o entre uma van e uma motocicleta deixou dois mortos na noite desta quarta-feira (15), na BA-502, no trecho entre S\u00e3o Gon\u00e7alo dos Campos e Concei\u00e7\u00e3o da Feira. O acidente envolveu uma van que realiza transporte de passageiros de Cachoeira para Feira de Santana e uma motocicleta. Os dois ocupantes da moto, ambos do sexo masculino, morreram ainda no local devido \u00e0 viol\u00eancia do impacto. Antes mesmo da chegada das equipes oficiais, um socorrista volunt\u00e1rio do \u00c1guia Resgate, Wanderson Almeida, de Concei\u00e7\u00e3o do Coit\u00e9, que passava pela rodovia, parou para prestar atendimento \u00e0s v\u00edtimas, mesmo fora de sua \u00e1rea de atua\u00e7\u00e3o. Ele iniciou os primeiros socorros e deu suporte \u00e0 ocorr\u00eancia at\u00e9 a chegada do Servi\u00e7o de Atendimento M\u00f3vel de Urg\u00eancia (SAMU). Foram acionadas uma Unidade de Suporte B\u00e1sico de S\u00e3o Gon\u00e7alo dos Campos e uma Unidade de Suporte Avan\u00e7ado de Feira de Santana. No entanto, ao chegarem ao local, os profissionais constataram que os ocupantes da motocicleta j\u00e1 n\u00e3o apresentavam sinais vitais. Uma passageira da van ficou ferida, com suspeita de fratura na perna direita e queixas de mal-estar, sendo encaminhada para o hospital municipal de S\u00e3o Gon\u00e7alo dos Campos. A motocicleta ficou completamente destru\u00edda e a parte frontal da van sofreu danos significativos. Uma guarni\u00e7\u00e3o da Pol\u00edcia Rodovi\u00e1ria Estadual esteve no local para organizar o tr\u00e1fego e realizar os procedimentos necess\u00e1rios. As causas do acidente ainda ser\u00e3o investigadas. Reda\u00e7\u00e3o<\/p>\n","protected":false},"author":3,"featured_media":12868,"comment_status":"open","ping_status":"open","sticky":false,"template":"","format":"standard","meta":{"_joinchat":[],"footnotes":""},"categories":[58,55,59],"tags":[],"class_list":["post-12862","post","type-post","status-publish","format-standard","has-post-thumbnail","hentry","category-acidentes","category-destaques","category-ultimas-noticias"],"yoast_head":"<!-- This site is optimized with the Yoast SEO plugin v24.4 - https:\/\/yoast.com\/wordpress\/plugins\/seo\/ -->\n<title>Socorrista do \u00c1guia Resgate de Coit\u00e9 auxilia v\u00edtimas em acidente que deixou dois mortos na BA-502 ente S\u00e3o Gon\u00e7alo dos Campos e Concei\u00e7\u00e3o da Feira - Portal raizes noticias<\/title>\n<meta name=\"robots\" content=\"index, follow, max-snippet:-1, max-image-preview:large, max-video-preview:-1\" \/>\n<link rel=\"canonical\" href=\"https:\/\/portalraizesnoticias.com.br\/?p=12862\" \/>\n<meta property=\"og:locale\" content=\"pt_BR\" \/>\n<meta property=\"og:type\" content=\"article\" \/>\n<meta property=\"og:title\" content=\"Socorrista do \u00c1guia Resgate de Coit\u00e9 auxilia v\u00edtimas em acidente que deixou dois mortos na BA-502 ente S\u00e3o Gon\u00e7alo dos Campos e Concei\u00e7\u00e3o da Feira - Portal raizes noticias\" \/>\n<meta property=\"og:description\" content=\"Uma colis\u00e3o entre uma van e uma motocicleta deixou dois mortos na noite desta quarta-feira (15), na BA-502, no trecho entre S\u00e3o Gon\u00e7alo dos Campos e Concei\u00e7\u00e3o da Feira. O acidente envolveu uma van que realiza transporte de passageiros de Cachoeira para Feira de Santana e uma motocicleta. Os dois ocupantes da moto, ambos do sexo masculino, morreram ainda no local devido \u00e0 viol\u00eancia do impacto. Antes mesmo da chegada das equipes oficiais, um socorrista volunt\u00e1rio do \u00c1guia Resgate, Wanderson Almeida, de Concei\u00e7\u00e3o do Coit\u00e9, que passava pela rodovia, parou para prestar atendimento \u00e0s v\u00edtimas, mesmo fora de sua \u00e1rea de atua\u00e7\u00e3o. Ele iniciou os primeiros socorros e deu suporte \u00e0 ocorr\u00eancia at\u00e9 a chegada do Servi\u00e7o de Atendimento M\u00f3vel de Urg\u00eancia (SAMU). Foram acionadas uma Unidade de Suporte B\u00e1sico de S\u00e3o Gon\u00e7alo dos Campos e uma Unidade de Suporte Avan\u00e7ado de Feira de Santana. No entanto, ao chegarem ao local, os profissionais constataram que os ocupantes da motocicleta j\u00e1 n\u00e3o apresentavam sinais vitais. Uma passageira da van ficou ferida, com suspeita de fratura na perna direita e queixas de mal-estar, sendo encaminhada para o hospital municipal de S\u00e3o Gon\u00e7alo dos Campos. A motocicleta ficou completamente destru\u00edda e a parte frontal da van sofreu danos significativos. Uma guarni\u00e7\u00e3o da Pol\u00edcia Rodovi\u00e1ria Estadual esteve no local para organizar o tr\u00e1fego e realizar os procedimentos necess\u00e1rios. As causas do acidente ainda ser\u00e3o investigadas. Reda\u00e7\u00e3o\" \/>\n<meta property=\"og:url\" content=\"https:\/\/portalraizesnoticias.com.br\/?p=12862\" \/>\n<meta property=\"og:site_name\" content=\"Portal raizes noticias\" \/>\n<meta property=\"article:published_time\" content=\"2026-04-16T02:29:41+00:00\" \/>\n<meta property=\"article:modified_time\" content=\"2026-04-16T02:33:21+00:00\" \/>\n<meta property=\"og:image\" content=\"https:\/\/portalraizesnoticias.com.br\/wp-content\/uploads\/2026\/04\/IMG-20260415-WA0558.jpg\" \/>\n\t<meta property=\"og:image:width\" content=\"720\" \/>\n\t<meta property=\"og:image:height\" content=\"926\" \/>\n\t<meta property=\"og:image:type\" content=\"image\/jpeg\" \/>\n<meta name=\"author\" content=\"Portal Raizes\" \/>\n<meta name=\"twitter:card\" content=\"summary_large_image\" \/>\n<meta name=\"twitter:label1\" content=\"Escrito por\" \/>\n\t<meta name=\"twitter:data1\" content=\"Portal Raizes\" \/>\n\t<meta name=\"twitter:label2\" content=\"Est. tempo de leitura\" \/>\n\t<meta name=\"twitter:data2\" content=\"2 minutos\" \/>\n<script type=\"application\/ld+json\" class=\"yoast-schema-graph\">{\"@context\":\"https:\/\/schema.org\",\"@graph\":[{\"@type\":\"Article\",\"@id\":\"https:\/\/portalraizesnoticias.com.br\/?p=12862#article\",\"isPartOf\":{\"@id\":\"https:\/\/portalraizesnoticias.com.br\/?p=12862\"},\"author\":{\"name\":\"Portal Raizes\",\"@id\":\"https:\/\/portalraizesnoticias.com.br\/#\/schema\/person\/a3ca6b0fc701e78df19756c417d943ae\"},\"headline\":\"Socorrista do \u00c1guia Resgate de Coit\u00e9 auxilia v\u00edtimas em acidente que deixou dois mortos na BA-502 ente S\u00e3o Gon\u00e7alo dos Campos e Concei\u00e7\u00e3o da Feira\",\"datePublished\":\"2026-04-16T02:29:41+00:00\",\"dateModified\":\"2026-04-16T02:33:21+00:00\",\"mainEntityOfPage\":{\"@id\":\"https:\/\/portalraizesnoticias.com.br\/?p=12862\"},\"wordCount\":286,\"commentCount\":0,\"publisher\":{\"@id\":\"https:\/\/portalraizesnoticias.com.br\/#organization\"},\"image\":{\"@id\":\"https:\/\/portalraizesnoticias.com.br\/?p=12862#primaryimage\"},\"thumbnailUrl\":\"https:\/\/portalraizesnoticias.com.br\/wp-content\/uploads\/2026\/04\/IMG-20260415-WA0558.jpg\",\"articleSection\":[\"ACIDENTES\",\"DESTAQUES\",\"ULTIMAS NOTICIAS\"],\"inLanguage\":\"pt-BR\",\"potentialAction\":[{\"@type\":\"CommentAction\",\"name\":\"Comment\",\"target\":[\"https:\/\/portalraizesnoticias.com.br\/?p=12862#respond\"]}]},{\"@type\":\"WebPage\",\"@id\":\"https:\/\/portalraizesnoticias.com.br\/?p=12862\",\"url\":\"https:\/\/portalraizesnoticias.com.br\/?p=12862\",\"name\":\"Socorrista do \u00c1guia Resgate de Coit\u00e9 auxilia v\u00edtimas em acidente que deixou dois mortos na BA-502 ente S\u00e3o Gon\u00e7alo dos Campos e Concei\u00e7\u00e3o da Feira - Portal raizes noticias\",\"isPartOf\":{\"@id\":\"https:\/\/portalraizesnoticias.com.br\/#website\"},\"primaryImageOfPage\":{\"@id\":\"https:\/\/portalraizesnoticias.com.br\/?p=12862#primaryimage\"},\"image\":{\"@id\":\"https:\/\/portalraizesnoticias.com.br\/?p=12862#primaryimage\"},\"thumbnailUrl\":\"https:\/\/portalraizesnoticias.com.br\/wp-content\/uploads\/2026\/04\/IMG-20260415-WA0558.jpg\",\"datePublished\":\"2026-04-16T02:29:41+00:00\",\"dateModified\":\"2026-04-16T02:33:21+00:00\",\"breadcrumb\":{\"@id\":\"https:\/\/portalraizesnoticias.com.br\/?p=12862#breadcrumb\"},\"inLanguage\":\"pt-BR\",\"potentialAction\":[{\"@type\":\"ReadAction\",\"target\":[\"https:\/\/portalraizesnoticias.com.br\/?p=12862\"]}]},{\"@type\":\"ImageObject\",\"inLanguage\":\"pt-BR\",\"@id\":\"https:\/\/portalraizesnoticias.com.br\/?p=12862#primaryimage\",\"url\":\"https:\/\/portalraizesnoticias.com.br\/wp-content\/uploads\/2026\/04\/IMG-20260415-WA0558.jpg\",\"contentUrl\":\"https:\/\/portalraizesnoticias.com.br\/wp-content\/uploads\/2026\/04\/IMG-20260415-WA0558.jpg\",\"width\":720,\"height\":926},{\"@type\":\"BreadcrumbList\",\"@id\":\"https:\/\/portalraizesnoticias.com.br\/?p=12862#breadcrumb\",\"itemListElement\":[{\"@type\":\"ListItem\",\"position\":1,\"name\":\"In\u00edcio\",\"item\":\"https:\/\/portalraizesnoticias.com.br\/\"},{\"@type\":\"ListItem\",\"position\":2,\"name\":\"Socorrista do \u00c1guia Resgate de Coit\u00e9 auxilia v\u00edtimas em acidente que deixou dois mortos na BA-502 ente S\u00e3o Gon\u00e7alo dos Campos e Concei\u00e7\u00e3o da Feira\"}]},{\"@type\":\"WebSite\",\"@id\":\"https:\/\/portalraizesnoticias.com.br\/#website\",\"url\":\"https:\/\/portalraizesnoticias.com.br\/\",\"name\":\"Portal raizes NOTICIAS\",\"description\":\"site de noticias de concei\u00e7\u00e3o do coit\u00e9 e regi\u00e3o\",\"publisher\":{\"@id\":\"https:\/\/portalraizesnoticias.com.br\/#organization\"},\"alternateName\":\"PORTAL RAIZES COIT\u00c9\",\"potentialAction\":[{\"@type\":\"SearchAction\",\"target\":{\"@type\":\"EntryPoint\",\"urlTemplate\":\"https:\/\/portalraizesnoticias.com.br\/?s={search_term_string}\"},\"query-input\":{\"@type\":\"PropertyValueSpecification\",\"valueRequired\":true,\"valueName\":\"search_term_string\"}}],\"inLanguage\":\"pt-BR\"},{\"@type\":\"Organization\",\"@id\":\"https:\/\/portalraizesnoticias.com.br\/#organization\",\"name\":\"Portal raizes NOTICIAS\",\"url\":\"https:\/\/portalraizesnoticias.com.br\/\",\"logo\":{\"@type\":\"ImageObject\",\"inLanguage\":\"pt-BR\",\"@id\":\"https:\/\/portalraizesnoticias.com.br\/#\/schema\/logo\/image\/\",\"url\":\"https:\/\/portalraizesnoticias.com.br\/wp-content\/uploads\/2024\/09\/cropped-Captura-de-tela-2024-09-08-011108.png\",\"contentUrl\":\"https:\/\/portalraizesnoticias.com.br\/wp-content\/uploads\/2024\/09\/cropped-Captura-de-tela-2024-09-08-011108.png\",\"width\":606,\"height\":173,\"caption\":\"Portal raizes NOTICIAS\"},\"image\":{\"@id\":\"https:\/\/portalraizesnoticias.com.br\/#\/schema\/logo\/image\/\"}},{\"@type\":\"Person\",\"@id\":\"https:\/\/portalraizesnoticias.com.br\/#\/schema\/person\/a3ca6b0fc701e78df19756c417d943ae\",\"name\":\"Portal Raizes\",\"image\":{\"@type\":\"ImageObject\",\"inLanguage\":\"pt-BR\",\"@id\":\"https:\/\/portalraizesnoticias.com.br\/#\/schema\/person\/image\/\",\"url\":\"https:\/\/secure.gravatar.com\/avatar\/ef450d29013a3d3fba867a12a249d7b1?s=96&d=mm&r=g\",\"contentUrl\":\"https:\/\/secure.gravatar.com\/avatar\/ef450d29013a3d3fba867a12a249d7b1?s=96&d=mm&r=g\",\"caption\":\"Portal Raizes\"},\"url\":\"https:\/\/portalraizesnoticias.com.br\/?author=3\"}]}<\/script>\n<!-- \/ Yoast SEO plugin. -->","yoast_head_json":{"title":"Socorrista do \u00c1guia Resgate de Coit\u00e9 auxilia v\u00edtimas em acidente que deixou dois mortos na BA-502 ente S\u00e3o Gon\u00e7alo dos Campos e Concei\u00e7\u00e3o da Feira - Portal raizes noticias","robots":{"index":"index","follow":"follow","max-snippet":"max-snippet:-1","max-image-preview":"max-image-preview:large","max-video-preview":"max-video-preview:-1"},"canonical":"https:\/\/portalraizesnoticias.com.br\/?p=12862","og_locale":"pt_BR","og_type":"article","og_title":"Socorrista do \u00c1guia Resgate de Coit\u00e9 auxilia v\u00edtimas em acidente que deixou dois mortos na BA-502 ente S\u00e3o Gon\u00e7alo dos Campos e Concei\u00e7\u00e3o da Feira - Portal raizes noticias","og_description":"Uma colis\u00e3o entre uma van e uma motocicleta deixou dois mortos na noite desta quarta-feira (15), na BA-502, no trecho entre S\u00e3o Gon\u00e7alo dos Campos e Concei\u00e7\u00e3o da Feira. O acidente envolveu uma van que realiza transporte de passageiros de Cachoeira para Feira de Santana e uma motocicleta. Os dois ocupantes da moto, ambos do sexo masculino, morreram ainda no local devido \u00e0 viol\u00eancia do impacto. Antes mesmo da chegada das equipes oficiais, um socorrista volunt\u00e1rio do \u00c1guia Resgate, Wanderson Almeida, de Concei\u00e7\u00e3o do Coit\u00e9, que passava pela rodovia, parou para prestar atendimento \u00e0s v\u00edtimas, mesmo fora de sua \u00e1rea de atua\u00e7\u00e3o. Ele iniciou os primeiros socorros e deu suporte \u00e0 ocorr\u00eancia at\u00e9 a chegada do Servi\u00e7o de Atendimento M\u00f3vel de Urg\u00eancia (SAMU). Foram acionadas uma Unidade de Suporte B\u00e1sico de S\u00e3o Gon\u00e7alo dos Campos e uma Unidade de Suporte Avan\u00e7ado de Feira de Santana. No entanto, ao chegarem ao local, os profissionais constataram que os ocupantes da motocicleta j\u00e1 n\u00e3o apresentavam sinais vitais. Uma passageira da van ficou ferida, com suspeita de fratura na perna direita e queixas de mal-estar, sendo encaminhada para o hospital municipal de S\u00e3o Gon\u00e7alo dos Campos. A motocicleta ficou completamente destru\u00edda e a parte frontal da van sofreu danos significativos. Uma guarni\u00e7\u00e3o da Pol\u00edcia Rodovi\u00e1ria Estadual esteve no local para organizar o tr\u00e1fego e realizar os procedimentos necess\u00e1rios. As causas do acidente ainda ser\u00e3o investigadas. Reda\u00e7\u00e3o","og_url":"https:\/\/portalraizesnoticias.com.br\/?p=12862","og_site_name":"Portal raizes noticias","article_published_time":"2026-04-16T02:29:41+00:00","article_modified_time":"2026-04-16T02:33:21+00:00","og_image":[{"width":720,"height":926,"url":"https:\/\/portalraizesnoticias.com.br\/wp-content\/uploads\/2026\/04\/IMG-20260415-WA0558.jpg","type":"image\/jpeg"}],"author":"Portal Raizes","twitter_card":"summary_large_image","twitter_misc":{"Escrito por":"Portal Raizes","Est. tempo de leitura":"2 minutos"},"schema":{"@context":"https:\/\/schema.org","@graph":[{"@type":"Article","@id":"https:\/\/portalraizesnoticias.com.br\/?p=12862#article","isPartOf":{"@id":"https:\/\/portalraizesnoticias.com.br\/?p=12862"},"author":{"name":"Portal Raizes","@id":"https:\/\/portalraizesnoticias.com.br\/#\/schema\/person\/a3ca6b0fc701e78df19756c417d943ae"},"headline":"Socorrista do \u00c1guia Resgate de Coit\u00e9 auxilia v\u00edtimas em acidente que deixou dois mortos na BA-502 ente S\u00e3o Gon\u00e7alo dos Campos e Concei\u00e7\u00e3o da Feira","datePublished":"2026-04-16T02:29:41+00:00","dateModified":"2026-04-16T02:33:21+00:00","mainEntityOfPage":{"@id":"https:\/\/portalraizesnoticias.com.br\/?p=12862"},"wordCount":286,"commentCount":0,"publisher":{"@id":"https:\/\/portalraizesnoticias.com.br\/#organization"},"image":{"@id":"https:\/\/portalraizesnoticias.com.br\/?p=12862#primaryimage"},"thumbnailUrl":"https:\/\/portalraizesnoticias.com.br\/wp-content\/uploads\/2026\/04\/IMG-20260415-WA0558.jpg","articleSection":["ACIDENTES","DESTAQUES","ULTIMAS NOTICIAS"],"inLanguage":"pt-BR","potentialAction":[{"@type":"CommentAction","name":"Comment","target":["https:\/\/portalraizesnoticias.com.br\/?p=12862#respond"]}]},{"@type":"WebPage","@id":"https:\/\/portalraizesnoticias.com.br\/?p=12862","url":"https:\/\/portalraizesnoticias.com.br\/?p=12862","name":"Socorrista do \u00c1guia Resgate de Coit\u00e9 auxilia v\u00edtimas em acidente que deixou dois mortos na BA-502 ente S\u00e3o Gon\u00e7alo dos Campos e Concei\u00e7\u00e3o da Feira - Portal raizes noticias","isPartOf":{"@id":"https:\/\/portalraizesnoticias.com.br\/#website"},"primaryImageOfPage":{"@id":"https:\/\/portalraizesnoticias.com.br\/?p=12862#primaryimage"},"image":{"@id":"https:\/\/portalraizesnoticias.com.br\/?p=12862#primaryimage"},"thumbnailUrl":"https:\/\/portalraizesnoticias.com.br\/wp-content\/uploads\/2026\/04\/IMG-20260415-WA0558.jpg","datePublished":"2026-04-16T02:29:41+00:00","dateModified":"2026-04-16T02:33:21+00:00","breadcrumb":{"@id":"https:\/\/portalraizesnoticias.com.br\/?p=12862#breadcrumb"},"inLanguage":"pt-BR","potentialAction":[{"@type":"ReadAction","target":["https:\/\/portalraizesnoticias.com.br\/?p=12862"]}]},{"@type":"ImageObject","inLanguage":"pt-BR","@id":"https:\/\/portalraizesnoticias.com.br\/?p=12862#primaryimage","url":"https:\/\/portalraizesnoticias.com.br\/wp-content\/uploads\/2026\/04\/IMG-20260415-WA0558.jpg","contentUrl":"https:\/\/portalraizesnoticias.com.br\/wp-content\/uploads\/2026\/04\/IMG-20260415-WA0558.jpg","width":720,"height":926},{"@type":"BreadcrumbList","@id":"https:\/\/portalraizesnoticias.com.br\/?p=12862#breadcrumb","itemListElement":[{"@type":"ListItem","position":1,"name":"In\u00edcio","item":"https:\/\/portalraizesnoticias.com.br\/"},{"@type":"ListItem","position":2,"name":"Socorrista do \u00c1guia Resgate de Coit\u00e9 auxilia v\u00edtimas em acidente que deixou dois mortos na BA-502 ente S\u00e3o Gon\u00e7alo dos Campos e Concei\u00e7\u00e3o da Feira"}]},{"@type":"WebSite","@id":"https:\/\/portalraizesnoticias.com.br\/#website","url":"https:\/\/portalraizesnoticias.com.br\/","name":"Portal raizes NOTICIAS","description":"site de noticias de concei\u00e7\u00e3o do coit\u00e9 e regi\u00e3o","publisher":{"@id":"https:\/\/portalraizesnoticias.com.br\/#organization"},"alternateName":"PORTAL RAIZES COIT\u00c9","potentialAction":[{"@type":"SearchAction","target":{"@type":"EntryPoint","urlTemplate":"https:\/\/portalraizesnoticias.com.br\/?s={search_term_string}"},"query-input":{"@type":"PropertyValueSpecification","valueRequired":true,"valueName":"search_term_string"}}],"inLanguage":"pt-BR"},{"@type":"Organization","@id":"https:\/\/portalraizesnoticias.com.br\/#organization","name":"Portal raizes NOTICIAS","url":"https:\/\/portalraizesnoticias.com.br\/","logo":{"@type":"ImageObject","inLanguage":"pt-BR","@id":"https:\/\/portalraizesnoticias.com.br\/#\/schema\/logo\/image\/","url":"https:\/\/portalraizesnoticias.com.br\/wp-content\/uploads\/2024\/09\/cropped-Captura-de-tela-2024-09-08-011108.png","contentUrl":"https:\/\/portalraizesnoticias.com.br\/wp-content\/uploads\/2024\/09\/cropped-Captura-de-tela-2024-09-08-011108.png","width":606,"height":173,"caption":"Portal raizes NOTICIAS"},"image":{"@id":"https:\/\/portalraizesnoticias.com.br\/#\/schema\/logo\/image\/"}},{"@type":"Person","@id":"https:\/\/portalraizesnoticias.com.br\/#\/schema\/person\/a3ca6b0fc701e78df19756c417d943ae","name":"Portal Raizes","image":{"@type":"ImageObject","inLanguage":"pt-BR","@id":"https:\/\/portalraizesnoticias.com.br\/#\/schema\/person\/image\/","url":"https:\/\/secure.gravatar.com\/avatar\/ef450d29013a3d3fba867a12a249d7b1?s=96&d=mm&r=g","contentUrl":"https:\/\/secure.gravatar.com\/avatar\/ef450d29013a3d3fba867a12a249d7b1?s=96&d=mm&r=g","caption":"Portal Raizes"},"url":"https:\/\/portalraizesnoticias.com.br\/?author=3"}]}},"_links":{"self":[{"href":"https:\/\/portalraizesnoticias.com.br\/index.php?rest_route=\/wp\/v2\/posts\/12862"}],"collection":[{"href":"https:\/\/portalraizesnoticias.com.br\/index.php?rest_route=\/wp\/v2\/posts"}],"about":[{"href":"https:\/\/portalraizesnoticias.com.br\/index.php?rest_route=\/wp\/v2\/types\/post"}],"author":[{"embeddable":true,"href":"https:\/\/portalraizesnoticias.com.br\/index.php?rest_route=\/wp\/v2\/users\/3"}],"replies":[{"embeddable":true,"href":"https:\/\/portalraizesnoticias.com.br\/index.php?rest_route=%2Fwp%2Fv2%2Fcomments&post=12862"}],"version-history":[{"count":2,"href":"https:\/\/portalraizesnoticias.com.br\/index.php?rest_route=\/wp\/v2\/posts\/12862\/revisions"}],"predecessor-version":[{"id":12867,"href":"https:\/\/portalraizesnoticias.com.br\/index.php?rest_route=\/wp\/v2\/posts\/12862\/revisions\/12867"}],"wp:featuredmedia":[{"embeddable":true,"href":"https:\/\/portalraizesnoticias.com.br\/index.php?rest_route=\/wp\/v2\/media\/12868"}],"wp:attachment":[{"href":"https:\/\/portalraizesnoticias.com.br\/index.php?rest_route=%2Fwp%2Fv2%2Fmedia&parent=12862"}],"wp:term":[{"taxonomy":"category","embeddable":true,"href":"https:\/\/portalraizesnoticias.com.br\/index.php?rest_route=%2Fwp%2Fv2%2Fcategories&post=12862"},{"taxonomy":"post_tag","embeddable":true,"href":"https:\/\/portalraizesnoticias.com.br\/index.php?rest_route=%2Fwp%2Fv2%2Ftags&post=12862"}],"curies":[{"name":"wp","href":"https:\/\/api.w.org\/{rel}","templated":true}]}}