{"id":12832,"date":"2026-04-14T19:18:51","date_gmt":"2026-04-14T22:18:51","guid":{"rendered":"https:\/\/portalraizesnoticias.com.br\/?p=12832"},"modified":"2026-04-14T19:21:46","modified_gmt":"2026-04-14T22:21:46","slug":"video-desmente-versao-de-manobra-perigosa-em-acidente-na-rua-padre-madureira-em-conceicao-do-coite-fiquei-muito-abalado-diz-vitima","status":"publish","type":"post","link":"https:\/\/portalraizesnoticias.com.br\/?p=12832","title":{"rendered":"V\u00eddeo desmente vers\u00e3o de manobra perigosa em acidente na Rua Padre Madureira em Concei\u00e7\u00e3o do Coit\u00e9; \u201cFiquei muito abalado\u201d, diz v\u00edtima"},"content":{"rendered":"<p>Ap\u00f3s rumores de que o jovem Gustavo Carvalho Lisboa, de 23 anos, teria se acidentado ao empinar a motocicleta que pilotava na Rua Padre Madureira, v\u00eddeos de c\u00e2meras de seguran\u00e7a mostraram uma vers\u00e3o diferente do que foi relatado na tarde desta ter\u00e7a-feira (14).<\/p>\n<p>Em entrevista \u00e0 jornalista Rafaela Rodrigues, Gustavo afirmou que perdeu o controle da moto, subiu no canteiro e acabou se acidentando, sem realizar manobras perigosas.<\/p>\n<p><strong>Veja tamb\u00e9m:\u00a0<a href=\"https:\/\/portalraizesnoticias.com.br\/coite-bebados-ocupam-espaco-de-quem-realmente-precisa-no-hospital-30-casos-foram-registrados-neste-fim-de-semana-caso-marinalva-poderia-ter-sido-diferente\/\">Coit\u00e9: \u201cB\u00eabados\u201d ocupam espa\u00e7o de quem realmente precisa no hospital; 30 casos foram registrados neste fim de semana; caso Marinalva poderia ter sido diferente<\/a><\/strong><\/p>\n<p><strong><a href=\"https:\/\/portalraizesnoticias.com.br\/duas-pessoas-sao-investigadas-por-inserir-cabo-de-vassoura-no-anus-de-morador-em-situacao-de-rua-em-valente-policia-civil-classifica-o-caso-como-lesao-corporal\/\">Duas pessoas s\u00e3o investigadas por inserir cabo de vassoura no \u00e2nus de morador em situa\u00e7\u00e3o de rua em Valente; Pol\u00edcia Civil classifica o caso como les\u00e3o corporal<\/a><\/strong><\/p>\n<p>As imagens de um circuito de monitoramento registraram o momento do acidente e confirmam a vers\u00e3o apresentada pelo jovem, afastando as informa\u00e7\u00f5es inicialmente espalhadas por supostas testemunhas.<\/p>\n<div style=\"width: 320px;\" class=\"wp-video\"><!--[if lt IE 9]><script>document.createElement('video');<\/script><![endif]-->\n<video class=\"wp-video-shortcode\" id=\"video-12832-1\" width=\"320\" height=\"272\" preload=\"metadata\" controls=\"controls\"><source type=\"video\/mp4\" src=\"https:\/\/portalraizesnoticias.com.br\/wp-content\/uploads\/2026\/04\/VID-20260414-WA0174.mp4?_=1\" \/><a href=\"https:\/\/portalraizesnoticias.com.br\/wp-content\/uploads\/2026\/04\/VID-20260414-WA0174.mp4\">https:\/\/portalraizesnoticias.com.br\/wp-content\/uploads\/2026\/04\/VID-20260414-WA0174.mp4<\/a><\/video><\/div>\n<div style=\"width: 960px;\" class=\"wp-video\"><video class=\"wp-video-shortcode\" id=\"video-12832-2\" width=\"960\" height=\"540\" preload=\"metadata\" controls=\"controls\"><source type=\"video\/mp4\" src=\"https:\/\/portalraizesnoticias.com.br\/wp-content\/uploads\/2026\/04\/VID-20260414-WA0162.mp4?_=2\" \/><a href=\"https:\/\/portalraizesnoticias.com.br\/wp-content\/uploads\/2026\/04\/VID-20260414-WA0162.mp4\">https:\/\/portalraizesnoticias.com.br\/wp-content\/uploads\/2026\/04\/VID-20260414-WA0162.mp4<\/a><\/video><\/div>\n<p>Gustavo relatou que ficou bastante abalado com a repercuss\u00e3o das informa\u00e7\u00f5es falsas, mas destacou que, gra\u00e7as \u00e0s imagens do sistema de seguran\u00e7a de uma loja, foi poss\u00edvel esclarecer as reais circunst\u00e2ncias do ocorrido.<\/p>\n<p>Apesar do susto, ele j\u00e1 est\u00e1 em casa, recebeu um ponto no joelho e sofreu escoria\u00e7\u00f5es pelo corpo.<\/p>\n<p>\u201cGra\u00e7as a Deus estou bem e aliviado por conseguir esclarecer toda essa situa\u00e7\u00e3o\u201d, finalizou.<\/p>\n<p>Reda\u00e7\u00e3o<\/p>\n","protected":false},"excerpt":{"rendered":"<p>Ap\u00f3s rumores de que o jovem Gustavo Carvalho Lisboa, de 23 anos, teria se acidentado ao empinar a motocicleta que pilotava na Rua Padre Madureira, v\u00eddeos de c\u00e2meras de seguran\u00e7a mostraram uma vers\u00e3o diferente do que foi relatado na tarde desta ter\u00e7a-feira (14). Em entrevista \u00e0 jornalista Rafaela Rodrigues, Gustavo afirmou que perdeu o controle da moto, subiu no canteiro e acabou se acidentando, sem realizar manobras perigosas. Veja tamb\u00e9m:\u00a0Coit\u00e9: \u201cB\u00eabados\u201d ocupam espa\u00e7o de quem realmente precisa no hospital; 30 casos foram registrados neste fim de semana; caso Marinalva poderia ter sido diferente Duas pessoas s\u00e3o investigadas por inserir cabo de vassoura no \u00e2nus de morador em situa\u00e7\u00e3o de rua em Valente; Pol\u00edcia Civil classifica o caso como les\u00e3o corporal As imagens de um circuito de monitoramento registraram o momento do acidente e confirmam a vers\u00e3o apresentada pelo jovem, afastando as informa\u00e7\u00f5es inicialmente espalhadas por supostas testemunhas. Gustavo relatou que ficou bastante abalado com a repercuss\u00e3o das informa\u00e7\u00f5es falsas, mas destacou que, gra\u00e7as \u00e0s imagens do sistema de seguran\u00e7a de uma loja, foi poss\u00edvel esclarecer as reais circunst\u00e2ncias do ocorrido. Apesar do susto, ele j\u00e1 est\u00e1 em casa, recebeu um ponto no joelho e sofreu escoria\u00e7\u00f5es pelo corpo. \u201cGra\u00e7as a Deus estou bem e aliviado por conseguir esclarecer toda essa situa\u00e7\u00e3o\u201d, finalizou. Reda\u00e7\u00e3o<\/p>\n","protected":false},"author":3,"featured_media":12839,"comment_status":"open","ping_status":"open","sticky":false,"template":"","format":"standard","meta":{"_joinchat":[],"footnotes":""},"categories":[58,55,59],"tags":[],"class_list":["post-12832","post","type-post","status-publish","format-standard","has-post-thumbnail","hentry","category-acidentes","category-destaques","category-ultimas-noticias"],"yoast_head":"<!-- This site is optimized with the Yoast SEO plugin v24.4 - https:\/\/yoast.com\/wordpress\/plugins\/seo\/ -->\n<title>V\u00eddeo desmente vers\u00e3o de manobra perigosa em acidente na Rua Padre Madureira em Concei\u00e7\u00e3o do Coit\u00e9; \u201cFiquei muito abalado\u201d, diz v\u00edtima - Portal raizes noticias<\/title>\n<meta name=\"robots\" content=\"index, follow, max-snippet:-1, max-image-preview:large, max-video-preview:-1\" \/>\n<link rel=\"canonical\" href=\"https:\/\/portalraizesnoticias.com.br\/?p=12832\" \/>\n<meta property=\"og:locale\" content=\"pt_BR\" \/>\n<meta property=\"og:type\" content=\"article\" \/>\n<meta property=\"og:title\" content=\"V\u00eddeo desmente vers\u00e3o de manobra perigosa em acidente na Rua Padre Madureira em Concei\u00e7\u00e3o do Coit\u00e9; \u201cFiquei muito abalado\u201d, diz v\u00edtima - Portal raizes noticias\" \/>\n<meta property=\"og:description\" content=\"Ap\u00f3s rumores de que o jovem Gustavo Carvalho Lisboa, de 23 anos, teria se acidentado ao empinar a motocicleta que pilotava na Rua Padre Madureira, v\u00eddeos de c\u00e2meras de seguran\u00e7a mostraram uma vers\u00e3o diferente do que foi relatado na tarde desta ter\u00e7a-feira (14). Em entrevista \u00e0 jornalista Rafaela Rodrigues, Gustavo afirmou que perdeu o controle da moto, subiu no canteiro e acabou se acidentando, sem realizar manobras perigosas. Veja tamb\u00e9m:\u00a0Coit\u00e9: \u201cB\u00eabados\u201d ocupam espa\u00e7o de quem realmente precisa no hospital; 30 casos foram registrados neste fim de semana; caso Marinalva poderia ter sido diferente Duas pessoas s\u00e3o investigadas por inserir cabo de vassoura no \u00e2nus de morador em situa\u00e7\u00e3o de rua em Valente; Pol\u00edcia Civil classifica o caso como les\u00e3o corporal As imagens de um circuito de monitoramento registraram o momento do acidente e confirmam a vers\u00e3o apresentada pelo jovem, afastando as informa\u00e7\u00f5es inicialmente espalhadas por supostas testemunhas. Gustavo relatou que ficou bastante abalado com a repercuss\u00e3o das informa\u00e7\u00f5es falsas, mas destacou que, gra\u00e7as \u00e0s imagens do sistema de seguran\u00e7a de uma loja, foi poss\u00edvel esclarecer as reais circunst\u00e2ncias do ocorrido. Apesar do susto, ele j\u00e1 est\u00e1 em casa, recebeu um ponto no joelho e sofreu escoria\u00e7\u00f5es pelo corpo. \u201cGra\u00e7as a Deus estou bem e aliviado por conseguir esclarecer toda essa situa\u00e7\u00e3o\u201d, finalizou. Reda\u00e7\u00e3o\" \/>\n<meta property=\"og:url\" content=\"https:\/\/portalraizesnoticias.com.br\/?p=12832\" \/>\n<meta property=\"og:site_name\" content=\"Portal raizes noticias\" \/>\n<meta property=\"article:published_time\" content=\"2026-04-14T22:18:51+00:00\" \/>\n<meta property=\"article:modified_time\" content=\"2026-04-14T22:21:46+00:00\" \/>\n<meta property=\"og:image\" content=\"https:\/\/portalraizesnoticias.com.br\/wp-content\/uploads\/2026\/04\/IMG-20260414-WA0209.jpg\" \/>\n\t<meta property=\"og:image:width\" content=\"899\" \/>\n\t<meta property=\"og:image:height\" content=\"835\" \/>\n\t<meta property=\"og:image:type\" content=\"image\/jpeg\" \/>\n<meta name=\"author\" content=\"Portal Raizes\" \/>\n<meta name=\"twitter:card\" content=\"summary_large_image\" \/>\n<meta name=\"twitter:label1\" content=\"Escrito por\" \/>\n\t<meta name=\"twitter:data1\" content=\"Portal Raizes\" \/>\n\t<meta name=\"twitter:label2\" content=\"Est. tempo de leitura\" \/>\n\t<meta name=\"twitter:data2\" content=\"2 minutos\" \/>\n<script type=\"application\/ld+json\" class=\"yoast-schema-graph\">{\"@context\":\"https:\/\/schema.org\",\"@graph\":[{\"@type\":\"Article\",\"@id\":\"https:\/\/portalraizesnoticias.com.br\/?p=12832#article\",\"isPartOf\":{\"@id\":\"https:\/\/portalraizesnoticias.com.br\/?p=12832\"},\"author\":{\"name\":\"Portal Raizes\",\"@id\":\"https:\/\/portalraizesnoticias.com.br\/#\/schema\/person\/a3ca6b0fc701e78df19756c417d943ae\"},\"headline\":\"V\u00eddeo desmente vers\u00e3o de manobra perigosa em acidente na Rua Padre Madureira em Concei\u00e7\u00e3o do Coit\u00e9; \u201cFiquei muito abalado\u201d, diz v\u00edtima\",\"datePublished\":\"2026-04-14T22:18:51+00:00\",\"dateModified\":\"2026-04-14T22:21:46+00:00\",\"mainEntityOfPage\":{\"@id\":\"https:\/\/portalraizesnoticias.com.br\/?p=12832\"},\"wordCount\":288,\"commentCount\":0,\"publisher\":{\"@id\":\"https:\/\/portalraizesnoticias.com.br\/#organization\"},\"image\":{\"@id\":\"https:\/\/portalraizesnoticias.com.br\/?p=12832#primaryimage\"},\"thumbnailUrl\":\"https:\/\/portalraizesnoticias.com.br\/wp-content\/uploads\/2026\/04\/IMG-20260414-WA0209.jpg\",\"articleSection\":[\"ACIDENTES\",\"DESTAQUES\",\"ULTIMAS NOTICIAS\"],\"inLanguage\":\"pt-BR\",\"potentialAction\":[{\"@type\":\"CommentAction\",\"name\":\"Comment\",\"target\":[\"https:\/\/portalraizesnoticias.com.br\/?p=12832#respond\"]}]},{\"@type\":\"WebPage\",\"@id\":\"https:\/\/portalraizesnoticias.com.br\/?p=12832\",\"url\":\"https:\/\/portalraizesnoticias.com.br\/?p=12832\",\"name\":\"V\u00eddeo desmente vers\u00e3o de manobra perigosa em acidente na Rua Padre Madureira em Concei\u00e7\u00e3o do Coit\u00e9; \u201cFiquei muito abalado\u201d, diz v\u00edtima - Portal raizes noticias\",\"isPartOf\":{\"@id\":\"https:\/\/portalraizesnoticias.com.br\/#website\"},\"primaryImageOfPage\":{\"@id\":\"https:\/\/portalraizesnoticias.com.br\/?p=12832#primaryimage\"},\"image\":{\"@id\":\"https:\/\/portalraizesnoticias.com.br\/?p=12832#primaryimage\"},\"thumbnailUrl\":\"https:\/\/portalraizesnoticias.com.br\/wp-content\/uploads\/2026\/04\/IMG-20260414-WA0209.jpg\",\"datePublished\":\"2026-04-14T22:18:51+00:00\",\"dateModified\":\"2026-04-14T22:21:46+00:00\",\"breadcrumb\":{\"@id\":\"https:\/\/portalraizesnoticias.com.br\/?p=12832#breadcrumb\"},\"inLanguage\":\"pt-BR\",\"potentialAction\":[{\"@type\":\"ReadAction\",\"target\":[\"https:\/\/portalraizesnoticias.com.br\/?p=12832\"]}]},{\"@type\":\"ImageObject\",\"inLanguage\":\"pt-BR\",\"@id\":\"https:\/\/portalraizesnoticias.com.br\/?p=12832#primaryimage\",\"url\":\"https:\/\/portalraizesnoticias.com.br\/wp-content\/uploads\/2026\/04\/IMG-20260414-WA0209.jpg\",\"contentUrl\":\"https:\/\/portalraizesnoticias.com.br\/wp-content\/uploads\/2026\/04\/IMG-20260414-WA0209.jpg\",\"width\":899,\"height\":835},{\"@type\":\"BreadcrumbList\",\"@id\":\"https:\/\/portalraizesnoticias.com.br\/?p=12832#breadcrumb\",\"itemListElement\":[{\"@type\":\"ListItem\",\"position\":1,\"name\":\"In\u00edcio\",\"item\":\"https:\/\/portalraizesnoticias.com.br\/\"},{\"@type\":\"ListItem\",\"position\":2,\"name\":\"V\u00eddeo desmente vers\u00e3o de manobra perigosa em acidente na Rua Padre Madureira em Concei\u00e7\u00e3o do Coit\u00e9; \u201cFiquei muito abalado\u201d, diz v\u00edtima\"}]},{\"@type\":\"WebSite\",\"@id\":\"https:\/\/portalraizesnoticias.com.br\/#website\",\"url\":\"https:\/\/portalraizesnoticias.com.br\/\",\"name\":\"Portal raizes NOTICIAS\",\"description\":\"site de noticias de concei\u00e7\u00e3o do coit\u00e9 e regi\u00e3o\",\"publisher\":{\"@id\":\"https:\/\/portalraizesnoticias.com.br\/#organization\"},\"alternateName\":\"PORTAL RAIZES COIT\u00c9\",\"potentialAction\":[{\"@type\":\"SearchAction\",\"target\":{\"@type\":\"EntryPoint\",\"urlTemplate\":\"https:\/\/portalraizesnoticias.com.br\/?s={search_term_string}\"},\"query-input\":{\"@type\":\"PropertyValueSpecification\",\"valueRequired\":true,\"valueName\":\"search_term_string\"}}],\"inLanguage\":\"pt-BR\"},{\"@type\":\"Organization\",\"@id\":\"https:\/\/portalraizesnoticias.com.br\/#organization\",\"name\":\"Portal raizes NOTICIAS\",\"url\":\"https:\/\/portalraizesnoticias.com.br\/\",\"logo\":{\"@type\":\"ImageObject\",\"inLanguage\":\"pt-BR\",\"@id\":\"https:\/\/portalraizesnoticias.com.br\/#\/schema\/logo\/image\/\",\"url\":\"https:\/\/portalraizesnoticias.com.br\/wp-content\/uploads\/2024\/09\/cropped-Captura-de-tela-2024-09-08-011108.png\",\"contentUrl\":\"https:\/\/portalraizesnoticias.com.br\/wp-content\/uploads\/2024\/09\/cropped-Captura-de-tela-2024-09-08-011108.png\",\"width\":606,\"height\":173,\"caption\":\"Portal raizes NOTICIAS\"},\"image\":{\"@id\":\"https:\/\/portalraizesnoticias.com.br\/#\/schema\/logo\/image\/\"}},{\"@type\":\"Person\",\"@id\":\"https:\/\/portalraizesnoticias.com.br\/#\/schema\/person\/a3ca6b0fc701e78df19756c417d943ae\",\"name\":\"Portal Raizes\",\"image\":{\"@type\":\"ImageObject\",\"inLanguage\":\"pt-BR\",\"@id\":\"https:\/\/portalraizesnoticias.com.br\/#\/schema\/person\/image\/\",\"url\":\"https:\/\/secure.gravatar.com\/avatar\/ef450d29013a3d3fba867a12a249d7b1?s=96&d=mm&r=g\",\"contentUrl\":\"https:\/\/secure.gravatar.com\/avatar\/ef450d29013a3d3fba867a12a249d7b1?s=96&d=mm&r=g\",\"caption\":\"Portal Raizes\"},\"url\":\"https:\/\/portalraizesnoticias.com.br\/?author=3\"}]}<\/script>\n<!-- \/ Yoast SEO plugin. -->","yoast_head_json":{"title":"V\u00eddeo desmente vers\u00e3o de manobra perigosa em acidente na Rua Padre Madureira em Concei\u00e7\u00e3o do Coit\u00e9; \u201cFiquei muito abalado\u201d, diz v\u00edtima - Portal raizes noticias","robots":{"index":"index","follow":"follow","max-snippet":"max-snippet:-1","max-image-preview":"max-image-preview:large","max-video-preview":"max-video-preview:-1"},"canonical":"https:\/\/portalraizesnoticias.com.br\/?p=12832","og_locale":"pt_BR","og_type":"article","og_title":"V\u00eddeo desmente vers\u00e3o de manobra perigosa em acidente na Rua Padre Madureira em Concei\u00e7\u00e3o do Coit\u00e9; \u201cFiquei muito abalado\u201d, diz v\u00edtima - Portal raizes noticias","og_description":"Ap\u00f3s rumores de que o jovem Gustavo Carvalho Lisboa, de 23 anos, teria se acidentado ao empinar a motocicleta que pilotava na Rua Padre Madureira, v\u00eddeos de c\u00e2meras de seguran\u00e7a mostraram uma vers\u00e3o diferente do que foi relatado na tarde desta ter\u00e7a-feira (14). Em entrevista \u00e0 jornalista Rafaela Rodrigues, Gustavo afirmou que perdeu o controle da moto, subiu no canteiro e acabou se acidentando, sem realizar manobras perigosas. Veja tamb\u00e9m:\u00a0Coit\u00e9: \u201cB\u00eabados\u201d ocupam espa\u00e7o de quem realmente precisa no hospital; 30 casos foram registrados neste fim de semana; caso Marinalva poderia ter sido diferente Duas pessoas s\u00e3o investigadas por inserir cabo de vassoura no \u00e2nus de morador em situa\u00e7\u00e3o de rua em Valente; Pol\u00edcia Civil classifica o caso como les\u00e3o corporal As imagens de um circuito de monitoramento registraram o momento do acidente e confirmam a vers\u00e3o apresentada pelo jovem, afastando as informa\u00e7\u00f5es inicialmente espalhadas por supostas testemunhas. Gustavo relatou que ficou bastante abalado com a repercuss\u00e3o das informa\u00e7\u00f5es falsas, mas destacou que, gra\u00e7as \u00e0s imagens do sistema de seguran\u00e7a de uma loja, foi poss\u00edvel esclarecer as reais circunst\u00e2ncias do ocorrido. Apesar do susto, ele j\u00e1 est\u00e1 em casa, recebeu um ponto no joelho e sofreu escoria\u00e7\u00f5es pelo corpo. \u201cGra\u00e7as a Deus estou bem e aliviado por conseguir esclarecer toda essa situa\u00e7\u00e3o\u201d, finalizou. Reda\u00e7\u00e3o","og_url":"https:\/\/portalraizesnoticias.com.br\/?p=12832","og_site_name":"Portal raizes noticias","article_published_time":"2026-04-14T22:18:51+00:00","article_modified_time":"2026-04-14T22:21:46+00:00","og_image":[{"width":899,"height":835,"url":"https:\/\/portalraizesnoticias.com.br\/wp-content\/uploads\/2026\/04\/IMG-20260414-WA0209.jpg","type":"image\/jpeg"}],"author":"Portal Raizes","twitter_card":"summary_large_image","twitter_misc":{"Escrito por":"Portal Raizes","Est. tempo de leitura":"2 minutos"},"schema":{"@context":"https:\/\/schema.org","@graph":[{"@type":"Article","@id":"https:\/\/portalraizesnoticias.com.br\/?p=12832#article","isPartOf":{"@id":"https:\/\/portalraizesnoticias.com.br\/?p=12832"},"author":{"name":"Portal Raizes","@id":"https:\/\/portalraizesnoticias.com.br\/#\/schema\/person\/a3ca6b0fc701e78df19756c417d943ae"},"headline":"V\u00eddeo desmente vers\u00e3o de manobra perigosa em acidente na Rua Padre Madureira em Concei\u00e7\u00e3o do Coit\u00e9; \u201cFiquei muito abalado\u201d, diz v\u00edtima","datePublished":"2026-04-14T22:18:51+00:00","dateModified":"2026-04-14T22:21:46+00:00","mainEntityOfPage":{"@id":"https:\/\/portalraizesnoticias.com.br\/?p=12832"},"wordCount":288,"commentCount":0,"publisher":{"@id":"https:\/\/portalraizesnoticias.com.br\/#organization"},"image":{"@id":"https:\/\/portalraizesnoticias.com.br\/?p=12832#primaryimage"},"thumbnailUrl":"https:\/\/portalraizesnoticias.com.br\/wp-content\/uploads\/2026\/04\/IMG-20260414-WA0209.jpg","articleSection":["ACIDENTES","DESTAQUES","ULTIMAS NOTICIAS"],"inLanguage":"pt-BR","potentialAction":[{"@type":"CommentAction","name":"Comment","target":["https:\/\/portalraizesnoticias.com.br\/?p=12832#respond"]}]},{"@type":"WebPage","@id":"https:\/\/portalraizesnoticias.com.br\/?p=12832","url":"https:\/\/portalraizesnoticias.com.br\/?p=12832","name":"V\u00eddeo desmente vers\u00e3o de manobra perigosa em acidente na Rua Padre Madureira em Concei\u00e7\u00e3o do Coit\u00e9; \u201cFiquei muito abalado\u201d, diz v\u00edtima - Portal raizes noticias","isPartOf":{"@id":"https:\/\/portalraizesnoticias.com.br\/#website"},"primaryImageOfPage":{"@id":"https:\/\/portalraizesnoticias.com.br\/?p=12832#primaryimage"},"image":{"@id":"https:\/\/portalraizesnoticias.com.br\/?p=12832#primaryimage"},"thumbnailUrl":"https:\/\/portalraizesnoticias.com.br\/wp-content\/uploads\/2026\/04\/IMG-20260414-WA0209.jpg","datePublished":"2026-04-14T22:18:51+00:00","dateModified":"2026-04-14T22:21:46+00:00","breadcrumb":{"@id":"https:\/\/portalraizesnoticias.com.br\/?p=12832#breadcrumb"},"inLanguage":"pt-BR","potentialAction":[{"@type":"ReadAction","target":["https:\/\/portalraizesnoticias.com.br\/?p=12832"]}]},{"@type":"ImageObject","inLanguage":"pt-BR","@id":"https:\/\/portalraizesnoticias.com.br\/?p=12832#primaryimage","url":"https:\/\/portalraizesnoticias.com.br\/wp-content\/uploads\/2026\/04\/IMG-20260414-WA0209.jpg","contentUrl":"https:\/\/portalraizesnoticias.com.br\/wp-content\/uploads\/2026\/04\/IMG-20260414-WA0209.jpg","width":899,"height":835},{"@type":"BreadcrumbList","@id":"https:\/\/portalraizesnoticias.com.br\/?p=12832#breadcrumb","itemListElement":[{"@type":"ListItem","position":1,"name":"In\u00edcio","item":"https:\/\/portalraizesnoticias.com.br\/"},{"@type":"ListItem","position":2,"name":"V\u00eddeo desmente vers\u00e3o de manobra perigosa em acidente na Rua Padre Madureira em Concei\u00e7\u00e3o do Coit\u00e9; \u201cFiquei muito abalado\u201d, diz v\u00edtima"}]},{"@type":"WebSite","@id":"https:\/\/portalraizesnoticias.com.br\/#website","url":"https:\/\/portalraizesnoticias.com.br\/","name":"Portal raizes NOTICIAS","description":"site de noticias de concei\u00e7\u00e3o do coit\u00e9 e regi\u00e3o","publisher":{"@id":"https:\/\/portalraizesnoticias.com.br\/#organization"},"alternateName":"PORTAL RAIZES COIT\u00c9","potentialAction":[{"@type":"SearchAction","target":{"@type":"EntryPoint","urlTemplate":"https:\/\/portalraizesnoticias.com.br\/?s={search_term_string}"},"query-input":{"@type":"PropertyValueSpecification","valueRequired":true,"valueName":"search_term_string"}}],"inLanguage":"pt-BR"},{"@type":"Organization","@id":"https:\/\/portalraizesnoticias.com.br\/#organization","name":"Portal raizes NOTICIAS","url":"https:\/\/portalraizesnoticias.com.br\/","logo":{"@type":"ImageObject","inLanguage":"pt-BR","@id":"https:\/\/portalraizesnoticias.com.br\/#\/schema\/logo\/image\/","url":"https:\/\/portalraizesnoticias.com.br\/wp-content\/uploads\/2024\/09\/cropped-Captura-de-tela-2024-09-08-011108.png","contentUrl":"https:\/\/portalraizesnoticias.com.br\/wp-content\/uploads\/2024\/09\/cropped-Captura-de-tela-2024-09-08-011108.png","width":606,"height":173,"caption":"Portal raizes NOTICIAS"},"image":{"@id":"https:\/\/portalraizesnoticias.com.br\/#\/schema\/logo\/image\/"}},{"@type":"Person","@id":"https:\/\/portalraizesnoticias.com.br\/#\/schema\/person\/a3ca6b0fc701e78df19756c417d943ae","name":"Portal Raizes","image":{"@type":"ImageObject","inLanguage":"pt-BR","@id":"https:\/\/portalraizesnoticias.com.br\/#\/schema\/person\/image\/","url":"https:\/\/secure.gravatar.com\/avatar\/ef450d29013a3d3fba867a12a249d7b1?s=96&d=mm&r=g","contentUrl":"https:\/\/secure.gravatar.com\/avatar\/ef450d29013a3d3fba867a12a249d7b1?s=96&d=mm&r=g","caption":"Portal Raizes"},"url":"https:\/\/portalraizesnoticias.com.br\/?author=3"}]}},"_links":{"self":[{"href":"https:\/\/portalraizesnoticias.com.br\/index.php?rest_route=\/wp\/v2\/posts\/12832"}],"collection":[{"href":"https:\/\/portalraizesnoticias.com.br\/index.php?rest_route=\/wp\/v2\/posts"}],"about":[{"href":"https:\/\/portalraizesnoticias.com.br\/index.php?rest_route=\/wp\/v2\/types\/post"}],"author":[{"embeddable":true,"href":"https:\/\/portalraizesnoticias.com.br\/index.php?rest_route=\/wp\/v2\/users\/3"}],"replies":[{"embeddable":true,"href":"https:\/\/portalraizesnoticias.com.br\/index.php?rest_route=%2Fwp%2Fv2%2Fcomments&post=12832"}],"version-history":[{"count":6,"href":"https:\/\/portalraizesnoticias.com.br\/index.php?rest_route=\/wp\/v2\/posts\/12832\/revisions"}],"predecessor-version":[{"id":12842,"href":"https:\/\/portalraizesnoticias.com.br\/index.php?rest_route=\/wp\/v2\/posts\/12832\/revisions\/12842"}],"wp:featuredmedia":[{"embeddable":true,"href":"https:\/\/portalraizesnoticias.com.br\/index.php?rest_route=\/wp\/v2\/media\/12839"}],"wp:attachment":[{"href":"https:\/\/portalraizesnoticias.com.br\/index.php?rest_route=%2Fwp%2Fv2%2Fmedia&parent=12832"}],"wp:term":[{"taxonomy":"category","embeddable":true,"href":"https:\/\/portalraizesnoticias.com.br\/index.php?rest_route=%2Fwp%2Fv2%2Fcategories&post=12832"},{"taxonomy":"post_tag","embeddable":true,"href":"https:\/\/portalraizesnoticias.com.br\/index.php?rest_route=%2Fwp%2Fv2%2Ftags&post=12832"}],"curies":[{"name":"wp","href":"https:\/\/api.w.org\/{rel}","templated":true}]}}