{"id":12760,"date":"2026-04-12T16:38:06","date_gmt":"2026-04-12T19:38:06","guid":{"rendered":"https:\/\/portalraizesnoticias.com.br\/?p=12760"},"modified":"2026-04-12T16:38:06","modified_gmt":"2026-04-12T19:38:06","slug":"homem-e-atingido-por-golpe-de-faca-em-retirolandia","status":"publish","type":"post","link":"https:\/\/portalraizesnoticias.com.br\/?p=12760","title":{"rendered":"Homem \u00e9 atingido por golpe de faca em Retirol\u00e2ndia"},"content":{"rendered":"<p>Um jovem de 20 anos foi v\u00edtima de agress\u00e3o com arma branca na madrugada deste domingo (12), no munic\u00edpio de Retirol\u00e2ndia, na regi\u00e3o sisaleira.<\/p>\n<p><img decoding=\"async\" class=\"size-medium wp-image-11228 aligncenter\" src=\"https:\/\/portalraizesnoticias.com.br\/wp-content\/uploads\/2026\/02\/IMG_8532-300x150.png\" alt=\"\" width=\"300\" height=\"150\" srcset=\"https:\/\/portalraizesnoticias.com.br\/wp-content\/uploads\/2026\/02\/IMG_8532-300x150.png 300w, https:\/\/portalraizesnoticias.com.br\/wp-content\/uploads\/2026\/02\/IMG_8532-1024x512.png 1024w, https:\/\/portalraizesnoticias.com.br\/wp-content\/uploads\/2026\/02\/IMG_8532-768x384.png 768w, https:\/\/portalraizesnoticias.com.br\/wp-content\/uploads\/2026\/02\/IMG_8532-1536x768.png 1536w, https:\/\/portalraizesnoticias.com.br\/wp-content\/uploads\/2026\/02\/IMG_8532-2048x1024.png 2048w\" sizes=\"(max-width: 300px) 100vw, 300px\" \/><\/p>\n<p>Segundo informa\u00e7\u00f5es obtidas pelo Portal Ra\u00edzes junto Pol\u00edcia Militar, a guarni\u00e7\u00e3o foi acionada ap\u00f3s o Hospital Municipal informar a entrada de um paciente com ferimento provocado por faca. No local, a v\u00edtima, A.L relatou que estava ingerindo bebida alco\u00f3lica no bar, quando foi atacada por um indiv\u00edduo<\/p>\n<p>Ainda de acordo com o relato, ap\u00f3s a agress\u00e3o, o suspeito fugiu. Os policiais se deslocaram at\u00e9 o estabelecimento citado, mas o propriet\u00e1rio informou que a confus\u00e3o n\u00e3o ocorreu no bar, e sim na Pra\u00e7a do Pocinho, nas proximidades.<\/p>\n<p>A guarni\u00e7\u00e3o realizou rondas na tentativa de localizar o autor, por\u00e9m, at\u00e9 o momento, ele n\u00e3o foi encontrado. No local do crime, n\u00e3o houve testemunhas dispostas a relatar o ocorrido, possivelmente por receio.<\/p>\n<p>O caso dever\u00e1 ser investigado pela Pol\u00edcia Civil.<\/p>\n<p>Reda\u00e7\u00e3o<\/p>\n","protected":false},"excerpt":{"rendered":"<p>Um jovem de 20 anos foi v\u00edtima de agress\u00e3o com arma branca na madrugada deste domingo (12), no munic\u00edpio de Retirol\u00e2ndia, na regi\u00e3o sisaleira. Segundo informa\u00e7\u00f5es obtidas pelo Portal Ra\u00edzes junto Pol\u00edcia Militar, a guarni\u00e7\u00e3o foi acionada ap\u00f3s o Hospital Municipal informar a entrada de um paciente com ferimento provocado por faca. No local, a v\u00edtima, A.L relatou que estava ingerindo bebida alco\u00f3lica no bar, quando foi atacada por um indiv\u00edduo Ainda de acordo com o relato, ap\u00f3s a agress\u00e3o, o suspeito fugiu. Os policiais se deslocaram at\u00e9 o estabelecimento citado, mas o propriet\u00e1rio informou que a confus\u00e3o n\u00e3o ocorreu no bar, e sim na Pra\u00e7a do Pocinho, nas proximidades. A guarni\u00e7\u00e3o realizou rondas na tentativa de localizar o autor, por\u00e9m, at\u00e9 o momento, ele n\u00e3o foi encontrado. No local do crime, n\u00e3o houve testemunhas dispostas a relatar o ocorrido, possivelmente por receio. O caso dever\u00e1 ser investigado pela Pol\u00edcia Civil. Reda\u00e7\u00e3o<\/p>\n","protected":false},"author":3,"featured_media":8964,"comment_status":"open","ping_status":"open","sticky":false,"template":"","format":"standard","meta":{"_joinchat":[],"footnotes":""},"categories":[55,67,59],"tags":[],"class_list":["post-12760","post","type-post","status-publish","format-standard","has-post-thumbnail","hentry","category-destaques","category-policia","category-ultimas-noticias"],"yoast_head":"<!-- This site is optimized with the Yoast SEO plugin v24.4 - https:\/\/yoast.com\/wordpress\/plugins\/seo\/ -->\n<title>Homem \u00e9 atingido por golpe de faca em Retirol\u00e2ndia - Portal raizes noticias<\/title>\n<meta name=\"robots\" content=\"index, follow, max-snippet:-1, max-image-preview:large, max-video-preview:-1\" \/>\n<link rel=\"canonical\" href=\"https:\/\/portalraizesnoticias.com.br\/?p=12760\" \/>\n<meta property=\"og:locale\" content=\"pt_BR\" \/>\n<meta property=\"og:type\" content=\"article\" \/>\n<meta property=\"og:title\" content=\"Homem \u00e9 atingido por golpe de faca em Retirol\u00e2ndia - Portal raizes noticias\" \/>\n<meta property=\"og:description\" content=\"Um jovem de 20 anos foi v\u00edtima de agress\u00e3o com arma branca na madrugada deste domingo (12), no munic\u00edpio de Retirol\u00e2ndia, na regi\u00e3o sisaleira. Segundo informa\u00e7\u00f5es obtidas pelo Portal Ra\u00edzes junto Pol\u00edcia Militar, a guarni\u00e7\u00e3o foi acionada ap\u00f3s o Hospital Municipal informar a entrada de um paciente com ferimento provocado por faca. No local, a v\u00edtima, A.L relatou que estava ingerindo bebida alco\u00f3lica no bar, quando foi atacada por um indiv\u00edduo Ainda de acordo com o relato, ap\u00f3s a agress\u00e3o, o suspeito fugiu. Os policiais se deslocaram at\u00e9 o estabelecimento citado, mas o propriet\u00e1rio informou que a confus\u00e3o n\u00e3o ocorreu no bar, e sim na Pra\u00e7a do Pocinho, nas proximidades. A guarni\u00e7\u00e3o realizou rondas na tentativa de localizar o autor, por\u00e9m, at\u00e9 o momento, ele n\u00e3o foi encontrado. No local do crime, n\u00e3o houve testemunhas dispostas a relatar o ocorrido, possivelmente por receio. O caso dever\u00e1 ser investigado pela Pol\u00edcia Civil. Reda\u00e7\u00e3o\" \/>\n<meta property=\"og:url\" content=\"https:\/\/portalraizesnoticias.com.br\/?p=12760\" \/>\n<meta property=\"og:site_name\" content=\"Portal raizes noticias\" \/>\n<meta property=\"article:published_time\" content=\"2026-04-12T19:38:06+00:00\" \/>\n<meta property=\"og:image\" content=\"https:\/\/portalraizesnoticias.com.br\/wp-content\/uploads\/2025\/10\/faca_de_cozinha_7_cabo_de_madeira_sq_3106_3439_1_f3113cdae058070d667f5fb17310895e.jpg\" \/>\n\t<meta property=\"og:image:width\" content=\"500\" \/>\n\t<meta property=\"og:image:height\" content=\"500\" \/>\n\t<meta property=\"og:image:type\" content=\"image\/jpeg\" \/>\n<meta name=\"author\" content=\"Portal Raizes\" \/>\n<meta name=\"twitter:card\" content=\"summary_large_image\" \/>\n<meta name=\"twitter:label1\" content=\"Escrito por\" \/>\n\t<meta name=\"twitter:data1\" content=\"Portal Raizes\" \/>\n\t<meta name=\"twitter:label2\" content=\"Est. tempo de leitura\" \/>\n\t<meta name=\"twitter:data2\" content=\"2 minutos\" \/>\n<script type=\"application\/ld+json\" class=\"yoast-schema-graph\">{\"@context\":\"https:\/\/schema.org\",\"@graph\":[{\"@type\":\"Article\",\"@id\":\"https:\/\/portalraizesnoticias.com.br\/?p=12760#article\",\"isPartOf\":{\"@id\":\"https:\/\/portalraizesnoticias.com.br\/?p=12760\"},\"author\":{\"name\":\"Portal Raizes\",\"@id\":\"https:\/\/portalraizesnoticias.com.br\/#\/schema\/person\/a3ca6b0fc701e78df19756c417d943ae\"},\"headline\":\"Homem \u00e9 atingido por golpe de faca em Retirol\u00e2ndia\",\"datePublished\":\"2026-04-12T19:38:06+00:00\",\"mainEntityOfPage\":{\"@id\":\"https:\/\/portalraizesnoticias.com.br\/?p=12760\"},\"wordCount\":185,\"commentCount\":0,\"publisher\":{\"@id\":\"https:\/\/portalraizesnoticias.com.br\/#organization\"},\"image\":{\"@id\":\"https:\/\/portalraizesnoticias.com.br\/?p=12760#primaryimage\"},\"thumbnailUrl\":\"https:\/\/portalraizesnoticias.com.br\/wp-content\/uploads\/2025\/10\/faca_de_cozinha_7_cabo_de_madeira_sq_3106_3439_1_f3113cdae058070d667f5fb17310895e.jpg\",\"articleSection\":[\"DESTAQUES\",\"POLICIA\",\"ULTIMAS NOTICIAS\"],\"inLanguage\":\"pt-BR\",\"potentialAction\":[{\"@type\":\"CommentAction\",\"name\":\"Comment\",\"target\":[\"https:\/\/portalraizesnoticias.com.br\/?p=12760#respond\"]}]},{\"@type\":\"WebPage\",\"@id\":\"https:\/\/portalraizesnoticias.com.br\/?p=12760\",\"url\":\"https:\/\/portalraizesnoticias.com.br\/?p=12760\",\"name\":\"Homem \u00e9 atingido por golpe de faca em Retirol\u00e2ndia - Portal raizes noticias\",\"isPartOf\":{\"@id\":\"https:\/\/portalraizesnoticias.com.br\/#website\"},\"primaryImageOfPage\":{\"@id\":\"https:\/\/portalraizesnoticias.com.br\/?p=12760#primaryimage\"},\"image\":{\"@id\":\"https:\/\/portalraizesnoticias.com.br\/?p=12760#primaryimage\"},\"thumbnailUrl\":\"https:\/\/portalraizesnoticias.com.br\/wp-content\/uploads\/2025\/10\/faca_de_cozinha_7_cabo_de_madeira_sq_3106_3439_1_f3113cdae058070d667f5fb17310895e.jpg\",\"datePublished\":\"2026-04-12T19:38:06+00:00\",\"breadcrumb\":{\"@id\":\"https:\/\/portalraizesnoticias.com.br\/?p=12760#breadcrumb\"},\"inLanguage\":\"pt-BR\",\"potentialAction\":[{\"@type\":\"ReadAction\",\"target\":[\"https:\/\/portalraizesnoticias.com.br\/?p=12760\"]}]},{\"@type\":\"ImageObject\",\"inLanguage\":\"pt-BR\",\"@id\":\"https:\/\/portalraizesnoticias.com.br\/?p=12760#primaryimage\",\"url\":\"https:\/\/portalraizesnoticias.com.br\/wp-content\/uploads\/2025\/10\/faca_de_cozinha_7_cabo_de_madeira_sq_3106_3439_1_f3113cdae058070d667f5fb17310895e.jpg\",\"contentUrl\":\"https:\/\/portalraizesnoticias.com.br\/wp-content\/uploads\/2025\/10\/faca_de_cozinha_7_cabo_de_madeira_sq_3106_3439_1_f3113cdae058070d667f5fb17310895e.jpg\",\"width\":500,\"height\":500},{\"@type\":\"BreadcrumbList\",\"@id\":\"https:\/\/portalraizesnoticias.com.br\/?p=12760#breadcrumb\",\"itemListElement\":[{\"@type\":\"ListItem\",\"position\":1,\"name\":\"In\u00edcio\",\"item\":\"https:\/\/portalraizesnoticias.com.br\/\"},{\"@type\":\"ListItem\",\"position\":2,\"name\":\"Homem \u00e9 atingido por golpe de faca em Retirol\u00e2ndia\"}]},{\"@type\":\"WebSite\",\"@id\":\"https:\/\/portalraizesnoticias.com.br\/#website\",\"url\":\"https:\/\/portalraizesnoticias.com.br\/\",\"name\":\"Portal raizes NOTICIAS\",\"description\":\"site de noticias de concei\u00e7\u00e3o do coit\u00e9 e regi\u00e3o\",\"publisher\":{\"@id\":\"https:\/\/portalraizesnoticias.com.br\/#organization\"},\"alternateName\":\"PORTAL RAIZES COIT\u00c9\",\"potentialAction\":[{\"@type\":\"SearchAction\",\"target\":{\"@type\":\"EntryPoint\",\"urlTemplate\":\"https:\/\/portalraizesnoticias.com.br\/?s={search_term_string}\"},\"query-input\":{\"@type\":\"PropertyValueSpecification\",\"valueRequired\":true,\"valueName\":\"search_term_string\"}}],\"inLanguage\":\"pt-BR\"},{\"@type\":\"Organization\",\"@id\":\"https:\/\/portalraizesnoticias.com.br\/#organization\",\"name\":\"Portal raizes NOTICIAS\",\"url\":\"https:\/\/portalraizesnoticias.com.br\/\",\"logo\":{\"@type\":\"ImageObject\",\"inLanguage\":\"pt-BR\",\"@id\":\"https:\/\/portalraizesnoticias.com.br\/#\/schema\/logo\/image\/\",\"url\":\"https:\/\/portalraizesnoticias.com.br\/wp-content\/uploads\/2024\/09\/cropped-Captura-de-tela-2024-09-08-011108.png\",\"contentUrl\":\"https:\/\/portalraizesnoticias.com.br\/wp-content\/uploads\/2024\/09\/cropped-Captura-de-tela-2024-09-08-011108.png\",\"width\":606,\"height\":173,\"caption\":\"Portal raizes NOTICIAS\"},\"image\":{\"@id\":\"https:\/\/portalraizesnoticias.com.br\/#\/schema\/logo\/image\/\"}},{\"@type\":\"Person\",\"@id\":\"https:\/\/portalraizesnoticias.com.br\/#\/schema\/person\/a3ca6b0fc701e78df19756c417d943ae\",\"name\":\"Portal Raizes\",\"image\":{\"@type\":\"ImageObject\",\"inLanguage\":\"pt-BR\",\"@id\":\"https:\/\/portalraizesnoticias.com.br\/#\/schema\/person\/image\/\",\"url\":\"https:\/\/secure.gravatar.com\/avatar\/ef450d29013a3d3fba867a12a249d7b1?s=96&d=mm&r=g\",\"contentUrl\":\"https:\/\/secure.gravatar.com\/avatar\/ef450d29013a3d3fba867a12a249d7b1?s=96&d=mm&r=g\",\"caption\":\"Portal Raizes\"},\"url\":\"https:\/\/portalraizesnoticias.com.br\/?author=3\"}]}<\/script>\n<!-- \/ Yoast SEO plugin. -->","yoast_head_json":{"title":"Homem \u00e9 atingido por golpe de faca em Retirol\u00e2ndia - Portal raizes noticias","robots":{"index":"index","follow":"follow","max-snippet":"max-snippet:-1","max-image-preview":"max-image-preview:large","max-video-preview":"max-video-preview:-1"},"canonical":"https:\/\/portalraizesnoticias.com.br\/?p=12760","og_locale":"pt_BR","og_type":"article","og_title":"Homem \u00e9 atingido por golpe de faca em Retirol\u00e2ndia - Portal raizes noticias","og_description":"Um jovem de 20 anos foi v\u00edtima de agress\u00e3o com arma branca na madrugada deste domingo (12), no munic\u00edpio de Retirol\u00e2ndia, na regi\u00e3o sisaleira. Segundo informa\u00e7\u00f5es obtidas pelo Portal Ra\u00edzes junto Pol\u00edcia Militar, a guarni\u00e7\u00e3o foi acionada ap\u00f3s o Hospital Municipal informar a entrada de um paciente com ferimento provocado por faca. No local, a v\u00edtima, A.L relatou que estava ingerindo bebida alco\u00f3lica no bar, quando foi atacada por um indiv\u00edduo Ainda de acordo com o relato, ap\u00f3s a agress\u00e3o, o suspeito fugiu. Os policiais se deslocaram at\u00e9 o estabelecimento citado, mas o propriet\u00e1rio informou que a confus\u00e3o n\u00e3o ocorreu no bar, e sim na Pra\u00e7a do Pocinho, nas proximidades. A guarni\u00e7\u00e3o realizou rondas na tentativa de localizar o autor, por\u00e9m, at\u00e9 o momento, ele n\u00e3o foi encontrado. No local do crime, n\u00e3o houve testemunhas dispostas a relatar o ocorrido, possivelmente por receio. O caso dever\u00e1 ser investigado pela Pol\u00edcia Civil. Reda\u00e7\u00e3o","og_url":"https:\/\/portalraizesnoticias.com.br\/?p=12760","og_site_name":"Portal raizes noticias","article_published_time":"2026-04-12T19:38:06+00:00","og_image":[{"width":500,"height":500,"url":"https:\/\/portalraizesnoticias.com.br\/wp-content\/uploads\/2025\/10\/faca_de_cozinha_7_cabo_de_madeira_sq_3106_3439_1_f3113cdae058070d667f5fb17310895e.jpg","type":"image\/jpeg"}],"author":"Portal Raizes","twitter_card":"summary_large_image","twitter_misc":{"Escrito por":"Portal Raizes","Est. tempo de leitura":"2 minutos"},"schema":{"@context":"https:\/\/schema.org","@graph":[{"@type":"Article","@id":"https:\/\/portalraizesnoticias.com.br\/?p=12760#article","isPartOf":{"@id":"https:\/\/portalraizesnoticias.com.br\/?p=12760"},"author":{"name":"Portal Raizes","@id":"https:\/\/portalraizesnoticias.com.br\/#\/schema\/person\/a3ca6b0fc701e78df19756c417d943ae"},"headline":"Homem \u00e9 atingido por golpe de faca em Retirol\u00e2ndia","datePublished":"2026-04-12T19:38:06+00:00","mainEntityOfPage":{"@id":"https:\/\/portalraizesnoticias.com.br\/?p=12760"},"wordCount":185,"commentCount":0,"publisher":{"@id":"https:\/\/portalraizesnoticias.com.br\/#organization"},"image":{"@id":"https:\/\/portalraizesnoticias.com.br\/?p=12760#primaryimage"},"thumbnailUrl":"https:\/\/portalraizesnoticias.com.br\/wp-content\/uploads\/2025\/10\/faca_de_cozinha_7_cabo_de_madeira_sq_3106_3439_1_f3113cdae058070d667f5fb17310895e.jpg","articleSection":["DESTAQUES","POLICIA","ULTIMAS NOTICIAS"],"inLanguage":"pt-BR","potentialAction":[{"@type":"CommentAction","name":"Comment","target":["https:\/\/portalraizesnoticias.com.br\/?p=12760#respond"]}]},{"@type":"WebPage","@id":"https:\/\/portalraizesnoticias.com.br\/?p=12760","url":"https:\/\/portalraizesnoticias.com.br\/?p=12760","name":"Homem \u00e9 atingido por golpe de faca em Retirol\u00e2ndia - Portal raizes noticias","isPartOf":{"@id":"https:\/\/portalraizesnoticias.com.br\/#website"},"primaryImageOfPage":{"@id":"https:\/\/portalraizesnoticias.com.br\/?p=12760#primaryimage"},"image":{"@id":"https:\/\/portalraizesnoticias.com.br\/?p=12760#primaryimage"},"thumbnailUrl":"https:\/\/portalraizesnoticias.com.br\/wp-content\/uploads\/2025\/10\/faca_de_cozinha_7_cabo_de_madeira_sq_3106_3439_1_f3113cdae058070d667f5fb17310895e.jpg","datePublished":"2026-04-12T19:38:06+00:00","breadcrumb":{"@id":"https:\/\/portalraizesnoticias.com.br\/?p=12760#breadcrumb"},"inLanguage":"pt-BR","potentialAction":[{"@type":"ReadAction","target":["https:\/\/portalraizesnoticias.com.br\/?p=12760"]}]},{"@type":"ImageObject","inLanguage":"pt-BR","@id":"https:\/\/portalraizesnoticias.com.br\/?p=12760#primaryimage","url":"https:\/\/portalraizesnoticias.com.br\/wp-content\/uploads\/2025\/10\/faca_de_cozinha_7_cabo_de_madeira_sq_3106_3439_1_f3113cdae058070d667f5fb17310895e.jpg","contentUrl":"https:\/\/portalraizesnoticias.com.br\/wp-content\/uploads\/2025\/10\/faca_de_cozinha_7_cabo_de_madeira_sq_3106_3439_1_f3113cdae058070d667f5fb17310895e.jpg","width":500,"height":500},{"@type":"BreadcrumbList","@id":"https:\/\/portalraizesnoticias.com.br\/?p=12760#breadcrumb","itemListElement":[{"@type":"ListItem","position":1,"name":"In\u00edcio","item":"https:\/\/portalraizesnoticias.com.br\/"},{"@type":"ListItem","position":2,"name":"Homem \u00e9 atingido por golpe de faca em Retirol\u00e2ndia"}]},{"@type":"WebSite","@id":"https:\/\/portalraizesnoticias.com.br\/#website","url":"https:\/\/portalraizesnoticias.com.br\/","name":"Portal raizes NOTICIAS","description":"site de noticias de concei\u00e7\u00e3o do coit\u00e9 e regi\u00e3o","publisher":{"@id":"https:\/\/portalraizesnoticias.com.br\/#organization"},"alternateName":"PORTAL RAIZES COIT\u00c9","potentialAction":[{"@type":"SearchAction","target":{"@type":"EntryPoint","urlTemplate":"https:\/\/portalraizesnoticias.com.br\/?s={search_term_string}"},"query-input":{"@type":"PropertyValueSpecification","valueRequired":true,"valueName":"search_term_string"}}],"inLanguage":"pt-BR"},{"@type":"Organization","@id":"https:\/\/portalraizesnoticias.com.br\/#organization","name":"Portal raizes NOTICIAS","url":"https:\/\/portalraizesnoticias.com.br\/","logo":{"@type":"ImageObject","inLanguage":"pt-BR","@id":"https:\/\/portalraizesnoticias.com.br\/#\/schema\/logo\/image\/","url":"https:\/\/portalraizesnoticias.com.br\/wp-content\/uploads\/2024\/09\/cropped-Captura-de-tela-2024-09-08-011108.png","contentUrl":"https:\/\/portalraizesnoticias.com.br\/wp-content\/uploads\/2024\/09\/cropped-Captura-de-tela-2024-09-08-011108.png","width":606,"height":173,"caption":"Portal raizes NOTICIAS"},"image":{"@id":"https:\/\/portalraizesnoticias.com.br\/#\/schema\/logo\/image\/"}},{"@type":"Person","@id":"https:\/\/portalraizesnoticias.com.br\/#\/schema\/person\/a3ca6b0fc701e78df19756c417d943ae","name":"Portal Raizes","image":{"@type":"ImageObject","inLanguage":"pt-BR","@id":"https:\/\/portalraizesnoticias.com.br\/#\/schema\/person\/image\/","url":"https:\/\/secure.gravatar.com\/avatar\/ef450d29013a3d3fba867a12a249d7b1?s=96&d=mm&r=g","contentUrl":"https:\/\/secure.gravatar.com\/avatar\/ef450d29013a3d3fba867a12a249d7b1?s=96&d=mm&r=g","caption":"Portal Raizes"},"url":"https:\/\/portalraizesnoticias.com.br\/?author=3"}]}},"_links":{"self":[{"href":"https:\/\/portalraizesnoticias.com.br\/index.php?rest_route=\/wp\/v2\/posts\/12760"}],"collection":[{"href":"https:\/\/portalraizesnoticias.com.br\/index.php?rest_route=\/wp\/v2\/posts"}],"about":[{"href":"https:\/\/portalraizesnoticias.com.br\/index.php?rest_route=\/wp\/v2\/types\/post"}],"author":[{"embeddable":true,"href":"https:\/\/portalraizesnoticias.com.br\/index.php?rest_route=\/wp\/v2\/users\/3"}],"replies":[{"embeddable":true,"href":"https:\/\/portalraizesnoticias.com.br\/index.php?rest_route=%2Fwp%2Fv2%2Fcomments&post=12760"}],"version-history":[{"count":2,"href":"https:\/\/portalraizesnoticias.com.br\/index.php?rest_route=\/wp\/v2\/posts\/12760\/revisions"}],"predecessor-version":[{"id":12762,"href":"https:\/\/portalraizesnoticias.com.br\/index.php?rest_route=\/wp\/v2\/posts\/12760\/revisions\/12762"}],"wp:featuredmedia":[{"embeddable":true,"href":"https:\/\/portalraizesnoticias.com.br\/index.php?rest_route=\/wp\/v2\/media\/8964"}],"wp:attachment":[{"href":"https:\/\/portalraizesnoticias.com.br\/index.php?rest_route=%2Fwp%2Fv2%2Fmedia&parent=12760"}],"wp:term":[{"taxonomy":"category","embeddable":true,"href":"https:\/\/portalraizesnoticias.com.br\/index.php?rest_route=%2Fwp%2Fv2%2Fcategories&post=12760"},{"taxonomy":"post_tag","embeddable":true,"href":"https:\/\/portalraizesnoticias.com.br\/index.php?rest_route=%2Fwp%2Fv2%2Ftags&post=12760"}],"curies":[{"name":"wp","href":"https:\/\/api.w.org\/{rel}","templated":true}]}}