{"id":12715,"date":"2026-04-11T01:11:14","date_gmt":"2026-04-11T04:11:14","guid":{"rendered":"https:\/\/portalraizesnoticias.com.br\/?p=12715"},"modified":"2026-04-11T01:11:14","modified_gmt":"2026-04-11T04:11:14","slug":"homem-e-espancado-a-socos-e-a-mae-e-ameacada-durante-confusao-na-zona-rural-de-conceicao-do-coite-suspeitos-seriam-irmaos","status":"publish","type":"post","link":"https:\/\/portalraizesnoticias.com.br\/?p=12715","title":{"rendered":"Homem \u00e9 espancado a socos e a m\u00e3e \u00e9 amea\u00e7ada durante confus\u00e3o na zona rural de Concei\u00e7\u00e3o do Coit\u00e9; suspeitos seriam irm\u00e3os"},"content":{"rendered":"<p>Um homem de 30 anos foi v\u00edtima de agress\u00e3o f\u00edsica na tarde desta sexta-feira (10), na Fazenda Lagoa do Barro, pr\u00f3ximo a um posto de combust\u00edvel, zona rural de Concei\u00e7\u00e3o do Coit\u00e9.<\/p>\n<p>De acordo com informa\u00e7\u00f5es da Pol\u00edcia Militar, a guarni\u00e7\u00e3o da 4\u00aa Companhia foi acionada pela central por volta das 16h50. No local, o homem F. M, Felatou que foi agredido com socos por dois suspeitos, enquanto estava em frente \u00e0 pr\u00f3pria resid\u00eancia. Segundo o relato, os suspeitos apresentavam sinais de embriaguez alco\u00f3lica e teriam iniciado as agress\u00f5es sem motivo aparente, causando les\u00f5es na regi\u00e3o do rosto.<\/p>\n<p><img decoding=\"async\" class=\"size-medium wp-image-11228 aligncenter\" src=\"https:\/\/portalraizesnoticias.com.br\/wp-content\/uploads\/2026\/02\/IMG_8532-300x150.png\" alt=\"\" width=\"300\" height=\"150\" srcset=\"https:\/\/portalraizesnoticias.com.br\/wp-content\/uploads\/2026\/02\/IMG_8532-300x150.png 300w, https:\/\/portalraizesnoticias.com.br\/wp-content\/uploads\/2026\/02\/IMG_8532-1024x512.png 1024w, https:\/\/portalraizesnoticias.com.br\/wp-content\/uploads\/2026\/02\/IMG_8532-768x384.png 768w, https:\/\/portalraizesnoticias.com.br\/wp-content\/uploads\/2026\/02\/IMG_8532-1536x768.png 1536w, https:\/\/portalraizesnoticias.com.br\/wp-content\/uploads\/2026\/02\/IMG_8532-2048x1024.png 2048w\" sizes=\"(max-width: 300px) 100vw, 300px\" \/><\/p>\n<p>Ainda conforme a ocorr\u00eancia, a m\u00e3e da v\u00edtima de 60 anos, tentou intervir para cessar as agress\u00f5es, mas tamb\u00e9m teria sido amea\u00e7ada pelos suspeitos. Ela informou ainda que h\u00e1 um hist\u00f3rico de desentendimentos entre as partes.<\/p>\n<p>A Pol\u00edcia Militar realizou rondas na regi\u00e3o e chegou a se deslocar at\u00e9 poss\u00edveis locais onde os suspeitos poderiam estar, por\u00e9m eles n\u00e3o foram localizados.<\/p>\n<p><img fetchpriority=\"high\" decoding=\"async\" class=\"size-medium wp-image-9058 aligncenter\" src=\"https:\/\/portalraizesnoticias.com.br\/wp-content\/uploads\/2025\/10\/M.I-laranja-branco_page-0001-1536x1075-1-300x210.jpg\" alt=\"\" width=\"300\" height=\"210\" srcset=\"https:\/\/portalraizesnoticias.com.br\/wp-content\/uploads\/2025\/10\/M.I-laranja-branco_page-0001-1536x1075-1-300x210.jpg 300w, https:\/\/portalraizesnoticias.com.br\/wp-content\/uploads\/2025\/10\/M.I-laranja-branco_page-0001-1536x1075-1-1024x717.jpg 1024w, https:\/\/portalraizesnoticias.com.br\/wp-content\/uploads\/2025\/10\/M.I-laranja-branco_page-0001-1536x1075-1-768x538.jpg 768w, https:\/\/portalraizesnoticias.com.br\/wp-content\/uploads\/2025\/10\/M.I-laranja-branco_page-0001-1536x1075-1.jpg 1536w\" sizes=\"(max-width: 300px) 100vw, 300px\" \/><\/p>\n<p style=\"text-align: center;\"><strong>PUBLICIDADE<\/strong><\/p>\n<p>As v\u00edtimas foram orientadas a registrar a ocorr\u00eancia na Delegacia Territorial para ado\u00e7\u00e3o das medidas legais cab\u00edveis.<\/p>\n<p>O caso dever\u00e1 ser apurado pela Pol\u00edcia Civil.<\/p>\n<p>Reda\u00e7\u00e3o<\/p>\n<p>Foto: Ilustra\u00e7\u00e3o<\/p>\n","protected":false},"excerpt":{"rendered":"<p>Um homem de 30 anos foi v\u00edtima de agress\u00e3o f\u00edsica na tarde desta sexta-feira (10), na Fazenda Lagoa do Barro, pr\u00f3ximo a um posto de combust\u00edvel, zona rural de Concei\u00e7\u00e3o do Coit\u00e9. De acordo com informa\u00e7\u00f5es da Pol\u00edcia Militar, a guarni\u00e7\u00e3o da 4\u00aa Companhia foi acionada pela central por volta das 16h50. No local, o homem F. M, Felatou que foi agredido com socos por dois suspeitos, enquanto estava em frente \u00e0 pr\u00f3pria resid\u00eancia. Segundo o relato, os suspeitos apresentavam sinais de embriaguez alco\u00f3lica e teriam iniciado as agress\u00f5es sem motivo aparente, causando les\u00f5es na regi\u00e3o do rosto. Ainda conforme a ocorr\u00eancia, a m\u00e3e da v\u00edtima de 60 anos, tentou intervir para cessar as agress\u00f5es, mas tamb\u00e9m teria sido amea\u00e7ada pelos suspeitos. Ela informou ainda que h\u00e1 um hist\u00f3rico de desentendimentos entre as partes. A Pol\u00edcia Militar realizou rondas na regi\u00e3o e chegou a se deslocar at\u00e9 poss\u00edveis locais onde os suspeitos poderiam estar, por\u00e9m eles n\u00e3o foram localizados. PUBLICIDADE As v\u00edtimas foram orientadas a registrar a ocorr\u00eancia na Delegacia Territorial para ado\u00e7\u00e3o das medidas legais cab\u00edveis. O caso dever\u00e1 ser apurado pela Pol\u00edcia Civil. Reda\u00e7\u00e3o Foto: Ilustra\u00e7\u00e3o<\/p>\n","protected":false},"author":3,"featured_media":2340,"comment_status":"open","ping_status":"open","sticky":false,"template":"","format":"standard","meta":{"_joinchat":[],"footnotes":""},"categories":[55,67,59],"tags":[],"class_list":["post-12715","post","type-post","status-publish","format-standard","has-post-thumbnail","hentry","category-destaques","category-policia","category-ultimas-noticias"],"yoast_head":"<!-- This site is optimized with the Yoast SEO plugin v24.4 - https:\/\/yoast.com\/wordpress\/plugins\/seo\/ -->\n<title>Homem \u00e9 espancado a socos e a m\u00e3e \u00e9 amea\u00e7ada durante confus\u00e3o na zona rural de Concei\u00e7\u00e3o do Coit\u00e9; suspeitos seriam irm\u00e3os - Portal raizes noticias<\/title>\n<meta name=\"robots\" content=\"index, follow, max-snippet:-1, max-image-preview:large, max-video-preview:-1\" \/>\n<link rel=\"canonical\" href=\"https:\/\/portalraizesnoticias.com.br\/?p=12715\" \/>\n<meta property=\"og:locale\" content=\"pt_BR\" \/>\n<meta property=\"og:type\" content=\"article\" \/>\n<meta property=\"og:title\" content=\"Homem \u00e9 espancado a socos e a m\u00e3e \u00e9 amea\u00e7ada durante confus\u00e3o na zona rural de Concei\u00e7\u00e3o do Coit\u00e9; suspeitos seriam irm\u00e3os - Portal raizes noticias\" \/>\n<meta property=\"og:description\" content=\"Um homem de 30 anos foi v\u00edtima de agress\u00e3o f\u00edsica na tarde desta sexta-feira (10), na Fazenda Lagoa do Barro, pr\u00f3ximo a um posto de combust\u00edvel, zona rural de Concei\u00e7\u00e3o do Coit\u00e9. De acordo com informa\u00e7\u00f5es da Pol\u00edcia Militar, a guarni\u00e7\u00e3o da 4\u00aa Companhia foi acionada pela central por volta das 16h50. No local, o homem F. M, Felatou que foi agredido com socos por dois suspeitos, enquanto estava em frente \u00e0 pr\u00f3pria resid\u00eancia. Segundo o relato, os suspeitos apresentavam sinais de embriaguez alco\u00f3lica e teriam iniciado as agress\u00f5es sem motivo aparente, causando les\u00f5es na regi\u00e3o do rosto. Ainda conforme a ocorr\u00eancia, a m\u00e3e da v\u00edtima de 60 anos, tentou intervir para cessar as agress\u00f5es, mas tamb\u00e9m teria sido amea\u00e7ada pelos suspeitos. Ela informou ainda que h\u00e1 um hist\u00f3rico de desentendimentos entre as partes. A Pol\u00edcia Militar realizou rondas na regi\u00e3o e chegou a se deslocar at\u00e9 poss\u00edveis locais onde os suspeitos poderiam estar, por\u00e9m eles n\u00e3o foram localizados. PUBLICIDADE As v\u00edtimas foram orientadas a registrar a ocorr\u00eancia na Delegacia Territorial para ado\u00e7\u00e3o das medidas legais cab\u00edveis. O caso dever\u00e1 ser apurado pela Pol\u00edcia Civil. Reda\u00e7\u00e3o Foto: Ilustra\u00e7\u00e3o\" \/>\n<meta property=\"og:url\" content=\"https:\/\/portalraizesnoticias.com.br\/?p=12715\" \/>\n<meta property=\"og:site_name\" content=\"Portal raizes noticias\" \/>\n<meta property=\"article:published_time\" content=\"2026-04-11T04:11:14+00:00\" \/>\n<meta property=\"og:image\" content=\"https:\/\/portalraizesnoticias.com.br\/wp-content\/uploads\/2024\/11\/Viatura-PM-2-qxe2trikbv4eb8q97jy7rc0xly5vmvsb0g7jfq4j1s.jpg\" \/>\n\t<meta property=\"og:image:width\" content=\"800\" \/>\n\t<meta property=\"og:image:height\" content=\"600\" \/>\n\t<meta property=\"og:image:type\" content=\"image\/jpeg\" \/>\n<meta name=\"author\" content=\"Portal Raizes\" \/>\n<meta name=\"twitter:card\" content=\"summary_large_image\" \/>\n<meta name=\"twitter:label1\" content=\"Escrito por\" \/>\n\t<meta name=\"twitter:data1\" content=\"Portal Raizes\" \/>\n\t<meta name=\"twitter:label2\" content=\"Est. tempo de leitura\" \/>\n\t<meta name=\"twitter:data2\" content=\"2 minutos\" \/>\n<script type=\"application\/ld+json\" class=\"yoast-schema-graph\">{\"@context\":\"https:\/\/schema.org\",\"@graph\":[{\"@type\":\"Article\",\"@id\":\"https:\/\/portalraizesnoticias.com.br\/?p=12715#article\",\"isPartOf\":{\"@id\":\"https:\/\/portalraizesnoticias.com.br\/?p=12715\"},\"author\":{\"name\":\"Portal Raizes\",\"@id\":\"https:\/\/portalraizesnoticias.com.br\/#\/schema\/person\/a3ca6b0fc701e78df19756c417d943ae\"},\"headline\":\"Homem \u00e9 espancado a socos e a m\u00e3e \u00e9 amea\u00e7ada durante confus\u00e3o na zona rural de Concei\u00e7\u00e3o do Coit\u00e9; suspeitos seriam irm\u00e3os\",\"datePublished\":\"2026-04-11T04:11:14+00:00\",\"mainEntityOfPage\":{\"@id\":\"https:\/\/portalraizesnoticias.com.br\/?p=12715\"},\"wordCount\":242,\"commentCount\":0,\"publisher\":{\"@id\":\"https:\/\/portalraizesnoticias.com.br\/#organization\"},\"image\":{\"@id\":\"https:\/\/portalraizesnoticias.com.br\/?p=12715#primaryimage\"},\"thumbnailUrl\":\"https:\/\/portalraizesnoticias.com.br\/wp-content\/uploads\/2024\/11\/Viatura-PM-2-qxe2trikbv4eb8q97jy7rc0xly5vmvsb0g7jfq4j1s.jpg\",\"articleSection\":[\"DESTAQUES\",\"POLICIA\",\"ULTIMAS NOTICIAS\"],\"inLanguage\":\"pt-BR\",\"potentialAction\":[{\"@type\":\"CommentAction\",\"name\":\"Comment\",\"target\":[\"https:\/\/portalraizesnoticias.com.br\/?p=12715#respond\"]}]},{\"@type\":\"WebPage\",\"@id\":\"https:\/\/portalraizesnoticias.com.br\/?p=12715\",\"url\":\"https:\/\/portalraizesnoticias.com.br\/?p=12715\",\"name\":\"Homem \u00e9 espancado a socos e a m\u00e3e \u00e9 amea\u00e7ada durante confus\u00e3o na zona rural de Concei\u00e7\u00e3o do Coit\u00e9; suspeitos seriam irm\u00e3os - Portal raizes noticias\",\"isPartOf\":{\"@id\":\"https:\/\/portalraizesnoticias.com.br\/#website\"},\"primaryImageOfPage\":{\"@id\":\"https:\/\/portalraizesnoticias.com.br\/?p=12715#primaryimage\"},\"image\":{\"@id\":\"https:\/\/portalraizesnoticias.com.br\/?p=12715#primaryimage\"},\"thumbnailUrl\":\"https:\/\/portalraizesnoticias.com.br\/wp-content\/uploads\/2024\/11\/Viatura-PM-2-qxe2trikbv4eb8q97jy7rc0xly5vmvsb0g7jfq4j1s.jpg\",\"datePublished\":\"2026-04-11T04:11:14+00:00\",\"breadcrumb\":{\"@id\":\"https:\/\/portalraizesnoticias.com.br\/?p=12715#breadcrumb\"},\"inLanguage\":\"pt-BR\",\"potentialAction\":[{\"@type\":\"ReadAction\",\"target\":[\"https:\/\/portalraizesnoticias.com.br\/?p=12715\"]}]},{\"@type\":\"ImageObject\",\"inLanguage\":\"pt-BR\",\"@id\":\"https:\/\/portalraizesnoticias.com.br\/?p=12715#primaryimage\",\"url\":\"https:\/\/portalraizesnoticias.com.br\/wp-content\/uploads\/2024\/11\/Viatura-PM-2-qxe2trikbv4eb8q97jy7rc0xly5vmvsb0g7jfq4j1s.jpg\",\"contentUrl\":\"https:\/\/portalraizesnoticias.com.br\/wp-content\/uploads\/2024\/11\/Viatura-PM-2-qxe2trikbv4eb8q97jy7rc0xly5vmvsb0g7jfq4j1s.jpg\",\"width\":800,\"height\":600},{\"@type\":\"BreadcrumbList\",\"@id\":\"https:\/\/portalraizesnoticias.com.br\/?p=12715#breadcrumb\",\"itemListElement\":[{\"@type\":\"ListItem\",\"position\":1,\"name\":\"In\u00edcio\",\"item\":\"https:\/\/portalraizesnoticias.com.br\/\"},{\"@type\":\"ListItem\",\"position\":2,\"name\":\"Homem \u00e9 espancado a socos e a m\u00e3e \u00e9 amea\u00e7ada durante confus\u00e3o na zona rural de Concei\u00e7\u00e3o do Coit\u00e9; suspeitos seriam irm\u00e3os\"}]},{\"@type\":\"WebSite\",\"@id\":\"https:\/\/portalraizesnoticias.com.br\/#website\",\"url\":\"https:\/\/portalraizesnoticias.com.br\/\",\"name\":\"Portal raizes NOTICIAS\",\"description\":\"site de noticias de concei\u00e7\u00e3o do coit\u00e9 e regi\u00e3o\",\"publisher\":{\"@id\":\"https:\/\/portalraizesnoticias.com.br\/#organization\"},\"alternateName\":\"PORTAL RAIZES COIT\u00c9\",\"potentialAction\":[{\"@type\":\"SearchAction\",\"target\":{\"@type\":\"EntryPoint\",\"urlTemplate\":\"https:\/\/portalraizesnoticias.com.br\/?s={search_term_string}\"},\"query-input\":{\"@type\":\"PropertyValueSpecification\",\"valueRequired\":true,\"valueName\":\"search_term_string\"}}],\"inLanguage\":\"pt-BR\"},{\"@type\":\"Organization\",\"@id\":\"https:\/\/portalraizesnoticias.com.br\/#organization\",\"name\":\"Portal raizes NOTICIAS\",\"url\":\"https:\/\/portalraizesnoticias.com.br\/\",\"logo\":{\"@type\":\"ImageObject\",\"inLanguage\":\"pt-BR\",\"@id\":\"https:\/\/portalraizesnoticias.com.br\/#\/schema\/logo\/image\/\",\"url\":\"https:\/\/portalraizesnoticias.com.br\/wp-content\/uploads\/2024\/09\/cropped-Captura-de-tela-2024-09-08-011108.png\",\"contentUrl\":\"https:\/\/portalraizesnoticias.com.br\/wp-content\/uploads\/2024\/09\/cropped-Captura-de-tela-2024-09-08-011108.png\",\"width\":606,\"height\":173,\"caption\":\"Portal raizes NOTICIAS\"},\"image\":{\"@id\":\"https:\/\/portalraizesnoticias.com.br\/#\/schema\/logo\/image\/\"}},{\"@type\":\"Person\",\"@id\":\"https:\/\/portalraizesnoticias.com.br\/#\/schema\/person\/a3ca6b0fc701e78df19756c417d943ae\",\"name\":\"Portal Raizes\",\"image\":{\"@type\":\"ImageObject\",\"inLanguage\":\"pt-BR\",\"@id\":\"https:\/\/portalraizesnoticias.com.br\/#\/schema\/person\/image\/\",\"url\":\"https:\/\/secure.gravatar.com\/avatar\/ef450d29013a3d3fba867a12a249d7b1?s=96&d=mm&r=g\",\"contentUrl\":\"https:\/\/secure.gravatar.com\/avatar\/ef450d29013a3d3fba867a12a249d7b1?s=96&d=mm&r=g\",\"caption\":\"Portal Raizes\"},\"url\":\"https:\/\/portalraizesnoticias.com.br\/?author=3\"}]}<\/script>\n<!-- \/ Yoast SEO plugin. -->","yoast_head_json":{"title":"Homem \u00e9 espancado a socos e a m\u00e3e \u00e9 amea\u00e7ada durante confus\u00e3o na zona rural de Concei\u00e7\u00e3o do Coit\u00e9; suspeitos seriam irm\u00e3os - Portal raizes noticias","robots":{"index":"index","follow":"follow","max-snippet":"max-snippet:-1","max-image-preview":"max-image-preview:large","max-video-preview":"max-video-preview:-1"},"canonical":"https:\/\/portalraizesnoticias.com.br\/?p=12715","og_locale":"pt_BR","og_type":"article","og_title":"Homem \u00e9 espancado a socos e a m\u00e3e \u00e9 amea\u00e7ada durante confus\u00e3o na zona rural de Concei\u00e7\u00e3o do Coit\u00e9; suspeitos seriam irm\u00e3os - Portal raizes noticias","og_description":"Um homem de 30 anos foi v\u00edtima de agress\u00e3o f\u00edsica na tarde desta sexta-feira (10), na Fazenda Lagoa do Barro, pr\u00f3ximo a um posto de combust\u00edvel, zona rural de Concei\u00e7\u00e3o do Coit\u00e9. De acordo com informa\u00e7\u00f5es da Pol\u00edcia Militar, a guarni\u00e7\u00e3o da 4\u00aa Companhia foi acionada pela central por volta das 16h50. No local, o homem F. M, Felatou que foi agredido com socos por dois suspeitos, enquanto estava em frente \u00e0 pr\u00f3pria resid\u00eancia. Segundo o relato, os suspeitos apresentavam sinais de embriaguez alco\u00f3lica e teriam iniciado as agress\u00f5es sem motivo aparente, causando les\u00f5es na regi\u00e3o do rosto. Ainda conforme a ocorr\u00eancia, a m\u00e3e da v\u00edtima de 60 anos, tentou intervir para cessar as agress\u00f5es, mas tamb\u00e9m teria sido amea\u00e7ada pelos suspeitos. Ela informou ainda que h\u00e1 um hist\u00f3rico de desentendimentos entre as partes. A Pol\u00edcia Militar realizou rondas na regi\u00e3o e chegou a se deslocar at\u00e9 poss\u00edveis locais onde os suspeitos poderiam estar, por\u00e9m eles n\u00e3o foram localizados. PUBLICIDADE As v\u00edtimas foram orientadas a registrar a ocorr\u00eancia na Delegacia Territorial para ado\u00e7\u00e3o das medidas legais cab\u00edveis. O caso dever\u00e1 ser apurado pela Pol\u00edcia Civil. Reda\u00e7\u00e3o Foto: Ilustra\u00e7\u00e3o","og_url":"https:\/\/portalraizesnoticias.com.br\/?p=12715","og_site_name":"Portal raizes noticias","article_published_time":"2026-04-11T04:11:14+00:00","og_image":[{"width":800,"height":600,"url":"https:\/\/portalraizesnoticias.com.br\/wp-content\/uploads\/2024\/11\/Viatura-PM-2-qxe2trikbv4eb8q97jy7rc0xly5vmvsb0g7jfq4j1s.jpg","type":"image\/jpeg"}],"author":"Portal Raizes","twitter_card":"summary_large_image","twitter_misc":{"Escrito por":"Portal Raizes","Est. tempo de leitura":"2 minutos"},"schema":{"@context":"https:\/\/schema.org","@graph":[{"@type":"Article","@id":"https:\/\/portalraizesnoticias.com.br\/?p=12715#article","isPartOf":{"@id":"https:\/\/portalraizesnoticias.com.br\/?p=12715"},"author":{"name":"Portal Raizes","@id":"https:\/\/portalraizesnoticias.com.br\/#\/schema\/person\/a3ca6b0fc701e78df19756c417d943ae"},"headline":"Homem \u00e9 espancado a socos e a m\u00e3e \u00e9 amea\u00e7ada durante confus\u00e3o na zona rural de Concei\u00e7\u00e3o do Coit\u00e9; suspeitos seriam irm\u00e3os","datePublished":"2026-04-11T04:11:14+00:00","mainEntityOfPage":{"@id":"https:\/\/portalraizesnoticias.com.br\/?p=12715"},"wordCount":242,"commentCount":0,"publisher":{"@id":"https:\/\/portalraizesnoticias.com.br\/#organization"},"image":{"@id":"https:\/\/portalraizesnoticias.com.br\/?p=12715#primaryimage"},"thumbnailUrl":"https:\/\/portalraizesnoticias.com.br\/wp-content\/uploads\/2024\/11\/Viatura-PM-2-qxe2trikbv4eb8q97jy7rc0xly5vmvsb0g7jfq4j1s.jpg","articleSection":["DESTAQUES","POLICIA","ULTIMAS NOTICIAS"],"inLanguage":"pt-BR","potentialAction":[{"@type":"CommentAction","name":"Comment","target":["https:\/\/portalraizesnoticias.com.br\/?p=12715#respond"]}]},{"@type":"WebPage","@id":"https:\/\/portalraizesnoticias.com.br\/?p=12715","url":"https:\/\/portalraizesnoticias.com.br\/?p=12715","name":"Homem \u00e9 espancado a socos e a m\u00e3e \u00e9 amea\u00e7ada durante confus\u00e3o na zona rural de Concei\u00e7\u00e3o do Coit\u00e9; suspeitos seriam irm\u00e3os - Portal raizes noticias","isPartOf":{"@id":"https:\/\/portalraizesnoticias.com.br\/#website"},"primaryImageOfPage":{"@id":"https:\/\/portalraizesnoticias.com.br\/?p=12715#primaryimage"},"image":{"@id":"https:\/\/portalraizesnoticias.com.br\/?p=12715#primaryimage"},"thumbnailUrl":"https:\/\/portalraizesnoticias.com.br\/wp-content\/uploads\/2024\/11\/Viatura-PM-2-qxe2trikbv4eb8q97jy7rc0xly5vmvsb0g7jfq4j1s.jpg","datePublished":"2026-04-11T04:11:14+00:00","breadcrumb":{"@id":"https:\/\/portalraizesnoticias.com.br\/?p=12715#breadcrumb"},"inLanguage":"pt-BR","potentialAction":[{"@type":"ReadAction","target":["https:\/\/portalraizesnoticias.com.br\/?p=12715"]}]},{"@type":"ImageObject","inLanguage":"pt-BR","@id":"https:\/\/portalraizesnoticias.com.br\/?p=12715#primaryimage","url":"https:\/\/portalraizesnoticias.com.br\/wp-content\/uploads\/2024\/11\/Viatura-PM-2-qxe2trikbv4eb8q97jy7rc0xly5vmvsb0g7jfq4j1s.jpg","contentUrl":"https:\/\/portalraizesnoticias.com.br\/wp-content\/uploads\/2024\/11\/Viatura-PM-2-qxe2trikbv4eb8q97jy7rc0xly5vmvsb0g7jfq4j1s.jpg","width":800,"height":600},{"@type":"BreadcrumbList","@id":"https:\/\/portalraizesnoticias.com.br\/?p=12715#breadcrumb","itemListElement":[{"@type":"ListItem","position":1,"name":"In\u00edcio","item":"https:\/\/portalraizesnoticias.com.br\/"},{"@type":"ListItem","position":2,"name":"Homem \u00e9 espancado a socos e a m\u00e3e \u00e9 amea\u00e7ada durante confus\u00e3o na zona rural de Concei\u00e7\u00e3o do Coit\u00e9; suspeitos seriam irm\u00e3os"}]},{"@type":"WebSite","@id":"https:\/\/portalraizesnoticias.com.br\/#website","url":"https:\/\/portalraizesnoticias.com.br\/","name":"Portal raizes NOTICIAS","description":"site de noticias de concei\u00e7\u00e3o do coit\u00e9 e regi\u00e3o","publisher":{"@id":"https:\/\/portalraizesnoticias.com.br\/#organization"},"alternateName":"PORTAL RAIZES COIT\u00c9","potentialAction":[{"@type":"SearchAction","target":{"@type":"EntryPoint","urlTemplate":"https:\/\/portalraizesnoticias.com.br\/?s={search_term_string}"},"query-input":{"@type":"PropertyValueSpecification","valueRequired":true,"valueName":"search_term_string"}}],"inLanguage":"pt-BR"},{"@type":"Organization","@id":"https:\/\/portalraizesnoticias.com.br\/#organization","name":"Portal raizes NOTICIAS","url":"https:\/\/portalraizesnoticias.com.br\/","logo":{"@type":"ImageObject","inLanguage":"pt-BR","@id":"https:\/\/portalraizesnoticias.com.br\/#\/schema\/logo\/image\/","url":"https:\/\/portalraizesnoticias.com.br\/wp-content\/uploads\/2024\/09\/cropped-Captura-de-tela-2024-09-08-011108.png","contentUrl":"https:\/\/portalraizesnoticias.com.br\/wp-content\/uploads\/2024\/09\/cropped-Captura-de-tela-2024-09-08-011108.png","width":606,"height":173,"caption":"Portal raizes NOTICIAS"},"image":{"@id":"https:\/\/portalraizesnoticias.com.br\/#\/schema\/logo\/image\/"}},{"@type":"Person","@id":"https:\/\/portalraizesnoticias.com.br\/#\/schema\/person\/a3ca6b0fc701e78df19756c417d943ae","name":"Portal Raizes","image":{"@type":"ImageObject","inLanguage":"pt-BR","@id":"https:\/\/portalraizesnoticias.com.br\/#\/schema\/person\/image\/","url":"https:\/\/secure.gravatar.com\/avatar\/ef450d29013a3d3fba867a12a249d7b1?s=96&d=mm&r=g","contentUrl":"https:\/\/secure.gravatar.com\/avatar\/ef450d29013a3d3fba867a12a249d7b1?s=96&d=mm&r=g","caption":"Portal Raizes"},"url":"https:\/\/portalraizesnoticias.com.br\/?author=3"}]}},"_links":{"self":[{"href":"https:\/\/portalraizesnoticias.com.br\/index.php?rest_route=\/wp\/v2\/posts\/12715"}],"collection":[{"href":"https:\/\/portalraizesnoticias.com.br\/index.php?rest_route=\/wp\/v2\/posts"}],"about":[{"href":"https:\/\/portalraizesnoticias.com.br\/index.php?rest_route=\/wp\/v2\/types\/post"}],"author":[{"embeddable":true,"href":"https:\/\/portalraizesnoticias.com.br\/index.php?rest_route=\/wp\/v2\/users\/3"}],"replies":[{"embeddable":true,"href":"https:\/\/portalraizesnoticias.com.br\/index.php?rest_route=%2Fwp%2Fv2%2Fcomments&post=12715"}],"version-history":[{"count":3,"href":"https:\/\/portalraizesnoticias.com.br\/index.php?rest_route=\/wp\/v2\/posts\/12715\/revisions"}],"predecessor-version":[{"id":12718,"href":"https:\/\/portalraizesnoticias.com.br\/index.php?rest_route=\/wp\/v2\/posts\/12715\/revisions\/12718"}],"wp:featuredmedia":[{"embeddable":true,"href":"https:\/\/portalraizesnoticias.com.br\/index.php?rest_route=\/wp\/v2\/media\/2340"}],"wp:attachment":[{"href":"https:\/\/portalraizesnoticias.com.br\/index.php?rest_route=%2Fwp%2Fv2%2Fmedia&parent=12715"}],"wp:term":[{"taxonomy":"category","embeddable":true,"href":"https:\/\/portalraizesnoticias.com.br\/index.php?rest_route=%2Fwp%2Fv2%2Fcategories&post=12715"},{"taxonomy":"post_tag","embeddable":true,"href":"https:\/\/portalraizesnoticias.com.br\/index.php?rest_route=%2Fwp%2Fv2%2Ftags&post=12715"}],"curies":[{"name":"wp","href":"https:\/\/api.w.org\/{rel}","templated":true}]}}