{"id":12621,"date":"2026-04-06T16:40:07","date_gmt":"2026-04-06T19:40:07","guid":{"rendered":"https:\/\/portalraizesnoticias.com.br\/?p=12621"},"modified":"2026-04-06T16:40:07","modified_gmt":"2026-04-06T19:40:07","slug":"se-eu-estivesse-com-droga-ou-armado-eles-deveriam-ter-ido-atras-de-mim-para-verificar-a-situacao-mas-nao-foram-diz-jovem-atingido-por-tiro-nas-costas-pela-pre-em-conceicao-do-coit","status":"publish","type":"post","link":"https:\/\/portalraizesnoticias.com.br\/?p=12621","title":{"rendered":"\u201cSe eu estivesse com droga ou armado, eles deveriam ter ido atr\u00e1s de mim para verificar a situa\u00e7\u00e3o, mas n\u00e3o foram\u201d, diz jovem atingido por tiro nas costas pela PRE em Concei\u00e7\u00e3o do Coit\u00e9"},"content":{"rendered":"<p>Ap\u00f3s ser transferido e internado no Hospital Municipal de Itaberaba, o jovem Mois\u00e9s Almeida, atingido por um disparo de arma de fogo nas costas durante uma abordagem da Pol\u00edcia Rodovi\u00e1ria Estadual (PRE) ontem (05), falou com a jornalista Rafaela Rodrigues na tarde desta segunda-feira (06).<\/p>\n<p><strong>Veja tamb\u00e9m: <\/strong><strong><a href=\"https:\/\/portalraizesnoticias.com.br\/coite-pre-que-atirou-em-jovem-informou-a-pm-que-a-vitima-apresentava-volume-suspeito-na-cintura-e-que-o-disparo-foi-feito-contra-o-pneu-da-motocicleta\/\">Coit\u00e9: PRE que atirou em jovem informou \u00e0 PM que a v\u00edtima apresentava volume suspeito na cintura e que o disparo foi feito contra o pneu da motocicleta<\/a><\/strong><\/p>\n<p><strong><a href=\"https:\/\/portalraizesnoticias.com.br\/apos-desobedecer-blitz-jovem-e-baleado-pela-pre-na-ba-409-conceicao-do-coite-tiro-ficou-alojado-proximo-a-regiao-cervical\/\">Ap\u00f3s desobedecer blitz, jovem \u00e9 baleado pela PRE na BA-409 (Concei\u00e7\u00e3o do Coit\u00e9); tiro ficou alojado pr\u00f3ximo \u00e0 regi\u00e3o cervical<\/a><\/strong><\/p>\n<p>Acompanhado da prima, de prenome Milene, socorrista que prestou os primeiros atendimentos ainda no local, Mois\u00e9s contestou a vers\u00e3o apresentada pelos policiais \u00e0 Pol\u00edcia Militar.<\/p>\n<p>Segundo ele, em nenhum momento estava armado e afirmou ser trabalhador.<\/p>\n<p>\u201cEu n\u00e3o vi a viatura. S\u00f3 tinha um policial em p\u00e9. Quando ele atirou, depois \u00e9 que encontrei a viatura mais \u00e0 frente na estrada. Pela lei, se eu estivesse com droga ou armado, eles deveriam ter ido atr\u00e1s de mim para verificar a situa\u00e7\u00e3o, mas n\u00e3o foram. Apenas atiraram e seguiram normalmente\u201d, relatou.<\/p>\n<p><strong>Ou\u00e7a o \u00e1udio:<\/strong><\/p>\n<!--[if lt IE 9]><script>document.createElement('audio');<\/script><![endif]-->\n<audio class=\"wp-audio-shortcode\" id=\"audio-12621-1\" preload=\"none\" style=\"width: 100%;\" controls=\"controls\"><source type=\"audio\/mpeg\" src=\"https:\/\/portalraizesnoticias.com.br\/wp-content\/uploads\/2026\/04\/audio_convertido-1.mp3?_=1\" \/><a href=\"https:\/\/portalraizesnoticias.com.br\/wp-content\/uploads\/2026\/04\/audio_convertido-1.mp3\">https:\/\/portalraizesnoticias.com.br\/wp-content\/uploads\/2026\/04\/audio_convertido-1.mp3<\/a><\/audio>\n<p>O Portal Ra\u00edzes teve acesso, com exclusividade, ao exame de raio-X que mostra o proj\u00e9til alojado no corpo da v\u00edtima. De acordo com Milene, por poucos cent\u00edmetros o disparo n\u00e3o causou uma les\u00e3o ainda mais grave ou at\u00e9 fatal.<\/p>\n<p><img fetchpriority=\"high\" decoding=\"async\" class=\"size-medium wp-image-12629 aligncenter\" src=\"https:\/\/portalraizesnoticias.com.br\/wp-content\/uploads\/2026\/04\/IMG-20260406-WA0226-226x300.jpg\" alt=\"\" width=\"226\" height=\"300\" srcset=\"https:\/\/portalraizesnoticias.com.br\/wp-content\/uploads\/2026\/04\/IMG-20260406-WA0226-226x300.jpg 226w, https:\/\/portalraizesnoticias.com.br\/wp-content\/uploads\/2026\/04\/IMG-20260406-WA0226-770x1024.jpg 770w, https:\/\/portalraizesnoticias.com.br\/wp-content\/uploads\/2026\/04\/IMG-20260406-WA0226-768x1021.jpg 768w, https:\/\/portalraizesnoticias.com.br\/wp-content\/uploads\/2026\/04\/IMG-20260406-WA0226.jpg 963w\" sizes=\"(max-width: 226px) 100vw, 226px\" \/><\/p>\n<p>\u201cO sentimento \u00e9 de indigna\u00e7\u00e3o. N\u00e3o houve tiro no pneu. Se eles suspeitavam de algo, por que n\u00e3o foram atr\u00e1s para verificar se o tiro tinha atingido ou n\u00e3o? S\u00f3 queremos que admitam o erro\u201d, afirmou.<\/p>\n<p>Questionado sobre o motivo de n\u00e3o ter obedecido \u00e0 ordem de parada, Mois\u00e9s explicou que trafegava em alta velocidade e n\u00e3o teve tempo de reagir.<\/p>\n<p><img decoding=\"async\" class=\"size-medium wp-image-11228 aligncenter\" src=\"https:\/\/portalraizesnoticias.com.br\/wp-content\/uploads\/2026\/02\/IMG_8532-300x150.png\" alt=\"\" width=\"300\" height=\"150\" srcset=\"https:\/\/portalraizesnoticias.com.br\/wp-content\/uploads\/2026\/02\/IMG_8532-300x150.png 300w, https:\/\/portalraizesnoticias.com.br\/wp-content\/uploads\/2026\/02\/IMG_8532-1024x512.png 1024w, https:\/\/portalraizesnoticias.com.br\/wp-content\/uploads\/2026\/02\/IMG_8532-768x384.png 768w, https:\/\/portalraizesnoticias.com.br\/wp-content\/uploads\/2026\/02\/IMG_8532-1536x768.png 1536w, https:\/\/portalraizesnoticias.com.br\/wp-content\/uploads\/2026\/02\/IMG_8532-2048x1024.png 2048w\" sizes=\"(max-width: 300px) 100vw, 300px\" \/><\/p>\n<p>\u201cQuando recebi o tiro, continuei at\u00e9 um posto de combust\u00edvel porque fiquei com medo de parar e acontecer algo pior\u201d, disse o jovem em entrevista \u00e1 jornalista Rafaela Rodrigues.<\/p>\n<p>Apesar do ocorrido, o estado de sa\u00fade de Mois\u00e9s \u00e9 considerado est\u00e1vel. Ele dever\u00e1 passar por uma tomografia para avaliar a necessidade de retirada do proj\u00e9til. Caso n\u00e3o haja comprometimento de \u00f3rg\u00e3os vitais, existe a possibilidade de a bala permanecer alojada no corpo.<\/p>\n<p><img decoding=\"async\" class=\"size-medium wp-image-8289 aligncenter\" src=\"https:\/\/portalraizesnoticias.com.br\/wp-content\/uploads\/2025\/09\/IMG-20250918-WA0124-300x300.jpg\" alt=\"\" width=\"300\" height=\"300\" srcset=\"https:\/\/portalraizesnoticias.com.br\/wp-content\/uploads\/2025\/09\/IMG-20250918-WA0124-300x300.jpg 300w, https:\/\/portalraizesnoticias.com.br\/wp-content\/uploads\/2025\/09\/IMG-20250918-WA0124-150x150.jpg 150w, https:\/\/portalraizesnoticias.com.br\/wp-content\/uploads\/2025\/09\/IMG-20250918-WA0124-768x768.jpg 768w, https:\/\/portalraizesnoticias.com.br\/wp-content\/uploads\/2025\/09\/IMG-20250918-WA0124.jpg 1000w\" sizes=\"(max-width: 300px) 100vw, 300px\" \/><\/p>\n<p style=\"text-align: center;\"><strong>PUBLICIDADE<\/strong><\/p>\n<p>Os policiais envolvidos e poss\u00edveis testemunhas da ocorr\u00eancia devem ser ouvidos ainda nesta segunda-feira. J\u00e1 Mois\u00e9s dever\u00e1 prestar depoimento ap\u00f3s receber alta m\u00e9dica.<\/p>\n<p>Reda\u00e7\u00e3o<\/p>\n<p>Fotos: Portal Ra\u00edzes\/montagem<\/p>\n","protected":false},"excerpt":{"rendered":"<p>Ap\u00f3s ser transferido e internado no Hospital Municipal de Itaberaba, o jovem Mois\u00e9s Almeida, atingido por um disparo de arma de fogo nas costas durante uma abordagem da Pol\u00edcia Rodovi\u00e1ria Estadual (PRE) ontem (05), falou com a jornalista Rafaela Rodrigues na tarde desta segunda-feira (06). Veja tamb\u00e9m: Coit\u00e9: PRE que atirou em jovem informou \u00e0 PM que a v\u00edtima apresentava volume suspeito na cintura e que o disparo foi feito contra o pneu da motocicleta Ap\u00f3s desobedecer blitz, jovem \u00e9 baleado pela PRE na BA-409 (Concei\u00e7\u00e3o do Coit\u00e9); tiro ficou alojado pr\u00f3ximo \u00e0 regi\u00e3o cervical Acompanhado da prima, de prenome Milene, socorrista que prestou os primeiros atendimentos ainda no local, Mois\u00e9s contestou a vers\u00e3o apresentada pelos policiais \u00e0 Pol\u00edcia Militar. Segundo ele, em nenhum momento estava armado e afirmou ser trabalhador. \u201cEu n\u00e3o vi a viatura. S\u00f3 tinha um policial em p\u00e9. Quando ele atirou, depois \u00e9 que encontrei a viatura mais \u00e0 frente na estrada. Pela lei, se eu estivesse com droga ou armado, eles deveriam ter ido atr\u00e1s de mim para verificar a situa\u00e7\u00e3o, mas n\u00e3o foram. Apenas atiraram e seguiram normalmente\u201d, relatou. Ou\u00e7a o \u00e1udio: O Portal Ra\u00edzes teve acesso, com exclusividade, ao exame de raio-X que mostra o proj\u00e9til alojado no corpo da v\u00edtima. De acordo com Milene, por poucos cent\u00edmetros o disparo n\u00e3o causou uma les\u00e3o ainda mais grave ou at\u00e9 fatal. \u201cO sentimento \u00e9 de indigna\u00e7\u00e3o. N\u00e3o houve tiro no pneu. Se eles suspeitavam de algo, por que n\u00e3o foram atr\u00e1s para verificar se o tiro tinha atingido ou n\u00e3o? S\u00f3 queremos que admitam o erro\u201d, afirmou. Questionado sobre o motivo de n\u00e3o ter obedecido \u00e0 ordem de parada, Mois\u00e9s explicou que trafegava em alta velocidade e n\u00e3o teve tempo de reagir. \u201cQuando recebi o tiro, continuei at\u00e9 um posto de combust\u00edvel porque fiquei com medo de parar e acontecer algo pior\u201d, disse o jovem em entrevista \u00e1 jornalista Rafaela Rodrigues. Apesar do ocorrido, o estado de sa\u00fade de Mois\u00e9s \u00e9 considerado est\u00e1vel. Ele dever\u00e1 passar por uma tomografia para avaliar a necessidade de retirada do proj\u00e9til. Caso n\u00e3o haja comprometimento de \u00f3rg\u00e3os vitais, existe a possibilidade de a bala permanecer alojada no corpo. PUBLICIDADE Os policiais envolvidos e poss\u00edveis testemunhas da ocorr\u00eancia devem ser ouvidos ainda nesta segunda-feira. J\u00e1 Mois\u00e9s dever\u00e1 prestar depoimento ap\u00f3s receber alta m\u00e9dica. Reda\u00e7\u00e3o Fotos: Portal Ra\u00edzes\/montagem<\/p>\n","protected":false},"author":3,"featured_media":12623,"comment_status":"open","ping_status":"open","sticky":false,"template":"","format":"standard","meta":{"_joinchat":[],"footnotes":""},"categories":[55,67,59],"tags":[],"class_list":["post-12621","post","type-post","status-publish","format-standard","has-post-thumbnail","hentry","category-destaques","category-policia","category-ultimas-noticias"],"yoast_head":"<!-- This site is optimized with the Yoast SEO plugin v24.4 - https:\/\/yoast.com\/wordpress\/plugins\/seo\/ -->\n<title>\u201cSe eu estivesse com droga ou armado, eles deveriam ter ido atr\u00e1s de mim para verificar a situa\u00e7\u00e3o, mas n\u00e3o foram\u201d, diz jovem atingido por tiro nas costas pela PRE em Concei\u00e7\u00e3o do Coit\u00e9 - Portal raizes noticias<\/title>\n<meta name=\"robots\" content=\"index, follow, max-snippet:-1, max-image-preview:large, max-video-preview:-1\" \/>\n<link rel=\"canonical\" href=\"https:\/\/portalraizesnoticias.com.br\/?p=12621\" \/>\n<meta property=\"og:locale\" content=\"pt_BR\" \/>\n<meta property=\"og:type\" content=\"article\" \/>\n<meta property=\"og:title\" content=\"\u201cSe eu estivesse com droga ou armado, eles deveriam ter ido atr\u00e1s de mim para verificar a situa\u00e7\u00e3o, mas n\u00e3o foram\u201d, diz jovem atingido por tiro nas costas pela PRE em Concei\u00e7\u00e3o do Coit\u00e9 - Portal raizes noticias\" \/>\n<meta property=\"og:description\" content=\"Ap\u00f3s ser transferido e internado no Hospital Municipal de Itaberaba, o jovem Mois\u00e9s Almeida, atingido por um disparo de arma de fogo nas costas durante uma abordagem da Pol\u00edcia Rodovi\u00e1ria Estadual (PRE) ontem (05), falou com a jornalista Rafaela Rodrigues na tarde desta segunda-feira (06). Veja tamb\u00e9m: Coit\u00e9: PRE que atirou em jovem informou \u00e0 PM que a v\u00edtima apresentava volume suspeito na cintura e que o disparo foi feito contra o pneu da motocicleta Ap\u00f3s desobedecer blitz, jovem \u00e9 baleado pela PRE na BA-409 (Concei\u00e7\u00e3o do Coit\u00e9); tiro ficou alojado pr\u00f3ximo \u00e0 regi\u00e3o cervical Acompanhado da prima, de prenome Milene, socorrista que prestou os primeiros atendimentos ainda no local, Mois\u00e9s contestou a vers\u00e3o apresentada pelos policiais \u00e0 Pol\u00edcia Militar. Segundo ele, em nenhum momento estava armado e afirmou ser trabalhador. \u201cEu n\u00e3o vi a viatura. S\u00f3 tinha um policial em p\u00e9. Quando ele atirou, depois \u00e9 que encontrei a viatura mais \u00e0 frente na estrada. Pela lei, se eu estivesse com droga ou armado, eles deveriam ter ido atr\u00e1s de mim para verificar a situa\u00e7\u00e3o, mas n\u00e3o foram. Apenas atiraram e seguiram normalmente\u201d, relatou. Ou\u00e7a o \u00e1udio: O Portal Ra\u00edzes teve acesso, com exclusividade, ao exame de raio-X que mostra o proj\u00e9til alojado no corpo da v\u00edtima. De acordo com Milene, por poucos cent\u00edmetros o disparo n\u00e3o causou uma les\u00e3o ainda mais grave ou at\u00e9 fatal. \u201cO sentimento \u00e9 de indigna\u00e7\u00e3o. N\u00e3o houve tiro no pneu. Se eles suspeitavam de algo, por que n\u00e3o foram atr\u00e1s para verificar se o tiro tinha atingido ou n\u00e3o? S\u00f3 queremos que admitam o erro\u201d, afirmou. Questionado sobre o motivo de n\u00e3o ter obedecido \u00e0 ordem de parada, Mois\u00e9s explicou que trafegava em alta velocidade e n\u00e3o teve tempo de reagir. \u201cQuando recebi o tiro, continuei at\u00e9 um posto de combust\u00edvel porque fiquei com medo de parar e acontecer algo pior\u201d, disse o jovem em entrevista \u00e1 jornalista Rafaela Rodrigues. Apesar do ocorrido, o estado de sa\u00fade de Mois\u00e9s \u00e9 considerado est\u00e1vel. Ele dever\u00e1 passar por uma tomografia para avaliar a necessidade de retirada do proj\u00e9til. Caso n\u00e3o haja comprometimento de \u00f3rg\u00e3os vitais, existe a possibilidade de a bala permanecer alojada no corpo. PUBLICIDADE Os policiais envolvidos e poss\u00edveis testemunhas da ocorr\u00eancia devem ser ouvidos ainda nesta segunda-feira. J\u00e1 Mois\u00e9s dever\u00e1 prestar depoimento ap\u00f3s receber alta m\u00e9dica. Reda\u00e7\u00e3o Fotos: Portal Ra\u00edzes\/montagem\" \/>\n<meta property=\"og:url\" content=\"https:\/\/portalraizesnoticias.com.br\/?p=12621\" \/>\n<meta property=\"og:site_name\" content=\"Portal raizes noticias\" \/>\n<meta property=\"article:published_time\" content=\"2026-04-06T19:40:07+00:00\" \/>\n<meta property=\"og:image\" content=\"https:\/\/portalraizesnoticias.com.br\/wp-content\/uploads\/2026\/04\/IMG-20260406-WA0295.jpg\" \/>\n\t<meta property=\"og:image:width\" content=\"1080\" \/>\n\t<meta property=\"og:image:height\" content=\"1056\" \/>\n\t<meta property=\"og:image:type\" content=\"image\/jpeg\" \/>\n<meta name=\"author\" content=\"Portal Raizes\" \/>\n<meta name=\"twitter:card\" content=\"summary_large_image\" \/>\n<meta name=\"twitter:label1\" content=\"Escrito por\" \/>\n\t<meta name=\"twitter:data1\" content=\"Portal Raizes\" \/>\n\t<meta name=\"twitter:label2\" content=\"Est. tempo de leitura\" \/>\n\t<meta name=\"twitter:data2\" content=\"3 minutos\" \/>\n<script type=\"application\/ld+json\" class=\"yoast-schema-graph\">{\"@context\":\"https:\/\/schema.org\",\"@graph\":[{\"@type\":\"Article\",\"@id\":\"https:\/\/portalraizesnoticias.com.br\/?p=12621#article\",\"isPartOf\":{\"@id\":\"https:\/\/portalraizesnoticias.com.br\/?p=12621\"},\"author\":{\"name\":\"Portal Raizes\",\"@id\":\"https:\/\/portalraizesnoticias.com.br\/#\/schema\/person\/a3ca6b0fc701e78df19756c417d943ae\"},\"headline\":\"\u201cSe eu estivesse com droga ou armado, eles deveriam ter ido atr\u00e1s de mim para verificar a situa\u00e7\u00e3o, mas n\u00e3o foram\u201d, diz jovem atingido por tiro nas costas pela PRE em Concei\u00e7\u00e3o do Coit\u00e9\",\"datePublished\":\"2026-04-06T19:40:07+00:00\",\"mainEntityOfPage\":{\"@id\":\"https:\/\/portalraizesnoticias.com.br\/?p=12621\"},\"wordCount\":473,\"commentCount\":1,\"publisher\":{\"@id\":\"https:\/\/portalraizesnoticias.com.br\/#organization\"},\"image\":{\"@id\":\"https:\/\/portalraizesnoticias.com.br\/?p=12621#primaryimage\"},\"thumbnailUrl\":\"https:\/\/portalraizesnoticias.com.br\/wp-content\/uploads\/2026\/04\/IMG-20260406-WA0295.jpg\",\"articleSection\":[\"DESTAQUES\",\"POLICIA\",\"ULTIMAS NOTICIAS\"],\"inLanguage\":\"pt-BR\",\"potentialAction\":[{\"@type\":\"CommentAction\",\"name\":\"Comment\",\"target\":[\"https:\/\/portalraizesnoticias.com.br\/?p=12621#respond\"]}]},{\"@type\":\"WebPage\",\"@id\":\"https:\/\/portalraizesnoticias.com.br\/?p=12621\",\"url\":\"https:\/\/portalraizesnoticias.com.br\/?p=12621\",\"name\":\"\u201cSe eu estivesse com droga ou armado, eles deveriam ter ido atr\u00e1s de mim para verificar a situa\u00e7\u00e3o, mas n\u00e3o foram\u201d, diz jovem atingido por tiro nas costas pela PRE em Concei\u00e7\u00e3o do Coit\u00e9 - Portal raizes noticias\",\"isPartOf\":{\"@id\":\"https:\/\/portalraizesnoticias.com.br\/#website\"},\"primaryImageOfPage\":{\"@id\":\"https:\/\/portalraizesnoticias.com.br\/?p=12621#primaryimage\"},\"image\":{\"@id\":\"https:\/\/portalraizesnoticias.com.br\/?p=12621#primaryimage\"},\"thumbnailUrl\":\"https:\/\/portalraizesnoticias.com.br\/wp-content\/uploads\/2026\/04\/IMG-20260406-WA0295.jpg\",\"datePublished\":\"2026-04-06T19:40:07+00:00\",\"breadcrumb\":{\"@id\":\"https:\/\/portalraizesnoticias.com.br\/?p=12621#breadcrumb\"},\"inLanguage\":\"pt-BR\",\"potentialAction\":[{\"@type\":\"ReadAction\",\"target\":[\"https:\/\/portalraizesnoticias.com.br\/?p=12621\"]}]},{\"@type\":\"ImageObject\",\"inLanguage\":\"pt-BR\",\"@id\":\"https:\/\/portalraizesnoticias.com.br\/?p=12621#primaryimage\",\"url\":\"https:\/\/portalraizesnoticias.com.br\/wp-content\/uploads\/2026\/04\/IMG-20260406-WA0295.jpg\",\"contentUrl\":\"https:\/\/portalraizesnoticias.com.br\/wp-content\/uploads\/2026\/04\/IMG-20260406-WA0295.jpg\",\"width\":1080,\"height\":1056},{\"@type\":\"BreadcrumbList\",\"@id\":\"https:\/\/portalraizesnoticias.com.br\/?p=12621#breadcrumb\",\"itemListElement\":[{\"@type\":\"ListItem\",\"position\":1,\"name\":\"In\u00edcio\",\"item\":\"https:\/\/portalraizesnoticias.com.br\/\"},{\"@type\":\"ListItem\",\"position\":2,\"name\":\"\u201cSe eu estivesse com droga ou armado, eles deveriam ter ido atr\u00e1s de mim para verificar a situa\u00e7\u00e3o, mas n\u00e3o foram\u201d, diz jovem atingido por tiro nas costas pela PRE em Concei\u00e7\u00e3o do Coit\u00e9\"}]},{\"@type\":\"WebSite\",\"@id\":\"https:\/\/portalraizesnoticias.com.br\/#website\",\"url\":\"https:\/\/portalraizesnoticias.com.br\/\",\"name\":\"Portal raizes NOTICIAS\",\"description\":\"site de noticias de concei\u00e7\u00e3o do coit\u00e9 e regi\u00e3o\",\"publisher\":{\"@id\":\"https:\/\/portalraizesnoticias.com.br\/#organization\"},\"alternateName\":\"PORTAL RAIZES COIT\u00c9\",\"potentialAction\":[{\"@type\":\"SearchAction\",\"target\":{\"@type\":\"EntryPoint\",\"urlTemplate\":\"https:\/\/portalraizesnoticias.com.br\/?s={search_term_string}\"},\"query-input\":{\"@type\":\"PropertyValueSpecification\",\"valueRequired\":true,\"valueName\":\"search_term_string\"}}],\"inLanguage\":\"pt-BR\"},{\"@type\":\"Organization\",\"@id\":\"https:\/\/portalraizesnoticias.com.br\/#organization\",\"name\":\"Portal raizes NOTICIAS\",\"url\":\"https:\/\/portalraizesnoticias.com.br\/\",\"logo\":{\"@type\":\"ImageObject\",\"inLanguage\":\"pt-BR\",\"@id\":\"https:\/\/portalraizesnoticias.com.br\/#\/schema\/logo\/image\/\",\"url\":\"https:\/\/portalraizesnoticias.com.br\/wp-content\/uploads\/2024\/09\/cropped-Captura-de-tela-2024-09-08-011108.png\",\"contentUrl\":\"https:\/\/portalraizesnoticias.com.br\/wp-content\/uploads\/2024\/09\/cropped-Captura-de-tela-2024-09-08-011108.png\",\"width\":606,\"height\":173,\"caption\":\"Portal raizes NOTICIAS\"},\"image\":{\"@id\":\"https:\/\/portalraizesnoticias.com.br\/#\/schema\/logo\/image\/\"}},{\"@type\":\"Person\",\"@id\":\"https:\/\/portalraizesnoticias.com.br\/#\/schema\/person\/a3ca6b0fc701e78df19756c417d943ae\",\"name\":\"Portal Raizes\",\"image\":{\"@type\":\"ImageObject\",\"inLanguage\":\"pt-BR\",\"@id\":\"https:\/\/portalraizesnoticias.com.br\/#\/schema\/person\/image\/\",\"url\":\"https:\/\/secure.gravatar.com\/avatar\/ef450d29013a3d3fba867a12a249d7b1?s=96&d=mm&r=g\",\"contentUrl\":\"https:\/\/secure.gravatar.com\/avatar\/ef450d29013a3d3fba867a12a249d7b1?s=96&d=mm&r=g\",\"caption\":\"Portal Raizes\"},\"url\":\"https:\/\/portalraizesnoticias.com.br\/?author=3\"}]}<\/script>\n<!-- \/ Yoast SEO plugin. -->","yoast_head_json":{"title":"\u201cSe eu estivesse com droga ou armado, eles deveriam ter ido atr\u00e1s de mim para verificar a situa\u00e7\u00e3o, mas n\u00e3o foram\u201d, diz jovem atingido por tiro nas costas pela PRE em Concei\u00e7\u00e3o do Coit\u00e9 - Portal raizes noticias","robots":{"index":"index","follow":"follow","max-snippet":"max-snippet:-1","max-image-preview":"max-image-preview:large","max-video-preview":"max-video-preview:-1"},"canonical":"https:\/\/portalraizesnoticias.com.br\/?p=12621","og_locale":"pt_BR","og_type":"article","og_title":"\u201cSe eu estivesse com droga ou armado, eles deveriam ter ido atr\u00e1s de mim para verificar a situa\u00e7\u00e3o, mas n\u00e3o foram\u201d, diz jovem atingido por tiro nas costas pela PRE em Concei\u00e7\u00e3o do Coit\u00e9 - Portal raizes noticias","og_description":"Ap\u00f3s ser transferido e internado no Hospital Municipal de Itaberaba, o jovem Mois\u00e9s Almeida, atingido por um disparo de arma de fogo nas costas durante uma abordagem da Pol\u00edcia Rodovi\u00e1ria Estadual (PRE) ontem (05), falou com a jornalista Rafaela Rodrigues na tarde desta segunda-feira (06). Veja tamb\u00e9m: Coit\u00e9: PRE que atirou em jovem informou \u00e0 PM que a v\u00edtima apresentava volume suspeito na cintura e que o disparo foi feito contra o pneu da motocicleta Ap\u00f3s desobedecer blitz, jovem \u00e9 baleado pela PRE na BA-409 (Concei\u00e7\u00e3o do Coit\u00e9); tiro ficou alojado pr\u00f3ximo \u00e0 regi\u00e3o cervical Acompanhado da prima, de prenome Milene, socorrista que prestou os primeiros atendimentos ainda no local, Mois\u00e9s contestou a vers\u00e3o apresentada pelos policiais \u00e0 Pol\u00edcia Militar. Segundo ele, em nenhum momento estava armado e afirmou ser trabalhador. \u201cEu n\u00e3o vi a viatura. S\u00f3 tinha um policial em p\u00e9. Quando ele atirou, depois \u00e9 que encontrei a viatura mais \u00e0 frente na estrada. Pela lei, se eu estivesse com droga ou armado, eles deveriam ter ido atr\u00e1s de mim para verificar a situa\u00e7\u00e3o, mas n\u00e3o foram. Apenas atiraram e seguiram normalmente\u201d, relatou. Ou\u00e7a o \u00e1udio: O Portal Ra\u00edzes teve acesso, com exclusividade, ao exame de raio-X que mostra o proj\u00e9til alojado no corpo da v\u00edtima. De acordo com Milene, por poucos cent\u00edmetros o disparo n\u00e3o causou uma les\u00e3o ainda mais grave ou at\u00e9 fatal. \u201cO sentimento \u00e9 de indigna\u00e7\u00e3o. N\u00e3o houve tiro no pneu. Se eles suspeitavam de algo, por que n\u00e3o foram atr\u00e1s para verificar se o tiro tinha atingido ou n\u00e3o? S\u00f3 queremos que admitam o erro\u201d, afirmou. Questionado sobre o motivo de n\u00e3o ter obedecido \u00e0 ordem de parada, Mois\u00e9s explicou que trafegava em alta velocidade e n\u00e3o teve tempo de reagir. \u201cQuando recebi o tiro, continuei at\u00e9 um posto de combust\u00edvel porque fiquei com medo de parar e acontecer algo pior\u201d, disse o jovem em entrevista \u00e1 jornalista Rafaela Rodrigues. Apesar do ocorrido, o estado de sa\u00fade de Mois\u00e9s \u00e9 considerado est\u00e1vel. Ele dever\u00e1 passar por uma tomografia para avaliar a necessidade de retirada do proj\u00e9til. Caso n\u00e3o haja comprometimento de \u00f3rg\u00e3os vitais, existe a possibilidade de a bala permanecer alojada no corpo. PUBLICIDADE Os policiais envolvidos e poss\u00edveis testemunhas da ocorr\u00eancia devem ser ouvidos ainda nesta segunda-feira. J\u00e1 Mois\u00e9s dever\u00e1 prestar depoimento ap\u00f3s receber alta m\u00e9dica. Reda\u00e7\u00e3o Fotos: Portal Ra\u00edzes\/montagem","og_url":"https:\/\/portalraizesnoticias.com.br\/?p=12621","og_site_name":"Portal raizes noticias","article_published_time":"2026-04-06T19:40:07+00:00","og_image":[{"width":1080,"height":1056,"url":"https:\/\/portalraizesnoticias.com.br\/wp-content\/uploads\/2026\/04\/IMG-20260406-WA0295.jpg","type":"image\/jpeg"}],"author":"Portal Raizes","twitter_card":"summary_large_image","twitter_misc":{"Escrito por":"Portal Raizes","Est. tempo de leitura":"3 minutos"},"schema":{"@context":"https:\/\/schema.org","@graph":[{"@type":"Article","@id":"https:\/\/portalraizesnoticias.com.br\/?p=12621#article","isPartOf":{"@id":"https:\/\/portalraizesnoticias.com.br\/?p=12621"},"author":{"name":"Portal Raizes","@id":"https:\/\/portalraizesnoticias.com.br\/#\/schema\/person\/a3ca6b0fc701e78df19756c417d943ae"},"headline":"\u201cSe eu estivesse com droga ou armado, eles deveriam ter ido atr\u00e1s de mim para verificar a situa\u00e7\u00e3o, mas n\u00e3o foram\u201d, diz jovem atingido por tiro nas costas pela PRE em Concei\u00e7\u00e3o do Coit\u00e9","datePublished":"2026-04-06T19:40:07+00:00","mainEntityOfPage":{"@id":"https:\/\/portalraizesnoticias.com.br\/?p=12621"},"wordCount":473,"commentCount":1,"publisher":{"@id":"https:\/\/portalraizesnoticias.com.br\/#organization"},"image":{"@id":"https:\/\/portalraizesnoticias.com.br\/?p=12621#primaryimage"},"thumbnailUrl":"https:\/\/portalraizesnoticias.com.br\/wp-content\/uploads\/2026\/04\/IMG-20260406-WA0295.jpg","articleSection":["DESTAQUES","POLICIA","ULTIMAS NOTICIAS"],"inLanguage":"pt-BR","potentialAction":[{"@type":"CommentAction","name":"Comment","target":["https:\/\/portalraizesnoticias.com.br\/?p=12621#respond"]}]},{"@type":"WebPage","@id":"https:\/\/portalraizesnoticias.com.br\/?p=12621","url":"https:\/\/portalraizesnoticias.com.br\/?p=12621","name":"\u201cSe eu estivesse com droga ou armado, eles deveriam ter ido atr\u00e1s de mim para verificar a situa\u00e7\u00e3o, mas n\u00e3o foram\u201d, diz jovem atingido por tiro nas costas pela PRE em Concei\u00e7\u00e3o do Coit\u00e9 - Portal raizes noticias","isPartOf":{"@id":"https:\/\/portalraizesnoticias.com.br\/#website"},"primaryImageOfPage":{"@id":"https:\/\/portalraizesnoticias.com.br\/?p=12621#primaryimage"},"image":{"@id":"https:\/\/portalraizesnoticias.com.br\/?p=12621#primaryimage"},"thumbnailUrl":"https:\/\/portalraizesnoticias.com.br\/wp-content\/uploads\/2026\/04\/IMG-20260406-WA0295.jpg","datePublished":"2026-04-06T19:40:07+00:00","breadcrumb":{"@id":"https:\/\/portalraizesnoticias.com.br\/?p=12621#breadcrumb"},"inLanguage":"pt-BR","potentialAction":[{"@type":"ReadAction","target":["https:\/\/portalraizesnoticias.com.br\/?p=12621"]}]},{"@type":"ImageObject","inLanguage":"pt-BR","@id":"https:\/\/portalraizesnoticias.com.br\/?p=12621#primaryimage","url":"https:\/\/portalraizesnoticias.com.br\/wp-content\/uploads\/2026\/04\/IMG-20260406-WA0295.jpg","contentUrl":"https:\/\/portalraizesnoticias.com.br\/wp-content\/uploads\/2026\/04\/IMG-20260406-WA0295.jpg","width":1080,"height":1056},{"@type":"BreadcrumbList","@id":"https:\/\/portalraizesnoticias.com.br\/?p=12621#breadcrumb","itemListElement":[{"@type":"ListItem","position":1,"name":"In\u00edcio","item":"https:\/\/portalraizesnoticias.com.br\/"},{"@type":"ListItem","position":2,"name":"\u201cSe eu estivesse com droga ou armado, eles deveriam ter ido atr\u00e1s de mim para verificar a situa\u00e7\u00e3o, mas n\u00e3o foram\u201d, diz jovem atingido por tiro nas costas pela PRE em Concei\u00e7\u00e3o do Coit\u00e9"}]},{"@type":"WebSite","@id":"https:\/\/portalraizesnoticias.com.br\/#website","url":"https:\/\/portalraizesnoticias.com.br\/","name":"Portal raizes NOTICIAS","description":"site de noticias de concei\u00e7\u00e3o do coit\u00e9 e regi\u00e3o","publisher":{"@id":"https:\/\/portalraizesnoticias.com.br\/#organization"},"alternateName":"PORTAL RAIZES COIT\u00c9","potentialAction":[{"@type":"SearchAction","target":{"@type":"EntryPoint","urlTemplate":"https:\/\/portalraizesnoticias.com.br\/?s={search_term_string}"},"query-input":{"@type":"PropertyValueSpecification","valueRequired":true,"valueName":"search_term_string"}}],"inLanguage":"pt-BR"},{"@type":"Organization","@id":"https:\/\/portalraizesnoticias.com.br\/#organization","name":"Portal raizes NOTICIAS","url":"https:\/\/portalraizesnoticias.com.br\/","logo":{"@type":"ImageObject","inLanguage":"pt-BR","@id":"https:\/\/portalraizesnoticias.com.br\/#\/schema\/logo\/image\/","url":"https:\/\/portalraizesnoticias.com.br\/wp-content\/uploads\/2024\/09\/cropped-Captura-de-tela-2024-09-08-011108.png","contentUrl":"https:\/\/portalraizesnoticias.com.br\/wp-content\/uploads\/2024\/09\/cropped-Captura-de-tela-2024-09-08-011108.png","width":606,"height":173,"caption":"Portal raizes NOTICIAS"},"image":{"@id":"https:\/\/portalraizesnoticias.com.br\/#\/schema\/logo\/image\/"}},{"@type":"Person","@id":"https:\/\/portalraizesnoticias.com.br\/#\/schema\/person\/a3ca6b0fc701e78df19756c417d943ae","name":"Portal Raizes","image":{"@type":"ImageObject","inLanguage":"pt-BR","@id":"https:\/\/portalraizesnoticias.com.br\/#\/schema\/person\/image\/","url":"https:\/\/secure.gravatar.com\/avatar\/ef450d29013a3d3fba867a12a249d7b1?s=96&d=mm&r=g","contentUrl":"https:\/\/secure.gravatar.com\/avatar\/ef450d29013a3d3fba867a12a249d7b1?s=96&d=mm&r=g","caption":"Portal Raizes"},"url":"https:\/\/portalraizesnoticias.com.br\/?author=3"}]}},"_links":{"self":[{"href":"https:\/\/portalraizesnoticias.com.br\/index.php?rest_route=\/wp\/v2\/posts\/12621"}],"collection":[{"href":"https:\/\/portalraizesnoticias.com.br\/index.php?rest_route=\/wp\/v2\/posts"}],"about":[{"href":"https:\/\/portalraizesnoticias.com.br\/index.php?rest_route=\/wp\/v2\/types\/post"}],"author":[{"embeddable":true,"href":"https:\/\/portalraizesnoticias.com.br\/index.php?rest_route=\/wp\/v2\/users\/3"}],"replies":[{"embeddable":true,"href":"https:\/\/portalraizesnoticias.com.br\/index.php?rest_route=%2Fwp%2Fv2%2Fcomments&post=12621"}],"version-history":[{"count":7,"href":"https:\/\/portalraizesnoticias.com.br\/index.php?rest_route=\/wp\/v2\/posts\/12621\/revisions"}],"predecessor-version":[{"id":12632,"href":"https:\/\/portalraizesnoticias.com.br\/index.php?rest_route=\/wp\/v2\/posts\/12621\/revisions\/12632"}],"wp:featuredmedia":[{"embeddable":true,"href":"https:\/\/portalraizesnoticias.com.br\/index.php?rest_route=\/wp\/v2\/media\/12623"}],"wp:attachment":[{"href":"https:\/\/portalraizesnoticias.com.br\/index.php?rest_route=%2Fwp%2Fv2%2Fmedia&parent=12621"}],"wp:term":[{"taxonomy":"category","embeddable":true,"href":"https:\/\/portalraizesnoticias.com.br\/index.php?rest_route=%2Fwp%2Fv2%2Fcategories&post=12621"},{"taxonomy":"post_tag","embeddable":true,"href":"https:\/\/portalraizesnoticias.com.br\/index.php?rest_route=%2Fwp%2Fv2%2Ftags&post=12621"}],"curies":[{"name":"wp","href":"https:\/\/api.w.org\/{rel}","templated":true}]}}