{"id":12588,"date":"2026-04-05T20:23:55","date_gmt":"2026-04-05T23:23:55","guid":{"rendered":"https:\/\/portalraizesnoticias.com.br\/?p=12588"},"modified":"2026-04-05T20:23:56","modified_gmt":"2026-04-05T23:23:56","slug":"filha-denuncia-ameacas-feitas-pelo-proprio-pai-no-distrito-de-bandiacu-em-conceicao-do-coite","status":"publish","type":"post","link":"https:\/\/portalraizesnoticias.com.br\/?p=12588","title":{"rendered":"Filha denuncia amea\u00e7as feitas pelo pr\u00f3prio pai no distrito de Bandia\u00e7u em Concei\u00e7\u00e3o do Coit\u00e9"},"content":{"rendered":"<p>Uma ocorr\u00eancia de viol\u00eancia dom\u00e9stica foi registrada na manh\u00e3 deste domingo (5), no distrito de Bandia\u00e7\u00fa, em Concei\u00e7\u00e3o do Coit\u00e9.<\/p>\n<p>De acordo com informa\u00e7\u00f5es da Pol\u00edcia Militar, a guarni\u00e7\u00e3o foi acionada por volta das 08h42, ap\u00f3s den\u00fancia de que uma jovem estaria sendo amea\u00e7ada em frente \u00e0 pr\u00f3pria resid\u00eancia. A v\u00edtima, J.S\u00a0 relatou que o autor das amea\u00e7as seria o pr\u00f3prio pai que, segundo informa\u00e7\u00f5es, \u00e9 dependente de bebida alco\u00f3lica.<\/p>\n<p><img decoding=\"async\" class=\"size-medium wp-image-11228 aligncenter\" src=\"https:\/\/portalraizesnoticias.com.br\/wp-content\/uploads\/2026\/02\/IMG_8532-300x150.png\" alt=\"\" width=\"300\" height=\"150\" srcset=\"https:\/\/portalraizesnoticias.com.br\/wp-content\/uploads\/2026\/02\/IMG_8532-300x150.png 300w, https:\/\/portalraizesnoticias.com.br\/wp-content\/uploads\/2026\/02\/IMG_8532-1024x512.png 1024w, https:\/\/portalraizesnoticias.com.br\/wp-content\/uploads\/2026\/02\/IMG_8532-768x384.png 768w, https:\/\/portalraizesnoticias.com.br\/wp-content\/uploads\/2026\/02\/IMG_8532-1536x768.png 1536w, https:\/\/portalraizesnoticias.com.br\/wp-content\/uploads\/2026\/02\/IMG_8532-2048x1024.png 2048w\" sizes=\"(max-width: 300px) 100vw, 300px\" \/><\/p>\n<p>Ao chegar no local, os policiais confirmaram a veracidade da den\u00fancia. No entanto, o suspeito j\u00e1 havia fugido antes da chegada da guarni\u00e7\u00e3o. Foram realizadas buscas na regi\u00e3o\u00a0 mas at\u00e9 o momento ele n\u00e3o foi localizado.<\/p>\n<p>A v\u00edtima foi orientada a registrar um boletim de ocorr\u00eancia na Delegacia de Pol\u00edcia Civil para que as medidas cab\u00edveis sejam adotadas.<\/p>\n<p>Reda\u00e7\u00e3o.<\/p>\n","protected":false},"excerpt":{"rendered":"<p>Uma ocorr\u00eancia de viol\u00eancia dom\u00e9stica foi registrada na manh\u00e3 deste domingo (5), no distrito de Bandia\u00e7\u00fa, em Concei\u00e7\u00e3o do Coit\u00e9. De acordo com informa\u00e7\u00f5es da Pol\u00edcia Militar, a guarni\u00e7\u00e3o foi acionada por volta das 08h42, ap\u00f3s den\u00fancia de que uma jovem estaria sendo amea\u00e7ada em frente \u00e0 pr\u00f3pria resid\u00eancia. A v\u00edtima, J.S\u00a0 relatou que o autor das amea\u00e7as seria o pr\u00f3prio pai que, segundo informa\u00e7\u00f5es, \u00e9 dependente de bebida alco\u00f3lica. Ao chegar no local, os policiais confirmaram a veracidade da den\u00fancia. No entanto, o suspeito j\u00e1 havia fugido antes da chegada da guarni\u00e7\u00e3o. Foram realizadas buscas na regi\u00e3o\u00a0 mas at\u00e9 o momento ele n\u00e3o foi localizado. A v\u00edtima foi orientada a registrar um boletim de ocorr\u00eancia na Delegacia de Pol\u00edcia Civil para que as medidas cab\u00edveis sejam adotadas. Reda\u00e7\u00e3o.<\/p>\n","protected":false},"author":3,"featured_media":8169,"comment_status":"open","ping_status":"open","sticky":false,"template":"","format":"standard","meta":{"_joinchat":[],"footnotes":""},"categories":[55,67,59],"tags":[],"class_list":["post-12588","post","type-post","status-publish","format-standard","has-post-thumbnail","hentry","category-destaques","category-policia","category-ultimas-noticias"],"yoast_head":"<!-- This site is optimized with the Yoast SEO plugin v24.4 - https:\/\/yoast.com\/wordpress\/plugins\/seo\/ -->\n<title>Filha denuncia amea\u00e7as feitas pelo pr\u00f3prio pai no distrito de Bandia\u00e7u em Concei\u00e7\u00e3o do Coit\u00e9 - Portal raizes noticias<\/title>\n<meta name=\"robots\" content=\"index, follow, max-snippet:-1, max-image-preview:large, max-video-preview:-1\" \/>\n<link rel=\"canonical\" href=\"https:\/\/portalraizesnoticias.com.br\/?p=12588\" \/>\n<meta property=\"og:locale\" content=\"pt_BR\" \/>\n<meta property=\"og:type\" content=\"article\" \/>\n<meta property=\"og:title\" content=\"Filha denuncia amea\u00e7as feitas pelo pr\u00f3prio pai no distrito de Bandia\u00e7u em Concei\u00e7\u00e3o do Coit\u00e9 - Portal raizes noticias\" \/>\n<meta property=\"og:description\" content=\"Uma ocorr\u00eancia de viol\u00eancia dom\u00e9stica foi registrada na manh\u00e3 deste domingo (5), no distrito de Bandia\u00e7\u00fa, em Concei\u00e7\u00e3o do Coit\u00e9. De acordo com informa\u00e7\u00f5es da Pol\u00edcia Militar, a guarni\u00e7\u00e3o foi acionada por volta das 08h42, ap\u00f3s den\u00fancia de que uma jovem estaria sendo amea\u00e7ada em frente \u00e0 pr\u00f3pria resid\u00eancia. A v\u00edtima, J.S\u00a0 relatou que o autor das amea\u00e7as seria o pr\u00f3prio pai que, segundo informa\u00e7\u00f5es, \u00e9 dependente de bebida alco\u00f3lica. Ao chegar no local, os policiais confirmaram a veracidade da den\u00fancia. No entanto, o suspeito j\u00e1 havia fugido antes da chegada da guarni\u00e7\u00e3o. Foram realizadas buscas na regi\u00e3o\u00a0 mas at\u00e9 o momento ele n\u00e3o foi localizado. A v\u00edtima foi orientada a registrar um boletim de ocorr\u00eancia na Delegacia de Pol\u00edcia Civil para que as medidas cab\u00edveis sejam adotadas. Reda\u00e7\u00e3o.\" \/>\n<meta property=\"og:url\" content=\"https:\/\/portalraizesnoticias.com.br\/?p=12588\" \/>\n<meta property=\"og:site_name\" content=\"Portal raizes noticias\" \/>\n<meta property=\"article:published_time\" content=\"2026-04-05T23:23:55+00:00\" \/>\n<meta property=\"article:modified_time\" content=\"2026-04-05T23:23:56+00:00\" \/>\n<meta property=\"og:image\" content=\"https:\/\/portalraizesnoticias.com.br\/wp-content\/uploads\/2025\/09\/3011_ameaca-sombra-jpg.jpg\" \/>\n\t<meta property=\"og:image:width\" content=\"1068\" \/>\n\t<meta property=\"og:image:height\" content=\"588\" \/>\n\t<meta property=\"og:image:type\" content=\"image\/jpeg\" \/>\n<meta name=\"author\" content=\"Portal Raizes\" \/>\n<meta name=\"twitter:card\" content=\"summary_large_image\" \/>\n<meta name=\"twitter:label1\" content=\"Escrito por\" \/>\n\t<meta name=\"twitter:data1\" content=\"Portal Raizes\" \/>\n\t<meta name=\"twitter:label2\" content=\"Est. tempo de leitura\" \/>\n\t<meta name=\"twitter:data2\" content=\"2 minutos\" \/>\n<script type=\"application\/ld+json\" class=\"yoast-schema-graph\">{\"@context\":\"https:\/\/schema.org\",\"@graph\":[{\"@type\":\"Article\",\"@id\":\"https:\/\/portalraizesnoticias.com.br\/?p=12588#article\",\"isPartOf\":{\"@id\":\"https:\/\/portalraizesnoticias.com.br\/?p=12588\"},\"author\":{\"name\":\"Portal Raizes\",\"@id\":\"https:\/\/portalraizesnoticias.com.br\/#\/schema\/person\/a3ca6b0fc701e78df19756c417d943ae\"},\"headline\":\"Filha denuncia amea\u00e7as feitas pelo pr\u00f3prio pai no distrito de Bandia\u00e7u em Concei\u00e7\u00e3o do Coit\u00e9\",\"datePublished\":\"2026-04-05T23:23:55+00:00\",\"dateModified\":\"2026-04-05T23:23:56+00:00\",\"mainEntityOfPage\":{\"@id\":\"https:\/\/portalraizesnoticias.com.br\/?p=12588\"},\"wordCount\":172,\"commentCount\":0,\"publisher\":{\"@id\":\"https:\/\/portalraizesnoticias.com.br\/#organization\"},\"image\":{\"@id\":\"https:\/\/portalraizesnoticias.com.br\/?p=12588#primaryimage\"},\"thumbnailUrl\":\"https:\/\/portalraizesnoticias.com.br\/wp-content\/uploads\/2025\/09\/3011_ameaca-sombra-jpg.jpg\",\"articleSection\":[\"DESTAQUES\",\"POLICIA\",\"ULTIMAS NOTICIAS\"],\"inLanguage\":\"pt-BR\",\"potentialAction\":[{\"@type\":\"CommentAction\",\"name\":\"Comment\",\"target\":[\"https:\/\/portalraizesnoticias.com.br\/?p=12588#respond\"]}]},{\"@type\":\"WebPage\",\"@id\":\"https:\/\/portalraizesnoticias.com.br\/?p=12588\",\"url\":\"https:\/\/portalraizesnoticias.com.br\/?p=12588\",\"name\":\"Filha denuncia amea\u00e7as feitas pelo pr\u00f3prio pai no distrito de Bandia\u00e7u em Concei\u00e7\u00e3o do Coit\u00e9 - Portal raizes noticias\",\"isPartOf\":{\"@id\":\"https:\/\/portalraizesnoticias.com.br\/#website\"},\"primaryImageOfPage\":{\"@id\":\"https:\/\/portalraizesnoticias.com.br\/?p=12588#primaryimage\"},\"image\":{\"@id\":\"https:\/\/portalraizesnoticias.com.br\/?p=12588#primaryimage\"},\"thumbnailUrl\":\"https:\/\/portalraizesnoticias.com.br\/wp-content\/uploads\/2025\/09\/3011_ameaca-sombra-jpg.jpg\",\"datePublished\":\"2026-04-05T23:23:55+00:00\",\"dateModified\":\"2026-04-05T23:23:56+00:00\",\"breadcrumb\":{\"@id\":\"https:\/\/portalraizesnoticias.com.br\/?p=12588#breadcrumb\"},\"inLanguage\":\"pt-BR\",\"potentialAction\":[{\"@type\":\"ReadAction\",\"target\":[\"https:\/\/portalraizesnoticias.com.br\/?p=12588\"]}]},{\"@type\":\"ImageObject\",\"inLanguage\":\"pt-BR\",\"@id\":\"https:\/\/portalraizesnoticias.com.br\/?p=12588#primaryimage\",\"url\":\"https:\/\/portalraizesnoticias.com.br\/wp-content\/uploads\/2025\/09\/3011_ameaca-sombra-jpg.jpg\",\"contentUrl\":\"https:\/\/portalraizesnoticias.com.br\/wp-content\/uploads\/2025\/09\/3011_ameaca-sombra-jpg.jpg\",\"width\":1068,\"height\":588},{\"@type\":\"BreadcrumbList\",\"@id\":\"https:\/\/portalraizesnoticias.com.br\/?p=12588#breadcrumb\",\"itemListElement\":[{\"@type\":\"ListItem\",\"position\":1,\"name\":\"In\u00edcio\",\"item\":\"https:\/\/portalraizesnoticias.com.br\/\"},{\"@type\":\"ListItem\",\"position\":2,\"name\":\"Filha denuncia amea\u00e7as feitas pelo pr\u00f3prio pai no distrito de Bandia\u00e7u em Concei\u00e7\u00e3o do Coit\u00e9\"}]},{\"@type\":\"WebSite\",\"@id\":\"https:\/\/portalraizesnoticias.com.br\/#website\",\"url\":\"https:\/\/portalraizesnoticias.com.br\/\",\"name\":\"Portal raizes NOTICIAS\",\"description\":\"site de noticias de concei\u00e7\u00e3o do coit\u00e9 e regi\u00e3o\",\"publisher\":{\"@id\":\"https:\/\/portalraizesnoticias.com.br\/#organization\"},\"alternateName\":\"PORTAL RAIZES COIT\u00c9\",\"potentialAction\":[{\"@type\":\"SearchAction\",\"target\":{\"@type\":\"EntryPoint\",\"urlTemplate\":\"https:\/\/portalraizesnoticias.com.br\/?s={search_term_string}\"},\"query-input\":{\"@type\":\"PropertyValueSpecification\",\"valueRequired\":true,\"valueName\":\"search_term_string\"}}],\"inLanguage\":\"pt-BR\"},{\"@type\":\"Organization\",\"@id\":\"https:\/\/portalraizesnoticias.com.br\/#organization\",\"name\":\"Portal raizes NOTICIAS\",\"url\":\"https:\/\/portalraizesnoticias.com.br\/\",\"logo\":{\"@type\":\"ImageObject\",\"inLanguage\":\"pt-BR\",\"@id\":\"https:\/\/portalraizesnoticias.com.br\/#\/schema\/logo\/image\/\",\"url\":\"https:\/\/portalraizesnoticias.com.br\/wp-content\/uploads\/2024\/09\/cropped-Captura-de-tela-2024-09-08-011108.png\",\"contentUrl\":\"https:\/\/portalraizesnoticias.com.br\/wp-content\/uploads\/2024\/09\/cropped-Captura-de-tela-2024-09-08-011108.png\",\"width\":606,\"height\":173,\"caption\":\"Portal raizes NOTICIAS\"},\"image\":{\"@id\":\"https:\/\/portalraizesnoticias.com.br\/#\/schema\/logo\/image\/\"}},{\"@type\":\"Person\",\"@id\":\"https:\/\/portalraizesnoticias.com.br\/#\/schema\/person\/a3ca6b0fc701e78df19756c417d943ae\",\"name\":\"Portal Raizes\",\"image\":{\"@type\":\"ImageObject\",\"inLanguage\":\"pt-BR\",\"@id\":\"https:\/\/portalraizesnoticias.com.br\/#\/schema\/person\/image\/\",\"url\":\"https:\/\/secure.gravatar.com\/avatar\/ef450d29013a3d3fba867a12a249d7b1?s=96&d=mm&r=g\",\"contentUrl\":\"https:\/\/secure.gravatar.com\/avatar\/ef450d29013a3d3fba867a12a249d7b1?s=96&d=mm&r=g\",\"caption\":\"Portal Raizes\"},\"url\":\"https:\/\/portalraizesnoticias.com.br\/?author=3\"}]}<\/script>\n<!-- \/ Yoast SEO plugin. -->","yoast_head_json":{"title":"Filha denuncia amea\u00e7as feitas pelo pr\u00f3prio pai no distrito de Bandia\u00e7u em Concei\u00e7\u00e3o do Coit\u00e9 - Portal raizes noticias","robots":{"index":"index","follow":"follow","max-snippet":"max-snippet:-1","max-image-preview":"max-image-preview:large","max-video-preview":"max-video-preview:-1"},"canonical":"https:\/\/portalraizesnoticias.com.br\/?p=12588","og_locale":"pt_BR","og_type":"article","og_title":"Filha denuncia amea\u00e7as feitas pelo pr\u00f3prio pai no distrito de Bandia\u00e7u em Concei\u00e7\u00e3o do Coit\u00e9 - Portal raizes noticias","og_description":"Uma ocorr\u00eancia de viol\u00eancia dom\u00e9stica foi registrada na manh\u00e3 deste domingo (5), no distrito de Bandia\u00e7\u00fa, em Concei\u00e7\u00e3o do Coit\u00e9. De acordo com informa\u00e7\u00f5es da Pol\u00edcia Militar, a guarni\u00e7\u00e3o foi acionada por volta das 08h42, ap\u00f3s den\u00fancia de que uma jovem estaria sendo amea\u00e7ada em frente \u00e0 pr\u00f3pria resid\u00eancia. A v\u00edtima, J.S\u00a0 relatou que o autor das amea\u00e7as seria o pr\u00f3prio pai que, segundo informa\u00e7\u00f5es, \u00e9 dependente de bebida alco\u00f3lica. Ao chegar no local, os policiais confirmaram a veracidade da den\u00fancia. No entanto, o suspeito j\u00e1 havia fugido antes da chegada da guarni\u00e7\u00e3o. Foram realizadas buscas na regi\u00e3o\u00a0 mas at\u00e9 o momento ele n\u00e3o foi localizado. A v\u00edtima foi orientada a registrar um boletim de ocorr\u00eancia na Delegacia de Pol\u00edcia Civil para que as medidas cab\u00edveis sejam adotadas. Reda\u00e7\u00e3o.","og_url":"https:\/\/portalraizesnoticias.com.br\/?p=12588","og_site_name":"Portal raizes noticias","article_published_time":"2026-04-05T23:23:55+00:00","article_modified_time":"2026-04-05T23:23:56+00:00","og_image":[{"width":1068,"height":588,"url":"https:\/\/portalraizesnoticias.com.br\/wp-content\/uploads\/2025\/09\/3011_ameaca-sombra-jpg.jpg","type":"image\/jpeg"}],"author":"Portal Raizes","twitter_card":"summary_large_image","twitter_misc":{"Escrito por":"Portal Raizes","Est. tempo de leitura":"2 minutos"},"schema":{"@context":"https:\/\/schema.org","@graph":[{"@type":"Article","@id":"https:\/\/portalraizesnoticias.com.br\/?p=12588#article","isPartOf":{"@id":"https:\/\/portalraizesnoticias.com.br\/?p=12588"},"author":{"name":"Portal Raizes","@id":"https:\/\/portalraizesnoticias.com.br\/#\/schema\/person\/a3ca6b0fc701e78df19756c417d943ae"},"headline":"Filha denuncia amea\u00e7as feitas pelo pr\u00f3prio pai no distrito de Bandia\u00e7u em Concei\u00e7\u00e3o do Coit\u00e9","datePublished":"2026-04-05T23:23:55+00:00","dateModified":"2026-04-05T23:23:56+00:00","mainEntityOfPage":{"@id":"https:\/\/portalraizesnoticias.com.br\/?p=12588"},"wordCount":172,"commentCount":0,"publisher":{"@id":"https:\/\/portalraizesnoticias.com.br\/#organization"},"image":{"@id":"https:\/\/portalraizesnoticias.com.br\/?p=12588#primaryimage"},"thumbnailUrl":"https:\/\/portalraizesnoticias.com.br\/wp-content\/uploads\/2025\/09\/3011_ameaca-sombra-jpg.jpg","articleSection":["DESTAQUES","POLICIA","ULTIMAS NOTICIAS"],"inLanguage":"pt-BR","potentialAction":[{"@type":"CommentAction","name":"Comment","target":["https:\/\/portalraizesnoticias.com.br\/?p=12588#respond"]}]},{"@type":"WebPage","@id":"https:\/\/portalraizesnoticias.com.br\/?p=12588","url":"https:\/\/portalraizesnoticias.com.br\/?p=12588","name":"Filha denuncia amea\u00e7as feitas pelo pr\u00f3prio pai no distrito de Bandia\u00e7u em Concei\u00e7\u00e3o do Coit\u00e9 - Portal raizes noticias","isPartOf":{"@id":"https:\/\/portalraizesnoticias.com.br\/#website"},"primaryImageOfPage":{"@id":"https:\/\/portalraizesnoticias.com.br\/?p=12588#primaryimage"},"image":{"@id":"https:\/\/portalraizesnoticias.com.br\/?p=12588#primaryimage"},"thumbnailUrl":"https:\/\/portalraizesnoticias.com.br\/wp-content\/uploads\/2025\/09\/3011_ameaca-sombra-jpg.jpg","datePublished":"2026-04-05T23:23:55+00:00","dateModified":"2026-04-05T23:23:56+00:00","breadcrumb":{"@id":"https:\/\/portalraizesnoticias.com.br\/?p=12588#breadcrumb"},"inLanguage":"pt-BR","potentialAction":[{"@type":"ReadAction","target":["https:\/\/portalraizesnoticias.com.br\/?p=12588"]}]},{"@type":"ImageObject","inLanguage":"pt-BR","@id":"https:\/\/portalraizesnoticias.com.br\/?p=12588#primaryimage","url":"https:\/\/portalraizesnoticias.com.br\/wp-content\/uploads\/2025\/09\/3011_ameaca-sombra-jpg.jpg","contentUrl":"https:\/\/portalraizesnoticias.com.br\/wp-content\/uploads\/2025\/09\/3011_ameaca-sombra-jpg.jpg","width":1068,"height":588},{"@type":"BreadcrumbList","@id":"https:\/\/portalraizesnoticias.com.br\/?p=12588#breadcrumb","itemListElement":[{"@type":"ListItem","position":1,"name":"In\u00edcio","item":"https:\/\/portalraizesnoticias.com.br\/"},{"@type":"ListItem","position":2,"name":"Filha denuncia amea\u00e7as feitas pelo pr\u00f3prio pai no distrito de Bandia\u00e7u em Concei\u00e7\u00e3o do Coit\u00e9"}]},{"@type":"WebSite","@id":"https:\/\/portalraizesnoticias.com.br\/#website","url":"https:\/\/portalraizesnoticias.com.br\/","name":"Portal raizes NOTICIAS","description":"site de noticias de concei\u00e7\u00e3o do coit\u00e9 e regi\u00e3o","publisher":{"@id":"https:\/\/portalraizesnoticias.com.br\/#organization"},"alternateName":"PORTAL RAIZES COIT\u00c9","potentialAction":[{"@type":"SearchAction","target":{"@type":"EntryPoint","urlTemplate":"https:\/\/portalraizesnoticias.com.br\/?s={search_term_string}"},"query-input":{"@type":"PropertyValueSpecification","valueRequired":true,"valueName":"search_term_string"}}],"inLanguage":"pt-BR"},{"@type":"Organization","@id":"https:\/\/portalraizesnoticias.com.br\/#organization","name":"Portal raizes NOTICIAS","url":"https:\/\/portalraizesnoticias.com.br\/","logo":{"@type":"ImageObject","inLanguage":"pt-BR","@id":"https:\/\/portalraizesnoticias.com.br\/#\/schema\/logo\/image\/","url":"https:\/\/portalraizesnoticias.com.br\/wp-content\/uploads\/2024\/09\/cropped-Captura-de-tela-2024-09-08-011108.png","contentUrl":"https:\/\/portalraizesnoticias.com.br\/wp-content\/uploads\/2024\/09\/cropped-Captura-de-tela-2024-09-08-011108.png","width":606,"height":173,"caption":"Portal raizes NOTICIAS"},"image":{"@id":"https:\/\/portalraizesnoticias.com.br\/#\/schema\/logo\/image\/"}},{"@type":"Person","@id":"https:\/\/portalraizesnoticias.com.br\/#\/schema\/person\/a3ca6b0fc701e78df19756c417d943ae","name":"Portal Raizes","image":{"@type":"ImageObject","inLanguage":"pt-BR","@id":"https:\/\/portalraizesnoticias.com.br\/#\/schema\/person\/image\/","url":"https:\/\/secure.gravatar.com\/avatar\/ef450d29013a3d3fba867a12a249d7b1?s=96&d=mm&r=g","contentUrl":"https:\/\/secure.gravatar.com\/avatar\/ef450d29013a3d3fba867a12a249d7b1?s=96&d=mm&r=g","caption":"Portal Raizes"},"url":"https:\/\/portalraizesnoticias.com.br\/?author=3"}]}},"_links":{"self":[{"href":"https:\/\/portalraizesnoticias.com.br\/index.php?rest_route=\/wp\/v2\/posts\/12588"}],"collection":[{"href":"https:\/\/portalraizesnoticias.com.br\/index.php?rest_route=\/wp\/v2\/posts"}],"about":[{"href":"https:\/\/portalraizesnoticias.com.br\/index.php?rest_route=\/wp\/v2\/types\/post"}],"author":[{"embeddable":true,"href":"https:\/\/portalraizesnoticias.com.br\/index.php?rest_route=\/wp\/v2\/users\/3"}],"replies":[{"embeddable":true,"href":"https:\/\/portalraizesnoticias.com.br\/index.php?rest_route=%2Fwp%2Fv2%2Fcomments&post=12588"}],"version-history":[{"count":2,"href":"https:\/\/portalraizesnoticias.com.br\/index.php?rest_route=\/wp\/v2\/posts\/12588\/revisions"}],"predecessor-version":[{"id":12590,"href":"https:\/\/portalraizesnoticias.com.br\/index.php?rest_route=\/wp\/v2\/posts\/12588\/revisions\/12590"}],"wp:featuredmedia":[{"embeddable":true,"href":"https:\/\/portalraizesnoticias.com.br\/index.php?rest_route=\/wp\/v2\/media\/8169"}],"wp:attachment":[{"href":"https:\/\/portalraizesnoticias.com.br\/index.php?rest_route=%2Fwp%2Fv2%2Fmedia&parent=12588"}],"wp:term":[{"taxonomy":"category","embeddable":true,"href":"https:\/\/portalraizesnoticias.com.br\/index.php?rest_route=%2Fwp%2Fv2%2Fcategories&post=12588"},{"taxonomy":"post_tag","embeddable":true,"href":"https:\/\/portalraizesnoticias.com.br\/index.php?rest_route=%2Fwp%2Fv2%2Ftags&post=12588"}],"curies":[{"name":"wp","href":"https:\/\/api.w.org\/{rel}","templated":true}]}}