{"id":12564,"date":"2026-04-04T17:47:25","date_gmt":"2026-04-04T20:47:25","guid":{"rendered":"https:\/\/portalraizesnoticias.com.br\/?p=12564"},"modified":"2026-04-04T17:53:19","modified_gmt":"2026-04-04T20:53:19","slug":"confira-os-municipios-da-regiao-sisaleira-que-nao-registram-homicidios-ha-meses","status":"publish","type":"post","link":"https:\/\/portalraizesnoticias.com.br\/?p=12564","title":{"rendered":"Confira os munic\u00edpios da regi\u00e3o sisaleira que n\u00e3o registram homic\u00eddios h\u00e1 meses"},"content":{"rendered":"<p>Um levantamento atualizado da Pol\u00edcia Civil da Bahia, por meio da 15\u00aa Coorpin, Serrinha, aponta que diversos munic\u00edpios da regi\u00e3o sisaleira seguem com per\u00edodos expressivos sem registro de homic\u00eddios, evidenciando o trabalho cont\u00ednuo das for\u00e7as de seguran\u00e7a na investiga\u00e7\u00e3o e preven\u00e7\u00e3o de crimes.<\/p>\n<p>De acordo com o balan\u00e7o de refer\u00eancia de 02 de abril de 2026, os munic\u00edpios que se destacam s\u00e3o:<\/p>\n<p>Lamar\u00e3o \u2013 615 dias sem homic\u00eddios (\u00faltimo registro em 26\/07\/2024)<\/p>\n<p>Biritinga \u2013 416 dias (\u00faltimo registro em 10\/02\/2025)<\/p>\n<p>Retirol\u00e2ndia \u2013 386 dias (\u00faltimo registro em 03\/03\/2025)<\/p>\n<p>S\u00e3o Domingos \u2013 365 dias (\u00faltimo registro em 02\/04\/2025)<\/p>\n<p>Candeal \u2013 277 dias (\u00faltimo registro em 29\/06\/2025)<\/p>\n<p>Ichu \u2013 159 dias (\u00faltimo registro em 25\/10\/2025)<\/p>\n<p>Araci \u2013 97 dias (\u00faltimo registro em 26\/12\/2025)<\/p>\n<p>Os n\u00fameros refletem o esfor\u00e7o cont\u00ednuo das equipes policiais no combate \u00e0 criminalidade, com foco na elucida\u00e7\u00e3o de crimes, preven\u00e7\u00e3o \u00e0 viol\u00eancia e integra\u00e7\u00e3o com outras institui\u00e7\u00f5es de seguran\u00e7a. A DIRPIN Leste refor\u00e7a seu compromisso com a preserva\u00e7\u00e3o da vida e a seguran\u00e7a da popula\u00e7\u00e3o na regi\u00e3o.<\/p>\n<p>Reda\u00e7\u00e3o com informa\u00e7\u00f5es da Pol\u00edcia Civil<\/p>\n<p>Foto: Reprodu\u00e7\u00e3o<\/p>\n","protected":false},"excerpt":{"rendered":"<p>Um levantamento atualizado da Pol\u00edcia Civil da Bahia, por meio da 15\u00aa Coorpin, Serrinha, aponta que diversos munic\u00edpios da regi\u00e3o sisaleira seguem com per\u00edodos expressivos sem registro de homic\u00eddios, evidenciando o trabalho cont\u00ednuo das for\u00e7as de seguran\u00e7a na investiga\u00e7\u00e3o e preven\u00e7\u00e3o de crimes. De acordo com o balan\u00e7o de refer\u00eancia de 02 de abril de 2026, os munic\u00edpios que se destacam s\u00e3o: Lamar\u00e3o \u2013 615 dias sem homic\u00eddios (\u00faltimo registro em 26\/07\/2024) Biritinga \u2013 416 dias (\u00faltimo registro em 10\/02\/2025) Retirol\u00e2ndia \u2013 386 dias (\u00faltimo registro em 03\/03\/2025) S\u00e3o Domingos \u2013 365 dias (\u00faltimo registro em 02\/04\/2025) Candeal \u2013 277 dias (\u00faltimo registro em 29\/06\/2025) Ichu \u2013 159 dias (\u00faltimo registro em 25\/10\/2025) Araci \u2013 97 dias (\u00faltimo registro em 26\/12\/2025) Os n\u00fameros refletem o esfor\u00e7o cont\u00ednuo das equipes policiais no combate \u00e0 criminalidade, com foco na elucida\u00e7\u00e3o de crimes, preven\u00e7\u00e3o \u00e0 viol\u00eancia e integra\u00e7\u00e3o com outras institui\u00e7\u00f5es de seguran\u00e7a. A DIRPIN Leste refor\u00e7a seu compromisso com a preserva\u00e7\u00e3o da vida e a seguran\u00e7a da popula\u00e7\u00e3o na regi\u00e3o. Reda\u00e7\u00e3o com informa\u00e7\u00f5es da Pol\u00edcia Civil Foto: Reprodu\u00e7\u00e3o<\/p>\n","protected":false},"author":3,"featured_media":12568,"comment_status":"open","ping_status":"open","sticky":false,"template":"","format":"standard","meta":{"_joinchat":[],"footnotes":""},"categories":[55,67,59],"tags":[],"class_list":["post-12564","post","type-post","status-publish","format-standard","has-post-thumbnail","hentry","category-destaques","category-policia","category-ultimas-noticias"],"yoast_head":"<!-- This site is optimized with the Yoast SEO plugin v24.4 - https:\/\/yoast.com\/wordpress\/plugins\/seo\/ -->\n<title>Confira os munic\u00edpios da regi\u00e3o sisaleira que n\u00e3o registram homic\u00eddios h\u00e1 meses - Portal raizes noticias<\/title>\n<meta name=\"robots\" content=\"index, follow, max-snippet:-1, max-image-preview:large, max-video-preview:-1\" \/>\n<link rel=\"canonical\" href=\"https:\/\/portalraizesnoticias.com.br\/?p=12564\" \/>\n<meta property=\"og:locale\" content=\"pt_BR\" \/>\n<meta property=\"og:type\" content=\"article\" \/>\n<meta property=\"og:title\" content=\"Confira os munic\u00edpios da regi\u00e3o sisaleira que n\u00e3o registram homic\u00eddios h\u00e1 meses - Portal raizes noticias\" \/>\n<meta property=\"og:description\" content=\"Um levantamento atualizado da Pol\u00edcia Civil da Bahia, por meio da 15\u00aa Coorpin, Serrinha, aponta que diversos munic\u00edpios da regi\u00e3o sisaleira seguem com per\u00edodos expressivos sem registro de homic\u00eddios, evidenciando o trabalho cont\u00ednuo das for\u00e7as de seguran\u00e7a na investiga\u00e7\u00e3o e preven\u00e7\u00e3o de crimes. De acordo com o balan\u00e7o de refer\u00eancia de 02 de abril de 2026, os munic\u00edpios que se destacam s\u00e3o: Lamar\u00e3o \u2013 615 dias sem homic\u00eddios (\u00faltimo registro em 26\/07\/2024) Biritinga \u2013 416 dias (\u00faltimo registro em 10\/02\/2025) Retirol\u00e2ndia \u2013 386 dias (\u00faltimo registro em 03\/03\/2025) S\u00e3o Domingos \u2013 365 dias (\u00faltimo registro em 02\/04\/2025) Candeal \u2013 277 dias (\u00faltimo registro em 29\/06\/2025) Ichu \u2013 159 dias (\u00faltimo registro em 25\/10\/2025) Araci \u2013 97 dias (\u00faltimo registro em 26\/12\/2025) Os n\u00fameros refletem o esfor\u00e7o cont\u00ednuo das equipes policiais no combate \u00e0 criminalidade, com foco na elucida\u00e7\u00e3o de crimes, preven\u00e7\u00e3o \u00e0 viol\u00eancia e integra\u00e7\u00e3o com outras institui\u00e7\u00f5es de seguran\u00e7a. A DIRPIN Leste refor\u00e7a seu compromisso com a preserva\u00e7\u00e3o da vida e a seguran\u00e7a da popula\u00e7\u00e3o na regi\u00e3o. Reda\u00e7\u00e3o com informa\u00e7\u00f5es da Pol\u00edcia Civil Foto: Reprodu\u00e7\u00e3o\" \/>\n<meta property=\"og:url\" content=\"https:\/\/portalraizesnoticias.com.br\/?p=12564\" \/>\n<meta property=\"og:site_name\" content=\"Portal raizes noticias\" \/>\n<meta property=\"article:published_time\" content=\"2026-04-04T20:47:25+00:00\" \/>\n<meta property=\"article:modified_time\" content=\"2026-04-04T20:53:19+00:00\" \/>\n<meta property=\"og:image\" content=\"https:\/\/portalraizesnoticias.com.br\/wp-content\/uploads\/2026\/04\/IMG-20260404-WA0152.jpg\" \/>\n\t<meta property=\"og:image:width\" content=\"842\" \/>\n\t<meta property=\"og:image:height\" content=\"658\" \/>\n\t<meta property=\"og:image:type\" content=\"image\/jpeg\" \/>\n<meta name=\"author\" content=\"Portal Raizes\" \/>\n<meta name=\"twitter:card\" content=\"summary_large_image\" \/>\n<meta name=\"twitter:label1\" content=\"Escrito por\" \/>\n\t<meta name=\"twitter:data1\" content=\"Portal Raizes\" \/>\n\t<meta name=\"twitter:label2\" content=\"Est. tempo de leitura\" \/>\n\t<meta name=\"twitter:data2\" content=\"2 minutos\" \/>\n<script type=\"application\/ld+json\" class=\"yoast-schema-graph\">{\"@context\":\"https:\/\/schema.org\",\"@graph\":[{\"@type\":\"Article\",\"@id\":\"https:\/\/portalraizesnoticias.com.br\/?p=12564#article\",\"isPartOf\":{\"@id\":\"https:\/\/portalraizesnoticias.com.br\/?p=12564\"},\"author\":{\"name\":\"Portal Raizes\",\"@id\":\"https:\/\/portalraizesnoticias.com.br\/#\/schema\/person\/a3ca6b0fc701e78df19756c417d943ae\"},\"headline\":\"Confira os munic\u00edpios da regi\u00e3o sisaleira que n\u00e3o registram homic\u00eddios h\u00e1 meses\",\"datePublished\":\"2026-04-04T20:47:25+00:00\",\"dateModified\":\"2026-04-04T20:53:19+00:00\",\"mainEntityOfPage\":{\"@id\":\"https:\/\/portalraizesnoticias.com.br\/?p=12564\"},\"wordCount\":202,\"commentCount\":0,\"publisher\":{\"@id\":\"https:\/\/portalraizesnoticias.com.br\/#organization\"},\"image\":{\"@id\":\"https:\/\/portalraizesnoticias.com.br\/?p=12564#primaryimage\"},\"thumbnailUrl\":\"https:\/\/portalraizesnoticias.com.br\/wp-content\/uploads\/2026\/04\/IMG-20260404-WA0152.jpg\",\"articleSection\":[\"DESTAQUES\",\"POLICIA\",\"ULTIMAS NOTICIAS\"],\"inLanguage\":\"pt-BR\",\"potentialAction\":[{\"@type\":\"CommentAction\",\"name\":\"Comment\",\"target\":[\"https:\/\/portalraizesnoticias.com.br\/?p=12564#respond\"]}]},{\"@type\":\"WebPage\",\"@id\":\"https:\/\/portalraizesnoticias.com.br\/?p=12564\",\"url\":\"https:\/\/portalraizesnoticias.com.br\/?p=12564\",\"name\":\"Confira os munic\u00edpios da regi\u00e3o sisaleira que n\u00e3o registram homic\u00eddios h\u00e1 meses - Portal raizes noticias\",\"isPartOf\":{\"@id\":\"https:\/\/portalraizesnoticias.com.br\/#website\"},\"primaryImageOfPage\":{\"@id\":\"https:\/\/portalraizesnoticias.com.br\/?p=12564#primaryimage\"},\"image\":{\"@id\":\"https:\/\/portalraizesnoticias.com.br\/?p=12564#primaryimage\"},\"thumbnailUrl\":\"https:\/\/portalraizesnoticias.com.br\/wp-content\/uploads\/2026\/04\/IMG-20260404-WA0152.jpg\",\"datePublished\":\"2026-04-04T20:47:25+00:00\",\"dateModified\":\"2026-04-04T20:53:19+00:00\",\"breadcrumb\":{\"@id\":\"https:\/\/portalraizesnoticias.com.br\/?p=12564#breadcrumb\"},\"inLanguage\":\"pt-BR\",\"potentialAction\":[{\"@type\":\"ReadAction\",\"target\":[\"https:\/\/portalraizesnoticias.com.br\/?p=12564\"]}]},{\"@type\":\"ImageObject\",\"inLanguage\":\"pt-BR\",\"@id\":\"https:\/\/portalraizesnoticias.com.br\/?p=12564#primaryimage\",\"url\":\"https:\/\/portalraizesnoticias.com.br\/wp-content\/uploads\/2026\/04\/IMG-20260404-WA0152.jpg\",\"contentUrl\":\"https:\/\/portalraizesnoticias.com.br\/wp-content\/uploads\/2026\/04\/IMG-20260404-WA0152.jpg\",\"width\":842,\"height\":658},{\"@type\":\"BreadcrumbList\",\"@id\":\"https:\/\/portalraizesnoticias.com.br\/?p=12564#breadcrumb\",\"itemListElement\":[{\"@type\":\"ListItem\",\"position\":1,\"name\":\"In\u00edcio\",\"item\":\"https:\/\/portalraizesnoticias.com.br\/\"},{\"@type\":\"ListItem\",\"position\":2,\"name\":\"Confira os munic\u00edpios da regi\u00e3o sisaleira que n\u00e3o registram homic\u00eddios h\u00e1 meses\"}]},{\"@type\":\"WebSite\",\"@id\":\"https:\/\/portalraizesnoticias.com.br\/#website\",\"url\":\"https:\/\/portalraizesnoticias.com.br\/\",\"name\":\"Portal raizes NOTICIAS\",\"description\":\"site de noticias de concei\u00e7\u00e3o do coit\u00e9 e regi\u00e3o\",\"publisher\":{\"@id\":\"https:\/\/portalraizesnoticias.com.br\/#organization\"},\"alternateName\":\"PORTAL RAIZES COIT\u00c9\",\"potentialAction\":[{\"@type\":\"SearchAction\",\"target\":{\"@type\":\"EntryPoint\",\"urlTemplate\":\"https:\/\/portalraizesnoticias.com.br\/?s={search_term_string}\"},\"query-input\":{\"@type\":\"PropertyValueSpecification\",\"valueRequired\":true,\"valueName\":\"search_term_string\"}}],\"inLanguage\":\"pt-BR\"},{\"@type\":\"Organization\",\"@id\":\"https:\/\/portalraizesnoticias.com.br\/#organization\",\"name\":\"Portal raizes NOTICIAS\",\"url\":\"https:\/\/portalraizesnoticias.com.br\/\",\"logo\":{\"@type\":\"ImageObject\",\"inLanguage\":\"pt-BR\",\"@id\":\"https:\/\/portalraizesnoticias.com.br\/#\/schema\/logo\/image\/\",\"url\":\"https:\/\/portalraizesnoticias.com.br\/wp-content\/uploads\/2024\/09\/cropped-Captura-de-tela-2024-09-08-011108.png\",\"contentUrl\":\"https:\/\/portalraizesnoticias.com.br\/wp-content\/uploads\/2024\/09\/cropped-Captura-de-tela-2024-09-08-011108.png\",\"width\":606,\"height\":173,\"caption\":\"Portal raizes NOTICIAS\"},\"image\":{\"@id\":\"https:\/\/portalraizesnoticias.com.br\/#\/schema\/logo\/image\/\"}},{\"@type\":\"Person\",\"@id\":\"https:\/\/portalraizesnoticias.com.br\/#\/schema\/person\/a3ca6b0fc701e78df19756c417d943ae\",\"name\":\"Portal Raizes\",\"image\":{\"@type\":\"ImageObject\",\"inLanguage\":\"pt-BR\",\"@id\":\"https:\/\/portalraizesnoticias.com.br\/#\/schema\/person\/image\/\",\"url\":\"https:\/\/secure.gravatar.com\/avatar\/ef450d29013a3d3fba867a12a249d7b1?s=96&d=mm&r=g\",\"contentUrl\":\"https:\/\/secure.gravatar.com\/avatar\/ef450d29013a3d3fba867a12a249d7b1?s=96&d=mm&r=g\",\"caption\":\"Portal Raizes\"},\"url\":\"https:\/\/portalraizesnoticias.com.br\/?author=3\"}]}<\/script>\n<!-- \/ Yoast SEO plugin. -->","yoast_head_json":{"title":"Confira os munic\u00edpios da regi\u00e3o sisaleira que n\u00e3o registram homic\u00eddios h\u00e1 meses - Portal raizes noticias","robots":{"index":"index","follow":"follow","max-snippet":"max-snippet:-1","max-image-preview":"max-image-preview:large","max-video-preview":"max-video-preview:-1"},"canonical":"https:\/\/portalraizesnoticias.com.br\/?p=12564","og_locale":"pt_BR","og_type":"article","og_title":"Confira os munic\u00edpios da regi\u00e3o sisaleira que n\u00e3o registram homic\u00eddios h\u00e1 meses - Portal raizes noticias","og_description":"Um levantamento atualizado da Pol\u00edcia Civil da Bahia, por meio da 15\u00aa Coorpin, Serrinha, aponta que diversos munic\u00edpios da regi\u00e3o sisaleira seguem com per\u00edodos expressivos sem registro de homic\u00eddios, evidenciando o trabalho cont\u00ednuo das for\u00e7as de seguran\u00e7a na investiga\u00e7\u00e3o e preven\u00e7\u00e3o de crimes. De acordo com o balan\u00e7o de refer\u00eancia de 02 de abril de 2026, os munic\u00edpios que se destacam s\u00e3o: Lamar\u00e3o \u2013 615 dias sem homic\u00eddios (\u00faltimo registro em 26\/07\/2024) Biritinga \u2013 416 dias (\u00faltimo registro em 10\/02\/2025) Retirol\u00e2ndia \u2013 386 dias (\u00faltimo registro em 03\/03\/2025) S\u00e3o Domingos \u2013 365 dias (\u00faltimo registro em 02\/04\/2025) Candeal \u2013 277 dias (\u00faltimo registro em 29\/06\/2025) Ichu \u2013 159 dias (\u00faltimo registro em 25\/10\/2025) Araci \u2013 97 dias (\u00faltimo registro em 26\/12\/2025) Os n\u00fameros refletem o esfor\u00e7o cont\u00ednuo das equipes policiais no combate \u00e0 criminalidade, com foco na elucida\u00e7\u00e3o de crimes, preven\u00e7\u00e3o \u00e0 viol\u00eancia e integra\u00e7\u00e3o com outras institui\u00e7\u00f5es de seguran\u00e7a. A DIRPIN Leste refor\u00e7a seu compromisso com a preserva\u00e7\u00e3o da vida e a seguran\u00e7a da popula\u00e7\u00e3o na regi\u00e3o. Reda\u00e7\u00e3o com informa\u00e7\u00f5es da Pol\u00edcia Civil Foto: Reprodu\u00e7\u00e3o","og_url":"https:\/\/portalraizesnoticias.com.br\/?p=12564","og_site_name":"Portal raizes noticias","article_published_time":"2026-04-04T20:47:25+00:00","article_modified_time":"2026-04-04T20:53:19+00:00","og_image":[{"width":842,"height":658,"url":"https:\/\/portalraizesnoticias.com.br\/wp-content\/uploads\/2026\/04\/IMG-20260404-WA0152.jpg","type":"image\/jpeg"}],"author":"Portal Raizes","twitter_card":"summary_large_image","twitter_misc":{"Escrito por":"Portal Raizes","Est. tempo de leitura":"2 minutos"},"schema":{"@context":"https:\/\/schema.org","@graph":[{"@type":"Article","@id":"https:\/\/portalraizesnoticias.com.br\/?p=12564#article","isPartOf":{"@id":"https:\/\/portalraizesnoticias.com.br\/?p=12564"},"author":{"name":"Portal Raizes","@id":"https:\/\/portalraizesnoticias.com.br\/#\/schema\/person\/a3ca6b0fc701e78df19756c417d943ae"},"headline":"Confira os munic\u00edpios da regi\u00e3o sisaleira que n\u00e3o registram homic\u00eddios h\u00e1 meses","datePublished":"2026-04-04T20:47:25+00:00","dateModified":"2026-04-04T20:53:19+00:00","mainEntityOfPage":{"@id":"https:\/\/portalraizesnoticias.com.br\/?p=12564"},"wordCount":202,"commentCount":0,"publisher":{"@id":"https:\/\/portalraizesnoticias.com.br\/#organization"},"image":{"@id":"https:\/\/portalraizesnoticias.com.br\/?p=12564#primaryimage"},"thumbnailUrl":"https:\/\/portalraizesnoticias.com.br\/wp-content\/uploads\/2026\/04\/IMG-20260404-WA0152.jpg","articleSection":["DESTAQUES","POLICIA","ULTIMAS NOTICIAS"],"inLanguage":"pt-BR","potentialAction":[{"@type":"CommentAction","name":"Comment","target":["https:\/\/portalraizesnoticias.com.br\/?p=12564#respond"]}]},{"@type":"WebPage","@id":"https:\/\/portalraizesnoticias.com.br\/?p=12564","url":"https:\/\/portalraizesnoticias.com.br\/?p=12564","name":"Confira os munic\u00edpios da regi\u00e3o sisaleira que n\u00e3o registram homic\u00eddios h\u00e1 meses - Portal raizes noticias","isPartOf":{"@id":"https:\/\/portalraizesnoticias.com.br\/#website"},"primaryImageOfPage":{"@id":"https:\/\/portalraizesnoticias.com.br\/?p=12564#primaryimage"},"image":{"@id":"https:\/\/portalraizesnoticias.com.br\/?p=12564#primaryimage"},"thumbnailUrl":"https:\/\/portalraizesnoticias.com.br\/wp-content\/uploads\/2026\/04\/IMG-20260404-WA0152.jpg","datePublished":"2026-04-04T20:47:25+00:00","dateModified":"2026-04-04T20:53:19+00:00","breadcrumb":{"@id":"https:\/\/portalraizesnoticias.com.br\/?p=12564#breadcrumb"},"inLanguage":"pt-BR","potentialAction":[{"@type":"ReadAction","target":["https:\/\/portalraizesnoticias.com.br\/?p=12564"]}]},{"@type":"ImageObject","inLanguage":"pt-BR","@id":"https:\/\/portalraizesnoticias.com.br\/?p=12564#primaryimage","url":"https:\/\/portalraizesnoticias.com.br\/wp-content\/uploads\/2026\/04\/IMG-20260404-WA0152.jpg","contentUrl":"https:\/\/portalraizesnoticias.com.br\/wp-content\/uploads\/2026\/04\/IMG-20260404-WA0152.jpg","width":842,"height":658},{"@type":"BreadcrumbList","@id":"https:\/\/portalraizesnoticias.com.br\/?p=12564#breadcrumb","itemListElement":[{"@type":"ListItem","position":1,"name":"In\u00edcio","item":"https:\/\/portalraizesnoticias.com.br\/"},{"@type":"ListItem","position":2,"name":"Confira os munic\u00edpios da regi\u00e3o sisaleira que n\u00e3o registram homic\u00eddios h\u00e1 meses"}]},{"@type":"WebSite","@id":"https:\/\/portalraizesnoticias.com.br\/#website","url":"https:\/\/portalraizesnoticias.com.br\/","name":"Portal raizes NOTICIAS","description":"site de noticias de concei\u00e7\u00e3o do coit\u00e9 e regi\u00e3o","publisher":{"@id":"https:\/\/portalraizesnoticias.com.br\/#organization"},"alternateName":"PORTAL RAIZES COIT\u00c9","potentialAction":[{"@type":"SearchAction","target":{"@type":"EntryPoint","urlTemplate":"https:\/\/portalraizesnoticias.com.br\/?s={search_term_string}"},"query-input":{"@type":"PropertyValueSpecification","valueRequired":true,"valueName":"search_term_string"}}],"inLanguage":"pt-BR"},{"@type":"Organization","@id":"https:\/\/portalraizesnoticias.com.br\/#organization","name":"Portal raizes NOTICIAS","url":"https:\/\/portalraizesnoticias.com.br\/","logo":{"@type":"ImageObject","inLanguage":"pt-BR","@id":"https:\/\/portalraizesnoticias.com.br\/#\/schema\/logo\/image\/","url":"https:\/\/portalraizesnoticias.com.br\/wp-content\/uploads\/2024\/09\/cropped-Captura-de-tela-2024-09-08-011108.png","contentUrl":"https:\/\/portalraizesnoticias.com.br\/wp-content\/uploads\/2024\/09\/cropped-Captura-de-tela-2024-09-08-011108.png","width":606,"height":173,"caption":"Portal raizes NOTICIAS"},"image":{"@id":"https:\/\/portalraizesnoticias.com.br\/#\/schema\/logo\/image\/"}},{"@type":"Person","@id":"https:\/\/portalraizesnoticias.com.br\/#\/schema\/person\/a3ca6b0fc701e78df19756c417d943ae","name":"Portal Raizes","image":{"@type":"ImageObject","inLanguage":"pt-BR","@id":"https:\/\/portalraizesnoticias.com.br\/#\/schema\/person\/image\/","url":"https:\/\/secure.gravatar.com\/avatar\/ef450d29013a3d3fba867a12a249d7b1?s=96&d=mm&r=g","contentUrl":"https:\/\/secure.gravatar.com\/avatar\/ef450d29013a3d3fba867a12a249d7b1?s=96&d=mm&r=g","caption":"Portal Raizes"},"url":"https:\/\/portalraizesnoticias.com.br\/?author=3"}]}},"_links":{"self":[{"href":"https:\/\/portalraizesnoticias.com.br\/index.php?rest_route=\/wp\/v2\/posts\/12564"}],"collection":[{"href":"https:\/\/portalraizesnoticias.com.br\/index.php?rest_route=\/wp\/v2\/posts"}],"about":[{"href":"https:\/\/portalraizesnoticias.com.br\/index.php?rest_route=\/wp\/v2\/types\/post"}],"author":[{"embeddable":true,"href":"https:\/\/portalraizesnoticias.com.br\/index.php?rest_route=\/wp\/v2\/users\/3"}],"replies":[{"embeddable":true,"href":"https:\/\/portalraizesnoticias.com.br\/index.php?rest_route=%2Fwp%2Fv2%2Fcomments&post=12564"}],"version-history":[{"count":5,"href":"https:\/\/portalraizesnoticias.com.br\/index.php?rest_route=\/wp\/v2\/posts\/12564\/revisions"}],"predecessor-version":[{"id":12570,"href":"https:\/\/portalraizesnoticias.com.br\/index.php?rest_route=\/wp\/v2\/posts\/12564\/revisions\/12570"}],"wp:featuredmedia":[{"embeddable":true,"href":"https:\/\/portalraizesnoticias.com.br\/index.php?rest_route=\/wp\/v2\/media\/12568"}],"wp:attachment":[{"href":"https:\/\/portalraizesnoticias.com.br\/index.php?rest_route=%2Fwp%2Fv2%2Fmedia&parent=12564"}],"wp:term":[{"taxonomy":"category","embeddable":true,"href":"https:\/\/portalraizesnoticias.com.br\/index.php?rest_route=%2Fwp%2Fv2%2Fcategories&post=12564"},{"taxonomy":"post_tag","embeddable":true,"href":"https:\/\/portalraizesnoticias.com.br\/index.php?rest_route=%2Fwp%2Fv2%2Ftags&post=12564"}],"curies":[{"name":"wp","href":"https:\/\/api.w.org\/{rel}","templated":true}]}}