{"id":12549,"date":"2026-04-03T21:37:23","date_gmt":"2026-04-04T00:37:23","guid":{"rendered":"https:\/\/portalraizesnoticias.com.br\/?p=12549"},"modified":"2026-04-03T21:37:24","modified_gmt":"2026-04-04T00:37:24","slug":"jovem-e-atingido-por-garrafada-e-sofre-cortes-no-rosto-no-bairro-da-mansao-em-conceicao-do-coite","status":"publish","type":"post","link":"https:\/\/portalraizesnoticias.com.br\/?p=12549","title":{"rendered":"Jovem \u00e9 atingido por garrafada e sofre cortes no rosto no bairro da Mans\u00e3o em Concei\u00e7\u00e3o do Coit\u00e9"},"content":{"rendered":"<p>Na noite desta sexta-feira (3), feriado, um jovem ficou ferido ap\u00f3s ser atingido por uma garrafada no bairro da Mans\u00e3o, em Concei\u00e7\u00e3o do Coit\u00e9.<\/p>\n<p>Segundo informa\u00e7\u00f5es, os envolvidos estavam consumindo bebida alco\u00f3lica quando teve in\u00edcio uma discuss\u00e3o, que acabou evoluindo para agress\u00e3o e resultou em les\u00e3o corporal.<\/p>\n<p>De acordo com o coordenador do \u00c1guia Resgate, Gildo Carneiro, a v\u00edtima, de iniciais J.B., de 18 anos, sofreu v\u00e1rias lacera\u00e7\u00f5es na face.<\/p>\n<p><img fetchpriority=\"high\" decoding=\"async\" class=\"size-medium wp-image-12552 aligncenter\" src=\"https:\/\/portalraizesnoticias.com.br\/wp-content\/uploads\/2026\/04\/IMG-20260403-WA0309-225x300.jpg\" alt=\"\" width=\"225\" height=\"300\" srcset=\"https:\/\/portalraizesnoticias.com.br\/wp-content\/uploads\/2026\/04\/IMG-20260403-WA0309-225x300.jpg 225w, https:\/\/portalraizesnoticias.com.br\/wp-content\/uploads\/2026\/04\/IMG-20260403-WA0309-768x1024.jpg 768w, https:\/\/portalraizesnoticias.com.br\/wp-content\/uploads\/2026\/04\/IMG-20260403-WA0309-1152x1536.jpg 1152w, https:\/\/portalraizesnoticias.com.br\/wp-content\/uploads\/2026\/04\/IMG-20260403-WA0309.jpg 1200w\" sizes=\"(max-width: 225px) 100vw, 225px\" \/><\/p>\n<p>O jovem foi socorrido e encaminhado para a emerg\u00eancia do Hospital Portugu\u00eas de Coit\u00e9, onde passar\u00e1 por procedimentos de sutura.<\/p>\n","protected":false},"excerpt":{"rendered":"<p>Na noite desta sexta-feira (3), feriado, um jovem ficou ferido ap\u00f3s ser atingido por uma garrafada no bairro da Mans\u00e3o, em Concei\u00e7\u00e3o do Coit\u00e9. Segundo informa\u00e7\u00f5es, os envolvidos estavam consumindo bebida alco\u00f3lica quando teve in\u00edcio uma discuss\u00e3o, que acabou evoluindo para agress\u00e3o e resultou em les\u00e3o corporal. De acordo com o coordenador do \u00c1guia Resgate, Gildo Carneiro, a v\u00edtima, de iniciais J.B., de 18 anos, sofreu v\u00e1rias lacera\u00e7\u00f5es na face. O jovem foi socorrido e encaminhado para a emerg\u00eancia do Hospital Portugu\u00eas de Coit\u00e9, onde passar\u00e1 por procedimentos de sutura.<\/p>\n","protected":false},"author":3,"featured_media":12551,"comment_status":"open","ping_status":"open","sticky":false,"template":"","format":"standard","meta":{"_joinchat":[],"footnotes":""},"categories":[55,67,59],"tags":[],"class_list":["post-12549","post","type-post","status-publish","format-standard","has-post-thumbnail","hentry","category-destaques","category-policia","category-ultimas-noticias"],"yoast_head":"<!-- This site is optimized with the Yoast SEO plugin v24.4 - https:\/\/yoast.com\/wordpress\/plugins\/seo\/ -->\n<title>Jovem \u00e9 atingido por garrafada e sofre cortes no rosto no bairro da Mans\u00e3o em Concei\u00e7\u00e3o do Coit\u00e9 - Portal raizes noticias<\/title>\n<meta name=\"robots\" content=\"index, follow, max-snippet:-1, max-image-preview:large, max-video-preview:-1\" \/>\n<link rel=\"canonical\" href=\"https:\/\/portalraizesnoticias.com.br\/?p=12549\" \/>\n<meta property=\"og:locale\" content=\"pt_BR\" \/>\n<meta property=\"og:type\" content=\"article\" \/>\n<meta property=\"og:title\" content=\"Jovem \u00e9 atingido por garrafada e sofre cortes no rosto no bairro da Mans\u00e3o em Concei\u00e7\u00e3o do Coit\u00e9 - Portal raizes noticias\" \/>\n<meta property=\"og:description\" content=\"Na noite desta sexta-feira (3), feriado, um jovem ficou ferido ap\u00f3s ser atingido por uma garrafada no bairro da Mans\u00e3o, em Concei\u00e7\u00e3o do Coit\u00e9. Segundo informa\u00e7\u00f5es, os envolvidos estavam consumindo bebida alco\u00f3lica quando teve in\u00edcio uma discuss\u00e3o, que acabou evoluindo para agress\u00e3o e resultou em les\u00e3o corporal. De acordo com o coordenador do \u00c1guia Resgate, Gildo Carneiro, a v\u00edtima, de iniciais J.B., de 18 anos, sofreu v\u00e1rias lacera\u00e7\u00f5es na face. O jovem foi socorrido e encaminhado para a emerg\u00eancia do Hospital Portugu\u00eas de Coit\u00e9, onde passar\u00e1 por procedimentos de sutura.\" \/>\n<meta property=\"og:url\" content=\"https:\/\/portalraizesnoticias.com.br\/?p=12549\" \/>\n<meta property=\"og:site_name\" content=\"Portal raizes noticias\" \/>\n<meta property=\"article:published_time\" content=\"2026-04-04T00:37:23+00:00\" \/>\n<meta property=\"article:modified_time\" content=\"2026-04-04T00:37:24+00:00\" \/>\n<meta property=\"og:image\" content=\"https:\/\/portalraizesnoticias.com.br\/wp-content\/uploads\/2026\/04\/20260403213630-scaled.jpg\" \/>\n\t<meta property=\"og:image:width\" content=\"2560\" \/>\n\t<meta property=\"og:image:height\" content=\"2560\" \/>\n\t<meta property=\"og:image:type\" content=\"image\/jpeg\" \/>\n<meta name=\"author\" content=\"Portal Raizes\" \/>\n<meta name=\"twitter:card\" content=\"summary_large_image\" \/>\n<meta name=\"twitter:label1\" content=\"Escrito por\" \/>\n\t<meta name=\"twitter:data1\" content=\"Portal Raizes\" \/>\n\t<meta name=\"twitter:label2\" content=\"Est. tempo de leitura\" \/>\n\t<meta name=\"twitter:data2\" content=\"1 minuto\" \/>\n<script type=\"application\/ld+json\" class=\"yoast-schema-graph\">{\"@context\":\"https:\/\/schema.org\",\"@graph\":[{\"@type\":\"Article\",\"@id\":\"https:\/\/portalraizesnoticias.com.br\/?p=12549#article\",\"isPartOf\":{\"@id\":\"https:\/\/portalraizesnoticias.com.br\/?p=12549\"},\"author\":{\"name\":\"Portal Raizes\",\"@id\":\"https:\/\/portalraizesnoticias.com.br\/#\/schema\/person\/a3ca6b0fc701e78df19756c417d943ae\"},\"headline\":\"Jovem \u00e9 atingido por garrafada e sofre cortes no rosto no bairro da Mans\u00e3o em Concei\u00e7\u00e3o do Coit\u00e9\",\"datePublished\":\"2026-04-04T00:37:23+00:00\",\"dateModified\":\"2026-04-04T00:37:24+00:00\",\"mainEntityOfPage\":{\"@id\":\"https:\/\/portalraizesnoticias.com.br\/?p=12549\"},\"wordCount\":122,\"commentCount\":0,\"publisher\":{\"@id\":\"https:\/\/portalraizesnoticias.com.br\/#organization\"},\"image\":{\"@id\":\"https:\/\/portalraizesnoticias.com.br\/?p=12549#primaryimage\"},\"thumbnailUrl\":\"https:\/\/portalraizesnoticias.com.br\/wp-content\/uploads\/2026\/04\/20260403213630-scaled.jpg\",\"articleSection\":[\"DESTAQUES\",\"POLICIA\",\"ULTIMAS NOTICIAS\"],\"inLanguage\":\"pt-BR\",\"potentialAction\":[{\"@type\":\"CommentAction\",\"name\":\"Comment\",\"target\":[\"https:\/\/portalraizesnoticias.com.br\/?p=12549#respond\"]}]},{\"@type\":\"WebPage\",\"@id\":\"https:\/\/portalraizesnoticias.com.br\/?p=12549\",\"url\":\"https:\/\/portalraizesnoticias.com.br\/?p=12549\",\"name\":\"Jovem \u00e9 atingido por garrafada e sofre cortes no rosto no bairro da Mans\u00e3o em Concei\u00e7\u00e3o do Coit\u00e9 - Portal raizes noticias\",\"isPartOf\":{\"@id\":\"https:\/\/portalraizesnoticias.com.br\/#website\"},\"primaryImageOfPage\":{\"@id\":\"https:\/\/portalraizesnoticias.com.br\/?p=12549#primaryimage\"},\"image\":{\"@id\":\"https:\/\/portalraizesnoticias.com.br\/?p=12549#primaryimage\"},\"thumbnailUrl\":\"https:\/\/portalraizesnoticias.com.br\/wp-content\/uploads\/2026\/04\/20260403213630-scaled.jpg\",\"datePublished\":\"2026-04-04T00:37:23+00:00\",\"dateModified\":\"2026-04-04T00:37:24+00:00\",\"breadcrumb\":{\"@id\":\"https:\/\/portalraizesnoticias.com.br\/?p=12549#breadcrumb\"},\"inLanguage\":\"pt-BR\",\"potentialAction\":[{\"@type\":\"ReadAction\",\"target\":[\"https:\/\/portalraizesnoticias.com.br\/?p=12549\"]}]},{\"@type\":\"ImageObject\",\"inLanguage\":\"pt-BR\",\"@id\":\"https:\/\/portalraizesnoticias.com.br\/?p=12549#primaryimage\",\"url\":\"https:\/\/portalraizesnoticias.com.br\/wp-content\/uploads\/2026\/04\/20260403213630-scaled.jpg\",\"contentUrl\":\"https:\/\/portalraizesnoticias.com.br\/wp-content\/uploads\/2026\/04\/20260403213630-scaled.jpg\",\"width\":2560,\"height\":2560},{\"@type\":\"BreadcrumbList\",\"@id\":\"https:\/\/portalraizesnoticias.com.br\/?p=12549#breadcrumb\",\"itemListElement\":[{\"@type\":\"ListItem\",\"position\":1,\"name\":\"In\u00edcio\",\"item\":\"https:\/\/portalraizesnoticias.com.br\/\"},{\"@type\":\"ListItem\",\"position\":2,\"name\":\"Jovem \u00e9 atingido por garrafada e sofre cortes no rosto no bairro da Mans\u00e3o em Concei\u00e7\u00e3o do Coit\u00e9\"}]},{\"@type\":\"WebSite\",\"@id\":\"https:\/\/portalraizesnoticias.com.br\/#website\",\"url\":\"https:\/\/portalraizesnoticias.com.br\/\",\"name\":\"Portal raizes NOTICIAS\",\"description\":\"site de noticias de concei\u00e7\u00e3o do coit\u00e9 e regi\u00e3o\",\"publisher\":{\"@id\":\"https:\/\/portalraizesnoticias.com.br\/#organization\"},\"alternateName\":\"PORTAL RAIZES COIT\u00c9\",\"potentialAction\":[{\"@type\":\"SearchAction\",\"target\":{\"@type\":\"EntryPoint\",\"urlTemplate\":\"https:\/\/portalraizesnoticias.com.br\/?s={search_term_string}\"},\"query-input\":{\"@type\":\"PropertyValueSpecification\",\"valueRequired\":true,\"valueName\":\"search_term_string\"}}],\"inLanguage\":\"pt-BR\"},{\"@type\":\"Organization\",\"@id\":\"https:\/\/portalraizesnoticias.com.br\/#organization\",\"name\":\"Portal raizes NOTICIAS\",\"url\":\"https:\/\/portalraizesnoticias.com.br\/\",\"logo\":{\"@type\":\"ImageObject\",\"inLanguage\":\"pt-BR\",\"@id\":\"https:\/\/portalraizesnoticias.com.br\/#\/schema\/logo\/image\/\",\"url\":\"https:\/\/portalraizesnoticias.com.br\/wp-content\/uploads\/2024\/09\/cropped-Captura-de-tela-2024-09-08-011108.png\",\"contentUrl\":\"https:\/\/portalraizesnoticias.com.br\/wp-content\/uploads\/2024\/09\/cropped-Captura-de-tela-2024-09-08-011108.png\",\"width\":606,\"height\":173,\"caption\":\"Portal raizes NOTICIAS\"},\"image\":{\"@id\":\"https:\/\/portalraizesnoticias.com.br\/#\/schema\/logo\/image\/\"}},{\"@type\":\"Person\",\"@id\":\"https:\/\/portalraizesnoticias.com.br\/#\/schema\/person\/a3ca6b0fc701e78df19756c417d943ae\",\"name\":\"Portal Raizes\",\"image\":{\"@type\":\"ImageObject\",\"inLanguage\":\"pt-BR\",\"@id\":\"https:\/\/portalraizesnoticias.com.br\/#\/schema\/person\/image\/\",\"url\":\"https:\/\/secure.gravatar.com\/avatar\/ef450d29013a3d3fba867a12a249d7b1?s=96&d=mm&r=g\",\"contentUrl\":\"https:\/\/secure.gravatar.com\/avatar\/ef450d29013a3d3fba867a12a249d7b1?s=96&d=mm&r=g\",\"caption\":\"Portal Raizes\"},\"url\":\"https:\/\/portalraizesnoticias.com.br\/?author=3\"}]}<\/script>\n<!-- \/ Yoast SEO plugin. -->","yoast_head_json":{"title":"Jovem \u00e9 atingido por garrafada e sofre cortes no rosto no bairro da Mans\u00e3o em Concei\u00e7\u00e3o do Coit\u00e9 - Portal raizes noticias","robots":{"index":"index","follow":"follow","max-snippet":"max-snippet:-1","max-image-preview":"max-image-preview:large","max-video-preview":"max-video-preview:-1"},"canonical":"https:\/\/portalraizesnoticias.com.br\/?p=12549","og_locale":"pt_BR","og_type":"article","og_title":"Jovem \u00e9 atingido por garrafada e sofre cortes no rosto no bairro da Mans\u00e3o em Concei\u00e7\u00e3o do Coit\u00e9 - Portal raizes noticias","og_description":"Na noite desta sexta-feira (3), feriado, um jovem ficou ferido ap\u00f3s ser atingido por uma garrafada no bairro da Mans\u00e3o, em Concei\u00e7\u00e3o do Coit\u00e9. Segundo informa\u00e7\u00f5es, os envolvidos estavam consumindo bebida alco\u00f3lica quando teve in\u00edcio uma discuss\u00e3o, que acabou evoluindo para agress\u00e3o e resultou em les\u00e3o corporal. De acordo com o coordenador do \u00c1guia Resgate, Gildo Carneiro, a v\u00edtima, de iniciais J.B., de 18 anos, sofreu v\u00e1rias lacera\u00e7\u00f5es na face. O jovem foi socorrido e encaminhado para a emerg\u00eancia do Hospital Portugu\u00eas de Coit\u00e9, onde passar\u00e1 por procedimentos de sutura.","og_url":"https:\/\/portalraizesnoticias.com.br\/?p=12549","og_site_name":"Portal raizes noticias","article_published_time":"2026-04-04T00:37:23+00:00","article_modified_time":"2026-04-04T00:37:24+00:00","og_image":[{"width":2560,"height":2560,"url":"https:\/\/portalraizesnoticias.com.br\/wp-content\/uploads\/2026\/04\/20260403213630-scaled.jpg","type":"image\/jpeg"}],"author":"Portal Raizes","twitter_card":"summary_large_image","twitter_misc":{"Escrito por":"Portal Raizes","Est. tempo de leitura":"1 minuto"},"schema":{"@context":"https:\/\/schema.org","@graph":[{"@type":"Article","@id":"https:\/\/portalraizesnoticias.com.br\/?p=12549#article","isPartOf":{"@id":"https:\/\/portalraizesnoticias.com.br\/?p=12549"},"author":{"name":"Portal Raizes","@id":"https:\/\/portalraizesnoticias.com.br\/#\/schema\/person\/a3ca6b0fc701e78df19756c417d943ae"},"headline":"Jovem \u00e9 atingido por garrafada e sofre cortes no rosto no bairro da Mans\u00e3o em Concei\u00e7\u00e3o do Coit\u00e9","datePublished":"2026-04-04T00:37:23+00:00","dateModified":"2026-04-04T00:37:24+00:00","mainEntityOfPage":{"@id":"https:\/\/portalraizesnoticias.com.br\/?p=12549"},"wordCount":122,"commentCount":0,"publisher":{"@id":"https:\/\/portalraizesnoticias.com.br\/#organization"},"image":{"@id":"https:\/\/portalraizesnoticias.com.br\/?p=12549#primaryimage"},"thumbnailUrl":"https:\/\/portalraizesnoticias.com.br\/wp-content\/uploads\/2026\/04\/20260403213630-scaled.jpg","articleSection":["DESTAQUES","POLICIA","ULTIMAS NOTICIAS"],"inLanguage":"pt-BR","potentialAction":[{"@type":"CommentAction","name":"Comment","target":["https:\/\/portalraizesnoticias.com.br\/?p=12549#respond"]}]},{"@type":"WebPage","@id":"https:\/\/portalraizesnoticias.com.br\/?p=12549","url":"https:\/\/portalraizesnoticias.com.br\/?p=12549","name":"Jovem \u00e9 atingido por garrafada e sofre cortes no rosto no bairro da Mans\u00e3o em Concei\u00e7\u00e3o do Coit\u00e9 - Portal raizes noticias","isPartOf":{"@id":"https:\/\/portalraizesnoticias.com.br\/#website"},"primaryImageOfPage":{"@id":"https:\/\/portalraizesnoticias.com.br\/?p=12549#primaryimage"},"image":{"@id":"https:\/\/portalraizesnoticias.com.br\/?p=12549#primaryimage"},"thumbnailUrl":"https:\/\/portalraizesnoticias.com.br\/wp-content\/uploads\/2026\/04\/20260403213630-scaled.jpg","datePublished":"2026-04-04T00:37:23+00:00","dateModified":"2026-04-04T00:37:24+00:00","breadcrumb":{"@id":"https:\/\/portalraizesnoticias.com.br\/?p=12549#breadcrumb"},"inLanguage":"pt-BR","potentialAction":[{"@type":"ReadAction","target":["https:\/\/portalraizesnoticias.com.br\/?p=12549"]}]},{"@type":"ImageObject","inLanguage":"pt-BR","@id":"https:\/\/portalraizesnoticias.com.br\/?p=12549#primaryimage","url":"https:\/\/portalraizesnoticias.com.br\/wp-content\/uploads\/2026\/04\/20260403213630-scaled.jpg","contentUrl":"https:\/\/portalraizesnoticias.com.br\/wp-content\/uploads\/2026\/04\/20260403213630-scaled.jpg","width":2560,"height":2560},{"@type":"BreadcrumbList","@id":"https:\/\/portalraizesnoticias.com.br\/?p=12549#breadcrumb","itemListElement":[{"@type":"ListItem","position":1,"name":"In\u00edcio","item":"https:\/\/portalraizesnoticias.com.br\/"},{"@type":"ListItem","position":2,"name":"Jovem \u00e9 atingido por garrafada e sofre cortes no rosto no bairro da Mans\u00e3o em Concei\u00e7\u00e3o do Coit\u00e9"}]},{"@type":"WebSite","@id":"https:\/\/portalraizesnoticias.com.br\/#website","url":"https:\/\/portalraizesnoticias.com.br\/","name":"Portal raizes NOTICIAS","description":"site de noticias de concei\u00e7\u00e3o do coit\u00e9 e regi\u00e3o","publisher":{"@id":"https:\/\/portalraizesnoticias.com.br\/#organization"},"alternateName":"PORTAL RAIZES COIT\u00c9","potentialAction":[{"@type":"SearchAction","target":{"@type":"EntryPoint","urlTemplate":"https:\/\/portalraizesnoticias.com.br\/?s={search_term_string}"},"query-input":{"@type":"PropertyValueSpecification","valueRequired":true,"valueName":"search_term_string"}}],"inLanguage":"pt-BR"},{"@type":"Organization","@id":"https:\/\/portalraizesnoticias.com.br\/#organization","name":"Portal raizes NOTICIAS","url":"https:\/\/portalraizesnoticias.com.br\/","logo":{"@type":"ImageObject","inLanguage":"pt-BR","@id":"https:\/\/portalraizesnoticias.com.br\/#\/schema\/logo\/image\/","url":"https:\/\/portalraizesnoticias.com.br\/wp-content\/uploads\/2024\/09\/cropped-Captura-de-tela-2024-09-08-011108.png","contentUrl":"https:\/\/portalraizesnoticias.com.br\/wp-content\/uploads\/2024\/09\/cropped-Captura-de-tela-2024-09-08-011108.png","width":606,"height":173,"caption":"Portal raizes NOTICIAS"},"image":{"@id":"https:\/\/portalraizesnoticias.com.br\/#\/schema\/logo\/image\/"}},{"@type":"Person","@id":"https:\/\/portalraizesnoticias.com.br\/#\/schema\/person\/a3ca6b0fc701e78df19756c417d943ae","name":"Portal Raizes","image":{"@type":"ImageObject","inLanguage":"pt-BR","@id":"https:\/\/portalraizesnoticias.com.br\/#\/schema\/person\/image\/","url":"https:\/\/secure.gravatar.com\/avatar\/ef450d29013a3d3fba867a12a249d7b1?s=96&d=mm&r=g","contentUrl":"https:\/\/secure.gravatar.com\/avatar\/ef450d29013a3d3fba867a12a249d7b1?s=96&d=mm&r=g","caption":"Portal Raizes"},"url":"https:\/\/portalraizesnoticias.com.br\/?author=3"}]}},"_links":{"self":[{"href":"https:\/\/portalraizesnoticias.com.br\/index.php?rest_route=\/wp\/v2\/posts\/12549"}],"collection":[{"href":"https:\/\/portalraizesnoticias.com.br\/index.php?rest_route=\/wp\/v2\/posts"}],"about":[{"href":"https:\/\/portalraizesnoticias.com.br\/index.php?rest_route=\/wp\/v2\/types\/post"}],"author":[{"embeddable":true,"href":"https:\/\/portalraizesnoticias.com.br\/index.php?rest_route=\/wp\/v2\/users\/3"}],"replies":[{"embeddable":true,"href":"https:\/\/portalraizesnoticias.com.br\/index.php?rest_route=%2Fwp%2Fv2%2Fcomments&post=12549"}],"version-history":[{"count":2,"href":"https:\/\/portalraizesnoticias.com.br\/index.php?rest_route=\/wp\/v2\/posts\/12549\/revisions"}],"predecessor-version":[{"id":12553,"href":"https:\/\/portalraizesnoticias.com.br\/index.php?rest_route=\/wp\/v2\/posts\/12549\/revisions\/12553"}],"wp:featuredmedia":[{"embeddable":true,"href":"https:\/\/portalraizesnoticias.com.br\/index.php?rest_route=\/wp\/v2\/media\/12551"}],"wp:attachment":[{"href":"https:\/\/portalraizesnoticias.com.br\/index.php?rest_route=%2Fwp%2Fv2%2Fmedia&parent=12549"}],"wp:term":[{"taxonomy":"category","embeddable":true,"href":"https:\/\/portalraizesnoticias.com.br\/index.php?rest_route=%2Fwp%2Fv2%2Fcategories&post=12549"},{"taxonomy":"post_tag","embeddable":true,"href":"https:\/\/portalraizesnoticias.com.br\/index.php?rest_route=%2Fwp%2Fv2%2Ftags&post=12549"}],"curies":[{"name":"wp","href":"https:\/\/api.w.org\/{rel}","templated":true}]}}