{"id":12521,"date":"2026-04-02T15:31:24","date_gmt":"2026-04-02T18:31:24","guid":{"rendered":"https:\/\/portalraizesnoticias.com.br\/?p=12521"},"modified":"2026-04-02T15:31:24","modified_gmt":"2026-04-02T18:31:24","slug":"opiniao-transformar-recortes-de-video-em-verdade-e-desinformar-saiba-os-detalhes-da-polemica-envolvendo-o-prefeito-de-conceicao-do-coite-e-uma-vereadora-da-propria-base","status":"publish","type":"post","link":"https:\/\/portalraizesnoticias.com.br\/?p=12521","title":{"rendered":"Opini\u00e3o: transformar recortes de v\u00eddeo em verdade \u00e9 desinformar! Saiba os detalhes da pol\u00eamica envolvendo o prefeito de Concei\u00e7\u00e3o do Coit\u00e9 e uma vereadora da pr\u00f3pria base"},"content":{"rendered":"<p><strong>OPINI\u00c3O<\/strong> &#8211; mais de duas d\u00e9cadas atuando no jornalismo brasileiro, talvez esta seja a primeira\u00a0 e possivelmente a \u00faltima que emito uma opini\u00e3o no \u00e2mbito\u00a0 da pol\u00edtica eleitoral. Alguns ir\u00e3o concordar, outros n\u00e3o. E tudo bem. Como a maioria das pessoas sabe, n\u00e3o tenho prefer\u00eancias pol\u00edticas, at\u00e9 porque tenho respeito e carinho tanto pela atual gest\u00e3o quanto pela oposi\u00e7\u00e3o<\/p>\n<p><strong>Leia tamb\u00e9m:<\/strong><a href=\"https:\/\/portalraizesnoticias.com.br\/em-forte-desabafo-prefeito-de-conceicao-do-coite-cita-retaliacao-do-governo-da-bahia-explica-obra-de-hospital-parada-ausencia-em-agenda-do-governador-e-critica-atitude-de-vereador\/\">Em forte desabafo, prefeito de Concei\u00e7\u00e3o do Coit\u00e9 cita \u201cretalia\u00e7\u00e3o\u201d do governo da Bahia, explica obra de hospital parada, aus\u00eancia em agenda do governador e critica atitude de vereadora da pr\u00f3pria base<\/a><\/p>\n<p>No entanto, como profissional da comunica\u00e7\u00e3o, preciso ser justa. E \u00e9 ineg\u00e1vel que alguns colegas da imprensa distorceram de forma preocupante a fala do prefeito de Concei\u00e7\u00e3o do Coit\u00e9, Marcelo Ara\u00fajo, ao comentar o posicionamento de uma vereadora da pr\u00f3pria base sobre a cria\u00e7\u00e3o de uma Secretaria da Mulher.<\/p>\n<p><strong>E h\u00e1 uma forma muito simples de entender o que realmente foi dito: basta assistir ao conte\u00fado na \u00edntegra:<\/strong><\/p>\n<p><iframe title=\"8\u00aa Ordin\u00e1ria de 2026 da 2\u00aa Sess\u00e3o Legislativa da 20\u00aa Legislatura  Abertura: 30\/03\/2026 - \u00e0s 09h\u201d\" width=\"960\" height=\"540\" src=\"https:\/\/www.youtube.com\/embed\/zbNLAFF8O84?feature=oembed\" frameborder=\"0\" allow=\"accelerometer; autoplay; clipboard-write; encrypted-media; gyroscope; picture-in-picture; web-share\" referrerpolicy=\"strict-origin-when-cross-origin\" allowfullscreen><\/iframe><\/p>\n<p>Fiz a transcri\u00e7\u00e3o completa da fala do prefeito durante a tribuna livre e percebi que muitas interpreta\u00e7\u00f5es equivocadas surgiram, impulsionadas pelo sensacionalismo.<\/p>\n<p>Quando Marcelo afirma que a secretaria seria uma \u201cloucura\u201d, essa express\u00e3o foi retirada de contexto. Ao analisar a fala completa, fica claro que ele se referia \u00e0 forma como a proposta foi apresentada, e n\u00e3o necessariamente \u00e0 cria\u00e7\u00e3o da secretaria em si.<\/p>\n<p><strong>Ao meu entendimento, o prefeito destacou que j\u00e1 existem, sim, \u00f3rg\u00e3os e setores que oferecem suporte \u00e0s mulheres no munic\u00edpio, inclusive estruturas herdadas de gest\u00f5es anteriores,\u00a0 e que, neste momento, a indica\u00e7\u00e3o formal n\u00e3o seria a medida mais adequada.<\/strong><\/p>\n<p>Por outro lado, ao observar tamb\u00e9m o posicionamento da vereadora, pode-se ter a impress\u00e3o de que a popula\u00e7\u00e3o feminina est\u00e1 completamente desassistida, o que n\u00e3o corresponde integralmente \u00e0 realidade.<\/p>\n<p><strong>Outro ponto importante \u00e9 que a cria\u00e7\u00e3o de uma secretaria, por si s\u00f3, n\u00e3o resolve um problema t\u00e3o complexo como a viol\u00eancia dom\u00e9stica. Trata-se de uma quest\u00e3o que envolve m\u00faltiplos fatores: pol\u00edticas p\u00fablicas, atua\u00e7\u00e3o das for\u00e7as de seguran\u00e7a, apoio institucional e, sobretudo, conscientiza\u00e7\u00e3o social.<\/strong><\/p>\n<p>N\u00e3o sei se toda essa repercuss\u00e3o ocorre por motiva\u00e7\u00f5es pol\u00edtico-eleitorais, algo que, particularmente, n\u00e3o aprecio, mas, ao analisar o conte\u00fado completo, fica evidente que a fala do prefeito est\u00e1 longe de ser o \u201cbicho de sete cabe\u00e7as\u201d que muitos tentaram apresentar.<\/p>\n<p>Refor\u00e7o: o v\u00eddeo est\u00e1 dispon\u00edvel no canal oficial da C\u00e2mara, e a interpreta\u00e7\u00e3o correta passa, necessariamente, por assisti-lo na \u00edntegra.<\/p>\n<p>Transformar recortes de v\u00eddeo em verdade \u00e9 desinformar. Um trecho isolado, fora de contexto, tem o poder de distorcer completamente o sentido de uma fala e induzir a popula\u00e7\u00e3o a conclus\u00f5es equivocadas. No jornalismo, a responsabilidade vai al\u00e9m de informar: \u00e9 preciso contextualizar, ouvir na \u00edntegra e apresentar os fatos com fidelidade. Quando isso n\u00e3o acontece, o que se constr\u00f3i n\u00e3o \u00e9 not\u00edcia, mas uma narrativa que pode comprometer a compreens\u00e3o da realidade.<\/p>\n<p>Nesse cen\u00e1rio, \u00e9 justo reconhecer quando o trabalho \u00e9 feito com responsabilidade. <strong>O portal Calila Not\u00edcias parceiro do Portal Ra\u00edzes por exemplo, foi feliz<\/strong> na forma como conduziu a abordagem do caso, trazendo equil\u00edbrio e contextualiza\u00e7\u00e3o. Inclusive, a mat\u00e9ria \u201cMesmo lado, opini\u00f5es opostas: fala de Marcelo Ara\u00fajo sobre indica\u00e7\u00e3o de Manu Resed\u00e1 gera pol\u00eamica em Coit\u00e9\u201d apresenta de forma clara os diferentes pontos de vista envolvidos, contribuindo para um entendimento mais fiel dos fatos.<\/p>\n<p><strong>Veja aqui:<\/strong> <a href=\"https:\/\/www.calilanoticias.com\/2026\/04\/mesmo-lado-opinioes-opostas-fala-de-marcelo-araujo-sobre-indicacao-de-manu-reseda-gera-polemica-em-coite\">https:\/\/www.calilanoticias.com\/2026\/04\/mesmo-lado-opinioes-opostas-fala-de-marcelo-araujo-sobre-indicacao-de-manu-reseda-gera-polemica-em-coite<\/a><\/p>\n<p>Por fim, acredito que Concei\u00e7\u00e3o do Coit\u00e9 precisa avan\u00e7ar em outras frentes igualmente urgentes, como a implanta\u00e7\u00e3o de uma Delegacia da Mulher ou at\u00e9 mesmo de uma Central de Flagrantes, mas esse j\u00e1 \u00e9 outro debate.<\/p>\n<p>Com carinho e respeito<\/p>\n<p>RAFAELA RODRIGUES<\/p>\n<p>JORNALISTA E RADIALISTA<\/p>\n<p>DRT 6948\/BA 7131\/,DF<\/p>\n","protected":false},"excerpt":{"rendered":"<p>OPINI\u00c3O &#8211; mais de duas d\u00e9cadas atuando no jornalismo brasileiro, talvez esta seja a primeira\u00a0 e possivelmente a \u00faltima que emito uma opini\u00e3o no \u00e2mbito\u00a0 da pol\u00edtica eleitoral. Alguns ir\u00e3o concordar, outros n\u00e3o. E tudo bem. Como a maioria das pessoas sabe, n\u00e3o tenho prefer\u00eancias pol\u00edticas, at\u00e9 porque tenho respeito e carinho tanto pela atual gest\u00e3o quanto pela oposi\u00e7\u00e3o Leia tamb\u00e9m:Em forte desabafo, prefeito de Concei\u00e7\u00e3o do Coit\u00e9 cita \u201cretalia\u00e7\u00e3o\u201d do governo da Bahia, explica obra de hospital parada, aus\u00eancia em agenda do governador e critica atitude de vereadora da pr\u00f3pria base No entanto, como profissional da comunica\u00e7\u00e3o, preciso ser justa. E \u00e9 ineg\u00e1vel que alguns colegas da imprensa distorceram de forma preocupante a fala do prefeito de Concei\u00e7\u00e3o do Coit\u00e9, Marcelo Ara\u00fajo, ao comentar o posicionamento de uma vereadora da pr\u00f3pria base sobre a cria\u00e7\u00e3o de uma Secretaria da Mulher. E h\u00e1 uma forma muito simples de entender o que realmente foi dito: basta assistir ao conte\u00fado na \u00edntegra: Fiz a transcri\u00e7\u00e3o completa da fala do prefeito durante a tribuna livre e percebi que muitas interpreta\u00e7\u00f5es equivocadas surgiram, impulsionadas pelo sensacionalismo. Quando Marcelo afirma que a secretaria seria uma \u201cloucura\u201d, essa express\u00e3o foi retirada de contexto. Ao analisar a fala completa, fica claro que ele se referia \u00e0 forma como a proposta foi apresentada, e n\u00e3o necessariamente \u00e0 cria\u00e7\u00e3o da secretaria em si. Ao meu entendimento, o prefeito destacou que j\u00e1 existem, sim, \u00f3rg\u00e3os e setores que oferecem suporte \u00e0s mulheres no munic\u00edpio, inclusive estruturas herdadas de gest\u00f5es anteriores,\u00a0 e que, neste momento, a indica\u00e7\u00e3o formal n\u00e3o seria a medida mais adequada. Por outro lado, ao observar tamb\u00e9m o posicionamento da vereadora, pode-se ter a impress\u00e3o de que a popula\u00e7\u00e3o feminina est\u00e1 completamente desassistida, o que n\u00e3o corresponde integralmente \u00e0 realidade. Outro ponto importante \u00e9 que a cria\u00e7\u00e3o de uma secretaria, por si s\u00f3, n\u00e3o resolve um problema t\u00e3o complexo como a viol\u00eancia dom\u00e9stica. Trata-se de uma quest\u00e3o que envolve m\u00faltiplos fatores: pol\u00edticas p\u00fablicas, atua\u00e7\u00e3o das for\u00e7as de seguran\u00e7a, apoio institucional e, sobretudo, conscientiza\u00e7\u00e3o social. N\u00e3o sei se toda essa repercuss\u00e3o ocorre por motiva\u00e7\u00f5es pol\u00edtico-eleitorais, algo que, particularmente, n\u00e3o aprecio, mas, ao analisar o conte\u00fado completo, fica evidente que a fala do prefeito est\u00e1 longe de ser o \u201cbicho de sete cabe\u00e7as\u201d que muitos tentaram apresentar. Refor\u00e7o: o v\u00eddeo est\u00e1 dispon\u00edvel no canal oficial da C\u00e2mara, e a interpreta\u00e7\u00e3o correta passa, necessariamente, por assisti-lo na \u00edntegra. Transformar recortes de v\u00eddeo em verdade \u00e9 desinformar. Um trecho isolado, fora de contexto, tem o poder de distorcer completamente o sentido de uma fala e induzir a popula\u00e7\u00e3o a conclus\u00f5es equivocadas. No jornalismo, a responsabilidade vai al\u00e9m de informar: \u00e9 preciso contextualizar, ouvir na \u00edntegra e apresentar os fatos com fidelidade. Quando isso n\u00e3o acontece, o que se constr\u00f3i n\u00e3o \u00e9 not\u00edcia, mas uma narrativa que pode comprometer a compreens\u00e3o da realidade. Nesse cen\u00e1rio, \u00e9 justo reconhecer quando o trabalho \u00e9 feito com responsabilidade. O portal Calila Not\u00edcias parceiro do Portal Ra\u00edzes por exemplo, foi feliz na forma como conduziu a abordagem do caso, trazendo equil\u00edbrio e contextualiza\u00e7\u00e3o. Inclusive, a mat\u00e9ria \u201cMesmo lado, opini\u00f5es opostas: fala de Marcelo Ara\u00fajo sobre indica\u00e7\u00e3o de Manu Resed\u00e1 gera pol\u00eamica em Coit\u00e9\u201d apresenta de forma clara os diferentes pontos de vista envolvidos, contribuindo para um entendimento mais fiel dos fatos. Veja aqui: https:\/\/www.calilanoticias.com\/2026\/04\/mesmo-lado-opinioes-opostas-fala-de-marcelo-araujo-sobre-indicacao-de-manu-reseda-gera-polemica-em-coite Por fim, acredito que Concei\u00e7\u00e3o do Coit\u00e9 precisa avan\u00e7ar em outras frentes igualmente urgentes, como a implanta\u00e7\u00e3o de uma Delegacia da Mulher ou at\u00e9 mesmo de uma Central de Flagrantes, mas esse j\u00e1 \u00e9 outro debate. Com carinho e respeito RAFAELA RODRIGUES JORNALISTA E RADIALISTA DRT 6948\/BA 7131\/,DF<\/p>\n","protected":false},"author":3,"featured_media":12529,"comment_status":"open","ping_status":"open","sticky":false,"template":"","format":"standard","meta":{"_joinchat":[],"footnotes":""},"categories":[55,53,59],"tags":[],"class_list":["post-12521","post","type-post","status-publish","format-standard","has-post-thumbnail","hentry","category-destaques","category-politica","category-ultimas-noticias"],"yoast_head":"<!-- This site is optimized with the Yoast SEO plugin v24.4 - https:\/\/yoast.com\/wordpress\/plugins\/seo\/ -->\n<title>Opini\u00e3o: transformar recortes de v\u00eddeo em verdade \u00e9 desinformar! Saiba os detalhes da pol\u00eamica envolvendo o prefeito de Concei\u00e7\u00e3o do Coit\u00e9 e uma vereadora da pr\u00f3pria base - Portal raizes noticias<\/title>\n<meta name=\"robots\" content=\"index, follow, max-snippet:-1, max-image-preview:large, max-video-preview:-1\" \/>\n<link rel=\"canonical\" href=\"https:\/\/portalraizesnoticias.com.br\/?p=12521\" \/>\n<meta property=\"og:locale\" content=\"pt_BR\" \/>\n<meta property=\"og:type\" content=\"article\" \/>\n<meta property=\"og:title\" content=\"Opini\u00e3o: transformar recortes de v\u00eddeo em verdade \u00e9 desinformar! Saiba os detalhes da pol\u00eamica envolvendo o prefeito de Concei\u00e7\u00e3o do Coit\u00e9 e uma vereadora da pr\u00f3pria base - Portal raizes noticias\" \/>\n<meta property=\"og:description\" content=\"OPINI\u00c3O &#8211; mais de duas d\u00e9cadas atuando no jornalismo brasileiro, talvez esta seja a primeira\u00a0 e possivelmente a \u00faltima que emito uma opini\u00e3o no \u00e2mbito\u00a0 da pol\u00edtica eleitoral. Alguns ir\u00e3o concordar, outros n\u00e3o. E tudo bem. Como a maioria das pessoas sabe, n\u00e3o tenho prefer\u00eancias pol\u00edticas, at\u00e9 porque tenho respeito e carinho tanto pela atual gest\u00e3o quanto pela oposi\u00e7\u00e3o Leia tamb\u00e9m:Em forte desabafo, prefeito de Concei\u00e7\u00e3o do Coit\u00e9 cita \u201cretalia\u00e7\u00e3o\u201d do governo da Bahia, explica obra de hospital parada, aus\u00eancia em agenda do governador e critica atitude de vereadora da pr\u00f3pria base No entanto, como profissional da comunica\u00e7\u00e3o, preciso ser justa. E \u00e9 ineg\u00e1vel que alguns colegas da imprensa distorceram de forma preocupante a fala do prefeito de Concei\u00e7\u00e3o do Coit\u00e9, Marcelo Ara\u00fajo, ao comentar o posicionamento de uma vereadora da pr\u00f3pria base sobre a cria\u00e7\u00e3o de uma Secretaria da Mulher. E h\u00e1 uma forma muito simples de entender o que realmente foi dito: basta assistir ao conte\u00fado na \u00edntegra: Fiz a transcri\u00e7\u00e3o completa da fala do prefeito durante a tribuna livre e percebi que muitas interpreta\u00e7\u00f5es equivocadas surgiram, impulsionadas pelo sensacionalismo. Quando Marcelo afirma que a secretaria seria uma \u201cloucura\u201d, essa express\u00e3o foi retirada de contexto. Ao analisar a fala completa, fica claro que ele se referia \u00e0 forma como a proposta foi apresentada, e n\u00e3o necessariamente \u00e0 cria\u00e7\u00e3o da secretaria em si. Ao meu entendimento, o prefeito destacou que j\u00e1 existem, sim, \u00f3rg\u00e3os e setores que oferecem suporte \u00e0s mulheres no munic\u00edpio, inclusive estruturas herdadas de gest\u00f5es anteriores,\u00a0 e que, neste momento, a indica\u00e7\u00e3o formal n\u00e3o seria a medida mais adequada. Por outro lado, ao observar tamb\u00e9m o posicionamento da vereadora, pode-se ter a impress\u00e3o de que a popula\u00e7\u00e3o feminina est\u00e1 completamente desassistida, o que n\u00e3o corresponde integralmente \u00e0 realidade. Outro ponto importante \u00e9 que a cria\u00e7\u00e3o de uma secretaria, por si s\u00f3, n\u00e3o resolve um problema t\u00e3o complexo como a viol\u00eancia dom\u00e9stica. Trata-se de uma quest\u00e3o que envolve m\u00faltiplos fatores: pol\u00edticas p\u00fablicas, atua\u00e7\u00e3o das for\u00e7as de seguran\u00e7a, apoio institucional e, sobretudo, conscientiza\u00e7\u00e3o social. N\u00e3o sei se toda essa repercuss\u00e3o ocorre por motiva\u00e7\u00f5es pol\u00edtico-eleitorais, algo que, particularmente, n\u00e3o aprecio, mas, ao analisar o conte\u00fado completo, fica evidente que a fala do prefeito est\u00e1 longe de ser o \u201cbicho de sete cabe\u00e7as\u201d que muitos tentaram apresentar. Refor\u00e7o: o v\u00eddeo est\u00e1 dispon\u00edvel no canal oficial da C\u00e2mara, e a interpreta\u00e7\u00e3o correta passa, necessariamente, por assisti-lo na \u00edntegra. Transformar recortes de v\u00eddeo em verdade \u00e9 desinformar. Um trecho isolado, fora de contexto, tem o poder de distorcer completamente o sentido de uma fala e induzir a popula\u00e7\u00e3o a conclus\u00f5es equivocadas. No jornalismo, a responsabilidade vai al\u00e9m de informar: \u00e9 preciso contextualizar, ouvir na \u00edntegra e apresentar os fatos com fidelidade. Quando isso n\u00e3o acontece, o que se constr\u00f3i n\u00e3o \u00e9 not\u00edcia, mas uma narrativa que pode comprometer a compreens\u00e3o da realidade. Nesse cen\u00e1rio, \u00e9 justo reconhecer quando o trabalho \u00e9 feito com responsabilidade. O portal Calila Not\u00edcias parceiro do Portal Ra\u00edzes por exemplo, foi feliz na forma como conduziu a abordagem do caso, trazendo equil\u00edbrio e contextualiza\u00e7\u00e3o. Inclusive, a mat\u00e9ria \u201cMesmo lado, opini\u00f5es opostas: fala de Marcelo Ara\u00fajo sobre indica\u00e7\u00e3o de Manu Resed\u00e1 gera pol\u00eamica em Coit\u00e9\u201d apresenta de forma clara os diferentes pontos de vista envolvidos, contribuindo para um entendimento mais fiel dos fatos. Veja aqui: https:\/\/www.calilanoticias.com\/2026\/04\/mesmo-lado-opinioes-opostas-fala-de-marcelo-araujo-sobre-indicacao-de-manu-reseda-gera-polemica-em-coite Por fim, acredito que Concei\u00e7\u00e3o do Coit\u00e9 precisa avan\u00e7ar em outras frentes igualmente urgentes, como a implanta\u00e7\u00e3o de uma Delegacia da Mulher ou at\u00e9 mesmo de uma Central de Flagrantes, mas esse j\u00e1 \u00e9 outro debate. Com carinho e respeito RAFAELA RODRIGUES JORNALISTA E RADIALISTA DRT 6948\/BA 7131\/,DF\" \/>\n<meta property=\"og:url\" content=\"https:\/\/portalraizesnoticias.com.br\/?p=12521\" \/>\n<meta property=\"og:site_name\" content=\"Portal raizes noticias\" \/>\n<meta property=\"article:published_time\" content=\"2026-04-02T18:31:24+00:00\" \/>\n<meta property=\"og:image\" content=\"https:\/\/portalraizesnoticias.com.br\/wp-content\/uploads\/2026\/04\/Prefeito-de-Coite-tem-5-dias-para-apresentar-copia0136833800202511131106.jpg\" \/>\n\t<meta property=\"og:image:width\" content=\"791\" \/>\n\t<meta property=\"og:image:height\" content=\"500\" \/>\n\t<meta property=\"og:image:type\" content=\"image\/jpeg\" \/>\n<meta name=\"author\" content=\"Portal Raizes\" \/>\n<meta name=\"twitter:card\" content=\"summary_large_image\" \/>\n<meta name=\"twitter:label1\" content=\"Escrito por\" \/>\n\t<meta name=\"twitter:data1\" content=\"Portal Raizes\" \/>\n\t<meta name=\"twitter:label2\" content=\"Est. tempo de leitura\" \/>\n\t<meta name=\"twitter:data2\" content=\"4 minutos\" \/>\n<script type=\"application\/ld+json\" class=\"yoast-schema-graph\">{\"@context\":\"https:\/\/schema.org\",\"@graph\":[{\"@type\":\"Article\",\"@id\":\"https:\/\/portalraizesnoticias.com.br\/?p=12521#article\",\"isPartOf\":{\"@id\":\"https:\/\/portalraizesnoticias.com.br\/?p=12521\"},\"author\":{\"name\":\"Portal Raizes\",\"@id\":\"https:\/\/portalraizesnoticias.com.br\/#\/schema\/person\/a3ca6b0fc701e78df19756c417d943ae\"},\"headline\":\"Opini\u00e3o: transformar recortes de v\u00eddeo em verdade \u00e9 desinformar! Saiba os detalhes da pol\u00eamica envolvendo o prefeito de Concei\u00e7\u00e3o do Coit\u00e9 e uma vereadora da pr\u00f3pria base\",\"datePublished\":\"2026-04-02T18:31:24+00:00\",\"mainEntityOfPage\":{\"@id\":\"https:\/\/portalraizesnoticias.com.br\/?p=12521\"},\"wordCount\":719,\"commentCount\":0,\"publisher\":{\"@id\":\"https:\/\/portalraizesnoticias.com.br\/#organization\"},\"image\":{\"@id\":\"https:\/\/portalraizesnoticias.com.br\/?p=12521#primaryimage\"},\"thumbnailUrl\":\"https:\/\/portalraizesnoticias.com.br\/wp-content\/uploads\/2026\/04\/Prefeito-de-Coite-tem-5-dias-para-apresentar-copia0136833800202511131106.jpg\",\"articleSection\":[\"DESTAQUES\",\"POLITICA\",\"ULTIMAS NOTICIAS\"],\"inLanguage\":\"pt-BR\",\"potentialAction\":[{\"@type\":\"CommentAction\",\"name\":\"Comment\",\"target\":[\"https:\/\/portalraizesnoticias.com.br\/?p=12521#respond\"]}]},{\"@type\":\"WebPage\",\"@id\":\"https:\/\/portalraizesnoticias.com.br\/?p=12521\",\"url\":\"https:\/\/portalraizesnoticias.com.br\/?p=12521\",\"name\":\"Opini\u00e3o: transformar recortes de v\u00eddeo em verdade \u00e9 desinformar! Saiba os detalhes da pol\u00eamica envolvendo o prefeito de Concei\u00e7\u00e3o do Coit\u00e9 e uma vereadora da pr\u00f3pria base - Portal raizes noticias\",\"isPartOf\":{\"@id\":\"https:\/\/portalraizesnoticias.com.br\/#website\"},\"primaryImageOfPage\":{\"@id\":\"https:\/\/portalraizesnoticias.com.br\/?p=12521#primaryimage\"},\"image\":{\"@id\":\"https:\/\/portalraizesnoticias.com.br\/?p=12521#primaryimage\"},\"thumbnailUrl\":\"https:\/\/portalraizesnoticias.com.br\/wp-content\/uploads\/2026\/04\/Prefeito-de-Coite-tem-5-dias-para-apresentar-copia0136833800202511131106.jpg\",\"datePublished\":\"2026-04-02T18:31:24+00:00\",\"breadcrumb\":{\"@id\":\"https:\/\/portalraizesnoticias.com.br\/?p=12521#breadcrumb\"},\"inLanguage\":\"pt-BR\",\"potentialAction\":[{\"@type\":\"ReadAction\",\"target\":[\"https:\/\/portalraizesnoticias.com.br\/?p=12521\"]}]},{\"@type\":\"ImageObject\",\"inLanguage\":\"pt-BR\",\"@id\":\"https:\/\/portalraizesnoticias.com.br\/?p=12521#primaryimage\",\"url\":\"https:\/\/portalraizesnoticias.com.br\/wp-content\/uploads\/2026\/04\/Prefeito-de-Coite-tem-5-dias-para-apresentar-copia0136833800202511131106.jpg\",\"contentUrl\":\"https:\/\/portalraizesnoticias.com.br\/wp-content\/uploads\/2026\/04\/Prefeito-de-Coite-tem-5-dias-para-apresentar-copia0136833800202511131106.jpg\",\"width\":791,\"height\":500},{\"@type\":\"BreadcrumbList\",\"@id\":\"https:\/\/portalraizesnoticias.com.br\/?p=12521#breadcrumb\",\"itemListElement\":[{\"@type\":\"ListItem\",\"position\":1,\"name\":\"In\u00edcio\",\"item\":\"https:\/\/portalraizesnoticias.com.br\/\"},{\"@type\":\"ListItem\",\"position\":2,\"name\":\"Opini\u00e3o: transformar recortes de v\u00eddeo em verdade \u00e9 desinformar! Saiba os detalhes da pol\u00eamica envolvendo o prefeito de Concei\u00e7\u00e3o do Coit\u00e9 e uma vereadora da pr\u00f3pria base\"}]},{\"@type\":\"WebSite\",\"@id\":\"https:\/\/portalraizesnoticias.com.br\/#website\",\"url\":\"https:\/\/portalraizesnoticias.com.br\/\",\"name\":\"Portal raizes NOTICIAS\",\"description\":\"site de noticias de concei\u00e7\u00e3o do coit\u00e9 e regi\u00e3o\",\"publisher\":{\"@id\":\"https:\/\/portalraizesnoticias.com.br\/#organization\"},\"alternateName\":\"PORTAL RAIZES COIT\u00c9\",\"potentialAction\":[{\"@type\":\"SearchAction\",\"target\":{\"@type\":\"EntryPoint\",\"urlTemplate\":\"https:\/\/portalraizesnoticias.com.br\/?s={search_term_string}\"},\"query-input\":{\"@type\":\"PropertyValueSpecification\",\"valueRequired\":true,\"valueName\":\"search_term_string\"}}],\"inLanguage\":\"pt-BR\"},{\"@type\":\"Organization\",\"@id\":\"https:\/\/portalraizesnoticias.com.br\/#organization\",\"name\":\"Portal raizes NOTICIAS\",\"url\":\"https:\/\/portalraizesnoticias.com.br\/\",\"logo\":{\"@type\":\"ImageObject\",\"inLanguage\":\"pt-BR\",\"@id\":\"https:\/\/portalraizesnoticias.com.br\/#\/schema\/logo\/image\/\",\"url\":\"https:\/\/portalraizesnoticias.com.br\/wp-content\/uploads\/2024\/09\/cropped-Captura-de-tela-2024-09-08-011108.png\",\"contentUrl\":\"https:\/\/portalraizesnoticias.com.br\/wp-content\/uploads\/2024\/09\/cropped-Captura-de-tela-2024-09-08-011108.png\",\"width\":606,\"height\":173,\"caption\":\"Portal raizes NOTICIAS\"},\"image\":{\"@id\":\"https:\/\/portalraizesnoticias.com.br\/#\/schema\/logo\/image\/\"}},{\"@type\":\"Person\",\"@id\":\"https:\/\/portalraizesnoticias.com.br\/#\/schema\/person\/a3ca6b0fc701e78df19756c417d943ae\",\"name\":\"Portal Raizes\",\"image\":{\"@type\":\"ImageObject\",\"inLanguage\":\"pt-BR\",\"@id\":\"https:\/\/portalraizesnoticias.com.br\/#\/schema\/person\/image\/\",\"url\":\"https:\/\/secure.gravatar.com\/avatar\/ef450d29013a3d3fba867a12a249d7b1?s=96&d=mm&r=g\",\"contentUrl\":\"https:\/\/secure.gravatar.com\/avatar\/ef450d29013a3d3fba867a12a249d7b1?s=96&d=mm&r=g\",\"caption\":\"Portal Raizes\"},\"url\":\"https:\/\/portalraizesnoticias.com.br\/?author=3\"}]}<\/script>\n<!-- \/ Yoast SEO plugin. -->","yoast_head_json":{"title":"Opini\u00e3o: transformar recortes de v\u00eddeo em verdade \u00e9 desinformar! Saiba os detalhes da pol\u00eamica envolvendo o prefeito de Concei\u00e7\u00e3o do Coit\u00e9 e uma vereadora da pr\u00f3pria base - Portal raizes noticias","robots":{"index":"index","follow":"follow","max-snippet":"max-snippet:-1","max-image-preview":"max-image-preview:large","max-video-preview":"max-video-preview:-1"},"canonical":"https:\/\/portalraizesnoticias.com.br\/?p=12521","og_locale":"pt_BR","og_type":"article","og_title":"Opini\u00e3o: transformar recortes de v\u00eddeo em verdade \u00e9 desinformar! Saiba os detalhes da pol\u00eamica envolvendo o prefeito de Concei\u00e7\u00e3o do Coit\u00e9 e uma vereadora da pr\u00f3pria base - Portal raizes noticias","og_description":"OPINI\u00c3O &#8211; mais de duas d\u00e9cadas atuando no jornalismo brasileiro, talvez esta seja a primeira\u00a0 e possivelmente a \u00faltima que emito uma opini\u00e3o no \u00e2mbito\u00a0 da pol\u00edtica eleitoral. Alguns ir\u00e3o concordar, outros n\u00e3o. E tudo bem. Como a maioria das pessoas sabe, n\u00e3o tenho prefer\u00eancias pol\u00edticas, at\u00e9 porque tenho respeito e carinho tanto pela atual gest\u00e3o quanto pela oposi\u00e7\u00e3o Leia tamb\u00e9m:Em forte desabafo, prefeito de Concei\u00e7\u00e3o do Coit\u00e9 cita \u201cretalia\u00e7\u00e3o\u201d do governo da Bahia, explica obra de hospital parada, aus\u00eancia em agenda do governador e critica atitude de vereadora da pr\u00f3pria base No entanto, como profissional da comunica\u00e7\u00e3o, preciso ser justa. E \u00e9 ineg\u00e1vel que alguns colegas da imprensa distorceram de forma preocupante a fala do prefeito de Concei\u00e7\u00e3o do Coit\u00e9, Marcelo Ara\u00fajo, ao comentar o posicionamento de uma vereadora da pr\u00f3pria base sobre a cria\u00e7\u00e3o de uma Secretaria da Mulher. E h\u00e1 uma forma muito simples de entender o que realmente foi dito: basta assistir ao conte\u00fado na \u00edntegra: Fiz a transcri\u00e7\u00e3o completa da fala do prefeito durante a tribuna livre e percebi que muitas interpreta\u00e7\u00f5es equivocadas surgiram, impulsionadas pelo sensacionalismo. Quando Marcelo afirma que a secretaria seria uma \u201cloucura\u201d, essa express\u00e3o foi retirada de contexto. Ao analisar a fala completa, fica claro que ele se referia \u00e0 forma como a proposta foi apresentada, e n\u00e3o necessariamente \u00e0 cria\u00e7\u00e3o da secretaria em si. Ao meu entendimento, o prefeito destacou que j\u00e1 existem, sim, \u00f3rg\u00e3os e setores que oferecem suporte \u00e0s mulheres no munic\u00edpio, inclusive estruturas herdadas de gest\u00f5es anteriores,\u00a0 e que, neste momento, a indica\u00e7\u00e3o formal n\u00e3o seria a medida mais adequada. Por outro lado, ao observar tamb\u00e9m o posicionamento da vereadora, pode-se ter a impress\u00e3o de que a popula\u00e7\u00e3o feminina est\u00e1 completamente desassistida, o que n\u00e3o corresponde integralmente \u00e0 realidade. Outro ponto importante \u00e9 que a cria\u00e7\u00e3o de uma secretaria, por si s\u00f3, n\u00e3o resolve um problema t\u00e3o complexo como a viol\u00eancia dom\u00e9stica. Trata-se de uma quest\u00e3o que envolve m\u00faltiplos fatores: pol\u00edticas p\u00fablicas, atua\u00e7\u00e3o das for\u00e7as de seguran\u00e7a, apoio institucional e, sobretudo, conscientiza\u00e7\u00e3o social. N\u00e3o sei se toda essa repercuss\u00e3o ocorre por motiva\u00e7\u00f5es pol\u00edtico-eleitorais, algo que, particularmente, n\u00e3o aprecio, mas, ao analisar o conte\u00fado completo, fica evidente que a fala do prefeito est\u00e1 longe de ser o \u201cbicho de sete cabe\u00e7as\u201d que muitos tentaram apresentar. Refor\u00e7o: o v\u00eddeo est\u00e1 dispon\u00edvel no canal oficial da C\u00e2mara, e a interpreta\u00e7\u00e3o correta passa, necessariamente, por assisti-lo na \u00edntegra. Transformar recortes de v\u00eddeo em verdade \u00e9 desinformar. Um trecho isolado, fora de contexto, tem o poder de distorcer completamente o sentido de uma fala e induzir a popula\u00e7\u00e3o a conclus\u00f5es equivocadas. No jornalismo, a responsabilidade vai al\u00e9m de informar: \u00e9 preciso contextualizar, ouvir na \u00edntegra e apresentar os fatos com fidelidade. Quando isso n\u00e3o acontece, o que se constr\u00f3i n\u00e3o \u00e9 not\u00edcia, mas uma narrativa que pode comprometer a compreens\u00e3o da realidade. Nesse cen\u00e1rio, \u00e9 justo reconhecer quando o trabalho \u00e9 feito com responsabilidade. O portal Calila Not\u00edcias parceiro do Portal Ra\u00edzes por exemplo, foi feliz na forma como conduziu a abordagem do caso, trazendo equil\u00edbrio e contextualiza\u00e7\u00e3o. Inclusive, a mat\u00e9ria \u201cMesmo lado, opini\u00f5es opostas: fala de Marcelo Ara\u00fajo sobre indica\u00e7\u00e3o de Manu Resed\u00e1 gera pol\u00eamica em Coit\u00e9\u201d apresenta de forma clara os diferentes pontos de vista envolvidos, contribuindo para um entendimento mais fiel dos fatos. Veja aqui: https:\/\/www.calilanoticias.com\/2026\/04\/mesmo-lado-opinioes-opostas-fala-de-marcelo-araujo-sobre-indicacao-de-manu-reseda-gera-polemica-em-coite Por fim, acredito que Concei\u00e7\u00e3o do Coit\u00e9 precisa avan\u00e7ar em outras frentes igualmente urgentes, como a implanta\u00e7\u00e3o de uma Delegacia da Mulher ou at\u00e9 mesmo de uma Central de Flagrantes, mas esse j\u00e1 \u00e9 outro debate. Com carinho e respeito RAFAELA RODRIGUES JORNALISTA E RADIALISTA DRT 6948\/BA 7131\/,DF","og_url":"https:\/\/portalraizesnoticias.com.br\/?p=12521","og_site_name":"Portal raizes noticias","article_published_time":"2026-04-02T18:31:24+00:00","og_image":[{"width":791,"height":500,"url":"https:\/\/portalraizesnoticias.com.br\/wp-content\/uploads\/2026\/04\/Prefeito-de-Coite-tem-5-dias-para-apresentar-copia0136833800202511131106.jpg","type":"image\/jpeg"}],"author":"Portal Raizes","twitter_card":"summary_large_image","twitter_misc":{"Escrito por":"Portal Raizes","Est. tempo de leitura":"4 minutos"},"schema":{"@context":"https:\/\/schema.org","@graph":[{"@type":"Article","@id":"https:\/\/portalraizesnoticias.com.br\/?p=12521#article","isPartOf":{"@id":"https:\/\/portalraizesnoticias.com.br\/?p=12521"},"author":{"name":"Portal Raizes","@id":"https:\/\/portalraizesnoticias.com.br\/#\/schema\/person\/a3ca6b0fc701e78df19756c417d943ae"},"headline":"Opini\u00e3o: transformar recortes de v\u00eddeo em verdade \u00e9 desinformar! Saiba os detalhes da pol\u00eamica envolvendo o prefeito de Concei\u00e7\u00e3o do Coit\u00e9 e uma vereadora da pr\u00f3pria base","datePublished":"2026-04-02T18:31:24+00:00","mainEntityOfPage":{"@id":"https:\/\/portalraizesnoticias.com.br\/?p=12521"},"wordCount":719,"commentCount":0,"publisher":{"@id":"https:\/\/portalraizesnoticias.com.br\/#organization"},"image":{"@id":"https:\/\/portalraizesnoticias.com.br\/?p=12521#primaryimage"},"thumbnailUrl":"https:\/\/portalraizesnoticias.com.br\/wp-content\/uploads\/2026\/04\/Prefeito-de-Coite-tem-5-dias-para-apresentar-copia0136833800202511131106.jpg","articleSection":["DESTAQUES","POLITICA","ULTIMAS NOTICIAS"],"inLanguage":"pt-BR","potentialAction":[{"@type":"CommentAction","name":"Comment","target":["https:\/\/portalraizesnoticias.com.br\/?p=12521#respond"]}]},{"@type":"WebPage","@id":"https:\/\/portalraizesnoticias.com.br\/?p=12521","url":"https:\/\/portalraizesnoticias.com.br\/?p=12521","name":"Opini\u00e3o: transformar recortes de v\u00eddeo em verdade \u00e9 desinformar! Saiba os detalhes da pol\u00eamica envolvendo o prefeito de Concei\u00e7\u00e3o do Coit\u00e9 e uma vereadora da pr\u00f3pria base - Portal raizes noticias","isPartOf":{"@id":"https:\/\/portalraizesnoticias.com.br\/#website"},"primaryImageOfPage":{"@id":"https:\/\/portalraizesnoticias.com.br\/?p=12521#primaryimage"},"image":{"@id":"https:\/\/portalraizesnoticias.com.br\/?p=12521#primaryimage"},"thumbnailUrl":"https:\/\/portalraizesnoticias.com.br\/wp-content\/uploads\/2026\/04\/Prefeito-de-Coite-tem-5-dias-para-apresentar-copia0136833800202511131106.jpg","datePublished":"2026-04-02T18:31:24+00:00","breadcrumb":{"@id":"https:\/\/portalraizesnoticias.com.br\/?p=12521#breadcrumb"},"inLanguage":"pt-BR","potentialAction":[{"@type":"ReadAction","target":["https:\/\/portalraizesnoticias.com.br\/?p=12521"]}]},{"@type":"ImageObject","inLanguage":"pt-BR","@id":"https:\/\/portalraizesnoticias.com.br\/?p=12521#primaryimage","url":"https:\/\/portalraizesnoticias.com.br\/wp-content\/uploads\/2026\/04\/Prefeito-de-Coite-tem-5-dias-para-apresentar-copia0136833800202511131106.jpg","contentUrl":"https:\/\/portalraizesnoticias.com.br\/wp-content\/uploads\/2026\/04\/Prefeito-de-Coite-tem-5-dias-para-apresentar-copia0136833800202511131106.jpg","width":791,"height":500},{"@type":"BreadcrumbList","@id":"https:\/\/portalraizesnoticias.com.br\/?p=12521#breadcrumb","itemListElement":[{"@type":"ListItem","position":1,"name":"In\u00edcio","item":"https:\/\/portalraizesnoticias.com.br\/"},{"@type":"ListItem","position":2,"name":"Opini\u00e3o: transformar recortes de v\u00eddeo em verdade \u00e9 desinformar! Saiba os detalhes da pol\u00eamica envolvendo o prefeito de Concei\u00e7\u00e3o do Coit\u00e9 e uma vereadora da pr\u00f3pria base"}]},{"@type":"WebSite","@id":"https:\/\/portalraizesnoticias.com.br\/#website","url":"https:\/\/portalraizesnoticias.com.br\/","name":"Portal raizes NOTICIAS","description":"site de noticias de concei\u00e7\u00e3o do coit\u00e9 e regi\u00e3o","publisher":{"@id":"https:\/\/portalraizesnoticias.com.br\/#organization"},"alternateName":"PORTAL RAIZES COIT\u00c9","potentialAction":[{"@type":"SearchAction","target":{"@type":"EntryPoint","urlTemplate":"https:\/\/portalraizesnoticias.com.br\/?s={search_term_string}"},"query-input":{"@type":"PropertyValueSpecification","valueRequired":true,"valueName":"search_term_string"}}],"inLanguage":"pt-BR"},{"@type":"Organization","@id":"https:\/\/portalraizesnoticias.com.br\/#organization","name":"Portal raizes NOTICIAS","url":"https:\/\/portalraizesnoticias.com.br\/","logo":{"@type":"ImageObject","inLanguage":"pt-BR","@id":"https:\/\/portalraizesnoticias.com.br\/#\/schema\/logo\/image\/","url":"https:\/\/portalraizesnoticias.com.br\/wp-content\/uploads\/2024\/09\/cropped-Captura-de-tela-2024-09-08-011108.png","contentUrl":"https:\/\/portalraizesnoticias.com.br\/wp-content\/uploads\/2024\/09\/cropped-Captura-de-tela-2024-09-08-011108.png","width":606,"height":173,"caption":"Portal raizes NOTICIAS"},"image":{"@id":"https:\/\/portalraizesnoticias.com.br\/#\/schema\/logo\/image\/"}},{"@type":"Person","@id":"https:\/\/portalraizesnoticias.com.br\/#\/schema\/person\/a3ca6b0fc701e78df19756c417d943ae","name":"Portal Raizes","image":{"@type":"ImageObject","inLanguage":"pt-BR","@id":"https:\/\/portalraizesnoticias.com.br\/#\/schema\/person\/image\/","url":"https:\/\/secure.gravatar.com\/avatar\/ef450d29013a3d3fba867a12a249d7b1?s=96&d=mm&r=g","contentUrl":"https:\/\/secure.gravatar.com\/avatar\/ef450d29013a3d3fba867a12a249d7b1?s=96&d=mm&r=g","caption":"Portal Raizes"},"url":"https:\/\/portalraizesnoticias.com.br\/?author=3"}]}},"_links":{"self":[{"href":"https:\/\/portalraizesnoticias.com.br\/index.php?rest_route=\/wp\/v2\/posts\/12521"}],"collection":[{"href":"https:\/\/portalraizesnoticias.com.br\/index.php?rest_route=\/wp\/v2\/posts"}],"about":[{"href":"https:\/\/portalraizesnoticias.com.br\/index.php?rest_route=\/wp\/v2\/types\/post"}],"author":[{"embeddable":true,"href":"https:\/\/portalraizesnoticias.com.br\/index.php?rest_route=\/wp\/v2\/users\/3"}],"replies":[{"embeddable":true,"href":"https:\/\/portalraizesnoticias.com.br\/index.php?rest_route=%2Fwp%2Fv2%2Fcomments&post=12521"}],"version-history":[{"count":8,"href":"https:\/\/portalraizesnoticias.com.br\/index.php?rest_route=\/wp\/v2\/posts\/12521\/revisions"}],"predecessor-version":[{"id":12530,"href":"https:\/\/portalraizesnoticias.com.br\/index.php?rest_route=\/wp\/v2\/posts\/12521\/revisions\/12530"}],"wp:featuredmedia":[{"embeddable":true,"href":"https:\/\/portalraizesnoticias.com.br\/index.php?rest_route=\/wp\/v2\/media\/12529"}],"wp:attachment":[{"href":"https:\/\/portalraizesnoticias.com.br\/index.php?rest_route=%2Fwp%2Fv2%2Fmedia&parent=12521"}],"wp:term":[{"taxonomy":"category","embeddable":true,"href":"https:\/\/portalraizesnoticias.com.br\/index.php?rest_route=%2Fwp%2Fv2%2Fcategories&post=12521"},{"taxonomy":"post_tag","embeddable":true,"href":"https:\/\/portalraizesnoticias.com.br\/index.php?rest_route=%2Fwp%2Fv2%2Ftags&post=12521"}],"curies":[{"name":"wp","href":"https:\/\/api.w.org\/{rel}","templated":true}]}}