{"id":12463,"date":"2026-03-30T13:10:06","date_gmt":"2026-03-30T16:10:06","guid":{"rendered":"https:\/\/portalraizesnoticias.com.br\/?p=12463"},"modified":"2026-03-30T13:20:09","modified_gmt":"2026-03-30T16:20:09","slug":"em-forte-desabafo-prefeito-de-conceicao-do-coite-cita-retaliacao-do-governo-da-bahia-explica-obra-de-hospital-parada-ausencia-em-agenda-do-governador-e-critica-atitude-de-vereador","status":"publish","type":"post","link":"https:\/\/portalraizesnoticias.com.br\/?p=12463","title":{"rendered":"Em forte desabafo, prefeito de Concei\u00e7\u00e3o do Coit\u00e9 cita \u201cretalia\u00e7\u00e3o\u201d do governo da Bahia, explica obra de hospital parada, aus\u00eancia em agenda do governador e critica atitude de vereadora da pr\u00f3pria base"},"content":{"rendered":"<p>Durante a 8\u00aa sess\u00e3o ordin\u00e1ria da C\u00e2mara de Vereadores de Concei\u00e7\u00e3o do Coit\u00e9 nesta segunda-feira (30), o prefeito Marcelo Ara\u00fajo fez um discurso firme no plen\u00e1rio ap\u00f3s acompanhar as falas de vereadores da oposi\u00e7\u00e3o.<\/p>\n<p>Segundo o gestor, os pronunciamentos causaram preocupa\u00e7\u00e3o e frustra\u00e7\u00e3o, j\u00e1 que, de acordo com ele, os parlamentares deixaram de abordar pautas relacionadas \u00e0s demandas do munic\u00edpio, priorizando discuss\u00f5es sobre pol\u00edtica estadual e nacional.<\/p>\n<p><strong>Marcelo destacou ainda que, mesmo diante de cr\u00edticas constantes, acredita no di\u00e1logo como principal ferramenta de gest\u00e3o.<\/strong><\/p>\n<p>\u201cNa C\u00e2mara, se perde muito tempo discutindo coisas que n\u00e3o s\u00e3o importantes para o munic\u00edpio. \u00c0s vezes percebemos uma agressividade desnecess\u00e1ria por parte de alguns vereadores. Quem me conhece sabe que sou uma pessoa do di\u00e1logo\u201d, afirmou.<\/p>\n<p><iframe title=\"8\u00aa Ordin\u00e1ria de 2026 da 2\u00aa Sess\u00e3o Legislativa da 20\u00aa Legislatura  Abertura: 30\/03\/2026 - \u00e0s 09h\u201d\" width=\"960\" height=\"720\" src=\"https:\/\/www.youtube.com\/embed\/zbNLAFF8O84?feature=oembed\" frameborder=\"0\" allow=\"accelerometer; autoplay; clipboard-write; encrypted-media; gyroscope; picture-in-picture; web-share\" referrerpolicy=\"strict-origin-when-cross-origin\" allowfullscreen><\/iframe><\/p>\n<p>O prefeito tamb\u00e9m rebateu acusa\u00e7\u00f5es feitas por um vereador da oposi\u00e7\u00e3o sobre uma suposta interfer\u00eancia em concurso p\u00fablico, classificando a den\u00fancia como infundada.<\/p>\n<p>\u201cUm vereador nos acusa de interferir no resultado de um concurso p\u00fablico. Contratamos uma empresa apta, e n\u00e3o cabe a um parlamentar fazer esse tipo de acusa\u00e7\u00e3o. Esse mesmo vereador j\u00e1 apresentou den\u00fancias contra o Executivo, todas arquivadas por falta de provas. Isso \u00e9 leviano\u201d, declarou.<\/p>\n<p>Em tom mais pessoal, Marcelo comentou sobre os impactos das cr\u00edticas no ambiente pol\u00edtico e familiar.<\/p>\n<p>\u201cEsse \u00e9 o lado ingrato da pol\u00edtica. Muitos dizem que estou colocando meu nome em jogo, que n\u00e3o preciso disso, e talvez estejam certos. Mas vamos deixar a cidade na m\u00e3o dos lobos? E eu pergunto: quem perde com isso?\u201d, questionou.<\/p>\n<p><strong>O gestor tamb\u00e9m esclareceu a pol\u00edtica de realiza\u00e7\u00e3o de concursos p\u00fablicos no munic\u00edpio, ressaltando os limites legais.<\/strong><\/p>\n<p>\u201cTentaram passar a ideia de que sou contra concurso p\u00fablico, mas isso n\u00e3o \u00e9 verdade. Seria irresponsabilidade fazer concurso para todos os setores. N\u00e3o podemos ultrapassar 54% da arrecada\u00e7\u00e3o com folha de pagamento. Concurso deve ser feito quando h\u00e1 necessidade permanente, n\u00e3o para demandas tempor\u00e1rias\u201d, explicou.<\/p>\n<p><strong>Sobre sua aus\u00eancia durante a visita do governador ao munic\u00edpio, Marcelo afirmou que houve motiva\u00e7\u00e3o pol\u00edtica, citando o corte de recursos destinados ao hospital municipal Hamilton Rios em constru\u00e7\u00e3o.<\/strong><\/p>\n<p>\u201cQuando o governador retirou cerca de R$ 3 milh\u00f5es do conv\u00eanio do hospital, houve uma decis\u00e3o pol\u00edtica. Nada impedia Coit\u00e9 de manter esse conv\u00eanio, toda a documenta\u00e7\u00e3o estava regular. Isso foi uma retalia\u00e7\u00e3o ao nosso governo. Por isso, a obra est\u00e1 parada. Se a oposi\u00e7\u00e3o realmente pensa no povo, que interfira e solicite aos seus deputados a libera\u00e7\u00e3o desses recursos\u201d, disse.<\/p>\n<p><strong>O prefeito tamb\u00e9m criticou o car\u00e1ter da visita<\/strong>.<\/p>\n<p>\u201cNo dia 20 de mar\u00e7o, o governador veio fazer um ato pol\u00edtico, n\u00e3o discutir os problemas de Coit\u00e9. Ficou anos sem vir \u00e0 cidade e, em ano eleitoral, aparece anunciando obras\u201d, afirmou.<\/p>\n<p>Apesar de n\u00e3o comparecer ao evento, Marcelo garantiu que colocou a estrutura do munic\u00edpio \u00e0 disposi\u00e7\u00e3o.<\/p>\n<p><strong>Em outro momento do discurso, o prefeito fez cr\u00edticas a uma vereadora da pr\u00f3pria base governista, alertando sobre o uso pol\u00edtico de pautas sens\u00edveis.<\/strong><\/p>\n<p>\u201cN\u00e3o podemos nos deixar levar por vaidade, interesses pessoais ou busca por likes nas redes sociais. O que o povo espera \u00e9 trabalho\u201d, disse.<\/p>\n<p>Ele citou como exemplo a proposta de cria\u00e7\u00e3o de uma Secretaria da Mulher.<\/p>\n<p>\u201cA vereadora conclamou a popula\u00e7\u00e3o a exigir a cria\u00e7\u00e3o de uma secretaria, alegando falta de aten\u00e7\u00e3o \u00e0s mulheres. Isso n\u00e3o procede. O munic\u00edpio j\u00e1 possui uma ampla rede de acolhimento. Esse \u00e9 um tema muito s\u00e9rio. Nenhum vereador pode criar secretaria,\u00a0 pode sugerir, mas n\u00e3o jogar a opini\u00e3o p\u00fablica contra a gest\u00e3o por engajamento. Isso \u00e9 uma atitude irrespons\u00e1vel\u201d, criticou.<\/p>\n<p><strong>Dirigindo-se \u00e0 oposi\u00e7\u00e3o, o prefeito cobrou articula\u00e7\u00e3o pol\u00edtica em favor do munic\u00edpio<\/strong>.<\/p>\n<p>\u201cVoc\u00eas t\u00eam deputados. Exijam que eles enviem emendas para Coit\u00e9. Ou ser\u00e1 que n\u00e3o fazem isso porque o prefeito \u00e9 de outro grupo? Para mim, o que importa \u00e9 que a popula\u00e7\u00e3o seja beneficiada\u201d, afirmou.<\/p>\n<p>Marcelo tamb\u00e9m destacou projetos voltados ao desenvolvimento econ\u00f4mico, com foco no turismo.<\/p>\n<p>\u201cPrecisamos unir for\u00e7as. Temos um projeto ambicioso e queremos consolidar o polo tur\u00edstico do munic\u00edpio. Vamos investir no ecoturismo, a exemplo da Serra do Mucambo, e no Parque Ecol\u00f3gico do Itarandi. Quando o turismo \u00e9 bem desenvolvido, gera emprego, renda e movimenta a economia local\u201d, pontuou.<\/p>\n<p>Por fim, o gestor fez um apelo por uni\u00e3o entre os agentes pol\u00edticos.<\/p>\n<p>\u201cMeu gabinete est\u00e1 aberto para discutir o futuro de Coit\u00e9. Se estivermos juntos, conseguiremos mais recursos. Vamos descer do palanque e trabalhar de m\u00e3os dadas. O tempo passa r\u00e1pido, e quando olhamos para tr\u00e1s, j\u00e1 foi. Precisamos parar com discuss\u00f5es pequenas e focar no que realmente importa\u201d, concluiu.<\/p>\n<p>Texto: Rafaela Rodrigues<\/p>\n<p>Foto: Reprodu\u00e7\u00e3o<\/p>\n","protected":false},"excerpt":{"rendered":"<p>Durante a 8\u00aa sess\u00e3o ordin\u00e1ria da C\u00e2mara de Vereadores de Concei\u00e7\u00e3o do Coit\u00e9 nesta segunda-feira (30), o prefeito Marcelo Ara\u00fajo fez um discurso firme no plen\u00e1rio ap\u00f3s acompanhar as falas de vereadores da oposi\u00e7\u00e3o. Segundo o gestor, os pronunciamentos causaram preocupa\u00e7\u00e3o e frustra\u00e7\u00e3o, j\u00e1 que, de acordo com ele, os parlamentares deixaram de abordar pautas relacionadas \u00e0s demandas do munic\u00edpio, priorizando discuss\u00f5es sobre pol\u00edtica estadual e nacional. Marcelo destacou ainda que, mesmo diante de cr\u00edticas constantes, acredita no di\u00e1logo como principal ferramenta de gest\u00e3o. \u201cNa C\u00e2mara, se perde muito tempo discutindo coisas que n\u00e3o s\u00e3o importantes para o munic\u00edpio. \u00c0s vezes percebemos uma agressividade desnecess\u00e1ria por parte de alguns vereadores. Quem me conhece sabe que sou uma pessoa do di\u00e1logo\u201d, afirmou. O prefeito tamb\u00e9m rebateu acusa\u00e7\u00f5es feitas por um vereador da oposi\u00e7\u00e3o sobre uma suposta interfer\u00eancia em concurso p\u00fablico, classificando a den\u00fancia como infundada. \u201cUm vereador nos acusa de interferir no resultado de um concurso p\u00fablico. Contratamos uma empresa apta, e n\u00e3o cabe a um parlamentar fazer esse tipo de acusa\u00e7\u00e3o. Esse mesmo vereador j\u00e1 apresentou den\u00fancias contra o Executivo, todas arquivadas por falta de provas. Isso \u00e9 leviano\u201d, declarou. Em tom mais pessoal, Marcelo comentou sobre os impactos das cr\u00edticas no ambiente pol\u00edtico e familiar. \u201cEsse \u00e9 o lado ingrato da pol\u00edtica. Muitos dizem que estou colocando meu nome em jogo, que n\u00e3o preciso disso, e talvez estejam certos. Mas vamos deixar a cidade na m\u00e3o dos lobos? E eu pergunto: quem perde com isso?\u201d, questionou. O gestor tamb\u00e9m esclareceu a pol\u00edtica de realiza\u00e7\u00e3o de concursos p\u00fablicos no munic\u00edpio, ressaltando os limites legais. \u201cTentaram passar a ideia de que sou contra concurso p\u00fablico, mas isso n\u00e3o \u00e9 verdade. Seria irresponsabilidade fazer concurso para todos os setores. N\u00e3o podemos ultrapassar 54% da arrecada\u00e7\u00e3o com folha de pagamento. Concurso deve ser feito quando h\u00e1 necessidade permanente, n\u00e3o para demandas tempor\u00e1rias\u201d, explicou. Sobre sua aus\u00eancia durante a visita do governador ao munic\u00edpio, Marcelo afirmou que houve motiva\u00e7\u00e3o pol\u00edtica, citando o corte de recursos destinados ao hospital municipal Hamilton Rios em constru\u00e7\u00e3o. \u201cQuando o governador retirou cerca de R$ 3 milh\u00f5es do conv\u00eanio do hospital, houve uma decis\u00e3o pol\u00edtica. Nada impedia Coit\u00e9 de manter esse conv\u00eanio, toda a documenta\u00e7\u00e3o estava regular. Isso foi uma retalia\u00e7\u00e3o ao nosso governo. Por isso, a obra est\u00e1 parada. Se a oposi\u00e7\u00e3o realmente pensa no povo, que interfira e solicite aos seus deputados a libera\u00e7\u00e3o desses recursos\u201d, disse. O prefeito tamb\u00e9m criticou o car\u00e1ter da visita. \u201cNo dia 20 de mar\u00e7o, o governador veio fazer um ato pol\u00edtico, n\u00e3o discutir os problemas de Coit\u00e9. Ficou anos sem vir \u00e0 cidade e, em ano eleitoral, aparece anunciando obras\u201d, afirmou. Apesar de n\u00e3o comparecer ao evento, Marcelo garantiu que colocou a estrutura do munic\u00edpio \u00e0 disposi\u00e7\u00e3o. Em outro momento do discurso, o prefeito fez cr\u00edticas a uma vereadora da pr\u00f3pria base governista, alertando sobre o uso pol\u00edtico de pautas sens\u00edveis. \u201cN\u00e3o podemos nos deixar levar por vaidade, interesses pessoais ou busca por likes nas redes sociais. O que o povo espera \u00e9 trabalho\u201d, disse. Ele citou como exemplo a proposta de cria\u00e7\u00e3o de uma Secretaria da Mulher. \u201cA vereadora conclamou a popula\u00e7\u00e3o a exigir a cria\u00e7\u00e3o de uma secretaria, alegando falta de aten\u00e7\u00e3o \u00e0s mulheres. Isso n\u00e3o procede. O munic\u00edpio j\u00e1 possui uma ampla rede de acolhimento. Esse \u00e9 um tema muito s\u00e9rio. Nenhum vereador pode criar secretaria,\u00a0 pode sugerir, mas n\u00e3o jogar a opini\u00e3o p\u00fablica contra a gest\u00e3o por engajamento. Isso \u00e9 uma atitude irrespons\u00e1vel\u201d, criticou. Dirigindo-se \u00e0 oposi\u00e7\u00e3o, o prefeito cobrou articula\u00e7\u00e3o pol\u00edtica em favor do munic\u00edpio. \u201cVoc\u00eas t\u00eam deputados. Exijam que eles enviem emendas para Coit\u00e9. Ou ser\u00e1 que n\u00e3o fazem isso porque o prefeito \u00e9 de outro grupo? Para mim, o que importa \u00e9 que a popula\u00e7\u00e3o seja beneficiada\u201d, afirmou. Marcelo tamb\u00e9m destacou projetos voltados ao desenvolvimento econ\u00f4mico, com foco no turismo. \u201cPrecisamos unir for\u00e7as. Temos um projeto ambicioso e queremos consolidar o polo tur\u00edstico do munic\u00edpio. Vamos investir no ecoturismo, a exemplo da Serra do Mucambo, e no Parque Ecol\u00f3gico do Itarandi. Quando o turismo \u00e9 bem desenvolvido, gera emprego, renda e movimenta a economia local\u201d, pontuou. Por fim, o gestor fez um apelo por uni\u00e3o entre os agentes pol\u00edticos. \u201cMeu gabinete est\u00e1 aberto para discutir o futuro de Coit\u00e9. Se estivermos juntos, conseguiremos mais recursos. Vamos descer do palanque e trabalhar de m\u00e3os dadas. O tempo passa r\u00e1pido, e quando olhamos para tr\u00e1s, j\u00e1 foi. Precisamos parar com discuss\u00f5es pequenas e focar no que realmente importa\u201d, concluiu. Texto: Rafaela Rodrigues Foto: Reprodu\u00e7\u00e3o<\/p>\n","protected":false},"author":3,"featured_media":12467,"comment_status":"open","ping_status":"open","sticky":false,"template":"","format":"standard","meta":{"_joinchat":[],"footnotes":""},"categories":[55,53,59],"tags":[],"class_list":["post-12463","post","type-post","status-publish","format-standard","has-post-thumbnail","hentry","category-destaques","category-politica","category-ultimas-noticias"],"yoast_head":"<!-- This site is optimized with the Yoast SEO plugin v24.4 - https:\/\/yoast.com\/wordpress\/plugins\/seo\/ -->\n<title>Em forte desabafo, prefeito de Concei\u00e7\u00e3o do Coit\u00e9 cita \u201cretalia\u00e7\u00e3o\u201d do governo da Bahia, explica obra de hospital parada, aus\u00eancia em agenda do governador e critica atitude de vereadora da pr\u00f3pria base - Portal raizes noticias<\/title>\n<meta name=\"robots\" content=\"index, follow, max-snippet:-1, max-image-preview:large, max-video-preview:-1\" \/>\n<link rel=\"canonical\" href=\"https:\/\/portalraizesnoticias.com.br\/?p=12463\" \/>\n<meta property=\"og:locale\" content=\"pt_BR\" \/>\n<meta property=\"og:type\" content=\"article\" \/>\n<meta property=\"og:title\" content=\"Em forte desabafo, prefeito de Concei\u00e7\u00e3o do Coit\u00e9 cita \u201cretalia\u00e7\u00e3o\u201d do governo da Bahia, explica obra de hospital parada, aus\u00eancia em agenda do governador e critica atitude de vereadora da pr\u00f3pria base - Portal raizes noticias\" \/>\n<meta property=\"og:description\" content=\"Durante a 8\u00aa sess\u00e3o ordin\u00e1ria da C\u00e2mara de Vereadores de Concei\u00e7\u00e3o do Coit\u00e9 nesta segunda-feira (30), o prefeito Marcelo Ara\u00fajo fez um discurso firme no plen\u00e1rio ap\u00f3s acompanhar as falas de vereadores da oposi\u00e7\u00e3o. Segundo o gestor, os pronunciamentos causaram preocupa\u00e7\u00e3o e frustra\u00e7\u00e3o, j\u00e1 que, de acordo com ele, os parlamentares deixaram de abordar pautas relacionadas \u00e0s demandas do munic\u00edpio, priorizando discuss\u00f5es sobre pol\u00edtica estadual e nacional. Marcelo destacou ainda que, mesmo diante de cr\u00edticas constantes, acredita no di\u00e1logo como principal ferramenta de gest\u00e3o. \u201cNa C\u00e2mara, se perde muito tempo discutindo coisas que n\u00e3o s\u00e3o importantes para o munic\u00edpio. \u00c0s vezes percebemos uma agressividade desnecess\u00e1ria por parte de alguns vereadores. Quem me conhece sabe que sou uma pessoa do di\u00e1logo\u201d, afirmou. O prefeito tamb\u00e9m rebateu acusa\u00e7\u00f5es feitas por um vereador da oposi\u00e7\u00e3o sobre uma suposta interfer\u00eancia em concurso p\u00fablico, classificando a den\u00fancia como infundada. \u201cUm vereador nos acusa de interferir no resultado de um concurso p\u00fablico. Contratamos uma empresa apta, e n\u00e3o cabe a um parlamentar fazer esse tipo de acusa\u00e7\u00e3o. Esse mesmo vereador j\u00e1 apresentou den\u00fancias contra o Executivo, todas arquivadas por falta de provas. Isso \u00e9 leviano\u201d, declarou. Em tom mais pessoal, Marcelo comentou sobre os impactos das cr\u00edticas no ambiente pol\u00edtico e familiar. \u201cEsse \u00e9 o lado ingrato da pol\u00edtica. Muitos dizem que estou colocando meu nome em jogo, que n\u00e3o preciso disso, e talvez estejam certos. Mas vamos deixar a cidade na m\u00e3o dos lobos? E eu pergunto: quem perde com isso?\u201d, questionou. O gestor tamb\u00e9m esclareceu a pol\u00edtica de realiza\u00e7\u00e3o de concursos p\u00fablicos no munic\u00edpio, ressaltando os limites legais. \u201cTentaram passar a ideia de que sou contra concurso p\u00fablico, mas isso n\u00e3o \u00e9 verdade. Seria irresponsabilidade fazer concurso para todos os setores. N\u00e3o podemos ultrapassar 54% da arrecada\u00e7\u00e3o com folha de pagamento. Concurso deve ser feito quando h\u00e1 necessidade permanente, n\u00e3o para demandas tempor\u00e1rias\u201d, explicou. Sobre sua aus\u00eancia durante a visita do governador ao munic\u00edpio, Marcelo afirmou que houve motiva\u00e7\u00e3o pol\u00edtica, citando o corte de recursos destinados ao hospital municipal Hamilton Rios em constru\u00e7\u00e3o. \u201cQuando o governador retirou cerca de R$ 3 milh\u00f5es do conv\u00eanio do hospital, houve uma decis\u00e3o pol\u00edtica. Nada impedia Coit\u00e9 de manter esse conv\u00eanio, toda a documenta\u00e7\u00e3o estava regular. Isso foi uma retalia\u00e7\u00e3o ao nosso governo. Por isso, a obra est\u00e1 parada. Se a oposi\u00e7\u00e3o realmente pensa no povo, que interfira e solicite aos seus deputados a libera\u00e7\u00e3o desses recursos\u201d, disse. O prefeito tamb\u00e9m criticou o car\u00e1ter da visita. \u201cNo dia 20 de mar\u00e7o, o governador veio fazer um ato pol\u00edtico, n\u00e3o discutir os problemas de Coit\u00e9. Ficou anos sem vir \u00e0 cidade e, em ano eleitoral, aparece anunciando obras\u201d, afirmou. Apesar de n\u00e3o comparecer ao evento, Marcelo garantiu que colocou a estrutura do munic\u00edpio \u00e0 disposi\u00e7\u00e3o. Em outro momento do discurso, o prefeito fez cr\u00edticas a uma vereadora da pr\u00f3pria base governista, alertando sobre o uso pol\u00edtico de pautas sens\u00edveis. \u201cN\u00e3o podemos nos deixar levar por vaidade, interesses pessoais ou busca por likes nas redes sociais. O que o povo espera \u00e9 trabalho\u201d, disse. Ele citou como exemplo a proposta de cria\u00e7\u00e3o de uma Secretaria da Mulher. \u201cA vereadora conclamou a popula\u00e7\u00e3o a exigir a cria\u00e7\u00e3o de uma secretaria, alegando falta de aten\u00e7\u00e3o \u00e0s mulheres. Isso n\u00e3o procede. O munic\u00edpio j\u00e1 possui uma ampla rede de acolhimento. Esse \u00e9 um tema muito s\u00e9rio. Nenhum vereador pode criar secretaria,\u00a0 pode sugerir, mas n\u00e3o jogar a opini\u00e3o p\u00fablica contra a gest\u00e3o por engajamento. Isso \u00e9 uma atitude irrespons\u00e1vel\u201d, criticou. Dirigindo-se \u00e0 oposi\u00e7\u00e3o, o prefeito cobrou articula\u00e7\u00e3o pol\u00edtica em favor do munic\u00edpio. \u201cVoc\u00eas t\u00eam deputados. Exijam que eles enviem emendas para Coit\u00e9. Ou ser\u00e1 que n\u00e3o fazem isso porque o prefeito \u00e9 de outro grupo? Para mim, o que importa \u00e9 que a popula\u00e7\u00e3o seja beneficiada\u201d, afirmou. Marcelo tamb\u00e9m destacou projetos voltados ao desenvolvimento econ\u00f4mico, com foco no turismo. \u201cPrecisamos unir for\u00e7as. Temos um projeto ambicioso e queremos consolidar o polo tur\u00edstico do munic\u00edpio. Vamos investir no ecoturismo, a exemplo da Serra do Mucambo, e no Parque Ecol\u00f3gico do Itarandi. Quando o turismo \u00e9 bem desenvolvido, gera emprego, renda e movimenta a economia local\u201d, pontuou. Por fim, o gestor fez um apelo por uni\u00e3o entre os agentes pol\u00edticos. \u201cMeu gabinete est\u00e1 aberto para discutir o futuro de Coit\u00e9. Se estivermos juntos, conseguiremos mais recursos. Vamos descer do palanque e trabalhar de m\u00e3os dadas. O tempo passa r\u00e1pido, e quando olhamos para tr\u00e1s, j\u00e1 foi. Precisamos parar com discuss\u00f5es pequenas e focar no que realmente importa\u201d, concluiu. Texto: Rafaela Rodrigues Foto: Reprodu\u00e7\u00e3o\" \/>\n<meta property=\"og:url\" content=\"https:\/\/portalraizesnoticias.com.br\/?p=12463\" \/>\n<meta property=\"og:site_name\" content=\"Portal raizes noticias\" \/>\n<meta property=\"article:published_time\" content=\"2026-03-30T16:10:06+00:00\" \/>\n<meta property=\"article:modified_time\" content=\"2026-03-30T16:20:09+00:00\" \/>\n<meta property=\"og:image\" content=\"https:\/\/portalraizesnoticias.com.br\/wp-content\/uploads\/2026\/03\/MARCELO-COITE1.jpg\" \/>\n\t<meta property=\"og:image:width\" content=\"700\" \/>\n\t<meta property=\"og:image:height\" content=\"433\" \/>\n\t<meta property=\"og:image:type\" content=\"image\/jpeg\" \/>\n<meta name=\"author\" content=\"Portal Raizes\" \/>\n<meta name=\"twitter:card\" content=\"summary_large_image\" \/>\n<meta name=\"twitter:label1\" content=\"Escrito por\" \/>\n\t<meta name=\"twitter:data1\" content=\"Portal Raizes\" \/>\n\t<meta name=\"twitter:label2\" content=\"Est. tempo de leitura\" \/>\n\t<meta name=\"twitter:data2\" content=\"5 minutos\" \/>\n<script type=\"application\/ld+json\" class=\"yoast-schema-graph\">{\"@context\":\"https:\/\/schema.org\",\"@graph\":[{\"@type\":\"Article\",\"@id\":\"https:\/\/portalraizesnoticias.com.br\/?p=12463#article\",\"isPartOf\":{\"@id\":\"https:\/\/portalraizesnoticias.com.br\/?p=12463\"},\"author\":{\"name\":\"Portal Raizes\",\"@id\":\"https:\/\/portalraizesnoticias.com.br\/#\/schema\/person\/a3ca6b0fc701e78df19756c417d943ae\"},\"headline\":\"Em forte desabafo, prefeito de Concei\u00e7\u00e3o do Coit\u00e9 cita \u201cretalia\u00e7\u00e3o\u201d do governo da Bahia, explica obra de hospital parada, aus\u00eancia em agenda do governador e critica atitude de vereadora da pr\u00f3pria base\",\"datePublished\":\"2026-03-30T16:10:06+00:00\",\"dateModified\":\"2026-03-30T16:20:09+00:00\",\"mainEntityOfPage\":{\"@id\":\"https:\/\/portalraizesnoticias.com.br\/?p=12463\"},\"wordCount\":888,\"commentCount\":0,\"publisher\":{\"@id\":\"https:\/\/portalraizesnoticias.com.br\/#organization\"},\"image\":{\"@id\":\"https:\/\/portalraizesnoticias.com.br\/?p=12463#primaryimage\"},\"thumbnailUrl\":\"https:\/\/portalraizesnoticias.com.br\/wp-content\/uploads\/2026\/03\/MARCELO-COITE1.jpg\",\"articleSection\":[\"DESTAQUES\",\"POLITICA\",\"ULTIMAS NOTICIAS\"],\"inLanguage\":\"pt-BR\",\"potentialAction\":[{\"@type\":\"CommentAction\",\"name\":\"Comment\",\"target\":[\"https:\/\/portalraizesnoticias.com.br\/?p=12463#respond\"]}]},{\"@type\":\"WebPage\",\"@id\":\"https:\/\/portalraizesnoticias.com.br\/?p=12463\",\"url\":\"https:\/\/portalraizesnoticias.com.br\/?p=12463\",\"name\":\"Em forte desabafo, prefeito de Concei\u00e7\u00e3o do Coit\u00e9 cita \u201cretalia\u00e7\u00e3o\u201d do governo da Bahia, explica obra de hospital parada, aus\u00eancia em agenda do governador e critica atitude de vereadora da pr\u00f3pria base - Portal raizes noticias\",\"isPartOf\":{\"@id\":\"https:\/\/portalraizesnoticias.com.br\/#website\"},\"primaryImageOfPage\":{\"@id\":\"https:\/\/portalraizesnoticias.com.br\/?p=12463#primaryimage\"},\"image\":{\"@id\":\"https:\/\/portalraizesnoticias.com.br\/?p=12463#primaryimage\"},\"thumbnailUrl\":\"https:\/\/portalraizesnoticias.com.br\/wp-content\/uploads\/2026\/03\/MARCELO-COITE1.jpg\",\"datePublished\":\"2026-03-30T16:10:06+00:00\",\"dateModified\":\"2026-03-30T16:20:09+00:00\",\"breadcrumb\":{\"@id\":\"https:\/\/portalraizesnoticias.com.br\/?p=12463#breadcrumb\"},\"inLanguage\":\"pt-BR\",\"potentialAction\":[{\"@type\":\"ReadAction\",\"target\":[\"https:\/\/portalraizesnoticias.com.br\/?p=12463\"]}]},{\"@type\":\"ImageObject\",\"inLanguage\":\"pt-BR\",\"@id\":\"https:\/\/portalraizesnoticias.com.br\/?p=12463#primaryimage\",\"url\":\"https:\/\/portalraizesnoticias.com.br\/wp-content\/uploads\/2026\/03\/MARCELO-COITE1.jpg\",\"contentUrl\":\"https:\/\/portalraizesnoticias.com.br\/wp-content\/uploads\/2026\/03\/MARCELO-COITE1.jpg\",\"width\":700,\"height\":433},{\"@type\":\"BreadcrumbList\",\"@id\":\"https:\/\/portalraizesnoticias.com.br\/?p=12463#breadcrumb\",\"itemListElement\":[{\"@type\":\"ListItem\",\"position\":1,\"name\":\"In\u00edcio\",\"item\":\"https:\/\/portalraizesnoticias.com.br\/\"},{\"@type\":\"ListItem\",\"position\":2,\"name\":\"Em forte desabafo, prefeito de Concei\u00e7\u00e3o do Coit\u00e9 cita \u201cretalia\u00e7\u00e3o\u201d do governo da Bahia, explica obra de hospital parada, aus\u00eancia em agenda do governador e critica atitude de vereadora da pr\u00f3pria base\"}]},{\"@type\":\"WebSite\",\"@id\":\"https:\/\/portalraizesnoticias.com.br\/#website\",\"url\":\"https:\/\/portalraizesnoticias.com.br\/\",\"name\":\"Portal raizes NOTICIAS\",\"description\":\"site de noticias de concei\u00e7\u00e3o do coit\u00e9 e regi\u00e3o\",\"publisher\":{\"@id\":\"https:\/\/portalraizesnoticias.com.br\/#organization\"},\"alternateName\":\"PORTAL RAIZES COIT\u00c9\",\"potentialAction\":[{\"@type\":\"SearchAction\",\"target\":{\"@type\":\"EntryPoint\",\"urlTemplate\":\"https:\/\/portalraizesnoticias.com.br\/?s={search_term_string}\"},\"query-input\":{\"@type\":\"PropertyValueSpecification\",\"valueRequired\":true,\"valueName\":\"search_term_string\"}}],\"inLanguage\":\"pt-BR\"},{\"@type\":\"Organization\",\"@id\":\"https:\/\/portalraizesnoticias.com.br\/#organization\",\"name\":\"Portal raizes NOTICIAS\",\"url\":\"https:\/\/portalraizesnoticias.com.br\/\",\"logo\":{\"@type\":\"ImageObject\",\"inLanguage\":\"pt-BR\",\"@id\":\"https:\/\/portalraizesnoticias.com.br\/#\/schema\/logo\/image\/\",\"url\":\"https:\/\/portalraizesnoticias.com.br\/wp-content\/uploads\/2024\/09\/cropped-Captura-de-tela-2024-09-08-011108.png\",\"contentUrl\":\"https:\/\/portalraizesnoticias.com.br\/wp-content\/uploads\/2024\/09\/cropped-Captura-de-tela-2024-09-08-011108.png\",\"width\":606,\"height\":173,\"caption\":\"Portal raizes NOTICIAS\"},\"image\":{\"@id\":\"https:\/\/portalraizesnoticias.com.br\/#\/schema\/logo\/image\/\"}},{\"@type\":\"Person\",\"@id\":\"https:\/\/portalraizesnoticias.com.br\/#\/schema\/person\/a3ca6b0fc701e78df19756c417d943ae\",\"name\":\"Portal Raizes\",\"image\":{\"@type\":\"ImageObject\",\"inLanguage\":\"pt-BR\",\"@id\":\"https:\/\/portalraizesnoticias.com.br\/#\/schema\/person\/image\/\",\"url\":\"https:\/\/secure.gravatar.com\/avatar\/ef450d29013a3d3fba867a12a249d7b1?s=96&d=mm&r=g\",\"contentUrl\":\"https:\/\/secure.gravatar.com\/avatar\/ef450d29013a3d3fba867a12a249d7b1?s=96&d=mm&r=g\",\"caption\":\"Portal Raizes\"},\"url\":\"https:\/\/portalraizesnoticias.com.br\/?author=3\"}]}<\/script>\n<!-- \/ Yoast SEO plugin. -->","yoast_head_json":{"title":"Em forte desabafo, prefeito de Concei\u00e7\u00e3o do Coit\u00e9 cita \u201cretalia\u00e7\u00e3o\u201d do governo da Bahia, explica obra de hospital parada, aus\u00eancia em agenda do governador e critica atitude de vereadora da pr\u00f3pria base - Portal raizes noticias","robots":{"index":"index","follow":"follow","max-snippet":"max-snippet:-1","max-image-preview":"max-image-preview:large","max-video-preview":"max-video-preview:-1"},"canonical":"https:\/\/portalraizesnoticias.com.br\/?p=12463","og_locale":"pt_BR","og_type":"article","og_title":"Em forte desabafo, prefeito de Concei\u00e7\u00e3o do Coit\u00e9 cita \u201cretalia\u00e7\u00e3o\u201d do governo da Bahia, explica obra de hospital parada, aus\u00eancia em agenda do governador e critica atitude de vereadora da pr\u00f3pria base - Portal raizes noticias","og_description":"Durante a 8\u00aa sess\u00e3o ordin\u00e1ria da C\u00e2mara de Vereadores de Concei\u00e7\u00e3o do Coit\u00e9 nesta segunda-feira (30), o prefeito Marcelo Ara\u00fajo fez um discurso firme no plen\u00e1rio ap\u00f3s acompanhar as falas de vereadores da oposi\u00e7\u00e3o. Segundo o gestor, os pronunciamentos causaram preocupa\u00e7\u00e3o e frustra\u00e7\u00e3o, j\u00e1 que, de acordo com ele, os parlamentares deixaram de abordar pautas relacionadas \u00e0s demandas do munic\u00edpio, priorizando discuss\u00f5es sobre pol\u00edtica estadual e nacional. Marcelo destacou ainda que, mesmo diante de cr\u00edticas constantes, acredita no di\u00e1logo como principal ferramenta de gest\u00e3o. \u201cNa C\u00e2mara, se perde muito tempo discutindo coisas que n\u00e3o s\u00e3o importantes para o munic\u00edpio. \u00c0s vezes percebemos uma agressividade desnecess\u00e1ria por parte de alguns vereadores. Quem me conhece sabe que sou uma pessoa do di\u00e1logo\u201d, afirmou. O prefeito tamb\u00e9m rebateu acusa\u00e7\u00f5es feitas por um vereador da oposi\u00e7\u00e3o sobre uma suposta interfer\u00eancia em concurso p\u00fablico, classificando a den\u00fancia como infundada. \u201cUm vereador nos acusa de interferir no resultado de um concurso p\u00fablico. Contratamos uma empresa apta, e n\u00e3o cabe a um parlamentar fazer esse tipo de acusa\u00e7\u00e3o. Esse mesmo vereador j\u00e1 apresentou den\u00fancias contra o Executivo, todas arquivadas por falta de provas. Isso \u00e9 leviano\u201d, declarou. Em tom mais pessoal, Marcelo comentou sobre os impactos das cr\u00edticas no ambiente pol\u00edtico e familiar. \u201cEsse \u00e9 o lado ingrato da pol\u00edtica. Muitos dizem que estou colocando meu nome em jogo, que n\u00e3o preciso disso, e talvez estejam certos. Mas vamos deixar a cidade na m\u00e3o dos lobos? E eu pergunto: quem perde com isso?\u201d, questionou. O gestor tamb\u00e9m esclareceu a pol\u00edtica de realiza\u00e7\u00e3o de concursos p\u00fablicos no munic\u00edpio, ressaltando os limites legais. \u201cTentaram passar a ideia de que sou contra concurso p\u00fablico, mas isso n\u00e3o \u00e9 verdade. Seria irresponsabilidade fazer concurso para todos os setores. N\u00e3o podemos ultrapassar 54% da arrecada\u00e7\u00e3o com folha de pagamento. Concurso deve ser feito quando h\u00e1 necessidade permanente, n\u00e3o para demandas tempor\u00e1rias\u201d, explicou. Sobre sua aus\u00eancia durante a visita do governador ao munic\u00edpio, Marcelo afirmou que houve motiva\u00e7\u00e3o pol\u00edtica, citando o corte de recursos destinados ao hospital municipal Hamilton Rios em constru\u00e7\u00e3o. \u201cQuando o governador retirou cerca de R$ 3 milh\u00f5es do conv\u00eanio do hospital, houve uma decis\u00e3o pol\u00edtica. Nada impedia Coit\u00e9 de manter esse conv\u00eanio, toda a documenta\u00e7\u00e3o estava regular. Isso foi uma retalia\u00e7\u00e3o ao nosso governo. Por isso, a obra est\u00e1 parada. Se a oposi\u00e7\u00e3o realmente pensa no povo, que interfira e solicite aos seus deputados a libera\u00e7\u00e3o desses recursos\u201d, disse. O prefeito tamb\u00e9m criticou o car\u00e1ter da visita. \u201cNo dia 20 de mar\u00e7o, o governador veio fazer um ato pol\u00edtico, n\u00e3o discutir os problemas de Coit\u00e9. Ficou anos sem vir \u00e0 cidade e, em ano eleitoral, aparece anunciando obras\u201d, afirmou. Apesar de n\u00e3o comparecer ao evento, Marcelo garantiu que colocou a estrutura do munic\u00edpio \u00e0 disposi\u00e7\u00e3o. Em outro momento do discurso, o prefeito fez cr\u00edticas a uma vereadora da pr\u00f3pria base governista, alertando sobre o uso pol\u00edtico de pautas sens\u00edveis. \u201cN\u00e3o podemos nos deixar levar por vaidade, interesses pessoais ou busca por likes nas redes sociais. O que o povo espera \u00e9 trabalho\u201d, disse. Ele citou como exemplo a proposta de cria\u00e7\u00e3o de uma Secretaria da Mulher. \u201cA vereadora conclamou a popula\u00e7\u00e3o a exigir a cria\u00e7\u00e3o de uma secretaria, alegando falta de aten\u00e7\u00e3o \u00e0s mulheres. Isso n\u00e3o procede. O munic\u00edpio j\u00e1 possui uma ampla rede de acolhimento. Esse \u00e9 um tema muito s\u00e9rio. Nenhum vereador pode criar secretaria,\u00a0 pode sugerir, mas n\u00e3o jogar a opini\u00e3o p\u00fablica contra a gest\u00e3o por engajamento. Isso \u00e9 uma atitude irrespons\u00e1vel\u201d, criticou. Dirigindo-se \u00e0 oposi\u00e7\u00e3o, o prefeito cobrou articula\u00e7\u00e3o pol\u00edtica em favor do munic\u00edpio. \u201cVoc\u00eas t\u00eam deputados. Exijam que eles enviem emendas para Coit\u00e9. Ou ser\u00e1 que n\u00e3o fazem isso porque o prefeito \u00e9 de outro grupo? Para mim, o que importa \u00e9 que a popula\u00e7\u00e3o seja beneficiada\u201d, afirmou. Marcelo tamb\u00e9m destacou projetos voltados ao desenvolvimento econ\u00f4mico, com foco no turismo. \u201cPrecisamos unir for\u00e7as. Temos um projeto ambicioso e queremos consolidar o polo tur\u00edstico do munic\u00edpio. Vamos investir no ecoturismo, a exemplo da Serra do Mucambo, e no Parque Ecol\u00f3gico do Itarandi. Quando o turismo \u00e9 bem desenvolvido, gera emprego, renda e movimenta a economia local\u201d, pontuou. Por fim, o gestor fez um apelo por uni\u00e3o entre os agentes pol\u00edticos. \u201cMeu gabinete est\u00e1 aberto para discutir o futuro de Coit\u00e9. Se estivermos juntos, conseguiremos mais recursos. Vamos descer do palanque e trabalhar de m\u00e3os dadas. O tempo passa r\u00e1pido, e quando olhamos para tr\u00e1s, j\u00e1 foi. Precisamos parar com discuss\u00f5es pequenas e focar no que realmente importa\u201d, concluiu. Texto: Rafaela Rodrigues Foto: Reprodu\u00e7\u00e3o","og_url":"https:\/\/portalraizesnoticias.com.br\/?p=12463","og_site_name":"Portal raizes noticias","article_published_time":"2026-03-30T16:10:06+00:00","article_modified_time":"2026-03-30T16:20:09+00:00","og_image":[{"width":700,"height":433,"url":"https:\/\/portalraizesnoticias.com.br\/wp-content\/uploads\/2026\/03\/MARCELO-COITE1.jpg","type":"image\/jpeg"}],"author":"Portal Raizes","twitter_card":"summary_large_image","twitter_misc":{"Escrito por":"Portal Raizes","Est. tempo de leitura":"5 minutos"},"schema":{"@context":"https:\/\/schema.org","@graph":[{"@type":"Article","@id":"https:\/\/portalraizesnoticias.com.br\/?p=12463#article","isPartOf":{"@id":"https:\/\/portalraizesnoticias.com.br\/?p=12463"},"author":{"name":"Portal Raizes","@id":"https:\/\/portalraizesnoticias.com.br\/#\/schema\/person\/a3ca6b0fc701e78df19756c417d943ae"},"headline":"Em forte desabafo, prefeito de Concei\u00e7\u00e3o do Coit\u00e9 cita \u201cretalia\u00e7\u00e3o\u201d do governo da Bahia, explica obra de hospital parada, aus\u00eancia em agenda do governador e critica atitude de vereadora da pr\u00f3pria base","datePublished":"2026-03-30T16:10:06+00:00","dateModified":"2026-03-30T16:20:09+00:00","mainEntityOfPage":{"@id":"https:\/\/portalraizesnoticias.com.br\/?p=12463"},"wordCount":888,"commentCount":0,"publisher":{"@id":"https:\/\/portalraizesnoticias.com.br\/#organization"},"image":{"@id":"https:\/\/portalraizesnoticias.com.br\/?p=12463#primaryimage"},"thumbnailUrl":"https:\/\/portalraizesnoticias.com.br\/wp-content\/uploads\/2026\/03\/MARCELO-COITE1.jpg","articleSection":["DESTAQUES","POLITICA","ULTIMAS NOTICIAS"],"inLanguage":"pt-BR","potentialAction":[{"@type":"CommentAction","name":"Comment","target":["https:\/\/portalraizesnoticias.com.br\/?p=12463#respond"]}]},{"@type":"WebPage","@id":"https:\/\/portalraizesnoticias.com.br\/?p=12463","url":"https:\/\/portalraizesnoticias.com.br\/?p=12463","name":"Em forte desabafo, prefeito de Concei\u00e7\u00e3o do Coit\u00e9 cita \u201cretalia\u00e7\u00e3o\u201d do governo da Bahia, explica obra de hospital parada, aus\u00eancia em agenda do governador e critica atitude de vereadora da pr\u00f3pria base - Portal raizes noticias","isPartOf":{"@id":"https:\/\/portalraizesnoticias.com.br\/#website"},"primaryImageOfPage":{"@id":"https:\/\/portalraizesnoticias.com.br\/?p=12463#primaryimage"},"image":{"@id":"https:\/\/portalraizesnoticias.com.br\/?p=12463#primaryimage"},"thumbnailUrl":"https:\/\/portalraizesnoticias.com.br\/wp-content\/uploads\/2026\/03\/MARCELO-COITE1.jpg","datePublished":"2026-03-30T16:10:06+00:00","dateModified":"2026-03-30T16:20:09+00:00","breadcrumb":{"@id":"https:\/\/portalraizesnoticias.com.br\/?p=12463#breadcrumb"},"inLanguage":"pt-BR","potentialAction":[{"@type":"ReadAction","target":["https:\/\/portalraizesnoticias.com.br\/?p=12463"]}]},{"@type":"ImageObject","inLanguage":"pt-BR","@id":"https:\/\/portalraizesnoticias.com.br\/?p=12463#primaryimage","url":"https:\/\/portalraizesnoticias.com.br\/wp-content\/uploads\/2026\/03\/MARCELO-COITE1.jpg","contentUrl":"https:\/\/portalraizesnoticias.com.br\/wp-content\/uploads\/2026\/03\/MARCELO-COITE1.jpg","width":700,"height":433},{"@type":"BreadcrumbList","@id":"https:\/\/portalraizesnoticias.com.br\/?p=12463#breadcrumb","itemListElement":[{"@type":"ListItem","position":1,"name":"In\u00edcio","item":"https:\/\/portalraizesnoticias.com.br\/"},{"@type":"ListItem","position":2,"name":"Em forte desabafo, prefeito de Concei\u00e7\u00e3o do Coit\u00e9 cita \u201cretalia\u00e7\u00e3o\u201d do governo da Bahia, explica obra de hospital parada, aus\u00eancia em agenda do governador e critica atitude de vereadora da pr\u00f3pria base"}]},{"@type":"WebSite","@id":"https:\/\/portalraizesnoticias.com.br\/#website","url":"https:\/\/portalraizesnoticias.com.br\/","name":"Portal raizes NOTICIAS","description":"site de noticias de concei\u00e7\u00e3o do coit\u00e9 e regi\u00e3o","publisher":{"@id":"https:\/\/portalraizesnoticias.com.br\/#organization"},"alternateName":"PORTAL RAIZES COIT\u00c9","potentialAction":[{"@type":"SearchAction","target":{"@type":"EntryPoint","urlTemplate":"https:\/\/portalraizesnoticias.com.br\/?s={search_term_string}"},"query-input":{"@type":"PropertyValueSpecification","valueRequired":true,"valueName":"search_term_string"}}],"inLanguage":"pt-BR"},{"@type":"Organization","@id":"https:\/\/portalraizesnoticias.com.br\/#organization","name":"Portal raizes NOTICIAS","url":"https:\/\/portalraizesnoticias.com.br\/","logo":{"@type":"ImageObject","inLanguage":"pt-BR","@id":"https:\/\/portalraizesnoticias.com.br\/#\/schema\/logo\/image\/","url":"https:\/\/portalraizesnoticias.com.br\/wp-content\/uploads\/2024\/09\/cropped-Captura-de-tela-2024-09-08-011108.png","contentUrl":"https:\/\/portalraizesnoticias.com.br\/wp-content\/uploads\/2024\/09\/cropped-Captura-de-tela-2024-09-08-011108.png","width":606,"height":173,"caption":"Portal raizes NOTICIAS"},"image":{"@id":"https:\/\/portalraizesnoticias.com.br\/#\/schema\/logo\/image\/"}},{"@type":"Person","@id":"https:\/\/portalraizesnoticias.com.br\/#\/schema\/person\/a3ca6b0fc701e78df19756c417d943ae","name":"Portal Raizes","image":{"@type":"ImageObject","inLanguage":"pt-BR","@id":"https:\/\/portalraizesnoticias.com.br\/#\/schema\/person\/image\/","url":"https:\/\/secure.gravatar.com\/avatar\/ef450d29013a3d3fba867a12a249d7b1?s=96&d=mm&r=g","contentUrl":"https:\/\/secure.gravatar.com\/avatar\/ef450d29013a3d3fba867a12a249d7b1?s=96&d=mm&r=g","caption":"Portal Raizes"},"url":"https:\/\/portalraizesnoticias.com.br\/?author=3"}]}},"_links":{"self":[{"href":"https:\/\/portalraizesnoticias.com.br\/index.php?rest_route=\/wp\/v2\/posts\/12463"}],"collection":[{"href":"https:\/\/portalraizesnoticias.com.br\/index.php?rest_route=\/wp\/v2\/posts"}],"about":[{"href":"https:\/\/portalraizesnoticias.com.br\/index.php?rest_route=\/wp\/v2\/types\/post"}],"author":[{"embeddable":true,"href":"https:\/\/portalraizesnoticias.com.br\/index.php?rest_route=\/wp\/v2\/users\/3"}],"replies":[{"embeddable":true,"href":"https:\/\/portalraizesnoticias.com.br\/index.php?rest_route=%2Fwp%2Fv2%2Fcomments&post=12463"}],"version-history":[{"count":5,"href":"https:\/\/portalraizesnoticias.com.br\/index.php?rest_route=\/wp\/v2\/posts\/12463\/revisions"}],"predecessor-version":[{"id":12469,"href":"https:\/\/portalraizesnoticias.com.br\/index.php?rest_route=\/wp\/v2\/posts\/12463\/revisions\/12469"}],"wp:featuredmedia":[{"embeddable":true,"href":"https:\/\/portalraizesnoticias.com.br\/index.php?rest_route=\/wp\/v2\/media\/12467"}],"wp:attachment":[{"href":"https:\/\/portalraizesnoticias.com.br\/index.php?rest_route=%2Fwp%2Fv2%2Fmedia&parent=12463"}],"wp:term":[{"taxonomy":"category","embeddable":true,"href":"https:\/\/portalraizesnoticias.com.br\/index.php?rest_route=%2Fwp%2Fv2%2Fcategories&post=12463"},{"taxonomy":"post_tag","embeddable":true,"href":"https:\/\/portalraizesnoticias.com.br\/index.php?rest_route=%2Fwp%2Fv2%2Ftags&post=12463"}],"curies":[{"name":"wp","href":"https:\/\/api.w.org\/{rel}","templated":true}]}}