{"id":12450,"date":"2026-03-29T18:52:08","date_gmt":"2026-03-29T21:52:08","guid":{"rendered":"https:\/\/portalraizesnoticias.com.br\/?p=12450"},"modified":"2026-03-29T19:12:33","modified_gmt":"2026-03-29T22:12:33","slug":"carro-capota-e-cai-em-ribanceira-de-mais-de-5-metros-na-ba-120-gravida-de-7-meses-esta-entre-os-feridos","status":"publish","type":"post","link":"https:\/\/portalraizesnoticias.com.br\/?p=12450","title":{"rendered":"Carro capota e cai em ribanceira de mais de 5 metros na BA-120; gr\u00e1vida de 7 meses est\u00e1 entre os feridos"},"content":{"rendered":"<p>Tr\u00eas pessoas ficaram feridas ap\u00f3s um capotamento registrado na BA-120, no trecho entre Concei\u00e7\u00e3o do Coit\u00e9 e Retirol\u00e2ndia, na tarde deste domingo (29).<\/p>\n<p><img fetchpriority=\"high\" decoding=\"async\" class=\"size-medium wp-image-12454 aligncenter\" src=\"https:\/\/portalraizesnoticias.com.br\/wp-content\/uploads\/2026\/03\/IMG-20260329-WA0217-300x225.jpg\" alt=\"\" width=\"300\" height=\"225\" srcset=\"https:\/\/portalraizesnoticias.com.br\/wp-content\/uploads\/2026\/03\/IMG-20260329-WA0217-300x225.jpg 300w, https:\/\/portalraizesnoticias.com.br\/wp-content\/uploads\/2026\/03\/IMG-20260329-WA0217-1024x768.jpg 1024w, https:\/\/portalraizesnoticias.com.br\/wp-content\/uploads\/2026\/03\/IMG-20260329-WA0217-768x576.jpg 768w, https:\/\/portalraizesnoticias.com.br\/wp-content\/uploads\/2026\/03\/IMG-20260329-WA0217.jpg 1280w\" sizes=\"(max-width: 300px) 100vw, 300px\" \/><\/p>\n<p>Segundo informa\u00e7\u00f5es preliminares, o condutor do ve\u00edculo Kaio Oliveira, teria passado por um espelho d\u2019\u00e1gua ( quando se forma uma camada de \u00e1gua parada sobre o asfalto, geralmente ap\u00f3s chuva) na pista, perdido o controle da dire\u00e7\u00e3o e capotado, descendo uma ribanceira de mais de cinco metros.<\/p>\n<p>De acordo com o coordenador do \u00c1guia Resgate, Gildo Carneiro, as v\u00edtimas foram encontradas fora do ve\u00edculo. Entre elas, uma gestante de sete meses, Maiala Almeida, que apresentava queixa de forte dor de cabe\u00e7a e uma lacera\u00e7\u00e3o na regi\u00e3o da clav\u00edcula.<\/p>\n<p>Uma adolescente de 14 anos foi encontrada com escoria\u00e7\u00f5es e hematomas no rosto. J\u00e1 o condutor sofreu apenas ferimentos leves.<\/p>\n<p>A gestante foi encaminhada para a Unidade Materno Infantil (UMI). As demais v\u00edtimas n\u00e3o quiseram atendimento m\u00e9dico.<\/p>\n<p>Reda\u00e7\u00e3o<\/p>\n","protected":false},"excerpt":{"rendered":"<p>Tr\u00eas pessoas ficaram feridas ap\u00f3s um capotamento registrado na BA-120, no trecho entre Concei\u00e7\u00e3o do Coit\u00e9 e Retirol\u00e2ndia, na tarde deste domingo (29). Segundo informa\u00e7\u00f5es preliminares, o condutor do ve\u00edculo Kaio Oliveira, teria passado por um espelho d\u2019\u00e1gua ( quando se forma uma camada de \u00e1gua parada sobre o asfalto, geralmente ap\u00f3s chuva) na pista, perdido o controle da dire\u00e7\u00e3o e capotado, descendo uma ribanceira de mais de cinco metros. De acordo com o coordenador do \u00c1guia Resgate, Gildo Carneiro, as v\u00edtimas foram encontradas fora do ve\u00edculo. Entre elas, uma gestante de sete meses, Maiala Almeida, que apresentava queixa de forte dor de cabe\u00e7a e uma lacera\u00e7\u00e3o na regi\u00e3o da clav\u00edcula. Uma adolescente de 14 anos foi encontrada com escoria\u00e7\u00f5es e hematomas no rosto. J\u00e1 o condutor sofreu apenas ferimentos leves. A gestante foi encaminhada para a Unidade Materno Infantil (UMI). As demais v\u00edtimas n\u00e3o quiseram atendimento m\u00e9dico. Reda\u00e7\u00e3o<\/p>\n","protected":false},"author":3,"featured_media":12453,"comment_status":"open","ping_status":"open","sticky":false,"template":"","format":"standard","meta":{"_joinchat":[],"footnotes":""},"categories":[1],"tags":[],"class_list":["post-12450","post","type-post","status-publish","format-standard","has-post-thumbnail","hentry","category-esportes-esportes"],"yoast_head":"<!-- This site is optimized with the Yoast SEO plugin v24.4 - https:\/\/yoast.com\/wordpress\/plugins\/seo\/ -->\n<title>Carro capota e cai em ribanceira de mais de 5 metros na BA-120; gr\u00e1vida de 7 meses est\u00e1 entre os feridos - Portal raizes noticias<\/title>\n<meta name=\"robots\" content=\"index, follow, max-snippet:-1, max-image-preview:large, max-video-preview:-1\" \/>\n<link rel=\"canonical\" href=\"https:\/\/portalraizesnoticias.com.br\/?p=12450\" \/>\n<meta property=\"og:locale\" content=\"pt_BR\" \/>\n<meta property=\"og:type\" content=\"article\" \/>\n<meta property=\"og:title\" content=\"Carro capota e cai em ribanceira de mais de 5 metros na BA-120; gr\u00e1vida de 7 meses est\u00e1 entre os feridos - Portal raizes noticias\" \/>\n<meta property=\"og:description\" content=\"Tr\u00eas pessoas ficaram feridas ap\u00f3s um capotamento registrado na BA-120, no trecho entre Concei\u00e7\u00e3o do Coit\u00e9 e Retirol\u00e2ndia, na tarde deste domingo (29). Segundo informa\u00e7\u00f5es preliminares, o condutor do ve\u00edculo Kaio Oliveira, teria passado por um espelho d\u2019\u00e1gua ( quando se forma uma camada de \u00e1gua parada sobre o asfalto, geralmente ap\u00f3s chuva) na pista, perdido o controle da dire\u00e7\u00e3o e capotado, descendo uma ribanceira de mais de cinco metros. De acordo com o coordenador do \u00c1guia Resgate, Gildo Carneiro, as v\u00edtimas foram encontradas fora do ve\u00edculo. Entre elas, uma gestante de sete meses, Maiala Almeida, que apresentava queixa de forte dor de cabe\u00e7a e uma lacera\u00e7\u00e3o na regi\u00e3o da clav\u00edcula. Uma adolescente de 14 anos foi encontrada com escoria\u00e7\u00f5es e hematomas no rosto. J\u00e1 o condutor sofreu apenas ferimentos leves. A gestante foi encaminhada para a Unidade Materno Infantil (UMI). As demais v\u00edtimas n\u00e3o quiseram atendimento m\u00e9dico. Reda\u00e7\u00e3o\" \/>\n<meta property=\"og:url\" content=\"https:\/\/portalraizesnoticias.com.br\/?p=12450\" \/>\n<meta property=\"og:site_name\" content=\"Portal raizes noticias\" \/>\n<meta property=\"article:published_time\" content=\"2026-03-29T21:52:08+00:00\" \/>\n<meta property=\"article:modified_time\" content=\"2026-03-29T22:12:33+00:00\" \/>\n<meta property=\"og:image\" content=\"https:\/\/portalraizesnoticias.com.br\/wp-content\/uploads\/2026\/03\/IMG-20260329-WA0221.jpg\" \/>\n\t<meta property=\"og:image:width\" content=\"960\" \/>\n\t<meta property=\"og:image:height\" content=\"1280\" \/>\n\t<meta property=\"og:image:type\" content=\"image\/jpeg\" \/>\n<meta name=\"author\" content=\"Portal Raizes\" \/>\n<meta name=\"twitter:card\" content=\"summary_large_image\" \/>\n<meta name=\"twitter:label1\" content=\"Escrito por\" \/>\n\t<meta name=\"twitter:data1\" content=\"Portal Raizes\" \/>\n\t<meta name=\"twitter:label2\" content=\"Est. tempo de leitura\" \/>\n\t<meta name=\"twitter:data2\" content=\"2 minutos\" \/>\n<script type=\"application\/ld+json\" class=\"yoast-schema-graph\">{\"@context\":\"https:\/\/schema.org\",\"@graph\":[{\"@type\":\"Article\",\"@id\":\"https:\/\/portalraizesnoticias.com.br\/?p=12450#article\",\"isPartOf\":{\"@id\":\"https:\/\/portalraizesnoticias.com.br\/?p=12450\"},\"author\":{\"name\":\"Portal Raizes\",\"@id\":\"https:\/\/portalraizesnoticias.com.br\/#\/schema\/person\/a3ca6b0fc701e78df19756c417d943ae\"},\"headline\":\"Carro capota e cai em ribanceira de mais de 5 metros na BA-120; gr\u00e1vida de 7 meses est\u00e1 entre os feridos\",\"datePublished\":\"2026-03-29T21:52:08+00:00\",\"dateModified\":\"2026-03-29T22:12:33+00:00\",\"mainEntityOfPage\":{\"@id\":\"https:\/\/portalraizesnoticias.com.br\/?p=12450\"},\"wordCount\":186,\"commentCount\":0,\"publisher\":{\"@id\":\"https:\/\/portalraizesnoticias.com.br\/#organization\"},\"image\":{\"@id\":\"https:\/\/portalraizesnoticias.com.br\/?p=12450#primaryimage\"},\"thumbnailUrl\":\"https:\/\/portalraizesnoticias.com.br\/wp-content\/uploads\/2026\/03\/IMG-20260329-WA0221.jpg\",\"articleSection\":[\"ESPORTES\"],\"inLanguage\":\"pt-BR\",\"potentialAction\":[{\"@type\":\"CommentAction\",\"name\":\"Comment\",\"target\":[\"https:\/\/portalraizesnoticias.com.br\/?p=12450#respond\"]}]},{\"@type\":\"WebPage\",\"@id\":\"https:\/\/portalraizesnoticias.com.br\/?p=12450\",\"url\":\"https:\/\/portalraizesnoticias.com.br\/?p=12450\",\"name\":\"Carro capota e cai em ribanceira de mais de 5 metros na BA-120; gr\u00e1vida de 7 meses est\u00e1 entre os feridos - Portal raizes noticias\",\"isPartOf\":{\"@id\":\"https:\/\/portalraizesnoticias.com.br\/#website\"},\"primaryImageOfPage\":{\"@id\":\"https:\/\/portalraizesnoticias.com.br\/?p=12450#primaryimage\"},\"image\":{\"@id\":\"https:\/\/portalraizesnoticias.com.br\/?p=12450#primaryimage\"},\"thumbnailUrl\":\"https:\/\/portalraizesnoticias.com.br\/wp-content\/uploads\/2026\/03\/IMG-20260329-WA0221.jpg\",\"datePublished\":\"2026-03-29T21:52:08+00:00\",\"dateModified\":\"2026-03-29T22:12:33+00:00\",\"breadcrumb\":{\"@id\":\"https:\/\/portalraizesnoticias.com.br\/?p=12450#breadcrumb\"},\"inLanguage\":\"pt-BR\",\"potentialAction\":[{\"@type\":\"ReadAction\",\"target\":[\"https:\/\/portalraizesnoticias.com.br\/?p=12450\"]}]},{\"@type\":\"ImageObject\",\"inLanguage\":\"pt-BR\",\"@id\":\"https:\/\/portalraizesnoticias.com.br\/?p=12450#primaryimage\",\"url\":\"https:\/\/portalraizesnoticias.com.br\/wp-content\/uploads\/2026\/03\/IMG-20260329-WA0221.jpg\",\"contentUrl\":\"https:\/\/portalraizesnoticias.com.br\/wp-content\/uploads\/2026\/03\/IMG-20260329-WA0221.jpg\",\"width\":960,\"height\":1280},{\"@type\":\"BreadcrumbList\",\"@id\":\"https:\/\/portalraizesnoticias.com.br\/?p=12450#breadcrumb\",\"itemListElement\":[{\"@type\":\"ListItem\",\"position\":1,\"name\":\"In\u00edcio\",\"item\":\"https:\/\/portalraizesnoticias.com.br\/\"},{\"@type\":\"ListItem\",\"position\":2,\"name\":\"Carro capota e cai em ribanceira de mais de 5 metros na BA-120; gr\u00e1vida de 7 meses est\u00e1 entre os feridos\"}]},{\"@type\":\"WebSite\",\"@id\":\"https:\/\/portalraizesnoticias.com.br\/#website\",\"url\":\"https:\/\/portalraizesnoticias.com.br\/\",\"name\":\"Portal raizes NOTICIAS\",\"description\":\"site de noticias de concei\u00e7\u00e3o do coit\u00e9 e regi\u00e3o\",\"publisher\":{\"@id\":\"https:\/\/portalraizesnoticias.com.br\/#organization\"},\"alternateName\":\"PORTAL RAIZES COIT\u00c9\",\"potentialAction\":[{\"@type\":\"SearchAction\",\"target\":{\"@type\":\"EntryPoint\",\"urlTemplate\":\"https:\/\/portalraizesnoticias.com.br\/?s={search_term_string}\"},\"query-input\":{\"@type\":\"PropertyValueSpecification\",\"valueRequired\":true,\"valueName\":\"search_term_string\"}}],\"inLanguage\":\"pt-BR\"},{\"@type\":\"Organization\",\"@id\":\"https:\/\/portalraizesnoticias.com.br\/#organization\",\"name\":\"Portal raizes NOTICIAS\",\"url\":\"https:\/\/portalraizesnoticias.com.br\/\",\"logo\":{\"@type\":\"ImageObject\",\"inLanguage\":\"pt-BR\",\"@id\":\"https:\/\/portalraizesnoticias.com.br\/#\/schema\/logo\/image\/\",\"url\":\"https:\/\/portalraizesnoticias.com.br\/wp-content\/uploads\/2024\/09\/cropped-Captura-de-tela-2024-09-08-011108.png\",\"contentUrl\":\"https:\/\/portalraizesnoticias.com.br\/wp-content\/uploads\/2024\/09\/cropped-Captura-de-tela-2024-09-08-011108.png\",\"width\":606,\"height\":173,\"caption\":\"Portal raizes NOTICIAS\"},\"image\":{\"@id\":\"https:\/\/portalraizesnoticias.com.br\/#\/schema\/logo\/image\/\"}},{\"@type\":\"Person\",\"@id\":\"https:\/\/portalraizesnoticias.com.br\/#\/schema\/person\/a3ca6b0fc701e78df19756c417d943ae\",\"name\":\"Portal Raizes\",\"image\":{\"@type\":\"ImageObject\",\"inLanguage\":\"pt-BR\",\"@id\":\"https:\/\/portalraizesnoticias.com.br\/#\/schema\/person\/image\/\",\"url\":\"https:\/\/secure.gravatar.com\/avatar\/ef450d29013a3d3fba867a12a249d7b1?s=96&d=mm&r=g\",\"contentUrl\":\"https:\/\/secure.gravatar.com\/avatar\/ef450d29013a3d3fba867a12a249d7b1?s=96&d=mm&r=g\",\"caption\":\"Portal Raizes\"},\"url\":\"https:\/\/portalraizesnoticias.com.br\/?author=3\"}]}<\/script>\n<!-- \/ Yoast SEO plugin. -->","yoast_head_json":{"title":"Carro capota e cai em ribanceira de mais de 5 metros na BA-120; gr\u00e1vida de 7 meses est\u00e1 entre os feridos - Portal raizes noticias","robots":{"index":"index","follow":"follow","max-snippet":"max-snippet:-1","max-image-preview":"max-image-preview:large","max-video-preview":"max-video-preview:-1"},"canonical":"https:\/\/portalraizesnoticias.com.br\/?p=12450","og_locale":"pt_BR","og_type":"article","og_title":"Carro capota e cai em ribanceira de mais de 5 metros na BA-120; gr\u00e1vida de 7 meses est\u00e1 entre os feridos - Portal raizes noticias","og_description":"Tr\u00eas pessoas ficaram feridas ap\u00f3s um capotamento registrado na BA-120, no trecho entre Concei\u00e7\u00e3o do Coit\u00e9 e Retirol\u00e2ndia, na tarde deste domingo (29). Segundo informa\u00e7\u00f5es preliminares, o condutor do ve\u00edculo Kaio Oliveira, teria passado por um espelho d\u2019\u00e1gua ( quando se forma uma camada de \u00e1gua parada sobre o asfalto, geralmente ap\u00f3s chuva) na pista, perdido o controle da dire\u00e7\u00e3o e capotado, descendo uma ribanceira de mais de cinco metros. De acordo com o coordenador do \u00c1guia Resgate, Gildo Carneiro, as v\u00edtimas foram encontradas fora do ve\u00edculo. Entre elas, uma gestante de sete meses, Maiala Almeida, que apresentava queixa de forte dor de cabe\u00e7a e uma lacera\u00e7\u00e3o na regi\u00e3o da clav\u00edcula. Uma adolescente de 14 anos foi encontrada com escoria\u00e7\u00f5es e hematomas no rosto. J\u00e1 o condutor sofreu apenas ferimentos leves. A gestante foi encaminhada para a Unidade Materno Infantil (UMI). As demais v\u00edtimas n\u00e3o quiseram atendimento m\u00e9dico. Reda\u00e7\u00e3o","og_url":"https:\/\/portalraizesnoticias.com.br\/?p=12450","og_site_name":"Portal raizes noticias","article_published_time":"2026-03-29T21:52:08+00:00","article_modified_time":"2026-03-29T22:12:33+00:00","og_image":[{"width":960,"height":1280,"url":"https:\/\/portalraizesnoticias.com.br\/wp-content\/uploads\/2026\/03\/IMG-20260329-WA0221.jpg","type":"image\/jpeg"}],"author":"Portal Raizes","twitter_card":"summary_large_image","twitter_misc":{"Escrito por":"Portal Raizes","Est. tempo de leitura":"2 minutos"},"schema":{"@context":"https:\/\/schema.org","@graph":[{"@type":"Article","@id":"https:\/\/portalraizesnoticias.com.br\/?p=12450#article","isPartOf":{"@id":"https:\/\/portalraizesnoticias.com.br\/?p=12450"},"author":{"name":"Portal Raizes","@id":"https:\/\/portalraizesnoticias.com.br\/#\/schema\/person\/a3ca6b0fc701e78df19756c417d943ae"},"headline":"Carro capota e cai em ribanceira de mais de 5 metros na BA-120; gr\u00e1vida de 7 meses est\u00e1 entre os feridos","datePublished":"2026-03-29T21:52:08+00:00","dateModified":"2026-03-29T22:12:33+00:00","mainEntityOfPage":{"@id":"https:\/\/portalraizesnoticias.com.br\/?p=12450"},"wordCount":186,"commentCount":0,"publisher":{"@id":"https:\/\/portalraizesnoticias.com.br\/#organization"},"image":{"@id":"https:\/\/portalraizesnoticias.com.br\/?p=12450#primaryimage"},"thumbnailUrl":"https:\/\/portalraizesnoticias.com.br\/wp-content\/uploads\/2026\/03\/IMG-20260329-WA0221.jpg","articleSection":["ESPORTES"],"inLanguage":"pt-BR","potentialAction":[{"@type":"CommentAction","name":"Comment","target":["https:\/\/portalraizesnoticias.com.br\/?p=12450#respond"]}]},{"@type":"WebPage","@id":"https:\/\/portalraizesnoticias.com.br\/?p=12450","url":"https:\/\/portalraizesnoticias.com.br\/?p=12450","name":"Carro capota e cai em ribanceira de mais de 5 metros na BA-120; gr\u00e1vida de 7 meses est\u00e1 entre os feridos - Portal raizes noticias","isPartOf":{"@id":"https:\/\/portalraizesnoticias.com.br\/#website"},"primaryImageOfPage":{"@id":"https:\/\/portalraizesnoticias.com.br\/?p=12450#primaryimage"},"image":{"@id":"https:\/\/portalraizesnoticias.com.br\/?p=12450#primaryimage"},"thumbnailUrl":"https:\/\/portalraizesnoticias.com.br\/wp-content\/uploads\/2026\/03\/IMG-20260329-WA0221.jpg","datePublished":"2026-03-29T21:52:08+00:00","dateModified":"2026-03-29T22:12:33+00:00","breadcrumb":{"@id":"https:\/\/portalraizesnoticias.com.br\/?p=12450#breadcrumb"},"inLanguage":"pt-BR","potentialAction":[{"@type":"ReadAction","target":["https:\/\/portalraizesnoticias.com.br\/?p=12450"]}]},{"@type":"ImageObject","inLanguage":"pt-BR","@id":"https:\/\/portalraizesnoticias.com.br\/?p=12450#primaryimage","url":"https:\/\/portalraizesnoticias.com.br\/wp-content\/uploads\/2026\/03\/IMG-20260329-WA0221.jpg","contentUrl":"https:\/\/portalraizesnoticias.com.br\/wp-content\/uploads\/2026\/03\/IMG-20260329-WA0221.jpg","width":960,"height":1280},{"@type":"BreadcrumbList","@id":"https:\/\/portalraizesnoticias.com.br\/?p=12450#breadcrumb","itemListElement":[{"@type":"ListItem","position":1,"name":"In\u00edcio","item":"https:\/\/portalraizesnoticias.com.br\/"},{"@type":"ListItem","position":2,"name":"Carro capota e cai em ribanceira de mais de 5 metros na BA-120; gr\u00e1vida de 7 meses est\u00e1 entre os feridos"}]},{"@type":"WebSite","@id":"https:\/\/portalraizesnoticias.com.br\/#website","url":"https:\/\/portalraizesnoticias.com.br\/","name":"Portal raizes NOTICIAS","description":"site de noticias de concei\u00e7\u00e3o do coit\u00e9 e regi\u00e3o","publisher":{"@id":"https:\/\/portalraizesnoticias.com.br\/#organization"},"alternateName":"PORTAL RAIZES COIT\u00c9","potentialAction":[{"@type":"SearchAction","target":{"@type":"EntryPoint","urlTemplate":"https:\/\/portalraizesnoticias.com.br\/?s={search_term_string}"},"query-input":{"@type":"PropertyValueSpecification","valueRequired":true,"valueName":"search_term_string"}}],"inLanguage":"pt-BR"},{"@type":"Organization","@id":"https:\/\/portalraizesnoticias.com.br\/#organization","name":"Portal raizes NOTICIAS","url":"https:\/\/portalraizesnoticias.com.br\/","logo":{"@type":"ImageObject","inLanguage":"pt-BR","@id":"https:\/\/portalraizesnoticias.com.br\/#\/schema\/logo\/image\/","url":"https:\/\/portalraizesnoticias.com.br\/wp-content\/uploads\/2024\/09\/cropped-Captura-de-tela-2024-09-08-011108.png","contentUrl":"https:\/\/portalraizesnoticias.com.br\/wp-content\/uploads\/2024\/09\/cropped-Captura-de-tela-2024-09-08-011108.png","width":606,"height":173,"caption":"Portal raizes NOTICIAS"},"image":{"@id":"https:\/\/portalraizesnoticias.com.br\/#\/schema\/logo\/image\/"}},{"@type":"Person","@id":"https:\/\/portalraizesnoticias.com.br\/#\/schema\/person\/a3ca6b0fc701e78df19756c417d943ae","name":"Portal Raizes","image":{"@type":"ImageObject","inLanguage":"pt-BR","@id":"https:\/\/portalraizesnoticias.com.br\/#\/schema\/person\/image\/","url":"https:\/\/secure.gravatar.com\/avatar\/ef450d29013a3d3fba867a12a249d7b1?s=96&d=mm&r=g","contentUrl":"https:\/\/secure.gravatar.com\/avatar\/ef450d29013a3d3fba867a12a249d7b1?s=96&d=mm&r=g","caption":"Portal Raizes"},"url":"https:\/\/portalraizesnoticias.com.br\/?author=3"}]}},"_links":{"self":[{"href":"https:\/\/portalraizesnoticias.com.br\/index.php?rest_route=\/wp\/v2\/posts\/12450"}],"collection":[{"href":"https:\/\/portalraizesnoticias.com.br\/index.php?rest_route=\/wp\/v2\/posts"}],"about":[{"href":"https:\/\/portalraizesnoticias.com.br\/index.php?rest_route=\/wp\/v2\/types\/post"}],"author":[{"embeddable":true,"href":"https:\/\/portalraizesnoticias.com.br\/index.php?rest_route=\/wp\/v2\/users\/3"}],"replies":[{"embeddable":true,"href":"https:\/\/portalraizesnoticias.com.br\/index.php?rest_route=%2Fwp%2Fv2%2Fcomments&post=12450"}],"version-history":[{"count":7,"href":"https:\/\/portalraizesnoticias.com.br\/index.php?rest_route=\/wp\/v2\/posts\/12450\/revisions"}],"predecessor-version":[{"id":12459,"href":"https:\/\/portalraizesnoticias.com.br\/index.php?rest_route=\/wp\/v2\/posts\/12450\/revisions\/12459"}],"wp:featuredmedia":[{"embeddable":true,"href":"https:\/\/portalraizesnoticias.com.br\/index.php?rest_route=\/wp\/v2\/media\/12453"}],"wp:attachment":[{"href":"https:\/\/portalraizesnoticias.com.br\/index.php?rest_route=%2Fwp%2Fv2%2Fmedia&parent=12450"}],"wp:term":[{"taxonomy":"category","embeddable":true,"href":"https:\/\/portalraizesnoticias.com.br\/index.php?rest_route=%2Fwp%2Fv2%2Fcategories&post=12450"},{"taxonomy":"post_tag","embeddable":true,"href":"https:\/\/portalraizesnoticias.com.br\/index.php?rest_route=%2Fwp%2Fv2%2Ftags&post=12450"}],"curies":[{"name":"wp","href":"https:\/\/api.w.org\/{rel}","templated":true}]}}