{"id":12410,"date":"2026-03-26T20:00:38","date_gmt":"2026-03-26T23:00:38","guid":{"rendered":"https:\/\/portalraizesnoticias.com.br\/?p=12410"},"modified":"2026-03-26T21:09:17","modified_gmt":"2026-03-27T00:09:17","slug":"menina-de-7-anos-morre-eletrocutada-em-chocadeira-na-zona-rural-de-conceicao-do-coite-familia-ja-enfrentava-luto-por-primo-que-morreu-afogado-ha-dois-meses","status":"publish","type":"post","link":"https:\/\/portalraizesnoticias.com.br\/?p=12410","title":{"rendered":"Menina de 7 anos morre eletrocutada em chocadeira na zona rural de Concei\u00e7\u00e3o do Coit\u00e9; fam\u00edlia j\u00e1 enfrentava luto por primo que morreu afogado h\u00e1 menos de dois meses"},"content":{"rendered":"<p>Uma trag\u00e9dia abalou a cidade de Concei\u00e7\u00e3o do Coit\u00e9 por volta 17h00 desta quinta-feira (26).<\/p>\n<p>Segundo informa\u00e7\u00f5es apuradas pelo Portal Ra\u00edzes, Raisa Lopes de\u00a0 7 anos morreu ap\u00f3s sofrer uma descarga el\u00e9trica em uma chocadeira que estava dentro da resid\u00eancia na localidade de Baixa Nova, pr\u00f3ximo ao Maxixe, na zona rural do munic\u00edpio.<\/p>\n<p><img decoding=\"async\" class=\"size-medium wp-image-11228 aligncenter\" src=\"https:\/\/portalraizesnoticias.com.br\/wp-content\/uploads\/2026\/02\/IMG_8532-300x150.png\" alt=\"\" width=\"300\" height=\"150\" srcset=\"https:\/\/portalraizesnoticias.com.br\/wp-content\/uploads\/2026\/02\/IMG_8532-300x150.png 300w, https:\/\/portalraizesnoticias.com.br\/wp-content\/uploads\/2026\/02\/IMG_8532-1024x512.png 1024w, https:\/\/portalraizesnoticias.com.br\/wp-content\/uploads\/2026\/02\/IMG_8532-768x384.png 768w, https:\/\/portalraizesnoticias.com.br\/wp-content\/uploads\/2026\/02\/IMG_8532-1536x768.png 1536w, https:\/\/portalraizesnoticias.com.br\/wp-content\/uploads\/2026\/02\/IMG_8532-2048x1024.png 2048w\" sizes=\"(max-width: 300px) 100vw, 300px\" \/><\/p>\n<p>De acordo com relatos, a crian\u00e7a teria tentado mexer nos pintinhos que estavam nascendo no equipamento, momento em que foi eletrocutada.<\/p>\n<p>Ainda segundo informa\u00e7\u00f5es, na tentativa de socorr\u00ea-la, a tia da menina tamb\u00e9m acabou recebendo uma descarga el\u00e9trica. Ela passa bem!<\/p>\n<p>A crian\u00e7a n\u00e3o conseguiu se soltar, pois ficou presa \u00e0 chocadeira ainda energizada. Ela chegou a ser socorrida e encaminhada \u00e0 unidade Materno Infantil, mas n\u00e3o resistiu aos ferimentos.<\/p>\n<p>N\u00e3o h\u00e1, at\u00e9 o momento, informa\u00e7\u00f5es sobre se a chocadeira era de fabrica\u00e7\u00e3o caseira nem sobre a voltagem do equipamento. As circunst\u00e2ncias do caso dever\u00e3o ser esclarecidas por meio de per\u00edcia t\u00e9cnica.<\/p>\n<p>Um detalhe que torna a situa\u00e7\u00e3o ainda mais comovente \u00e9 que, h\u00e1 menos de dois meses, um primo da garotinha tamb\u00e9m morreu afogado na mesma regi\u00e3o, aumentando o clima de como\u00e7\u00e3o e tristeza entre familiares e moradores da comunidade. <a href=\"https:\/\/portalraizesnoticias.com.br\/crianca-de-3-anos-morre-afogada-em-tanque-na-zona-rural-de-conceicao-do-coite\/\">Relembre aqui <\/a><\/p>\n<p>Reda\u00e7\u00e3o<\/p>\n<p>Foto: Ilustrativa<\/p>\n","protected":false},"excerpt":{"rendered":"<p>Uma trag\u00e9dia abalou a cidade de Concei\u00e7\u00e3o do Coit\u00e9 por volta 17h00 desta quinta-feira (26). Segundo informa\u00e7\u00f5es apuradas pelo Portal Ra\u00edzes, Raisa Lopes de\u00a0 7 anos morreu ap\u00f3s sofrer uma descarga el\u00e9trica em uma chocadeira que estava dentro da resid\u00eancia na localidade de Baixa Nova, pr\u00f3ximo ao Maxixe, na zona rural do munic\u00edpio. De acordo com relatos, a crian\u00e7a teria tentado mexer nos pintinhos que estavam nascendo no equipamento, momento em que foi eletrocutada. Ainda segundo informa\u00e7\u00f5es, na tentativa de socorr\u00ea-la, a tia da menina tamb\u00e9m acabou recebendo uma descarga el\u00e9trica. Ela passa bem! A crian\u00e7a n\u00e3o conseguiu se soltar, pois ficou presa \u00e0 chocadeira ainda energizada. Ela chegou a ser socorrida e encaminhada \u00e0 unidade Materno Infantil, mas n\u00e3o resistiu aos ferimentos. N\u00e3o h\u00e1, at\u00e9 o momento, informa\u00e7\u00f5es sobre se a chocadeira era de fabrica\u00e7\u00e3o caseira nem sobre a voltagem do equipamento. As circunst\u00e2ncias do caso dever\u00e3o ser esclarecidas por meio de per\u00edcia t\u00e9cnica. Um detalhe que torna a situa\u00e7\u00e3o ainda mais comovente \u00e9 que, h\u00e1 menos de dois meses, um primo da garotinha tamb\u00e9m morreu afogado na mesma regi\u00e3o, aumentando o clima de como\u00e7\u00e3o e tristeza entre familiares e moradores da comunidade. Relembre aqui Reda\u00e7\u00e3o Foto: Ilustrativa<\/p>\n","protected":false},"author":3,"featured_media":11817,"comment_status":"open","ping_status":"open","sticky":false,"template":"","format":"standard","meta":{"_joinchat":[],"footnotes":""},"categories":[58,55,59],"tags":[],"class_list":["post-12410","post","type-post","status-publish","format-standard","has-post-thumbnail","hentry","category-acidentes","category-destaques","category-ultimas-noticias"],"yoast_head":"<!-- This site is optimized with the Yoast SEO plugin v24.4 - https:\/\/yoast.com\/wordpress\/plugins\/seo\/ -->\n<title>Menina de 7 anos morre eletrocutada em chocadeira na zona rural de Concei\u00e7\u00e3o do Coit\u00e9; fam\u00edlia j\u00e1 enfrentava luto por primo que morreu afogado h\u00e1 menos de dois meses - Portal raizes noticias<\/title>\n<meta name=\"robots\" content=\"index, follow, max-snippet:-1, max-image-preview:large, max-video-preview:-1\" \/>\n<link rel=\"canonical\" href=\"https:\/\/portalraizesnoticias.com.br\/?p=12410\" \/>\n<meta property=\"og:locale\" content=\"pt_BR\" \/>\n<meta property=\"og:type\" content=\"article\" \/>\n<meta property=\"og:title\" content=\"Menina de 7 anos morre eletrocutada em chocadeira na zona rural de Concei\u00e7\u00e3o do Coit\u00e9; fam\u00edlia j\u00e1 enfrentava luto por primo que morreu afogado h\u00e1 menos de dois meses - Portal raizes noticias\" \/>\n<meta property=\"og:description\" content=\"Uma trag\u00e9dia abalou a cidade de Concei\u00e7\u00e3o do Coit\u00e9 por volta 17h00 desta quinta-feira (26). Segundo informa\u00e7\u00f5es apuradas pelo Portal Ra\u00edzes, Raisa Lopes de\u00a0 7 anos morreu ap\u00f3s sofrer uma descarga el\u00e9trica em uma chocadeira que estava dentro da resid\u00eancia na localidade de Baixa Nova, pr\u00f3ximo ao Maxixe, na zona rural do munic\u00edpio. De acordo com relatos, a crian\u00e7a teria tentado mexer nos pintinhos que estavam nascendo no equipamento, momento em que foi eletrocutada. Ainda segundo informa\u00e7\u00f5es, na tentativa de socorr\u00ea-la, a tia da menina tamb\u00e9m acabou recebendo uma descarga el\u00e9trica. Ela passa bem! A crian\u00e7a n\u00e3o conseguiu se soltar, pois ficou presa \u00e0 chocadeira ainda energizada. Ela chegou a ser socorrida e encaminhada \u00e0 unidade Materno Infantil, mas n\u00e3o resistiu aos ferimentos. N\u00e3o h\u00e1, at\u00e9 o momento, informa\u00e7\u00f5es sobre se a chocadeira era de fabrica\u00e7\u00e3o caseira nem sobre a voltagem do equipamento. As circunst\u00e2ncias do caso dever\u00e3o ser esclarecidas por meio de per\u00edcia t\u00e9cnica. Um detalhe que torna a situa\u00e7\u00e3o ainda mais comovente \u00e9 que, h\u00e1 menos de dois meses, um primo da garotinha tamb\u00e9m morreu afogado na mesma regi\u00e3o, aumentando o clima de como\u00e7\u00e3o e tristeza entre familiares e moradores da comunidade. Relembre aqui Reda\u00e7\u00e3o Foto: Ilustrativa\" \/>\n<meta property=\"og:url\" content=\"https:\/\/portalraizesnoticias.com.br\/?p=12410\" \/>\n<meta property=\"og:site_name\" content=\"Portal raizes noticias\" \/>\n<meta property=\"article:published_time\" content=\"2026-03-26T23:00:38+00:00\" \/>\n<meta property=\"article:modified_time\" content=\"2026-03-27T00:09:17+00:00\" \/>\n<meta property=\"og:image\" content=\"https:\/\/portalraizesnoticias.com.br\/wp-content\/uploads\/2026\/03\/IMG-20260309-WA0276.jpg\" \/>\n\t<meta property=\"og:image:width\" content=\"1042\" \/>\n\t<meta property=\"og:image:height\" content=\"571\" \/>\n\t<meta property=\"og:image:type\" content=\"image\/jpeg\" \/>\n<meta name=\"author\" content=\"Portal Raizes\" \/>\n<meta name=\"twitter:card\" content=\"summary_large_image\" \/>\n<meta name=\"twitter:label1\" content=\"Escrito por\" \/>\n\t<meta name=\"twitter:data1\" content=\"Portal Raizes\" \/>\n\t<meta name=\"twitter:label2\" content=\"Est. tempo de leitura\" \/>\n\t<meta name=\"twitter:data2\" content=\"2 minutos\" \/>\n<script type=\"application\/ld+json\" class=\"yoast-schema-graph\">{\"@context\":\"https:\/\/schema.org\",\"@graph\":[{\"@type\":\"Article\",\"@id\":\"https:\/\/portalraizesnoticias.com.br\/?p=12410#article\",\"isPartOf\":{\"@id\":\"https:\/\/portalraizesnoticias.com.br\/?p=12410\"},\"author\":{\"name\":\"Portal Raizes\",\"@id\":\"https:\/\/portalraizesnoticias.com.br\/#\/schema\/person\/a3ca6b0fc701e78df19756c417d943ae\"},\"headline\":\"Menina de 7 anos morre eletrocutada em chocadeira na zona rural de Concei\u00e7\u00e3o do Coit\u00e9; fam\u00edlia j\u00e1 enfrentava luto por primo que morreu afogado h\u00e1 menos de dois meses\",\"datePublished\":\"2026-03-26T23:00:38+00:00\",\"dateModified\":\"2026-03-27T00:09:17+00:00\",\"mainEntityOfPage\":{\"@id\":\"https:\/\/portalraizesnoticias.com.br\/?p=12410\"},\"wordCount\":253,\"commentCount\":0,\"publisher\":{\"@id\":\"https:\/\/portalraizesnoticias.com.br\/#organization\"},\"image\":{\"@id\":\"https:\/\/portalraizesnoticias.com.br\/?p=12410#primaryimage\"},\"thumbnailUrl\":\"https:\/\/portalraizesnoticias.com.br\/wp-content\/uploads\/2026\/03\/IMG-20260309-WA0276.jpg\",\"articleSection\":[\"ACIDENTES\",\"DESTAQUES\",\"ULTIMAS NOTICIAS\"],\"inLanguage\":\"pt-BR\",\"potentialAction\":[{\"@type\":\"CommentAction\",\"name\":\"Comment\",\"target\":[\"https:\/\/portalraizesnoticias.com.br\/?p=12410#respond\"]}]},{\"@type\":\"WebPage\",\"@id\":\"https:\/\/portalraizesnoticias.com.br\/?p=12410\",\"url\":\"https:\/\/portalraizesnoticias.com.br\/?p=12410\",\"name\":\"Menina de 7 anos morre eletrocutada em chocadeira na zona rural de Concei\u00e7\u00e3o do Coit\u00e9; fam\u00edlia j\u00e1 enfrentava luto por primo que morreu afogado h\u00e1 menos de dois meses - Portal raizes noticias\",\"isPartOf\":{\"@id\":\"https:\/\/portalraizesnoticias.com.br\/#website\"},\"primaryImageOfPage\":{\"@id\":\"https:\/\/portalraizesnoticias.com.br\/?p=12410#primaryimage\"},\"image\":{\"@id\":\"https:\/\/portalraizesnoticias.com.br\/?p=12410#primaryimage\"},\"thumbnailUrl\":\"https:\/\/portalraizesnoticias.com.br\/wp-content\/uploads\/2026\/03\/IMG-20260309-WA0276.jpg\",\"datePublished\":\"2026-03-26T23:00:38+00:00\",\"dateModified\":\"2026-03-27T00:09:17+00:00\",\"breadcrumb\":{\"@id\":\"https:\/\/portalraizesnoticias.com.br\/?p=12410#breadcrumb\"},\"inLanguage\":\"pt-BR\",\"potentialAction\":[{\"@type\":\"ReadAction\",\"target\":[\"https:\/\/portalraizesnoticias.com.br\/?p=12410\"]}]},{\"@type\":\"ImageObject\",\"inLanguage\":\"pt-BR\",\"@id\":\"https:\/\/portalraizesnoticias.com.br\/?p=12410#primaryimage\",\"url\":\"https:\/\/portalraizesnoticias.com.br\/wp-content\/uploads\/2026\/03\/IMG-20260309-WA0276.jpg\",\"contentUrl\":\"https:\/\/portalraizesnoticias.com.br\/wp-content\/uploads\/2026\/03\/IMG-20260309-WA0276.jpg\",\"width\":1042,\"height\":571},{\"@type\":\"BreadcrumbList\",\"@id\":\"https:\/\/portalraizesnoticias.com.br\/?p=12410#breadcrumb\",\"itemListElement\":[{\"@type\":\"ListItem\",\"position\":1,\"name\":\"In\u00edcio\",\"item\":\"https:\/\/portalraizesnoticias.com.br\/\"},{\"@type\":\"ListItem\",\"position\":2,\"name\":\"Menina de 7 anos morre eletrocutada em chocadeira na zona rural de Concei\u00e7\u00e3o do Coit\u00e9; fam\u00edlia j\u00e1 enfrentava luto por primo que morreu afogado h\u00e1 menos de dois meses\"}]},{\"@type\":\"WebSite\",\"@id\":\"https:\/\/portalraizesnoticias.com.br\/#website\",\"url\":\"https:\/\/portalraizesnoticias.com.br\/\",\"name\":\"Portal raizes NOTICIAS\",\"description\":\"site de noticias de concei\u00e7\u00e3o do coit\u00e9 e regi\u00e3o\",\"publisher\":{\"@id\":\"https:\/\/portalraizesnoticias.com.br\/#organization\"},\"alternateName\":\"PORTAL RAIZES COIT\u00c9\",\"potentialAction\":[{\"@type\":\"SearchAction\",\"target\":{\"@type\":\"EntryPoint\",\"urlTemplate\":\"https:\/\/portalraizesnoticias.com.br\/?s={search_term_string}\"},\"query-input\":{\"@type\":\"PropertyValueSpecification\",\"valueRequired\":true,\"valueName\":\"search_term_string\"}}],\"inLanguage\":\"pt-BR\"},{\"@type\":\"Organization\",\"@id\":\"https:\/\/portalraizesnoticias.com.br\/#organization\",\"name\":\"Portal raizes NOTICIAS\",\"url\":\"https:\/\/portalraizesnoticias.com.br\/\",\"logo\":{\"@type\":\"ImageObject\",\"inLanguage\":\"pt-BR\",\"@id\":\"https:\/\/portalraizesnoticias.com.br\/#\/schema\/logo\/image\/\",\"url\":\"https:\/\/portalraizesnoticias.com.br\/wp-content\/uploads\/2024\/09\/cropped-Captura-de-tela-2024-09-08-011108.png\",\"contentUrl\":\"https:\/\/portalraizesnoticias.com.br\/wp-content\/uploads\/2024\/09\/cropped-Captura-de-tela-2024-09-08-011108.png\",\"width\":606,\"height\":173,\"caption\":\"Portal raizes NOTICIAS\"},\"image\":{\"@id\":\"https:\/\/portalraizesnoticias.com.br\/#\/schema\/logo\/image\/\"}},{\"@type\":\"Person\",\"@id\":\"https:\/\/portalraizesnoticias.com.br\/#\/schema\/person\/a3ca6b0fc701e78df19756c417d943ae\",\"name\":\"Portal Raizes\",\"image\":{\"@type\":\"ImageObject\",\"inLanguage\":\"pt-BR\",\"@id\":\"https:\/\/portalraizesnoticias.com.br\/#\/schema\/person\/image\/\",\"url\":\"https:\/\/secure.gravatar.com\/avatar\/ef450d29013a3d3fba867a12a249d7b1?s=96&d=mm&r=g\",\"contentUrl\":\"https:\/\/secure.gravatar.com\/avatar\/ef450d29013a3d3fba867a12a249d7b1?s=96&d=mm&r=g\",\"caption\":\"Portal Raizes\"},\"url\":\"https:\/\/portalraizesnoticias.com.br\/?author=3\"}]}<\/script>\n<!-- \/ Yoast SEO plugin. -->","yoast_head_json":{"title":"Menina de 7 anos morre eletrocutada em chocadeira na zona rural de Concei\u00e7\u00e3o do Coit\u00e9; fam\u00edlia j\u00e1 enfrentava luto por primo que morreu afogado h\u00e1 menos de dois meses - Portal raizes noticias","robots":{"index":"index","follow":"follow","max-snippet":"max-snippet:-1","max-image-preview":"max-image-preview:large","max-video-preview":"max-video-preview:-1"},"canonical":"https:\/\/portalraizesnoticias.com.br\/?p=12410","og_locale":"pt_BR","og_type":"article","og_title":"Menina de 7 anos morre eletrocutada em chocadeira na zona rural de Concei\u00e7\u00e3o do Coit\u00e9; fam\u00edlia j\u00e1 enfrentava luto por primo que morreu afogado h\u00e1 menos de dois meses - Portal raizes noticias","og_description":"Uma trag\u00e9dia abalou a cidade de Concei\u00e7\u00e3o do Coit\u00e9 por volta 17h00 desta quinta-feira (26). Segundo informa\u00e7\u00f5es apuradas pelo Portal Ra\u00edzes, Raisa Lopes de\u00a0 7 anos morreu ap\u00f3s sofrer uma descarga el\u00e9trica em uma chocadeira que estava dentro da resid\u00eancia na localidade de Baixa Nova, pr\u00f3ximo ao Maxixe, na zona rural do munic\u00edpio. De acordo com relatos, a crian\u00e7a teria tentado mexer nos pintinhos que estavam nascendo no equipamento, momento em que foi eletrocutada. Ainda segundo informa\u00e7\u00f5es, na tentativa de socorr\u00ea-la, a tia da menina tamb\u00e9m acabou recebendo uma descarga el\u00e9trica. Ela passa bem! A crian\u00e7a n\u00e3o conseguiu se soltar, pois ficou presa \u00e0 chocadeira ainda energizada. Ela chegou a ser socorrida e encaminhada \u00e0 unidade Materno Infantil, mas n\u00e3o resistiu aos ferimentos. N\u00e3o h\u00e1, at\u00e9 o momento, informa\u00e7\u00f5es sobre se a chocadeira era de fabrica\u00e7\u00e3o caseira nem sobre a voltagem do equipamento. As circunst\u00e2ncias do caso dever\u00e3o ser esclarecidas por meio de per\u00edcia t\u00e9cnica. Um detalhe que torna a situa\u00e7\u00e3o ainda mais comovente \u00e9 que, h\u00e1 menos de dois meses, um primo da garotinha tamb\u00e9m morreu afogado na mesma regi\u00e3o, aumentando o clima de como\u00e7\u00e3o e tristeza entre familiares e moradores da comunidade. Relembre aqui Reda\u00e7\u00e3o Foto: Ilustrativa","og_url":"https:\/\/portalraizesnoticias.com.br\/?p=12410","og_site_name":"Portal raizes noticias","article_published_time":"2026-03-26T23:00:38+00:00","article_modified_time":"2026-03-27T00:09:17+00:00","og_image":[{"width":1042,"height":571,"url":"https:\/\/portalraizesnoticias.com.br\/wp-content\/uploads\/2026\/03\/IMG-20260309-WA0276.jpg","type":"image\/jpeg"}],"author":"Portal Raizes","twitter_card":"summary_large_image","twitter_misc":{"Escrito por":"Portal Raizes","Est. tempo de leitura":"2 minutos"},"schema":{"@context":"https:\/\/schema.org","@graph":[{"@type":"Article","@id":"https:\/\/portalraizesnoticias.com.br\/?p=12410#article","isPartOf":{"@id":"https:\/\/portalraizesnoticias.com.br\/?p=12410"},"author":{"name":"Portal Raizes","@id":"https:\/\/portalraizesnoticias.com.br\/#\/schema\/person\/a3ca6b0fc701e78df19756c417d943ae"},"headline":"Menina de 7 anos morre eletrocutada em chocadeira na zona rural de Concei\u00e7\u00e3o do Coit\u00e9; fam\u00edlia j\u00e1 enfrentava luto por primo que morreu afogado h\u00e1 menos de dois meses","datePublished":"2026-03-26T23:00:38+00:00","dateModified":"2026-03-27T00:09:17+00:00","mainEntityOfPage":{"@id":"https:\/\/portalraizesnoticias.com.br\/?p=12410"},"wordCount":253,"commentCount":0,"publisher":{"@id":"https:\/\/portalraizesnoticias.com.br\/#organization"},"image":{"@id":"https:\/\/portalraizesnoticias.com.br\/?p=12410#primaryimage"},"thumbnailUrl":"https:\/\/portalraizesnoticias.com.br\/wp-content\/uploads\/2026\/03\/IMG-20260309-WA0276.jpg","articleSection":["ACIDENTES","DESTAQUES","ULTIMAS NOTICIAS"],"inLanguage":"pt-BR","potentialAction":[{"@type":"CommentAction","name":"Comment","target":["https:\/\/portalraizesnoticias.com.br\/?p=12410#respond"]}]},{"@type":"WebPage","@id":"https:\/\/portalraizesnoticias.com.br\/?p=12410","url":"https:\/\/portalraizesnoticias.com.br\/?p=12410","name":"Menina de 7 anos morre eletrocutada em chocadeira na zona rural de Concei\u00e7\u00e3o do Coit\u00e9; fam\u00edlia j\u00e1 enfrentava luto por primo que morreu afogado h\u00e1 menos de dois meses - Portal raizes noticias","isPartOf":{"@id":"https:\/\/portalraizesnoticias.com.br\/#website"},"primaryImageOfPage":{"@id":"https:\/\/portalraizesnoticias.com.br\/?p=12410#primaryimage"},"image":{"@id":"https:\/\/portalraizesnoticias.com.br\/?p=12410#primaryimage"},"thumbnailUrl":"https:\/\/portalraizesnoticias.com.br\/wp-content\/uploads\/2026\/03\/IMG-20260309-WA0276.jpg","datePublished":"2026-03-26T23:00:38+00:00","dateModified":"2026-03-27T00:09:17+00:00","breadcrumb":{"@id":"https:\/\/portalraizesnoticias.com.br\/?p=12410#breadcrumb"},"inLanguage":"pt-BR","potentialAction":[{"@type":"ReadAction","target":["https:\/\/portalraizesnoticias.com.br\/?p=12410"]}]},{"@type":"ImageObject","inLanguage":"pt-BR","@id":"https:\/\/portalraizesnoticias.com.br\/?p=12410#primaryimage","url":"https:\/\/portalraizesnoticias.com.br\/wp-content\/uploads\/2026\/03\/IMG-20260309-WA0276.jpg","contentUrl":"https:\/\/portalraizesnoticias.com.br\/wp-content\/uploads\/2026\/03\/IMG-20260309-WA0276.jpg","width":1042,"height":571},{"@type":"BreadcrumbList","@id":"https:\/\/portalraizesnoticias.com.br\/?p=12410#breadcrumb","itemListElement":[{"@type":"ListItem","position":1,"name":"In\u00edcio","item":"https:\/\/portalraizesnoticias.com.br\/"},{"@type":"ListItem","position":2,"name":"Menina de 7 anos morre eletrocutada em chocadeira na zona rural de Concei\u00e7\u00e3o do Coit\u00e9; fam\u00edlia j\u00e1 enfrentava luto por primo que morreu afogado h\u00e1 menos de dois meses"}]},{"@type":"WebSite","@id":"https:\/\/portalraizesnoticias.com.br\/#website","url":"https:\/\/portalraizesnoticias.com.br\/","name":"Portal raizes NOTICIAS","description":"site de noticias de concei\u00e7\u00e3o do coit\u00e9 e regi\u00e3o","publisher":{"@id":"https:\/\/portalraizesnoticias.com.br\/#organization"},"alternateName":"PORTAL RAIZES COIT\u00c9","potentialAction":[{"@type":"SearchAction","target":{"@type":"EntryPoint","urlTemplate":"https:\/\/portalraizesnoticias.com.br\/?s={search_term_string}"},"query-input":{"@type":"PropertyValueSpecification","valueRequired":true,"valueName":"search_term_string"}}],"inLanguage":"pt-BR"},{"@type":"Organization","@id":"https:\/\/portalraizesnoticias.com.br\/#organization","name":"Portal raizes NOTICIAS","url":"https:\/\/portalraizesnoticias.com.br\/","logo":{"@type":"ImageObject","inLanguage":"pt-BR","@id":"https:\/\/portalraizesnoticias.com.br\/#\/schema\/logo\/image\/","url":"https:\/\/portalraizesnoticias.com.br\/wp-content\/uploads\/2024\/09\/cropped-Captura-de-tela-2024-09-08-011108.png","contentUrl":"https:\/\/portalraizesnoticias.com.br\/wp-content\/uploads\/2024\/09\/cropped-Captura-de-tela-2024-09-08-011108.png","width":606,"height":173,"caption":"Portal raizes NOTICIAS"},"image":{"@id":"https:\/\/portalraizesnoticias.com.br\/#\/schema\/logo\/image\/"}},{"@type":"Person","@id":"https:\/\/portalraizesnoticias.com.br\/#\/schema\/person\/a3ca6b0fc701e78df19756c417d943ae","name":"Portal Raizes","image":{"@type":"ImageObject","inLanguage":"pt-BR","@id":"https:\/\/portalraizesnoticias.com.br\/#\/schema\/person\/image\/","url":"https:\/\/secure.gravatar.com\/avatar\/ef450d29013a3d3fba867a12a249d7b1?s=96&d=mm&r=g","contentUrl":"https:\/\/secure.gravatar.com\/avatar\/ef450d29013a3d3fba867a12a249d7b1?s=96&d=mm&r=g","caption":"Portal Raizes"},"url":"https:\/\/portalraizesnoticias.com.br\/?author=3"}]}},"_links":{"self":[{"href":"https:\/\/portalraizesnoticias.com.br\/index.php?rest_route=\/wp\/v2\/posts\/12410"}],"collection":[{"href":"https:\/\/portalraizesnoticias.com.br\/index.php?rest_route=\/wp\/v2\/posts"}],"about":[{"href":"https:\/\/portalraizesnoticias.com.br\/index.php?rest_route=\/wp\/v2\/types\/post"}],"author":[{"embeddable":true,"href":"https:\/\/portalraizesnoticias.com.br\/index.php?rest_route=\/wp\/v2\/users\/3"}],"replies":[{"embeddable":true,"href":"https:\/\/portalraizesnoticias.com.br\/index.php?rest_route=%2Fwp%2Fv2%2Fcomments&post=12410"}],"version-history":[{"count":6,"href":"https:\/\/portalraizesnoticias.com.br\/index.php?rest_route=\/wp\/v2\/posts\/12410\/revisions"}],"predecessor-version":[{"id":12416,"href":"https:\/\/portalraizesnoticias.com.br\/index.php?rest_route=\/wp\/v2\/posts\/12410\/revisions\/12416"}],"wp:featuredmedia":[{"embeddable":true,"href":"https:\/\/portalraizesnoticias.com.br\/index.php?rest_route=\/wp\/v2\/media\/11817"}],"wp:attachment":[{"href":"https:\/\/portalraizesnoticias.com.br\/index.php?rest_route=%2Fwp%2Fv2%2Fmedia&parent=12410"}],"wp:term":[{"taxonomy":"category","embeddable":true,"href":"https:\/\/portalraizesnoticias.com.br\/index.php?rest_route=%2Fwp%2Fv2%2Fcategories&post=12410"},{"taxonomy":"post_tag","embeddable":true,"href":"https:\/\/portalraizesnoticias.com.br\/index.php?rest_route=%2Fwp%2Fv2%2Ftags&post=12410"}],"curies":[{"name":"wp","href":"https:\/\/api.w.org\/{rel}","templated":true}]}}