{"id":12329,"date":"2026-03-21T19:18:25","date_gmt":"2026-03-21T22:18:25","guid":{"rendered":"https:\/\/portalraizesnoticias.com.br\/?p=12329"},"modified":"2026-03-22T10:48:35","modified_gmt":"2026-03-22T13:48:35","slug":"pm-prende-em-candeal-homem-condenado-por-estupro","status":"publish","type":"post","link":"https:\/\/portalraizesnoticias.com.br\/?p=12329","title":{"rendered":"PM prende em Candeal homem condenado por estupro"},"content":{"rendered":"<p>Na manh\u00e3 deste s\u00e1bado\u00a0 (21), a Pol\u00edcia Militar prendeu C. A. S de 46 anos, em cumprimento a um mandado de pris\u00e3o em aberto expedido pela Justi\u00e7a da Bahia.<\/p>\n<p><img decoding=\"async\" class=\"size-medium wp-image-11228 aligncenter\" src=\"https:\/\/portalraizesnoticias.com.br\/wp-content\/uploads\/2026\/02\/IMG_8532-300x150.png\" alt=\"\" width=\"300\" height=\"150\" srcset=\"https:\/\/portalraizesnoticias.com.br\/wp-content\/uploads\/2026\/02\/IMG_8532-300x150.png 300w, https:\/\/portalraizesnoticias.com.br\/wp-content\/uploads\/2026\/02\/IMG_8532-1024x512.png 1024w, https:\/\/portalraizesnoticias.com.br\/wp-content\/uploads\/2026\/02\/IMG_8532-768x384.png 768w, https:\/\/portalraizesnoticias.com.br\/wp-content\/uploads\/2026\/02\/IMG_8532-1536x768.png 1536w, https:\/\/portalraizesnoticias.com.br\/wp-content\/uploads\/2026\/02\/IMG_8532-2048x1024.png 2048w\" sizes=\"(max-width: 300px) 100vw, 300px\" \/><\/p>\n<p>A a\u00e7\u00e3o ocorreu por volta das 10h30 na Pra\u00e7a Senhor do Bonfim, no Centro de Candeal, durante rondas realizadas pelas guarni\u00e7\u00f5es de Candeal e Ichu.<\/p>\n<p>Ap\u00f3s abordagem, a equipe confirmou, por meio dos sistemas de seguran\u00e7a p\u00fablica,\u00a0 expedido pela 1\u00aa Vara Criminal, J\u00fari e Execu\u00e7\u00f5es Penais de Riach\u00e3o do Jacu\u00edpe.<\/p>\n<p>Conforme apura\u00e7\u00e3o do Portal Ra\u00edzes, o homem\u00a0 foi condenado pelo crime de estupro praticado contra a v\u00edtima.<\/p>\n<p>A pena fixada \u00e9 de 14 anos, 7 meses e 15 dias de reclus\u00e3o em regime fechado.<\/p>\n<p>O homem foi informado sobre o mandado, n\u00e3o ofereceu resist\u00eancia e foi conduzido \u00e0 Delegacia de Pol\u00edcia de Riach\u00e3o do Jacu\u00edpe, onde foi submetido aos procedimentos legais e permanece \u00e0 disposi\u00e7\u00e3o da Justi\u00e7a.<\/p>\n<p>Reda\u00e7\u00e3o<\/p>\n<p>Foto: Ilustra\u00e7\u00e3o<\/p>\n","protected":false},"excerpt":{"rendered":"<p>Na manh\u00e3 deste s\u00e1bado\u00a0 (21), a Pol\u00edcia Militar prendeu C. A. S de 46 anos, em cumprimento a um mandado de pris\u00e3o em aberto expedido pela Justi\u00e7a da Bahia. A a\u00e7\u00e3o ocorreu por volta das 10h30 na Pra\u00e7a Senhor do Bonfim, no Centro de Candeal, durante rondas realizadas pelas guarni\u00e7\u00f5es de Candeal e Ichu. Ap\u00f3s abordagem, a equipe confirmou, por meio dos sistemas de seguran\u00e7a p\u00fablica,\u00a0 expedido pela 1\u00aa Vara Criminal, J\u00fari e Execu\u00e7\u00f5es Penais de Riach\u00e3o do Jacu\u00edpe. Conforme apura\u00e7\u00e3o do Portal Ra\u00edzes, o homem\u00a0 foi condenado pelo crime de estupro praticado contra a v\u00edtima. A pena fixada \u00e9 de 14 anos, 7 meses e 15 dias de reclus\u00e3o em regime fechado. O homem foi informado sobre o mandado, n\u00e3o ofereceu resist\u00eancia e foi conduzido \u00e0 Delegacia de Pol\u00edcia de Riach\u00e3o do Jacu\u00edpe, onde foi submetido aos procedimentos legais e permanece \u00e0 disposi\u00e7\u00e3o da Justi\u00e7a. Reda\u00e7\u00e3o Foto: Ilustra\u00e7\u00e3o<\/p>\n","protected":false},"author":3,"featured_media":2063,"comment_status":"open","ping_status":"open","sticky":false,"template":"","format":"standard","meta":{"_joinchat":[],"footnotes":""},"categories":[55,67,59],"tags":[],"class_list":["post-12329","post","type-post","status-publish","format-standard","has-post-thumbnail","hentry","category-destaques","category-policia","category-ultimas-noticias"],"yoast_head":"<!-- This site is optimized with the Yoast SEO plugin v24.4 - https:\/\/yoast.com\/wordpress\/plugins\/seo\/ -->\n<title>PM prende em Candeal homem condenado por estupro - Portal raizes noticias<\/title>\n<meta name=\"robots\" content=\"index, follow, max-snippet:-1, max-image-preview:large, max-video-preview:-1\" \/>\n<link rel=\"canonical\" href=\"https:\/\/portalraizesnoticias.com.br\/?p=12329\" \/>\n<meta property=\"og:locale\" content=\"pt_BR\" \/>\n<meta property=\"og:type\" content=\"article\" \/>\n<meta property=\"og:title\" content=\"PM prende em Candeal homem condenado por estupro - Portal raizes noticias\" \/>\n<meta property=\"og:description\" content=\"Na manh\u00e3 deste s\u00e1bado\u00a0 (21), a Pol\u00edcia Militar prendeu C. A. S de 46 anos, em cumprimento a um mandado de pris\u00e3o em aberto expedido pela Justi\u00e7a da Bahia. A a\u00e7\u00e3o ocorreu por volta das 10h30 na Pra\u00e7a Senhor do Bonfim, no Centro de Candeal, durante rondas realizadas pelas guarni\u00e7\u00f5es de Candeal e Ichu. Ap\u00f3s abordagem, a equipe confirmou, por meio dos sistemas de seguran\u00e7a p\u00fablica,\u00a0 expedido pela 1\u00aa Vara Criminal, J\u00fari e Execu\u00e7\u00f5es Penais de Riach\u00e3o do Jacu\u00edpe. Conforme apura\u00e7\u00e3o do Portal Ra\u00edzes, o homem\u00a0 foi condenado pelo crime de estupro praticado contra a v\u00edtima. A pena fixada \u00e9 de 14 anos, 7 meses e 15 dias de reclus\u00e3o em regime fechado. O homem foi informado sobre o mandado, n\u00e3o ofereceu resist\u00eancia e foi conduzido \u00e0 Delegacia de Pol\u00edcia de Riach\u00e3o do Jacu\u00edpe, onde foi submetido aos procedimentos legais e permanece \u00e0 disposi\u00e7\u00e3o da Justi\u00e7a. Reda\u00e7\u00e3o Foto: Ilustra\u00e7\u00e3o\" \/>\n<meta property=\"og:url\" content=\"https:\/\/portalraizesnoticias.com.br\/?p=12329\" \/>\n<meta property=\"og:site_name\" content=\"Portal raizes noticias\" \/>\n<meta property=\"article:published_time\" content=\"2026-03-21T22:18:25+00:00\" \/>\n<meta property=\"article:modified_time\" content=\"2026-03-22T13:48:35+00:00\" \/>\n<meta property=\"og:image\" content=\"https:\/\/portalraizesnoticias.com.br\/wp-content\/uploads\/2024\/11\/pm-policia-militar-53151373421_6fb63d5c5d_o-qwpo2blvhkl4x8z1yykn8fe73p89nh9w7jtstkb6uo.jpg\" \/>\n\t<meta property=\"og:image:width\" content=\"800\" \/>\n\t<meta property=\"og:image:height\" content=\"600\" \/>\n\t<meta property=\"og:image:type\" content=\"image\/jpeg\" \/>\n<meta name=\"author\" content=\"Portal Raizes\" \/>\n<meta name=\"twitter:card\" content=\"summary_large_image\" \/>\n<meta name=\"twitter:label1\" content=\"Escrito por\" \/>\n\t<meta name=\"twitter:data1\" content=\"Portal Raizes\" \/>\n\t<meta name=\"twitter:label2\" content=\"Est. tempo de leitura\" \/>\n\t<meta name=\"twitter:data2\" content=\"2 minutos\" \/>\n<script type=\"application\/ld+json\" class=\"yoast-schema-graph\">{\"@context\":\"https:\/\/schema.org\",\"@graph\":[{\"@type\":\"Article\",\"@id\":\"https:\/\/portalraizesnoticias.com.br\/?p=12329#article\",\"isPartOf\":{\"@id\":\"https:\/\/portalraizesnoticias.com.br\/?p=12329\"},\"author\":{\"name\":\"Portal Raizes\",\"@id\":\"https:\/\/portalraizesnoticias.com.br\/#\/schema\/person\/a3ca6b0fc701e78df19756c417d943ae\"},\"headline\":\"PM prende em Candeal homem condenado por estupro\",\"datePublished\":\"2026-03-21T22:18:25+00:00\",\"dateModified\":\"2026-03-22T13:48:35+00:00\",\"mainEntityOfPage\":{\"@id\":\"https:\/\/portalraizesnoticias.com.br\/?p=12329\"},\"wordCount\":175,\"commentCount\":0,\"publisher\":{\"@id\":\"https:\/\/portalraizesnoticias.com.br\/#organization\"},\"image\":{\"@id\":\"https:\/\/portalraizesnoticias.com.br\/?p=12329#primaryimage\"},\"thumbnailUrl\":\"https:\/\/portalraizesnoticias.com.br\/wp-content\/uploads\/2024\/11\/pm-policia-militar-53151373421_6fb63d5c5d_o-qwpo2blvhkl4x8z1yykn8fe73p89nh9w7jtstkb6uo.jpg\",\"articleSection\":[\"DESTAQUES\",\"POLICIA\",\"ULTIMAS NOTICIAS\"],\"inLanguage\":\"pt-BR\",\"potentialAction\":[{\"@type\":\"CommentAction\",\"name\":\"Comment\",\"target\":[\"https:\/\/portalraizesnoticias.com.br\/?p=12329#respond\"]}]},{\"@type\":\"WebPage\",\"@id\":\"https:\/\/portalraizesnoticias.com.br\/?p=12329\",\"url\":\"https:\/\/portalraizesnoticias.com.br\/?p=12329\",\"name\":\"PM prende em Candeal homem condenado por estupro - Portal raizes noticias\",\"isPartOf\":{\"@id\":\"https:\/\/portalraizesnoticias.com.br\/#website\"},\"primaryImageOfPage\":{\"@id\":\"https:\/\/portalraizesnoticias.com.br\/?p=12329#primaryimage\"},\"image\":{\"@id\":\"https:\/\/portalraizesnoticias.com.br\/?p=12329#primaryimage\"},\"thumbnailUrl\":\"https:\/\/portalraizesnoticias.com.br\/wp-content\/uploads\/2024\/11\/pm-policia-militar-53151373421_6fb63d5c5d_o-qwpo2blvhkl4x8z1yykn8fe73p89nh9w7jtstkb6uo.jpg\",\"datePublished\":\"2026-03-21T22:18:25+00:00\",\"dateModified\":\"2026-03-22T13:48:35+00:00\",\"breadcrumb\":{\"@id\":\"https:\/\/portalraizesnoticias.com.br\/?p=12329#breadcrumb\"},\"inLanguage\":\"pt-BR\",\"potentialAction\":[{\"@type\":\"ReadAction\",\"target\":[\"https:\/\/portalraizesnoticias.com.br\/?p=12329\"]}]},{\"@type\":\"ImageObject\",\"inLanguage\":\"pt-BR\",\"@id\":\"https:\/\/portalraizesnoticias.com.br\/?p=12329#primaryimage\",\"url\":\"https:\/\/portalraizesnoticias.com.br\/wp-content\/uploads\/2024\/11\/pm-policia-militar-53151373421_6fb63d5c5d_o-qwpo2blvhkl4x8z1yykn8fe73p89nh9w7jtstkb6uo.jpg\",\"contentUrl\":\"https:\/\/portalraizesnoticias.com.br\/wp-content\/uploads\/2024\/11\/pm-policia-militar-53151373421_6fb63d5c5d_o-qwpo2blvhkl4x8z1yykn8fe73p89nh9w7jtstkb6uo.jpg\",\"width\":800,\"height\":600},{\"@type\":\"BreadcrumbList\",\"@id\":\"https:\/\/portalraizesnoticias.com.br\/?p=12329#breadcrumb\",\"itemListElement\":[{\"@type\":\"ListItem\",\"position\":1,\"name\":\"In\u00edcio\",\"item\":\"https:\/\/portalraizesnoticias.com.br\/\"},{\"@type\":\"ListItem\",\"position\":2,\"name\":\"PM prende em Candeal homem condenado por estupro\"}]},{\"@type\":\"WebSite\",\"@id\":\"https:\/\/portalraizesnoticias.com.br\/#website\",\"url\":\"https:\/\/portalraizesnoticias.com.br\/\",\"name\":\"Portal raizes NOTICIAS\",\"description\":\"site de noticias de concei\u00e7\u00e3o do coit\u00e9 e regi\u00e3o\",\"publisher\":{\"@id\":\"https:\/\/portalraizesnoticias.com.br\/#organization\"},\"alternateName\":\"PORTAL RAIZES COIT\u00c9\",\"potentialAction\":[{\"@type\":\"SearchAction\",\"target\":{\"@type\":\"EntryPoint\",\"urlTemplate\":\"https:\/\/portalraizesnoticias.com.br\/?s={search_term_string}\"},\"query-input\":{\"@type\":\"PropertyValueSpecification\",\"valueRequired\":true,\"valueName\":\"search_term_string\"}}],\"inLanguage\":\"pt-BR\"},{\"@type\":\"Organization\",\"@id\":\"https:\/\/portalraizesnoticias.com.br\/#organization\",\"name\":\"Portal raizes NOTICIAS\",\"url\":\"https:\/\/portalraizesnoticias.com.br\/\",\"logo\":{\"@type\":\"ImageObject\",\"inLanguage\":\"pt-BR\",\"@id\":\"https:\/\/portalraizesnoticias.com.br\/#\/schema\/logo\/image\/\",\"url\":\"https:\/\/portalraizesnoticias.com.br\/wp-content\/uploads\/2024\/09\/cropped-Captura-de-tela-2024-09-08-011108.png\",\"contentUrl\":\"https:\/\/portalraizesnoticias.com.br\/wp-content\/uploads\/2024\/09\/cropped-Captura-de-tela-2024-09-08-011108.png\",\"width\":606,\"height\":173,\"caption\":\"Portal raizes NOTICIAS\"},\"image\":{\"@id\":\"https:\/\/portalraizesnoticias.com.br\/#\/schema\/logo\/image\/\"}},{\"@type\":\"Person\",\"@id\":\"https:\/\/portalraizesnoticias.com.br\/#\/schema\/person\/a3ca6b0fc701e78df19756c417d943ae\",\"name\":\"Portal Raizes\",\"image\":{\"@type\":\"ImageObject\",\"inLanguage\":\"pt-BR\",\"@id\":\"https:\/\/portalraizesnoticias.com.br\/#\/schema\/person\/image\/\",\"url\":\"https:\/\/secure.gravatar.com\/avatar\/ef450d29013a3d3fba867a12a249d7b1?s=96&d=mm&r=g\",\"contentUrl\":\"https:\/\/secure.gravatar.com\/avatar\/ef450d29013a3d3fba867a12a249d7b1?s=96&d=mm&r=g\",\"caption\":\"Portal Raizes\"},\"url\":\"https:\/\/portalraizesnoticias.com.br\/?author=3\"}]}<\/script>\n<!-- \/ Yoast SEO plugin. -->","yoast_head_json":{"title":"PM prende em Candeal homem condenado por estupro - Portal raizes noticias","robots":{"index":"index","follow":"follow","max-snippet":"max-snippet:-1","max-image-preview":"max-image-preview:large","max-video-preview":"max-video-preview:-1"},"canonical":"https:\/\/portalraizesnoticias.com.br\/?p=12329","og_locale":"pt_BR","og_type":"article","og_title":"PM prende em Candeal homem condenado por estupro - Portal raizes noticias","og_description":"Na manh\u00e3 deste s\u00e1bado\u00a0 (21), a Pol\u00edcia Militar prendeu C. A. S de 46 anos, em cumprimento a um mandado de pris\u00e3o em aberto expedido pela Justi\u00e7a da Bahia. A a\u00e7\u00e3o ocorreu por volta das 10h30 na Pra\u00e7a Senhor do Bonfim, no Centro de Candeal, durante rondas realizadas pelas guarni\u00e7\u00f5es de Candeal e Ichu. Ap\u00f3s abordagem, a equipe confirmou, por meio dos sistemas de seguran\u00e7a p\u00fablica,\u00a0 expedido pela 1\u00aa Vara Criminal, J\u00fari e Execu\u00e7\u00f5es Penais de Riach\u00e3o do Jacu\u00edpe. Conforme apura\u00e7\u00e3o do Portal Ra\u00edzes, o homem\u00a0 foi condenado pelo crime de estupro praticado contra a v\u00edtima. A pena fixada \u00e9 de 14 anos, 7 meses e 15 dias de reclus\u00e3o em regime fechado. O homem foi informado sobre o mandado, n\u00e3o ofereceu resist\u00eancia e foi conduzido \u00e0 Delegacia de Pol\u00edcia de Riach\u00e3o do Jacu\u00edpe, onde foi submetido aos procedimentos legais e permanece \u00e0 disposi\u00e7\u00e3o da Justi\u00e7a. Reda\u00e7\u00e3o Foto: Ilustra\u00e7\u00e3o","og_url":"https:\/\/portalraizesnoticias.com.br\/?p=12329","og_site_name":"Portal raizes noticias","article_published_time":"2026-03-21T22:18:25+00:00","article_modified_time":"2026-03-22T13:48:35+00:00","og_image":[{"width":800,"height":600,"url":"https:\/\/portalraizesnoticias.com.br\/wp-content\/uploads\/2024\/11\/pm-policia-militar-53151373421_6fb63d5c5d_o-qwpo2blvhkl4x8z1yykn8fe73p89nh9w7jtstkb6uo.jpg","type":"image\/jpeg"}],"author":"Portal Raizes","twitter_card":"summary_large_image","twitter_misc":{"Escrito por":"Portal Raizes","Est. tempo de leitura":"2 minutos"},"schema":{"@context":"https:\/\/schema.org","@graph":[{"@type":"Article","@id":"https:\/\/portalraizesnoticias.com.br\/?p=12329#article","isPartOf":{"@id":"https:\/\/portalraizesnoticias.com.br\/?p=12329"},"author":{"name":"Portal Raizes","@id":"https:\/\/portalraizesnoticias.com.br\/#\/schema\/person\/a3ca6b0fc701e78df19756c417d943ae"},"headline":"PM prende em Candeal homem condenado por estupro","datePublished":"2026-03-21T22:18:25+00:00","dateModified":"2026-03-22T13:48:35+00:00","mainEntityOfPage":{"@id":"https:\/\/portalraizesnoticias.com.br\/?p=12329"},"wordCount":175,"commentCount":0,"publisher":{"@id":"https:\/\/portalraizesnoticias.com.br\/#organization"},"image":{"@id":"https:\/\/portalraizesnoticias.com.br\/?p=12329#primaryimage"},"thumbnailUrl":"https:\/\/portalraizesnoticias.com.br\/wp-content\/uploads\/2024\/11\/pm-policia-militar-53151373421_6fb63d5c5d_o-qwpo2blvhkl4x8z1yykn8fe73p89nh9w7jtstkb6uo.jpg","articleSection":["DESTAQUES","POLICIA","ULTIMAS NOTICIAS"],"inLanguage":"pt-BR","potentialAction":[{"@type":"CommentAction","name":"Comment","target":["https:\/\/portalraizesnoticias.com.br\/?p=12329#respond"]}]},{"@type":"WebPage","@id":"https:\/\/portalraizesnoticias.com.br\/?p=12329","url":"https:\/\/portalraizesnoticias.com.br\/?p=12329","name":"PM prende em Candeal homem condenado por estupro - Portal raizes noticias","isPartOf":{"@id":"https:\/\/portalraizesnoticias.com.br\/#website"},"primaryImageOfPage":{"@id":"https:\/\/portalraizesnoticias.com.br\/?p=12329#primaryimage"},"image":{"@id":"https:\/\/portalraizesnoticias.com.br\/?p=12329#primaryimage"},"thumbnailUrl":"https:\/\/portalraizesnoticias.com.br\/wp-content\/uploads\/2024\/11\/pm-policia-militar-53151373421_6fb63d5c5d_o-qwpo2blvhkl4x8z1yykn8fe73p89nh9w7jtstkb6uo.jpg","datePublished":"2026-03-21T22:18:25+00:00","dateModified":"2026-03-22T13:48:35+00:00","breadcrumb":{"@id":"https:\/\/portalraizesnoticias.com.br\/?p=12329#breadcrumb"},"inLanguage":"pt-BR","potentialAction":[{"@type":"ReadAction","target":["https:\/\/portalraizesnoticias.com.br\/?p=12329"]}]},{"@type":"ImageObject","inLanguage":"pt-BR","@id":"https:\/\/portalraizesnoticias.com.br\/?p=12329#primaryimage","url":"https:\/\/portalraizesnoticias.com.br\/wp-content\/uploads\/2024\/11\/pm-policia-militar-53151373421_6fb63d5c5d_o-qwpo2blvhkl4x8z1yykn8fe73p89nh9w7jtstkb6uo.jpg","contentUrl":"https:\/\/portalraizesnoticias.com.br\/wp-content\/uploads\/2024\/11\/pm-policia-militar-53151373421_6fb63d5c5d_o-qwpo2blvhkl4x8z1yykn8fe73p89nh9w7jtstkb6uo.jpg","width":800,"height":600},{"@type":"BreadcrumbList","@id":"https:\/\/portalraizesnoticias.com.br\/?p=12329#breadcrumb","itemListElement":[{"@type":"ListItem","position":1,"name":"In\u00edcio","item":"https:\/\/portalraizesnoticias.com.br\/"},{"@type":"ListItem","position":2,"name":"PM prende em Candeal homem condenado por estupro"}]},{"@type":"WebSite","@id":"https:\/\/portalraizesnoticias.com.br\/#website","url":"https:\/\/portalraizesnoticias.com.br\/","name":"Portal raizes NOTICIAS","description":"site de noticias de concei\u00e7\u00e3o do coit\u00e9 e regi\u00e3o","publisher":{"@id":"https:\/\/portalraizesnoticias.com.br\/#organization"},"alternateName":"PORTAL RAIZES COIT\u00c9","potentialAction":[{"@type":"SearchAction","target":{"@type":"EntryPoint","urlTemplate":"https:\/\/portalraizesnoticias.com.br\/?s={search_term_string}"},"query-input":{"@type":"PropertyValueSpecification","valueRequired":true,"valueName":"search_term_string"}}],"inLanguage":"pt-BR"},{"@type":"Organization","@id":"https:\/\/portalraizesnoticias.com.br\/#organization","name":"Portal raizes NOTICIAS","url":"https:\/\/portalraizesnoticias.com.br\/","logo":{"@type":"ImageObject","inLanguage":"pt-BR","@id":"https:\/\/portalraizesnoticias.com.br\/#\/schema\/logo\/image\/","url":"https:\/\/portalraizesnoticias.com.br\/wp-content\/uploads\/2024\/09\/cropped-Captura-de-tela-2024-09-08-011108.png","contentUrl":"https:\/\/portalraizesnoticias.com.br\/wp-content\/uploads\/2024\/09\/cropped-Captura-de-tela-2024-09-08-011108.png","width":606,"height":173,"caption":"Portal raizes NOTICIAS"},"image":{"@id":"https:\/\/portalraizesnoticias.com.br\/#\/schema\/logo\/image\/"}},{"@type":"Person","@id":"https:\/\/portalraizesnoticias.com.br\/#\/schema\/person\/a3ca6b0fc701e78df19756c417d943ae","name":"Portal Raizes","image":{"@type":"ImageObject","inLanguage":"pt-BR","@id":"https:\/\/portalraizesnoticias.com.br\/#\/schema\/person\/image\/","url":"https:\/\/secure.gravatar.com\/avatar\/ef450d29013a3d3fba867a12a249d7b1?s=96&d=mm&r=g","contentUrl":"https:\/\/secure.gravatar.com\/avatar\/ef450d29013a3d3fba867a12a249d7b1?s=96&d=mm&r=g","caption":"Portal Raizes"},"url":"https:\/\/portalraizesnoticias.com.br\/?author=3"}]}},"_links":{"self":[{"href":"https:\/\/portalraizesnoticias.com.br\/index.php?rest_route=\/wp\/v2\/posts\/12329"}],"collection":[{"href":"https:\/\/portalraizesnoticias.com.br\/index.php?rest_route=\/wp\/v2\/posts"}],"about":[{"href":"https:\/\/portalraizesnoticias.com.br\/index.php?rest_route=\/wp\/v2\/types\/post"}],"author":[{"embeddable":true,"href":"https:\/\/portalraizesnoticias.com.br\/index.php?rest_route=\/wp\/v2\/users\/3"}],"replies":[{"embeddable":true,"href":"https:\/\/portalraizesnoticias.com.br\/index.php?rest_route=%2Fwp%2Fv2%2Fcomments&post=12329"}],"version-history":[{"count":6,"href":"https:\/\/portalraizesnoticias.com.br\/index.php?rest_route=\/wp\/v2\/posts\/12329\/revisions"}],"predecessor-version":[{"id":12356,"href":"https:\/\/portalraizesnoticias.com.br\/index.php?rest_route=\/wp\/v2\/posts\/12329\/revisions\/12356"}],"wp:featuredmedia":[{"embeddable":true,"href":"https:\/\/portalraizesnoticias.com.br\/index.php?rest_route=\/wp\/v2\/media\/2063"}],"wp:attachment":[{"href":"https:\/\/portalraizesnoticias.com.br\/index.php?rest_route=%2Fwp%2Fv2%2Fmedia&parent=12329"}],"wp:term":[{"taxonomy":"category","embeddable":true,"href":"https:\/\/portalraizesnoticias.com.br\/index.php?rest_route=%2Fwp%2Fv2%2Fcategories&post=12329"},{"taxonomy":"post_tag","embeddable":true,"href":"https:\/\/portalraizesnoticias.com.br\/index.php?rest_route=%2Fwp%2Fv2%2Ftags&post=12329"}],"curies":[{"name":"wp","href":"https:\/\/api.w.org\/{rel}","templated":true}]}}