{"id":12324,"date":"2026-03-21T18:51:46","date_gmt":"2026-03-21T21:51:46","guid":{"rendered":"https:\/\/portalraizesnoticias.com.br\/?p=12324"},"modified":"2026-03-21T18:53:46","modified_gmt":"2026-03-21T21:53:46","slug":"condenado-pela-justica-homem-e-preso-pela-pm-enquanto-viajava-de-onibus-em-conceicao-do-coite","status":"publish","type":"post","link":"https:\/\/portalraizesnoticias.com.br\/?p=12324","title":{"rendered":"Condenado pela Justi\u00e7a, homem \u00e9 preso pela PM enquanto viajava de \u00f4nibus em Concei\u00e7\u00e3o do Coit\u00e9"},"content":{"rendered":"<p><span style=\"font-size: revert; color: initial;\">Um homem com mandado de pris\u00e3o em aberto foi detido pela Pol\u00edcia Militar na manh\u00e3 de hoje (21), em Concei\u00e7\u00e3o do Coit\u00e9, no centro da cidade. <\/span><\/p>\n<p><span style=\"font-size: revert; color: initial;\">A abordagem aconteceu por volta das 09h05, na Rua Get\u00falio Vargas, ap\u00f3s a guarni\u00e7\u00e3o receber um informe sobre a presen\u00e7a do indiv\u00edduo viajando em um \u00f4nibus.<\/span><\/p>\n<p><img decoding=\"async\" class=\"size-medium wp-image-11228 aligncenter\" src=\"https:\/\/portalraizesnoticias.com.br\/wp-content\/uploads\/2026\/02\/IMG_8532-300x150.png\" alt=\"\" width=\"300\" height=\"150\" srcset=\"https:\/\/portalraizesnoticias.com.br\/wp-content\/uploads\/2026\/02\/IMG_8532-300x150.png 300w, https:\/\/portalraizesnoticias.com.br\/wp-content\/uploads\/2026\/02\/IMG_8532-1024x512.png 1024w, https:\/\/portalraizesnoticias.com.br\/wp-content\/uploads\/2026\/02\/IMG_8532-768x384.png 768w, https:\/\/portalraizesnoticias.com.br\/wp-content\/uploads\/2026\/02\/IMG_8532-1536x768.png 1536w, https:\/\/portalraizesnoticias.com.br\/wp-content\/uploads\/2026\/02\/IMG_8532-2048x1024.png 2048w\" sizes=\"(max-width: 300px) 100vw, 300px\" \/><\/p>\n<p>Conforme informa\u00e7\u00f5es obtidas pelo Portal Ra\u00edzes, o suspeito, identificado como F.P, 38 anos, natural de Salvador, foi abordado pela pol\u00edcia dentro do ve\u00edculo. Segundo a PM, ele n\u00e3o ofereceu resist\u00eancia ao ser informado sobre o mandado de pris\u00e3o e se entregou espontaneamente.<\/p>\n<p><img fetchpriority=\"high\" decoding=\"async\" class=\"size-medium wp-image-8289 aligncenter\" src=\"https:\/\/portalraizesnoticias.com.br\/wp-content\/uploads\/2025\/09\/IMG-20250918-WA0124-300x300.jpg\" alt=\"\" width=\"300\" height=\"300\" srcset=\"https:\/\/portalraizesnoticias.com.br\/wp-content\/uploads\/2025\/09\/IMG-20250918-WA0124-300x300.jpg 300w, https:\/\/portalraizesnoticias.com.br\/wp-content\/uploads\/2025\/09\/IMG-20250918-WA0124-150x150.jpg 150w, https:\/\/portalraizesnoticias.com.br\/wp-content\/uploads\/2025\/09\/IMG-20250918-WA0124-768x768.jpg 768w, https:\/\/portalraizesnoticias.com.br\/wp-content\/uploads\/2025\/09\/IMG-20250918-WA0124.jpg 1000w\" sizes=\"(max-width: 300px) 100vw, 300px\" \/><\/p>\n<p style=\"text-align: center;\"><strong>PUBLICIDADE<\/strong><\/p>\n<p>O mandado de pris\u00e3o havia sido expedido em decorr\u00eancia de condena\u00e7\u00e3o por roubo com agravante, tipificado no Art. 157, \u00a72\u00ba, II, do C\u00f3digo Penal, que prev\u00ea aumento de pena em casos de uso de arma, concurso de pessoas ou grave amea\u00e7a \u00e0 v\u00edtima. O mandado \u00e9 para o cumprimento da pena em regime fechado.<\/p>\n<p>Ap\u00f3s a abordagem,\u00a0 foi conduzido \u00e0 Delegacia de Pol\u00edcia de Riach\u00e3o, onde foram tomadas as medidas legais cab\u00edveis.<\/p>\n<p>Reda\u00e7\u00e3o<\/p>\n","protected":false},"excerpt":{"rendered":"<p>Um homem com mandado de pris\u00e3o em aberto foi detido pela Pol\u00edcia Militar na manh\u00e3 de hoje (21), em Concei\u00e7\u00e3o do Coit\u00e9, no centro da cidade. A abordagem aconteceu por volta das 09h05, na Rua Get\u00falio Vargas, ap\u00f3s a guarni\u00e7\u00e3o receber um informe sobre a presen\u00e7a do indiv\u00edduo viajando em um \u00f4nibus. Conforme informa\u00e7\u00f5es obtidas pelo Portal Ra\u00edzes, o suspeito, identificado como F.P, 38 anos, natural de Salvador, foi abordado pela pol\u00edcia dentro do ve\u00edculo. Segundo a PM, ele n\u00e3o ofereceu resist\u00eancia ao ser informado sobre o mandado de pris\u00e3o e se entregou espontaneamente. PUBLICIDADE O mandado de pris\u00e3o havia sido expedido em decorr\u00eancia de condena\u00e7\u00e3o por roubo com agravante, tipificado no Art. 157, \u00a72\u00ba, II, do C\u00f3digo Penal, que prev\u00ea aumento de pena em casos de uso de arma, concurso de pessoas ou grave amea\u00e7a \u00e0 v\u00edtima. O mandado \u00e9 para o cumprimento da pena em regime fechado. Ap\u00f3s a abordagem,\u00a0 foi conduzido \u00e0 Delegacia de Pol\u00edcia de Riach\u00e3o, onde foram tomadas as medidas legais cab\u00edveis. Reda\u00e7\u00e3o<\/p>\n","protected":false},"author":3,"featured_media":11960,"comment_status":"open","ping_status":"open","sticky":false,"template":"","format":"standard","meta":{"_joinchat":[],"footnotes":""},"categories":[55,67,59],"tags":[],"class_list":["post-12324","post","type-post","status-publish","format-standard","has-post-thumbnail","hentry","category-destaques","category-policia","category-ultimas-noticias"],"yoast_head":"<!-- This site is optimized with the Yoast SEO plugin v24.4 - https:\/\/yoast.com\/wordpress\/plugins\/seo\/ -->\n<title>Condenado pela Justi\u00e7a, homem \u00e9 preso pela PM enquanto viajava de \u00f4nibus em Concei\u00e7\u00e3o do Coit\u00e9 - Portal raizes noticias<\/title>\n<meta name=\"robots\" content=\"index, follow, max-snippet:-1, max-image-preview:large, max-video-preview:-1\" \/>\n<link rel=\"canonical\" href=\"https:\/\/portalraizesnoticias.com.br\/?p=12324\" \/>\n<meta property=\"og:locale\" content=\"pt_BR\" \/>\n<meta property=\"og:type\" content=\"article\" \/>\n<meta property=\"og:title\" content=\"Condenado pela Justi\u00e7a, homem \u00e9 preso pela PM enquanto viajava de \u00f4nibus em Concei\u00e7\u00e3o do Coit\u00e9 - Portal raizes noticias\" \/>\n<meta property=\"og:description\" content=\"Um homem com mandado de pris\u00e3o em aberto foi detido pela Pol\u00edcia Militar na manh\u00e3 de hoje (21), em Concei\u00e7\u00e3o do Coit\u00e9, no centro da cidade. A abordagem aconteceu por volta das 09h05, na Rua Get\u00falio Vargas, ap\u00f3s a guarni\u00e7\u00e3o receber um informe sobre a presen\u00e7a do indiv\u00edduo viajando em um \u00f4nibus. Conforme informa\u00e7\u00f5es obtidas pelo Portal Ra\u00edzes, o suspeito, identificado como F.P, 38 anos, natural de Salvador, foi abordado pela pol\u00edcia dentro do ve\u00edculo. Segundo a PM, ele n\u00e3o ofereceu resist\u00eancia ao ser informado sobre o mandado de pris\u00e3o e se entregou espontaneamente. PUBLICIDADE O mandado de pris\u00e3o havia sido expedido em decorr\u00eancia de condena\u00e7\u00e3o por roubo com agravante, tipificado no Art. 157, \u00a72\u00ba, II, do C\u00f3digo Penal, que prev\u00ea aumento de pena em casos de uso de arma, concurso de pessoas ou grave amea\u00e7a \u00e0 v\u00edtima. O mandado \u00e9 para o cumprimento da pena em regime fechado. Ap\u00f3s a abordagem,\u00a0 foi conduzido \u00e0 Delegacia de Pol\u00edcia de Riach\u00e3o, onde foram tomadas as medidas legais cab\u00edveis. Reda\u00e7\u00e3o\" \/>\n<meta property=\"og:url\" content=\"https:\/\/portalraizesnoticias.com.br\/?p=12324\" \/>\n<meta property=\"og:site_name\" content=\"Portal raizes noticias\" \/>\n<meta property=\"article:published_time\" content=\"2026-03-21T21:51:46+00:00\" \/>\n<meta property=\"article:modified_time\" content=\"2026-03-21T21:53:46+00:00\" \/>\n<meta property=\"og:image\" content=\"https:\/\/portalraizesnoticias.com.br\/wp-content\/uploads\/2026\/03\/criminoso-algemado_53876-139638.jpg\" \/>\n\t<meta property=\"og:image:width\" content=\"740\" \/>\n\t<meta property=\"og:image:height\" content=\"493\" \/>\n\t<meta property=\"og:image:type\" content=\"image\/jpeg\" \/>\n<meta name=\"author\" content=\"Portal Raizes\" \/>\n<meta name=\"twitter:card\" content=\"summary_large_image\" \/>\n<meta name=\"twitter:label1\" content=\"Escrito por\" \/>\n\t<meta name=\"twitter:data1\" content=\"Portal Raizes\" \/>\n\t<meta name=\"twitter:label2\" content=\"Est. tempo de leitura\" \/>\n\t<meta name=\"twitter:data2\" content=\"2 minutos\" \/>\n<script type=\"application\/ld+json\" class=\"yoast-schema-graph\">{\"@context\":\"https:\/\/schema.org\",\"@graph\":[{\"@type\":\"Article\",\"@id\":\"https:\/\/portalraizesnoticias.com.br\/?p=12324#article\",\"isPartOf\":{\"@id\":\"https:\/\/portalraizesnoticias.com.br\/?p=12324\"},\"author\":{\"name\":\"Portal Raizes\",\"@id\":\"https:\/\/portalraizesnoticias.com.br\/#\/schema\/person\/a3ca6b0fc701e78df19756c417d943ae\"},\"headline\":\"Condenado pela Justi\u00e7a, homem \u00e9 preso pela PM enquanto viajava de \u00f4nibus em Concei\u00e7\u00e3o do Coit\u00e9\",\"datePublished\":\"2026-03-21T21:51:46+00:00\",\"dateModified\":\"2026-03-21T21:53:46+00:00\",\"mainEntityOfPage\":{\"@id\":\"https:\/\/portalraizesnoticias.com.br\/?p=12324\"},\"wordCount\":205,\"commentCount\":0,\"publisher\":{\"@id\":\"https:\/\/portalraizesnoticias.com.br\/#organization\"},\"image\":{\"@id\":\"https:\/\/portalraizesnoticias.com.br\/?p=12324#primaryimage\"},\"thumbnailUrl\":\"https:\/\/portalraizesnoticias.com.br\/wp-content\/uploads\/2026\/03\/criminoso-algemado_53876-139638.jpg\",\"articleSection\":[\"DESTAQUES\",\"POLICIA\",\"ULTIMAS NOTICIAS\"],\"inLanguage\":\"pt-BR\",\"potentialAction\":[{\"@type\":\"CommentAction\",\"name\":\"Comment\",\"target\":[\"https:\/\/portalraizesnoticias.com.br\/?p=12324#respond\"]}]},{\"@type\":\"WebPage\",\"@id\":\"https:\/\/portalraizesnoticias.com.br\/?p=12324\",\"url\":\"https:\/\/portalraizesnoticias.com.br\/?p=12324\",\"name\":\"Condenado pela Justi\u00e7a, homem \u00e9 preso pela PM enquanto viajava de \u00f4nibus em Concei\u00e7\u00e3o do Coit\u00e9 - Portal raizes noticias\",\"isPartOf\":{\"@id\":\"https:\/\/portalraizesnoticias.com.br\/#website\"},\"primaryImageOfPage\":{\"@id\":\"https:\/\/portalraizesnoticias.com.br\/?p=12324#primaryimage\"},\"image\":{\"@id\":\"https:\/\/portalraizesnoticias.com.br\/?p=12324#primaryimage\"},\"thumbnailUrl\":\"https:\/\/portalraizesnoticias.com.br\/wp-content\/uploads\/2026\/03\/criminoso-algemado_53876-139638.jpg\",\"datePublished\":\"2026-03-21T21:51:46+00:00\",\"dateModified\":\"2026-03-21T21:53:46+00:00\",\"breadcrumb\":{\"@id\":\"https:\/\/portalraizesnoticias.com.br\/?p=12324#breadcrumb\"},\"inLanguage\":\"pt-BR\",\"potentialAction\":[{\"@type\":\"ReadAction\",\"target\":[\"https:\/\/portalraizesnoticias.com.br\/?p=12324\"]}]},{\"@type\":\"ImageObject\",\"inLanguage\":\"pt-BR\",\"@id\":\"https:\/\/portalraizesnoticias.com.br\/?p=12324#primaryimage\",\"url\":\"https:\/\/portalraizesnoticias.com.br\/wp-content\/uploads\/2026\/03\/criminoso-algemado_53876-139638.jpg\",\"contentUrl\":\"https:\/\/portalraizesnoticias.com.br\/wp-content\/uploads\/2026\/03\/criminoso-algemado_53876-139638.jpg\",\"width\":740,\"height\":493},{\"@type\":\"BreadcrumbList\",\"@id\":\"https:\/\/portalraizesnoticias.com.br\/?p=12324#breadcrumb\",\"itemListElement\":[{\"@type\":\"ListItem\",\"position\":1,\"name\":\"In\u00edcio\",\"item\":\"https:\/\/portalraizesnoticias.com.br\/\"},{\"@type\":\"ListItem\",\"position\":2,\"name\":\"Condenado pela Justi\u00e7a, homem \u00e9 preso pela PM enquanto viajava de \u00f4nibus em Concei\u00e7\u00e3o do Coit\u00e9\"}]},{\"@type\":\"WebSite\",\"@id\":\"https:\/\/portalraizesnoticias.com.br\/#website\",\"url\":\"https:\/\/portalraizesnoticias.com.br\/\",\"name\":\"Portal raizes NOTICIAS\",\"description\":\"site de noticias de concei\u00e7\u00e3o do coit\u00e9 e regi\u00e3o\",\"publisher\":{\"@id\":\"https:\/\/portalraizesnoticias.com.br\/#organization\"},\"alternateName\":\"PORTAL RAIZES COIT\u00c9\",\"potentialAction\":[{\"@type\":\"SearchAction\",\"target\":{\"@type\":\"EntryPoint\",\"urlTemplate\":\"https:\/\/portalraizesnoticias.com.br\/?s={search_term_string}\"},\"query-input\":{\"@type\":\"PropertyValueSpecification\",\"valueRequired\":true,\"valueName\":\"search_term_string\"}}],\"inLanguage\":\"pt-BR\"},{\"@type\":\"Organization\",\"@id\":\"https:\/\/portalraizesnoticias.com.br\/#organization\",\"name\":\"Portal raizes NOTICIAS\",\"url\":\"https:\/\/portalraizesnoticias.com.br\/\",\"logo\":{\"@type\":\"ImageObject\",\"inLanguage\":\"pt-BR\",\"@id\":\"https:\/\/portalraizesnoticias.com.br\/#\/schema\/logo\/image\/\",\"url\":\"https:\/\/portalraizesnoticias.com.br\/wp-content\/uploads\/2024\/09\/cropped-Captura-de-tela-2024-09-08-011108.png\",\"contentUrl\":\"https:\/\/portalraizesnoticias.com.br\/wp-content\/uploads\/2024\/09\/cropped-Captura-de-tela-2024-09-08-011108.png\",\"width\":606,\"height\":173,\"caption\":\"Portal raizes NOTICIAS\"},\"image\":{\"@id\":\"https:\/\/portalraizesnoticias.com.br\/#\/schema\/logo\/image\/\"}},{\"@type\":\"Person\",\"@id\":\"https:\/\/portalraizesnoticias.com.br\/#\/schema\/person\/a3ca6b0fc701e78df19756c417d943ae\",\"name\":\"Portal Raizes\",\"image\":{\"@type\":\"ImageObject\",\"inLanguage\":\"pt-BR\",\"@id\":\"https:\/\/portalraizesnoticias.com.br\/#\/schema\/person\/image\/\",\"url\":\"https:\/\/secure.gravatar.com\/avatar\/ef450d29013a3d3fba867a12a249d7b1?s=96&d=mm&r=g\",\"contentUrl\":\"https:\/\/secure.gravatar.com\/avatar\/ef450d29013a3d3fba867a12a249d7b1?s=96&d=mm&r=g\",\"caption\":\"Portal Raizes\"},\"url\":\"https:\/\/portalraizesnoticias.com.br\/?author=3\"}]}<\/script>\n<!-- \/ Yoast SEO plugin. -->","yoast_head_json":{"title":"Condenado pela Justi\u00e7a, homem \u00e9 preso pela PM enquanto viajava de \u00f4nibus em Concei\u00e7\u00e3o do Coit\u00e9 - Portal raizes noticias","robots":{"index":"index","follow":"follow","max-snippet":"max-snippet:-1","max-image-preview":"max-image-preview:large","max-video-preview":"max-video-preview:-1"},"canonical":"https:\/\/portalraizesnoticias.com.br\/?p=12324","og_locale":"pt_BR","og_type":"article","og_title":"Condenado pela Justi\u00e7a, homem \u00e9 preso pela PM enquanto viajava de \u00f4nibus em Concei\u00e7\u00e3o do Coit\u00e9 - Portal raizes noticias","og_description":"Um homem com mandado de pris\u00e3o em aberto foi detido pela Pol\u00edcia Militar na manh\u00e3 de hoje (21), em Concei\u00e7\u00e3o do Coit\u00e9, no centro da cidade. A abordagem aconteceu por volta das 09h05, na Rua Get\u00falio Vargas, ap\u00f3s a guarni\u00e7\u00e3o receber um informe sobre a presen\u00e7a do indiv\u00edduo viajando em um \u00f4nibus. Conforme informa\u00e7\u00f5es obtidas pelo Portal Ra\u00edzes, o suspeito, identificado como F.P, 38 anos, natural de Salvador, foi abordado pela pol\u00edcia dentro do ve\u00edculo. Segundo a PM, ele n\u00e3o ofereceu resist\u00eancia ao ser informado sobre o mandado de pris\u00e3o e se entregou espontaneamente. PUBLICIDADE O mandado de pris\u00e3o havia sido expedido em decorr\u00eancia de condena\u00e7\u00e3o por roubo com agravante, tipificado no Art. 157, \u00a72\u00ba, II, do C\u00f3digo Penal, que prev\u00ea aumento de pena em casos de uso de arma, concurso de pessoas ou grave amea\u00e7a \u00e0 v\u00edtima. O mandado \u00e9 para o cumprimento da pena em regime fechado. Ap\u00f3s a abordagem,\u00a0 foi conduzido \u00e0 Delegacia de Pol\u00edcia de Riach\u00e3o, onde foram tomadas as medidas legais cab\u00edveis. Reda\u00e7\u00e3o","og_url":"https:\/\/portalraizesnoticias.com.br\/?p=12324","og_site_name":"Portal raizes noticias","article_published_time":"2026-03-21T21:51:46+00:00","article_modified_time":"2026-03-21T21:53:46+00:00","og_image":[{"width":740,"height":493,"url":"https:\/\/portalraizesnoticias.com.br\/wp-content\/uploads\/2026\/03\/criminoso-algemado_53876-139638.jpg","type":"image\/jpeg"}],"author":"Portal Raizes","twitter_card":"summary_large_image","twitter_misc":{"Escrito por":"Portal Raizes","Est. tempo de leitura":"2 minutos"},"schema":{"@context":"https:\/\/schema.org","@graph":[{"@type":"Article","@id":"https:\/\/portalraizesnoticias.com.br\/?p=12324#article","isPartOf":{"@id":"https:\/\/portalraizesnoticias.com.br\/?p=12324"},"author":{"name":"Portal Raizes","@id":"https:\/\/portalraizesnoticias.com.br\/#\/schema\/person\/a3ca6b0fc701e78df19756c417d943ae"},"headline":"Condenado pela Justi\u00e7a, homem \u00e9 preso pela PM enquanto viajava de \u00f4nibus em Concei\u00e7\u00e3o do Coit\u00e9","datePublished":"2026-03-21T21:51:46+00:00","dateModified":"2026-03-21T21:53:46+00:00","mainEntityOfPage":{"@id":"https:\/\/portalraizesnoticias.com.br\/?p=12324"},"wordCount":205,"commentCount":0,"publisher":{"@id":"https:\/\/portalraizesnoticias.com.br\/#organization"},"image":{"@id":"https:\/\/portalraizesnoticias.com.br\/?p=12324#primaryimage"},"thumbnailUrl":"https:\/\/portalraizesnoticias.com.br\/wp-content\/uploads\/2026\/03\/criminoso-algemado_53876-139638.jpg","articleSection":["DESTAQUES","POLICIA","ULTIMAS NOTICIAS"],"inLanguage":"pt-BR","potentialAction":[{"@type":"CommentAction","name":"Comment","target":["https:\/\/portalraizesnoticias.com.br\/?p=12324#respond"]}]},{"@type":"WebPage","@id":"https:\/\/portalraizesnoticias.com.br\/?p=12324","url":"https:\/\/portalraizesnoticias.com.br\/?p=12324","name":"Condenado pela Justi\u00e7a, homem \u00e9 preso pela PM enquanto viajava de \u00f4nibus em Concei\u00e7\u00e3o do Coit\u00e9 - Portal raizes noticias","isPartOf":{"@id":"https:\/\/portalraizesnoticias.com.br\/#website"},"primaryImageOfPage":{"@id":"https:\/\/portalraizesnoticias.com.br\/?p=12324#primaryimage"},"image":{"@id":"https:\/\/portalraizesnoticias.com.br\/?p=12324#primaryimage"},"thumbnailUrl":"https:\/\/portalraizesnoticias.com.br\/wp-content\/uploads\/2026\/03\/criminoso-algemado_53876-139638.jpg","datePublished":"2026-03-21T21:51:46+00:00","dateModified":"2026-03-21T21:53:46+00:00","breadcrumb":{"@id":"https:\/\/portalraizesnoticias.com.br\/?p=12324#breadcrumb"},"inLanguage":"pt-BR","potentialAction":[{"@type":"ReadAction","target":["https:\/\/portalraizesnoticias.com.br\/?p=12324"]}]},{"@type":"ImageObject","inLanguage":"pt-BR","@id":"https:\/\/portalraizesnoticias.com.br\/?p=12324#primaryimage","url":"https:\/\/portalraizesnoticias.com.br\/wp-content\/uploads\/2026\/03\/criminoso-algemado_53876-139638.jpg","contentUrl":"https:\/\/portalraizesnoticias.com.br\/wp-content\/uploads\/2026\/03\/criminoso-algemado_53876-139638.jpg","width":740,"height":493},{"@type":"BreadcrumbList","@id":"https:\/\/portalraizesnoticias.com.br\/?p=12324#breadcrumb","itemListElement":[{"@type":"ListItem","position":1,"name":"In\u00edcio","item":"https:\/\/portalraizesnoticias.com.br\/"},{"@type":"ListItem","position":2,"name":"Condenado pela Justi\u00e7a, homem \u00e9 preso pela PM enquanto viajava de \u00f4nibus em Concei\u00e7\u00e3o do Coit\u00e9"}]},{"@type":"WebSite","@id":"https:\/\/portalraizesnoticias.com.br\/#website","url":"https:\/\/portalraizesnoticias.com.br\/","name":"Portal raizes NOTICIAS","description":"site de noticias de concei\u00e7\u00e3o do coit\u00e9 e regi\u00e3o","publisher":{"@id":"https:\/\/portalraizesnoticias.com.br\/#organization"},"alternateName":"PORTAL RAIZES COIT\u00c9","potentialAction":[{"@type":"SearchAction","target":{"@type":"EntryPoint","urlTemplate":"https:\/\/portalraizesnoticias.com.br\/?s={search_term_string}"},"query-input":{"@type":"PropertyValueSpecification","valueRequired":true,"valueName":"search_term_string"}}],"inLanguage":"pt-BR"},{"@type":"Organization","@id":"https:\/\/portalraizesnoticias.com.br\/#organization","name":"Portal raizes NOTICIAS","url":"https:\/\/portalraizesnoticias.com.br\/","logo":{"@type":"ImageObject","inLanguage":"pt-BR","@id":"https:\/\/portalraizesnoticias.com.br\/#\/schema\/logo\/image\/","url":"https:\/\/portalraizesnoticias.com.br\/wp-content\/uploads\/2024\/09\/cropped-Captura-de-tela-2024-09-08-011108.png","contentUrl":"https:\/\/portalraizesnoticias.com.br\/wp-content\/uploads\/2024\/09\/cropped-Captura-de-tela-2024-09-08-011108.png","width":606,"height":173,"caption":"Portal raizes NOTICIAS"},"image":{"@id":"https:\/\/portalraizesnoticias.com.br\/#\/schema\/logo\/image\/"}},{"@type":"Person","@id":"https:\/\/portalraizesnoticias.com.br\/#\/schema\/person\/a3ca6b0fc701e78df19756c417d943ae","name":"Portal Raizes","image":{"@type":"ImageObject","inLanguage":"pt-BR","@id":"https:\/\/portalraizesnoticias.com.br\/#\/schema\/person\/image\/","url":"https:\/\/secure.gravatar.com\/avatar\/ef450d29013a3d3fba867a12a249d7b1?s=96&d=mm&r=g","contentUrl":"https:\/\/secure.gravatar.com\/avatar\/ef450d29013a3d3fba867a12a249d7b1?s=96&d=mm&r=g","caption":"Portal Raizes"},"url":"https:\/\/portalraizesnoticias.com.br\/?author=3"}]}},"_links":{"self":[{"href":"https:\/\/portalraizesnoticias.com.br\/index.php?rest_route=\/wp\/v2\/posts\/12324"}],"collection":[{"href":"https:\/\/portalraizesnoticias.com.br\/index.php?rest_route=\/wp\/v2\/posts"}],"about":[{"href":"https:\/\/portalraizesnoticias.com.br\/index.php?rest_route=\/wp\/v2\/types\/post"}],"author":[{"embeddable":true,"href":"https:\/\/portalraizesnoticias.com.br\/index.php?rest_route=\/wp\/v2\/users\/3"}],"replies":[{"embeddable":true,"href":"https:\/\/portalraizesnoticias.com.br\/index.php?rest_route=%2Fwp%2Fv2%2Fcomments&post=12324"}],"version-history":[{"count":4,"href":"https:\/\/portalraizesnoticias.com.br\/index.php?rest_route=\/wp\/v2\/posts\/12324\/revisions"}],"predecessor-version":[{"id":12328,"href":"https:\/\/portalraizesnoticias.com.br\/index.php?rest_route=\/wp\/v2\/posts\/12324\/revisions\/12328"}],"wp:featuredmedia":[{"embeddable":true,"href":"https:\/\/portalraizesnoticias.com.br\/index.php?rest_route=\/wp\/v2\/media\/11960"}],"wp:attachment":[{"href":"https:\/\/portalraizesnoticias.com.br\/index.php?rest_route=%2Fwp%2Fv2%2Fmedia&parent=12324"}],"wp:term":[{"taxonomy":"category","embeddable":true,"href":"https:\/\/portalraizesnoticias.com.br\/index.php?rest_route=%2Fwp%2Fv2%2Fcategories&post=12324"},{"taxonomy":"post_tag","embeddable":true,"href":"https:\/\/portalraizesnoticias.com.br\/index.php?rest_route=%2Fwp%2Fv2%2Ftags&post=12324"}],"curies":[{"name":"wp","href":"https:\/\/api.w.org\/{rel}","templated":true}]}}