{"id":12283,"date":"2026-03-20T18:09:35","date_gmt":"2026-03-20T21:09:35","guid":{"rendered":"https:\/\/portalraizesnoticias.com.br\/?p=12283"},"modified":"2026-03-20T18:40:10","modified_gmt":"2026-03-20T21:40:10","slug":"viuvo-relata-que-esposa-morreu-apos-infeccao-que-teria-comecado-apos-extracao-dentaria-em-clinica-particular-de-coite","status":"publish","type":"post","link":"https:\/\/portalraizesnoticias.com.br\/?p=12283","title":{"rendered":"Vi\u00favo relata que esposa morreu ap\u00f3s infec\u00e7\u00e3o, que teria come\u00e7ado ap\u00f3s extra\u00e7\u00e3o dent\u00e1ria em cl\u00ednica particular de Coit\u00e9"},"content":{"rendered":"<p>O esposo de Ros\u00e2ngela Lima, que faleceu na \u00faltima quinta-feira (19), ap\u00f3s passar dias internada no Hospital Portugu\u00eas, em Concei\u00e7\u00e3o do Coit\u00e9, falou com a jornalista Rafaela Rodrigues sobre o que teria ocorrido com a companheira.<\/p>\n<p><img fetchpriority=\"high\" decoding=\"async\" class=\"size-medium wp-image-8289 aligncenter\" src=\"https:\/\/portalraizesnoticias.com.br\/wp-content\/uploads\/2025\/09\/IMG-20250918-WA0124-300x300.jpg\" alt=\"\" width=\"300\" height=\"300\" srcset=\"https:\/\/portalraizesnoticias.com.br\/wp-content\/uploads\/2025\/09\/IMG-20250918-WA0124-300x300.jpg 300w, https:\/\/portalraizesnoticias.com.br\/wp-content\/uploads\/2025\/09\/IMG-20250918-WA0124-150x150.jpg 150w, https:\/\/portalraizesnoticias.com.br\/wp-content\/uploads\/2025\/09\/IMG-20250918-WA0124-768x768.jpg 768w, https:\/\/portalraizesnoticias.com.br\/wp-content\/uploads\/2025\/09\/IMG-20250918-WA0124.jpg 1000w\" sizes=\"(max-width: 300px) 100vw, 300px\" \/><\/p>\n<p style=\"text-align: center;\"><strong>PUBLICIDADE<\/strong><\/p>\n<p>Segundo o vi\u00favo, conhecido como Janinho, tudo come\u00e7ou quando Ros\u00e2ngela procurou uma cl\u00ednica particular para a extra\u00e7\u00e3o de um dente que, de acordo com ele, estava inflamado.<\/p>\n<p>\u201cA dentista n\u00e3o mediu para saber se ela tinha diabetes e, mesmo assim, arrancou o dente. Depois disso, ela adquiriu uma bact\u00e9ria que se agravou e, infelizmente, n\u00e3o teve salva\u00e7\u00e3o\u201d, relatou Janinho.<\/p>\n<p><img decoding=\"async\" class=\"size-medium wp-image-8006 aligncenter\" src=\"https:\/\/portalraizesnoticias.com.br\/wp-content\/uploads\/2025\/09\/IMG-20250902-WA0020-300x296.jpg\" alt=\"\" width=\"300\" height=\"296\" srcset=\"https:\/\/portalraizesnoticias.com.br\/wp-content\/uploads\/2025\/09\/IMG-20250902-WA0020-300x296.jpg 300w, https:\/\/portalraizesnoticias.com.br\/wp-content\/uploads\/2025\/09\/IMG-20250902-WA0020-1024x1009.jpg 1024w, https:\/\/portalraizesnoticias.com.br\/wp-content\/uploads\/2025\/09\/IMG-20250902-WA0020-768x757.jpg 768w, https:\/\/portalraizesnoticias.com.br\/wp-content\/uploads\/2025\/09\/IMG-20250902-WA0020.jpg 1080w\" sizes=\"(max-width: 300px) 100vw, 300px\" \/><\/p>\n<p style=\"text-align: center;\"><strong>PUBLICIDADE<\/strong><\/p>\n<p>Ainda conforme o vi\u00favo, a esposa n\u00e3o buscou atendimento em unidade b\u00e1sica de sa\u00fade do munic\u00edpio antes do procedimento conforme especula\u00e7\u00f5es, sendo atendida apenas na cl\u00ednica particular, onde tudo teve in\u00edcio.<\/p>\n<p>Ele tamb\u00e9m destacou que a filha do casal, de apenas 12 anos, acompanhou todo o processo.<\/p>\n<p>\u201cFoi na cl\u00ednica particular, e minha filha de 12 anos acompanhou tudo\u201d, disse.<\/p>\n<p>Ap\u00f3s o procedimento, Ros\u00e2ngela come\u00e7ou a sentir dores e precisou retornar algumas vezes ao hospital.<\/p>\n<p>Segundo Janinho, inicialmente ela era medicada e liberada para casa.<\/p>\n<p>\u201cQuando ela come\u00e7ou a sentir dores, eu levava para o hospital. Eles medicavam e mandavam de volta para casa\u201d, contou.<\/p>\n<p>Com o agravamento do quadro, Ros\u00e2ngela acabou sendo internada.<\/p>\n<p>Ainda de acordo com o esposo, houve solicita\u00e7\u00e3o de regula\u00e7\u00e3o para transfer\u00eancia da paciente, mas ela n\u00e3o resistiu e faleceu antes mesmo de ser transferida.<\/p>\n<p><img decoding=\"async\" class=\"size-medium wp-image-12284 aligncenter\" src=\"https:\/\/portalraizesnoticias.com.br\/wp-content\/uploads\/2026\/03\/IMG-20260319-WA0672-208x300.jpg\" alt=\"\" width=\"208\" height=\"300\" srcset=\"https:\/\/portalraizesnoticias.com.br\/wp-content\/uploads\/2026\/03\/IMG-20260319-WA0672-208x300.jpg 208w, https:\/\/portalraizesnoticias.com.br\/wp-content\/uploads\/2026\/03\/IMG-20260319-WA0672.jpg 663w\" sizes=\"(max-width: 208px) 100vw, 208px\" \/><\/p>\n<p>\u201cQuando resolveram internar, n\u00e3o teve mais jeito. A diabetes s\u00f3 foi descoberta oito dias ap\u00f3s o ocorrido, e a infec\u00e7\u00e3o j\u00e1 estava muito avan\u00e7ada por causa da bact\u00e9ria\u201d, lamentou.<\/p>\n<p>Janinho tamb\u00e9m falou sobre o impacto da perda na fam\u00edlia, especialmente para a filha do casal.<\/p>\n<p>\u201cMinha filha est\u00e1 em completo desespero, pois acompanhou todo o processo que tirou a vida da m\u00e3e dela. S\u00f3 Deus para nos dar for\u00e7a neste momento\u201d, disse, emocionado.<\/p>\n<p>Questionado sobre a possibilidade de buscar medidas judiciais, Janinho n\u00e3o informou se pretende entrar na Justi\u00e7a contra os envolvidos.<\/p>\n<p>At\u00e9 o momento, n\u00e3o tivemos acesso ao nome da cl\u00ednica onde o procedimento foi realizado. O espa\u00e7o segue aberto para manifesta\u00e7\u00f5es e esclarecimentos.<\/p>\n<p><strong>Apesar do relato apresentado pelo vi\u00favo, \u00e9 importante ressaltar que apenas uma per\u00edcia t\u00e9cnica poder\u00e1 determinar com precis\u00e3o a causa da morte e eventuais responsabilidades no caso.<\/strong><\/p>\n<p><strong>IMPORTANTE SABER!<\/strong><\/p>\n<p>Especialistas alertam que, pacientes com diabetes, especialmente quando n\u00e3o diagnosticada ou descontrolada, apresentam maior risco de infec\u00e7\u00f5es ap\u00f3s procedimentos odontol\u00f3gicos, como a extra\u00e7\u00e3o dent\u00e1ria. Isso ocorre porque a doen\u00e7a pode comprometer o sistema imunol\u00f3gico e dificultar a cicatriza\u00e7\u00e3o.<\/p>\n<p>Por isso, \u00e9 fundamental que, antes de procedimentos invasivos, seja feita uma avalia\u00e7\u00e3o cl\u00ednica completa, incluindo verifica\u00e7\u00e3o de condi\u00e7\u00f5es como diabetes, press\u00e3o arterial e hist\u00f3rico de sa\u00fade. Em alguns casos, pode ser necess\u00e1rio o uso de antibi\u00f3ticos e acompanhamento mais rigoroso no p\u00f3s-operat\u00f3rio para evitar complica\u00e7\u00f5es graves, como infec\u00e7\u00f5es generalizadas.<\/p>\n<p>Reda\u00e7\u00e3o<\/p>\n","protected":false},"excerpt":{"rendered":"<p>O esposo de Ros\u00e2ngela Lima, que faleceu na \u00faltima quinta-feira (19), ap\u00f3s passar dias internada no Hospital Portugu\u00eas, em Concei\u00e7\u00e3o do Coit\u00e9, falou com a jornalista Rafaela Rodrigues sobre o que teria ocorrido com a companheira. PUBLICIDADE Segundo o vi\u00favo, conhecido como Janinho, tudo come\u00e7ou quando Ros\u00e2ngela procurou uma cl\u00ednica particular para a extra\u00e7\u00e3o de um dente que, de acordo com ele, estava inflamado. \u201cA dentista n\u00e3o mediu para saber se ela tinha diabetes e, mesmo assim, arrancou o dente. Depois disso, ela adquiriu uma bact\u00e9ria que se agravou e, infelizmente, n\u00e3o teve salva\u00e7\u00e3o\u201d, relatou Janinho. PUBLICIDADE Ainda conforme o vi\u00favo, a esposa n\u00e3o buscou atendimento em unidade b\u00e1sica de sa\u00fade do munic\u00edpio antes do procedimento conforme especula\u00e7\u00f5es, sendo atendida apenas na cl\u00ednica particular, onde tudo teve in\u00edcio. Ele tamb\u00e9m destacou que a filha do casal, de apenas 12 anos, acompanhou todo o processo. \u201cFoi na cl\u00ednica particular, e minha filha de 12 anos acompanhou tudo\u201d, disse. Ap\u00f3s o procedimento, Ros\u00e2ngela come\u00e7ou a sentir dores e precisou retornar algumas vezes ao hospital. Segundo Janinho, inicialmente ela era medicada e liberada para casa. \u201cQuando ela come\u00e7ou a sentir dores, eu levava para o hospital. Eles medicavam e mandavam de volta para casa\u201d, contou. Com o agravamento do quadro, Ros\u00e2ngela acabou sendo internada. Ainda de acordo com o esposo, houve solicita\u00e7\u00e3o de regula\u00e7\u00e3o para transfer\u00eancia da paciente, mas ela n\u00e3o resistiu e faleceu antes mesmo de ser transferida. \u201cQuando resolveram internar, n\u00e3o teve mais jeito. A diabetes s\u00f3 foi descoberta oito dias ap\u00f3s o ocorrido, e a infec\u00e7\u00e3o j\u00e1 estava muito avan\u00e7ada por causa da bact\u00e9ria\u201d, lamentou. Janinho tamb\u00e9m falou sobre o impacto da perda na fam\u00edlia, especialmente para a filha do casal. \u201cMinha filha est\u00e1 em completo desespero, pois acompanhou todo o processo que tirou a vida da m\u00e3e dela. S\u00f3 Deus para nos dar for\u00e7a neste momento\u201d, disse, emocionado. Questionado sobre a possibilidade de buscar medidas judiciais, Janinho n\u00e3o informou se pretende entrar na Justi\u00e7a contra os envolvidos. At\u00e9 o momento, n\u00e3o tivemos acesso ao nome da cl\u00ednica onde o procedimento foi realizado. O espa\u00e7o segue aberto para manifesta\u00e7\u00f5es e esclarecimentos. Apesar do relato apresentado pelo vi\u00favo, \u00e9 importante ressaltar que apenas uma per\u00edcia t\u00e9cnica poder\u00e1 determinar com precis\u00e3o a causa da morte e eventuais responsabilidades no caso. IMPORTANTE SABER! Especialistas alertam que, pacientes com diabetes, especialmente quando n\u00e3o diagnosticada ou descontrolada, apresentam maior risco de infec\u00e7\u00f5es ap\u00f3s procedimentos odontol\u00f3gicos, como a extra\u00e7\u00e3o dent\u00e1ria. Isso ocorre porque a doen\u00e7a pode comprometer o sistema imunol\u00f3gico e dificultar a cicatriza\u00e7\u00e3o. Por isso, \u00e9 fundamental que, antes de procedimentos invasivos, seja feita uma avalia\u00e7\u00e3o cl\u00ednica completa, incluindo verifica\u00e7\u00e3o de condi\u00e7\u00f5es como diabetes, press\u00e3o arterial e hist\u00f3rico de sa\u00fade. Em alguns casos, pode ser necess\u00e1rio o uso de antibi\u00f3ticos e acompanhamento mais rigoroso no p\u00f3s-operat\u00f3rio para evitar complica\u00e7\u00f5es graves, como infec\u00e7\u00f5es generalizadas. Reda\u00e7\u00e3o<\/p>\n","protected":false},"author":3,"featured_media":12286,"comment_status":"open","ping_status":"open","sticky":false,"template":"","format":"standard","meta":{"_joinchat":[],"footnotes":""},"categories":[55,59],"tags":[],"class_list":["post-12283","post","type-post","status-publish","format-standard","has-post-thumbnail","hentry","category-destaques","category-ultimas-noticias"],"yoast_head":"<!-- This site is optimized with the Yoast SEO plugin v24.4 - https:\/\/yoast.com\/wordpress\/plugins\/seo\/ -->\n<title>Vi\u00favo relata que esposa morreu ap\u00f3s infec\u00e7\u00e3o, que teria come\u00e7ado ap\u00f3s extra\u00e7\u00e3o dent\u00e1ria em cl\u00ednica particular de Coit\u00e9 - Portal raizes noticias<\/title>\n<meta name=\"robots\" content=\"index, follow, max-snippet:-1, max-image-preview:large, max-video-preview:-1\" \/>\n<link rel=\"canonical\" href=\"https:\/\/portalraizesnoticias.com.br\/?p=12283\" \/>\n<meta property=\"og:locale\" content=\"pt_BR\" \/>\n<meta property=\"og:type\" content=\"article\" \/>\n<meta property=\"og:title\" content=\"Vi\u00favo relata que esposa morreu ap\u00f3s infec\u00e7\u00e3o, que teria come\u00e7ado ap\u00f3s extra\u00e7\u00e3o dent\u00e1ria em cl\u00ednica particular de Coit\u00e9 - Portal raizes noticias\" \/>\n<meta property=\"og:description\" content=\"O esposo de Ros\u00e2ngela Lima, que faleceu na \u00faltima quinta-feira (19), ap\u00f3s passar dias internada no Hospital Portugu\u00eas, em Concei\u00e7\u00e3o do Coit\u00e9, falou com a jornalista Rafaela Rodrigues sobre o que teria ocorrido com a companheira. PUBLICIDADE Segundo o vi\u00favo, conhecido como Janinho, tudo come\u00e7ou quando Ros\u00e2ngela procurou uma cl\u00ednica particular para a extra\u00e7\u00e3o de um dente que, de acordo com ele, estava inflamado. \u201cA dentista n\u00e3o mediu para saber se ela tinha diabetes e, mesmo assim, arrancou o dente. Depois disso, ela adquiriu uma bact\u00e9ria que se agravou e, infelizmente, n\u00e3o teve salva\u00e7\u00e3o\u201d, relatou Janinho. PUBLICIDADE Ainda conforme o vi\u00favo, a esposa n\u00e3o buscou atendimento em unidade b\u00e1sica de sa\u00fade do munic\u00edpio antes do procedimento conforme especula\u00e7\u00f5es, sendo atendida apenas na cl\u00ednica particular, onde tudo teve in\u00edcio. Ele tamb\u00e9m destacou que a filha do casal, de apenas 12 anos, acompanhou todo o processo. \u201cFoi na cl\u00ednica particular, e minha filha de 12 anos acompanhou tudo\u201d, disse. Ap\u00f3s o procedimento, Ros\u00e2ngela come\u00e7ou a sentir dores e precisou retornar algumas vezes ao hospital. Segundo Janinho, inicialmente ela era medicada e liberada para casa. \u201cQuando ela come\u00e7ou a sentir dores, eu levava para o hospital. Eles medicavam e mandavam de volta para casa\u201d, contou. Com o agravamento do quadro, Ros\u00e2ngela acabou sendo internada. Ainda de acordo com o esposo, houve solicita\u00e7\u00e3o de regula\u00e7\u00e3o para transfer\u00eancia da paciente, mas ela n\u00e3o resistiu e faleceu antes mesmo de ser transferida. \u201cQuando resolveram internar, n\u00e3o teve mais jeito. A diabetes s\u00f3 foi descoberta oito dias ap\u00f3s o ocorrido, e a infec\u00e7\u00e3o j\u00e1 estava muito avan\u00e7ada por causa da bact\u00e9ria\u201d, lamentou. Janinho tamb\u00e9m falou sobre o impacto da perda na fam\u00edlia, especialmente para a filha do casal. \u201cMinha filha est\u00e1 em completo desespero, pois acompanhou todo o processo que tirou a vida da m\u00e3e dela. S\u00f3 Deus para nos dar for\u00e7a neste momento\u201d, disse, emocionado. Questionado sobre a possibilidade de buscar medidas judiciais, Janinho n\u00e3o informou se pretende entrar na Justi\u00e7a contra os envolvidos. At\u00e9 o momento, n\u00e3o tivemos acesso ao nome da cl\u00ednica onde o procedimento foi realizado. O espa\u00e7o segue aberto para manifesta\u00e7\u00f5es e esclarecimentos. Apesar do relato apresentado pelo vi\u00favo, \u00e9 importante ressaltar que apenas uma per\u00edcia t\u00e9cnica poder\u00e1 determinar com precis\u00e3o a causa da morte e eventuais responsabilidades no caso. IMPORTANTE SABER! Especialistas alertam que, pacientes com diabetes, especialmente quando n\u00e3o diagnosticada ou descontrolada, apresentam maior risco de infec\u00e7\u00f5es ap\u00f3s procedimentos odontol\u00f3gicos, como a extra\u00e7\u00e3o dent\u00e1ria. Isso ocorre porque a doen\u00e7a pode comprometer o sistema imunol\u00f3gico e dificultar a cicatriza\u00e7\u00e3o. Por isso, \u00e9 fundamental que, antes de procedimentos invasivos, seja feita uma avalia\u00e7\u00e3o cl\u00ednica completa, incluindo verifica\u00e7\u00e3o de condi\u00e7\u00f5es como diabetes, press\u00e3o arterial e hist\u00f3rico de sa\u00fade. Em alguns casos, pode ser necess\u00e1rio o uso de antibi\u00f3ticos e acompanhamento mais rigoroso no p\u00f3s-operat\u00f3rio para evitar complica\u00e7\u00f5es graves, como infec\u00e7\u00f5es generalizadas. Reda\u00e7\u00e3o\" \/>\n<meta property=\"og:url\" content=\"https:\/\/portalraizesnoticias.com.br\/?p=12283\" \/>\n<meta property=\"og:site_name\" content=\"Portal raizes noticias\" \/>\n<meta property=\"article:published_time\" content=\"2026-03-20T21:09:35+00:00\" \/>\n<meta property=\"article:modified_time\" content=\"2026-03-20T21:40:10+00:00\" \/>\n<meta property=\"og:image\" content=\"https:\/\/portalraizesnoticias.com.br\/wp-content\/uploads\/2026\/03\/IMG-20260320-WA0348.jpg\" \/>\n\t<meta property=\"og:image:width\" content=\"675\" \/>\n\t<meta property=\"og:image:height\" content=\"602\" \/>\n\t<meta property=\"og:image:type\" content=\"image\/jpeg\" \/>\n<meta name=\"author\" content=\"Portal Raizes\" \/>\n<meta name=\"twitter:card\" content=\"summary_large_image\" \/>\n<meta name=\"twitter:label1\" content=\"Escrito por\" \/>\n\t<meta name=\"twitter:data1\" content=\"Portal Raizes\" \/>\n\t<meta name=\"twitter:label2\" content=\"Est. tempo de leitura\" \/>\n\t<meta name=\"twitter:data2\" content=\"4 minutos\" \/>\n<script type=\"application\/ld+json\" class=\"yoast-schema-graph\">{\"@context\":\"https:\/\/schema.org\",\"@graph\":[{\"@type\":\"Article\",\"@id\":\"https:\/\/portalraizesnoticias.com.br\/?p=12283#article\",\"isPartOf\":{\"@id\":\"https:\/\/portalraizesnoticias.com.br\/?p=12283\"},\"author\":{\"name\":\"Portal Raizes\",\"@id\":\"https:\/\/portalraizesnoticias.com.br\/#\/schema\/person\/a3ca6b0fc701e78df19756c417d943ae\"},\"headline\":\"Vi\u00favo relata que esposa morreu ap\u00f3s infec\u00e7\u00e3o, que teria come\u00e7ado ap\u00f3s extra\u00e7\u00e3o dent\u00e1ria em cl\u00ednica particular de Coit\u00e9\",\"datePublished\":\"2026-03-20T21:09:35+00:00\",\"dateModified\":\"2026-03-20T21:40:10+00:00\",\"mainEntityOfPage\":{\"@id\":\"https:\/\/portalraizesnoticias.com.br\/?p=12283\"},\"wordCount\":564,\"commentCount\":0,\"publisher\":{\"@id\":\"https:\/\/portalraizesnoticias.com.br\/#organization\"},\"image\":{\"@id\":\"https:\/\/portalraizesnoticias.com.br\/?p=12283#primaryimage\"},\"thumbnailUrl\":\"https:\/\/portalraizesnoticias.com.br\/wp-content\/uploads\/2026\/03\/IMG-20260320-WA0348.jpg\",\"articleSection\":[\"DESTAQUES\",\"ULTIMAS NOTICIAS\"],\"inLanguage\":\"pt-BR\",\"potentialAction\":[{\"@type\":\"CommentAction\",\"name\":\"Comment\",\"target\":[\"https:\/\/portalraizesnoticias.com.br\/?p=12283#respond\"]}]},{\"@type\":\"WebPage\",\"@id\":\"https:\/\/portalraizesnoticias.com.br\/?p=12283\",\"url\":\"https:\/\/portalraizesnoticias.com.br\/?p=12283\",\"name\":\"Vi\u00favo relata que esposa morreu ap\u00f3s infec\u00e7\u00e3o, que teria come\u00e7ado ap\u00f3s extra\u00e7\u00e3o dent\u00e1ria em cl\u00ednica particular de Coit\u00e9 - Portal raizes noticias\",\"isPartOf\":{\"@id\":\"https:\/\/portalraizesnoticias.com.br\/#website\"},\"primaryImageOfPage\":{\"@id\":\"https:\/\/portalraizesnoticias.com.br\/?p=12283#primaryimage\"},\"image\":{\"@id\":\"https:\/\/portalraizesnoticias.com.br\/?p=12283#primaryimage\"},\"thumbnailUrl\":\"https:\/\/portalraizesnoticias.com.br\/wp-content\/uploads\/2026\/03\/IMG-20260320-WA0348.jpg\",\"datePublished\":\"2026-03-20T21:09:35+00:00\",\"dateModified\":\"2026-03-20T21:40:10+00:00\",\"breadcrumb\":{\"@id\":\"https:\/\/portalraizesnoticias.com.br\/?p=12283#breadcrumb\"},\"inLanguage\":\"pt-BR\",\"potentialAction\":[{\"@type\":\"ReadAction\",\"target\":[\"https:\/\/portalraizesnoticias.com.br\/?p=12283\"]}]},{\"@type\":\"ImageObject\",\"inLanguage\":\"pt-BR\",\"@id\":\"https:\/\/portalraizesnoticias.com.br\/?p=12283#primaryimage\",\"url\":\"https:\/\/portalraizesnoticias.com.br\/wp-content\/uploads\/2026\/03\/IMG-20260320-WA0348.jpg\",\"contentUrl\":\"https:\/\/portalraizesnoticias.com.br\/wp-content\/uploads\/2026\/03\/IMG-20260320-WA0348.jpg\",\"width\":675,\"height\":602},{\"@type\":\"BreadcrumbList\",\"@id\":\"https:\/\/portalraizesnoticias.com.br\/?p=12283#breadcrumb\",\"itemListElement\":[{\"@type\":\"ListItem\",\"position\":1,\"name\":\"In\u00edcio\",\"item\":\"https:\/\/portalraizesnoticias.com.br\/\"},{\"@type\":\"ListItem\",\"position\":2,\"name\":\"Vi\u00favo relata que esposa morreu ap\u00f3s infec\u00e7\u00e3o, que teria come\u00e7ado ap\u00f3s extra\u00e7\u00e3o dent\u00e1ria em cl\u00ednica particular de Coit\u00e9\"}]},{\"@type\":\"WebSite\",\"@id\":\"https:\/\/portalraizesnoticias.com.br\/#website\",\"url\":\"https:\/\/portalraizesnoticias.com.br\/\",\"name\":\"Portal raizes NOTICIAS\",\"description\":\"site de noticias de concei\u00e7\u00e3o do coit\u00e9 e regi\u00e3o\",\"publisher\":{\"@id\":\"https:\/\/portalraizesnoticias.com.br\/#organization\"},\"alternateName\":\"PORTAL RAIZES COIT\u00c9\",\"potentialAction\":[{\"@type\":\"SearchAction\",\"target\":{\"@type\":\"EntryPoint\",\"urlTemplate\":\"https:\/\/portalraizesnoticias.com.br\/?s={search_term_string}\"},\"query-input\":{\"@type\":\"PropertyValueSpecification\",\"valueRequired\":true,\"valueName\":\"search_term_string\"}}],\"inLanguage\":\"pt-BR\"},{\"@type\":\"Organization\",\"@id\":\"https:\/\/portalraizesnoticias.com.br\/#organization\",\"name\":\"Portal raizes NOTICIAS\",\"url\":\"https:\/\/portalraizesnoticias.com.br\/\",\"logo\":{\"@type\":\"ImageObject\",\"inLanguage\":\"pt-BR\",\"@id\":\"https:\/\/portalraizesnoticias.com.br\/#\/schema\/logo\/image\/\",\"url\":\"https:\/\/portalraizesnoticias.com.br\/wp-content\/uploads\/2024\/09\/cropped-Captura-de-tela-2024-09-08-011108.png\",\"contentUrl\":\"https:\/\/portalraizesnoticias.com.br\/wp-content\/uploads\/2024\/09\/cropped-Captura-de-tela-2024-09-08-011108.png\",\"width\":606,\"height\":173,\"caption\":\"Portal raizes NOTICIAS\"},\"image\":{\"@id\":\"https:\/\/portalraizesnoticias.com.br\/#\/schema\/logo\/image\/\"}},{\"@type\":\"Person\",\"@id\":\"https:\/\/portalraizesnoticias.com.br\/#\/schema\/person\/a3ca6b0fc701e78df19756c417d943ae\",\"name\":\"Portal Raizes\",\"image\":{\"@type\":\"ImageObject\",\"inLanguage\":\"pt-BR\",\"@id\":\"https:\/\/portalraizesnoticias.com.br\/#\/schema\/person\/image\/\",\"url\":\"https:\/\/secure.gravatar.com\/avatar\/ef450d29013a3d3fba867a12a249d7b1?s=96&d=mm&r=g\",\"contentUrl\":\"https:\/\/secure.gravatar.com\/avatar\/ef450d29013a3d3fba867a12a249d7b1?s=96&d=mm&r=g\",\"caption\":\"Portal Raizes\"},\"url\":\"https:\/\/portalraizesnoticias.com.br\/?author=3\"}]}<\/script>\n<!-- \/ Yoast SEO plugin. -->","yoast_head_json":{"title":"Vi\u00favo relata que esposa morreu ap\u00f3s infec\u00e7\u00e3o, que teria come\u00e7ado ap\u00f3s extra\u00e7\u00e3o dent\u00e1ria em cl\u00ednica particular de Coit\u00e9 - Portal raizes noticias","robots":{"index":"index","follow":"follow","max-snippet":"max-snippet:-1","max-image-preview":"max-image-preview:large","max-video-preview":"max-video-preview:-1"},"canonical":"https:\/\/portalraizesnoticias.com.br\/?p=12283","og_locale":"pt_BR","og_type":"article","og_title":"Vi\u00favo relata que esposa morreu ap\u00f3s infec\u00e7\u00e3o, que teria come\u00e7ado ap\u00f3s extra\u00e7\u00e3o dent\u00e1ria em cl\u00ednica particular de Coit\u00e9 - Portal raizes noticias","og_description":"O esposo de Ros\u00e2ngela Lima, que faleceu na \u00faltima quinta-feira (19), ap\u00f3s passar dias internada no Hospital Portugu\u00eas, em Concei\u00e7\u00e3o do Coit\u00e9, falou com a jornalista Rafaela Rodrigues sobre o que teria ocorrido com a companheira. PUBLICIDADE Segundo o vi\u00favo, conhecido como Janinho, tudo come\u00e7ou quando Ros\u00e2ngela procurou uma cl\u00ednica particular para a extra\u00e7\u00e3o de um dente que, de acordo com ele, estava inflamado. \u201cA dentista n\u00e3o mediu para saber se ela tinha diabetes e, mesmo assim, arrancou o dente. Depois disso, ela adquiriu uma bact\u00e9ria que se agravou e, infelizmente, n\u00e3o teve salva\u00e7\u00e3o\u201d, relatou Janinho. PUBLICIDADE Ainda conforme o vi\u00favo, a esposa n\u00e3o buscou atendimento em unidade b\u00e1sica de sa\u00fade do munic\u00edpio antes do procedimento conforme especula\u00e7\u00f5es, sendo atendida apenas na cl\u00ednica particular, onde tudo teve in\u00edcio. Ele tamb\u00e9m destacou que a filha do casal, de apenas 12 anos, acompanhou todo o processo. \u201cFoi na cl\u00ednica particular, e minha filha de 12 anos acompanhou tudo\u201d, disse. Ap\u00f3s o procedimento, Ros\u00e2ngela come\u00e7ou a sentir dores e precisou retornar algumas vezes ao hospital. Segundo Janinho, inicialmente ela era medicada e liberada para casa. \u201cQuando ela come\u00e7ou a sentir dores, eu levava para o hospital. Eles medicavam e mandavam de volta para casa\u201d, contou. Com o agravamento do quadro, Ros\u00e2ngela acabou sendo internada. Ainda de acordo com o esposo, houve solicita\u00e7\u00e3o de regula\u00e7\u00e3o para transfer\u00eancia da paciente, mas ela n\u00e3o resistiu e faleceu antes mesmo de ser transferida. \u201cQuando resolveram internar, n\u00e3o teve mais jeito. A diabetes s\u00f3 foi descoberta oito dias ap\u00f3s o ocorrido, e a infec\u00e7\u00e3o j\u00e1 estava muito avan\u00e7ada por causa da bact\u00e9ria\u201d, lamentou. Janinho tamb\u00e9m falou sobre o impacto da perda na fam\u00edlia, especialmente para a filha do casal. \u201cMinha filha est\u00e1 em completo desespero, pois acompanhou todo o processo que tirou a vida da m\u00e3e dela. S\u00f3 Deus para nos dar for\u00e7a neste momento\u201d, disse, emocionado. Questionado sobre a possibilidade de buscar medidas judiciais, Janinho n\u00e3o informou se pretende entrar na Justi\u00e7a contra os envolvidos. At\u00e9 o momento, n\u00e3o tivemos acesso ao nome da cl\u00ednica onde o procedimento foi realizado. O espa\u00e7o segue aberto para manifesta\u00e7\u00f5es e esclarecimentos. Apesar do relato apresentado pelo vi\u00favo, \u00e9 importante ressaltar que apenas uma per\u00edcia t\u00e9cnica poder\u00e1 determinar com precis\u00e3o a causa da morte e eventuais responsabilidades no caso. IMPORTANTE SABER! Especialistas alertam que, pacientes com diabetes, especialmente quando n\u00e3o diagnosticada ou descontrolada, apresentam maior risco de infec\u00e7\u00f5es ap\u00f3s procedimentos odontol\u00f3gicos, como a extra\u00e7\u00e3o dent\u00e1ria. Isso ocorre porque a doen\u00e7a pode comprometer o sistema imunol\u00f3gico e dificultar a cicatriza\u00e7\u00e3o. Por isso, \u00e9 fundamental que, antes de procedimentos invasivos, seja feita uma avalia\u00e7\u00e3o cl\u00ednica completa, incluindo verifica\u00e7\u00e3o de condi\u00e7\u00f5es como diabetes, press\u00e3o arterial e hist\u00f3rico de sa\u00fade. Em alguns casos, pode ser necess\u00e1rio o uso de antibi\u00f3ticos e acompanhamento mais rigoroso no p\u00f3s-operat\u00f3rio para evitar complica\u00e7\u00f5es graves, como infec\u00e7\u00f5es generalizadas. Reda\u00e7\u00e3o","og_url":"https:\/\/portalraizesnoticias.com.br\/?p=12283","og_site_name":"Portal raizes noticias","article_published_time":"2026-03-20T21:09:35+00:00","article_modified_time":"2026-03-20T21:40:10+00:00","og_image":[{"width":675,"height":602,"url":"https:\/\/portalraizesnoticias.com.br\/wp-content\/uploads\/2026\/03\/IMG-20260320-WA0348.jpg","type":"image\/jpeg"}],"author":"Portal Raizes","twitter_card":"summary_large_image","twitter_misc":{"Escrito por":"Portal Raizes","Est. tempo de leitura":"4 minutos"},"schema":{"@context":"https:\/\/schema.org","@graph":[{"@type":"Article","@id":"https:\/\/portalraizesnoticias.com.br\/?p=12283#article","isPartOf":{"@id":"https:\/\/portalraizesnoticias.com.br\/?p=12283"},"author":{"name":"Portal Raizes","@id":"https:\/\/portalraizesnoticias.com.br\/#\/schema\/person\/a3ca6b0fc701e78df19756c417d943ae"},"headline":"Vi\u00favo relata que esposa morreu ap\u00f3s infec\u00e7\u00e3o, que teria come\u00e7ado ap\u00f3s extra\u00e7\u00e3o dent\u00e1ria em cl\u00ednica particular de Coit\u00e9","datePublished":"2026-03-20T21:09:35+00:00","dateModified":"2026-03-20T21:40:10+00:00","mainEntityOfPage":{"@id":"https:\/\/portalraizesnoticias.com.br\/?p=12283"},"wordCount":564,"commentCount":0,"publisher":{"@id":"https:\/\/portalraizesnoticias.com.br\/#organization"},"image":{"@id":"https:\/\/portalraizesnoticias.com.br\/?p=12283#primaryimage"},"thumbnailUrl":"https:\/\/portalraizesnoticias.com.br\/wp-content\/uploads\/2026\/03\/IMG-20260320-WA0348.jpg","articleSection":["DESTAQUES","ULTIMAS NOTICIAS"],"inLanguage":"pt-BR","potentialAction":[{"@type":"CommentAction","name":"Comment","target":["https:\/\/portalraizesnoticias.com.br\/?p=12283#respond"]}]},{"@type":"WebPage","@id":"https:\/\/portalraizesnoticias.com.br\/?p=12283","url":"https:\/\/portalraizesnoticias.com.br\/?p=12283","name":"Vi\u00favo relata que esposa morreu ap\u00f3s infec\u00e7\u00e3o, que teria come\u00e7ado ap\u00f3s extra\u00e7\u00e3o dent\u00e1ria em cl\u00ednica particular de Coit\u00e9 - Portal raizes noticias","isPartOf":{"@id":"https:\/\/portalraizesnoticias.com.br\/#website"},"primaryImageOfPage":{"@id":"https:\/\/portalraizesnoticias.com.br\/?p=12283#primaryimage"},"image":{"@id":"https:\/\/portalraizesnoticias.com.br\/?p=12283#primaryimage"},"thumbnailUrl":"https:\/\/portalraizesnoticias.com.br\/wp-content\/uploads\/2026\/03\/IMG-20260320-WA0348.jpg","datePublished":"2026-03-20T21:09:35+00:00","dateModified":"2026-03-20T21:40:10+00:00","breadcrumb":{"@id":"https:\/\/portalraizesnoticias.com.br\/?p=12283#breadcrumb"},"inLanguage":"pt-BR","potentialAction":[{"@type":"ReadAction","target":["https:\/\/portalraizesnoticias.com.br\/?p=12283"]}]},{"@type":"ImageObject","inLanguage":"pt-BR","@id":"https:\/\/portalraizesnoticias.com.br\/?p=12283#primaryimage","url":"https:\/\/portalraizesnoticias.com.br\/wp-content\/uploads\/2026\/03\/IMG-20260320-WA0348.jpg","contentUrl":"https:\/\/portalraizesnoticias.com.br\/wp-content\/uploads\/2026\/03\/IMG-20260320-WA0348.jpg","width":675,"height":602},{"@type":"BreadcrumbList","@id":"https:\/\/portalraizesnoticias.com.br\/?p=12283#breadcrumb","itemListElement":[{"@type":"ListItem","position":1,"name":"In\u00edcio","item":"https:\/\/portalraizesnoticias.com.br\/"},{"@type":"ListItem","position":2,"name":"Vi\u00favo relata que esposa morreu ap\u00f3s infec\u00e7\u00e3o, que teria come\u00e7ado ap\u00f3s extra\u00e7\u00e3o dent\u00e1ria em cl\u00ednica particular de Coit\u00e9"}]},{"@type":"WebSite","@id":"https:\/\/portalraizesnoticias.com.br\/#website","url":"https:\/\/portalraizesnoticias.com.br\/","name":"Portal raizes NOTICIAS","description":"site de noticias de concei\u00e7\u00e3o do coit\u00e9 e regi\u00e3o","publisher":{"@id":"https:\/\/portalraizesnoticias.com.br\/#organization"},"alternateName":"PORTAL RAIZES COIT\u00c9","potentialAction":[{"@type":"SearchAction","target":{"@type":"EntryPoint","urlTemplate":"https:\/\/portalraizesnoticias.com.br\/?s={search_term_string}"},"query-input":{"@type":"PropertyValueSpecification","valueRequired":true,"valueName":"search_term_string"}}],"inLanguage":"pt-BR"},{"@type":"Organization","@id":"https:\/\/portalraizesnoticias.com.br\/#organization","name":"Portal raizes NOTICIAS","url":"https:\/\/portalraizesnoticias.com.br\/","logo":{"@type":"ImageObject","inLanguage":"pt-BR","@id":"https:\/\/portalraizesnoticias.com.br\/#\/schema\/logo\/image\/","url":"https:\/\/portalraizesnoticias.com.br\/wp-content\/uploads\/2024\/09\/cropped-Captura-de-tela-2024-09-08-011108.png","contentUrl":"https:\/\/portalraizesnoticias.com.br\/wp-content\/uploads\/2024\/09\/cropped-Captura-de-tela-2024-09-08-011108.png","width":606,"height":173,"caption":"Portal raizes NOTICIAS"},"image":{"@id":"https:\/\/portalraizesnoticias.com.br\/#\/schema\/logo\/image\/"}},{"@type":"Person","@id":"https:\/\/portalraizesnoticias.com.br\/#\/schema\/person\/a3ca6b0fc701e78df19756c417d943ae","name":"Portal Raizes","image":{"@type":"ImageObject","inLanguage":"pt-BR","@id":"https:\/\/portalraizesnoticias.com.br\/#\/schema\/person\/image\/","url":"https:\/\/secure.gravatar.com\/avatar\/ef450d29013a3d3fba867a12a249d7b1?s=96&d=mm&r=g","contentUrl":"https:\/\/secure.gravatar.com\/avatar\/ef450d29013a3d3fba867a12a249d7b1?s=96&d=mm&r=g","caption":"Portal Raizes"},"url":"https:\/\/portalraizesnoticias.com.br\/?author=3"}]}},"_links":{"self":[{"href":"https:\/\/portalraizesnoticias.com.br\/index.php?rest_route=\/wp\/v2\/posts\/12283"}],"collection":[{"href":"https:\/\/portalraizesnoticias.com.br\/index.php?rest_route=\/wp\/v2\/posts"}],"about":[{"href":"https:\/\/portalraizesnoticias.com.br\/index.php?rest_route=\/wp\/v2\/types\/post"}],"author":[{"embeddable":true,"href":"https:\/\/portalraizesnoticias.com.br\/index.php?rest_route=\/wp\/v2\/users\/3"}],"replies":[{"embeddable":true,"href":"https:\/\/portalraizesnoticias.com.br\/index.php?rest_route=%2Fwp%2Fv2%2Fcomments&post=12283"}],"version-history":[{"count":4,"href":"https:\/\/portalraizesnoticias.com.br\/index.php?rest_route=\/wp\/v2\/posts\/12283\/revisions"}],"predecessor-version":[{"id":12290,"href":"https:\/\/portalraizesnoticias.com.br\/index.php?rest_route=\/wp\/v2\/posts\/12283\/revisions\/12290"}],"wp:featuredmedia":[{"embeddable":true,"href":"https:\/\/portalraizesnoticias.com.br\/index.php?rest_route=\/wp\/v2\/media\/12286"}],"wp:attachment":[{"href":"https:\/\/portalraizesnoticias.com.br\/index.php?rest_route=%2Fwp%2Fv2%2Fmedia&parent=12283"}],"wp:term":[{"taxonomy":"category","embeddable":true,"href":"https:\/\/portalraizesnoticias.com.br\/index.php?rest_route=%2Fwp%2Fv2%2Fcategories&post=12283"},{"taxonomy":"post_tag","embeddable":true,"href":"https:\/\/portalraizesnoticias.com.br\/index.php?rest_route=%2Fwp%2Fv2%2Ftags&post=12283"}],"curies":[{"name":"wp","href":"https:\/\/api.w.org\/{rel}","templated":true}]}}