{"id":12275,"date":"2026-03-20T11:05:36","date_gmt":"2026-03-20T14:05:36","guid":{"rendered":"https:\/\/portalraizesnoticias.com.br\/?p=12275"},"modified":"2026-03-20T11:10:24","modified_gmt":"2026-03-20T14:10:24","slug":"espingarda-e-apreendida-apos-homem-ameacar-moradores-em-conjunto-habitacional-em-sao-domingos-suspeito-fugiu","status":"publish","type":"post","link":"https:\/\/portalraizesnoticias.com.br\/?p=12275","title":{"rendered":"Espingarda \u00e9 apreendida ap\u00f3s homem amea\u00e7ar moradores em conjunto habitacional de S\u00e3o Domingos; suspeito fugiu"},"content":{"rendered":"<p>Um homem suspeito de amea\u00e7ar moradores com uma arma foi denunciado \u00e0 Pol\u00edcia Militar na noite desta quinta-feira (19), no munic\u00edpio de S\u00e3o Domingos.<\/p>\n<p><img decoding=\"async\" class=\"size-medium wp-image-11228 aligncenter\" src=\"https:\/\/portalraizesnoticias.com.br\/wp-content\/uploads\/2026\/02\/IMG_8532-300x150.png\" alt=\"\" width=\"300\" height=\"150\" srcset=\"https:\/\/portalraizesnoticias.com.br\/wp-content\/uploads\/2026\/02\/IMG_8532-300x150.png 300w, https:\/\/portalraizesnoticias.com.br\/wp-content\/uploads\/2026\/02\/IMG_8532-1024x512.png 1024w, https:\/\/portalraizesnoticias.com.br\/wp-content\/uploads\/2026\/02\/IMG_8532-768x384.png 768w, https:\/\/portalraizesnoticias.com.br\/wp-content\/uploads\/2026\/02\/IMG_8532-1536x768.png 1536w, https:\/\/portalraizesnoticias.com.br\/wp-content\/uploads\/2026\/02\/IMG_8532-2048x1024.png 2048w\" sizes=\"(max-width: 300px) 100vw, 300px\" \/><\/p>\n<p>De acordo com informa\u00e7\u00f5es da PM, por volta das 21h, a guarni\u00e7\u00e3o foi acionada ap\u00f3s relatos de que um indiv\u00edduo estaria em posse de uma espingarda, intimidando pessoas no Conjunto Habitacional Alcides Carneiro, no Centro da cidade.<\/p>\n<p>Ao chegar ao local, os policiais avistaram o suspeito, que ao perceber a aproxima\u00e7\u00e3o da viatura abandonou a arma e fugiu por um pasto pr\u00f3ximo. Apesar das buscas realizadas na regi\u00e3o, ele n\u00e3o foi localizado.<\/p>\n<p>A arma, uma espingarda de press\u00e3o calibre 5.5, foi apreendida e encaminhada para a sede do pelot\u00e3o, onde ser\u00e3o adotadas as medidas cab\u00edveis.<\/p>\n<p>Reda\u00e7\u00e3o<\/p>\n<p>Foto: Ilustra\u00e7\u00e3o<\/p>\n","protected":false},"excerpt":{"rendered":"<p>Um homem suspeito de amea\u00e7ar moradores com uma arma foi denunciado \u00e0 Pol\u00edcia Militar na noite desta quinta-feira (19), no munic\u00edpio de S\u00e3o Domingos. De acordo com informa\u00e7\u00f5es da PM, por volta das 21h, a guarni\u00e7\u00e3o foi acionada ap\u00f3s relatos de que um indiv\u00edduo estaria em posse de uma espingarda, intimidando pessoas no Conjunto Habitacional Alcides Carneiro, no Centro da cidade. Ao chegar ao local, os policiais avistaram o suspeito, que ao perceber a aproxima\u00e7\u00e3o da viatura abandonou a arma e fugiu por um pasto pr\u00f3ximo. Apesar das buscas realizadas na regi\u00e3o, ele n\u00e3o foi localizado. A arma, uma espingarda de press\u00e3o calibre 5.5, foi apreendida e encaminhada para a sede do pelot\u00e3o, onde ser\u00e3o adotadas as medidas cab\u00edveis. Reda\u00e7\u00e3o Foto: Ilustra\u00e7\u00e3o<\/p>\n","protected":false},"author":3,"featured_media":12278,"comment_status":"open","ping_status":"open","sticky":false,"template":"","format":"standard","meta":{"_joinchat":[],"footnotes":""},"categories":[55,67,59],"tags":[],"class_list":["post-12275","post","type-post","status-publish","format-standard","has-post-thumbnail","hentry","category-destaques","category-policia","category-ultimas-noticias"],"yoast_head":"<!-- This site is optimized with the Yoast SEO plugin v24.4 - https:\/\/yoast.com\/wordpress\/plugins\/seo\/ -->\n<title>Espingarda \u00e9 apreendida ap\u00f3s homem amea\u00e7ar moradores em conjunto habitacional de S\u00e3o Domingos; suspeito fugiu - Portal raizes noticias<\/title>\n<meta name=\"robots\" content=\"index, follow, max-snippet:-1, max-image-preview:large, max-video-preview:-1\" \/>\n<link rel=\"canonical\" href=\"https:\/\/portalraizesnoticias.com.br\/?p=12275\" \/>\n<meta property=\"og:locale\" content=\"pt_BR\" \/>\n<meta property=\"og:type\" content=\"article\" \/>\n<meta property=\"og:title\" content=\"Espingarda \u00e9 apreendida ap\u00f3s homem amea\u00e7ar moradores em conjunto habitacional de S\u00e3o Domingos; suspeito fugiu - Portal raizes noticias\" \/>\n<meta property=\"og:description\" content=\"Um homem suspeito de amea\u00e7ar moradores com uma arma foi denunciado \u00e0 Pol\u00edcia Militar na noite desta quinta-feira (19), no munic\u00edpio de S\u00e3o Domingos. De acordo com informa\u00e7\u00f5es da PM, por volta das 21h, a guarni\u00e7\u00e3o foi acionada ap\u00f3s relatos de que um indiv\u00edduo estaria em posse de uma espingarda, intimidando pessoas no Conjunto Habitacional Alcides Carneiro, no Centro da cidade. Ao chegar ao local, os policiais avistaram o suspeito, que ao perceber a aproxima\u00e7\u00e3o da viatura abandonou a arma e fugiu por um pasto pr\u00f3ximo. Apesar das buscas realizadas na regi\u00e3o, ele n\u00e3o foi localizado. A arma, uma espingarda de press\u00e3o calibre 5.5, foi apreendida e encaminhada para a sede do pelot\u00e3o, onde ser\u00e3o adotadas as medidas cab\u00edveis. Reda\u00e7\u00e3o Foto: Ilustra\u00e7\u00e3o\" \/>\n<meta property=\"og:url\" content=\"https:\/\/portalraizesnoticias.com.br\/?p=12275\" \/>\n<meta property=\"og:site_name\" content=\"Portal raizes noticias\" \/>\n<meta property=\"article:published_time\" content=\"2026-03-20T14:05:36+00:00\" \/>\n<meta property=\"article:modified_time\" content=\"2026-03-20T14:10:24+00:00\" \/>\n<meta property=\"og:image\" content=\"https:\/\/portalraizesnoticias.com.br\/wp-content\/uploads\/2026\/03\/images.jpeg\" \/>\n\t<meta property=\"og:image:width\" content=\"500\" \/>\n\t<meta property=\"og:image:height\" content=\"500\" \/>\n\t<meta property=\"og:image:type\" content=\"image\/jpeg\" \/>\n<meta name=\"author\" content=\"Portal Raizes\" \/>\n<meta name=\"twitter:card\" content=\"summary_large_image\" \/>\n<meta name=\"twitter:label1\" content=\"Escrito por\" \/>\n\t<meta name=\"twitter:data1\" content=\"Portal Raizes\" \/>\n\t<meta name=\"twitter:label2\" content=\"Est. tempo de leitura\" \/>\n\t<meta name=\"twitter:data2\" content=\"2 minutos\" \/>\n<script type=\"application\/ld+json\" class=\"yoast-schema-graph\">{\"@context\":\"https:\/\/schema.org\",\"@graph\":[{\"@type\":\"Article\",\"@id\":\"https:\/\/portalraizesnoticias.com.br\/?p=12275#article\",\"isPartOf\":{\"@id\":\"https:\/\/portalraizesnoticias.com.br\/?p=12275\"},\"author\":{\"name\":\"Portal Raizes\",\"@id\":\"https:\/\/portalraizesnoticias.com.br\/#\/schema\/person\/a3ca6b0fc701e78df19756c417d943ae\"},\"headline\":\"Espingarda \u00e9 apreendida ap\u00f3s homem amea\u00e7ar moradores em conjunto habitacional de S\u00e3o Domingos; suspeito fugiu\",\"datePublished\":\"2026-03-20T14:05:36+00:00\",\"dateModified\":\"2026-03-20T14:10:24+00:00\",\"mainEntityOfPage\":{\"@id\":\"https:\/\/portalraizesnoticias.com.br\/?p=12275\"},\"wordCount\":154,\"commentCount\":0,\"publisher\":{\"@id\":\"https:\/\/portalraizesnoticias.com.br\/#organization\"},\"image\":{\"@id\":\"https:\/\/portalraizesnoticias.com.br\/?p=12275#primaryimage\"},\"thumbnailUrl\":\"https:\/\/portalraizesnoticias.com.br\/wp-content\/uploads\/2026\/03\/images.jpeg\",\"articleSection\":[\"DESTAQUES\",\"POLICIA\",\"ULTIMAS NOTICIAS\"],\"inLanguage\":\"pt-BR\",\"potentialAction\":[{\"@type\":\"CommentAction\",\"name\":\"Comment\",\"target\":[\"https:\/\/portalraizesnoticias.com.br\/?p=12275#respond\"]}]},{\"@type\":\"WebPage\",\"@id\":\"https:\/\/portalraizesnoticias.com.br\/?p=12275\",\"url\":\"https:\/\/portalraizesnoticias.com.br\/?p=12275\",\"name\":\"Espingarda \u00e9 apreendida ap\u00f3s homem amea\u00e7ar moradores em conjunto habitacional de S\u00e3o Domingos; suspeito fugiu - Portal raizes noticias\",\"isPartOf\":{\"@id\":\"https:\/\/portalraizesnoticias.com.br\/#website\"},\"primaryImageOfPage\":{\"@id\":\"https:\/\/portalraizesnoticias.com.br\/?p=12275#primaryimage\"},\"image\":{\"@id\":\"https:\/\/portalraizesnoticias.com.br\/?p=12275#primaryimage\"},\"thumbnailUrl\":\"https:\/\/portalraizesnoticias.com.br\/wp-content\/uploads\/2026\/03\/images.jpeg\",\"datePublished\":\"2026-03-20T14:05:36+00:00\",\"dateModified\":\"2026-03-20T14:10:24+00:00\",\"breadcrumb\":{\"@id\":\"https:\/\/portalraizesnoticias.com.br\/?p=12275#breadcrumb\"},\"inLanguage\":\"pt-BR\",\"potentialAction\":[{\"@type\":\"ReadAction\",\"target\":[\"https:\/\/portalraizesnoticias.com.br\/?p=12275\"]}]},{\"@type\":\"ImageObject\",\"inLanguage\":\"pt-BR\",\"@id\":\"https:\/\/portalraizesnoticias.com.br\/?p=12275#primaryimage\",\"url\":\"https:\/\/portalraizesnoticias.com.br\/wp-content\/uploads\/2026\/03\/images.jpeg\",\"contentUrl\":\"https:\/\/portalraizesnoticias.com.br\/wp-content\/uploads\/2026\/03\/images.jpeg\",\"width\":500,\"height\":500},{\"@type\":\"BreadcrumbList\",\"@id\":\"https:\/\/portalraizesnoticias.com.br\/?p=12275#breadcrumb\",\"itemListElement\":[{\"@type\":\"ListItem\",\"position\":1,\"name\":\"In\u00edcio\",\"item\":\"https:\/\/portalraizesnoticias.com.br\/\"},{\"@type\":\"ListItem\",\"position\":2,\"name\":\"Espingarda \u00e9 apreendida ap\u00f3s homem amea\u00e7ar moradores em conjunto habitacional de S\u00e3o Domingos; suspeito fugiu\"}]},{\"@type\":\"WebSite\",\"@id\":\"https:\/\/portalraizesnoticias.com.br\/#website\",\"url\":\"https:\/\/portalraizesnoticias.com.br\/\",\"name\":\"Portal raizes NOTICIAS\",\"description\":\"site de noticias de concei\u00e7\u00e3o do coit\u00e9 e regi\u00e3o\",\"publisher\":{\"@id\":\"https:\/\/portalraizesnoticias.com.br\/#organization\"},\"alternateName\":\"PORTAL RAIZES COIT\u00c9\",\"potentialAction\":[{\"@type\":\"SearchAction\",\"target\":{\"@type\":\"EntryPoint\",\"urlTemplate\":\"https:\/\/portalraizesnoticias.com.br\/?s={search_term_string}\"},\"query-input\":{\"@type\":\"PropertyValueSpecification\",\"valueRequired\":true,\"valueName\":\"search_term_string\"}}],\"inLanguage\":\"pt-BR\"},{\"@type\":\"Organization\",\"@id\":\"https:\/\/portalraizesnoticias.com.br\/#organization\",\"name\":\"Portal raizes NOTICIAS\",\"url\":\"https:\/\/portalraizesnoticias.com.br\/\",\"logo\":{\"@type\":\"ImageObject\",\"inLanguage\":\"pt-BR\",\"@id\":\"https:\/\/portalraizesnoticias.com.br\/#\/schema\/logo\/image\/\",\"url\":\"https:\/\/portalraizesnoticias.com.br\/wp-content\/uploads\/2024\/09\/cropped-Captura-de-tela-2024-09-08-011108.png\",\"contentUrl\":\"https:\/\/portalraizesnoticias.com.br\/wp-content\/uploads\/2024\/09\/cropped-Captura-de-tela-2024-09-08-011108.png\",\"width\":606,\"height\":173,\"caption\":\"Portal raizes NOTICIAS\"},\"image\":{\"@id\":\"https:\/\/portalraizesnoticias.com.br\/#\/schema\/logo\/image\/\"}},{\"@type\":\"Person\",\"@id\":\"https:\/\/portalraizesnoticias.com.br\/#\/schema\/person\/a3ca6b0fc701e78df19756c417d943ae\",\"name\":\"Portal Raizes\",\"image\":{\"@type\":\"ImageObject\",\"inLanguage\":\"pt-BR\",\"@id\":\"https:\/\/portalraizesnoticias.com.br\/#\/schema\/person\/image\/\",\"url\":\"https:\/\/secure.gravatar.com\/avatar\/ef450d29013a3d3fba867a12a249d7b1?s=96&d=mm&r=g\",\"contentUrl\":\"https:\/\/secure.gravatar.com\/avatar\/ef450d29013a3d3fba867a12a249d7b1?s=96&d=mm&r=g\",\"caption\":\"Portal Raizes\"},\"url\":\"https:\/\/portalraizesnoticias.com.br\/?author=3\"}]}<\/script>\n<!-- \/ Yoast SEO plugin. -->","yoast_head_json":{"title":"Espingarda \u00e9 apreendida ap\u00f3s homem amea\u00e7ar moradores em conjunto habitacional de S\u00e3o Domingos; suspeito fugiu - Portal raizes noticias","robots":{"index":"index","follow":"follow","max-snippet":"max-snippet:-1","max-image-preview":"max-image-preview:large","max-video-preview":"max-video-preview:-1"},"canonical":"https:\/\/portalraizesnoticias.com.br\/?p=12275","og_locale":"pt_BR","og_type":"article","og_title":"Espingarda \u00e9 apreendida ap\u00f3s homem amea\u00e7ar moradores em conjunto habitacional de S\u00e3o Domingos; suspeito fugiu - Portal raizes noticias","og_description":"Um homem suspeito de amea\u00e7ar moradores com uma arma foi denunciado \u00e0 Pol\u00edcia Militar na noite desta quinta-feira (19), no munic\u00edpio de S\u00e3o Domingos. De acordo com informa\u00e7\u00f5es da PM, por volta das 21h, a guarni\u00e7\u00e3o foi acionada ap\u00f3s relatos de que um indiv\u00edduo estaria em posse de uma espingarda, intimidando pessoas no Conjunto Habitacional Alcides Carneiro, no Centro da cidade. Ao chegar ao local, os policiais avistaram o suspeito, que ao perceber a aproxima\u00e7\u00e3o da viatura abandonou a arma e fugiu por um pasto pr\u00f3ximo. Apesar das buscas realizadas na regi\u00e3o, ele n\u00e3o foi localizado. A arma, uma espingarda de press\u00e3o calibre 5.5, foi apreendida e encaminhada para a sede do pelot\u00e3o, onde ser\u00e3o adotadas as medidas cab\u00edveis. Reda\u00e7\u00e3o Foto: Ilustra\u00e7\u00e3o","og_url":"https:\/\/portalraizesnoticias.com.br\/?p=12275","og_site_name":"Portal raizes noticias","article_published_time":"2026-03-20T14:05:36+00:00","article_modified_time":"2026-03-20T14:10:24+00:00","og_image":[{"width":500,"height":500,"url":"https:\/\/portalraizesnoticias.com.br\/wp-content\/uploads\/2026\/03\/images.jpeg","type":"image\/jpeg"}],"author":"Portal Raizes","twitter_card":"summary_large_image","twitter_misc":{"Escrito por":"Portal Raizes","Est. tempo de leitura":"2 minutos"},"schema":{"@context":"https:\/\/schema.org","@graph":[{"@type":"Article","@id":"https:\/\/portalraizesnoticias.com.br\/?p=12275#article","isPartOf":{"@id":"https:\/\/portalraizesnoticias.com.br\/?p=12275"},"author":{"name":"Portal Raizes","@id":"https:\/\/portalraizesnoticias.com.br\/#\/schema\/person\/a3ca6b0fc701e78df19756c417d943ae"},"headline":"Espingarda \u00e9 apreendida ap\u00f3s homem amea\u00e7ar moradores em conjunto habitacional de S\u00e3o Domingos; suspeito fugiu","datePublished":"2026-03-20T14:05:36+00:00","dateModified":"2026-03-20T14:10:24+00:00","mainEntityOfPage":{"@id":"https:\/\/portalraizesnoticias.com.br\/?p=12275"},"wordCount":154,"commentCount":0,"publisher":{"@id":"https:\/\/portalraizesnoticias.com.br\/#organization"},"image":{"@id":"https:\/\/portalraizesnoticias.com.br\/?p=12275#primaryimage"},"thumbnailUrl":"https:\/\/portalraizesnoticias.com.br\/wp-content\/uploads\/2026\/03\/images.jpeg","articleSection":["DESTAQUES","POLICIA","ULTIMAS NOTICIAS"],"inLanguage":"pt-BR","potentialAction":[{"@type":"CommentAction","name":"Comment","target":["https:\/\/portalraizesnoticias.com.br\/?p=12275#respond"]}]},{"@type":"WebPage","@id":"https:\/\/portalraizesnoticias.com.br\/?p=12275","url":"https:\/\/portalraizesnoticias.com.br\/?p=12275","name":"Espingarda \u00e9 apreendida ap\u00f3s homem amea\u00e7ar moradores em conjunto habitacional de S\u00e3o Domingos; suspeito fugiu - Portal raizes noticias","isPartOf":{"@id":"https:\/\/portalraizesnoticias.com.br\/#website"},"primaryImageOfPage":{"@id":"https:\/\/portalraizesnoticias.com.br\/?p=12275#primaryimage"},"image":{"@id":"https:\/\/portalraizesnoticias.com.br\/?p=12275#primaryimage"},"thumbnailUrl":"https:\/\/portalraizesnoticias.com.br\/wp-content\/uploads\/2026\/03\/images.jpeg","datePublished":"2026-03-20T14:05:36+00:00","dateModified":"2026-03-20T14:10:24+00:00","breadcrumb":{"@id":"https:\/\/portalraizesnoticias.com.br\/?p=12275#breadcrumb"},"inLanguage":"pt-BR","potentialAction":[{"@type":"ReadAction","target":["https:\/\/portalraizesnoticias.com.br\/?p=12275"]}]},{"@type":"ImageObject","inLanguage":"pt-BR","@id":"https:\/\/portalraizesnoticias.com.br\/?p=12275#primaryimage","url":"https:\/\/portalraizesnoticias.com.br\/wp-content\/uploads\/2026\/03\/images.jpeg","contentUrl":"https:\/\/portalraizesnoticias.com.br\/wp-content\/uploads\/2026\/03\/images.jpeg","width":500,"height":500},{"@type":"BreadcrumbList","@id":"https:\/\/portalraizesnoticias.com.br\/?p=12275#breadcrumb","itemListElement":[{"@type":"ListItem","position":1,"name":"In\u00edcio","item":"https:\/\/portalraizesnoticias.com.br\/"},{"@type":"ListItem","position":2,"name":"Espingarda \u00e9 apreendida ap\u00f3s homem amea\u00e7ar moradores em conjunto habitacional de S\u00e3o Domingos; suspeito fugiu"}]},{"@type":"WebSite","@id":"https:\/\/portalraizesnoticias.com.br\/#website","url":"https:\/\/portalraizesnoticias.com.br\/","name":"Portal raizes NOTICIAS","description":"site de noticias de concei\u00e7\u00e3o do coit\u00e9 e regi\u00e3o","publisher":{"@id":"https:\/\/portalraizesnoticias.com.br\/#organization"},"alternateName":"PORTAL RAIZES COIT\u00c9","potentialAction":[{"@type":"SearchAction","target":{"@type":"EntryPoint","urlTemplate":"https:\/\/portalraizesnoticias.com.br\/?s={search_term_string}"},"query-input":{"@type":"PropertyValueSpecification","valueRequired":true,"valueName":"search_term_string"}}],"inLanguage":"pt-BR"},{"@type":"Organization","@id":"https:\/\/portalraizesnoticias.com.br\/#organization","name":"Portal raizes NOTICIAS","url":"https:\/\/portalraizesnoticias.com.br\/","logo":{"@type":"ImageObject","inLanguage":"pt-BR","@id":"https:\/\/portalraizesnoticias.com.br\/#\/schema\/logo\/image\/","url":"https:\/\/portalraizesnoticias.com.br\/wp-content\/uploads\/2024\/09\/cropped-Captura-de-tela-2024-09-08-011108.png","contentUrl":"https:\/\/portalraizesnoticias.com.br\/wp-content\/uploads\/2024\/09\/cropped-Captura-de-tela-2024-09-08-011108.png","width":606,"height":173,"caption":"Portal raizes NOTICIAS"},"image":{"@id":"https:\/\/portalraizesnoticias.com.br\/#\/schema\/logo\/image\/"}},{"@type":"Person","@id":"https:\/\/portalraizesnoticias.com.br\/#\/schema\/person\/a3ca6b0fc701e78df19756c417d943ae","name":"Portal Raizes","image":{"@type":"ImageObject","inLanguage":"pt-BR","@id":"https:\/\/portalraizesnoticias.com.br\/#\/schema\/person\/image\/","url":"https:\/\/secure.gravatar.com\/avatar\/ef450d29013a3d3fba867a12a249d7b1?s=96&d=mm&r=g","contentUrl":"https:\/\/secure.gravatar.com\/avatar\/ef450d29013a3d3fba867a12a249d7b1?s=96&d=mm&r=g","caption":"Portal Raizes"},"url":"https:\/\/portalraizesnoticias.com.br\/?author=3"}]}},"_links":{"self":[{"href":"https:\/\/portalraizesnoticias.com.br\/index.php?rest_route=\/wp\/v2\/posts\/12275"}],"collection":[{"href":"https:\/\/portalraizesnoticias.com.br\/index.php?rest_route=\/wp\/v2\/posts"}],"about":[{"href":"https:\/\/portalraizesnoticias.com.br\/index.php?rest_route=\/wp\/v2\/types\/post"}],"author":[{"embeddable":true,"href":"https:\/\/portalraizesnoticias.com.br\/index.php?rest_route=\/wp\/v2\/users\/3"}],"replies":[{"embeddable":true,"href":"https:\/\/portalraizesnoticias.com.br\/index.php?rest_route=%2Fwp%2Fv2%2Fcomments&post=12275"}],"version-history":[{"count":4,"href":"https:\/\/portalraizesnoticias.com.br\/index.php?rest_route=\/wp\/v2\/posts\/12275\/revisions"}],"predecessor-version":[{"id":12280,"href":"https:\/\/portalraizesnoticias.com.br\/index.php?rest_route=\/wp\/v2\/posts\/12275\/revisions\/12280"}],"wp:featuredmedia":[{"embeddable":true,"href":"https:\/\/portalraizesnoticias.com.br\/index.php?rest_route=\/wp\/v2\/media\/12278"}],"wp:attachment":[{"href":"https:\/\/portalraizesnoticias.com.br\/index.php?rest_route=%2Fwp%2Fv2%2Fmedia&parent=12275"}],"wp:term":[{"taxonomy":"category","embeddable":true,"href":"https:\/\/portalraizesnoticias.com.br\/index.php?rest_route=%2Fwp%2Fv2%2Fcategories&post=12275"},{"taxonomy":"post_tag","embeddable":true,"href":"https:\/\/portalraizesnoticias.com.br\/index.php?rest_route=%2Fwp%2Fv2%2Ftags&post=12275"}],"curies":[{"name":"wp","href":"https:\/\/api.w.org\/{rel}","templated":true}]}}