{"id":12252,"date":"2026-03-19T17:59:44","date_gmt":"2026-03-19T20:59:44","guid":{"rendered":"https:\/\/portalraizesnoticias.com.br\/?p=12252"},"modified":"2026-03-19T18:04:06","modified_gmt":"2026-03-19T21:04:06","slug":"acusados-de-matar-homem-em-sao-domingos-por-r-2-mil-a-mando-de-traficante-sao-absolvidos-em-valente-por-insuficiencia-de-provas","status":"publish","type":"post","link":"https:\/\/portalraizesnoticias.com.br\/?p=12252","title":{"rendered":"Acusados de matar homem em S\u00e3o  Domingos por R$ 2 mil a mando de traficante s\u00e3o absolvidos em Valente por insufici\u00eancia de provas"},"content":{"rendered":"<p>Dois acusados de assassinar o homem identificado como Mauro S\u00e9rgio Saturnino, de 43 anos, conhecido como \u201cSerginho\u201d, morto a tiros no dia 17 de janeiro de 2025, enquanto trabalhava em um lava-jato localizado na Rua Tupy, em S\u00e3o Domingos, foram a j\u00fari popular nesta quinta-feira (19), no F\u00f3rum de Valente, na regi\u00e3o sisaleira.<\/p>\n<p><img fetchpriority=\"high\" decoding=\"async\" class=\"size-medium wp-image-12258 aligncenter\" src=\"https:\/\/portalraizesnoticias.com.br\/wp-content\/uploads\/2026\/03\/IMG-20260319-WA0381-197x300.jpg\" alt=\"\" width=\"197\" height=\"300\" srcset=\"https:\/\/portalraizesnoticias.com.br\/wp-content\/uploads\/2026\/03\/IMG-20260319-WA0381-197x300.jpg 197w, https:\/\/portalraizesnoticias.com.br\/wp-content\/uploads\/2026\/03\/IMG-20260319-WA0381.jpg 484w\" sizes=\"(max-width: 197px) 100vw, 197px\" \/><\/p>\n<p style=\"text-align: center;\"><em>V\u00edtima<\/em><\/p>\n<p>Segundo a den\u00fancia do Minist\u00e9rio P\u00fablico, obtida pela jornalista Rafaela Rodrigues, o crime foi classificado como homic\u00eddio qualificado por paga ou promessa de recompensa, ou seja, teria sido motivado por ordens de um traficante e executado mediante promessa de pagamento de R$ 2.000.<\/p>\n<p><img decoding=\"async\" class=\"size-medium wp-image-8289 aligncenter\" src=\"https:\/\/portalraizesnoticias.com.br\/wp-content\/uploads\/2025\/09\/IMG-20250918-WA0124-300x300.jpg\" alt=\"\" width=\"300\" height=\"300\" srcset=\"https:\/\/portalraizesnoticias.com.br\/wp-content\/uploads\/2025\/09\/IMG-20250918-WA0124-300x300.jpg 300w, https:\/\/portalraizesnoticias.com.br\/wp-content\/uploads\/2025\/09\/IMG-20250918-WA0124-150x150.jpg 150w, https:\/\/portalraizesnoticias.com.br\/wp-content\/uploads\/2025\/09\/IMG-20250918-WA0124-768x768.jpg 768w, https:\/\/portalraizesnoticias.com.br\/wp-content\/uploads\/2025\/09\/IMG-20250918-WA0124.jpg 1000w\" sizes=\"(max-width: 300px) 100vw, 300px\" \/><\/p>\n<p style=\"text-align: center;\"><strong>PUBLICIDADE<\/strong><\/p>\n<p>\u00c0 \u00e9poca, a v\u00edtima foi abordada por dois homens em uma motocicleta preta e executada em plena luz do dia, o que causou grande repercuss\u00e3o na regi\u00e3o.<\/p>\n<p>De acordo com o processo obtido pela jornalista do Portal Ra\u00edzes, Ivan da Silva Almeida teria supostamente confessado \u00e0 Pol\u00edcia Militar que utilizou uma motocicleta emprestada para levar o atirador at\u00e9 o local do crime. Eles foram presos em flagrante e ficaram durante um ano e meio custodiados at\u00e9 o julgamento.<\/p>\n<p><img decoding=\"async\" class=\"size-medium wp-image-12259 aligncenter\" src=\"https:\/\/portalraizesnoticias.com.br\/wp-content\/uploads\/2026\/03\/IMG-20260319-WA0382-300x180.jpg\" alt=\"\" width=\"300\" height=\"180\" srcset=\"https:\/\/portalraizesnoticias.com.br\/wp-content\/uploads\/2026\/03\/IMG-20260319-WA0382-300x180.jpg 300w, https:\/\/portalraizesnoticias.com.br\/wp-content\/uploads\/2026\/03\/IMG-20260319-WA0382-768x461.jpg 768w, https:\/\/portalraizesnoticias.com.br\/wp-content\/uploads\/2026\/03\/IMG-20260319-WA0382.jpg 929w\" sizes=\"(max-width: 300px) 100vw, 300px\" \/><\/p>\n<p>As investiga\u00e7\u00f5es apontam que Jackson Xavier Tolentino foi o suposto respons\u00e1vel pelos disparos que mataram a v\u00edtima.<\/p>\n<p><strong>Desfecho do j\u00fari<\/strong><\/p>\n<p>Conforme informa\u00e7\u00f5es apuradas pela jornalista Rafaela Rodrigues, os dois r\u00e9us foram inocentados por insufici\u00eancia de provas.<\/p>\n<p>A decis\u00e3o do j\u00fari foi tomada por maioria de votos. Com quatro votos favor\u00e1veis \u00e0 absolvi\u00e7\u00e3o, o veredito \u00e9 automaticamente definido, conforme prev\u00ea o Tribunal do J\u00fari, n\u00e3o sendo necess\u00e1ria a divulga\u00e7\u00e3o da totalidade dos votos.<\/p>\n<p>O advogado de defesa de Ivan, Wagner Francesco, afirmou que a decis\u00e3o respeita a soberania do j\u00fari popular e refor\u00e7a que a absolvi\u00e7\u00e3o ocorreu diante da fragilidade do conjunto probat\u00f3rio apresentado.<\/p>\n<p><img loading=\"lazy\" decoding=\"async\" class=\"size-medium wp-image-12260 aligncenter\" src=\"https:\/\/portalraizesnoticias.com.br\/wp-content\/uploads\/2026\/03\/IMG-20260319-WA0347-175x300.jpg\" alt=\"\" width=\"175\" height=\"300\" srcset=\"https:\/\/portalraizesnoticias.com.br\/wp-content\/uploads\/2026\/03\/IMG-20260319-WA0347-175x300.jpg 175w, https:\/\/portalraizesnoticias.com.br\/wp-content\/uploads\/2026\/03\/IMG-20260319-WA0347.jpg 567w\" sizes=\"(max-width: 175px) 100vw, 175px\" \/><\/p>\n<p style=\"text-align: center;\"><em>Advogado de Ivan, Wagner Francesco<\/em><\/p>\n<p>&#8220;A Justi\u00e7a foi feita, pois eles estavam presos h\u00e1 um ano e tr\u00eas meses sem culpa, e hoje ficou comprovado que foi um erro do Estado. Portanto, conseguimos provar que eles n\u00e3o estavam envolvidos no crime&#8221;, falou Wagner em entrevista a jornalista Rafaela Rodrigues.<\/p>\n<p>A reportagem tentou contato com familiares da v\u00edtima para comentar a decis\u00e3o, mas, at\u00e9 o momento, n\u00e3o obteve retorno. O espa\u00e7o segue aberto para manifesta\u00e7\u00f5es.<\/p>\n<p><strong>Advogado de defesa!<\/strong><\/p>\n<p>Wagner Francesco, advogado coiteense, \u00e9 conhecido pela atua\u00e7\u00e3o em causas criminais e pelo alto \u00edndice de \u00eaxito em defesas no Tribunal do J\u00fari. Com a recente aprova\u00e7\u00e3o para o cargo de professor de Filosofia no IFBA de Juazeiro, ele deve reduzir ou at\u00e9 encerrar sua atua\u00e7\u00e3o na advocacia para se dedicar integralmente \u00e0 carreira acad\u00eamica.<\/p>\n<p>Reda\u00e7\u00e3o<\/p>\n","protected":false},"excerpt":{"rendered":"<p>Dois acusados de assassinar o homem identificado como Mauro S\u00e9rgio Saturnino, de 43 anos, conhecido como \u201cSerginho\u201d, morto a tiros no dia 17 de janeiro de 2025, enquanto trabalhava em um lava-jato localizado na Rua Tupy, em S\u00e3o Domingos, foram a j\u00fari popular nesta quinta-feira (19), no F\u00f3rum de Valente, na regi\u00e3o sisaleira. V\u00edtima Segundo a den\u00fancia do Minist\u00e9rio P\u00fablico, obtida pela jornalista Rafaela Rodrigues, o crime foi classificado como homic\u00eddio qualificado por paga ou promessa de recompensa, ou seja, teria sido motivado por ordens de um traficante e executado mediante promessa de pagamento de R$ 2.000. PUBLICIDADE \u00c0 \u00e9poca, a v\u00edtima foi abordada por dois homens em uma motocicleta preta e executada em plena luz do dia, o que causou grande repercuss\u00e3o na regi\u00e3o. De acordo com o processo obtido pela jornalista do Portal Ra\u00edzes, Ivan da Silva Almeida teria supostamente confessado \u00e0 Pol\u00edcia Militar que utilizou uma motocicleta emprestada para levar o atirador at\u00e9 o local do crime. Eles foram presos em flagrante e ficaram durante um ano e meio custodiados at\u00e9 o julgamento. As investiga\u00e7\u00f5es apontam que Jackson Xavier Tolentino foi o suposto respons\u00e1vel pelos disparos que mataram a v\u00edtima. Desfecho do j\u00fari Conforme informa\u00e7\u00f5es apuradas pela jornalista Rafaela Rodrigues, os dois r\u00e9us foram inocentados por insufici\u00eancia de provas. A decis\u00e3o do j\u00fari foi tomada por maioria de votos. Com quatro votos favor\u00e1veis \u00e0 absolvi\u00e7\u00e3o, o veredito \u00e9 automaticamente definido, conforme prev\u00ea o Tribunal do J\u00fari, n\u00e3o sendo necess\u00e1ria a divulga\u00e7\u00e3o da totalidade dos votos. O advogado de defesa de Ivan, Wagner Francesco, afirmou que a decis\u00e3o respeita a soberania do j\u00fari popular e refor\u00e7a que a absolvi\u00e7\u00e3o ocorreu diante da fragilidade do conjunto probat\u00f3rio apresentado. Advogado de Ivan, Wagner Francesco &#8220;A Justi\u00e7a foi feita, pois eles estavam presos h\u00e1 um ano e tr\u00eas meses sem culpa, e hoje ficou comprovado que foi um erro do Estado. Portanto, conseguimos provar que eles n\u00e3o estavam envolvidos no crime&#8221;, falou Wagner em entrevista a jornalista Rafaela Rodrigues. A reportagem tentou contato com familiares da v\u00edtima para comentar a decis\u00e3o, mas, at\u00e9 o momento, n\u00e3o obteve retorno. O espa\u00e7o segue aberto para manifesta\u00e7\u00f5es. Advogado de defesa! Wagner Francesco, advogado coiteense, \u00e9 conhecido pela atua\u00e7\u00e3o em causas criminais e pelo alto \u00edndice de \u00eaxito em defesas no Tribunal do J\u00fari. Com a recente aprova\u00e7\u00e3o para o cargo de professor de Filosofia no IFBA de Juazeiro, ele deve reduzir ou at\u00e9 encerrar sua atua\u00e7\u00e3o na advocacia para se dedicar integralmente \u00e0 carreira acad\u00eamica. Reda\u00e7\u00e3o<\/p>\n","protected":false},"author":3,"featured_media":12257,"comment_status":"open","ping_status":"open","sticky":false,"template":"","format":"standard","meta":{"_joinchat":[],"footnotes":""},"categories":[55,67,59],"tags":[],"class_list":["post-12252","post","type-post","status-publish","format-standard","has-post-thumbnail","hentry","category-destaques","category-policia","category-ultimas-noticias"],"yoast_head":"<!-- This site is optimized with the Yoast SEO plugin v24.4 - https:\/\/yoast.com\/wordpress\/plugins\/seo\/ -->\n<title>Acusados de matar homem em S\u00e3o Domingos por R$ 2 mil a mando de traficante s\u00e3o absolvidos em Valente por insufici\u00eancia de provas - Portal raizes noticias<\/title>\n<meta name=\"robots\" content=\"index, follow, max-snippet:-1, max-image-preview:large, max-video-preview:-1\" \/>\n<link rel=\"canonical\" href=\"https:\/\/portalraizesnoticias.com.br\/?p=12252\" \/>\n<meta property=\"og:locale\" content=\"pt_BR\" \/>\n<meta property=\"og:type\" content=\"article\" \/>\n<meta property=\"og:title\" content=\"Acusados de matar homem em S\u00e3o Domingos por R$ 2 mil a mando de traficante s\u00e3o absolvidos em Valente por insufici\u00eancia de provas - Portal raizes noticias\" \/>\n<meta property=\"og:description\" content=\"Dois acusados de assassinar o homem identificado como Mauro S\u00e9rgio Saturnino, de 43 anos, conhecido como \u201cSerginho\u201d, morto a tiros no dia 17 de janeiro de 2025, enquanto trabalhava em um lava-jato localizado na Rua Tupy, em S\u00e3o Domingos, foram a j\u00fari popular nesta quinta-feira (19), no F\u00f3rum de Valente, na regi\u00e3o sisaleira. V\u00edtima Segundo a den\u00fancia do Minist\u00e9rio P\u00fablico, obtida pela jornalista Rafaela Rodrigues, o crime foi classificado como homic\u00eddio qualificado por paga ou promessa de recompensa, ou seja, teria sido motivado por ordens de um traficante e executado mediante promessa de pagamento de R$ 2.000. PUBLICIDADE \u00c0 \u00e9poca, a v\u00edtima foi abordada por dois homens em uma motocicleta preta e executada em plena luz do dia, o que causou grande repercuss\u00e3o na regi\u00e3o. De acordo com o processo obtido pela jornalista do Portal Ra\u00edzes, Ivan da Silva Almeida teria supostamente confessado \u00e0 Pol\u00edcia Militar que utilizou uma motocicleta emprestada para levar o atirador at\u00e9 o local do crime. Eles foram presos em flagrante e ficaram durante um ano e meio custodiados at\u00e9 o julgamento. As investiga\u00e7\u00f5es apontam que Jackson Xavier Tolentino foi o suposto respons\u00e1vel pelos disparos que mataram a v\u00edtima. Desfecho do j\u00fari Conforme informa\u00e7\u00f5es apuradas pela jornalista Rafaela Rodrigues, os dois r\u00e9us foram inocentados por insufici\u00eancia de provas. A decis\u00e3o do j\u00fari foi tomada por maioria de votos. Com quatro votos favor\u00e1veis \u00e0 absolvi\u00e7\u00e3o, o veredito \u00e9 automaticamente definido, conforme prev\u00ea o Tribunal do J\u00fari, n\u00e3o sendo necess\u00e1ria a divulga\u00e7\u00e3o da totalidade dos votos. O advogado de defesa de Ivan, Wagner Francesco, afirmou que a decis\u00e3o respeita a soberania do j\u00fari popular e refor\u00e7a que a absolvi\u00e7\u00e3o ocorreu diante da fragilidade do conjunto probat\u00f3rio apresentado. Advogado de Ivan, Wagner Francesco &#8220;A Justi\u00e7a foi feita, pois eles estavam presos h\u00e1 um ano e tr\u00eas meses sem culpa, e hoje ficou comprovado que foi um erro do Estado. Portanto, conseguimos provar que eles n\u00e3o estavam envolvidos no crime&#8221;, falou Wagner em entrevista a jornalista Rafaela Rodrigues. A reportagem tentou contato com familiares da v\u00edtima para comentar a decis\u00e3o, mas, at\u00e9 o momento, n\u00e3o obteve retorno. O espa\u00e7o segue aberto para manifesta\u00e7\u00f5es. Advogado de defesa! Wagner Francesco, advogado coiteense, \u00e9 conhecido pela atua\u00e7\u00e3o em causas criminais e pelo alto \u00edndice de \u00eaxito em defesas no Tribunal do J\u00fari. Com a recente aprova\u00e7\u00e3o para o cargo de professor de Filosofia no IFBA de Juazeiro, ele deve reduzir ou at\u00e9 encerrar sua atua\u00e7\u00e3o na advocacia para se dedicar integralmente \u00e0 carreira acad\u00eamica. Reda\u00e7\u00e3o\" \/>\n<meta property=\"og:url\" content=\"https:\/\/portalraizesnoticias.com.br\/?p=12252\" \/>\n<meta property=\"og:site_name\" content=\"Portal raizes noticias\" \/>\n<meta property=\"article:published_time\" content=\"2026-03-19T20:59:44+00:00\" \/>\n<meta property=\"article:modified_time\" content=\"2026-03-19T21:04:06+00:00\" \/>\n<meta property=\"og:image\" content=\"https:\/\/portalraizesnoticias.com.br\/wp-content\/uploads\/2026\/03\/IMG-20260319-WA0380.jpg\" \/>\n\t<meta property=\"og:image:width\" content=\"927\" \/>\n\t<meta property=\"og:image:height\" content=\"736\" \/>\n\t<meta property=\"og:image:type\" content=\"image\/jpeg\" \/>\n<meta name=\"author\" content=\"Portal Raizes\" \/>\n<meta name=\"twitter:card\" content=\"summary_large_image\" \/>\n<meta name=\"twitter:label1\" content=\"Escrito por\" \/>\n\t<meta name=\"twitter:data1\" content=\"Portal Raizes\" \/>\n\t<meta name=\"twitter:label2\" content=\"Est. tempo de leitura\" \/>\n\t<meta name=\"twitter:data2\" content=\"4 minutos\" \/>\n<script type=\"application\/ld+json\" class=\"yoast-schema-graph\">{\"@context\":\"https:\/\/schema.org\",\"@graph\":[{\"@type\":\"Article\",\"@id\":\"https:\/\/portalraizesnoticias.com.br\/?p=12252#article\",\"isPartOf\":{\"@id\":\"https:\/\/portalraizesnoticias.com.br\/?p=12252\"},\"author\":{\"name\":\"Portal Raizes\",\"@id\":\"https:\/\/portalraizesnoticias.com.br\/#\/schema\/person\/a3ca6b0fc701e78df19756c417d943ae\"},\"headline\":\"Acusados de matar homem em S\u00e3o Domingos por R$ 2 mil a mando de traficante s\u00e3o absolvidos em Valente por insufici\u00eancia de provas\",\"datePublished\":\"2026-03-19T20:59:44+00:00\",\"dateModified\":\"2026-03-19T21:04:06+00:00\",\"mainEntityOfPage\":{\"@id\":\"https:\/\/portalraizesnoticias.com.br\/?p=12252\"},\"wordCount\":475,\"commentCount\":0,\"publisher\":{\"@id\":\"https:\/\/portalraizesnoticias.com.br\/#organization\"},\"image\":{\"@id\":\"https:\/\/portalraizesnoticias.com.br\/?p=12252#primaryimage\"},\"thumbnailUrl\":\"https:\/\/portalraizesnoticias.com.br\/wp-content\/uploads\/2026\/03\/IMG-20260319-WA0380.jpg\",\"articleSection\":[\"DESTAQUES\",\"POLICIA\",\"ULTIMAS NOTICIAS\"],\"inLanguage\":\"pt-BR\",\"potentialAction\":[{\"@type\":\"CommentAction\",\"name\":\"Comment\",\"target\":[\"https:\/\/portalraizesnoticias.com.br\/?p=12252#respond\"]}]},{\"@type\":\"WebPage\",\"@id\":\"https:\/\/portalraizesnoticias.com.br\/?p=12252\",\"url\":\"https:\/\/portalraizesnoticias.com.br\/?p=12252\",\"name\":\"Acusados de matar homem em S\u00e3o Domingos por R$ 2 mil a mando de traficante s\u00e3o absolvidos em Valente por insufici\u00eancia de provas - Portal raizes noticias\",\"isPartOf\":{\"@id\":\"https:\/\/portalraizesnoticias.com.br\/#website\"},\"primaryImageOfPage\":{\"@id\":\"https:\/\/portalraizesnoticias.com.br\/?p=12252#primaryimage\"},\"image\":{\"@id\":\"https:\/\/portalraizesnoticias.com.br\/?p=12252#primaryimage\"},\"thumbnailUrl\":\"https:\/\/portalraizesnoticias.com.br\/wp-content\/uploads\/2026\/03\/IMG-20260319-WA0380.jpg\",\"datePublished\":\"2026-03-19T20:59:44+00:00\",\"dateModified\":\"2026-03-19T21:04:06+00:00\",\"breadcrumb\":{\"@id\":\"https:\/\/portalraizesnoticias.com.br\/?p=12252#breadcrumb\"},\"inLanguage\":\"pt-BR\",\"potentialAction\":[{\"@type\":\"ReadAction\",\"target\":[\"https:\/\/portalraizesnoticias.com.br\/?p=12252\"]}]},{\"@type\":\"ImageObject\",\"inLanguage\":\"pt-BR\",\"@id\":\"https:\/\/portalraizesnoticias.com.br\/?p=12252#primaryimage\",\"url\":\"https:\/\/portalraizesnoticias.com.br\/wp-content\/uploads\/2026\/03\/IMG-20260319-WA0380.jpg\",\"contentUrl\":\"https:\/\/portalraizesnoticias.com.br\/wp-content\/uploads\/2026\/03\/IMG-20260319-WA0380.jpg\",\"width\":927,\"height\":736},{\"@type\":\"BreadcrumbList\",\"@id\":\"https:\/\/portalraizesnoticias.com.br\/?p=12252#breadcrumb\",\"itemListElement\":[{\"@type\":\"ListItem\",\"position\":1,\"name\":\"In\u00edcio\",\"item\":\"https:\/\/portalraizesnoticias.com.br\/\"},{\"@type\":\"ListItem\",\"position\":2,\"name\":\"Acusados de matar homem em S\u00e3o Domingos por R$ 2 mil a mando de traficante s\u00e3o absolvidos em Valente por insufici\u00eancia de provas\"}]},{\"@type\":\"WebSite\",\"@id\":\"https:\/\/portalraizesnoticias.com.br\/#website\",\"url\":\"https:\/\/portalraizesnoticias.com.br\/\",\"name\":\"Portal raizes NOTICIAS\",\"description\":\"site de noticias de concei\u00e7\u00e3o do coit\u00e9 e regi\u00e3o\",\"publisher\":{\"@id\":\"https:\/\/portalraizesnoticias.com.br\/#organization\"},\"alternateName\":\"PORTAL RAIZES COIT\u00c9\",\"potentialAction\":[{\"@type\":\"SearchAction\",\"target\":{\"@type\":\"EntryPoint\",\"urlTemplate\":\"https:\/\/portalraizesnoticias.com.br\/?s={search_term_string}\"},\"query-input\":{\"@type\":\"PropertyValueSpecification\",\"valueRequired\":true,\"valueName\":\"search_term_string\"}}],\"inLanguage\":\"pt-BR\"},{\"@type\":\"Organization\",\"@id\":\"https:\/\/portalraizesnoticias.com.br\/#organization\",\"name\":\"Portal raizes NOTICIAS\",\"url\":\"https:\/\/portalraizesnoticias.com.br\/\",\"logo\":{\"@type\":\"ImageObject\",\"inLanguage\":\"pt-BR\",\"@id\":\"https:\/\/portalraizesnoticias.com.br\/#\/schema\/logo\/image\/\",\"url\":\"https:\/\/portalraizesnoticias.com.br\/wp-content\/uploads\/2024\/09\/cropped-Captura-de-tela-2024-09-08-011108.png\",\"contentUrl\":\"https:\/\/portalraizesnoticias.com.br\/wp-content\/uploads\/2024\/09\/cropped-Captura-de-tela-2024-09-08-011108.png\",\"width\":606,\"height\":173,\"caption\":\"Portal raizes NOTICIAS\"},\"image\":{\"@id\":\"https:\/\/portalraizesnoticias.com.br\/#\/schema\/logo\/image\/\"}},{\"@type\":\"Person\",\"@id\":\"https:\/\/portalraizesnoticias.com.br\/#\/schema\/person\/a3ca6b0fc701e78df19756c417d943ae\",\"name\":\"Portal Raizes\",\"image\":{\"@type\":\"ImageObject\",\"inLanguage\":\"pt-BR\",\"@id\":\"https:\/\/portalraizesnoticias.com.br\/#\/schema\/person\/image\/\",\"url\":\"https:\/\/secure.gravatar.com\/avatar\/ef450d29013a3d3fba867a12a249d7b1?s=96&d=mm&r=g\",\"contentUrl\":\"https:\/\/secure.gravatar.com\/avatar\/ef450d29013a3d3fba867a12a249d7b1?s=96&d=mm&r=g\",\"caption\":\"Portal Raizes\"},\"url\":\"https:\/\/portalraizesnoticias.com.br\/?author=3\"}]}<\/script>\n<!-- \/ Yoast SEO plugin. -->","yoast_head_json":{"title":"Acusados de matar homem em S\u00e3o Domingos por R$ 2 mil a mando de traficante s\u00e3o absolvidos em Valente por insufici\u00eancia de provas - Portal raizes noticias","robots":{"index":"index","follow":"follow","max-snippet":"max-snippet:-1","max-image-preview":"max-image-preview:large","max-video-preview":"max-video-preview:-1"},"canonical":"https:\/\/portalraizesnoticias.com.br\/?p=12252","og_locale":"pt_BR","og_type":"article","og_title":"Acusados de matar homem em S\u00e3o Domingos por R$ 2 mil a mando de traficante s\u00e3o absolvidos em Valente por insufici\u00eancia de provas - Portal raizes noticias","og_description":"Dois acusados de assassinar o homem identificado como Mauro S\u00e9rgio Saturnino, de 43 anos, conhecido como \u201cSerginho\u201d, morto a tiros no dia 17 de janeiro de 2025, enquanto trabalhava em um lava-jato localizado na Rua Tupy, em S\u00e3o Domingos, foram a j\u00fari popular nesta quinta-feira (19), no F\u00f3rum de Valente, na regi\u00e3o sisaleira. V\u00edtima Segundo a den\u00fancia do Minist\u00e9rio P\u00fablico, obtida pela jornalista Rafaela Rodrigues, o crime foi classificado como homic\u00eddio qualificado por paga ou promessa de recompensa, ou seja, teria sido motivado por ordens de um traficante e executado mediante promessa de pagamento de R$ 2.000. PUBLICIDADE \u00c0 \u00e9poca, a v\u00edtima foi abordada por dois homens em uma motocicleta preta e executada em plena luz do dia, o que causou grande repercuss\u00e3o na regi\u00e3o. De acordo com o processo obtido pela jornalista do Portal Ra\u00edzes, Ivan da Silva Almeida teria supostamente confessado \u00e0 Pol\u00edcia Militar que utilizou uma motocicleta emprestada para levar o atirador at\u00e9 o local do crime. Eles foram presos em flagrante e ficaram durante um ano e meio custodiados at\u00e9 o julgamento. As investiga\u00e7\u00f5es apontam que Jackson Xavier Tolentino foi o suposto respons\u00e1vel pelos disparos que mataram a v\u00edtima. Desfecho do j\u00fari Conforme informa\u00e7\u00f5es apuradas pela jornalista Rafaela Rodrigues, os dois r\u00e9us foram inocentados por insufici\u00eancia de provas. A decis\u00e3o do j\u00fari foi tomada por maioria de votos. Com quatro votos favor\u00e1veis \u00e0 absolvi\u00e7\u00e3o, o veredito \u00e9 automaticamente definido, conforme prev\u00ea o Tribunal do J\u00fari, n\u00e3o sendo necess\u00e1ria a divulga\u00e7\u00e3o da totalidade dos votos. O advogado de defesa de Ivan, Wagner Francesco, afirmou que a decis\u00e3o respeita a soberania do j\u00fari popular e refor\u00e7a que a absolvi\u00e7\u00e3o ocorreu diante da fragilidade do conjunto probat\u00f3rio apresentado. Advogado de Ivan, Wagner Francesco &#8220;A Justi\u00e7a foi feita, pois eles estavam presos h\u00e1 um ano e tr\u00eas meses sem culpa, e hoje ficou comprovado que foi um erro do Estado. Portanto, conseguimos provar que eles n\u00e3o estavam envolvidos no crime&#8221;, falou Wagner em entrevista a jornalista Rafaela Rodrigues. A reportagem tentou contato com familiares da v\u00edtima para comentar a decis\u00e3o, mas, at\u00e9 o momento, n\u00e3o obteve retorno. O espa\u00e7o segue aberto para manifesta\u00e7\u00f5es. Advogado de defesa! Wagner Francesco, advogado coiteense, \u00e9 conhecido pela atua\u00e7\u00e3o em causas criminais e pelo alto \u00edndice de \u00eaxito em defesas no Tribunal do J\u00fari. Com a recente aprova\u00e7\u00e3o para o cargo de professor de Filosofia no IFBA de Juazeiro, ele deve reduzir ou at\u00e9 encerrar sua atua\u00e7\u00e3o na advocacia para se dedicar integralmente \u00e0 carreira acad\u00eamica. Reda\u00e7\u00e3o","og_url":"https:\/\/portalraizesnoticias.com.br\/?p=12252","og_site_name":"Portal raizes noticias","article_published_time":"2026-03-19T20:59:44+00:00","article_modified_time":"2026-03-19T21:04:06+00:00","og_image":[{"width":927,"height":736,"url":"https:\/\/portalraizesnoticias.com.br\/wp-content\/uploads\/2026\/03\/IMG-20260319-WA0380.jpg","type":"image\/jpeg"}],"author":"Portal Raizes","twitter_card":"summary_large_image","twitter_misc":{"Escrito por":"Portal Raizes","Est. tempo de leitura":"4 minutos"},"schema":{"@context":"https:\/\/schema.org","@graph":[{"@type":"Article","@id":"https:\/\/portalraizesnoticias.com.br\/?p=12252#article","isPartOf":{"@id":"https:\/\/portalraizesnoticias.com.br\/?p=12252"},"author":{"name":"Portal Raizes","@id":"https:\/\/portalraizesnoticias.com.br\/#\/schema\/person\/a3ca6b0fc701e78df19756c417d943ae"},"headline":"Acusados de matar homem em S\u00e3o Domingos por R$ 2 mil a mando de traficante s\u00e3o absolvidos em Valente por insufici\u00eancia de provas","datePublished":"2026-03-19T20:59:44+00:00","dateModified":"2026-03-19T21:04:06+00:00","mainEntityOfPage":{"@id":"https:\/\/portalraizesnoticias.com.br\/?p=12252"},"wordCount":475,"commentCount":0,"publisher":{"@id":"https:\/\/portalraizesnoticias.com.br\/#organization"},"image":{"@id":"https:\/\/portalraizesnoticias.com.br\/?p=12252#primaryimage"},"thumbnailUrl":"https:\/\/portalraizesnoticias.com.br\/wp-content\/uploads\/2026\/03\/IMG-20260319-WA0380.jpg","articleSection":["DESTAQUES","POLICIA","ULTIMAS NOTICIAS"],"inLanguage":"pt-BR","potentialAction":[{"@type":"CommentAction","name":"Comment","target":["https:\/\/portalraizesnoticias.com.br\/?p=12252#respond"]}]},{"@type":"WebPage","@id":"https:\/\/portalraizesnoticias.com.br\/?p=12252","url":"https:\/\/portalraizesnoticias.com.br\/?p=12252","name":"Acusados de matar homem em S\u00e3o Domingos por R$ 2 mil a mando de traficante s\u00e3o absolvidos em Valente por insufici\u00eancia de provas - Portal raizes noticias","isPartOf":{"@id":"https:\/\/portalraizesnoticias.com.br\/#website"},"primaryImageOfPage":{"@id":"https:\/\/portalraizesnoticias.com.br\/?p=12252#primaryimage"},"image":{"@id":"https:\/\/portalraizesnoticias.com.br\/?p=12252#primaryimage"},"thumbnailUrl":"https:\/\/portalraizesnoticias.com.br\/wp-content\/uploads\/2026\/03\/IMG-20260319-WA0380.jpg","datePublished":"2026-03-19T20:59:44+00:00","dateModified":"2026-03-19T21:04:06+00:00","breadcrumb":{"@id":"https:\/\/portalraizesnoticias.com.br\/?p=12252#breadcrumb"},"inLanguage":"pt-BR","potentialAction":[{"@type":"ReadAction","target":["https:\/\/portalraizesnoticias.com.br\/?p=12252"]}]},{"@type":"ImageObject","inLanguage":"pt-BR","@id":"https:\/\/portalraizesnoticias.com.br\/?p=12252#primaryimage","url":"https:\/\/portalraizesnoticias.com.br\/wp-content\/uploads\/2026\/03\/IMG-20260319-WA0380.jpg","contentUrl":"https:\/\/portalraizesnoticias.com.br\/wp-content\/uploads\/2026\/03\/IMG-20260319-WA0380.jpg","width":927,"height":736},{"@type":"BreadcrumbList","@id":"https:\/\/portalraizesnoticias.com.br\/?p=12252#breadcrumb","itemListElement":[{"@type":"ListItem","position":1,"name":"In\u00edcio","item":"https:\/\/portalraizesnoticias.com.br\/"},{"@type":"ListItem","position":2,"name":"Acusados de matar homem em S\u00e3o Domingos por R$ 2 mil a mando de traficante s\u00e3o absolvidos em Valente por insufici\u00eancia de provas"}]},{"@type":"WebSite","@id":"https:\/\/portalraizesnoticias.com.br\/#website","url":"https:\/\/portalraizesnoticias.com.br\/","name":"Portal raizes NOTICIAS","description":"site de noticias de concei\u00e7\u00e3o do coit\u00e9 e regi\u00e3o","publisher":{"@id":"https:\/\/portalraizesnoticias.com.br\/#organization"},"alternateName":"PORTAL RAIZES COIT\u00c9","potentialAction":[{"@type":"SearchAction","target":{"@type":"EntryPoint","urlTemplate":"https:\/\/portalraizesnoticias.com.br\/?s={search_term_string}"},"query-input":{"@type":"PropertyValueSpecification","valueRequired":true,"valueName":"search_term_string"}}],"inLanguage":"pt-BR"},{"@type":"Organization","@id":"https:\/\/portalraizesnoticias.com.br\/#organization","name":"Portal raizes NOTICIAS","url":"https:\/\/portalraizesnoticias.com.br\/","logo":{"@type":"ImageObject","inLanguage":"pt-BR","@id":"https:\/\/portalraizesnoticias.com.br\/#\/schema\/logo\/image\/","url":"https:\/\/portalraizesnoticias.com.br\/wp-content\/uploads\/2024\/09\/cropped-Captura-de-tela-2024-09-08-011108.png","contentUrl":"https:\/\/portalraizesnoticias.com.br\/wp-content\/uploads\/2024\/09\/cropped-Captura-de-tela-2024-09-08-011108.png","width":606,"height":173,"caption":"Portal raizes NOTICIAS"},"image":{"@id":"https:\/\/portalraizesnoticias.com.br\/#\/schema\/logo\/image\/"}},{"@type":"Person","@id":"https:\/\/portalraizesnoticias.com.br\/#\/schema\/person\/a3ca6b0fc701e78df19756c417d943ae","name":"Portal Raizes","image":{"@type":"ImageObject","inLanguage":"pt-BR","@id":"https:\/\/portalraizesnoticias.com.br\/#\/schema\/person\/image\/","url":"https:\/\/secure.gravatar.com\/avatar\/ef450d29013a3d3fba867a12a249d7b1?s=96&d=mm&r=g","contentUrl":"https:\/\/secure.gravatar.com\/avatar\/ef450d29013a3d3fba867a12a249d7b1?s=96&d=mm&r=g","caption":"Portal Raizes"},"url":"https:\/\/portalraizesnoticias.com.br\/?author=3"}]}},"_links":{"self":[{"href":"https:\/\/portalraizesnoticias.com.br\/index.php?rest_route=\/wp\/v2\/posts\/12252"}],"collection":[{"href":"https:\/\/portalraizesnoticias.com.br\/index.php?rest_route=\/wp\/v2\/posts"}],"about":[{"href":"https:\/\/portalraizesnoticias.com.br\/index.php?rest_route=\/wp\/v2\/types\/post"}],"author":[{"embeddable":true,"href":"https:\/\/portalraizesnoticias.com.br\/index.php?rest_route=\/wp\/v2\/users\/3"}],"replies":[{"embeddable":true,"href":"https:\/\/portalraizesnoticias.com.br\/index.php?rest_route=%2Fwp%2Fv2%2Fcomments&post=12252"}],"version-history":[{"count":6,"href":"https:\/\/portalraizesnoticias.com.br\/index.php?rest_route=\/wp\/v2\/posts\/12252\/revisions"}],"predecessor-version":[{"id":12263,"href":"https:\/\/portalraizesnoticias.com.br\/index.php?rest_route=\/wp\/v2\/posts\/12252\/revisions\/12263"}],"wp:featuredmedia":[{"embeddable":true,"href":"https:\/\/portalraizesnoticias.com.br\/index.php?rest_route=\/wp\/v2\/media\/12257"}],"wp:attachment":[{"href":"https:\/\/portalraizesnoticias.com.br\/index.php?rest_route=%2Fwp%2Fv2%2Fmedia&parent=12252"}],"wp:term":[{"taxonomy":"category","embeddable":true,"href":"https:\/\/portalraizesnoticias.com.br\/index.php?rest_route=%2Fwp%2Fv2%2Fcategories&post=12252"},{"taxonomy":"post_tag","embeddable":true,"href":"https:\/\/portalraizesnoticias.com.br\/index.php?rest_route=%2Fwp%2Fv2%2Ftags&post=12252"}],"curies":[{"name":"wp","href":"https:\/\/api.w.org\/{rel}","templated":true}]}}