{"id":12162,"date":"2026-03-17T21:27:45","date_gmt":"2026-03-18T00:27:45","guid":{"rendered":"https:\/\/portalraizesnoticias.com.br\/?p=12162"},"modified":"2026-03-17T21:41:45","modified_gmt":"2026-03-18T00:41:45","slug":"urgente-pai-atira-no-proprio-filho-na-zona-rural-de-conceicao-do-coite-caso-e-tratado-como-possivel-legitima-defesa","status":"publish","type":"post","link":"https:\/\/portalraizesnoticias.com.br\/?p=12162","title":{"rendered":"URGENTE: Pai atira no pr\u00f3prio filho na zona rural de Concei\u00e7\u00e3o do Coit\u00e9; caso \u00e9 tratado como poss\u00edvel leg\u00edtima defesa"},"content":{"rendered":"<p>Um caso lament\u00e1vel que chocou a popula\u00e7\u00e3o de Concei\u00e7\u00e3o do Coit\u00e9 foi registrado na noite desta ter\u00e7a-feira (17), na localidade de Lagoa Cavada, na estrada de Aroeira, zona rural do munic\u00edpio.<\/p>\n<p>De acordo com informa\u00e7\u00f5es apuradas pelo Portal Ra\u00edzes, um pai atirou contra o pr\u00f3prio filho utilizando uma arma de fabrica\u00e7\u00e3o artesanal.<\/p>\n<p><img fetchpriority=\"high\" decoding=\"async\" class=\"size-medium wp-image-12176 aligncenter\" src=\"https:\/\/portalraizesnoticias.com.br\/wp-content\/uploads\/2026\/03\/IMG-20260317-WA0587-300x225.jpg\" alt=\"\" width=\"300\" height=\"225\" srcset=\"https:\/\/portalraizesnoticias.com.br\/wp-content\/uploads\/2026\/03\/IMG-20260317-WA0587-300x225.jpg 300w, https:\/\/portalraizesnoticias.com.br\/wp-content\/uploads\/2026\/03\/IMG-20260317-WA0587-1024x768.jpg 1024w, https:\/\/portalraizesnoticias.com.br\/wp-content\/uploads\/2026\/03\/IMG-20260317-WA0587-768x576.jpg 768w, https:\/\/portalraizesnoticias.com.br\/wp-content\/uploads\/2026\/03\/IMG-20260317-WA0587-1536x1152.jpg 1536w, https:\/\/portalraizesnoticias.com.br\/wp-content\/uploads\/2026\/03\/IMG-20260317-WA0587.jpg 1600w\" sizes=\"(max-width: 300px) 100vw, 300px\" \/><br \/>\nConforme levantamento do Portal Ra\u00edzes, o desentendimento entre os dois j\u00e1 vinha desde a noite anterior (16). Na ocasi\u00e3o, por volta das 21h10, o pr\u00f3prio pai, identificado pelas inicial N., acionou a Pol\u00edcia Militar.<\/p>\n<p>Ao chegarem ao local, os policiais foram informados pelo genitor do suspeito, J. V., de que n\u00e3o havia mais necessidade da presen\u00e7a da guarni\u00e7\u00e3o, sob a alega\u00e7\u00e3o de que a situa\u00e7\u00e3o j\u00e1 havia sido resolvida e que o filho n\u00e3o se encontrava mais na resid\u00eancia. Ainda segundo o relato inicial, havia a suspeita de que o jovem estivesse portando uma arma de fogo do tipo espingarda.<\/p>\n<p>Vale ressaltar que, na ocorr\u00eancia do dia anterior, os pr\u00f3prios policiais tentaram intervir e solicitaram autoriza\u00e7\u00e3o para verificar se havia, de fato, uma arma dentro da resid\u00eancia. No entanto, o pedido n\u00e3o foi atendido, e, sem o consentimento do morador ou ind\u00edcios que justificassem a entrada for\u00e7ada, a guarni\u00e7\u00e3o n\u00e3o p\u00f4de realizar a averigua\u00e7\u00e3o.<\/p>\n<p>Diante das informa\u00e7\u00f5es, a guarni\u00e7\u00e3o orientou o solicitante a registrar ocorr\u00eancia na Delegacia de Pol\u00edcia, caso julgasse necess\u00e1rio, e retornou ao patrulhamento de rotina.<\/p>\n<p>J\u00e1 na noite desta ter\u00e7a-feira (17), a situa\u00e7\u00e3o evoluiu de forma grave, culminando no disparo efetuado pelo pai contra o filho.<\/p>\n<p><strong>Conforme o coordenador do \u00c1guia Resgate, Gildo Carneiro, o rapaz foi atingido no pesco\u00e7o e no t\u00f3rax. Devido \u00e0 gravidade dos ferimentos, foi necess\u00e1rio acionar outra ambul\u00e2ncia de suporte avan\u00e7ado para uma unidade hospitalar.<\/strong><\/p>\n<p><img decoding=\"async\" class=\"size-medium wp-image-12175 aligncenter\" src=\"https:\/\/portalraizesnoticias.com.br\/wp-content\/uploads\/2026\/03\/IMG-20260317-WA0589-300x225.jpg\" alt=\"\" width=\"300\" height=\"225\" srcset=\"https:\/\/portalraizesnoticias.com.br\/wp-content\/uploads\/2026\/03\/IMG-20260317-WA0589-300x225.jpg 300w, https:\/\/portalraizesnoticias.com.br\/wp-content\/uploads\/2026\/03\/IMG-20260317-WA0589-1024x768.jpg 1024w, https:\/\/portalraizesnoticias.com.br\/wp-content\/uploads\/2026\/03\/IMG-20260317-WA0589-768x576.jpg 768w, https:\/\/portalraizesnoticias.com.br\/wp-content\/uploads\/2026\/03\/IMG-20260317-WA0589-1536x1152.jpg 1536w, https:\/\/portalraizesnoticias.com.br\/wp-content\/uploads\/2026\/03\/IMG-20260317-WA0589.jpg 1600w\" sizes=\"(max-width: 300px) 100vw, 300px\" \/><\/p>\n<p><strong>Ainda conforme relatos de testemunhas, o pai teria efetuado o disparo em suposta leg\u00edtima defesa, ap\u00f3s ser informado de que o filho estaria armado com uma espingarda, \u00e0 espera do outro irm\u00e3o, com a inten\u00e7\u00e3o de atingi-lo.<\/strong><\/p>\n<p>A Pol\u00edcia Militar permanece no local, e o caso deve ser investigado pela Pol\u00edcia Civil<\/p>\n<p>Reda\u00e7\u00e3o<\/p>\n","protected":false},"excerpt":{"rendered":"<p>Um caso lament\u00e1vel que chocou a popula\u00e7\u00e3o de Concei\u00e7\u00e3o do Coit\u00e9 foi registrado na noite desta ter\u00e7a-feira (17), na localidade de Lagoa Cavada, na estrada de Aroeira, zona rural do munic\u00edpio. De acordo com informa\u00e7\u00f5es apuradas pelo Portal Ra\u00edzes, um pai atirou contra o pr\u00f3prio filho utilizando uma arma de fabrica\u00e7\u00e3o artesanal. Conforme levantamento do Portal Ra\u00edzes, o desentendimento entre os dois j\u00e1 vinha desde a noite anterior (16). Na ocasi\u00e3o, por volta das 21h10, o pr\u00f3prio pai, identificado pelas inicial N., acionou a Pol\u00edcia Militar. Ao chegarem ao local, os policiais foram informados pelo genitor do suspeito, J. V., de que n\u00e3o havia mais necessidade da presen\u00e7a da guarni\u00e7\u00e3o, sob a alega\u00e7\u00e3o de que a situa\u00e7\u00e3o j\u00e1 havia sido resolvida e que o filho n\u00e3o se encontrava mais na resid\u00eancia. Ainda segundo o relato inicial, havia a suspeita de que o jovem estivesse portando uma arma de fogo do tipo espingarda. Vale ressaltar que, na ocorr\u00eancia do dia anterior, os pr\u00f3prios policiais tentaram intervir e solicitaram autoriza\u00e7\u00e3o para verificar se havia, de fato, uma arma dentro da resid\u00eancia. No entanto, o pedido n\u00e3o foi atendido, e, sem o consentimento do morador ou ind\u00edcios que justificassem a entrada for\u00e7ada, a guarni\u00e7\u00e3o n\u00e3o p\u00f4de realizar a averigua\u00e7\u00e3o. Diante das informa\u00e7\u00f5es, a guarni\u00e7\u00e3o orientou o solicitante a registrar ocorr\u00eancia na Delegacia de Pol\u00edcia, caso julgasse necess\u00e1rio, e retornou ao patrulhamento de rotina. J\u00e1 na noite desta ter\u00e7a-feira (17), a situa\u00e7\u00e3o evoluiu de forma grave, culminando no disparo efetuado pelo pai contra o filho. Conforme o coordenador do \u00c1guia Resgate, Gildo Carneiro, o rapaz foi atingido no pesco\u00e7o e no t\u00f3rax. Devido \u00e0 gravidade dos ferimentos, foi necess\u00e1rio acionar outra ambul\u00e2ncia de suporte avan\u00e7ado para uma unidade hospitalar. Ainda conforme relatos de testemunhas, o pai teria efetuado o disparo em suposta leg\u00edtima defesa, ap\u00f3s ser informado de que o filho estaria armado com uma espingarda, \u00e0 espera do outro irm\u00e3o, com a inten\u00e7\u00e3o de atingi-lo. A Pol\u00edcia Militar permanece no local, e o caso deve ser investigado pela Pol\u00edcia Civil Reda\u00e7\u00e3o<\/p>\n","protected":false},"author":3,"featured_media":12168,"comment_status":"open","ping_status":"open","sticky":false,"template":"","format":"standard","meta":{"_joinchat":[],"footnotes":""},"categories":[55,67,59],"tags":[],"class_list":["post-12162","post","type-post","status-publish","format-standard","has-post-thumbnail","hentry","category-destaques","category-policia","category-ultimas-noticias"],"yoast_head":"<!-- This site is optimized with the Yoast SEO plugin v24.4 - https:\/\/yoast.com\/wordpress\/plugins\/seo\/ -->\n<title>URGENTE: Pai atira no pr\u00f3prio filho na zona rural de Concei\u00e7\u00e3o do Coit\u00e9; caso \u00e9 tratado como poss\u00edvel leg\u00edtima defesa - Portal raizes noticias<\/title>\n<meta name=\"robots\" content=\"index, follow, max-snippet:-1, max-image-preview:large, max-video-preview:-1\" \/>\n<link rel=\"canonical\" href=\"https:\/\/portalraizesnoticias.com.br\/?p=12162\" \/>\n<meta property=\"og:locale\" content=\"pt_BR\" \/>\n<meta property=\"og:type\" content=\"article\" \/>\n<meta property=\"og:title\" content=\"URGENTE: Pai atira no pr\u00f3prio filho na zona rural de Concei\u00e7\u00e3o do Coit\u00e9; caso \u00e9 tratado como poss\u00edvel leg\u00edtima defesa - Portal raizes noticias\" \/>\n<meta property=\"og:description\" content=\"Um caso lament\u00e1vel que chocou a popula\u00e7\u00e3o de Concei\u00e7\u00e3o do Coit\u00e9 foi registrado na noite desta ter\u00e7a-feira (17), na localidade de Lagoa Cavada, na estrada de Aroeira, zona rural do munic\u00edpio. De acordo com informa\u00e7\u00f5es apuradas pelo Portal Ra\u00edzes, um pai atirou contra o pr\u00f3prio filho utilizando uma arma de fabrica\u00e7\u00e3o artesanal. Conforme levantamento do Portal Ra\u00edzes, o desentendimento entre os dois j\u00e1 vinha desde a noite anterior (16). Na ocasi\u00e3o, por volta das 21h10, o pr\u00f3prio pai, identificado pelas inicial N., acionou a Pol\u00edcia Militar. Ao chegarem ao local, os policiais foram informados pelo genitor do suspeito, J. V., de que n\u00e3o havia mais necessidade da presen\u00e7a da guarni\u00e7\u00e3o, sob a alega\u00e7\u00e3o de que a situa\u00e7\u00e3o j\u00e1 havia sido resolvida e que o filho n\u00e3o se encontrava mais na resid\u00eancia. Ainda segundo o relato inicial, havia a suspeita de que o jovem estivesse portando uma arma de fogo do tipo espingarda. Vale ressaltar que, na ocorr\u00eancia do dia anterior, os pr\u00f3prios policiais tentaram intervir e solicitaram autoriza\u00e7\u00e3o para verificar se havia, de fato, uma arma dentro da resid\u00eancia. No entanto, o pedido n\u00e3o foi atendido, e, sem o consentimento do morador ou ind\u00edcios que justificassem a entrada for\u00e7ada, a guarni\u00e7\u00e3o n\u00e3o p\u00f4de realizar a averigua\u00e7\u00e3o. Diante das informa\u00e7\u00f5es, a guarni\u00e7\u00e3o orientou o solicitante a registrar ocorr\u00eancia na Delegacia de Pol\u00edcia, caso julgasse necess\u00e1rio, e retornou ao patrulhamento de rotina. J\u00e1 na noite desta ter\u00e7a-feira (17), a situa\u00e7\u00e3o evoluiu de forma grave, culminando no disparo efetuado pelo pai contra o filho. Conforme o coordenador do \u00c1guia Resgate, Gildo Carneiro, o rapaz foi atingido no pesco\u00e7o e no t\u00f3rax. Devido \u00e0 gravidade dos ferimentos, foi necess\u00e1rio acionar outra ambul\u00e2ncia de suporte avan\u00e7ado para uma unidade hospitalar. Ainda conforme relatos de testemunhas, o pai teria efetuado o disparo em suposta leg\u00edtima defesa, ap\u00f3s ser informado de que o filho estaria armado com uma espingarda, \u00e0 espera do outro irm\u00e3o, com a inten\u00e7\u00e3o de atingi-lo. A Pol\u00edcia Militar permanece no local, e o caso deve ser investigado pela Pol\u00edcia Civil Reda\u00e7\u00e3o\" \/>\n<meta property=\"og:url\" content=\"https:\/\/portalraizesnoticias.com.br\/?p=12162\" \/>\n<meta property=\"og:site_name\" content=\"Portal raizes noticias\" \/>\n<meta property=\"article:published_time\" content=\"2026-03-18T00:27:45+00:00\" \/>\n<meta property=\"article:modified_time\" content=\"2026-03-18T00:41:45+00:00\" \/>\n<meta property=\"og:image\" content=\"https:\/\/portalraizesnoticias.com.br\/wp-content\/uploads\/2026\/03\/IMG-20260317-WA0606.jpg\" \/>\n\t<meta property=\"og:image:width\" content=\"997\" \/>\n\t<meta property=\"og:image:height\" content=\"1600\" \/>\n\t<meta property=\"og:image:type\" content=\"image\/jpeg\" \/>\n<meta name=\"author\" content=\"Portal Raizes\" \/>\n<meta name=\"twitter:card\" content=\"summary_large_image\" \/>\n<meta name=\"twitter:label1\" content=\"Escrito por\" \/>\n\t<meta name=\"twitter:data1\" content=\"Portal Raizes\" \/>\n\t<meta name=\"twitter:label2\" content=\"Est. tempo de leitura\" \/>\n\t<meta name=\"twitter:data2\" content=\"3 minutos\" \/>\n<script type=\"application\/ld+json\" class=\"yoast-schema-graph\">{\"@context\":\"https:\/\/schema.org\",\"@graph\":[{\"@type\":\"Article\",\"@id\":\"https:\/\/portalraizesnoticias.com.br\/?p=12162#article\",\"isPartOf\":{\"@id\":\"https:\/\/portalraizesnoticias.com.br\/?p=12162\"},\"author\":{\"name\":\"Portal Raizes\",\"@id\":\"https:\/\/portalraizesnoticias.com.br\/#\/schema\/person\/a3ca6b0fc701e78df19756c417d943ae\"},\"headline\":\"URGENTE: Pai atira no pr\u00f3prio filho na zona rural de Concei\u00e7\u00e3o do Coit\u00e9; caso \u00e9 tratado como poss\u00edvel leg\u00edtima defesa\",\"datePublished\":\"2026-03-18T00:27:45+00:00\",\"dateModified\":\"2026-03-18T00:41:45+00:00\",\"mainEntityOfPage\":{\"@id\":\"https:\/\/portalraizesnoticias.com.br\/?p=12162\"},\"wordCount\":406,\"commentCount\":0,\"publisher\":{\"@id\":\"https:\/\/portalraizesnoticias.com.br\/#organization\"},\"image\":{\"@id\":\"https:\/\/portalraizesnoticias.com.br\/?p=12162#primaryimage\"},\"thumbnailUrl\":\"https:\/\/portalraizesnoticias.com.br\/wp-content\/uploads\/2026\/03\/IMG-20260317-WA0606.jpg\",\"articleSection\":[\"DESTAQUES\",\"POLICIA\",\"ULTIMAS NOTICIAS\"],\"inLanguage\":\"pt-BR\",\"potentialAction\":[{\"@type\":\"CommentAction\",\"name\":\"Comment\",\"target\":[\"https:\/\/portalraizesnoticias.com.br\/?p=12162#respond\"]}]},{\"@type\":\"WebPage\",\"@id\":\"https:\/\/portalraizesnoticias.com.br\/?p=12162\",\"url\":\"https:\/\/portalraizesnoticias.com.br\/?p=12162\",\"name\":\"URGENTE: Pai atira no pr\u00f3prio filho na zona rural de Concei\u00e7\u00e3o do Coit\u00e9; caso \u00e9 tratado como poss\u00edvel leg\u00edtima defesa - Portal raizes noticias\",\"isPartOf\":{\"@id\":\"https:\/\/portalraizesnoticias.com.br\/#website\"},\"primaryImageOfPage\":{\"@id\":\"https:\/\/portalraizesnoticias.com.br\/?p=12162#primaryimage\"},\"image\":{\"@id\":\"https:\/\/portalraizesnoticias.com.br\/?p=12162#primaryimage\"},\"thumbnailUrl\":\"https:\/\/portalraizesnoticias.com.br\/wp-content\/uploads\/2026\/03\/IMG-20260317-WA0606.jpg\",\"datePublished\":\"2026-03-18T00:27:45+00:00\",\"dateModified\":\"2026-03-18T00:41:45+00:00\",\"breadcrumb\":{\"@id\":\"https:\/\/portalraizesnoticias.com.br\/?p=12162#breadcrumb\"},\"inLanguage\":\"pt-BR\",\"potentialAction\":[{\"@type\":\"ReadAction\",\"target\":[\"https:\/\/portalraizesnoticias.com.br\/?p=12162\"]}]},{\"@type\":\"ImageObject\",\"inLanguage\":\"pt-BR\",\"@id\":\"https:\/\/portalraizesnoticias.com.br\/?p=12162#primaryimage\",\"url\":\"https:\/\/portalraizesnoticias.com.br\/wp-content\/uploads\/2026\/03\/IMG-20260317-WA0606.jpg\",\"contentUrl\":\"https:\/\/portalraizesnoticias.com.br\/wp-content\/uploads\/2026\/03\/IMG-20260317-WA0606.jpg\",\"width\":997,\"height\":1600},{\"@type\":\"BreadcrumbList\",\"@id\":\"https:\/\/portalraizesnoticias.com.br\/?p=12162#breadcrumb\",\"itemListElement\":[{\"@type\":\"ListItem\",\"position\":1,\"name\":\"In\u00edcio\",\"item\":\"https:\/\/portalraizesnoticias.com.br\/\"},{\"@type\":\"ListItem\",\"position\":2,\"name\":\"URGENTE: Pai atira no pr\u00f3prio filho na zona rural de Concei\u00e7\u00e3o do Coit\u00e9; caso \u00e9 tratado como poss\u00edvel leg\u00edtima defesa\"}]},{\"@type\":\"WebSite\",\"@id\":\"https:\/\/portalraizesnoticias.com.br\/#website\",\"url\":\"https:\/\/portalraizesnoticias.com.br\/\",\"name\":\"Portal raizes NOTICIAS\",\"description\":\"site de noticias de concei\u00e7\u00e3o do coit\u00e9 e regi\u00e3o\",\"publisher\":{\"@id\":\"https:\/\/portalraizesnoticias.com.br\/#organization\"},\"alternateName\":\"PORTAL RAIZES COIT\u00c9\",\"potentialAction\":[{\"@type\":\"SearchAction\",\"target\":{\"@type\":\"EntryPoint\",\"urlTemplate\":\"https:\/\/portalraizesnoticias.com.br\/?s={search_term_string}\"},\"query-input\":{\"@type\":\"PropertyValueSpecification\",\"valueRequired\":true,\"valueName\":\"search_term_string\"}}],\"inLanguage\":\"pt-BR\"},{\"@type\":\"Organization\",\"@id\":\"https:\/\/portalraizesnoticias.com.br\/#organization\",\"name\":\"Portal raizes NOTICIAS\",\"url\":\"https:\/\/portalraizesnoticias.com.br\/\",\"logo\":{\"@type\":\"ImageObject\",\"inLanguage\":\"pt-BR\",\"@id\":\"https:\/\/portalraizesnoticias.com.br\/#\/schema\/logo\/image\/\",\"url\":\"https:\/\/portalraizesnoticias.com.br\/wp-content\/uploads\/2024\/09\/cropped-Captura-de-tela-2024-09-08-011108.png\",\"contentUrl\":\"https:\/\/portalraizesnoticias.com.br\/wp-content\/uploads\/2024\/09\/cropped-Captura-de-tela-2024-09-08-011108.png\",\"width\":606,\"height\":173,\"caption\":\"Portal raizes NOTICIAS\"},\"image\":{\"@id\":\"https:\/\/portalraizesnoticias.com.br\/#\/schema\/logo\/image\/\"}},{\"@type\":\"Person\",\"@id\":\"https:\/\/portalraizesnoticias.com.br\/#\/schema\/person\/a3ca6b0fc701e78df19756c417d943ae\",\"name\":\"Portal Raizes\",\"image\":{\"@type\":\"ImageObject\",\"inLanguage\":\"pt-BR\",\"@id\":\"https:\/\/portalraizesnoticias.com.br\/#\/schema\/person\/image\/\",\"url\":\"https:\/\/secure.gravatar.com\/avatar\/ef450d29013a3d3fba867a12a249d7b1?s=96&d=mm&r=g\",\"contentUrl\":\"https:\/\/secure.gravatar.com\/avatar\/ef450d29013a3d3fba867a12a249d7b1?s=96&d=mm&r=g\",\"caption\":\"Portal Raizes\"},\"url\":\"https:\/\/portalraizesnoticias.com.br\/?author=3\"}]}<\/script>\n<!-- \/ Yoast SEO plugin. -->","yoast_head_json":{"title":"URGENTE: Pai atira no pr\u00f3prio filho na zona rural de Concei\u00e7\u00e3o do Coit\u00e9; caso \u00e9 tratado como poss\u00edvel leg\u00edtima defesa - Portal raizes noticias","robots":{"index":"index","follow":"follow","max-snippet":"max-snippet:-1","max-image-preview":"max-image-preview:large","max-video-preview":"max-video-preview:-1"},"canonical":"https:\/\/portalraizesnoticias.com.br\/?p=12162","og_locale":"pt_BR","og_type":"article","og_title":"URGENTE: Pai atira no pr\u00f3prio filho na zona rural de Concei\u00e7\u00e3o do Coit\u00e9; caso \u00e9 tratado como poss\u00edvel leg\u00edtima defesa - Portal raizes noticias","og_description":"Um caso lament\u00e1vel que chocou a popula\u00e7\u00e3o de Concei\u00e7\u00e3o do Coit\u00e9 foi registrado na noite desta ter\u00e7a-feira (17), na localidade de Lagoa Cavada, na estrada de Aroeira, zona rural do munic\u00edpio. De acordo com informa\u00e7\u00f5es apuradas pelo Portal Ra\u00edzes, um pai atirou contra o pr\u00f3prio filho utilizando uma arma de fabrica\u00e7\u00e3o artesanal. Conforme levantamento do Portal Ra\u00edzes, o desentendimento entre os dois j\u00e1 vinha desde a noite anterior (16). Na ocasi\u00e3o, por volta das 21h10, o pr\u00f3prio pai, identificado pelas inicial N., acionou a Pol\u00edcia Militar. Ao chegarem ao local, os policiais foram informados pelo genitor do suspeito, J. V., de que n\u00e3o havia mais necessidade da presen\u00e7a da guarni\u00e7\u00e3o, sob a alega\u00e7\u00e3o de que a situa\u00e7\u00e3o j\u00e1 havia sido resolvida e que o filho n\u00e3o se encontrava mais na resid\u00eancia. Ainda segundo o relato inicial, havia a suspeita de que o jovem estivesse portando uma arma de fogo do tipo espingarda. Vale ressaltar que, na ocorr\u00eancia do dia anterior, os pr\u00f3prios policiais tentaram intervir e solicitaram autoriza\u00e7\u00e3o para verificar se havia, de fato, uma arma dentro da resid\u00eancia. No entanto, o pedido n\u00e3o foi atendido, e, sem o consentimento do morador ou ind\u00edcios que justificassem a entrada for\u00e7ada, a guarni\u00e7\u00e3o n\u00e3o p\u00f4de realizar a averigua\u00e7\u00e3o. Diante das informa\u00e7\u00f5es, a guarni\u00e7\u00e3o orientou o solicitante a registrar ocorr\u00eancia na Delegacia de Pol\u00edcia, caso julgasse necess\u00e1rio, e retornou ao patrulhamento de rotina. J\u00e1 na noite desta ter\u00e7a-feira (17), a situa\u00e7\u00e3o evoluiu de forma grave, culminando no disparo efetuado pelo pai contra o filho. Conforme o coordenador do \u00c1guia Resgate, Gildo Carneiro, o rapaz foi atingido no pesco\u00e7o e no t\u00f3rax. Devido \u00e0 gravidade dos ferimentos, foi necess\u00e1rio acionar outra ambul\u00e2ncia de suporte avan\u00e7ado para uma unidade hospitalar. Ainda conforme relatos de testemunhas, o pai teria efetuado o disparo em suposta leg\u00edtima defesa, ap\u00f3s ser informado de que o filho estaria armado com uma espingarda, \u00e0 espera do outro irm\u00e3o, com a inten\u00e7\u00e3o de atingi-lo. A Pol\u00edcia Militar permanece no local, e o caso deve ser investigado pela Pol\u00edcia Civil Reda\u00e7\u00e3o","og_url":"https:\/\/portalraizesnoticias.com.br\/?p=12162","og_site_name":"Portal raizes noticias","article_published_time":"2026-03-18T00:27:45+00:00","article_modified_time":"2026-03-18T00:41:45+00:00","og_image":[{"width":997,"height":1600,"url":"https:\/\/portalraizesnoticias.com.br\/wp-content\/uploads\/2026\/03\/IMG-20260317-WA0606.jpg","type":"image\/jpeg"}],"author":"Portal Raizes","twitter_card":"summary_large_image","twitter_misc":{"Escrito por":"Portal Raizes","Est. tempo de leitura":"3 minutos"},"schema":{"@context":"https:\/\/schema.org","@graph":[{"@type":"Article","@id":"https:\/\/portalraizesnoticias.com.br\/?p=12162#article","isPartOf":{"@id":"https:\/\/portalraizesnoticias.com.br\/?p=12162"},"author":{"name":"Portal Raizes","@id":"https:\/\/portalraizesnoticias.com.br\/#\/schema\/person\/a3ca6b0fc701e78df19756c417d943ae"},"headline":"URGENTE: Pai atira no pr\u00f3prio filho na zona rural de Concei\u00e7\u00e3o do Coit\u00e9; caso \u00e9 tratado como poss\u00edvel leg\u00edtima defesa","datePublished":"2026-03-18T00:27:45+00:00","dateModified":"2026-03-18T00:41:45+00:00","mainEntityOfPage":{"@id":"https:\/\/portalraizesnoticias.com.br\/?p=12162"},"wordCount":406,"commentCount":0,"publisher":{"@id":"https:\/\/portalraizesnoticias.com.br\/#organization"},"image":{"@id":"https:\/\/portalraizesnoticias.com.br\/?p=12162#primaryimage"},"thumbnailUrl":"https:\/\/portalraizesnoticias.com.br\/wp-content\/uploads\/2026\/03\/IMG-20260317-WA0606.jpg","articleSection":["DESTAQUES","POLICIA","ULTIMAS NOTICIAS"],"inLanguage":"pt-BR","potentialAction":[{"@type":"CommentAction","name":"Comment","target":["https:\/\/portalraizesnoticias.com.br\/?p=12162#respond"]}]},{"@type":"WebPage","@id":"https:\/\/portalraizesnoticias.com.br\/?p=12162","url":"https:\/\/portalraizesnoticias.com.br\/?p=12162","name":"URGENTE: Pai atira no pr\u00f3prio filho na zona rural de Concei\u00e7\u00e3o do Coit\u00e9; caso \u00e9 tratado como poss\u00edvel leg\u00edtima defesa - Portal raizes noticias","isPartOf":{"@id":"https:\/\/portalraizesnoticias.com.br\/#website"},"primaryImageOfPage":{"@id":"https:\/\/portalraizesnoticias.com.br\/?p=12162#primaryimage"},"image":{"@id":"https:\/\/portalraizesnoticias.com.br\/?p=12162#primaryimage"},"thumbnailUrl":"https:\/\/portalraizesnoticias.com.br\/wp-content\/uploads\/2026\/03\/IMG-20260317-WA0606.jpg","datePublished":"2026-03-18T00:27:45+00:00","dateModified":"2026-03-18T00:41:45+00:00","breadcrumb":{"@id":"https:\/\/portalraizesnoticias.com.br\/?p=12162#breadcrumb"},"inLanguage":"pt-BR","potentialAction":[{"@type":"ReadAction","target":["https:\/\/portalraizesnoticias.com.br\/?p=12162"]}]},{"@type":"ImageObject","inLanguage":"pt-BR","@id":"https:\/\/portalraizesnoticias.com.br\/?p=12162#primaryimage","url":"https:\/\/portalraizesnoticias.com.br\/wp-content\/uploads\/2026\/03\/IMG-20260317-WA0606.jpg","contentUrl":"https:\/\/portalraizesnoticias.com.br\/wp-content\/uploads\/2026\/03\/IMG-20260317-WA0606.jpg","width":997,"height":1600},{"@type":"BreadcrumbList","@id":"https:\/\/portalraizesnoticias.com.br\/?p=12162#breadcrumb","itemListElement":[{"@type":"ListItem","position":1,"name":"In\u00edcio","item":"https:\/\/portalraizesnoticias.com.br\/"},{"@type":"ListItem","position":2,"name":"URGENTE: Pai atira no pr\u00f3prio filho na zona rural de Concei\u00e7\u00e3o do Coit\u00e9; caso \u00e9 tratado como poss\u00edvel leg\u00edtima defesa"}]},{"@type":"WebSite","@id":"https:\/\/portalraizesnoticias.com.br\/#website","url":"https:\/\/portalraizesnoticias.com.br\/","name":"Portal raizes NOTICIAS","description":"site de noticias de concei\u00e7\u00e3o do coit\u00e9 e regi\u00e3o","publisher":{"@id":"https:\/\/portalraizesnoticias.com.br\/#organization"},"alternateName":"PORTAL RAIZES COIT\u00c9","potentialAction":[{"@type":"SearchAction","target":{"@type":"EntryPoint","urlTemplate":"https:\/\/portalraizesnoticias.com.br\/?s={search_term_string}"},"query-input":{"@type":"PropertyValueSpecification","valueRequired":true,"valueName":"search_term_string"}}],"inLanguage":"pt-BR"},{"@type":"Organization","@id":"https:\/\/portalraizesnoticias.com.br\/#organization","name":"Portal raizes NOTICIAS","url":"https:\/\/portalraizesnoticias.com.br\/","logo":{"@type":"ImageObject","inLanguage":"pt-BR","@id":"https:\/\/portalraizesnoticias.com.br\/#\/schema\/logo\/image\/","url":"https:\/\/portalraizesnoticias.com.br\/wp-content\/uploads\/2024\/09\/cropped-Captura-de-tela-2024-09-08-011108.png","contentUrl":"https:\/\/portalraizesnoticias.com.br\/wp-content\/uploads\/2024\/09\/cropped-Captura-de-tela-2024-09-08-011108.png","width":606,"height":173,"caption":"Portal raizes NOTICIAS"},"image":{"@id":"https:\/\/portalraizesnoticias.com.br\/#\/schema\/logo\/image\/"}},{"@type":"Person","@id":"https:\/\/portalraizesnoticias.com.br\/#\/schema\/person\/a3ca6b0fc701e78df19756c417d943ae","name":"Portal Raizes","image":{"@type":"ImageObject","inLanguage":"pt-BR","@id":"https:\/\/portalraizesnoticias.com.br\/#\/schema\/person\/image\/","url":"https:\/\/secure.gravatar.com\/avatar\/ef450d29013a3d3fba867a12a249d7b1?s=96&d=mm&r=g","contentUrl":"https:\/\/secure.gravatar.com\/avatar\/ef450d29013a3d3fba867a12a249d7b1?s=96&d=mm&r=g","caption":"Portal Raizes"},"url":"https:\/\/portalraizesnoticias.com.br\/?author=3"}]}},"_links":{"self":[{"href":"https:\/\/portalraizesnoticias.com.br\/index.php?rest_route=\/wp\/v2\/posts\/12162"}],"collection":[{"href":"https:\/\/portalraizesnoticias.com.br\/index.php?rest_route=\/wp\/v2\/posts"}],"about":[{"href":"https:\/\/portalraizesnoticias.com.br\/index.php?rest_route=\/wp\/v2\/types\/post"}],"author":[{"embeddable":true,"href":"https:\/\/portalraizesnoticias.com.br\/index.php?rest_route=\/wp\/v2\/users\/3"}],"replies":[{"embeddable":true,"href":"https:\/\/portalraizesnoticias.com.br\/index.php?rest_route=%2Fwp%2Fv2%2Fcomments&post=12162"}],"version-history":[{"count":12,"href":"https:\/\/portalraizesnoticias.com.br\/index.php?rest_route=\/wp\/v2\/posts\/12162\/revisions"}],"predecessor-version":[{"id":12179,"href":"https:\/\/portalraizesnoticias.com.br\/index.php?rest_route=\/wp\/v2\/posts\/12162\/revisions\/12179"}],"wp:featuredmedia":[{"embeddable":true,"href":"https:\/\/portalraizesnoticias.com.br\/index.php?rest_route=\/wp\/v2\/media\/12168"}],"wp:attachment":[{"href":"https:\/\/portalraizesnoticias.com.br\/index.php?rest_route=%2Fwp%2Fv2%2Fmedia&parent=12162"}],"wp:term":[{"taxonomy":"category","embeddable":true,"href":"https:\/\/portalraizesnoticias.com.br\/index.php?rest_route=%2Fwp%2Fv2%2Fcategories&post=12162"},{"taxonomy":"post_tag","embeddable":true,"href":"https:\/\/portalraizesnoticias.com.br\/index.php?rest_route=%2Fwp%2Fv2%2Ftags&post=12162"}],"curies":[{"name":"wp","href":"https:\/\/api.w.org\/{rel}","templated":true}]}}