{"id":12141,"date":"2026-03-17T13:40:44","date_gmt":"2026-03-17T16:40:44","guid":{"rendered":"https:\/\/portalraizesnoticias.com.br\/?p=12141"},"modified":"2026-03-17T13:40:45","modified_gmt":"2026-03-17T16:40:45","slug":"jeronimo-rodrigues-cumpre-agenda-em-conceicao-do-coite-na-proxima-sexta","status":"publish","type":"post","link":"https:\/\/portalraizesnoticias.com.br\/?p=12141","title":{"rendered":"Jer\u00f4nimo Rodrigues cumpre agenda em Concei\u00e7\u00e3o do Coit\u00e9 na pr\u00f3xima sexta"},"content":{"rendered":"<p>O site Calila Not\u00edcias parceiro do Portal Ra\u00edzes teve acesso \u00e0 agenda do governador Jer\u00f4nimo Rodrigues para a pr\u00f3xima sexta-feira e s\u00e1bado, dias 20 e 21 de mar\u00e7o. Em dois dias, ele estar\u00e1 presente em cidades de tr\u00eas territ\u00f3rios de identidade: Sisal, Bacia do Jacu\u00edpe e Semi\u00e1rido Nordeste II.<\/p>\n<p>O primeiro compromisso ser\u00e1 em Concei\u00e7\u00e3o do Coit\u00e9, no territ\u00f3rio do Sisal, \u00e0s 08h de sexta-feira (20). At\u00e9 o momento, n\u00e3o h\u00e1 informa\u00e7\u00e3o oficial sobre o evento. No entanto, a grande expectativa \u00e9 de que seja para a assinatura da ordem de servi\u00e7o para o in\u00edcio imediato da obra de asfaltamento do trecho de aproximadamente 12 km, ligando a sede de Concei\u00e7\u00e3o do Coit\u00e9 ao distrito Juazeirinho. Na semana passada, o deputado Alex da Piat\u00e3 anunciou que a assinatura deveria ocorrer no dia 20, o que refor\u00e7a a possibilidade de ser este o principal motivo da agenda do chefe do Executivo baiano.<\/p>\n<p>Ap\u00f3s cumprir agenda em Coit\u00e9, ainda na sexta-feira, o governador segue para o territ\u00f3rio Semi\u00e1rido Nordeste II, com compromissos nas cidades de Ribeira do Amparo, \u00e0s 10h; Caldas de Cip\u00f3, \u00e0s 12h; e Ribeira do Pombal, \u00e0s 14h. O \u00faltimo compromisso do dia ser\u00e1 novamente no territ\u00f3rio do Sisal, mais precisamente na cidade de Tucano, \u00e0s 16h. Assim como em Coit\u00e9, ainda n\u00e3o h\u00e1 informa\u00e7\u00f5es oficiais sobre os eventos que o governador ir\u00e1 participar.<\/p>\n<p>No s\u00e1bado, a partir das 08h30, o governador estar\u00e1 em Capela do Alto Alegre, no territ\u00f3rio Bacia do Jacu\u00edpe, onde ir\u00e1 inaugurar a Unidade Integrada de Delegacia de Pol\u00edcia (DT\/PC) e o Pelot\u00e3o da Pol\u00edcia Militar, al\u00e9m da moderniza\u00e7\u00e3o do Col\u00e9gio Estadual de Tempo Integral Professora Zenilda Fernandes dos Santos Farias.<\/p>\n<p>Informa\u00e7\u00f5es Calila Noticias<\/p>\n","protected":false},"excerpt":{"rendered":"<p>O site Calila Not\u00edcias parceiro do Portal Ra\u00edzes teve acesso \u00e0 agenda do governador Jer\u00f4nimo Rodrigues para a pr\u00f3xima sexta-feira e s\u00e1bado, dias 20 e 21 de mar\u00e7o. Em dois dias, ele estar\u00e1 presente em cidades de tr\u00eas territ\u00f3rios de identidade: Sisal, Bacia do Jacu\u00edpe e Semi\u00e1rido Nordeste II. O primeiro compromisso ser\u00e1 em Concei\u00e7\u00e3o do Coit\u00e9, no territ\u00f3rio do Sisal, \u00e0s 08h de sexta-feira (20). At\u00e9 o momento, n\u00e3o h\u00e1 informa\u00e7\u00e3o oficial sobre o evento. No entanto, a grande expectativa \u00e9 de que seja para a assinatura da ordem de servi\u00e7o para o in\u00edcio imediato da obra de asfaltamento do trecho de aproximadamente 12 km, ligando a sede de Concei\u00e7\u00e3o do Coit\u00e9 ao distrito Juazeirinho. Na semana passada, o deputado Alex da Piat\u00e3 anunciou que a assinatura deveria ocorrer no dia 20, o que refor\u00e7a a possibilidade de ser este o principal motivo da agenda do chefe do Executivo baiano. Ap\u00f3s cumprir agenda em Coit\u00e9, ainda na sexta-feira, o governador segue para o territ\u00f3rio Semi\u00e1rido Nordeste II, com compromissos nas cidades de Ribeira do Amparo, \u00e0s 10h; Caldas de Cip\u00f3, \u00e0s 12h; e Ribeira do Pombal, \u00e0s 14h. O \u00faltimo compromisso do dia ser\u00e1 novamente no territ\u00f3rio do Sisal, mais precisamente na cidade de Tucano, \u00e0s 16h. Assim como em Coit\u00e9, ainda n\u00e3o h\u00e1 informa\u00e7\u00f5es oficiais sobre os eventos que o governador ir\u00e1 participar. No s\u00e1bado, a partir das 08h30, o governador estar\u00e1 em Capela do Alto Alegre, no territ\u00f3rio Bacia do Jacu\u00edpe, onde ir\u00e1 inaugurar a Unidade Integrada de Delegacia de Pol\u00edcia (DT\/PC) e o Pelot\u00e3o da Pol\u00edcia Militar, al\u00e9m da moderniza\u00e7\u00e3o do Col\u00e9gio Estadual de Tempo Integral Professora Zenilda Fernandes dos Santos Farias. Informa\u00e7\u00f5es Calila Noticias<\/p>\n","protected":false},"author":3,"featured_media":12144,"comment_status":"open","ping_status":"open","sticky":false,"template":"","format":"standard","meta":{"_joinchat":[],"footnotes":""},"categories":[55,53,59],"tags":[],"class_list":["post-12141","post","type-post","status-publish","format-standard","has-post-thumbnail","hentry","category-destaques","category-politica","category-ultimas-noticias"],"yoast_head":"<!-- This site is optimized with the Yoast SEO plugin v24.4 - https:\/\/yoast.com\/wordpress\/plugins\/seo\/ -->\n<title>Jer\u00f4nimo Rodrigues cumpre agenda em Concei\u00e7\u00e3o do Coit\u00e9 na pr\u00f3xima sexta - Portal raizes noticias<\/title>\n<meta name=\"robots\" content=\"index, follow, max-snippet:-1, max-image-preview:large, max-video-preview:-1\" \/>\n<link rel=\"canonical\" href=\"https:\/\/portalraizesnoticias.com.br\/?p=12141\" \/>\n<meta property=\"og:locale\" content=\"pt_BR\" \/>\n<meta property=\"og:type\" content=\"article\" \/>\n<meta property=\"og:title\" content=\"Jer\u00f4nimo Rodrigues cumpre agenda em Concei\u00e7\u00e3o do Coit\u00e9 na pr\u00f3xima sexta - Portal raizes noticias\" \/>\n<meta property=\"og:description\" content=\"O site Calila Not\u00edcias parceiro do Portal Ra\u00edzes teve acesso \u00e0 agenda do governador Jer\u00f4nimo Rodrigues para a pr\u00f3xima sexta-feira e s\u00e1bado, dias 20 e 21 de mar\u00e7o. Em dois dias, ele estar\u00e1 presente em cidades de tr\u00eas territ\u00f3rios de identidade: Sisal, Bacia do Jacu\u00edpe e Semi\u00e1rido Nordeste II. O primeiro compromisso ser\u00e1 em Concei\u00e7\u00e3o do Coit\u00e9, no territ\u00f3rio do Sisal, \u00e0s 08h de sexta-feira (20). At\u00e9 o momento, n\u00e3o h\u00e1 informa\u00e7\u00e3o oficial sobre o evento. No entanto, a grande expectativa \u00e9 de que seja para a assinatura da ordem de servi\u00e7o para o in\u00edcio imediato da obra de asfaltamento do trecho de aproximadamente 12 km, ligando a sede de Concei\u00e7\u00e3o do Coit\u00e9 ao distrito Juazeirinho. Na semana passada, o deputado Alex da Piat\u00e3 anunciou que a assinatura deveria ocorrer no dia 20, o que refor\u00e7a a possibilidade de ser este o principal motivo da agenda do chefe do Executivo baiano. Ap\u00f3s cumprir agenda em Coit\u00e9, ainda na sexta-feira, o governador segue para o territ\u00f3rio Semi\u00e1rido Nordeste II, com compromissos nas cidades de Ribeira do Amparo, \u00e0s 10h; Caldas de Cip\u00f3, \u00e0s 12h; e Ribeira do Pombal, \u00e0s 14h. O \u00faltimo compromisso do dia ser\u00e1 novamente no territ\u00f3rio do Sisal, mais precisamente na cidade de Tucano, \u00e0s 16h. Assim como em Coit\u00e9, ainda n\u00e3o h\u00e1 informa\u00e7\u00f5es oficiais sobre os eventos que o governador ir\u00e1 participar. No s\u00e1bado, a partir das 08h30, o governador estar\u00e1 em Capela do Alto Alegre, no territ\u00f3rio Bacia do Jacu\u00edpe, onde ir\u00e1 inaugurar a Unidade Integrada de Delegacia de Pol\u00edcia (DT\/PC) e o Pelot\u00e3o da Pol\u00edcia Militar, al\u00e9m da moderniza\u00e7\u00e3o do Col\u00e9gio Estadual de Tempo Integral Professora Zenilda Fernandes dos Santos Farias. Informa\u00e7\u00f5es Calila Noticias\" \/>\n<meta property=\"og:url\" content=\"https:\/\/portalraizesnoticias.com.br\/?p=12141\" \/>\n<meta property=\"og:site_name\" content=\"Portal raizes noticias\" \/>\n<meta property=\"article:published_time\" content=\"2026-03-17T16:40:44+00:00\" \/>\n<meta property=\"article:modified_time\" content=\"2026-03-17T16:40:45+00:00\" \/>\n<meta property=\"og:image\" content=\"https:\/\/portalraizesnoticias.com.br\/wp-content\/uploads\/2026\/03\/Feijao-Almeida-GOVBA-2-scaled.jpeg\" \/>\n\t<meta property=\"og:image:width\" content=\"2560\" \/>\n\t<meta property=\"og:image:height\" content=\"1707\" \/>\n\t<meta property=\"og:image:type\" content=\"image\/jpeg\" \/>\n<meta name=\"author\" content=\"Portal Raizes\" \/>\n<meta name=\"twitter:card\" content=\"summary_large_image\" \/>\n<meta name=\"twitter:label1\" content=\"Escrito por\" \/>\n\t<meta name=\"twitter:data1\" content=\"Portal Raizes\" \/>\n\t<meta name=\"twitter:label2\" content=\"Est. tempo de leitura\" \/>\n\t<meta name=\"twitter:data2\" content=\"2 minutos\" \/>\n<script type=\"application\/ld+json\" class=\"yoast-schema-graph\">{\"@context\":\"https:\/\/schema.org\",\"@graph\":[{\"@type\":\"Article\",\"@id\":\"https:\/\/portalraizesnoticias.com.br\/?p=12141#article\",\"isPartOf\":{\"@id\":\"https:\/\/portalraizesnoticias.com.br\/?p=12141\"},\"author\":{\"name\":\"Portal Raizes\",\"@id\":\"https:\/\/portalraizesnoticias.com.br\/#\/schema\/person\/a3ca6b0fc701e78df19756c417d943ae\"},\"headline\":\"Jer\u00f4nimo Rodrigues cumpre agenda em Concei\u00e7\u00e3o do Coit\u00e9 na pr\u00f3xima sexta\",\"datePublished\":\"2026-03-17T16:40:44+00:00\",\"dateModified\":\"2026-03-17T16:40:45+00:00\",\"mainEntityOfPage\":{\"@id\":\"https:\/\/portalraizesnoticias.com.br\/?p=12141\"},\"wordCount\":321,\"commentCount\":0,\"publisher\":{\"@id\":\"https:\/\/portalraizesnoticias.com.br\/#organization\"},\"image\":{\"@id\":\"https:\/\/portalraizesnoticias.com.br\/?p=12141#primaryimage\"},\"thumbnailUrl\":\"https:\/\/portalraizesnoticias.com.br\/wp-content\/uploads\/2026\/03\/Feijao-Almeida-GOVBA-2-scaled.jpeg\",\"articleSection\":[\"DESTAQUES\",\"POLITICA\",\"ULTIMAS NOTICIAS\"],\"inLanguage\":\"pt-BR\",\"potentialAction\":[{\"@type\":\"CommentAction\",\"name\":\"Comment\",\"target\":[\"https:\/\/portalraizesnoticias.com.br\/?p=12141#respond\"]}]},{\"@type\":\"WebPage\",\"@id\":\"https:\/\/portalraizesnoticias.com.br\/?p=12141\",\"url\":\"https:\/\/portalraizesnoticias.com.br\/?p=12141\",\"name\":\"Jer\u00f4nimo Rodrigues cumpre agenda em Concei\u00e7\u00e3o do Coit\u00e9 na pr\u00f3xima sexta - Portal raizes noticias\",\"isPartOf\":{\"@id\":\"https:\/\/portalraizesnoticias.com.br\/#website\"},\"primaryImageOfPage\":{\"@id\":\"https:\/\/portalraizesnoticias.com.br\/?p=12141#primaryimage\"},\"image\":{\"@id\":\"https:\/\/portalraizesnoticias.com.br\/?p=12141#primaryimage\"},\"thumbnailUrl\":\"https:\/\/portalraizesnoticias.com.br\/wp-content\/uploads\/2026\/03\/Feijao-Almeida-GOVBA-2-scaled.jpeg\",\"datePublished\":\"2026-03-17T16:40:44+00:00\",\"dateModified\":\"2026-03-17T16:40:45+00:00\",\"breadcrumb\":{\"@id\":\"https:\/\/portalraizesnoticias.com.br\/?p=12141#breadcrumb\"},\"inLanguage\":\"pt-BR\",\"potentialAction\":[{\"@type\":\"ReadAction\",\"target\":[\"https:\/\/portalraizesnoticias.com.br\/?p=12141\"]}]},{\"@type\":\"ImageObject\",\"inLanguage\":\"pt-BR\",\"@id\":\"https:\/\/portalraizesnoticias.com.br\/?p=12141#primaryimage\",\"url\":\"https:\/\/portalraizesnoticias.com.br\/wp-content\/uploads\/2026\/03\/Feijao-Almeida-GOVBA-2-scaled.jpeg\",\"contentUrl\":\"https:\/\/portalraizesnoticias.com.br\/wp-content\/uploads\/2026\/03\/Feijao-Almeida-GOVBA-2-scaled.jpeg\",\"width\":2560,\"height\":1707,\"caption\":\"Entrega da moderniza\u00e7\u00e3o do Col\u00e9gio Estadual Quilombola de Tempo Integral da Bacia do Iguape, autoriza\u00e7\u00e3o da licita\u00e7\u00e3o para implanta\u00e7\u00e3o de teatro com 175 lugares e requalifica\u00e7\u00e3o do pr\u00e9dio existente, assinatura da ordem de servi\u00e7o para reforma da Casa das Mulheres de Ax\u00e9 e da pavimenta\u00e7\u00e3o em CBUQ nos acessos aos povoados do munic\u00edpio de Cachoeira. Foto: Feij\u00e3o Almeida\/GOVBA\"},{\"@type\":\"BreadcrumbList\",\"@id\":\"https:\/\/portalraizesnoticias.com.br\/?p=12141#breadcrumb\",\"itemListElement\":[{\"@type\":\"ListItem\",\"position\":1,\"name\":\"In\u00edcio\",\"item\":\"https:\/\/portalraizesnoticias.com.br\/\"},{\"@type\":\"ListItem\",\"position\":2,\"name\":\"Jer\u00f4nimo Rodrigues cumpre agenda em Concei\u00e7\u00e3o do Coit\u00e9 na pr\u00f3xima sexta\"}]},{\"@type\":\"WebSite\",\"@id\":\"https:\/\/portalraizesnoticias.com.br\/#website\",\"url\":\"https:\/\/portalraizesnoticias.com.br\/\",\"name\":\"Portal raizes NOTICIAS\",\"description\":\"site de noticias de concei\u00e7\u00e3o do coit\u00e9 e regi\u00e3o\",\"publisher\":{\"@id\":\"https:\/\/portalraizesnoticias.com.br\/#organization\"},\"alternateName\":\"PORTAL RAIZES COIT\u00c9\",\"potentialAction\":[{\"@type\":\"SearchAction\",\"target\":{\"@type\":\"EntryPoint\",\"urlTemplate\":\"https:\/\/portalraizesnoticias.com.br\/?s={search_term_string}\"},\"query-input\":{\"@type\":\"PropertyValueSpecification\",\"valueRequired\":true,\"valueName\":\"search_term_string\"}}],\"inLanguage\":\"pt-BR\"},{\"@type\":\"Organization\",\"@id\":\"https:\/\/portalraizesnoticias.com.br\/#organization\",\"name\":\"Portal raizes NOTICIAS\",\"url\":\"https:\/\/portalraizesnoticias.com.br\/\",\"logo\":{\"@type\":\"ImageObject\",\"inLanguage\":\"pt-BR\",\"@id\":\"https:\/\/portalraizesnoticias.com.br\/#\/schema\/logo\/image\/\",\"url\":\"https:\/\/portalraizesnoticias.com.br\/wp-content\/uploads\/2024\/09\/cropped-Captura-de-tela-2024-09-08-011108.png\",\"contentUrl\":\"https:\/\/portalraizesnoticias.com.br\/wp-content\/uploads\/2024\/09\/cropped-Captura-de-tela-2024-09-08-011108.png\",\"width\":606,\"height\":173,\"caption\":\"Portal raizes NOTICIAS\"},\"image\":{\"@id\":\"https:\/\/portalraizesnoticias.com.br\/#\/schema\/logo\/image\/\"}},{\"@type\":\"Person\",\"@id\":\"https:\/\/portalraizesnoticias.com.br\/#\/schema\/person\/a3ca6b0fc701e78df19756c417d943ae\",\"name\":\"Portal Raizes\",\"image\":{\"@type\":\"ImageObject\",\"inLanguage\":\"pt-BR\",\"@id\":\"https:\/\/portalraizesnoticias.com.br\/#\/schema\/person\/image\/\",\"url\":\"https:\/\/secure.gravatar.com\/avatar\/ef450d29013a3d3fba867a12a249d7b1?s=96&d=mm&r=g\",\"contentUrl\":\"https:\/\/secure.gravatar.com\/avatar\/ef450d29013a3d3fba867a12a249d7b1?s=96&d=mm&r=g\",\"caption\":\"Portal Raizes\"},\"url\":\"https:\/\/portalraizesnoticias.com.br\/?author=3\"}]}<\/script>\n<!-- \/ Yoast SEO plugin. -->","yoast_head_json":{"title":"Jer\u00f4nimo Rodrigues cumpre agenda em Concei\u00e7\u00e3o do Coit\u00e9 na pr\u00f3xima sexta - Portal raizes noticias","robots":{"index":"index","follow":"follow","max-snippet":"max-snippet:-1","max-image-preview":"max-image-preview:large","max-video-preview":"max-video-preview:-1"},"canonical":"https:\/\/portalraizesnoticias.com.br\/?p=12141","og_locale":"pt_BR","og_type":"article","og_title":"Jer\u00f4nimo Rodrigues cumpre agenda em Concei\u00e7\u00e3o do Coit\u00e9 na pr\u00f3xima sexta - Portal raizes noticias","og_description":"O site Calila Not\u00edcias parceiro do Portal Ra\u00edzes teve acesso \u00e0 agenda do governador Jer\u00f4nimo Rodrigues para a pr\u00f3xima sexta-feira e s\u00e1bado, dias 20 e 21 de mar\u00e7o. Em dois dias, ele estar\u00e1 presente em cidades de tr\u00eas territ\u00f3rios de identidade: Sisal, Bacia do Jacu\u00edpe e Semi\u00e1rido Nordeste II. O primeiro compromisso ser\u00e1 em Concei\u00e7\u00e3o do Coit\u00e9, no territ\u00f3rio do Sisal, \u00e0s 08h de sexta-feira (20). At\u00e9 o momento, n\u00e3o h\u00e1 informa\u00e7\u00e3o oficial sobre o evento. No entanto, a grande expectativa \u00e9 de que seja para a assinatura da ordem de servi\u00e7o para o in\u00edcio imediato da obra de asfaltamento do trecho de aproximadamente 12 km, ligando a sede de Concei\u00e7\u00e3o do Coit\u00e9 ao distrito Juazeirinho. Na semana passada, o deputado Alex da Piat\u00e3 anunciou que a assinatura deveria ocorrer no dia 20, o que refor\u00e7a a possibilidade de ser este o principal motivo da agenda do chefe do Executivo baiano. Ap\u00f3s cumprir agenda em Coit\u00e9, ainda na sexta-feira, o governador segue para o territ\u00f3rio Semi\u00e1rido Nordeste II, com compromissos nas cidades de Ribeira do Amparo, \u00e0s 10h; Caldas de Cip\u00f3, \u00e0s 12h; e Ribeira do Pombal, \u00e0s 14h. O \u00faltimo compromisso do dia ser\u00e1 novamente no territ\u00f3rio do Sisal, mais precisamente na cidade de Tucano, \u00e0s 16h. Assim como em Coit\u00e9, ainda n\u00e3o h\u00e1 informa\u00e7\u00f5es oficiais sobre os eventos que o governador ir\u00e1 participar. No s\u00e1bado, a partir das 08h30, o governador estar\u00e1 em Capela do Alto Alegre, no territ\u00f3rio Bacia do Jacu\u00edpe, onde ir\u00e1 inaugurar a Unidade Integrada de Delegacia de Pol\u00edcia (DT\/PC) e o Pelot\u00e3o da Pol\u00edcia Militar, al\u00e9m da moderniza\u00e7\u00e3o do Col\u00e9gio Estadual de Tempo Integral Professora Zenilda Fernandes dos Santos Farias. Informa\u00e7\u00f5es Calila Noticias","og_url":"https:\/\/portalraizesnoticias.com.br\/?p=12141","og_site_name":"Portal raizes noticias","article_published_time":"2026-03-17T16:40:44+00:00","article_modified_time":"2026-03-17T16:40:45+00:00","og_image":[{"width":2560,"height":1707,"url":"https:\/\/portalraizesnoticias.com.br\/wp-content\/uploads\/2026\/03\/Feijao-Almeida-GOVBA-2-scaled.jpeg","type":"image\/jpeg"}],"author":"Portal Raizes","twitter_card":"summary_large_image","twitter_misc":{"Escrito por":"Portal Raizes","Est. tempo de leitura":"2 minutos"},"schema":{"@context":"https:\/\/schema.org","@graph":[{"@type":"Article","@id":"https:\/\/portalraizesnoticias.com.br\/?p=12141#article","isPartOf":{"@id":"https:\/\/portalraizesnoticias.com.br\/?p=12141"},"author":{"name":"Portal Raizes","@id":"https:\/\/portalraizesnoticias.com.br\/#\/schema\/person\/a3ca6b0fc701e78df19756c417d943ae"},"headline":"Jer\u00f4nimo Rodrigues cumpre agenda em Concei\u00e7\u00e3o do Coit\u00e9 na pr\u00f3xima sexta","datePublished":"2026-03-17T16:40:44+00:00","dateModified":"2026-03-17T16:40:45+00:00","mainEntityOfPage":{"@id":"https:\/\/portalraizesnoticias.com.br\/?p=12141"},"wordCount":321,"commentCount":0,"publisher":{"@id":"https:\/\/portalraizesnoticias.com.br\/#organization"},"image":{"@id":"https:\/\/portalraizesnoticias.com.br\/?p=12141#primaryimage"},"thumbnailUrl":"https:\/\/portalraizesnoticias.com.br\/wp-content\/uploads\/2026\/03\/Feijao-Almeida-GOVBA-2-scaled.jpeg","articleSection":["DESTAQUES","POLITICA","ULTIMAS NOTICIAS"],"inLanguage":"pt-BR","potentialAction":[{"@type":"CommentAction","name":"Comment","target":["https:\/\/portalraizesnoticias.com.br\/?p=12141#respond"]}]},{"@type":"WebPage","@id":"https:\/\/portalraizesnoticias.com.br\/?p=12141","url":"https:\/\/portalraizesnoticias.com.br\/?p=12141","name":"Jer\u00f4nimo Rodrigues cumpre agenda em Concei\u00e7\u00e3o do Coit\u00e9 na pr\u00f3xima sexta - Portal raizes noticias","isPartOf":{"@id":"https:\/\/portalraizesnoticias.com.br\/#website"},"primaryImageOfPage":{"@id":"https:\/\/portalraizesnoticias.com.br\/?p=12141#primaryimage"},"image":{"@id":"https:\/\/portalraizesnoticias.com.br\/?p=12141#primaryimage"},"thumbnailUrl":"https:\/\/portalraizesnoticias.com.br\/wp-content\/uploads\/2026\/03\/Feijao-Almeida-GOVBA-2-scaled.jpeg","datePublished":"2026-03-17T16:40:44+00:00","dateModified":"2026-03-17T16:40:45+00:00","breadcrumb":{"@id":"https:\/\/portalraizesnoticias.com.br\/?p=12141#breadcrumb"},"inLanguage":"pt-BR","potentialAction":[{"@type":"ReadAction","target":["https:\/\/portalraizesnoticias.com.br\/?p=12141"]}]},{"@type":"ImageObject","inLanguage":"pt-BR","@id":"https:\/\/portalraizesnoticias.com.br\/?p=12141#primaryimage","url":"https:\/\/portalraizesnoticias.com.br\/wp-content\/uploads\/2026\/03\/Feijao-Almeida-GOVBA-2-scaled.jpeg","contentUrl":"https:\/\/portalraizesnoticias.com.br\/wp-content\/uploads\/2026\/03\/Feijao-Almeida-GOVBA-2-scaled.jpeg","width":2560,"height":1707,"caption":"Entrega da moderniza\u00e7\u00e3o do Col\u00e9gio Estadual Quilombola de Tempo Integral da Bacia do Iguape, autoriza\u00e7\u00e3o da licita\u00e7\u00e3o para implanta\u00e7\u00e3o de teatro com 175 lugares e requalifica\u00e7\u00e3o do pr\u00e9dio existente, assinatura da ordem de servi\u00e7o para reforma da Casa das Mulheres de Ax\u00e9 e da pavimenta\u00e7\u00e3o em CBUQ nos acessos aos povoados do munic\u00edpio de Cachoeira. Foto: Feij\u00e3o Almeida\/GOVBA"},{"@type":"BreadcrumbList","@id":"https:\/\/portalraizesnoticias.com.br\/?p=12141#breadcrumb","itemListElement":[{"@type":"ListItem","position":1,"name":"In\u00edcio","item":"https:\/\/portalraizesnoticias.com.br\/"},{"@type":"ListItem","position":2,"name":"Jer\u00f4nimo Rodrigues cumpre agenda em Concei\u00e7\u00e3o do Coit\u00e9 na pr\u00f3xima sexta"}]},{"@type":"WebSite","@id":"https:\/\/portalraizesnoticias.com.br\/#website","url":"https:\/\/portalraizesnoticias.com.br\/","name":"Portal raizes NOTICIAS","description":"site de noticias de concei\u00e7\u00e3o do coit\u00e9 e regi\u00e3o","publisher":{"@id":"https:\/\/portalraizesnoticias.com.br\/#organization"},"alternateName":"PORTAL RAIZES COIT\u00c9","potentialAction":[{"@type":"SearchAction","target":{"@type":"EntryPoint","urlTemplate":"https:\/\/portalraizesnoticias.com.br\/?s={search_term_string}"},"query-input":{"@type":"PropertyValueSpecification","valueRequired":true,"valueName":"search_term_string"}}],"inLanguage":"pt-BR"},{"@type":"Organization","@id":"https:\/\/portalraizesnoticias.com.br\/#organization","name":"Portal raizes NOTICIAS","url":"https:\/\/portalraizesnoticias.com.br\/","logo":{"@type":"ImageObject","inLanguage":"pt-BR","@id":"https:\/\/portalraizesnoticias.com.br\/#\/schema\/logo\/image\/","url":"https:\/\/portalraizesnoticias.com.br\/wp-content\/uploads\/2024\/09\/cropped-Captura-de-tela-2024-09-08-011108.png","contentUrl":"https:\/\/portalraizesnoticias.com.br\/wp-content\/uploads\/2024\/09\/cropped-Captura-de-tela-2024-09-08-011108.png","width":606,"height":173,"caption":"Portal raizes NOTICIAS"},"image":{"@id":"https:\/\/portalraizesnoticias.com.br\/#\/schema\/logo\/image\/"}},{"@type":"Person","@id":"https:\/\/portalraizesnoticias.com.br\/#\/schema\/person\/a3ca6b0fc701e78df19756c417d943ae","name":"Portal Raizes","image":{"@type":"ImageObject","inLanguage":"pt-BR","@id":"https:\/\/portalraizesnoticias.com.br\/#\/schema\/person\/image\/","url":"https:\/\/secure.gravatar.com\/avatar\/ef450d29013a3d3fba867a12a249d7b1?s=96&d=mm&r=g","contentUrl":"https:\/\/secure.gravatar.com\/avatar\/ef450d29013a3d3fba867a12a249d7b1?s=96&d=mm&r=g","caption":"Portal Raizes"},"url":"https:\/\/portalraizesnoticias.com.br\/?author=3"}]}},"_links":{"self":[{"href":"https:\/\/portalraizesnoticias.com.br\/index.php?rest_route=\/wp\/v2\/posts\/12141"}],"collection":[{"href":"https:\/\/portalraizesnoticias.com.br\/index.php?rest_route=\/wp\/v2\/posts"}],"about":[{"href":"https:\/\/portalraizesnoticias.com.br\/index.php?rest_route=\/wp\/v2\/types\/post"}],"author":[{"embeddable":true,"href":"https:\/\/portalraizesnoticias.com.br\/index.php?rest_route=\/wp\/v2\/users\/3"}],"replies":[{"embeddable":true,"href":"https:\/\/portalraizesnoticias.com.br\/index.php?rest_route=%2Fwp%2Fv2%2Fcomments&post=12141"}],"version-history":[{"count":1,"href":"https:\/\/portalraizesnoticias.com.br\/index.php?rest_route=\/wp\/v2\/posts\/12141\/revisions"}],"predecessor-version":[{"id":12142,"href":"https:\/\/portalraizesnoticias.com.br\/index.php?rest_route=\/wp\/v2\/posts\/12141\/revisions\/12142"}],"wp:featuredmedia":[{"embeddable":true,"href":"https:\/\/portalraizesnoticias.com.br\/index.php?rest_route=\/wp\/v2\/media\/12144"}],"wp:attachment":[{"href":"https:\/\/portalraizesnoticias.com.br\/index.php?rest_route=%2Fwp%2Fv2%2Fmedia&parent=12141"}],"wp:term":[{"taxonomy":"category","embeddable":true,"href":"https:\/\/portalraizesnoticias.com.br\/index.php?rest_route=%2Fwp%2Fv2%2Fcategories&post=12141"},{"taxonomy":"post_tag","embeddable":true,"href":"https:\/\/portalraizesnoticias.com.br\/index.php?rest_route=%2Fwp%2Fv2%2Ftags&post=12141"}],"curies":[{"name":"wp","href":"https:\/\/api.w.org\/{rel}","templated":true}]}}