{"id":12138,"date":"2026-03-17T12:12:06","date_gmt":"2026-03-17T15:12:06","guid":{"rendered":"https:\/\/portalraizesnoticias.com.br\/?p=12138"},"modified":"2026-03-17T12:12:07","modified_gmt":"2026-03-17T15:12:07","slug":"mab-recebe-projeto-pioneiro-que-descreve-pecas-para-pessoas-cegas-e-com-baixa-visao-conheca","status":"publish","type":"post","link":"https:\/\/portalraizesnoticias.com.br\/?p=12138","title":{"rendered":"MAB recebe projeto pioneiro que descreve pe\u00e7as para pessoas cegas e com baixa vis\u00e3o; conhe\u00e7a"},"content":{"rendered":"<p>O Museu de Arte da Bahia, no Corredor da Vit\u00f3ria, em Salvador, ganhou uma pioneira ferramenta de acessibilidade cultural, com a chegada do projeto MAB ACESS\u00cdVEL | Arte \u00e0 Vista. O programa realiza a audiodescri\u00e7\u00e3o da estrutura f\u00edsica do museu e de telas que comp\u00f5em o acervo permanente, para contemplar pessoas cegas e com baixa vis\u00e3o.<\/p>\n<p>Os respons\u00e1veis pelo projeto desenvolveram um audioguia que narra a fachada, \u00e1reas visit\u00e1veis e detalhes hist\u00f3ricos e art\u00edsticos do edif\u00edcio. Os conte\u00fados ser\u00e3o disponibilizados ao p\u00fablico j\u00e1 neste m\u00eas de mar\u00e7o, por meio de roteiros em \u00e1udio acessados via QR Codes acess\u00edveis, permitindo que as pessoas cegas e com baixa vis\u00e3o apreciem o acervo do museu com maior autonomia e aprofundamento.<\/p>\n<p>A ideia foi da mestra em Educa\u00e7\u00e3o Cient\u00edfica, Patr\u00edcia Braille. \u201cTrabalho h\u00e1 muitos anos com pessoas com defici\u00eancia visual e conhe\u00e7o a escassez de produtos culturais acess\u00edveis, especialmente para quem n\u00e3o enxerga. Percebi que poderia usar meus conhecimentos em acessibilidade e audiodescri\u00e7\u00e3o para propor uma a\u00e7\u00e3o que ampliasse o acesso ao MAB, considerando seu valor hist\u00f3rico\u201d, conta.<\/p>\n<p>Foi durante uma ida ao Museu de Arte que veio a inspira\u00e7\u00e3o. \u201cAo visitar o museu, confirmei a urg\u00eancia de tornar a arte da Bahia mais vis\u00edvel tamb\u00e9m para quem tem formas diferentes, e muito leg\u00edtimas, de ver\u201d, completa.<\/p>\n<p><strong>OFICINAS<\/strong><\/p>\n<p>Al\u00e9m da oferta dos recursos acess\u00edveis, o projeto MAB ACESS\u00cdVEL | Arte \u00e0 Vista contempla a\u00e7\u00f5es formativas. Est\u00e3o previstas tr\u00eas oficinas de acessibilidade comunicacional e atitudinal, com foco em audiodescri\u00e7\u00e3o, conforme lista abaixo:<\/p>\n<p>Presencial \u2013 voltada funcion\u00e1rios do MAB e convidados de outros museus<\/p>\n<p>Online \u2013 abertas ao p\u00fablico externo, como jornalistas, professores, profissionais de bibliotecas, agentes culturais e demais interessados.<\/p>\n<p>As oficinas online ocorrer\u00e3o nos dias 7 de abril, \u00e0s 19h, e 14 de abril, \u00e0s 16h. As inscri\u00e7\u00f5es podem ser realizadas pelo link(https:\/\/forms.gle\/FmYJSSKw1EUiYqc67). D\u00favidas podem ser tiradas pelo n\u00famero (71) 99305-4863.<\/p>\n<p>A modalidade virtual possibilita alcan\u00e7ar participantes dos 417 munic\u00edpios baianos, al\u00e9m de outros territ\u00f3rios do pa\u00eds e do exterior.<\/p>\n<p>O projeto MAB ACESS\u00cdVEL | Arte \u00e0 Vista foi contemplado nos Editais da Pol\u00edtica Nacional Aldir Blanc Bahia e tem apoio financeiro do Governo do Estado da Bahia, por meio da Secretaria de Cultura, via PNAB, direcionada pelo Minist\u00e9rio da Cultura.<\/p>\n<p><strong>PROJETO SER\u00c1 MANTIDO<\/strong><\/p>\n<p>Ao unir audiodescri\u00e7\u00e3o, tecnologia, forma\u00e7\u00e3o de equipes e sensibiliza\u00e7\u00e3o institucional, o MAB ACESS\u00cdVEL | Arte \u00e0 Vista amplia o p\u00fablico do museu, incorporando pessoas que historicamente foram exclu\u00eddas dos espa\u00e7os culturais, e contribui para a consolida\u00e7\u00e3o de uma cultura inclusiva no MAB, tornando-o, gradualmente, uma refer\u00eancia em acessibilidade cultural.<\/p>\n<p>O projeto passa a integrar o patrim\u00f4nio imaterial do Museu de Arte da Bahia, permanecendo dispon\u00edvel ao p\u00fablico visitante ao longo do tempo. A equipe t\u00e9cnica do projeto \u00e9 composta por profissionais das \u00e1reas de produ\u00e7\u00e3o cultural, audiovisual e consultoria em acessibilidade, incluindo 3 consultores com defici\u00eancia visual que validaram todo o trabalho.<\/p>\n<p>Ascom<\/p>\n","protected":false},"excerpt":{"rendered":"<p>O Museu de Arte da Bahia, no Corredor da Vit\u00f3ria, em Salvador, ganhou uma pioneira ferramenta de acessibilidade cultural, com a chegada do projeto MAB ACESS\u00cdVEL | Arte \u00e0 Vista. O programa realiza a audiodescri\u00e7\u00e3o da estrutura f\u00edsica do museu e de telas que comp\u00f5em o acervo permanente, para contemplar pessoas cegas e com baixa vis\u00e3o. Os respons\u00e1veis pelo projeto desenvolveram um audioguia que narra a fachada, \u00e1reas visit\u00e1veis e detalhes hist\u00f3ricos e art\u00edsticos do edif\u00edcio. Os conte\u00fados ser\u00e3o disponibilizados ao p\u00fablico j\u00e1 neste m\u00eas de mar\u00e7o, por meio de roteiros em \u00e1udio acessados via QR Codes acess\u00edveis, permitindo que as pessoas cegas e com baixa vis\u00e3o apreciem o acervo do museu com maior autonomia e aprofundamento. A ideia foi da mestra em Educa\u00e7\u00e3o Cient\u00edfica, Patr\u00edcia Braille. \u201cTrabalho h\u00e1 muitos anos com pessoas com defici\u00eancia visual e conhe\u00e7o a escassez de produtos culturais acess\u00edveis, especialmente para quem n\u00e3o enxerga. Percebi que poderia usar meus conhecimentos em acessibilidade e audiodescri\u00e7\u00e3o para propor uma a\u00e7\u00e3o que ampliasse o acesso ao MAB, considerando seu valor hist\u00f3rico\u201d, conta. Foi durante uma ida ao Museu de Arte que veio a inspira\u00e7\u00e3o. \u201cAo visitar o museu, confirmei a urg\u00eancia de tornar a arte da Bahia mais vis\u00edvel tamb\u00e9m para quem tem formas diferentes, e muito leg\u00edtimas, de ver\u201d, completa. OFICINAS Al\u00e9m da oferta dos recursos acess\u00edveis, o projeto MAB ACESS\u00cdVEL | Arte \u00e0 Vista contempla a\u00e7\u00f5es formativas. Est\u00e3o previstas tr\u00eas oficinas de acessibilidade comunicacional e atitudinal, com foco em audiodescri\u00e7\u00e3o, conforme lista abaixo: Presencial \u2013 voltada funcion\u00e1rios do MAB e convidados de outros museus Online \u2013 abertas ao p\u00fablico externo, como jornalistas, professores, profissionais de bibliotecas, agentes culturais e demais interessados. As oficinas online ocorrer\u00e3o nos dias 7 de abril, \u00e0s 19h, e 14 de abril, \u00e0s 16h. As inscri\u00e7\u00f5es podem ser realizadas pelo link(https:\/\/forms.gle\/FmYJSSKw1EUiYqc67). D\u00favidas podem ser tiradas pelo n\u00famero (71) 99305-4863. A modalidade virtual possibilita alcan\u00e7ar participantes dos 417 munic\u00edpios baianos, al\u00e9m de outros territ\u00f3rios do pa\u00eds e do exterior. O projeto MAB ACESS\u00cdVEL | Arte \u00e0 Vista foi contemplado nos Editais da Pol\u00edtica Nacional Aldir Blanc Bahia e tem apoio financeiro do Governo do Estado da Bahia, por meio da Secretaria de Cultura, via PNAB, direcionada pelo Minist\u00e9rio da Cultura. PROJETO SER\u00c1 MANTIDO Ao unir audiodescri\u00e7\u00e3o, tecnologia, forma\u00e7\u00e3o de equipes e sensibiliza\u00e7\u00e3o institucional, o MAB ACESS\u00cdVEL | Arte \u00e0 Vista amplia o p\u00fablico do museu, incorporando pessoas que historicamente foram exclu\u00eddas dos espa\u00e7os culturais, e contribui para a consolida\u00e7\u00e3o de uma cultura inclusiva no MAB, tornando-o, gradualmente, uma refer\u00eancia em acessibilidade cultural. O projeto passa a integrar o patrim\u00f4nio imaterial do Museu de Arte da Bahia, permanecendo dispon\u00edvel ao p\u00fablico visitante ao longo do tempo. A equipe t\u00e9cnica do projeto \u00e9 composta por profissionais das \u00e1reas de produ\u00e7\u00e3o cultural, audiovisual e consultoria em acessibilidade, incluindo 3 consultores com defici\u00eancia visual que validaram todo o trabalho. Ascom<\/p>\n","protected":false},"author":3,"featured_media":12139,"comment_status":"open","ping_status":"open","sticky":false,"template":"","format":"standard","meta":{"_joinchat":[],"footnotes":""},"categories":[69],"tags":[],"class_list":["post-12138","post","type-post","status-publish","format-standard","has-post-thumbnail","hentry","category-entreterimento-e-cultura"],"yoast_head":"<!-- This site is optimized with the Yoast SEO plugin v24.4 - https:\/\/yoast.com\/wordpress\/plugins\/seo\/ -->\n<title>MAB recebe projeto pioneiro que descreve pe\u00e7as para pessoas cegas e com baixa vis\u00e3o; conhe\u00e7a - Portal raizes noticias<\/title>\n<meta name=\"robots\" content=\"index, follow, max-snippet:-1, max-image-preview:large, max-video-preview:-1\" \/>\n<link rel=\"canonical\" href=\"https:\/\/portalraizesnoticias.com.br\/?p=12138\" \/>\n<meta property=\"og:locale\" content=\"pt_BR\" \/>\n<meta property=\"og:type\" content=\"article\" \/>\n<meta property=\"og:title\" content=\"MAB recebe projeto pioneiro que descreve pe\u00e7as para pessoas cegas e com baixa vis\u00e3o; conhe\u00e7a - Portal raizes noticias\" \/>\n<meta property=\"og:description\" content=\"O Museu de Arte da Bahia, no Corredor da Vit\u00f3ria, em Salvador, ganhou uma pioneira ferramenta de acessibilidade cultural, com a chegada do projeto MAB ACESS\u00cdVEL | Arte \u00e0 Vista. O programa realiza a audiodescri\u00e7\u00e3o da estrutura f\u00edsica do museu e de telas que comp\u00f5em o acervo permanente, para contemplar pessoas cegas e com baixa vis\u00e3o. Os respons\u00e1veis pelo projeto desenvolveram um audioguia que narra a fachada, \u00e1reas visit\u00e1veis e detalhes hist\u00f3ricos e art\u00edsticos do edif\u00edcio. Os conte\u00fados ser\u00e3o disponibilizados ao p\u00fablico j\u00e1 neste m\u00eas de mar\u00e7o, por meio de roteiros em \u00e1udio acessados via QR Codes acess\u00edveis, permitindo que as pessoas cegas e com baixa vis\u00e3o apreciem o acervo do museu com maior autonomia e aprofundamento. A ideia foi da mestra em Educa\u00e7\u00e3o Cient\u00edfica, Patr\u00edcia Braille. \u201cTrabalho h\u00e1 muitos anos com pessoas com defici\u00eancia visual e conhe\u00e7o a escassez de produtos culturais acess\u00edveis, especialmente para quem n\u00e3o enxerga. Percebi que poderia usar meus conhecimentos em acessibilidade e audiodescri\u00e7\u00e3o para propor uma a\u00e7\u00e3o que ampliasse o acesso ao MAB, considerando seu valor hist\u00f3rico\u201d, conta. Foi durante uma ida ao Museu de Arte que veio a inspira\u00e7\u00e3o. \u201cAo visitar o museu, confirmei a urg\u00eancia de tornar a arte da Bahia mais vis\u00edvel tamb\u00e9m para quem tem formas diferentes, e muito leg\u00edtimas, de ver\u201d, completa. OFICINAS Al\u00e9m da oferta dos recursos acess\u00edveis, o projeto MAB ACESS\u00cdVEL | Arte \u00e0 Vista contempla a\u00e7\u00f5es formativas. Est\u00e3o previstas tr\u00eas oficinas de acessibilidade comunicacional e atitudinal, com foco em audiodescri\u00e7\u00e3o, conforme lista abaixo: Presencial \u2013 voltada funcion\u00e1rios do MAB e convidados de outros museus Online \u2013 abertas ao p\u00fablico externo, como jornalistas, professores, profissionais de bibliotecas, agentes culturais e demais interessados. As oficinas online ocorrer\u00e3o nos dias 7 de abril, \u00e0s 19h, e 14 de abril, \u00e0s 16h. As inscri\u00e7\u00f5es podem ser realizadas pelo link(https:\/\/forms.gle\/FmYJSSKw1EUiYqc67). D\u00favidas podem ser tiradas pelo n\u00famero (71) 99305-4863. A modalidade virtual possibilita alcan\u00e7ar participantes dos 417 munic\u00edpios baianos, al\u00e9m de outros territ\u00f3rios do pa\u00eds e do exterior. O projeto MAB ACESS\u00cdVEL | Arte \u00e0 Vista foi contemplado nos Editais da Pol\u00edtica Nacional Aldir Blanc Bahia e tem apoio financeiro do Governo do Estado da Bahia, por meio da Secretaria de Cultura, via PNAB, direcionada pelo Minist\u00e9rio da Cultura. PROJETO SER\u00c1 MANTIDO Ao unir audiodescri\u00e7\u00e3o, tecnologia, forma\u00e7\u00e3o de equipes e sensibiliza\u00e7\u00e3o institucional, o MAB ACESS\u00cdVEL | Arte \u00e0 Vista amplia o p\u00fablico do museu, incorporando pessoas que historicamente foram exclu\u00eddas dos espa\u00e7os culturais, e contribui para a consolida\u00e7\u00e3o de uma cultura inclusiva no MAB, tornando-o, gradualmente, uma refer\u00eancia em acessibilidade cultural. O projeto passa a integrar o patrim\u00f4nio imaterial do Museu de Arte da Bahia, permanecendo dispon\u00edvel ao p\u00fablico visitante ao longo do tempo. A equipe t\u00e9cnica do projeto \u00e9 composta por profissionais das \u00e1reas de produ\u00e7\u00e3o cultural, audiovisual e consultoria em acessibilidade, incluindo 3 consultores com defici\u00eancia visual que validaram todo o trabalho. Ascom\" \/>\n<meta property=\"og:url\" content=\"https:\/\/portalraizesnoticias.com.br\/?p=12138\" \/>\n<meta property=\"og:site_name\" content=\"Portal raizes noticias\" \/>\n<meta property=\"article:published_time\" content=\"2026-03-17T15:12:06+00:00\" \/>\n<meta property=\"article:modified_time\" content=\"2026-03-17T15:12:07+00:00\" \/>\n<meta property=\"og:image\" content=\"https:\/\/portalraizesnoticias.com.br\/wp-content\/uploads\/2026\/03\/IMG-20260317-WA0199.jpg\" \/>\n\t<meta property=\"og:image:width\" content=\"1600\" \/>\n\t<meta property=\"og:image:height\" content=\"1048\" \/>\n\t<meta property=\"og:image:type\" content=\"image\/jpeg\" \/>\n<meta name=\"author\" content=\"Portal Raizes\" \/>\n<meta name=\"twitter:card\" content=\"summary_large_image\" \/>\n<meta name=\"twitter:label1\" content=\"Escrito por\" \/>\n\t<meta name=\"twitter:data1\" content=\"Portal Raizes\" \/>\n\t<meta name=\"twitter:label2\" content=\"Est. tempo de leitura\" \/>\n\t<meta name=\"twitter:data2\" content=\"3 minutos\" \/>\n<script type=\"application\/ld+json\" class=\"yoast-schema-graph\">{\"@context\":\"https:\/\/schema.org\",\"@graph\":[{\"@type\":\"Article\",\"@id\":\"https:\/\/portalraizesnoticias.com.br\/?p=12138#article\",\"isPartOf\":{\"@id\":\"https:\/\/portalraizesnoticias.com.br\/?p=12138\"},\"author\":{\"name\":\"Portal Raizes\",\"@id\":\"https:\/\/portalraizesnoticias.com.br\/#\/schema\/person\/a3ca6b0fc701e78df19756c417d943ae\"},\"headline\":\"MAB recebe projeto pioneiro que descreve pe\u00e7as para pessoas cegas e com baixa vis\u00e3o; conhe\u00e7a\",\"datePublished\":\"2026-03-17T15:12:06+00:00\",\"dateModified\":\"2026-03-17T15:12:07+00:00\",\"mainEntityOfPage\":{\"@id\":\"https:\/\/portalraizesnoticias.com.br\/?p=12138\"},\"wordCount\":549,\"commentCount\":0,\"publisher\":{\"@id\":\"https:\/\/portalraizesnoticias.com.br\/#organization\"},\"image\":{\"@id\":\"https:\/\/portalraizesnoticias.com.br\/?p=12138#primaryimage\"},\"thumbnailUrl\":\"https:\/\/portalraizesnoticias.com.br\/wp-content\/uploads\/2026\/03\/IMG-20260317-WA0199.jpg\",\"articleSection\":[\"ENTRETERIMENTO E CULTURA\"],\"inLanguage\":\"pt-BR\",\"potentialAction\":[{\"@type\":\"CommentAction\",\"name\":\"Comment\",\"target\":[\"https:\/\/portalraizesnoticias.com.br\/?p=12138#respond\"]}]},{\"@type\":\"WebPage\",\"@id\":\"https:\/\/portalraizesnoticias.com.br\/?p=12138\",\"url\":\"https:\/\/portalraizesnoticias.com.br\/?p=12138\",\"name\":\"MAB recebe projeto pioneiro que descreve pe\u00e7as para pessoas cegas e com baixa vis\u00e3o; conhe\u00e7a - Portal raizes noticias\",\"isPartOf\":{\"@id\":\"https:\/\/portalraizesnoticias.com.br\/#website\"},\"primaryImageOfPage\":{\"@id\":\"https:\/\/portalraizesnoticias.com.br\/?p=12138#primaryimage\"},\"image\":{\"@id\":\"https:\/\/portalraizesnoticias.com.br\/?p=12138#primaryimage\"},\"thumbnailUrl\":\"https:\/\/portalraizesnoticias.com.br\/wp-content\/uploads\/2026\/03\/IMG-20260317-WA0199.jpg\",\"datePublished\":\"2026-03-17T15:12:06+00:00\",\"dateModified\":\"2026-03-17T15:12:07+00:00\",\"breadcrumb\":{\"@id\":\"https:\/\/portalraizesnoticias.com.br\/?p=12138#breadcrumb\"},\"inLanguage\":\"pt-BR\",\"potentialAction\":[{\"@type\":\"ReadAction\",\"target\":[\"https:\/\/portalraizesnoticias.com.br\/?p=12138\"]}]},{\"@type\":\"ImageObject\",\"inLanguage\":\"pt-BR\",\"@id\":\"https:\/\/portalraizesnoticias.com.br\/?p=12138#primaryimage\",\"url\":\"https:\/\/portalraizesnoticias.com.br\/wp-content\/uploads\/2026\/03\/IMG-20260317-WA0199.jpg\",\"contentUrl\":\"https:\/\/portalraizesnoticias.com.br\/wp-content\/uploads\/2026\/03\/IMG-20260317-WA0199.jpg\",\"width\":1600,\"height\":1048},{\"@type\":\"BreadcrumbList\",\"@id\":\"https:\/\/portalraizesnoticias.com.br\/?p=12138#breadcrumb\",\"itemListElement\":[{\"@type\":\"ListItem\",\"position\":1,\"name\":\"In\u00edcio\",\"item\":\"https:\/\/portalraizesnoticias.com.br\/\"},{\"@type\":\"ListItem\",\"position\":2,\"name\":\"MAB recebe projeto pioneiro que descreve pe\u00e7as para pessoas cegas e com baixa vis\u00e3o; conhe\u00e7a\"}]},{\"@type\":\"WebSite\",\"@id\":\"https:\/\/portalraizesnoticias.com.br\/#website\",\"url\":\"https:\/\/portalraizesnoticias.com.br\/\",\"name\":\"Portal raizes NOTICIAS\",\"description\":\"site de noticias de concei\u00e7\u00e3o do coit\u00e9 e regi\u00e3o\",\"publisher\":{\"@id\":\"https:\/\/portalraizesnoticias.com.br\/#organization\"},\"alternateName\":\"PORTAL RAIZES COIT\u00c9\",\"potentialAction\":[{\"@type\":\"SearchAction\",\"target\":{\"@type\":\"EntryPoint\",\"urlTemplate\":\"https:\/\/portalraizesnoticias.com.br\/?s={search_term_string}\"},\"query-input\":{\"@type\":\"PropertyValueSpecification\",\"valueRequired\":true,\"valueName\":\"search_term_string\"}}],\"inLanguage\":\"pt-BR\"},{\"@type\":\"Organization\",\"@id\":\"https:\/\/portalraizesnoticias.com.br\/#organization\",\"name\":\"Portal raizes NOTICIAS\",\"url\":\"https:\/\/portalraizesnoticias.com.br\/\",\"logo\":{\"@type\":\"ImageObject\",\"inLanguage\":\"pt-BR\",\"@id\":\"https:\/\/portalraizesnoticias.com.br\/#\/schema\/logo\/image\/\",\"url\":\"https:\/\/portalraizesnoticias.com.br\/wp-content\/uploads\/2024\/09\/cropped-Captura-de-tela-2024-09-08-011108.png\",\"contentUrl\":\"https:\/\/portalraizesnoticias.com.br\/wp-content\/uploads\/2024\/09\/cropped-Captura-de-tela-2024-09-08-011108.png\",\"width\":606,\"height\":173,\"caption\":\"Portal raizes NOTICIAS\"},\"image\":{\"@id\":\"https:\/\/portalraizesnoticias.com.br\/#\/schema\/logo\/image\/\"}},{\"@type\":\"Person\",\"@id\":\"https:\/\/portalraizesnoticias.com.br\/#\/schema\/person\/a3ca6b0fc701e78df19756c417d943ae\",\"name\":\"Portal Raizes\",\"image\":{\"@type\":\"ImageObject\",\"inLanguage\":\"pt-BR\",\"@id\":\"https:\/\/portalraizesnoticias.com.br\/#\/schema\/person\/image\/\",\"url\":\"https:\/\/secure.gravatar.com\/avatar\/ef450d29013a3d3fba867a12a249d7b1?s=96&d=mm&r=g\",\"contentUrl\":\"https:\/\/secure.gravatar.com\/avatar\/ef450d29013a3d3fba867a12a249d7b1?s=96&d=mm&r=g\",\"caption\":\"Portal Raizes\"},\"url\":\"https:\/\/portalraizesnoticias.com.br\/?author=3\"}]}<\/script>\n<!-- \/ Yoast SEO plugin. -->","yoast_head_json":{"title":"MAB recebe projeto pioneiro que descreve pe\u00e7as para pessoas cegas e com baixa vis\u00e3o; conhe\u00e7a - Portal raizes noticias","robots":{"index":"index","follow":"follow","max-snippet":"max-snippet:-1","max-image-preview":"max-image-preview:large","max-video-preview":"max-video-preview:-1"},"canonical":"https:\/\/portalraizesnoticias.com.br\/?p=12138","og_locale":"pt_BR","og_type":"article","og_title":"MAB recebe projeto pioneiro que descreve pe\u00e7as para pessoas cegas e com baixa vis\u00e3o; conhe\u00e7a - Portal raizes noticias","og_description":"O Museu de Arte da Bahia, no Corredor da Vit\u00f3ria, em Salvador, ganhou uma pioneira ferramenta de acessibilidade cultural, com a chegada do projeto MAB ACESS\u00cdVEL | Arte \u00e0 Vista. O programa realiza a audiodescri\u00e7\u00e3o da estrutura f\u00edsica do museu e de telas que comp\u00f5em o acervo permanente, para contemplar pessoas cegas e com baixa vis\u00e3o. Os respons\u00e1veis pelo projeto desenvolveram um audioguia que narra a fachada, \u00e1reas visit\u00e1veis e detalhes hist\u00f3ricos e art\u00edsticos do edif\u00edcio. Os conte\u00fados ser\u00e3o disponibilizados ao p\u00fablico j\u00e1 neste m\u00eas de mar\u00e7o, por meio de roteiros em \u00e1udio acessados via QR Codes acess\u00edveis, permitindo que as pessoas cegas e com baixa vis\u00e3o apreciem o acervo do museu com maior autonomia e aprofundamento. A ideia foi da mestra em Educa\u00e7\u00e3o Cient\u00edfica, Patr\u00edcia Braille. \u201cTrabalho h\u00e1 muitos anos com pessoas com defici\u00eancia visual e conhe\u00e7o a escassez de produtos culturais acess\u00edveis, especialmente para quem n\u00e3o enxerga. Percebi que poderia usar meus conhecimentos em acessibilidade e audiodescri\u00e7\u00e3o para propor uma a\u00e7\u00e3o que ampliasse o acesso ao MAB, considerando seu valor hist\u00f3rico\u201d, conta. Foi durante uma ida ao Museu de Arte que veio a inspira\u00e7\u00e3o. \u201cAo visitar o museu, confirmei a urg\u00eancia de tornar a arte da Bahia mais vis\u00edvel tamb\u00e9m para quem tem formas diferentes, e muito leg\u00edtimas, de ver\u201d, completa. OFICINAS Al\u00e9m da oferta dos recursos acess\u00edveis, o projeto MAB ACESS\u00cdVEL | Arte \u00e0 Vista contempla a\u00e7\u00f5es formativas. Est\u00e3o previstas tr\u00eas oficinas de acessibilidade comunicacional e atitudinal, com foco em audiodescri\u00e7\u00e3o, conforme lista abaixo: Presencial \u2013 voltada funcion\u00e1rios do MAB e convidados de outros museus Online \u2013 abertas ao p\u00fablico externo, como jornalistas, professores, profissionais de bibliotecas, agentes culturais e demais interessados. As oficinas online ocorrer\u00e3o nos dias 7 de abril, \u00e0s 19h, e 14 de abril, \u00e0s 16h. As inscri\u00e7\u00f5es podem ser realizadas pelo link(https:\/\/forms.gle\/FmYJSSKw1EUiYqc67). D\u00favidas podem ser tiradas pelo n\u00famero (71) 99305-4863. A modalidade virtual possibilita alcan\u00e7ar participantes dos 417 munic\u00edpios baianos, al\u00e9m de outros territ\u00f3rios do pa\u00eds e do exterior. O projeto MAB ACESS\u00cdVEL | Arte \u00e0 Vista foi contemplado nos Editais da Pol\u00edtica Nacional Aldir Blanc Bahia e tem apoio financeiro do Governo do Estado da Bahia, por meio da Secretaria de Cultura, via PNAB, direcionada pelo Minist\u00e9rio da Cultura. PROJETO SER\u00c1 MANTIDO Ao unir audiodescri\u00e7\u00e3o, tecnologia, forma\u00e7\u00e3o de equipes e sensibiliza\u00e7\u00e3o institucional, o MAB ACESS\u00cdVEL | Arte \u00e0 Vista amplia o p\u00fablico do museu, incorporando pessoas que historicamente foram exclu\u00eddas dos espa\u00e7os culturais, e contribui para a consolida\u00e7\u00e3o de uma cultura inclusiva no MAB, tornando-o, gradualmente, uma refer\u00eancia em acessibilidade cultural. O projeto passa a integrar o patrim\u00f4nio imaterial do Museu de Arte da Bahia, permanecendo dispon\u00edvel ao p\u00fablico visitante ao longo do tempo. A equipe t\u00e9cnica do projeto \u00e9 composta por profissionais das \u00e1reas de produ\u00e7\u00e3o cultural, audiovisual e consultoria em acessibilidade, incluindo 3 consultores com defici\u00eancia visual que validaram todo o trabalho. Ascom","og_url":"https:\/\/portalraizesnoticias.com.br\/?p=12138","og_site_name":"Portal raizes noticias","article_published_time":"2026-03-17T15:12:06+00:00","article_modified_time":"2026-03-17T15:12:07+00:00","og_image":[{"width":1600,"height":1048,"url":"https:\/\/portalraizesnoticias.com.br\/wp-content\/uploads\/2026\/03\/IMG-20260317-WA0199.jpg","type":"image\/jpeg"}],"author":"Portal Raizes","twitter_card":"summary_large_image","twitter_misc":{"Escrito por":"Portal Raizes","Est. tempo de leitura":"3 minutos"},"schema":{"@context":"https:\/\/schema.org","@graph":[{"@type":"Article","@id":"https:\/\/portalraizesnoticias.com.br\/?p=12138#article","isPartOf":{"@id":"https:\/\/portalraizesnoticias.com.br\/?p=12138"},"author":{"name":"Portal Raizes","@id":"https:\/\/portalraizesnoticias.com.br\/#\/schema\/person\/a3ca6b0fc701e78df19756c417d943ae"},"headline":"MAB recebe projeto pioneiro que descreve pe\u00e7as para pessoas cegas e com baixa vis\u00e3o; conhe\u00e7a","datePublished":"2026-03-17T15:12:06+00:00","dateModified":"2026-03-17T15:12:07+00:00","mainEntityOfPage":{"@id":"https:\/\/portalraizesnoticias.com.br\/?p=12138"},"wordCount":549,"commentCount":0,"publisher":{"@id":"https:\/\/portalraizesnoticias.com.br\/#organization"},"image":{"@id":"https:\/\/portalraizesnoticias.com.br\/?p=12138#primaryimage"},"thumbnailUrl":"https:\/\/portalraizesnoticias.com.br\/wp-content\/uploads\/2026\/03\/IMG-20260317-WA0199.jpg","articleSection":["ENTRETERIMENTO E CULTURA"],"inLanguage":"pt-BR","potentialAction":[{"@type":"CommentAction","name":"Comment","target":["https:\/\/portalraizesnoticias.com.br\/?p=12138#respond"]}]},{"@type":"WebPage","@id":"https:\/\/portalraizesnoticias.com.br\/?p=12138","url":"https:\/\/portalraizesnoticias.com.br\/?p=12138","name":"MAB recebe projeto pioneiro que descreve pe\u00e7as para pessoas cegas e com baixa vis\u00e3o; conhe\u00e7a - Portal raizes noticias","isPartOf":{"@id":"https:\/\/portalraizesnoticias.com.br\/#website"},"primaryImageOfPage":{"@id":"https:\/\/portalraizesnoticias.com.br\/?p=12138#primaryimage"},"image":{"@id":"https:\/\/portalraizesnoticias.com.br\/?p=12138#primaryimage"},"thumbnailUrl":"https:\/\/portalraizesnoticias.com.br\/wp-content\/uploads\/2026\/03\/IMG-20260317-WA0199.jpg","datePublished":"2026-03-17T15:12:06+00:00","dateModified":"2026-03-17T15:12:07+00:00","breadcrumb":{"@id":"https:\/\/portalraizesnoticias.com.br\/?p=12138#breadcrumb"},"inLanguage":"pt-BR","potentialAction":[{"@type":"ReadAction","target":["https:\/\/portalraizesnoticias.com.br\/?p=12138"]}]},{"@type":"ImageObject","inLanguage":"pt-BR","@id":"https:\/\/portalraizesnoticias.com.br\/?p=12138#primaryimage","url":"https:\/\/portalraizesnoticias.com.br\/wp-content\/uploads\/2026\/03\/IMG-20260317-WA0199.jpg","contentUrl":"https:\/\/portalraizesnoticias.com.br\/wp-content\/uploads\/2026\/03\/IMG-20260317-WA0199.jpg","width":1600,"height":1048},{"@type":"BreadcrumbList","@id":"https:\/\/portalraizesnoticias.com.br\/?p=12138#breadcrumb","itemListElement":[{"@type":"ListItem","position":1,"name":"In\u00edcio","item":"https:\/\/portalraizesnoticias.com.br\/"},{"@type":"ListItem","position":2,"name":"MAB recebe projeto pioneiro que descreve pe\u00e7as para pessoas cegas e com baixa vis\u00e3o; conhe\u00e7a"}]},{"@type":"WebSite","@id":"https:\/\/portalraizesnoticias.com.br\/#website","url":"https:\/\/portalraizesnoticias.com.br\/","name":"Portal raizes NOTICIAS","description":"site de noticias de concei\u00e7\u00e3o do coit\u00e9 e regi\u00e3o","publisher":{"@id":"https:\/\/portalraizesnoticias.com.br\/#organization"},"alternateName":"PORTAL RAIZES COIT\u00c9","potentialAction":[{"@type":"SearchAction","target":{"@type":"EntryPoint","urlTemplate":"https:\/\/portalraizesnoticias.com.br\/?s={search_term_string}"},"query-input":{"@type":"PropertyValueSpecification","valueRequired":true,"valueName":"search_term_string"}}],"inLanguage":"pt-BR"},{"@type":"Organization","@id":"https:\/\/portalraizesnoticias.com.br\/#organization","name":"Portal raizes NOTICIAS","url":"https:\/\/portalraizesnoticias.com.br\/","logo":{"@type":"ImageObject","inLanguage":"pt-BR","@id":"https:\/\/portalraizesnoticias.com.br\/#\/schema\/logo\/image\/","url":"https:\/\/portalraizesnoticias.com.br\/wp-content\/uploads\/2024\/09\/cropped-Captura-de-tela-2024-09-08-011108.png","contentUrl":"https:\/\/portalraizesnoticias.com.br\/wp-content\/uploads\/2024\/09\/cropped-Captura-de-tela-2024-09-08-011108.png","width":606,"height":173,"caption":"Portal raizes NOTICIAS"},"image":{"@id":"https:\/\/portalraizesnoticias.com.br\/#\/schema\/logo\/image\/"}},{"@type":"Person","@id":"https:\/\/portalraizesnoticias.com.br\/#\/schema\/person\/a3ca6b0fc701e78df19756c417d943ae","name":"Portal Raizes","image":{"@type":"ImageObject","inLanguage":"pt-BR","@id":"https:\/\/portalraizesnoticias.com.br\/#\/schema\/person\/image\/","url":"https:\/\/secure.gravatar.com\/avatar\/ef450d29013a3d3fba867a12a249d7b1?s=96&d=mm&r=g","contentUrl":"https:\/\/secure.gravatar.com\/avatar\/ef450d29013a3d3fba867a12a249d7b1?s=96&d=mm&r=g","caption":"Portal Raizes"},"url":"https:\/\/portalraizesnoticias.com.br\/?author=3"}]}},"_links":{"self":[{"href":"https:\/\/portalraizesnoticias.com.br\/index.php?rest_route=\/wp\/v2\/posts\/12138"}],"collection":[{"href":"https:\/\/portalraizesnoticias.com.br\/index.php?rest_route=\/wp\/v2\/posts"}],"about":[{"href":"https:\/\/portalraizesnoticias.com.br\/index.php?rest_route=\/wp\/v2\/types\/post"}],"author":[{"embeddable":true,"href":"https:\/\/portalraizesnoticias.com.br\/index.php?rest_route=\/wp\/v2\/users\/3"}],"replies":[{"embeddable":true,"href":"https:\/\/portalraizesnoticias.com.br\/index.php?rest_route=%2Fwp%2Fv2%2Fcomments&post=12138"}],"version-history":[{"count":1,"href":"https:\/\/portalraizesnoticias.com.br\/index.php?rest_route=\/wp\/v2\/posts\/12138\/revisions"}],"predecessor-version":[{"id":12140,"href":"https:\/\/portalraizesnoticias.com.br\/index.php?rest_route=\/wp\/v2\/posts\/12138\/revisions\/12140"}],"wp:featuredmedia":[{"embeddable":true,"href":"https:\/\/portalraizesnoticias.com.br\/index.php?rest_route=\/wp\/v2\/media\/12139"}],"wp:attachment":[{"href":"https:\/\/portalraizesnoticias.com.br\/index.php?rest_route=%2Fwp%2Fv2%2Fmedia&parent=12138"}],"wp:term":[{"taxonomy":"category","embeddable":true,"href":"https:\/\/portalraizesnoticias.com.br\/index.php?rest_route=%2Fwp%2Fv2%2Fcategories&post=12138"},{"taxonomy":"post_tag","embeddable":true,"href":"https:\/\/portalraizesnoticias.com.br\/index.php?rest_route=%2Fwp%2Fv2%2Ftags&post=12138"}],"curies":[{"name":"wp","href":"https:\/\/api.w.org\/{rel}","templated":true}]}}