{"id":12123,"date":"2026-03-17T11:24:00","date_gmt":"2026-03-17T14:24:00","guid":{"rendered":"https:\/\/portalraizesnoticias.com.br\/?p=12123"},"modified":"2026-03-17T11:43:20","modified_gmt":"2026-03-17T14:43:20","slug":"caso-romario-seis-meses-apos-acidente-fatal-familia-de-motociclista-cobra-justica-em-retirolandia-laudo-aponta-ultrapassagem-irregular-suspeita-de-embriaguez-e-reu-esta-solto","status":"publish","type":"post","link":"https:\/\/portalraizesnoticias.com.br\/?p=12123","title":{"rendered":"Caso Rom\u00e1rio: seis meses ap\u00f3s acidente fatal, fam\u00edlia de motociclista cobra justi\u00e7a em Retirol\u00e2ndia; laudo aponta ultrapassagem irregular, suspeita de embriaguez e r\u00e9u est\u00e1 solto"},"content":{"rendered":"<p>Quase seis meses ap\u00f3s o tr\u00e1gico acidente que resultou na morte de um motociclista em Retirol\u00e2ndia, na regi\u00e3o sisaleira, a fam\u00edlia da v\u00edtima segue em busca de justi\u00e7a contra o suspeito de ter provocado a colis\u00e3o.<\/p>\n<p><img decoding=\"async\" class=\"size-medium wp-image-11228 aligncenter\" src=\"https:\/\/portalraizesnoticias.com.br\/wp-content\/uploads\/2026\/02\/IMG_8532-300x150.png\" alt=\"\" width=\"300\" height=\"150\" srcset=\"https:\/\/portalraizesnoticias.com.br\/wp-content\/uploads\/2026\/02\/IMG_8532-300x150.png 300w, https:\/\/portalraizesnoticias.com.br\/wp-content\/uploads\/2026\/02\/IMG_8532-1024x512.png 1024w, https:\/\/portalraizesnoticias.com.br\/wp-content\/uploads\/2026\/02\/IMG_8532-768x384.png 768w, https:\/\/portalraizesnoticias.com.br\/wp-content\/uploads\/2026\/02\/IMG_8532-1536x768.png 1536w, https:\/\/portalraizesnoticias.com.br\/wp-content\/uploads\/2026\/02\/IMG_8532-2048x1024.png 2048w\" sizes=\"(max-width: 300px) 100vw, 300px\" \/><\/p>\n<p>O acidente envolveu uma motocicleta e um Ford Fiesta, culminando na morte do condutor da moto, Rom\u00e1rio Maciel Saturnino, de 36 anos, natural do munic\u00edpio. O motorista do carro foi preso em flagrante e permaneceu detido por 30 dias.<\/p>\n<p><a href=\"https:\/\/www.calilanoticias.com\/2025\/09\/motociclista-morre-em-colisao-frontal-com-carro-de-passeio-na-ba-120\">Relembre o caso clicando aqui.<\/a><\/p>\n<p>De acordo com laudo pericial obtido pela jornalista Rafaela Rodrigues, no \u00e2mbito do processo que tramita na Vara Criminal de Retirol\u00e2ndia, uma ultrapassagem irregular pode ter sido a causa do acidente fatal.<\/p>\n<p>Segundo o documento, o acidente ocorreu em um trecho de pista com sinaliza\u00e7\u00e3o que proibia ultrapassagem para ve\u00edculos no sentido em que trafegava o Ford Fiesta, embora permitisse a manobra para motocicletas. A via \u00e9 de m\u00e3o dupla, possui asfalto em boas condi\u00e7\u00f5es, mas apresentava baixa visibilidade no momento do ocorrido devido \u00e0 aus\u00eancia de ilumina\u00e7\u00e3o p\u00fablica.<\/p>\n<p>Outro ponto central do processo \u00e9 a suspeita de que o motorista estivesse sob efeito de \u00e1lcool. No entanto, conforme consta nos autos, n\u00e3o h\u00e1 comprova\u00e7\u00e3o definitiva de embriaguez ao volante at\u00e9 o momento. Isso porque os testes de alcoolemia apresentaram resultados divergentes, com registros de 0,44 mg\/l e 0,26 mg\/l, levantando questionamentos sobre a consist\u00eancia da prova t\u00e9cnica.<\/p>\n<p>No processo, o r\u00e9u foi enquadrado principalmente em crimes de tr\u00e2nsito, com destaque para:<\/p>\n<p>Art. 306 do C\u00f3digo de Tr\u00e2nsito Brasileiro (CTB): conduzir ve\u00edculo sob efeito de \u00e1lcool;<\/p>\n<p>Art. 309 do CTB: dirigir sem habilita\u00e7\u00e3o ou com habilita\u00e7\u00e3o irregular, gerando perigo de dano.<\/p>\n<p><strong>Fam\u00edlia cobra justi\u00e7a<\/strong><\/p>\n<p>A irm\u00e3 de Rom\u00e1rio, Claudiane Maciel, 45 anos, relatou \u00e0 jornalista Rafaela Rodrigues que a fam\u00edlia ainda enfrenta um luto profundo diante da perda irrepar\u00e1vel.<\/p>\n<p><img fetchpriority=\"high\" decoding=\"async\" class=\"size-medium wp-image-12134 aligncenter\" src=\"https:\/\/portalraizesnoticias.com.br\/wp-content\/uploads\/2026\/03\/IMG-20260317-WA0131-300x169.jpg\" alt=\"\" width=\"300\" height=\"169\" srcset=\"https:\/\/portalraizesnoticias.com.br\/wp-content\/uploads\/2026\/03\/IMG-20260317-WA0131-300x169.jpg 300w, https:\/\/portalraizesnoticias.com.br\/wp-content\/uploads\/2026\/03\/IMG-20260317-WA0131-1024x576.jpg 1024w, https:\/\/portalraizesnoticias.com.br\/wp-content\/uploads\/2026\/03\/IMG-20260317-WA0131-768x432.jpg 768w, https:\/\/portalraizesnoticias.com.br\/wp-content\/uploads\/2026\/03\/IMG-20260317-WA0131-1536x864.jpg 1536w, https:\/\/portalraizesnoticias.com.br\/wp-content\/uploads\/2026\/03\/IMG-20260317-WA0131.jpg 1600w\" sizes=\"(max-width: 300px) 100vw, 300px\" \/><\/p>\n<p>Segundo ela, o r\u00e9u j\u00e1 teria se envolvido em outro acidente anteriormente.<\/p>\n<p>\u201cAntes dessa situa\u00e7\u00e3o com meu irm\u00e3o, esse mesmo rapaz atropelou nosso primo, que teve fraturas\u201d, afirmou.<\/p>\n<p>Claudiane tamb\u00e9m desabafou sobre a dor de ver o suspeito em liberdade.<\/p>\n<p>\u201c\u00c9 revoltante saber que ele continua vivendo normalmente, enquanto tirou a vida do meu irm\u00e3o. Ele poderia estar respondendo pelo que fez. N\u00f3s queremos justi\u00e7a. Meu irm\u00e3o n\u00e3o volta mais, mas \u00e9 justo esse homem estar livre, bebendo e correndo o risco de fazer novas v\u00edtimas? Preso, esse risco diminui e nossa dor ameniza diante de tudo isso\u201d, disse.<\/p>\n<p><strong>Filhos sentem a aus\u00eancia do pai<\/strong><\/p>\n<p>Rom\u00e1rio deixou dois filhos, de 7 e 12 anos. De acordo com Claudiane, o mais novo sofreu recentemente uma crise de p\u00e2nico ao chamar pelo pai.<\/p>\n<p><img decoding=\"async\" class=\"size-medium wp-image-12129 aligncenter\" src=\"https:\/\/portalraizesnoticias.com.br\/wp-content\/uploads\/2026\/03\/20260317111546-300x225.jpg\" alt=\"\" width=\"300\" height=\"225\" srcset=\"https:\/\/portalraizesnoticias.com.br\/wp-content\/uploads\/2026\/03\/20260317111546-300x225.jpg 300w, https:\/\/portalraizesnoticias.com.br\/wp-content\/uploads\/2026\/03\/20260317111546-1024x768.jpg 1024w, https:\/\/portalraizesnoticias.com.br\/wp-content\/uploads\/2026\/03\/20260317111546-768x576.jpg 768w, https:\/\/portalraizesnoticias.com.br\/wp-content\/uploads\/2026\/03\/20260317111546-1536x1153.jpg 1536w, https:\/\/portalraizesnoticias.com.br\/wp-content\/uploads\/2026\/03\/20260317111546.jpg 1599w\" sizes=\"(max-width: 300px) 100vw, 300px\" \/><\/p>\n<p>\u201c\u00c9 muito doloroso explicar para uma crian\u00e7a que o pai n\u00e3o vai voltar\u201d, relatou.<\/p>\n<p>Al\u00e9m dos filhos, a m\u00e3e da v\u00edtima, Claudiane e outros familiares enfrentam problemas psicol\u00f3gicos desde o ocorrido.<\/p>\n<p>\u201cN\u00e3o \u00e9 f\u00e1cil ver tanto sofrimento. Por isso, s\u00f3 queremos que ele responda pelo ato cometido, pois o pr\u00f3prio laudo aponta que houve erro\u201d, finalizou.<\/p>\n<p>O espa\u00e7o permanece aberto para manifesta\u00e7\u00e3o da outra parte, caso queira apresentar sua vers\u00e3o dos fatos.<\/p>\n<p>Reda\u00e7\u00e3o\/colabora\u00e7\u00e3o Marcos Valentim (Boca de 09)<\/p>\n","protected":false},"excerpt":{"rendered":"<p>Quase seis meses ap\u00f3s o tr\u00e1gico acidente que resultou na morte de um motociclista em Retirol\u00e2ndia, na regi\u00e3o sisaleira, a fam\u00edlia da v\u00edtima segue em busca de justi\u00e7a contra o suspeito de ter provocado a colis\u00e3o. O acidente envolveu uma motocicleta e um Ford Fiesta, culminando na morte do condutor da moto, Rom\u00e1rio Maciel Saturnino, de 36 anos, natural do munic\u00edpio. O motorista do carro foi preso em flagrante e permaneceu detido por 30 dias. Relembre o caso clicando aqui. De acordo com laudo pericial obtido pela jornalista Rafaela Rodrigues, no \u00e2mbito do processo que tramita na Vara Criminal de Retirol\u00e2ndia, uma ultrapassagem irregular pode ter sido a causa do acidente fatal. Segundo o documento, o acidente ocorreu em um trecho de pista com sinaliza\u00e7\u00e3o que proibia ultrapassagem para ve\u00edculos no sentido em que trafegava o Ford Fiesta, embora permitisse a manobra para motocicletas. A via \u00e9 de m\u00e3o dupla, possui asfalto em boas condi\u00e7\u00f5es, mas apresentava baixa visibilidade no momento do ocorrido devido \u00e0 aus\u00eancia de ilumina\u00e7\u00e3o p\u00fablica. Outro ponto central do processo \u00e9 a suspeita de que o motorista estivesse sob efeito de \u00e1lcool. No entanto, conforme consta nos autos, n\u00e3o h\u00e1 comprova\u00e7\u00e3o definitiva de embriaguez ao volante at\u00e9 o momento. Isso porque os testes de alcoolemia apresentaram resultados divergentes, com registros de 0,44 mg\/l e 0,26 mg\/l, levantando questionamentos sobre a consist\u00eancia da prova t\u00e9cnica. No processo, o r\u00e9u foi enquadrado principalmente em crimes de tr\u00e2nsito, com destaque para: Art. 306 do C\u00f3digo de Tr\u00e2nsito Brasileiro (CTB): conduzir ve\u00edculo sob efeito de \u00e1lcool; Art. 309 do CTB: dirigir sem habilita\u00e7\u00e3o ou com habilita\u00e7\u00e3o irregular, gerando perigo de dano. Fam\u00edlia cobra justi\u00e7a A irm\u00e3 de Rom\u00e1rio, Claudiane Maciel, 45 anos, relatou \u00e0 jornalista Rafaela Rodrigues que a fam\u00edlia ainda enfrenta um luto profundo diante da perda irrepar\u00e1vel. Segundo ela, o r\u00e9u j\u00e1 teria se envolvido em outro acidente anteriormente. \u201cAntes dessa situa\u00e7\u00e3o com meu irm\u00e3o, esse mesmo rapaz atropelou nosso primo, que teve fraturas\u201d, afirmou. Claudiane tamb\u00e9m desabafou sobre a dor de ver o suspeito em liberdade. \u201c\u00c9 revoltante saber que ele continua vivendo normalmente, enquanto tirou a vida do meu irm\u00e3o. Ele poderia estar respondendo pelo que fez. N\u00f3s queremos justi\u00e7a. Meu irm\u00e3o n\u00e3o volta mais, mas \u00e9 justo esse homem estar livre, bebendo e correndo o risco de fazer novas v\u00edtimas? Preso, esse risco diminui e nossa dor ameniza diante de tudo isso\u201d, disse. Filhos sentem a aus\u00eancia do pai Rom\u00e1rio deixou dois filhos, de 7 e 12 anos. De acordo com Claudiane, o mais novo sofreu recentemente uma crise de p\u00e2nico ao chamar pelo pai. \u201c\u00c9 muito doloroso explicar para uma crian\u00e7a que o pai n\u00e3o vai voltar\u201d, relatou. Al\u00e9m dos filhos, a m\u00e3e da v\u00edtima, Claudiane e outros familiares enfrentam problemas psicol\u00f3gicos desde o ocorrido. \u201cN\u00e3o \u00e9 f\u00e1cil ver tanto sofrimento. Por isso, s\u00f3 queremos que ele responda pelo ato cometido, pois o pr\u00f3prio laudo aponta que houve erro\u201d, finalizou. O espa\u00e7o permanece aberto para manifesta\u00e7\u00e3o da outra parte, caso queira apresentar sua vers\u00e3o dos fatos. Reda\u00e7\u00e3o\/colabora\u00e7\u00e3o Marcos Valentim (Boca de 09)<\/p>\n","protected":false},"author":3,"featured_media":12132,"comment_status":"open","ping_status":"open","sticky":false,"template":"","format":"standard","meta":{"_joinchat":[],"footnotes":""},"categories":[58,55,59],"tags":[139,231,448],"class_list":["post-12123","post","type-post","status-publish","format-standard","has-post-thumbnail","hentry","category-acidentes","category-destaques","category-ultimas-noticias","tag-acidente","tag-ba120","tag-retirolandia"],"yoast_head":"<!-- This site is optimized with the Yoast SEO plugin v24.4 - https:\/\/yoast.com\/wordpress\/plugins\/seo\/ -->\n<title>Caso Rom\u00e1rio: seis meses ap\u00f3s acidente fatal, fam\u00edlia de motociclista cobra justi\u00e7a em Retirol\u00e2ndia; laudo aponta ultrapassagem irregular, suspeita de embriaguez e r\u00e9u est\u00e1 solto - Portal raizes noticias<\/title>\n<meta name=\"robots\" content=\"index, follow, max-snippet:-1, max-image-preview:large, max-video-preview:-1\" \/>\n<link rel=\"canonical\" href=\"https:\/\/portalraizesnoticias.com.br\/?p=12123\" \/>\n<meta property=\"og:locale\" content=\"pt_BR\" \/>\n<meta property=\"og:type\" content=\"article\" \/>\n<meta property=\"og:title\" content=\"Caso Rom\u00e1rio: seis meses ap\u00f3s acidente fatal, fam\u00edlia de motociclista cobra justi\u00e7a em Retirol\u00e2ndia; laudo aponta ultrapassagem irregular, suspeita de embriaguez e r\u00e9u est\u00e1 solto - Portal raizes noticias\" \/>\n<meta property=\"og:description\" content=\"Quase seis meses ap\u00f3s o tr\u00e1gico acidente que resultou na morte de um motociclista em Retirol\u00e2ndia, na regi\u00e3o sisaleira, a fam\u00edlia da v\u00edtima segue em busca de justi\u00e7a contra o suspeito de ter provocado a colis\u00e3o. O acidente envolveu uma motocicleta e um Ford Fiesta, culminando na morte do condutor da moto, Rom\u00e1rio Maciel Saturnino, de 36 anos, natural do munic\u00edpio. O motorista do carro foi preso em flagrante e permaneceu detido por 30 dias. Relembre o caso clicando aqui. De acordo com laudo pericial obtido pela jornalista Rafaela Rodrigues, no \u00e2mbito do processo que tramita na Vara Criminal de Retirol\u00e2ndia, uma ultrapassagem irregular pode ter sido a causa do acidente fatal. Segundo o documento, o acidente ocorreu em um trecho de pista com sinaliza\u00e7\u00e3o que proibia ultrapassagem para ve\u00edculos no sentido em que trafegava o Ford Fiesta, embora permitisse a manobra para motocicletas. A via \u00e9 de m\u00e3o dupla, possui asfalto em boas condi\u00e7\u00f5es, mas apresentava baixa visibilidade no momento do ocorrido devido \u00e0 aus\u00eancia de ilumina\u00e7\u00e3o p\u00fablica. Outro ponto central do processo \u00e9 a suspeita de que o motorista estivesse sob efeito de \u00e1lcool. No entanto, conforme consta nos autos, n\u00e3o h\u00e1 comprova\u00e7\u00e3o definitiva de embriaguez ao volante at\u00e9 o momento. Isso porque os testes de alcoolemia apresentaram resultados divergentes, com registros de 0,44 mg\/l e 0,26 mg\/l, levantando questionamentos sobre a consist\u00eancia da prova t\u00e9cnica. No processo, o r\u00e9u foi enquadrado principalmente em crimes de tr\u00e2nsito, com destaque para: Art. 306 do C\u00f3digo de Tr\u00e2nsito Brasileiro (CTB): conduzir ve\u00edculo sob efeito de \u00e1lcool; Art. 309 do CTB: dirigir sem habilita\u00e7\u00e3o ou com habilita\u00e7\u00e3o irregular, gerando perigo de dano. Fam\u00edlia cobra justi\u00e7a A irm\u00e3 de Rom\u00e1rio, Claudiane Maciel, 45 anos, relatou \u00e0 jornalista Rafaela Rodrigues que a fam\u00edlia ainda enfrenta um luto profundo diante da perda irrepar\u00e1vel. Segundo ela, o r\u00e9u j\u00e1 teria se envolvido em outro acidente anteriormente. \u201cAntes dessa situa\u00e7\u00e3o com meu irm\u00e3o, esse mesmo rapaz atropelou nosso primo, que teve fraturas\u201d, afirmou. Claudiane tamb\u00e9m desabafou sobre a dor de ver o suspeito em liberdade. \u201c\u00c9 revoltante saber que ele continua vivendo normalmente, enquanto tirou a vida do meu irm\u00e3o. Ele poderia estar respondendo pelo que fez. N\u00f3s queremos justi\u00e7a. Meu irm\u00e3o n\u00e3o volta mais, mas \u00e9 justo esse homem estar livre, bebendo e correndo o risco de fazer novas v\u00edtimas? Preso, esse risco diminui e nossa dor ameniza diante de tudo isso\u201d, disse. Filhos sentem a aus\u00eancia do pai Rom\u00e1rio deixou dois filhos, de 7 e 12 anos. De acordo com Claudiane, o mais novo sofreu recentemente uma crise de p\u00e2nico ao chamar pelo pai. \u201c\u00c9 muito doloroso explicar para uma crian\u00e7a que o pai n\u00e3o vai voltar\u201d, relatou. Al\u00e9m dos filhos, a m\u00e3e da v\u00edtima, Claudiane e outros familiares enfrentam problemas psicol\u00f3gicos desde o ocorrido. \u201cN\u00e3o \u00e9 f\u00e1cil ver tanto sofrimento. Por isso, s\u00f3 queremos que ele responda pelo ato cometido, pois o pr\u00f3prio laudo aponta que houve erro\u201d, finalizou. O espa\u00e7o permanece aberto para manifesta\u00e7\u00e3o da outra parte, caso queira apresentar sua vers\u00e3o dos fatos. Reda\u00e7\u00e3o\/colabora\u00e7\u00e3o Marcos Valentim (Boca de 09)\" \/>\n<meta property=\"og:url\" content=\"https:\/\/portalraizesnoticias.com.br\/?p=12123\" \/>\n<meta property=\"og:site_name\" content=\"Portal raizes noticias\" \/>\n<meta property=\"article:published_time\" content=\"2026-03-17T14:24:00+00:00\" \/>\n<meta property=\"article:modified_time\" content=\"2026-03-17T14:43:20+00:00\" \/>\n<meta property=\"og:image\" content=\"https:\/\/portalraizesnoticias.com.br\/wp-content\/uploads\/2026\/03\/IMG-20260317-WA0179.jpg\" \/>\n\t<meta property=\"og:image:width\" content=\"1600\" \/>\n\t<meta property=\"og:image:height\" content=\"1600\" \/>\n\t<meta property=\"og:image:type\" content=\"image\/jpeg\" \/>\n<meta name=\"author\" content=\"Portal Raizes\" \/>\n<meta name=\"twitter:card\" content=\"summary_large_image\" \/>\n<meta name=\"twitter:label1\" content=\"Escrito por\" \/>\n\t<meta name=\"twitter:data1\" content=\"Portal Raizes\" \/>\n\t<meta name=\"twitter:label2\" content=\"Est. tempo de leitura\" \/>\n\t<meta name=\"twitter:data2\" content=\"4 minutos\" \/>\n<script type=\"application\/ld+json\" class=\"yoast-schema-graph\">{\"@context\":\"https:\/\/schema.org\",\"@graph\":[{\"@type\":\"Article\",\"@id\":\"https:\/\/portalraizesnoticias.com.br\/?p=12123#article\",\"isPartOf\":{\"@id\":\"https:\/\/portalraizesnoticias.com.br\/?p=12123\"},\"author\":{\"name\":\"Portal Raizes\",\"@id\":\"https:\/\/portalraizesnoticias.com.br\/#\/schema\/person\/a3ca6b0fc701e78df19756c417d943ae\"},\"headline\":\"Caso Rom\u00e1rio: seis meses ap\u00f3s acidente fatal, fam\u00edlia de motociclista cobra justi\u00e7a em Retirol\u00e2ndia; laudo aponta ultrapassagem irregular, suspeita de embriaguez e r\u00e9u est\u00e1 solto\",\"datePublished\":\"2026-03-17T14:24:00+00:00\",\"dateModified\":\"2026-03-17T14:43:20+00:00\",\"mainEntityOfPage\":{\"@id\":\"https:\/\/portalraizesnoticias.com.br\/?p=12123\"},\"wordCount\":585,\"commentCount\":0,\"publisher\":{\"@id\":\"https:\/\/portalraizesnoticias.com.br\/#organization\"},\"image\":{\"@id\":\"https:\/\/portalraizesnoticias.com.br\/?p=12123#primaryimage\"},\"thumbnailUrl\":\"https:\/\/portalraizesnoticias.com.br\/wp-content\/uploads\/2026\/03\/IMG-20260317-WA0179.jpg\",\"keywords\":[\"Acidente\",\"Ba120\",\"Retirol\u00e2ndia\"],\"articleSection\":[\"ACIDENTES\",\"DESTAQUES\",\"ULTIMAS NOTICIAS\"],\"inLanguage\":\"pt-BR\",\"potentialAction\":[{\"@type\":\"CommentAction\",\"name\":\"Comment\",\"target\":[\"https:\/\/portalraizesnoticias.com.br\/?p=12123#respond\"]}]},{\"@type\":\"WebPage\",\"@id\":\"https:\/\/portalraizesnoticias.com.br\/?p=12123\",\"url\":\"https:\/\/portalraizesnoticias.com.br\/?p=12123\",\"name\":\"Caso Rom\u00e1rio: seis meses ap\u00f3s acidente fatal, fam\u00edlia de motociclista cobra justi\u00e7a em Retirol\u00e2ndia; laudo aponta ultrapassagem irregular, suspeita de embriaguez e r\u00e9u est\u00e1 solto - Portal raizes noticias\",\"isPartOf\":{\"@id\":\"https:\/\/portalraizesnoticias.com.br\/#website\"},\"primaryImageOfPage\":{\"@id\":\"https:\/\/portalraizesnoticias.com.br\/?p=12123#primaryimage\"},\"image\":{\"@id\":\"https:\/\/portalraizesnoticias.com.br\/?p=12123#primaryimage\"},\"thumbnailUrl\":\"https:\/\/portalraizesnoticias.com.br\/wp-content\/uploads\/2026\/03\/IMG-20260317-WA0179.jpg\",\"datePublished\":\"2026-03-17T14:24:00+00:00\",\"dateModified\":\"2026-03-17T14:43:20+00:00\",\"breadcrumb\":{\"@id\":\"https:\/\/portalraizesnoticias.com.br\/?p=12123#breadcrumb\"},\"inLanguage\":\"pt-BR\",\"potentialAction\":[{\"@type\":\"ReadAction\",\"target\":[\"https:\/\/portalraizesnoticias.com.br\/?p=12123\"]}]},{\"@type\":\"ImageObject\",\"inLanguage\":\"pt-BR\",\"@id\":\"https:\/\/portalraizesnoticias.com.br\/?p=12123#primaryimage\",\"url\":\"https:\/\/portalraizesnoticias.com.br\/wp-content\/uploads\/2026\/03\/IMG-20260317-WA0179.jpg\",\"contentUrl\":\"https:\/\/portalraizesnoticias.com.br\/wp-content\/uploads\/2026\/03\/IMG-20260317-WA0179.jpg\",\"width\":1600,\"height\":1600},{\"@type\":\"BreadcrumbList\",\"@id\":\"https:\/\/portalraizesnoticias.com.br\/?p=12123#breadcrumb\",\"itemListElement\":[{\"@type\":\"ListItem\",\"position\":1,\"name\":\"In\u00edcio\",\"item\":\"https:\/\/portalraizesnoticias.com.br\/\"},{\"@type\":\"ListItem\",\"position\":2,\"name\":\"Caso Rom\u00e1rio: seis meses ap\u00f3s acidente fatal, fam\u00edlia de motociclista cobra justi\u00e7a em Retirol\u00e2ndia; laudo aponta ultrapassagem irregular, suspeita de embriaguez e r\u00e9u est\u00e1 solto\"}]},{\"@type\":\"WebSite\",\"@id\":\"https:\/\/portalraizesnoticias.com.br\/#website\",\"url\":\"https:\/\/portalraizesnoticias.com.br\/\",\"name\":\"Portal raizes NOTICIAS\",\"description\":\"site de noticias de concei\u00e7\u00e3o do coit\u00e9 e regi\u00e3o\",\"publisher\":{\"@id\":\"https:\/\/portalraizesnoticias.com.br\/#organization\"},\"alternateName\":\"PORTAL RAIZES COIT\u00c9\",\"potentialAction\":[{\"@type\":\"SearchAction\",\"target\":{\"@type\":\"EntryPoint\",\"urlTemplate\":\"https:\/\/portalraizesnoticias.com.br\/?s={search_term_string}\"},\"query-input\":{\"@type\":\"PropertyValueSpecification\",\"valueRequired\":true,\"valueName\":\"search_term_string\"}}],\"inLanguage\":\"pt-BR\"},{\"@type\":\"Organization\",\"@id\":\"https:\/\/portalraizesnoticias.com.br\/#organization\",\"name\":\"Portal raizes NOTICIAS\",\"url\":\"https:\/\/portalraizesnoticias.com.br\/\",\"logo\":{\"@type\":\"ImageObject\",\"inLanguage\":\"pt-BR\",\"@id\":\"https:\/\/portalraizesnoticias.com.br\/#\/schema\/logo\/image\/\",\"url\":\"https:\/\/portalraizesnoticias.com.br\/wp-content\/uploads\/2024\/09\/cropped-Captura-de-tela-2024-09-08-011108.png\",\"contentUrl\":\"https:\/\/portalraizesnoticias.com.br\/wp-content\/uploads\/2024\/09\/cropped-Captura-de-tela-2024-09-08-011108.png\",\"width\":606,\"height\":173,\"caption\":\"Portal raizes NOTICIAS\"},\"image\":{\"@id\":\"https:\/\/portalraizesnoticias.com.br\/#\/schema\/logo\/image\/\"}},{\"@type\":\"Person\",\"@id\":\"https:\/\/portalraizesnoticias.com.br\/#\/schema\/person\/a3ca6b0fc701e78df19756c417d943ae\",\"name\":\"Portal Raizes\",\"image\":{\"@type\":\"ImageObject\",\"inLanguage\":\"pt-BR\",\"@id\":\"https:\/\/portalraizesnoticias.com.br\/#\/schema\/person\/image\/\",\"url\":\"https:\/\/secure.gravatar.com\/avatar\/ef450d29013a3d3fba867a12a249d7b1?s=96&d=mm&r=g\",\"contentUrl\":\"https:\/\/secure.gravatar.com\/avatar\/ef450d29013a3d3fba867a12a249d7b1?s=96&d=mm&r=g\",\"caption\":\"Portal Raizes\"},\"url\":\"https:\/\/portalraizesnoticias.com.br\/?author=3\"}]}<\/script>\n<!-- \/ Yoast SEO plugin. -->","yoast_head_json":{"title":"Caso Rom\u00e1rio: seis meses ap\u00f3s acidente fatal, fam\u00edlia de motociclista cobra justi\u00e7a em Retirol\u00e2ndia; laudo aponta ultrapassagem irregular, suspeita de embriaguez e r\u00e9u est\u00e1 solto - Portal raizes noticias","robots":{"index":"index","follow":"follow","max-snippet":"max-snippet:-1","max-image-preview":"max-image-preview:large","max-video-preview":"max-video-preview:-1"},"canonical":"https:\/\/portalraizesnoticias.com.br\/?p=12123","og_locale":"pt_BR","og_type":"article","og_title":"Caso Rom\u00e1rio: seis meses ap\u00f3s acidente fatal, fam\u00edlia de motociclista cobra justi\u00e7a em Retirol\u00e2ndia; laudo aponta ultrapassagem irregular, suspeita de embriaguez e r\u00e9u est\u00e1 solto - Portal raizes noticias","og_description":"Quase seis meses ap\u00f3s o tr\u00e1gico acidente que resultou na morte de um motociclista em Retirol\u00e2ndia, na regi\u00e3o sisaleira, a fam\u00edlia da v\u00edtima segue em busca de justi\u00e7a contra o suspeito de ter provocado a colis\u00e3o. O acidente envolveu uma motocicleta e um Ford Fiesta, culminando na morte do condutor da moto, Rom\u00e1rio Maciel Saturnino, de 36 anos, natural do munic\u00edpio. O motorista do carro foi preso em flagrante e permaneceu detido por 30 dias. Relembre o caso clicando aqui. De acordo com laudo pericial obtido pela jornalista Rafaela Rodrigues, no \u00e2mbito do processo que tramita na Vara Criminal de Retirol\u00e2ndia, uma ultrapassagem irregular pode ter sido a causa do acidente fatal. Segundo o documento, o acidente ocorreu em um trecho de pista com sinaliza\u00e7\u00e3o que proibia ultrapassagem para ve\u00edculos no sentido em que trafegava o Ford Fiesta, embora permitisse a manobra para motocicletas. A via \u00e9 de m\u00e3o dupla, possui asfalto em boas condi\u00e7\u00f5es, mas apresentava baixa visibilidade no momento do ocorrido devido \u00e0 aus\u00eancia de ilumina\u00e7\u00e3o p\u00fablica. Outro ponto central do processo \u00e9 a suspeita de que o motorista estivesse sob efeito de \u00e1lcool. No entanto, conforme consta nos autos, n\u00e3o h\u00e1 comprova\u00e7\u00e3o definitiva de embriaguez ao volante at\u00e9 o momento. Isso porque os testes de alcoolemia apresentaram resultados divergentes, com registros de 0,44 mg\/l e 0,26 mg\/l, levantando questionamentos sobre a consist\u00eancia da prova t\u00e9cnica. No processo, o r\u00e9u foi enquadrado principalmente em crimes de tr\u00e2nsito, com destaque para: Art. 306 do C\u00f3digo de Tr\u00e2nsito Brasileiro (CTB): conduzir ve\u00edculo sob efeito de \u00e1lcool; Art. 309 do CTB: dirigir sem habilita\u00e7\u00e3o ou com habilita\u00e7\u00e3o irregular, gerando perigo de dano. Fam\u00edlia cobra justi\u00e7a A irm\u00e3 de Rom\u00e1rio, Claudiane Maciel, 45 anos, relatou \u00e0 jornalista Rafaela Rodrigues que a fam\u00edlia ainda enfrenta um luto profundo diante da perda irrepar\u00e1vel. Segundo ela, o r\u00e9u j\u00e1 teria se envolvido em outro acidente anteriormente. \u201cAntes dessa situa\u00e7\u00e3o com meu irm\u00e3o, esse mesmo rapaz atropelou nosso primo, que teve fraturas\u201d, afirmou. Claudiane tamb\u00e9m desabafou sobre a dor de ver o suspeito em liberdade. \u201c\u00c9 revoltante saber que ele continua vivendo normalmente, enquanto tirou a vida do meu irm\u00e3o. Ele poderia estar respondendo pelo que fez. N\u00f3s queremos justi\u00e7a. Meu irm\u00e3o n\u00e3o volta mais, mas \u00e9 justo esse homem estar livre, bebendo e correndo o risco de fazer novas v\u00edtimas? Preso, esse risco diminui e nossa dor ameniza diante de tudo isso\u201d, disse. Filhos sentem a aus\u00eancia do pai Rom\u00e1rio deixou dois filhos, de 7 e 12 anos. De acordo com Claudiane, o mais novo sofreu recentemente uma crise de p\u00e2nico ao chamar pelo pai. \u201c\u00c9 muito doloroso explicar para uma crian\u00e7a que o pai n\u00e3o vai voltar\u201d, relatou. Al\u00e9m dos filhos, a m\u00e3e da v\u00edtima, Claudiane e outros familiares enfrentam problemas psicol\u00f3gicos desde o ocorrido. \u201cN\u00e3o \u00e9 f\u00e1cil ver tanto sofrimento. Por isso, s\u00f3 queremos que ele responda pelo ato cometido, pois o pr\u00f3prio laudo aponta que houve erro\u201d, finalizou. O espa\u00e7o permanece aberto para manifesta\u00e7\u00e3o da outra parte, caso queira apresentar sua vers\u00e3o dos fatos. Reda\u00e7\u00e3o\/colabora\u00e7\u00e3o Marcos Valentim (Boca de 09)","og_url":"https:\/\/portalraizesnoticias.com.br\/?p=12123","og_site_name":"Portal raizes noticias","article_published_time":"2026-03-17T14:24:00+00:00","article_modified_time":"2026-03-17T14:43:20+00:00","og_image":[{"width":1600,"height":1600,"url":"https:\/\/portalraizesnoticias.com.br\/wp-content\/uploads\/2026\/03\/IMG-20260317-WA0179.jpg","type":"image\/jpeg"}],"author":"Portal Raizes","twitter_card":"summary_large_image","twitter_misc":{"Escrito por":"Portal Raizes","Est. tempo de leitura":"4 minutos"},"schema":{"@context":"https:\/\/schema.org","@graph":[{"@type":"Article","@id":"https:\/\/portalraizesnoticias.com.br\/?p=12123#article","isPartOf":{"@id":"https:\/\/portalraizesnoticias.com.br\/?p=12123"},"author":{"name":"Portal Raizes","@id":"https:\/\/portalraizesnoticias.com.br\/#\/schema\/person\/a3ca6b0fc701e78df19756c417d943ae"},"headline":"Caso Rom\u00e1rio: seis meses ap\u00f3s acidente fatal, fam\u00edlia de motociclista cobra justi\u00e7a em Retirol\u00e2ndia; laudo aponta ultrapassagem irregular, suspeita de embriaguez e r\u00e9u est\u00e1 solto","datePublished":"2026-03-17T14:24:00+00:00","dateModified":"2026-03-17T14:43:20+00:00","mainEntityOfPage":{"@id":"https:\/\/portalraizesnoticias.com.br\/?p=12123"},"wordCount":585,"commentCount":0,"publisher":{"@id":"https:\/\/portalraizesnoticias.com.br\/#organization"},"image":{"@id":"https:\/\/portalraizesnoticias.com.br\/?p=12123#primaryimage"},"thumbnailUrl":"https:\/\/portalraizesnoticias.com.br\/wp-content\/uploads\/2026\/03\/IMG-20260317-WA0179.jpg","keywords":["Acidente","Ba120","Retirol\u00e2ndia"],"articleSection":["ACIDENTES","DESTAQUES","ULTIMAS NOTICIAS"],"inLanguage":"pt-BR","potentialAction":[{"@type":"CommentAction","name":"Comment","target":["https:\/\/portalraizesnoticias.com.br\/?p=12123#respond"]}]},{"@type":"WebPage","@id":"https:\/\/portalraizesnoticias.com.br\/?p=12123","url":"https:\/\/portalraizesnoticias.com.br\/?p=12123","name":"Caso Rom\u00e1rio: seis meses ap\u00f3s acidente fatal, fam\u00edlia de motociclista cobra justi\u00e7a em Retirol\u00e2ndia; laudo aponta ultrapassagem irregular, suspeita de embriaguez e r\u00e9u est\u00e1 solto - Portal raizes noticias","isPartOf":{"@id":"https:\/\/portalraizesnoticias.com.br\/#website"},"primaryImageOfPage":{"@id":"https:\/\/portalraizesnoticias.com.br\/?p=12123#primaryimage"},"image":{"@id":"https:\/\/portalraizesnoticias.com.br\/?p=12123#primaryimage"},"thumbnailUrl":"https:\/\/portalraizesnoticias.com.br\/wp-content\/uploads\/2026\/03\/IMG-20260317-WA0179.jpg","datePublished":"2026-03-17T14:24:00+00:00","dateModified":"2026-03-17T14:43:20+00:00","breadcrumb":{"@id":"https:\/\/portalraizesnoticias.com.br\/?p=12123#breadcrumb"},"inLanguage":"pt-BR","potentialAction":[{"@type":"ReadAction","target":["https:\/\/portalraizesnoticias.com.br\/?p=12123"]}]},{"@type":"ImageObject","inLanguage":"pt-BR","@id":"https:\/\/portalraizesnoticias.com.br\/?p=12123#primaryimage","url":"https:\/\/portalraizesnoticias.com.br\/wp-content\/uploads\/2026\/03\/IMG-20260317-WA0179.jpg","contentUrl":"https:\/\/portalraizesnoticias.com.br\/wp-content\/uploads\/2026\/03\/IMG-20260317-WA0179.jpg","width":1600,"height":1600},{"@type":"BreadcrumbList","@id":"https:\/\/portalraizesnoticias.com.br\/?p=12123#breadcrumb","itemListElement":[{"@type":"ListItem","position":1,"name":"In\u00edcio","item":"https:\/\/portalraizesnoticias.com.br\/"},{"@type":"ListItem","position":2,"name":"Caso Rom\u00e1rio: seis meses ap\u00f3s acidente fatal, fam\u00edlia de motociclista cobra justi\u00e7a em Retirol\u00e2ndia; laudo aponta ultrapassagem irregular, suspeita de embriaguez e r\u00e9u est\u00e1 solto"}]},{"@type":"WebSite","@id":"https:\/\/portalraizesnoticias.com.br\/#website","url":"https:\/\/portalraizesnoticias.com.br\/","name":"Portal raizes NOTICIAS","description":"site de noticias de concei\u00e7\u00e3o do coit\u00e9 e regi\u00e3o","publisher":{"@id":"https:\/\/portalraizesnoticias.com.br\/#organization"},"alternateName":"PORTAL RAIZES COIT\u00c9","potentialAction":[{"@type":"SearchAction","target":{"@type":"EntryPoint","urlTemplate":"https:\/\/portalraizesnoticias.com.br\/?s={search_term_string}"},"query-input":{"@type":"PropertyValueSpecification","valueRequired":true,"valueName":"search_term_string"}}],"inLanguage":"pt-BR"},{"@type":"Organization","@id":"https:\/\/portalraizesnoticias.com.br\/#organization","name":"Portal raizes NOTICIAS","url":"https:\/\/portalraizesnoticias.com.br\/","logo":{"@type":"ImageObject","inLanguage":"pt-BR","@id":"https:\/\/portalraizesnoticias.com.br\/#\/schema\/logo\/image\/","url":"https:\/\/portalraizesnoticias.com.br\/wp-content\/uploads\/2024\/09\/cropped-Captura-de-tela-2024-09-08-011108.png","contentUrl":"https:\/\/portalraizesnoticias.com.br\/wp-content\/uploads\/2024\/09\/cropped-Captura-de-tela-2024-09-08-011108.png","width":606,"height":173,"caption":"Portal raizes NOTICIAS"},"image":{"@id":"https:\/\/portalraizesnoticias.com.br\/#\/schema\/logo\/image\/"}},{"@type":"Person","@id":"https:\/\/portalraizesnoticias.com.br\/#\/schema\/person\/a3ca6b0fc701e78df19756c417d943ae","name":"Portal Raizes","image":{"@type":"ImageObject","inLanguage":"pt-BR","@id":"https:\/\/portalraizesnoticias.com.br\/#\/schema\/person\/image\/","url":"https:\/\/secure.gravatar.com\/avatar\/ef450d29013a3d3fba867a12a249d7b1?s=96&d=mm&r=g","contentUrl":"https:\/\/secure.gravatar.com\/avatar\/ef450d29013a3d3fba867a12a249d7b1?s=96&d=mm&r=g","caption":"Portal Raizes"},"url":"https:\/\/portalraizesnoticias.com.br\/?author=3"}]}},"_links":{"self":[{"href":"https:\/\/portalraizesnoticias.com.br\/index.php?rest_route=\/wp\/v2\/posts\/12123"}],"collection":[{"href":"https:\/\/portalraizesnoticias.com.br\/index.php?rest_route=\/wp\/v2\/posts"}],"about":[{"href":"https:\/\/portalraizesnoticias.com.br\/index.php?rest_route=\/wp\/v2\/types\/post"}],"author":[{"embeddable":true,"href":"https:\/\/portalraizesnoticias.com.br\/index.php?rest_route=\/wp\/v2\/users\/3"}],"replies":[{"embeddable":true,"href":"https:\/\/portalraizesnoticias.com.br\/index.php?rest_route=%2Fwp%2Fv2%2Fcomments&post=12123"}],"version-history":[{"count":11,"href":"https:\/\/portalraizesnoticias.com.br\/index.php?rest_route=\/wp\/v2\/posts\/12123\/revisions"}],"predecessor-version":[{"id":12137,"href":"https:\/\/portalraizesnoticias.com.br\/index.php?rest_route=\/wp\/v2\/posts\/12123\/revisions\/12137"}],"wp:featuredmedia":[{"embeddable":true,"href":"https:\/\/portalraizesnoticias.com.br\/index.php?rest_route=\/wp\/v2\/media\/12132"}],"wp:attachment":[{"href":"https:\/\/portalraizesnoticias.com.br\/index.php?rest_route=%2Fwp%2Fv2%2Fmedia&parent=12123"}],"wp:term":[{"taxonomy":"category","embeddable":true,"href":"https:\/\/portalraizesnoticias.com.br\/index.php?rest_route=%2Fwp%2Fv2%2Fcategories&post=12123"},{"taxonomy":"post_tag","embeddable":true,"href":"https:\/\/portalraizesnoticias.com.br\/index.php?rest_route=%2Fwp%2Fv2%2Ftags&post=12123"}],"curies":[{"name":"wp","href":"https:\/\/api.w.org\/{rel}","templated":true}]}}