{"id":12115,"date":"2026-03-16T17:47:58","date_gmt":"2026-03-16T20:47:58","guid":{"rendered":"https:\/\/portalraizesnoticias.com.br\/?p=12115"},"modified":"2026-03-16T17:53:11","modified_gmt":"2026-03-16T20:53:11","slug":"apos-beca-ser-descartada-por-engano-durante-limpeza-de-praca-camara-de-conceicao-do-coite-doa-nova-vestimenta-a-advogado-e-concede-mocao-de-aplausos","status":"publish","type":"post","link":"https:\/\/portalraizesnoticias.com.br\/?p=12115","title":{"rendered":"Ap\u00f3s beca ser descartada por engano durante limpeza de pra\u00e7a, C\u00e2mara de Concei\u00e7\u00e3o do Coit\u00e9 doa nova vestimenta a advogado e concede Mo\u00e7\u00e3o de Aplausos"},"content":{"rendered":"<p>A C\u00e2mara de Vereadores de Concei\u00e7\u00e3o do Coit\u00e9 realizou, nesta segunda-feira (16), um gesto considerado louv\u00e1vel em nome da popula\u00e7\u00e3o ao amenizar a dor do renomado advogado criminalista Vivaldo Amaral, que havia perdido sua tradicional beca durante um j\u00fari realizado na cidade, em novembro do ano passado.<\/p>\n<p><strong>Relembre aqui:<\/strong>\u00a0<a href=\"https:\/\/portalraizesnoticias.com.br\/advogado-procura-beca-usada-em-mais-de-700-juris-apos-perda-em-conceicao-do-coite-gratifico-bem-quem-encontrar\/\">Advogado procura beca usada em mais de 700 j\u00faris ap\u00f3s perda em Concei\u00e7\u00e3o do Coit\u00e9: \u201cGratifico bem quem encontrar!\u201d<\/a><\/p>\n<p><img fetchpriority=\"high\" decoding=\"async\" class=\"size-medium wp-image-12118 aligncenter\" src=\"https:\/\/portalraizesnoticias.com.br\/wp-content\/uploads\/2026\/03\/IMG-20260316-WA0314-286x300.jpg\" alt=\"\" width=\"286\" height=\"300\" srcset=\"https:\/\/portalraizesnoticias.com.br\/wp-content\/uploads\/2026\/03\/IMG-20260316-WA0314-286x300.jpg 286w, https:\/\/portalraizesnoticias.com.br\/wp-content\/uploads\/2026\/03\/IMG-20260316-WA0314-768x807.jpg 768w, https:\/\/portalraizesnoticias.com.br\/wp-content\/uploads\/2026\/03\/IMG-20260316-WA0314.jpg 971w\" sizes=\"(max-width: 286px) 100vw, 286px\" \/><\/p>\n<p>Segundo o presidente da C\u00e2mara, vereador Nego Jai, na ocasi\u00e3o o advogado havia se deslocado do F\u00f3rum at\u00e9 a sede do Legislativo, que fica a poucos metros do local, para visit\u00e1-lo.<\/p>\n<p>\u201cEle perdeu a beca na \u00e9poca em que a pra\u00e7a estava sendo limpa para uma inaugura\u00e7\u00e3o. Algu\u00e9m que n\u00e3o sabia do que se tratava acabou colocando a vestimenta no carro de lixo\u201d, contou Nego Jai a jornalista Rafaela Rodrigues.<\/p>\n<p>Diante da situa\u00e7\u00e3o, a C\u00e2mara decidiu, em nome do povo coiteense, adquirir uma nova beca e fazer a doa\u00e7\u00e3o ao advogado, que utilizava a anterior h\u00e1 mais de 30 anos em cerca de 700 sess\u00f5es do Tribunal do J\u00fari.<\/p>\n<p><img decoding=\"async\" class=\"size-medium wp-image-12119 aligncenter\" src=\"https:\/\/portalraizesnoticias.com.br\/wp-content\/uploads\/2026\/03\/IMG-20260316-WA0313-300x262.jpg\" alt=\"\" width=\"300\" height=\"262\" srcset=\"https:\/\/portalraizesnoticias.com.br\/wp-content\/uploads\/2026\/03\/IMG-20260316-WA0313-300x262.jpg 300w, https:\/\/portalraizesnoticias.com.br\/wp-content\/uploads\/2026\/03\/IMG-20260316-WA0313-768x671.jpg 768w, https:\/\/portalraizesnoticias.com.br\/wp-content\/uploads\/2026\/03\/IMG-20260316-WA0313.jpg 935w\" sizes=\"(max-width: 300px) 100vw, 300px\" \/><\/p>\n<p>O ato de entrega aconteceu nesta segunda-feira (16). Al\u00e9m da nova beca, Vivaldo Amaral tamb\u00e9m recebeu uma Mo\u00e7\u00e3o de Aplausos, em reconhecimento \u00e0 sua trajet\u00f3ria e contribui\u00e7\u00e3o \u00e0 advocacia criminal.<\/p>\n<p>\u201cHoje n\u00e3o recebo apenas uma nova beca. Recebo um gesto de respeito \u00e0 advocacia criminal e um reconhecimento ao Tribunal do J\u00fari\u201d, destacou o advogado.<\/p>\n<p>Ele agradeceu aos vereadores, ao presidente da Casa, Nego Jai, \u00e0s autoridades envolvidas e \u201cprincipalmente ao povo coiteense\u201d.<\/p>\n<p><strong>Quem \u00e9 Vivaldo!\u00a0<\/strong><\/p>\n<p>Vivaldo Amaral \u00e9 considerado um dos criminalistas mais experientes do pa\u00eds. Com mais de 30 anos de atua\u00e7\u00e3o, ele j\u00e1 participou de centenas de julgamentos no Tribunal do J\u00fari e ganhou notoriedade nacional ao atuar em casos de grande repercuss\u00e3o.<\/p>\n<p>Entre eles est\u00e1 o caso Matheus Meira, estudante de medicina baiano respons\u00e1vel pelo ataque a tiros no cinema do Shopping Morumbi, em S\u00e3o Paulo, considerado a primeira chacina registrada em um cinema no Brasil.<\/p>\n<p>O advogado tamb\u00e9m integrou a equipe de defesa no caso Nardoni, um dos julgamentos mais emblem\u00e1ticos da hist\u00f3ria recente do pa\u00eds, sendo o \u00fanico advogado do Norte e Nordeste a atuar diretamente no processo.<\/p>\n<p>Outro caso de grande repercuss\u00e3o em que atuou foi o de Rosanita \u201cPicadinho\u201d, acusada de dopar, matar, esquartejar e fritar o pr\u00f3prio marido em Salvador, epis\u00f3dio que ganhou ampla cobertura da m\u00eddia nacional.<\/p>\n<p>Especialista em Ci\u00eancias Criminais pelo Instituto de Estudos Luiz Fl\u00e1vio Gomes (LFG), Vivaldo Amaral \u00e9 membro de importantes institui\u00e7\u00f5es jur\u00eddicas, como o Instituto Brasileiro de Ci\u00eancias Criminais (IBCCRIM), a Associa\u00e7\u00e3o dos Advogados Criminalistas (ACRIM) e a Associa\u00e7\u00e3o dos Advogados Criminalistas da Bahia (AACB).<\/p>\n<p>Em 2022, ele chegou a disputar uma vaga de desembargador do Tribunal de Justi\u00e7a da Bahia (TJBA) pelo Quinto Constitucional da advocacia, tendo integrado a lista tr\u00edplice enviada ao governador do estado.<\/p>\n<p>Com sede em Salvador, o advogado mant\u00e9m atua\u00e7\u00e3o em diversos tribunais do pa\u00eds e segue sendo uma das refer\u00eancias da advocacia criminal brasileira.<\/p>\n<p>Por Rafaela Rodrigues<\/p>\n","protected":false},"excerpt":{"rendered":"<p>A C\u00e2mara de Vereadores de Concei\u00e7\u00e3o do Coit\u00e9 realizou, nesta segunda-feira (16), um gesto considerado louv\u00e1vel em nome da popula\u00e7\u00e3o ao amenizar a dor do renomado advogado criminalista Vivaldo Amaral, que havia perdido sua tradicional beca durante um j\u00fari realizado na cidade, em novembro do ano passado. Relembre aqui:\u00a0Advogado procura beca usada em mais de 700 j\u00faris ap\u00f3s perda em Concei\u00e7\u00e3o do Coit\u00e9: \u201cGratifico bem quem encontrar!\u201d Segundo o presidente da C\u00e2mara, vereador Nego Jai, na ocasi\u00e3o o advogado havia se deslocado do F\u00f3rum at\u00e9 a sede do Legislativo, que fica a poucos metros do local, para visit\u00e1-lo. \u201cEle perdeu a beca na \u00e9poca em que a pra\u00e7a estava sendo limpa para uma inaugura\u00e7\u00e3o. Algu\u00e9m que n\u00e3o sabia do que se tratava acabou colocando a vestimenta no carro de lixo\u201d, contou Nego Jai a jornalista Rafaela Rodrigues. Diante da situa\u00e7\u00e3o, a C\u00e2mara decidiu, em nome do povo coiteense, adquirir uma nova beca e fazer a doa\u00e7\u00e3o ao advogado, que utilizava a anterior h\u00e1 mais de 30 anos em cerca de 700 sess\u00f5es do Tribunal do J\u00fari. O ato de entrega aconteceu nesta segunda-feira (16). Al\u00e9m da nova beca, Vivaldo Amaral tamb\u00e9m recebeu uma Mo\u00e7\u00e3o de Aplausos, em reconhecimento \u00e0 sua trajet\u00f3ria e contribui\u00e7\u00e3o \u00e0 advocacia criminal. \u201cHoje n\u00e3o recebo apenas uma nova beca. Recebo um gesto de respeito \u00e0 advocacia criminal e um reconhecimento ao Tribunal do J\u00fari\u201d, destacou o advogado. Ele agradeceu aos vereadores, ao presidente da Casa, Nego Jai, \u00e0s autoridades envolvidas e \u201cprincipalmente ao povo coiteense\u201d. Quem \u00e9 Vivaldo!\u00a0 Vivaldo Amaral \u00e9 considerado um dos criminalistas mais experientes do pa\u00eds. Com mais de 30 anos de atua\u00e7\u00e3o, ele j\u00e1 participou de centenas de julgamentos no Tribunal do J\u00fari e ganhou notoriedade nacional ao atuar em casos de grande repercuss\u00e3o. Entre eles est\u00e1 o caso Matheus Meira, estudante de medicina baiano respons\u00e1vel pelo ataque a tiros no cinema do Shopping Morumbi, em S\u00e3o Paulo, considerado a primeira chacina registrada em um cinema no Brasil. O advogado tamb\u00e9m integrou a equipe de defesa no caso Nardoni, um dos julgamentos mais emblem\u00e1ticos da hist\u00f3ria recente do pa\u00eds, sendo o \u00fanico advogado do Norte e Nordeste a atuar diretamente no processo. Outro caso de grande repercuss\u00e3o em que atuou foi o de Rosanita \u201cPicadinho\u201d, acusada de dopar, matar, esquartejar e fritar o pr\u00f3prio marido em Salvador, epis\u00f3dio que ganhou ampla cobertura da m\u00eddia nacional. Especialista em Ci\u00eancias Criminais pelo Instituto de Estudos Luiz Fl\u00e1vio Gomes (LFG), Vivaldo Amaral \u00e9 membro de importantes institui\u00e7\u00f5es jur\u00eddicas, como o Instituto Brasileiro de Ci\u00eancias Criminais (IBCCRIM), a Associa\u00e7\u00e3o dos Advogados Criminalistas (ACRIM) e a Associa\u00e7\u00e3o dos Advogados Criminalistas da Bahia (AACB). Em 2022, ele chegou a disputar uma vaga de desembargador do Tribunal de Justi\u00e7a da Bahia (TJBA) pelo Quinto Constitucional da advocacia, tendo integrado a lista tr\u00edplice enviada ao governador do estado. Com sede em Salvador, o advogado mant\u00e9m atua\u00e7\u00e3o em diversos tribunais do pa\u00eds e segue sendo uma das refer\u00eancias da advocacia criminal brasileira. Por Rafaela Rodrigues<\/p>\n","protected":false},"author":3,"featured_media":12116,"comment_status":"open","ping_status":"open","sticky":false,"template":"","format":"standard","meta":{"_joinchat":[],"footnotes":""},"categories":[55,53,59],"tags":[],"class_list":["post-12115","post","type-post","status-publish","format-standard","has-post-thumbnail","hentry","category-destaques","category-politica","category-ultimas-noticias"],"yoast_head":"<!-- This site is optimized with the Yoast SEO plugin v24.4 - https:\/\/yoast.com\/wordpress\/plugins\/seo\/ -->\n<title>Ap\u00f3s beca ser descartada por engano durante limpeza de pra\u00e7a, C\u00e2mara de Concei\u00e7\u00e3o do Coit\u00e9 doa nova vestimenta a advogado e concede Mo\u00e7\u00e3o de Aplausos - Portal raizes noticias<\/title>\n<meta name=\"robots\" content=\"index, follow, max-snippet:-1, max-image-preview:large, max-video-preview:-1\" \/>\n<link rel=\"canonical\" href=\"https:\/\/portalraizesnoticias.com.br\/?p=12115\" \/>\n<meta property=\"og:locale\" content=\"pt_BR\" \/>\n<meta property=\"og:type\" content=\"article\" \/>\n<meta property=\"og:title\" content=\"Ap\u00f3s beca ser descartada por engano durante limpeza de pra\u00e7a, C\u00e2mara de Concei\u00e7\u00e3o do Coit\u00e9 doa nova vestimenta a advogado e concede Mo\u00e7\u00e3o de Aplausos - Portal raizes noticias\" \/>\n<meta property=\"og:description\" content=\"A C\u00e2mara de Vereadores de Concei\u00e7\u00e3o do Coit\u00e9 realizou, nesta segunda-feira (16), um gesto considerado louv\u00e1vel em nome da popula\u00e7\u00e3o ao amenizar a dor do renomado advogado criminalista Vivaldo Amaral, que havia perdido sua tradicional beca durante um j\u00fari realizado na cidade, em novembro do ano passado. Relembre aqui:\u00a0Advogado procura beca usada em mais de 700 j\u00faris ap\u00f3s perda em Concei\u00e7\u00e3o do Coit\u00e9: \u201cGratifico bem quem encontrar!\u201d Segundo o presidente da C\u00e2mara, vereador Nego Jai, na ocasi\u00e3o o advogado havia se deslocado do F\u00f3rum at\u00e9 a sede do Legislativo, que fica a poucos metros do local, para visit\u00e1-lo. \u201cEle perdeu a beca na \u00e9poca em que a pra\u00e7a estava sendo limpa para uma inaugura\u00e7\u00e3o. Algu\u00e9m que n\u00e3o sabia do que se tratava acabou colocando a vestimenta no carro de lixo\u201d, contou Nego Jai a jornalista Rafaela Rodrigues. Diante da situa\u00e7\u00e3o, a C\u00e2mara decidiu, em nome do povo coiteense, adquirir uma nova beca e fazer a doa\u00e7\u00e3o ao advogado, que utilizava a anterior h\u00e1 mais de 30 anos em cerca de 700 sess\u00f5es do Tribunal do J\u00fari. O ato de entrega aconteceu nesta segunda-feira (16). Al\u00e9m da nova beca, Vivaldo Amaral tamb\u00e9m recebeu uma Mo\u00e7\u00e3o de Aplausos, em reconhecimento \u00e0 sua trajet\u00f3ria e contribui\u00e7\u00e3o \u00e0 advocacia criminal. \u201cHoje n\u00e3o recebo apenas uma nova beca. Recebo um gesto de respeito \u00e0 advocacia criminal e um reconhecimento ao Tribunal do J\u00fari\u201d, destacou o advogado. Ele agradeceu aos vereadores, ao presidente da Casa, Nego Jai, \u00e0s autoridades envolvidas e \u201cprincipalmente ao povo coiteense\u201d. Quem \u00e9 Vivaldo!\u00a0 Vivaldo Amaral \u00e9 considerado um dos criminalistas mais experientes do pa\u00eds. Com mais de 30 anos de atua\u00e7\u00e3o, ele j\u00e1 participou de centenas de julgamentos no Tribunal do J\u00fari e ganhou notoriedade nacional ao atuar em casos de grande repercuss\u00e3o. Entre eles est\u00e1 o caso Matheus Meira, estudante de medicina baiano respons\u00e1vel pelo ataque a tiros no cinema do Shopping Morumbi, em S\u00e3o Paulo, considerado a primeira chacina registrada em um cinema no Brasil. O advogado tamb\u00e9m integrou a equipe de defesa no caso Nardoni, um dos julgamentos mais emblem\u00e1ticos da hist\u00f3ria recente do pa\u00eds, sendo o \u00fanico advogado do Norte e Nordeste a atuar diretamente no processo. Outro caso de grande repercuss\u00e3o em que atuou foi o de Rosanita \u201cPicadinho\u201d, acusada de dopar, matar, esquartejar e fritar o pr\u00f3prio marido em Salvador, epis\u00f3dio que ganhou ampla cobertura da m\u00eddia nacional. Especialista em Ci\u00eancias Criminais pelo Instituto de Estudos Luiz Fl\u00e1vio Gomes (LFG), Vivaldo Amaral \u00e9 membro de importantes institui\u00e7\u00f5es jur\u00eddicas, como o Instituto Brasileiro de Ci\u00eancias Criminais (IBCCRIM), a Associa\u00e7\u00e3o dos Advogados Criminalistas (ACRIM) e a Associa\u00e7\u00e3o dos Advogados Criminalistas da Bahia (AACB). Em 2022, ele chegou a disputar uma vaga de desembargador do Tribunal de Justi\u00e7a da Bahia (TJBA) pelo Quinto Constitucional da advocacia, tendo integrado a lista tr\u00edplice enviada ao governador do estado. Com sede em Salvador, o advogado mant\u00e9m atua\u00e7\u00e3o em diversos tribunais do pa\u00eds e segue sendo uma das refer\u00eancias da advocacia criminal brasileira. Por Rafaela Rodrigues\" \/>\n<meta property=\"og:url\" content=\"https:\/\/portalraizesnoticias.com.br\/?p=12115\" \/>\n<meta property=\"og:site_name\" content=\"Portal raizes noticias\" \/>\n<meta property=\"article:published_time\" content=\"2026-03-16T20:47:58+00:00\" \/>\n<meta property=\"article:modified_time\" content=\"2026-03-16T20:53:11+00:00\" \/>\n<meta property=\"og:image\" content=\"https:\/\/portalraizesnoticias.com.br\/wp-content\/uploads\/2026\/03\/IMG-20260316-WA0312.jpg\" \/>\n\t<meta property=\"og:image:width\" content=\"1080\" \/>\n\t<meta property=\"og:image:height\" content=\"780\" \/>\n\t<meta property=\"og:image:type\" content=\"image\/jpeg\" \/>\n<meta name=\"author\" content=\"Portal Raizes\" \/>\n<meta name=\"twitter:card\" content=\"summary_large_image\" \/>\n<meta name=\"twitter:label1\" content=\"Escrito por\" \/>\n\t<meta name=\"twitter:data1\" content=\"Portal Raizes\" \/>\n\t<meta name=\"twitter:label2\" content=\"Est. tempo de leitura\" \/>\n\t<meta name=\"twitter:data2\" content=\"4 minutos\" \/>\n<script type=\"application\/ld+json\" class=\"yoast-schema-graph\">{\"@context\":\"https:\/\/schema.org\",\"@graph\":[{\"@type\":\"Article\",\"@id\":\"https:\/\/portalraizesnoticias.com.br\/?p=12115#article\",\"isPartOf\":{\"@id\":\"https:\/\/portalraizesnoticias.com.br\/?p=12115\"},\"author\":{\"name\":\"Portal Raizes\",\"@id\":\"https:\/\/portalraizesnoticias.com.br\/#\/schema\/person\/a3ca6b0fc701e78df19756c417d943ae\"},\"headline\":\"Ap\u00f3s beca ser descartada por engano durante limpeza de pra\u00e7a, C\u00e2mara de Concei\u00e7\u00e3o do Coit\u00e9 doa nova vestimenta a advogado e concede Mo\u00e7\u00e3o de Aplausos\",\"datePublished\":\"2026-03-16T20:47:58+00:00\",\"dateModified\":\"2026-03-16T20:53:11+00:00\",\"mainEntityOfPage\":{\"@id\":\"https:\/\/portalraizesnoticias.com.br\/?p=12115\"},\"wordCount\":567,\"commentCount\":0,\"publisher\":{\"@id\":\"https:\/\/portalraizesnoticias.com.br\/#organization\"},\"image\":{\"@id\":\"https:\/\/portalraizesnoticias.com.br\/?p=12115#primaryimage\"},\"thumbnailUrl\":\"https:\/\/portalraizesnoticias.com.br\/wp-content\/uploads\/2026\/03\/IMG-20260316-WA0312.jpg\",\"articleSection\":[\"DESTAQUES\",\"POLITICA\",\"ULTIMAS NOTICIAS\"],\"inLanguage\":\"pt-BR\",\"potentialAction\":[{\"@type\":\"CommentAction\",\"name\":\"Comment\",\"target\":[\"https:\/\/portalraizesnoticias.com.br\/?p=12115#respond\"]}]},{\"@type\":\"WebPage\",\"@id\":\"https:\/\/portalraizesnoticias.com.br\/?p=12115\",\"url\":\"https:\/\/portalraizesnoticias.com.br\/?p=12115\",\"name\":\"Ap\u00f3s beca ser descartada por engano durante limpeza de pra\u00e7a, C\u00e2mara de Concei\u00e7\u00e3o do Coit\u00e9 doa nova vestimenta a advogado e concede Mo\u00e7\u00e3o de Aplausos - Portal raizes noticias\",\"isPartOf\":{\"@id\":\"https:\/\/portalraizesnoticias.com.br\/#website\"},\"primaryImageOfPage\":{\"@id\":\"https:\/\/portalraizesnoticias.com.br\/?p=12115#primaryimage\"},\"image\":{\"@id\":\"https:\/\/portalraizesnoticias.com.br\/?p=12115#primaryimage\"},\"thumbnailUrl\":\"https:\/\/portalraizesnoticias.com.br\/wp-content\/uploads\/2026\/03\/IMG-20260316-WA0312.jpg\",\"datePublished\":\"2026-03-16T20:47:58+00:00\",\"dateModified\":\"2026-03-16T20:53:11+00:00\",\"breadcrumb\":{\"@id\":\"https:\/\/portalraizesnoticias.com.br\/?p=12115#breadcrumb\"},\"inLanguage\":\"pt-BR\",\"potentialAction\":[{\"@type\":\"ReadAction\",\"target\":[\"https:\/\/portalraizesnoticias.com.br\/?p=12115\"]}]},{\"@type\":\"ImageObject\",\"inLanguage\":\"pt-BR\",\"@id\":\"https:\/\/portalraizesnoticias.com.br\/?p=12115#primaryimage\",\"url\":\"https:\/\/portalraizesnoticias.com.br\/wp-content\/uploads\/2026\/03\/IMG-20260316-WA0312.jpg\",\"contentUrl\":\"https:\/\/portalraizesnoticias.com.br\/wp-content\/uploads\/2026\/03\/IMG-20260316-WA0312.jpg\",\"width\":1080,\"height\":780},{\"@type\":\"BreadcrumbList\",\"@id\":\"https:\/\/portalraizesnoticias.com.br\/?p=12115#breadcrumb\",\"itemListElement\":[{\"@type\":\"ListItem\",\"position\":1,\"name\":\"In\u00edcio\",\"item\":\"https:\/\/portalraizesnoticias.com.br\/\"},{\"@type\":\"ListItem\",\"position\":2,\"name\":\"Ap\u00f3s beca ser descartada por engano durante limpeza de pra\u00e7a, C\u00e2mara de Concei\u00e7\u00e3o do Coit\u00e9 doa nova vestimenta a advogado e concede Mo\u00e7\u00e3o de Aplausos\"}]},{\"@type\":\"WebSite\",\"@id\":\"https:\/\/portalraizesnoticias.com.br\/#website\",\"url\":\"https:\/\/portalraizesnoticias.com.br\/\",\"name\":\"Portal raizes NOTICIAS\",\"description\":\"site de noticias de concei\u00e7\u00e3o do coit\u00e9 e regi\u00e3o\",\"publisher\":{\"@id\":\"https:\/\/portalraizesnoticias.com.br\/#organization\"},\"alternateName\":\"PORTAL RAIZES COIT\u00c9\",\"potentialAction\":[{\"@type\":\"SearchAction\",\"target\":{\"@type\":\"EntryPoint\",\"urlTemplate\":\"https:\/\/portalraizesnoticias.com.br\/?s={search_term_string}\"},\"query-input\":{\"@type\":\"PropertyValueSpecification\",\"valueRequired\":true,\"valueName\":\"search_term_string\"}}],\"inLanguage\":\"pt-BR\"},{\"@type\":\"Organization\",\"@id\":\"https:\/\/portalraizesnoticias.com.br\/#organization\",\"name\":\"Portal raizes NOTICIAS\",\"url\":\"https:\/\/portalraizesnoticias.com.br\/\",\"logo\":{\"@type\":\"ImageObject\",\"inLanguage\":\"pt-BR\",\"@id\":\"https:\/\/portalraizesnoticias.com.br\/#\/schema\/logo\/image\/\",\"url\":\"https:\/\/portalraizesnoticias.com.br\/wp-content\/uploads\/2024\/09\/cropped-Captura-de-tela-2024-09-08-011108.png\",\"contentUrl\":\"https:\/\/portalraizesnoticias.com.br\/wp-content\/uploads\/2024\/09\/cropped-Captura-de-tela-2024-09-08-011108.png\",\"width\":606,\"height\":173,\"caption\":\"Portal raizes NOTICIAS\"},\"image\":{\"@id\":\"https:\/\/portalraizesnoticias.com.br\/#\/schema\/logo\/image\/\"}},{\"@type\":\"Person\",\"@id\":\"https:\/\/portalraizesnoticias.com.br\/#\/schema\/person\/a3ca6b0fc701e78df19756c417d943ae\",\"name\":\"Portal Raizes\",\"image\":{\"@type\":\"ImageObject\",\"inLanguage\":\"pt-BR\",\"@id\":\"https:\/\/portalraizesnoticias.com.br\/#\/schema\/person\/image\/\",\"url\":\"https:\/\/secure.gravatar.com\/avatar\/ef450d29013a3d3fba867a12a249d7b1?s=96&d=mm&r=g\",\"contentUrl\":\"https:\/\/secure.gravatar.com\/avatar\/ef450d29013a3d3fba867a12a249d7b1?s=96&d=mm&r=g\",\"caption\":\"Portal Raizes\"},\"url\":\"https:\/\/portalraizesnoticias.com.br\/?author=3\"}]}<\/script>\n<!-- \/ Yoast SEO plugin. -->","yoast_head_json":{"title":"Ap\u00f3s beca ser descartada por engano durante limpeza de pra\u00e7a, C\u00e2mara de Concei\u00e7\u00e3o do Coit\u00e9 doa nova vestimenta a advogado e concede Mo\u00e7\u00e3o de Aplausos - Portal raizes noticias","robots":{"index":"index","follow":"follow","max-snippet":"max-snippet:-1","max-image-preview":"max-image-preview:large","max-video-preview":"max-video-preview:-1"},"canonical":"https:\/\/portalraizesnoticias.com.br\/?p=12115","og_locale":"pt_BR","og_type":"article","og_title":"Ap\u00f3s beca ser descartada por engano durante limpeza de pra\u00e7a, C\u00e2mara de Concei\u00e7\u00e3o do Coit\u00e9 doa nova vestimenta a advogado e concede Mo\u00e7\u00e3o de Aplausos - Portal raizes noticias","og_description":"A C\u00e2mara de Vereadores de Concei\u00e7\u00e3o do Coit\u00e9 realizou, nesta segunda-feira (16), um gesto considerado louv\u00e1vel em nome da popula\u00e7\u00e3o ao amenizar a dor do renomado advogado criminalista Vivaldo Amaral, que havia perdido sua tradicional beca durante um j\u00fari realizado na cidade, em novembro do ano passado. Relembre aqui:\u00a0Advogado procura beca usada em mais de 700 j\u00faris ap\u00f3s perda em Concei\u00e7\u00e3o do Coit\u00e9: \u201cGratifico bem quem encontrar!\u201d Segundo o presidente da C\u00e2mara, vereador Nego Jai, na ocasi\u00e3o o advogado havia se deslocado do F\u00f3rum at\u00e9 a sede do Legislativo, que fica a poucos metros do local, para visit\u00e1-lo. \u201cEle perdeu a beca na \u00e9poca em que a pra\u00e7a estava sendo limpa para uma inaugura\u00e7\u00e3o. Algu\u00e9m que n\u00e3o sabia do que se tratava acabou colocando a vestimenta no carro de lixo\u201d, contou Nego Jai a jornalista Rafaela Rodrigues. Diante da situa\u00e7\u00e3o, a C\u00e2mara decidiu, em nome do povo coiteense, adquirir uma nova beca e fazer a doa\u00e7\u00e3o ao advogado, que utilizava a anterior h\u00e1 mais de 30 anos em cerca de 700 sess\u00f5es do Tribunal do J\u00fari. O ato de entrega aconteceu nesta segunda-feira (16). Al\u00e9m da nova beca, Vivaldo Amaral tamb\u00e9m recebeu uma Mo\u00e7\u00e3o de Aplausos, em reconhecimento \u00e0 sua trajet\u00f3ria e contribui\u00e7\u00e3o \u00e0 advocacia criminal. \u201cHoje n\u00e3o recebo apenas uma nova beca. Recebo um gesto de respeito \u00e0 advocacia criminal e um reconhecimento ao Tribunal do J\u00fari\u201d, destacou o advogado. Ele agradeceu aos vereadores, ao presidente da Casa, Nego Jai, \u00e0s autoridades envolvidas e \u201cprincipalmente ao povo coiteense\u201d. Quem \u00e9 Vivaldo!\u00a0 Vivaldo Amaral \u00e9 considerado um dos criminalistas mais experientes do pa\u00eds. Com mais de 30 anos de atua\u00e7\u00e3o, ele j\u00e1 participou de centenas de julgamentos no Tribunal do J\u00fari e ganhou notoriedade nacional ao atuar em casos de grande repercuss\u00e3o. Entre eles est\u00e1 o caso Matheus Meira, estudante de medicina baiano respons\u00e1vel pelo ataque a tiros no cinema do Shopping Morumbi, em S\u00e3o Paulo, considerado a primeira chacina registrada em um cinema no Brasil. O advogado tamb\u00e9m integrou a equipe de defesa no caso Nardoni, um dos julgamentos mais emblem\u00e1ticos da hist\u00f3ria recente do pa\u00eds, sendo o \u00fanico advogado do Norte e Nordeste a atuar diretamente no processo. Outro caso de grande repercuss\u00e3o em que atuou foi o de Rosanita \u201cPicadinho\u201d, acusada de dopar, matar, esquartejar e fritar o pr\u00f3prio marido em Salvador, epis\u00f3dio que ganhou ampla cobertura da m\u00eddia nacional. Especialista em Ci\u00eancias Criminais pelo Instituto de Estudos Luiz Fl\u00e1vio Gomes (LFG), Vivaldo Amaral \u00e9 membro de importantes institui\u00e7\u00f5es jur\u00eddicas, como o Instituto Brasileiro de Ci\u00eancias Criminais (IBCCRIM), a Associa\u00e7\u00e3o dos Advogados Criminalistas (ACRIM) e a Associa\u00e7\u00e3o dos Advogados Criminalistas da Bahia (AACB). Em 2022, ele chegou a disputar uma vaga de desembargador do Tribunal de Justi\u00e7a da Bahia (TJBA) pelo Quinto Constitucional da advocacia, tendo integrado a lista tr\u00edplice enviada ao governador do estado. Com sede em Salvador, o advogado mant\u00e9m atua\u00e7\u00e3o em diversos tribunais do pa\u00eds e segue sendo uma das refer\u00eancias da advocacia criminal brasileira. Por Rafaela Rodrigues","og_url":"https:\/\/portalraizesnoticias.com.br\/?p=12115","og_site_name":"Portal raizes noticias","article_published_time":"2026-03-16T20:47:58+00:00","article_modified_time":"2026-03-16T20:53:11+00:00","og_image":[{"width":1080,"height":780,"url":"https:\/\/portalraizesnoticias.com.br\/wp-content\/uploads\/2026\/03\/IMG-20260316-WA0312.jpg","type":"image\/jpeg"}],"author":"Portal Raizes","twitter_card":"summary_large_image","twitter_misc":{"Escrito por":"Portal Raizes","Est. tempo de leitura":"4 minutos"},"schema":{"@context":"https:\/\/schema.org","@graph":[{"@type":"Article","@id":"https:\/\/portalraizesnoticias.com.br\/?p=12115#article","isPartOf":{"@id":"https:\/\/portalraizesnoticias.com.br\/?p=12115"},"author":{"name":"Portal Raizes","@id":"https:\/\/portalraizesnoticias.com.br\/#\/schema\/person\/a3ca6b0fc701e78df19756c417d943ae"},"headline":"Ap\u00f3s beca ser descartada por engano durante limpeza de pra\u00e7a, C\u00e2mara de Concei\u00e7\u00e3o do Coit\u00e9 doa nova vestimenta a advogado e concede Mo\u00e7\u00e3o de Aplausos","datePublished":"2026-03-16T20:47:58+00:00","dateModified":"2026-03-16T20:53:11+00:00","mainEntityOfPage":{"@id":"https:\/\/portalraizesnoticias.com.br\/?p=12115"},"wordCount":567,"commentCount":0,"publisher":{"@id":"https:\/\/portalraizesnoticias.com.br\/#organization"},"image":{"@id":"https:\/\/portalraizesnoticias.com.br\/?p=12115#primaryimage"},"thumbnailUrl":"https:\/\/portalraizesnoticias.com.br\/wp-content\/uploads\/2026\/03\/IMG-20260316-WA0312.jpg","articleSection":["DESTAQUES","POLITICA","ULTIMAS NOTICIAS"],"inLanguage":"pt-BR","potentialAction":[{"@type":"CommentAction","name":"Comment","target":["https:\/\/portalraizesnoticias.com.br\/?p=12115#respond"]}]},{"@type":"WebPage","@id":"https:\/\/portalraizesnoticias.com.br\/?p=12115","url":"https:\/\/portalraizesnoticias.com.br\/?p=12115","name":"Ap\u00f3s beca ser descartada por engano durante limpeza de pra\u00e7a, C\u00e2mara de Concei\u00e7\u00e3o do Coit\u00e9 doa nova vestimenta a advogado e concede Mo\u00e7\u00e3o de Aplausos - Portal raizes noticias","isPartOf":{"@id":"https:\/\/portalraizesnoticias.com.br\/#website"},"primaryImageOfPage":{"@id":"https:\/\/portalraizesnoticias.com.br\/?p=12115#primaryimage"},"image":{"@id":"https:\/\/portalraizesnoticias.com.br\/?p=12115#primaryimage"},"thumbnailUrl":"https:\/\/portalraizesnoticias.com.br\/wp-content\/uploads\/2026\/03\/IMG-20260316-WA0312.jpg","datePublished":"2026-03-16T20:47:58+00:00","dateModified":"2026-03-16T20:53:11+00:00","breadcrumb":{"@id":"https:\/\/portalraizesnoticias.com.br\/?p=12115#breadcrumb"},"inLanguage":"pt-BR","potentialAction":[{"@type":"ReadAction","target":["https:\/\/portalraizesnoticias.com.br\/?p=12115"]}]},{"@type":"ImageObject","inLanguage":"pt-BR","@id":"https:\/\/portalraizesnoticias.com.br\/?p=12115#primaryimage","url":"https:\/\/portalraizesnoticias.com.br\/wp-content\/uploads\/2026\/03\/IMG-20260316-WA0312.jpg","contentUrl":"https:\/\/portalraizesnoticias.com.br\/wp-content\/uploads\/2026\/03\/IMG-20260316-WA0312.jpg","width":1080,"height":780},{"@type":"BreadcrumbList","@id":"https:\/\/portalraizesnoticias.com.br\/?p=12115#breadcrumb","itemListElement":[{"@type":"ListItem","position":1,"name":"In\u00edcio","item":"https:\/\/portalraizesnoticias.com.br\/"},{"@type":"ListItem","position":2,"name":"Ap\u00f3s beca ser descartada por engano durante limpeza de pra\u00e7a, C\u00e2mara de Concei\u00e7\u00e3o do Coit\u00e9 doa nova vestimenta a advogado e concede Mo\u00e7\u00e3o de Aplausos"}]},{"@type":"WebSite","@id":"https:\/\/portalraizesnoticias.com.br\/#website","url":"https:\/\/portalraizesnoticias.com.br\/","name":"Portal raizes NOTICIAS","description":"site de noticias de concei\u00e7\u00e3o do coit\u00e9 e regi\u00e3o","publisher":{"@id":"https:\/\/portalraizesnoticias.com.br\/#organization"},"alternateName":"PORTAL RAIZES COIT\u00c9","potentialAction":[{"@type":"SearchAction","target":{"@type":"EntryPoint","urlTemplate":"https:\/\/portalraizesnoticias.com.br\/?s={search_term_string}"},"query-input":{"@type":"PropertyValueSpecification","valueRequired":true,"valueName":"search_term_string"}}],"inLanguage":"pt-BR"},{"@type":"Organization","@id":"https:\/\/portalraizesnoticias.com.br\/#organization","name":"Portal raizes NOTICIAS","url":"https:\/\/portalraizesnoticias.com.br\/","logo":{"@type":"ImageObject","inLanguage":"pt-BR","@id":"https:\/\/portalraizesnoticias.com.br\/#\/schema\/logo\/image\/","url":"https:\/\/portalraizesnoticias.com.br\/wp-content\/uploads\/2024\/09\/cropped-Captura-de-tela-2024-09-08-011108.png","contentUrl":"https:\/\/portalraizesnoticias.com.br\/wp-content\/uploads\/2024\/09\/cropped-Captura-de-tela-2024-09-08-011108.png","width":606,"height":173,"caption":"Portal raizes NOTICIAS"},"image":{"@id":"https:\/\/portalraizesnoticias.com.br\/#\/schema\/logo\/image\/"}},{"@type":"Person","@id":"https:\/\/portalraizesnoticias.com.br\/#\/schema\/person\/a3ca6b0fc701e78df19756c417d943ae","name":"Portal Raizes","image":{"@type":"ImageObject","inLanguage":"pt-BR","@id":"https:\/\/portalraizesnoticias.com.br\/#\/schema\/person\/image\/","url":"https:\/\/secure.gravatar.com\/avatar\/ef450d29013a3d3fba867a12a249d7b1?s=96&d=mm&r=g","contentUrl":"https:\/\/secure.gravatar.com\/avatar\/ef450d29013a3d3fba867a12a249d7b1?s=96&d=mm&r=g","caption":"Portal Raizes"},"url":"https:\/\/portalraizesnoticias.com.br\/?author=3"}]}},"_links":{"self":[{"href":"https:\/\/portalraizesnoticias.com.br\/index.php?rest_route=\/wp\/v2\/posts\/12115"}],"collection":[{"href":"https:\/\/portalraizesnoticias.com.br\/index.php?rest_route=\/wp\/v2\/posts"}],"about":[{"href":"https:\/\/portalraizesnoticias.com.br\/index.php?rest_route=\/wp\/v2\/types\/post"}],"author":[{"embeddable":true,"href":"https:\/\/portalraizesnoticias.com.br\/index.php?rest_route=\/wp\/v2\/users\/3"}],"replies":[{"embeddable":true,"href":"https:\/\/portalraizesnoticias.com.br\/index.php?rest_route=%2Fwp%2Fv2%2Fcomments&post=12115"}],"version-history":[{"count":4,"href":"https:\/\/portalraizesnoticias.com.br\/index.php?rest_route=\/wp\/v2\/posts\/12115\/revisions"}],"predecessor-version":[{"id":12122,"href":"https:\/\/portalraizesnoticias.com.br\/index.php?rest_route=\/wp\/v2\/posts\/12115\/revisions\/12122"}],"wp:featuredmedia":[{"embeddable":true,"href":"https:\/\/portalraizesnoticias.com.br\/index.php?rest_route=\/wp\/v2\/media\/12116"}],"wp:attachment":[{"href":"https:\/\/portalraizesnoticias.com.br\/index.php?rest_route=%2Fwp%2Fv2%2Fmedia&parent=12115"}],"wp:term":[{"taxonomy":"category","embeddable":true,"href":"https:\/\/portalraizesnoticias.com.br\/index.php?rest_route=%2Fwp%2Fv2%2Fcategories&post=12115"},{"taxonomy":"post_tag","embeddable":true,"href":"https:\/\/portalraizesnoticias.com.br\/index.php?rest_route=%2Fwp%2Fv2%2Ftags&post=12115"}],"curies":[{"name":"wp","href":"https:\/\/api.w.org\/{rel}","templated":true}]}}