{"id":12082,"date":"2026-03-16T00:06:06","date_gmt":"2026-03-16T03:06:06","guid":{"rendered":"https:\/\/portalraizesnoticias.com.br\/?p=12082"},"modified":"2026-03-16T00:06:06","modified_gmt":"2026-03-16T03:06:06","slug":"pm-e-acionada-apos-suposto-ato-de-vandalismo-que-danificou-camera-de-seguranca-em-comercio-de-conceicao-do-coite-local-nao-apresentava-sinais-de-arrombamento","status":"publish","type":"post","link":"https:\/\/portalraizesnoticias.com.br\/?p=12082","title":{"rendered":"PM \u00e9 acionada ap\u00f3s suposto ato de vandalismo que danificou c\u00e2mera de seguran\u00e7a em com\u00e9rcio de Concei\u00e7\u00e3o do Coit\u00e9; local n\u00e3o apresentava sinais de arrombamento"},"content":{"rendered":"<p>Policiais militares foram acionados na noite deste domingo (15) para averiguar uma ocorr\u00eancia de dano a equipamento em um estabelecimento comercial na Pra\u00e7a dos Postos de Gasolina, no centro de Concei\u00e7\u00e3o do Coit\u00e9, regi\u00e3o sisaleira.<\/p>\n<p>De acordo com informa\u00e7\u00f5es do Boletim de Ocorr\u00eancia, a guarni\u00e7\u00e3o foi solicitada por volta das 19h44 pela propriet\u00e1ria de um estacionamento comercial.<\/p>\n<p>A comerciante relatou aos policiais que a c\u00e2mera de seguran\u00e7a externa do estabelecimento havia sido danificada por algu\u00e9m, por\u00e9m ela n\u00e3o soube informar quem teria cometido o ato nem o motivo.<\/p>\n<p><img decoding=\"async\" class=\"size-medium wp-image-11228 aligncenter\" src=\"https:\/\/portalraizesnoticias.com.br\/wp-content\/uploads\/2026\/02\/IMG_8532-300x150.png\" alt=\"\" width=\"300\" height=\"150\" srcset=\"https:\/\/portalraizesnoticias.com.br\/wp-content\/uploads\/2026\/02\/IMG_8532-300x150.png 300w, https:\/\/portalraizesnoticias.com.br\/wp-content\/uploads\/2026\/02\/IMG_8532-1024x512.png 1024w, https:\/\/portalraizesnoticias.com.br\/wp-content\/uploads\/2026\/02\/IMG_8532-768x384.png 768w, https:\/\/portalraizesnoticias.com.br\/wp-content\/uploads\/2026\/02\/IMG_8532-1536x768.png 1536w, https:\/\/portalraizesnoticias.com.br\/wp-content\/uploads\/2026\/02\/IMG_8532-2048x1024.png 2048w\" sizes=\"(max-width: 300px) 100vw, 300px\" \/><\/p>\n<p>Os policiais realizaram contato com comerciantes vizinhos para verificar poss\u00edveis imagens de c\u00e2meras de seguran\u00e7a que pudessem ajudar na identifica\u00e7\u00e3o do respons\u00e1vel. No entanto, devido a quest\u00f5es t\u00e9cnicas e \u00e0 posi\u00e7\u00e3o das c\u00e2meras, n\u00e3o foi poss\u00edvel identificar o autor do dano.<\/p>\n<p><strong>Segundo a PM, tamb\u00e9m n\u00e3o foram constatados sinais de tentativa de arrombamento no local.<\/strong><\/p>\n<p><img decoding=\"async\" class=\"size-medium wp-image-11232 aligncenter\" src=\"https:\/\/portalraizesnoticias.com.br\/wp-content\/uploads\/2026\/02\/IMG_8528-300x150.png\" alt=\"\" width=\"300\" height=\"150\" srcset=\"https:\/\/portalraizesnoticias.com.br\/wp-content\/uploads\/2026\/02\/IMG_8528-300x150.png 300w, https:\/\/portalraizesnoticias.com.br\/wp-content\/uploads\/2026\/02\/IMG_8528-1024x512.png 1024w, https:\/\/portalraizesnoticias.com.br\/wp-content\/uploads\/2026\/02\/IMG_8528-768x384.png 768w, https:\/\/portalraizesnoticias.com.br\/wp-content\/uploads\/2026\/02\/IMG_8528-1536x768.png 1536w, https:\/\/portalraizesnoticias.com.br\/wp-content\/uploads\/2026\/02\/IMG_8528-2048x1024.png 2048w\" sizes=\"(max-width: 300px) 100vw, 300px\" \/><\/p>\n<p>A propriet\u00e1ria foi orientada a registrar um boletim de ocorr\u00eancia na delegacia e comunicar \u00e0s autoridades caso obtenha novas informa\u00e7\u00f5es sobre o caso.<\/p>\n<p>Reda\u00e7\u00e3o<\/p>\n<p>Foto: Ilustra\u00e7\u00e3o<\/p>\n","protected":false},"excerpt":{"rendered":"<p>Policiais militares foram acionados na noite deste domingo (15) para averiguar uma ocorr\u00eancia de dano a equipamento em um estabelecimento comercial na Pra\u00e7a dos Postos de Gasolina, no centro de Concei\u00e7\u00e3o do Coit\u00e9, regi\u00e3o sisaleira. De acordo com informa\u00e7\u00f5es do Boletim de Ocorr\u00eancia, a guarni\u00e7\u00e3o foi solicitada por volta das 19h44 pela propriet\u00e1ria de um estacionamento comercial. A comerciante relatou aos policiais que a c\u00e2mera de seguran\u00e7a externa do estabelecimento havia sido danificada por algu\u00e9m, por\u00e9m ela n\u00e3o soube informar quem teria cometido o ato nem o motivo. Os policiais realizaram contato com comerciantes vizinhos para verificar poss\u00edveis imagens de c\u00e2meras de seguran\u00e7a que pudessem ajudar na identifica\u00e7\u00e3o do respons\u00e1vel. No entanto, devido a quest\u00f5es t\u00e9cnicas e \u00e0 posi\u00e7\u00e3o das c\u00e2meras, n\u00e3o foi poss\u00edvel identificar o autor do dano. Segundo a PM, tamb\u00e9m n\u00e3o foram constatados sinais de tentativa de arrombamento no local. A propriet\u00e1ria foi orientada a registrar um boletim de ocorr\u00eancia na delegacia e comunicar \u00e0s autoridades caso obtenha novas informa\u00e7\u00f5es sobre o caso. Reda\u00e7\u00e3o Foto: Ilustra\u00e7\u00e3o<\/p>\n","protected":false},"author":3,"featured_media":12084,"comment_status":"open","ping_status":"open","sticky":false,"template":"","format":"standard","meta":{"_joinchat":[],"footnotes":""},"categories":[55,67,59],"tags":[],"class_list":["post-12082","post","type-post","status-publish","format-standard","has-post-thumbnail","hentry","category-destaques","category-policia","category-ultimas-noticias"],"yoast_head":"<!-- This site is optimized with the Yoast SEO plugin v24.4 - https:\/\/yoast.com\/wordpress\/plugins\/seo\/ -->\n<title>PM \u00e9 acionada ap\u00f3s suposto ato de vandalismo que danificou c\u00e2mera de seguran\u00e7a em com\u00e9rcio de Concei\u00e7\u00e3o do Coit\u00e9; local n\u00e3o apresentava sinais de arrombamento - Portal raizes noticias<\/title>\n<meta name=\"robots\" content=\"index, follow, max-snippet:-1, max-image-preview:large, max-video-preview:-1\" \/>\n<link rel=\"canonical\" href=\"https:\/\/portalraizesnoticias.com.br\/?p=12082\" \/>\n<meta property=\"og:locale\" content=\"pt_BR\" \/>\n<meta property=\"og:type\" content=\"article\" \/>\n<meta property=\"og:title\" content=\"PM \u00e9 acionada ap\u00f3s suposto ato de vandalismo que danificou c\u00e2mera de seguran\u00e7a em com\u00e9rcio de Concei\u00e7\u00e3o do Coit\u00e9; local n\u00e3o apresentava sinais de arrombamento - Portal raizes noticias\" \/>\n<meta property=\"og:description\" content=\"Policiais militares foram acionados na noite deste domingo (15) para averiguar uma ocorr\u00eancia de dano a equipamento em um estabelecimento comercial na Pra\u00e7a dos Postos de Gasolina, no centro de Concei\u00e7\u00e3o do Coit\u00e9, regi\u00e3o sisaleira. De acordo com informa\u00e7\u00f5es do Boletim de Ocorr\u00eancia, a guarni\u00e7\u00e3o foi solicitada por volta das 19h44 pela propriet\u00e1ria de um estacionamento comercial. A comerciante relatou aos policiais que a c\u00e2mera de seguran\u00e7a externa do estabelecimento havia sido danificada por algu\u00e9m, por\u00e9m ela n\u00e3o soube informar quem teria cometido o ato nem o motivo. Os policiais realizaram contato com comerciantes vizinhos para verificar poss\u00edveis imagens de c\u00e2meras de seguran\u00e7a que pudessem ajudar na identifica\u00e7\u00e3o do respons\u00e1vel. No entanto, devido a quest\u00f5es t\u00e9cnicas e \u00e0 posi\u00e7\u00e3o das c\u00e2meras, n\u00e3o foi poss\u00edvel identificar o autor do dano. Segundo a PM, tamb\u00e9m n\u00e3o foram constatados sinais de tentativa de arrombamento no local. A propriet\u00e1ria foi orientada a registrar um boletim de ocorr\u00eancia na delegacia e comunicar \u00e0s autoridades caso obtenha novas informa\u00e7\u00f5es sobre o caso. Reda\u00e7\u00e3o Foto: Ilustra\u00e7\u00e3o\" \/>\n<meta property=\"og:url\" content=\"https:\/\/portalraizesnoticias.com.br\/?p=12082\" \/>\n<meta property=\"og:site_name\" content=\"Portal raizes noticias\" \/>\n<meta property=\"article:published_time\" content=\"2026-03-16T03:06:06+00:00\" \/>\n<meta property=\"og:image\" content=\"https:\/\/portalraizesnoticias.com.br\/wp-content\/uploads\/2026\/03\/IMG-20260316-WA0000.jpg\" \/>\n\t<meta property=\"og:image:width\" content=\"981\" \/>\n\t<meta property=\"og:image:height\" content=\"879\" \/>\n\t<meta property=\"og:image:type\" content=\"image\/jpeg\" \/>\n<meta name=\"author\" content=\"Portal Raizes\" \/>\n<meta name=\"twitter:card\" content=\"summary_large_image\" \/>\n<meta name=\"twitter:label1\" content=\"Escrito por\" \/>\n\t<meta name=\"twitter:data1\" content=\"Portal Raizes\" \/>\n\t<meta name=\"twitter:label2\" content=\"Est. tempo de leitura\" \/>\n\t<meta name=\"twitter:data2\" content=\"2 minutos\" \/>\n<script type=\"application\/ld+json\" class=\"yoast-schema-graph\">{\"@context\":\"https:\/\/schema.org\",\"@graph\":[{\"@type\":\"Article\",\"@id\":\"https:\/\/portalraizesnoticias.com.br\/?p=12082#article\",\"isPartOf\":{\"@id\":\"https:\/\/portalraizesnoticias.com.br\/?p=12082\"},\"author\":{\"name\":\"Portal Raizes\",\"@id\":\"https:\/\/portalraizesnoticias.com.br\/#\/schema\/person\/a3ca6b0fc701e78df19756c417d943ae\"},\"headline\":\"PM \u00e9 acionada ap\u00f3s suposto ato de vandalismo que danificou c\u00e2mera de seguran\u00e7a em com\u00e9rcio de Concei\u00e7\u00e3o do Coit\u00e9; local n\u00e3o apresentava sinais de arrombamento\",\"datePublished\":\"2026-03-16T03:06:06+00:00\",\"mainEntityOfPage\":{\"@id\":\"https:\/\/portalraizesnoticias.com.br\/?p=12082\"},\"wordCount\":228,\"commentCount\":0,\"publisher\":{\"@id\":\"https:\/\/portalraizesnoticias.com.br\/#organization\"},\"image\":{\"@id\":\"https:\/\/portalraizesnoticias.com.br\/?p=12082#primaryimage\"},\"thumbnailUrl\":\"https:\/\/portalraizesnoticias.com.br\/wp-content\/uploads\/2026\/03\/IMG-20260316-WA0000.jpg\",\"articleSection\":[\"DESTAQUES\",\"POLICIA\",\"ULTIMAS NOTICIAS\"],\"inLanguage\":\"pt-BR\",\"potentialAction\":[{\"@type\":\"CommentAction\",\"name\":\"Comment\",\"target\":[\"https:\/\/portalraizesnoticias.com.br\/?p=12082#respond\"]}]},{\"@type\":\"WebPage\",\"@id\":\"https:\/\/portalraizesnoticias.com.br\/?p=12082\",\"url\":\"https:\/\/portalraizesnoticias.com.br\/?p=12082\",\"name\":\"PM \u00e9 acionada ap\u00f3s suposto ato de vandalismo que danificou c\u00e2mera de seguran\u00e7a em com\u00e9rcio de Concei\u00e7\u00e3o do Coit\u00e9; local n\u00e3o apresentava sinais de arrombamento - Portal raizes noticias\",\"isPartOf\":{\"@id\":\"https:\/\/portalraizesnoticias.com.br\/#website\"},\"primaryImageOfPage\":{\"@id\":\"https:\/\/portalraizesnoticias.com.br\/?p=12082#primaryimage\"},\"image\":{\"@id\":\"https:\/\/portalraizesnoticias.com.br\/?p=12082#primaryimage\"},\"thumbnailUrl\":\"https:\/\/portalraizesnoticias.com.br\/wp-content\/uploads\/2026\/03\/IMG-20260316-WA0000.jpg\",\"datePublished\":\"2026-03-16T03:06:06+00:00\",\"breadcrumb\":{\"@id\":\"https:\/\/portalraizesnoticias.com.br\/?p=12082#breadcrumb\"},\"inLanguage\":\"pt-BR\",\"potentialAction\":[{\"@type\":\"ReadAction\",\"target\":[\"https:\/\/portalraizesnoticias.com.br\/?p=12082\"]}]},{\"@type\":\"ImageObject\",\"inLanguage\":\"pt-BR\",\"@id\":\"https:\/\/portalraizesnoticias.com.br\/?p=12082#primaryimage\",\"url\":\"https:\/\/portalraizesnoticias.com.br\/wp-content\/uploads\/2026\/03\/IMG-20260316-WA0000.jpg\",\"contentUrl\":\"https:\/\/portalraizesnoticias.com.br\/wp-content\/uploads\/2026\/03\/IMG-20260316-WA0000.jpg\",\"width\":981,\"height\":879},{\"@type\":\"BreadcrumbList\",\"@id\":\"https:\/\/portalraizesnoticias.com.br\/?p=12082#breadcrumb\",\"itemListElement\":[{\"@type\":\"ListItem\",\"position\":1,\"name\":\"In\u00edcio\",\"item\":\"https:\/\/portalraizesnoticias.com.br\/\"},{\"@type\":\"ListItem\",\"position\":2,\"name\":\"PM \u00e9 acionada ap\u00f3s suposto ato de vandalismo que danificou c\u00e2mera de seguran\u00e7a em com\u00e9rcio de Concei\u00e7\u00e3o do Coit\u00e9; local n\u00e3o apresentava sinais de arrombamento\"}]},{\"@type\":\"WebSite\",\"@id\":\"https:\/\/portalraizesnoticias.com.br\/#website\",\"url\":\"https:\/\/portalraizesnoticias.com.br\/\",\"name\":\"Portal raizes NOTICIAS\",\"description\":\"site de noticias de concei\u00e7\u00e3o do coit\u00e9 e regi\u00e3o\",\"publisher\":{\"@id\":\"https:\/\/portalraizesnoticias.com.br\/#organization\"},\"alternateName\":\"PORTAL RAIZES COIT\u00c9\",\"potentialAction\":[{\"@type\":\"SearchAction\",\"target\":{\"@type\":\"EntryPoint\",\"urlTemplate\":\"https:\/\/portalraizesnoticias.com.br\/?s={search_term_string}\"},\"query-input\":{\"@type\":\"PropertyValueSpecification\",\"valueRequired\":true,\"valueName\":\"search_term_string\"}}],\"inLanguage\":\"pt-BR\"},{\"@type\":\"Organization\",\"@id\":\"https:\/\/portalraizesnoticias.com.br\/#organization\",\"name\":\"Portal raizes NOTICIAS\",\"url\":\"https:\/\/portalraizesnoticias.com.br\/\",\"logo\":{\"@type\":\"ImageObject\",\"inLanguage\":\"pt-BR\",\"@id\":\"https:\/\/portalraizesnoticias.com.br\/#\/schema\/logo\/image\/\",\"url\":\"https:\/\/portalraizesnoticias.com.br\/wp-content\/uploads\/2024\/09\/cropped-Captura-de-tela-2024-09-08-011108.png\",\"contentUrl\":\"https:\/\/portalraizesnoticias.com.br\/wp-content\/uploads\/2024\/09\/cropped-Captura-de-tela-2024-09-08-011108.png\",\"width\":606,\"height\":173,\"caption\":\"Portal raizes NOTICIAS\"},\"image\":{\"@id\":\"https:\/\/portalraizesnoticias.com.br\/#\/schema\/logo\/image\/\"}},{\"@type\":\"Person\",\"@id\":\"https:\/\/portalraizesnoticias.com.br\/#\/schema\/person\/a3ca6b0fc701e78df19756c417d943ae\",\"name\":\"Portal Raizes\",\"image\":{\"@type\":\"ImageObject\",\"inLanguage\":\"pt-BR\",\"@id\":\"https:\/\/portalraizesnoticias.com.br\/#\/schema\/person\/image\/\",\"url\":\"https:\/\/secure.gravatar.com\/avatar\/ef450d29013a3d3fba867a12a249d7b1?s=96&d=mm&r=g\",\"contentUrl\":\"https:\/\/secure.gravatar.com\/avatar\/ef450d29013a3d3fba867a12a249d7b1?s=96&d=mm&r=g\",\"caption\":\"Portal Raizes\"},\"url\":\"https:\/\/portalraizesnoticias.com.br\/?author=3\"}]}<\/script>\n<!-- \/ Yoast SEO plugin. -->","yoast_head_json":{"title":"PM \u00e9 acionada ap\u00f3s suposto ato de vandalismo que danificou c\u00e2mera de seguran\u00e7a em com\u00e9rcio de Concei\u00e7\u00e3o do Coit\u00e9; local n\u00e3o apresentava sinais de arrombamento - Portal raizes noticias","robots":{"index":"index","follow":"follow","max-snippet":"max-snippet:-1","max-image-preview":"max-image-preview:large","max-video-preview":"max-video-preview:-1"},"canonical":"https:\/\/portalraizesnoticias.com.br\/?p=12082","og_locale":"pt_BR","og_type":"article","og_title":"PM \u00e9 acionada ap\u00f3s suposto ato de vandalismo que danificou c\u00e2mera de seguran\u00e7a em com\u00e9rcio de Concei\u00e7\u00e3o do Coit\u00e9; local n\u00e3o apresentava sinais de arrombamento - Portal raizes noticias","og_description":"Policiais militares foram acionados na noite deste domingo (15) para averiguar uma ocorr\u00eancia de dano a equipamento em um estabelecimento comercial na Pra\u00e7a dos Postos de Gasolina, no centro de Concei\u00e7\u00e3o do Coit\u00e9, regi\u00e3o sisaleira. De acordo com informa\u00e7\u00f5es do Boletim de Ocorr\u00eancia, a guarni\u00e7\u00e3o foi solicitada por volta das 19h44 pela propriet\u00e1ria de um estacionamento comercial. A comerciante relatou aos policiais que a c\u00e2mera de seguran\u00e7a externa do estabelecimento havia sido danificada por algu\u00e9m, por\u00e9m ela n\u00e3o soube informar quem teria cometido o ato nem o motivo. Os policiais realizaram contato com comerciantes vizinhos para verificar poss\u00edveis imagens de c\u00e2meras de seguran\u00e7a que pudessem ajudar na identifica\u00e7\u00e3o do respons\u00e1vel. No entanto, devido a quest\u00f5es t\u00e9cnicas e \u00e0 posi\u00e7\u00e3o das c\u00e2meras, n\u00e3o foi poss\u00edvel identificar o autor do dano. Segundo a PM, tamb\u00e9m n\u00e3o foram constatados sinais de tentativa de arrombamento no local. A propriet\u00e1ria foi orientada a registrar um boletim de ocorr\u00eancia na delegacia e comunicar \u00e0s autoridades caso obtenha novas informa\u00e7\u00f5es sobre o caso. Reda\u00e7\u00e3o Foto: Ilustra\u00e7\u00e3o","og_url":"https:\/\/portalraizesnoticias.com.br\/?p=12082","og_site_name":"Portal raizes noticias","article_published_time":"2026-03-16T03:06:06+00:00","og_image":[{"width":981,"height":879,"url":"https:\/\/portalraizesnoticias.com.br\/wp-content\/uploads\/2026\/03\/IMG-20260316-WA0000.jpg","type":"image\/jpeg"}],"author":"Portal Raizes","twitter_card":"summary_large_image","twitter_misc":{"Escrito por":"Portal Raizes","Est. tempo de leitura":"2 minutos"},"schema":{"@context":"https:\/\/schema.org","@graph":[{"@type":"Article","@id":"https:\/\/portalraizesnoticias.com.br\/?p=12082#article","isPartOf":{"@id":"https:\/\/portalraizesnoticias.com.br\/?p=12082"},"author":{"name":"Portal Raizes","@id":"https:\/\/portalraizesnoticias.com.br\/#\/schema\/person\/a3ca6b0fc701e78df19756c417d943ae"},"headline":"PM \u00e9 acionada ap\u00f3s suposto ato de vandalismo que danificou c\u00e2mera de seguran\u00e7a em com\u00e9rcio de Concei\u00e7\u00e3o do Coit\u00e9; local n\u00e3o apresentava sinais de arrombamento","datePublished":"2026-03-16T03:06:06+00:00","mainEntityOfPage":{"@id":"https:\/\/portalraizesnoticias.com.br\/?p=12082"},"wordCount":228,"commentCount":0,"publisher":{"@id":"https:\/\/portalraizesnoticias.com.br\/#organization"},"image":{"@id":"https:\/\/portalraizesnoticias.com.br\/?p=12082#primaryimage"},"thumbnailUrl":"https:\/\/portalraizesnoticias.com.br\/wp-content\/uploads\/2026\/03\/IMG-20260316-WA0000.jpg","articleSection":["DESTAQUES","POLICIA","ULTIMAS NOTICIAS"],"inLanguage":"pt-BR","potentialAction":[{"@type":"CommentAction","name":"Comment","target":["https:\/\/portalraizesnoticias.com.br\/?p=12082#respond"]}]},{"@type":"WebPage","@id":"https:\/\/portalraizesnoticias.com.br\/?p=12082","url":"https:\/\/portalraizesnoticias.com.br\/?p=12082","name":"PM \u00e9 acionada ap\u00f3s suposto ato de vandalismo que danificou c\u00e2mera de seguran\u00e7a em com\u00e9rcio de Concei\u00e7\u00e3o do Coit\u00e9; local n\u00e3o apresentava sinais de arrombamento - Portal raizes noticias","isPartOf":{"@id":"https:\/\/portalraizesnoticias.com.br\/#website"},"primaryImageOfPage":{"@id":"https:\/\/portalraizesnoticias.com.br\/?p=12082#primaryimage"},"image":{"@id":"https:\/\/portalraizesnoticias.com.br\/?p=12082#primaryimage"},"thumbnailUrl":"https:\/\/portalraizesnoticias.com.br\/wp-content\/uploads\/2026\/03\/IMG-20260316-WA0000.jpg","datePublished":"2026-03-16T03:06:06+00:00","breadcrumb":{"@id":"https:\/\/portalraizesnoticias.com.br\/?p=12082#breadcrumb"},"inLanguage":"pt-BR","potentialAction":[{"@type":"ReadAction","target":["https:\/\/portalraizesnoticias.com.br\/?p=12082"]}]},{"@type":"ImageObject","inLanguage":"pt-BR","@id":"https:\/\/portalraizesnoticias.com.br\/?p=12082#primaryimage","url":"https:\/\/portalraizesnoticias.com.br\/wp-content\/uploads\/2026\/03\/IMG-20260316-WA0000.jpg","contentUrl":"https:\/\/portalraizesnoticias.com.br\/wp-content\/uploads\/2026\/03\/IMG-20260316-WA0000.jpg","width":981,"height":879},{"@type":"BreadcrumbList","@id":"https:\/\/portalraizesnoticias.com.br\/?p=12082#breadcrumb","itemListElement":[{"@type":"ListItem","position":1,"name":"In\u00edcio","item":"https:\/\/portalraizesnoticias.com.br\/"},{"@type":"ListItem","position":2,"name":"PM \u00e9 acionada ap\u00f3s suposto ato de vandalismo que danificou c\u00e2mera de seguran\u00e7a em com\u00e9rcio de Concei\u00e7\u00e3o do Coit\u00e9; local n\u00e3o apresentava sinais de arrombamento"}]},{"@type":"WebSite","@id":"https:\/\/portalraizesnoticias.com.br\/#website","url":"https:\/\/portalraizesnoticias.com.br\/","name":"Portal raizes NOTICIAS","description":"site de noticias de concei\u00e7\u00e3o do coit\u00e9 e regi\u00e3o","publisher":{"@id":"https:\/\/portalraizesnoticias.com.br\/#organization"},"alternateName":"PORTAL RAIZES COIT\u00c9","potentialAction":[{"@type":"SearchAction","target":{"@type":"EntryPoint","urlTemplate":"https:\/\/portalraizesnoticias.com.br\/?s={search_term_string}"},"query-input":{"@type":"PropertyValueSpecification","valueRequired":true,"valueName":"search_term_string"}}],"inLanguage":"pt-BR"},{"@type":"Organization","@id":"https:\/\/portalraizesnoticias.com.br\/#organization","name":"Portal raizes NOTICIAS","url":"https:\/\/portalraizesnoticias.com.br\/","logo":{"@type":"ImageObject","inLanguage":"pt-BR","@id":"https:\/\/portalraizesnoticias.com.br\/#\/schema\/logo\/image\/","url":"https:\/\/portalraizesnoticias.com.br\/wp-content\/uploads\/2024\/09\/cropped-Captura-de-tela-2024-09-08-011108.png","contentUrl":"https:\/\/portalraizesnoticias.com.br\/wp-content\/uploads\/2024\/09\/cropped-Captura-de-tela-2024-09-08-011108.png","width":606,"height":173,"caption":"Portal raizes NOTICIAS"},"image":{"@id":"https:\/\/portalraizesnoticias.com.br\/#\/schema\/logo\/image\/"}},{"@type":"Person","@id":"https:\/\/portalraizesnoticias.com.br\/#\/schema\/person\/a3ca6b0fc701e78df19756c417d943ae","name":"Portal Raizes","image":{"@type":"ImageObject","inLanguage":"pt-BR","@id":"https:\/\/portalraizesnoticias.com.br\/#\/schema\/person\/image\/","url":"https:\/\/secure.gravatar.com\/avatar\/ef450d29013a3d3fba867a12a249d7b1?s=96&d=mm&r=g","contentUrl":"https:\/\/secure.gravatar.com\/avatar\/ef450d29013a3d3fba867a12a249d7b1?s=96&d=mm&r=g","caption":"Portal Raizes"},"url":"https:\/\/portalraizesnoticias.com.br\/?author=3"}]}},"_links":{"self":[{"href":"https:\/\/portalraizesnoticias.com.br\/index.php?rest_route=\/wp\/v2\/posts\/12082"}],"collection":[{"href":"https:\/\/portalraizesnoticias.com.br\/index.php?rest_route=\/wp\/v2\/posts"}],"about":[{"href":"https:\/\/portalraizesnoticias.com.br\/index.php?rest_route=\/wp\/v2\/types\/post"}],"author":[{"embeddable":true,"href":"https:\/\/portalraizesnoticias.com.br\/index.php?rest_route=\/wp\/v2\/users\/3"}],"replies":[{"embeddable":true,"href":"https:\/\/portalraizesnoticias.com.br\/index.php?rest_route=%2Fwp%2Fv2%2Fcomments&post=12082"}],"version-history":[{"count":2,"href":"https:\/\/portalraizesnoticias.com.br\/index.php?rest_route=\/wp\/v2\/posts\/12082\/revisions"}],"predecessor-version":[{"id":12085,"href":"https:\/\/portalraizesnoticias.com.br\/index.php?rest_route=\/wp\/v2\/posts\/12082\/revisions\/12085"}],"wp:featuredmedia":[{"embeddable":true,"href":"https:\/\/portalraizesnoticias.com.br\/index.php?rest_route=\/wp\/v2\/media\/12084"}],"wp:attachment":[{"href":"https:\/\/portalraizesnoticias.com.br\/index.php?rest_route=%2Fwp%2Fv2%2Fmedia&parent=12082"}],"wp:term":[{"taxonomy":"category","embeddable":true,"href":"https:\/\/portalraizesnoticias.com.br\/index.php?rest_route=%2Fwp%2Fv2%2Fcategories&post=12082"},{"taxonomy":"post_tag","embeddable":true,"href":"https:\/\/portalraizesnoticias.com.br\/index.php?rest_route=%2Fwp%2Fv2%2Ftags&post=12082"}],"curies":[{"name":"wp","href":"https:\/\/api.w.org\/{rel}","templated":true}]}}