{"id":12077,"date":"2026-03-15T20:03:41","date_gmt":"2026-03-15T23:03:41","guid":{"rendered":"https:\/\/portalraizesnoticias.com.br\/?p=12077"},"modified":"2026-03-15T20:04:34","modified_gmt":"2026-03-15T23:04:34","slug":"morador-de-coite-e-suspeito-de-ameacar-ex-companheira-que-estava-com-bebe-no-colo-em-retirolandia","status":"publish","type":"post","link":"https:\/\/portalraizesnoticias.com.br\/?p=12077","title":{"rendered":"Morador de Coit\u00e9 \u00e9 suspeito de amea\u00e7ar ex-companheira que estava com beb\u00ea no colo em Retirol\u00e2ndia"},"content":{"rendered":"<p>Uma mulher de 33 anos denunciou ter sido amea\u00e7ada pelo ex-companheiro na noite de s\u00e1bado (14), no Conjunto Alo\u00edsio Carneiro, em Retirol\u00e2ndia, na regi\u00e3o sisaleira.<\/p>\n<p>De acordo com informa\u00e7\u00f5es da Pol\u00edcia Militar, no local, os policiais conversaram com a v\u00edtima, J. R, que relatou que o ex-companheiro de 36 anos, havia ingerido bebida alco\u00f3lica e estava proferindo amea\u00e7as contra ela. A mulher afirmou ainda que n\u00e3o era a primeira vez que a situa\u00e7\u00e3o ocorria.<\/p>\n<p><img decoding=\"async\" class=\"size-medium wp-image-11228 aligncenter\" src=\"https:\/\/portalraizesnoticias.com.br\/wp-content\/uploads\/2026\/02\/IMG_8532-300x150.png\" alt=\"\" width=\"300\" height=\"150\" srcset=\"https:\/\/portalraizesnoticias.com.br\/wp-content\/uploads\/2026\/02\/IMG_8532-300x150.png 300w, https:\/\/portalraizesnoticias.com.br\/wp-content\/uploads\/2026\/02\/IMG_8532-1024x512.png 1024w, https:\/\/portalraizesnoticias.com.br\/wp-content\/uploads\/2026\/02\/IMG_8532-768x384.png 768w, https:\/\/portalraizesnoticias.com.br\/wp-content\/uploads\/2026\/02\/IMG_8532-1536x768.png 1536w, https:\/\/portalraizesnoticias.com.br\/wp-content\/uploads\/2026\/02\/IMG_8532-2048x1024.png 2048w\" sizes=\"(max-width: 300px) 100vw, 300px\" \/><\/p>\n<p>Segundo a PM, o suspeito reside no povoado Santa Rosa, em Concei\u00e7\u00e3o do Coit\u00e9, e deixou o local ao perceber a aproxima\u00e7\u00e3o da viatura policial.<\/p>\n<p>Os militares realizaram rondas no bairro na tentativa de localizar o homem, mas ele n\u00e3o foi encontrado.<\/p>\n<p>A v\u00edtima informou que n\u00e3o sofreu agress\u00f5es f\u00edsicas, apenas amea\u00e7as verbais. No momento da ocorr\u00eancia, ela estava com uma crian\u00e7a nos bra\u00e7os, filho do suspeito.<\/p>\n<p>Diante da situa\u00e7\u00e3o, a mulher foi orientada a procurar a Delegacia de Pol\u00edcia Civil para registrar a ocorr\u00eancia e adotar as medidas cab\u00edveis, conforme previsto na Lei Maria da Penha.<\/p>\n<p>Reda\u00e7\u00e3o<\/p>\n","protected":false},"excerpt":{"rendered":"<p>Uma mulher de 33 anos denunciou ter sido amea\u00e7ada pelo ex-companheiro na noite de s\u00e1bado (14), no Conjunto Alo\u00edsio Carneiro, em Retirol\u00e2ndia, na regi\u00e3o sisaleira. De acordo com informa\u00e7\u00f5es da Pol\u00edcia Militar, no local, os policiais conversaram com a v\u00edtima, J. R, que relatou que o ex-companheiro de 36 anos, havia ingerido bebida alco\u00f3lica e estava proferindo amea\u00e7as contra ela. A mulher afirmou ainda que n\u00e3o era a primeira vez que a situa\u00e7\u00e3o ocorria. Segundo a PM, o suspeito reside no povoado Santa Rosa, em Concei\u00e7\u00e3o do Coit\u00e9, e deixou o local ao perceber a aproxima\u00e7\u00e3o da viatura policial. Os militares realizaram rondas no bairro na tentativa de localizar o homem, mas ele n\u00e3o foi encontrado. A v\u00edtima informou que n\u00e3o sofreu agress\u00f5es f\u00edsicas, apenas amea\u00e7as verbais. No momento da ocorr\u00eancia, ela estava com uma crian\u00e7a nos bra\u00e7os, filho do suspeito. Diante da situa\u00e7\u00e3o, a mulher foi orientada a procurar a Delegacia de Pol\u00edcia Civil para registrar a ocorr\u00eancia e adotar as medidas cab\u00edveis, conforme previsto na Lei Maria da Penha. Reda\u00e7\u00e3o<\/p>\n","protected":false},"author":3,"featured_media":10933,"comment_status":"open","ping_status":"open","sticky":false,"template":"","format":"standard","meta":{"_joinchat":[],"footnotes":""},"categories":[55,67,59],"tags":[],"class_list":["post-12077","post","type-post","status-publish","format-standard","has-post-thumbnail","hentry","category-destaques","category-policia","category-ultimas-noticias"],"yoast_head":"<!-- This site is optimized with the Yoast SEO plugin v24.4 - https:\/\/yoast.com\/wordpress\/plugins\/seo\/ -->\n<title>Morador de Coit\u00e9 \u00e9 suspeito de amea\u00e7ar ex-companheira que estava com beb\u00ea no colo em Retirol\u00e2ndia - Portal raizes noticias<\/title>\n<meta name=\"robots\" content=\"index, follow, max-snippet:-1, max-image-preview:large, max-video-preview:-1\" \/>\n<link rel=\"canonical\" href=\"https:\/\/portalraizesnoticias.com.br\/?p=12077\" \/>\n<meta property=\"og:locale\" content=\"pt_BR\" \/>\n<meta property=\"og:type\" content=\"article\" \/>\n<meta property=\"og:title\" content=\"Morador de Coit\u00e9 \u00e9 suspeito de amea\u00e7ar ex-companheira que estava com beb\u00ea no colo em Retirol\u00e2ndia - Portal raizes noticias\" \/>\n<meta property=\"og:description\" content=\"Uma mulher de 33 anos denunciou ter sido amea\u00e7ada pelo ex-companheiro na noite de s\u00e1bado (14), no Conjunto Alo\u00edsio Carneiro, em Retirol\u00e2ndia, na regi\u00e3o sisaleira. De acordo com informa\u00e7\u00f5es da Pol\u00edcia Militar, no local, os policiais conversaram com a v\u00edtima, J. R, que relatou que o ex-companheiro de 36 anos, havia ingerido bebida alco\u00f3lica e estava proferindo amea\u00e7as contra ela. A mulher afirmou ainda que n\u00e3o era a primeira vez que a situa\u00e7\u00e3o ocorria. Segundo a PM, o suspeito reside no povoado Santa Rosa, em Concei\u00e7\u00e3o do Coit\u00e9, e deixou o local ao perceber a aproxima\u00e7\u00e3o da viatura policial. Os militares realizaram rondas no bairro na tentativa de localizar o homem, mas ele n\u00e3o foi encontrado. A v\u00edtima informou que n\u00e3o sofreu agress\u00f5es f\u00edsicas, apenas amea\u00e7as verbais. No momento da ocorr\u00eancia, ela estava com uma crian\u00e7a nos bra\u00e7os, filho do suspeito. Diante da situa\u00e7\u00e3o, a mulher foi orientada a procurar a Delegacia de Pol\u00edcia Civil para registrar a ocorr\u00eancia e adotar as medidas cab\u00edveis, conforme previsto na Lei Maria da Penha. Reda\u00e7\u00e3o\" \/>\n<meta property=\"og:url\" content=\"https:\/\/portalraizesnoticias.com.br\/?p=12077\" \/>\n<meta property=\"og:site_name\" content=\"Portal raizes noticias\" \/>\n<meta property=\"article:published_time\" content=\"2026-03-15T23:03:41+00:00\" \/>\n<meta property=\"article:modified_time\" content=\"2026-03-15T23:04:34+00:00\" \/>\n<meta property=\"og:image\" content=\"https:\/\/portalraizesnoticias.com.br\/wp-content\/uploads\/2026\/02\/Agravamento-da-violencia-contra-mulheres-em-tempos-de-pandemia-2.png\" \/>\n\t<meta property=\"og:image:width\" content=\"1140\" \/>\n\t<meta property=\"og:image:height\" content=\"750\" \/>\n\t<meta property=\"og:image:type\" content=\"image\/png\" \/>\n<meta name=\"author\" content=\"Portal Raizes\" \/>\n<meta name=\"twitter:card\" content=\"summary_large_image\" \/>\n<meta name=\"twitter:label1\" content=\"Escrito por\" \/>\n\t<meta name=\"twitter:data1\" content=\"Portal Raizes\" \/>\n\t<meta name=\"twitter:label2\" content=\"Est. tempo de leitura\" \/>\n\t<meta name=\"twitter:data2\" content=\"2 minutos\" \/>\n<script type=\"application\/ld+json\" class=\"yoast-schema-graph\">{\"@context\":\"https:\/\/schema.org\",\"@graph\":[{\"@type\":\"Article\",\"@id\":\"https:\/\/portalraizesnoticias.com.br\/?p=12077#article\",\"isPartOf\":{\"@id\":\"https:\/\/portalraizesnoticias.com.br\/?p=12077\"},\"author\":{\"name\":\"Portal Raizes\",\"@id\":\"https:\/\/portalraizesnoticias.com.br\/#\/schema\/person\/a3ca6b0fc701e78df19756c417d943ae\"},\"headline\":\"Morador de Coit\u00e9 \u00e9 suspeito de amea\u00e7ar ex-companheira que estava com beb\u00ea no colo em Retirol\u00e2ndia\",\"datePublished\":\"2026-03-15T23:03:41+00:00\",\"dateModified\":\"2026-03-15T23:04:34+00:00\",\"mainEntityOfPage\":{\"@id\":\"https:\/\/portalraizesnoticias.com.br\/?p=12077\"},\"wordCount\":214,\"commentCount\":0,\"publisher\":{\"@id\":\"https:\/\/portalraizesnoticias.com.br\/#organization\"},\"image\":{\"@id\":\"https:\/\/portalraizesnoticias.com.br\/?p=12077#primaryimage\"},\"thumbnailUrl\":\"https:\/\/portalraizesnoticias.com.br\/wp-content\/uploads\/2026\/02\/Agravamento-da-violencia-contra-mulheres-em-tempos-de-pandemia-2.png\",\"articleSection\":[\"DESTAQUES\",\"POLICIA\",\"ULTIMAS NOTICIAS\"],\"inLanguage\":\"pt-BR\",\"potentialAction\":[{\"@type\":\"CommentAction\",\"name\":\"Comment\",\"target\":[\"https:\/\/portalraizesnoticias.com.br\/?p=12077#respond\"]}]},{\"@type\":\"WebPage\",\"@id\":\"https:\/\/portalraizesnoticias.com.br\/?p=12077\",\"url\":\"https:\/\/portalraizesnoticias.com.br\/?p=12077\",\"name\":\"Morador de Coit\u00e9 \u00e9 suspeito de amea\u00e7ar ex-companheira que estava com beb\u00ea no colo em Retirol\u00e2ndia - Portal raizes noticias\",\"isPartOf\":{\"@id\":\"https:\/\/portalraizesnoticias.com.br\/#website\"},\"primaryImageOfPage\":{\"@id\":\"https:\/\/portalraizesnoticias.com.br\/?p=12077#primaryimage\"},\"image\":{\"@id\":\"https:\/\/portalraizesnoticias.com.br\/?p=12077#primaryimage\"},\"thumbnailUrl\":\"https:\/\/portalraizesnoticias.com.br\/wp-content\/uploads\/2026\/02\/Agravamento-da-violencia-contra-mulheres-em-tempos-de-pandemia-2.png\",\"datePublished\":\"2026-03-15T23:03:41+00:00\",\"dateModified\":\"2026-03-15T23:04:34+00:00\",\"breadcrumb\":{\"@id\":\"https:\/\/portalraizesnoticias.com.br\/?p=12077#breadcrumb\"},\"inLanguage\":\"pt-BR\",\"potentialAction\":[{\"@type\":\"ReadAction\",\"target\":[\"https:\/\/portalraizesnoticias.com.br\/?p=12077\"]}]},{\"@type\":\"ImageObject\",\"inLanguage\":\"pt-BR\",\"@id\":\"https:\/\/portalraizesnoticias.com.br\/?p=12077#primaryimage\",\"url\":\"https:\/\/portalraizesnoticias.com.br\/wp-content\/uploads\/2026\/02\/Agravamento-da-violencia-contra-mulheres-em-tempos-de-pandemia-2.png\",\"contentUrl\":\"https:\/\/portalraizesnoticias.com.br\/wp-content\/uploads\/2026\/02\/Agravamento-da-violencia-contra-mulheres-em-tempos-de-pandemia-2.png\",\"width\":1140,\"height\":750},{\"@type\":\"BreadcrumbList\",\"@id\":\"https:\/\/portalraizesnoticias.com.br\/?p=12077#breadcrumb\",\"itemListElement\":[{\"@type\":\"ListItem\",\"position\":1,\"name\":\"In\u00edcio\",\"item\":\"https:\/\/portalraizesnoticias.com.br\/\"},{\"@type\":\"ListItem\",\"position\":2,\"name\":\"Morador de Coit\u00e9 \u00e9 suspeito de amea\u00e7ar ex-companheira que estava com beb\u00ea no colo em Retirol\u00e2ndia\"}]},{\"@type\":\"WebSite\",\"@id\":\"https:\/\/portalraizesnoticias.com.br\/#website\",\"url\":\"https:\/\/portalraizesnoticias.com.br\/\",\"name\":\"Portal raizes NOTICIAS\",\"description\":\"site de noticias de concei\u00e7\u00e3o do coit\u00e9 e regi\u00e3o\",\"publisher\":{\"@id\":\"https:\/\/portalraizesnoticias.com.br\/#organization\"},\"alternateName\":\"PORTAL RAIZES COIT\u00c9\",\"potentialAction\":[{\"@type\":\"SearchAction\",\"target\":{\"@type\":\"EntryPoint\",\"urlTemplate\":\"https:\/\/portalraizesnoticias.com.br\/?s={search_term_string}\"},\"query-input\":{\"@type\":\"PropertyValueSpecification\",\"valueRequired\":true,\"valueName\":\"search_term_string\"}}],\"inLanguage\":\"pt-BR\"},{\"@type\":\"Organization\",\"@id\":\"https:\/\/portalraizesnoticias.com.br\/#organization\",\"name\":\"Portal raizes NOTICIAS\",\"url\":\"https:\/\/portalraizesnoticias.com.br\/\",\"logo\":{\"@type\":\"ImageObject\",\"inLanguage\":\"pt-BR\",\"@id\":\"https:\/\/portalraizesnoticias.com.br\/#\/schema\/logo\/image\/\",\"url\":\"https:\/\/portalraizesnoticias.com.br\/wp-content\/uploads\/2024\/09\/cropped-Captura-de-tela-2024-09-08-011108.png\",\"contentUrl\":\"https:\/\/portalraizesnoticias.com.br\/wp-content\/uploads\/2024\/09\/cropped-Captura-de-tela-2024-09-08-011108.png\",\"width\":606,\"height\":173,\"caption\":\"Portal raizes NOTICIAS\"},\"image\":{\"@id\":\"https:\/\/portalraizesnoticias.com.br\/#\/schema\/logo\/image\/\"}},{\"@type\":\"Person\",\"@id\":\"https:\/\/portalraizesnoticias.com.br\/#\/schema\/person\/a3ca6b0fc701e78df19756c417d943ae\",\"name\":\"Portal Raizes\",\"image\":{\"@type\":\"ImageObject\",\"inLanguage\":\"pt-BR\",\"@id\":\"https:\/\/portalraizesnoticias.com.br\/#\/schema\/person\/image\/\",\"url\":\"https:\/\/secure.gravatar.com\/avatar\/ef450d29013a3d3fba867a12a249d7b1?s=96&d=mm&r=g\",\"contentUrl\":\"https:\/\/secure.gravatar.com\/avatar\/ef450d29013a3d3fba867a12a249d7b1?s=96&d=mm&r=g\",\"caption\":\"Portal Raizes\"},\"url\":\"https:\/\/portalraizesnoticias.com.br\/?author=3\"}]}<\/script>\n<!-- \/ Yoast SEO plugin. -->","yoast_head_json":{"title":"Morador de Coit\u00e9 \u00e9 suspeito de amea\u00e7ar ex-companheira que estava com beb\u00ea no colo em Retirol\u00e2ndia - Portal raizes noticias","robots":{"index":"index","follow":"follow","max-snippet":"max-snippet:-1","max-image-preview":"max-image-preview:large","max-video-preview":"max-video-preview:-1"},"canonical":"https:\/\/portalraizesnoticias.com.br\/?p=12077","og_locale":"pt_BR","og_type":"article","og_title":"Morador de Coit\u00e9 \u00e9 suspeito de amea\u00e7ar ex-companheira que estava com beb\u00ea no colo em Retirol\u00e2ndia - Portal raizes noticias","og_description":"Uma mulher de 33 anos denunciou ter sido amea\u00e7ada pelo ex-companheiro na noite de s\u00e1bado (14), no Conjunto Alo\u00edsio Carneiro, em Retirol\u00e2ndia, na regi\u00e3o sisaleira. De acordo com informa\u00e7\u00f5es da Pol\u00edcia Militar, no local, os policiais conversaram com a v\u00edtima, J. R, que relatou que o ex-companheiro de 36 anos, havia ingerido bebida alco\u00f3lica e estava proferindo amea\u00e7as contra ela. A mulher afirmou ainda que n\u00e3o era a primeira vez que a situa\u00e7\u00e3o ocorria. Segundo a PM, o suspeito reside no povoado Santa Rosa, em Concei\u00e7\u00e3o do Coit\u00e9, e deixou o local ao perceber a aproxima\u00e7\u00e3o da viatura policial. Os militares realizaram rondas no bairro na tentativa de localizar o homem, mas ele n\u00e3o foi encontrado. A v\u00edtima informou que n\u00e3o sofreu agress\u00f5es f\u00edsicas, apenas amea\u00e7as verbais. No momento da ocorr\u00eancia, ela estava com uma crian\u00e7a nos bra\u00e7os, filho do suspeito. Diante da situa\u00e7\u00e3o, a mulher foi orientada a procurar a Delegacia de Pol\u00edcia Civil para registrar a ocorr\u00eancia e adotar as medidas cab\u00edveis, conforme previsto na Lei Maria da Penha. Reda\u00e7\u00e3o","og_url":"https:\/\/portalraizesnoticias.com.br\/?p=12077","og_site_name":"Portal raizes noticias","article_published_time":"2026-03-15T23:03:41+00:00","article_modified_time":"2026-03-15T23:04:34+00:00","og_image":[{"width":1140,"height":750,"url":"https:\/\/portalraizesnoticias.com.br\/wp-content\/uploads\/2026\/02\/Agravamento-da-violencia-contra-mulheres-em-tempos-de-pandemia-2.png","type":"image\/png"}],"author":"Portal Raizes","twitter_card":"summary_large_image","twitter_misc":{"Escrito por":"Portal Raizes","Est. tempo de leitura":"2 minutos"},"schema":{"@context":"https:\/\/schema.org","@graph":[{"@type":"Article","@id":"https:\/\/portalraizesnoticias.com.br\/?p=12077#article","isPartOf":{"@id":"https:\/\/portalraizesnoticias.com.br\/?p=12077"},"author":{"name":"Portal Raizes","@id":"https:\/\/portalraizesnoticias.com.br\/#\/schema\/person\/a3ca6b0fc701e78df19756c417d943ae"},"headline":"Morador de Coit\u00e9 \u00e9 suspeito de amea\u00e7ar ex-companheira que estava com beb\u00ea no colo em Retirol\u00e2ndia","datePublished":"2026-03-15T23:03:41+00:00","dateModified":"2026-03-15T23:04:34+00:00","mainEntityOfPage":{"@id":"https:\/\/portalraizesnoticias.com.br\/?p=12077"},"wordCount":214,"commentCount":0,"publisher":{"@id":"https:\/\/portalraizesnoticias.com.br\/#organization"},"image":{"@id":"https:\/\/portalraizesnoticias.com.br\/?p=12077#primaryimage"},"thumbnailUrl":"https:\/\/portalraizesnoticias.com.br\/wp-content\/uploads\/2026\/02\/Agravamento-da-violencia-contra-mulheres-em-tempos-de-pandemia-2.png","articleSection":["DESTAQUES","POLICIA","ULTIMAS NOTICIAS"],"inLanguage":"pt-BR","potentialAction":[{"@type":"CommentAction","name":"Comment","target":["https:\/\/portalraizesnoticias.com.br\/?p=12077#respond"]}]},{"@type":"WebPage","@id":"https:\/\/portalraizesnoticias.com.br\/?p=12077","url":"https:\/\/portalraizesnoticias.com.br\/?p=12077","name":"Morador de Coit\u00e9 \u00e9 suspeito de amea\u00e7ar ex-companheira que estava com beb\u00ea no colo em Retirol\u00e2ndia - Portal raizes noticias","isPartOf":{"@id":"https:\/\/portalraizesnoticias.com.br\/#website"},"primaryImageOfPage":{"@id":"https:\/\/portalraizesnoticias.com.br\/?p=12077#primaryimage"},"image":{"@id":"https:\/\/portalraizesnoticias.com.br\/?p=12077#primaryimage"},"thumbnailUrl":"https:\/\/portalraizesnoticias.com.br\/wp-content\/uploads\/2026\/02\/Agravamento-da-violencia-contra-mulheres-em-tempos-de-pandemia-2.png","datePublished":"2026-03-15T23:03:41+00:00","dateModified":"2026-03-15T23:04:34+00:00","breadcrumb":{"@id":"https:\/\/portalraizesnoticias.com.br\/?p=12077#breadcrumb"},"inLanguage":"pt-BR","potentialAction":[{"@type":"ReadAction","target":["https:\/\/portalraizesnoticias.com.br\/?p=12077"]}]},{"@type":"ImageObject","inLanguage":"pt-BR","@id":"https:\/\/portalraizesnoticias.com.br\/?p=12077#primaryimage","url":"https:\/\/portalraizesnoticias.com.br\/wp-content\/uploads\/2026\/02\/Agravamento-da-violencia-contra-mulheres-em-tempos-de-pandemia-2.png","contentUrl":"https:\/\/portalraizesnoticias.com.br\/wp-content\/uploads\/2026\/02\/Agravamento-da-violencia-contra-mulheres-em-tempos-de-pandemia-2.png","width":1140,"height":750},{"@type":"BreadcrumbList","@id":"https:\/\/portalraizesnoticias.com.br\/?p=12077#breadcrumb","itemListElement":[{"@type":"ListItem","position":1,"name":"In\u00edcio","item":"https:\/\/portalraizesnoticias.com.br\/"},{"@type":"ListItem","position":2,"name":"Morador de Coit\u00e9 \u00e9 suspeito de amea\u00e7ar ex-companheira que estava com beb\u00ea no colo em Retirol\u00e2ndia"}]},{"@type":"WebSite","@id":"https:\/\/portalraizesnoticias.com.br\/#website","url":"https:\/\/portalraizesnoticias.com.br\/","name":"Portal raizes NOTICIAS","description":"site de noticias de concei\u00e7\u00e3o do coit\u00e9 e regi\u00e3o","publisher":{"@id":"https:\/\/portalraizesnoticias.com.br\/#organization"},"alternateName":"PORTAL RAIZES COIT\u00c9","potentialAction":[{"@type":"SearchAction","target":{"@type":"EntryPoint","urlTemplate":"https:\/\/portalraizesnoticias.com.br\/?s={search_term_string}"},"query-input":{"@type":"PropertyValueSpecification","valueRequired":true,"valueName":"search_term_string"}}],"inLanguage":"pt-BR"},{"@type":"Organization","@id":"https:\/\/portalraizesnoticias.com.br\/#organization","name":"Portal raizes NOTICIAS","url":"https:\/\/portalraizesnoticias.com.br\/","logo":{"@type":"ImageObject","inLanguage":"pt-BR","@id":"https:\/\/portalraizesnoticias.com.br\/#\/schema\/logo\/image\/","url":"https:\/\/portalraizesnoticias.com.br\/wp-content\/uploads\/2024\/09\/cropped-Captura-de-tela-2024-09-08-011108.png","contentUrl":"https:\/\/portalraizesnoticias.com.br\/wp-content\/uploads\/2024\/09\/cropped-Captura-de-tela-2024-09-08-011108.png","width":606,"height":173,"caption":"Portal raizes NOTICIAS"},"image":{"@id":"https:\/\/portalraizesnoticias.com.br\/#\/schema\/logo\/image\/"}},{"@type":"Person","@id":"https:\/\/portalraizesnoticias.com.br\/#\/schema\/person\/a3ca6b0fc701e78df19756c417d943ae","name":"Portal Raizes","image":{"@type":"ImageObject","inLanguage":"pt-BR","@id":"https:\/\/portalraizesnoticias.com.br\/#\/schema\/person\/image\/","url":"https:\/\/secure.gravatar.com\/avatar\/ef450d29013a3d3fba867a12a249d7b1?s=96&d=mm&r=g","contentUrl":"https:\/\/secure.gravatar.com\/avatar\/ef450d29013a3d3fba867a12a249d7b1?s=96&d=mm&r=g","caption":"Portal Raizes"},"url":"https:\/\/portalraizesnoticias.com.br\/?author=3"}]}},"_links":{"self":[{"href":"https:\/\/portalraizesnoticias.com.br\/index.php?rest_route=\/wp\/v2\/posts\/12077"}],"collection":[{"href":"https:\/\/portalraizesnoticias.com.br\/index.php?rest_route=\/wp\/v2\/posts"}],"about":[{"href":"https:\/\/portalraizesnoticias.com.br\/index.php?rest_route=\/wp\/v2\/types\/post"}],"author":[{"embeddable":true,"href":"https:\/\/portalraizesnoticias.com.br\/index.php?rest_route=\/wp\/v2\/users\/3"}],"replies":[{"embeddable":true,"href":"https:\/\/portalraizesnoticias.com.br\/index.php?rest_route=%2Fwp%2Fv2%2Fcomments&post=12077"}],"version-history":[{"count":4,"href":"https:\/\/portalraizesnoticias.com.br\/index.php?rest_route=\/wp\/v2\/posts\/12077\/revisions"}],"predecessor-version":[{"id":12081,"href":"https:\/\/portalraizesnoticias.com.br\/index.php?rest_route=\/wp\/v2\/posts\/12077\/revisions\/12081"}],"wp:featuredmedia":[{"embeddable":true,"href":"https:\/\/portalraizesnoticias.com.br\/index.php?rest_route=\/wp\/v2\/media\/10933"}],"wp:attachment":[{"href":"https:\/\/portalraizesnoticias.com.br\/index.php?rest_route=%2Fwp%2Fv2%2Fmedia&parent=12077"}],"wp:term":[{"taxonomy":"category","embeddable":true,"href":"https:\/\/portalraizesnoticias.com.br\/index.php?rest_route=%2Fwp%2Fv2%2Fcategories&post=12077"},{"taxonomy":"post_tag","embeddable":true,"href":"https:\/\/portalraizesnoticias.com.br\/index.php?rest_route=%2Fwp%2Fv2%2Ftags&post=12077"}],"curies":[{"name":"wp","href":"https:\/\/api.w.org\/{rel}","templated":true}]}}