{"id":12072,"date":"2026-03-14T21:41:56","date_gmt":"2026-03-15T00:41:56","guid":{"rendered":"https:\/\/portalraizesnoticias.com.br\/?p=12072"},"modified":"2026-03-14T21:41:56","modified_gmt":"2026-03-15T00:41:56","slug":"pm-e-acionada-apos-denuncia-de-perturbacao-do-sossego-no-conjunto-mario-da-caixa-em-conceicao-do-coite","status":"publish","type":"post","link":"https:\/\/portalraizesnoticias.com.br\/?p=12072","title":{"rendered":"PM \u00e9 acionada ap\u00f3s den\u00fancia de perturba\u00e7\u00e3o do sossego no Conjunto M\u00e1rio da Caixa em Concei\u00e7\u00e3o do Coit\u00e9"},"content":{"rendered":"<p>Casos de perturba\u00e7\u00e3o do sossego s\u00e3o frequentes durante os finais de semana em diversos bairros e localidades de Concei\u00e7\u00e3o do Coit\u00e9, principalmente devido ao uso de aparelhos de som em volume elevado, festas e reuni\u00f5es que acabam incomodando moradores. Situa\u00e7\u00f5es desse tipo costumam gerar reclama\u00e7\u00f5es e acionamentos da Pol\u00edcia Militar.<\/p>\n<p>Um desses casos foi registrado na tarde deste s\u00e1bado (14), no Conjunto M\u00e1rio da Caixa. Policiais militares foram acionados por volta das 12h45, ap\u00f3s den\u00fancia de perturba\u00e7\u00e3o do sossego no conjunto residencial que fica no bairro Casas Populares.<\/p>\n<p><img decoding=\"async\" class=\"size-medium wp-image-11228 aligncenter\" src=\"https:\/\/portalraizesnoticias.com.br\/wp-content\/uploads\/2026\/02\/IMG_8532-300x150.png\" alt=\"\" width=\"300\" height=\"150\" srcset=\"https:\/\/portalraizesnoticias.com.br\/wp-content\/uploads\/2026\/02\/IMG_8532-300x150.png 300w, https:\/\/portalraizesnoticias.com.br\/wp-content\/uploads\/2026\/02\/IMG_8532-1024x512.png 1024w, https:\/\/portalraizesnoticias.com.br\/wp-content\/uploads\/2026\/02\/IMG_8532-768x384.png 768w, https:\/\/portalraizesnoticias.com.br\/wp-content\/uploads\/2026\/02\/IMG_8532-1536x768.png 1536w, https:\/\/portalraizesnoticias.com.br\/wp-content\/uploads\/2026\/02\/IMG_8532-2048x1024.png 2048w\" sizes=\"(max-width: 300px) 100vw, 300px\" \/><\/p>\n<p>Ao chegar ao endere\u00e7o indicado, os policiais constataram que o aparelho de som que estaria causando a perturba\u00e7\u00e3o j\u00e1 havia sido desligado. Mesmo assim, as pessoas que estavam no local foram orientadas a n\u00e3o voltar a ligar qualquer equipamento sonoro que pudesse incomodar os moradores da \u00e1rea. Ap\u00f3s as orienta\u00e7\u00f5es, a situa\u00e7\u00e3o foi normalizada e n\u00e3o houve necessidade de ado\u00e7\u00e3o de outras medidas.<\/p>\n<p>De acordo com a legisla\u00e7\u00e3o brasileira, a perturba\u00e7\u00e3o do sossego \u00e9 considerada uma contraven\u00e7\u00e3o penal, prevista no artigo 42 da Lei das Contraven\u00e7\u00f5es Penais. A norma prev\u00ea puni\u00e7\u00e3o para quem perturbar o trabalho ou o descanso alheio com gritaria, algazarra, uso abusivo de instrumentos sonoros ou sinais ac\u00fasticos, ou ainda provocando barulho excessivo. A pena pode variar de pris\u00e3o simples, de 15 dias a tr\u00eas meses, ou aplica\u00e7\u00e3o de multa.<\/p>\n<p>Reda\u00e7\u00e3o<\/p>\n","protected":false},"excerpt":{"rendered":"<p>Casos de perturba\u00e7\u00e3o do sossego s\u00e3o frequentes durante os finais de semana em diversos bairros e localidades de Concei\u00e7\u00e3o do Coit\u00e9, principalmente devido ao uso de aparelhos de som em volume elevado, festas e reuni\u00f5es que acabam incomodando moradores. Situa\u00e7\u00f5es desse tipo costumam gerar reclama\u00e7\u00f5es e acionamentos da Pol\u00edcia Militar. Um desses casos foi registrado na tarde deste s\u00e1bado (14), no Conjunto M\u00e1rio da Caixa. Policiais militares foram acionados por volta das 12h45, ap\u00f3s den\u00fancia de perturba\u00e7\u00e3o do sossego no conjunto residencial que fica no bairro Casas Populares. Ao chegar ao endere\u00e7o indicado, os policiais constataram que o aparelho de som que estaria causando a perturba\u00e7\u00e3o j\u00e1 havia sido desligado. Mesmo assim, as pessoas que estavam no local foram orientadas a n\u00e3o voltar a ligar qualquer equipamento sonoro que pudesse incomodar os moradores da \u00e1rea. Ap\u00f3s as orienta\u00e7\u00f5es, a situa\u00e7\u00e3o foi normalizada e n\u00e3o houve necessidade de ado\u00e7\u00e3o de outras medidas. De acordo com a legisla\u00e7\u00e3o brasileira, a perturba\u00e7\u00e3o do sossego \u00e9 considerada uma contraven\u00e7\u00e3o penal, prevista no artigo 42 da Lei das Contraven\u00e7\u00f5es Penais. A norma prev\u00ea puni\u00e7\u00e3o para quem perturbar o trabalho ou o descanso alheio com gritaria, algazarra, uso abusivo de instrumentos sonoros ou sinais ac\u00fasticos, ou ainda provocando barulho excessivo. A pena pode variar de pris\u00e3o simples, de 15 dias a tr\u00eas meses, ou aplica\u00e7\u00e3o de multa. Reda\u00e7\u00e3o<\/p>\n","protected":false},"author":3,"featured_media":12076,"comment_status":"open","ping_status":"open","sticky":false,"template":"","format":"standard","meta":{"_joinchat":[],"footnotes":""},"categories":[55,67,59],"tags":[],"class_list":["post-12072","post","type-post","status-publish","format-standard","has-post-thumbnail","hentry","category-destaques","category-policia","category-ultimas-noticias"],"yoast_head":"<!-- This site is optimized with the Yoast SEO plugin v24.4 - https:\/\/yoast.com\/wordpress\/plugins\/seo\/ -->\n<title>PM \u00e9 acionada ap\u00f3s den\u00fancia de perturba\u00e7\u00e3o do sossego no Conjunto M\u00e1rio da Caixa em Concei\u00e7\u00e3o do Coit\u00e9 - Portal raizes noticias<\/title>\n<meta name=\"robots\" content=\"index, follow, max-snippet:-1, max-image-preview:large, max-video-preview:-1\" \/>\n<link rel=\"canonical\" href=\"https:\/\/portalraizesnoticias.com.br\/?p=12072\" \/>\n<meta property=\"og:locale\" content=\"pt_BR\" \/>\n<meta property=\"og:type\" content=\"article\" \/>\n<meta property=\"og:title\" content=\"PM \u00e9 acionada ap\u00f3s den\u00fancia de perturba\u00e7\u00e3o do sossego no Conjunto M\u00e1rio da Caixa em Concei\u00e7\u00e3o do Coit\u00e9 - Portal raizes noticias\" \/>\n<meta property=\"og:description\" content=\"Casos de perturba\u00e7\u00e3o do sossego s\u00e3o frequentes durante os finais de semana em diversos bairros e localidades de Concei\u00e7\u00e3o do Coit\u00e9, principalmente devido ao uso de aparelhos de som em volume elevado, festas e reuni\u00f5es que acabam incomodando moradores. Situa\u00e7\u00f5es desse tipo costumam gerar reclama\u00e7\u00f5es e acionamentos da Pol\u00edcia Militar. Um desses casos foi registrado na tarde deste s\u00e1bado (14), no Conjunto M\u00e1rio da Caixa. Policiais militares foram acionados por volta das 12h45, ap\u00f3s den\u00fancia de perturba\u00e7\u00e3o do sossego no conjunto residencial que fica no bairro Casas Populares. Ao chegar ao endere\u00e7o indicado, os policiais constataram que o aparelho de som que estaria causando a perturba\u00e7\u00e3o j\u00e1 havia sido desligado. Mesmo assim, as pessoas que estavam no local foram orientadas a n\u00e3o voltar a ligar qualquer equipamento sonoro que pudesse incomodar os moradores da \u00e1rea. Ap\u00f3s as orienta\u00e7\u00f5es, a situa\u00e7\u00e3o foi normalizada e n\u00e3o houve necessidade de ado\u00e7\u00e3o de outras medidas. De acordo com a legisla\u00e7\u00e3o brasileira, a perturba\u00e7\u00e3o do sossego \u00e9 considerada uma contraven\u00e7\u00e3o penal, prevista no artigo 42 da Lei das Contraven\u00e7\u00f5es Penais. A norma prev\u00ea puni\u00e7\u00e3o para quem perturbar o trabalho ou o descanso alheio com gritaria, algazarra, uso abusivo de instrumentos sonoros ou sinais ac\u00fasticos, ou ainda provocando barulho excessivo. A pena pode variar de pris\u00e3o simples, de 15 dias a tr\u00eas meses, ou aplica\u00e7\u00e3o de multa. Reda\u00e7\u00e3o\" \/>\n<meta property=\"og:url\" content=\"https:\/\/portalraizesnoticias.com.br\/?p=12072\" \/>\n<meta property=\"og:site_name\" content=\"Portal raizes noticias\" \/>\n<meta property=\"article:published_time\" content=\"2026-03-15T00:41:56+00:00\" \/>\n<meta property=\"og:image\" content=\"https:\/\/portalraizesnoticias.com.br\/wp-content\/uploads\/2026\/03\/20260314214111.jpg\" \/>\n\t<meta property=\"og:image:width\" content=\"944\" \/>\n\t<meta property=\"og:image:height\" content=\"709\" \/>\n\t<meta property=\"og:image:type\" content=\"image\/jpeg\" \/>\n<meta name=\"author\" content=\"Portal Raizes\" \/>\n<meta name=\"twitter:card\" content=\"summary_large_image\" \/>\n<meta name=\"twitter:label1\" content=\"Escrito por\" \/>\n\t<meta name=\"twitter:data1\" content=\"Portal Raizes\" \/>\n\t<meta name=\"twitter:label2\" content=\"Est. tempo de leitura\" \/>\n\t<meta name=\"twitter:data2\" content=\"2 minutos\" \/>\n<script type=\"application\/ld+json\" class=\"yoast-schema-graph\">{\"@context\":\"https:\/\/schema.org\",\"@graph\":[{\"@type\":\"Article\",\"@id\":\"https:\/\/portalraizesnoticias.com.br\/?p=12072#article\",\"isPartOf\":{\"@id\":\"https:\/\/portalraizesnoticias.com.br\/?p=12072\"},\"author\":{\"name\":\"Portal Raizes\",\"@id\":\"https:\/\/portalraizesnoticias.com.br\/#\/schema\/person\/a3ca6b0fc701e78df19756c417d943ae\"},\"headline\":\"PM \u00e9 acionada ap\u00f3s den\u00fancia de perturba\u00e7\u00e3o do sossego no Conjunto M\u00e1rio da Caixa em Concei\u00e7\u00e3o do Coit\u00e9\",\"datePublished\":\"2026-03-15T00:41:56+00:00\",\"mainEntityOfPage\":{\"@id\":\"https:\/\/portalraizesnoticias.com.br\/?p=12072\"},\"wordCount\":270,\"commentCount\":0,\"publisher\":{\"@id\":\"https:\/\/portalraizesnoticias.com.br\/#organization\"},\"image\":{\"@id\":\"https:\/\/portalraizesnoticias.com.br\/?p=12072#primaryimage\"},\"thumbnailUrl\":\"https:\/\/portalraizesnoticias.com.br\/wp-content\/uploads\/2026\/03\/20260314214111.jpg\",\"articleSection\":[\"DESTAQUES\",\"POLICIA\",\"ULTIMAS NOTICIAS\"],\"inLanguage\":\"pt-BR\",\"potentialAction\":[{\"@type\":\"CommentAction\",\"name\":\"Comment\",\"target\":[\"https:\/\/portalraizesnoticias.com.br\/?p=12072#respond\"]}]},{\"@type\":\"WebPage\",\"@id\":\"https:\/\/portalraizesnoticias.com.br\/?p=12072\",\"url\":\"https:\/\/portalraizesnoticias.com.br\/?p=12072\",\"name\":\"PM \u00e9 acionada ap\u00f3s den\u00fancia de perturba\u00e7\u00e3o do sossego no Conjunto M\u00e1rio da Caixa em Concei\u00e7\u00e3o do Coit\u00e9 - Portal raizes noticias\",\"isPartOf\":{\"@id\":\"https:\/\/portalraizesnoticias.com.br\/#website\"},\"primaryImageOfPage\":{\"@id\":\"https:\/\/portalraizesnoticias.com.br\/?p=12072#primaryimage\"},\"image\":{\"@id\":\"https:\/\/portalraizesnoticias.com.br\/?p=12072#primaryimage\"},\"thumbnailUrl\":\"https:\/\/portalraizesnoticias.com.br\/wp-content\/uploads\/2026\/03\/20260314214111.jpg\",\"datePublished\":\"2026-03-15T00:41:56+00:00\",\"breadcrumb\":{\"@id\":\"https:\/\/portalraizesnoticias.com.br\/?p=12072#breadcrumb\"},\"inLanguage\":\"pt-BR\",\"potentialAction\":[{\"@type\":\"ReadAction\",\"target\":[\"https:\/\/portalraizesnoticias.com.br\/?p=12072\"]}]},{\"@type\":\"ImageObject\",\"inLanguage\":\"pt-BR\",\"@id\":\"https:\/\/portalraizesnoticias.com.br\/?p=12072#primaryimage\",\"url\":\"https:\/\/portalraizesnoticias.com.br\/wp-content\/uploads\/2026\/03\/20260314214111.jpg\",\"contentUrl\":\"https:\/\/portalraizesnoticias.com.br\/wp-content\/uploads\/2026\/03\/20260314214111.jpg\",\"width\":944,\"height\":709},{\"@type\":\"BreadcrumbList\",\"@id\":\"https:\/\/portalraizesnoticias.com.br\/?p=12072#breadcrumb\",\"itemListElement\":[{\"@type\":\"ListItem\",\"position\":1,\"name\":\"In\u00edcio\",\"item\":\"https:\/\/portalraizesnoticias.com.br\/\"},{\"@type\":\"ListItem\",\"position\":2,\"name\":\"PM \u00e9 acionada ap\u00f3s den\u00fancia de perturba\u00e7\u00e3o do sossego no Conjunto M\u00e1rio da Caixa em Concei\u00e7\u00e3o do Coit\u00e9\"}]},{\"@type\":\"WebSite\",\"@id\":\"https:\/\/portalraizesnoticias.com.br\/#website\",\"url\":\"https:\/\/portalraizesnoticias.com.br\/\",\"name\":\"Portal raizes NOTICIAS\",\"description\":\"site de noticias de concei\u00e7\u00e3o do coit\u00e9 e regi\u00e3o\",\"publisher\":{\"@id\":\"https:\/\/portalraizesnoticias.com.br\/#organization\"},\"alternateName\":\"PORTAL RAIZES COIT\u00c9\",\"potentialAction\":[{\"@type\":\"SearchAction\",\"target\":{\"@type\":\"EntryPoint\",\"urlTemplate\":\"https:\/\/portalraizesnoticias.com.br\/?s={search_term_string}\"},\"query-input\":{\"@type\":\"PropertyValueSpecification\",\"valueRequired\":true,\"valueName\":\"search_term_string\"}}],\"inLanguage\":\"pt-BR\"},{\"@type\":\"Organization\",\"@id\":\"https:\/\/portalraizesnoticias.com.br\/#organization\",\"name\":\"Portal raizes NOTICIAS\",\"url\":\"https:\/\/portalraizesnoticias.com.br\/\",\"logo\":{\"@type\":\"ImageObject\",\"inLanguage\":\"pt-BR\",\"@id\":\"https:\/\/portalraizesnoticias.com.br\/#\/schema\/logo\/image\/\",\"url\":\"https:\/\/portalraizesnoticias.com.br\/wp-content\/uploads\/2024\/09\/cropped-Captura-de-tela-2024-09-08-011108.png\",\"contentUrl\":\"https:\/\/portalraizesnoticias.com.br\/wp-content\/uploads\/2024\/09\/cropped-Captura-de-tela-2024-09-08-011108.png\",\"width\":606,\"height\":173,\"caption\":\"Portal raizes NOTICIAS\"},\"image\":{\"@id\":\"https:\/\/portalraizesnoticias.com.br\/#\/schema\/logo\/image\/\"}},{\"@type\":\"Person\",\"@id\":\"https:\/\/portalraizesnoticias.com.br\/#\/schema\/person\/a3ca6b0fc701e78df19756c417d943ae\",\"name\":\"Portal Raizes\",\"image\":{\"@type\":\"ImageObject\",\"inLanguage\":\"pt-BR\",\"@id\":\"https:\/\/portalraizesnoticias.com.br\/#\/schema\/person\/image\/\",\"url\":\"https:\/\/secure.gravatar.com\/avatar\/ef450d29013a3d3fba867a12a249d7b1?s=96&d=mm&r=g\",\"contentUrl\":\"https:\/\/secure.gravatar.com\/avatar\/ef450d29013a3d3fba867a12a249d7b1?s=96&d=mm&r=g\",\"caption\":\"Portal Raizes\"},\"url\":\"https:\/\/portalraizesnoticias.com.br\/?author=3\"}]}<\/script>\n<!-- \/ Yoast SEO plugin. -->","yoast_head_json":{"title":"PM \u00e9 acionada ap\u00f3s den\u00fancia de perturba\u00e7\u00e3o do sossego no Conjunto M\u00e1rio da Caixa em Concei\u00e7\u00e3o do Coit\u00e9 - Portal raizes noticias","robots":{"index":"index","follow":"follow","max-snippet":"max-snippet:-1","max-image-preview":"max-image-preview:large","max-video-preview":"max-video-preview:-1"},"canonical":"https:\/\/portalraizesnoticias.com.br\/?p=12072","og_locale":"pt_BR","og_type":"article","og_title":"PM \u00e9 acionada ap\u00f3s den\u00fancia de perturba\u00e7\u00e3o do sossego no Conjunto M\u00e1rio da Caixa em Concei\u00e7\u00e3o do Coit\u00e9 - Portal raizes noticias","og_description":"Casos de perturba\u00e7\u00e3o do sossego s\u00e3o frequentes durante os finais de semana em diversos bairros e localidades de Concei\u00e7\u00e3o do Coit\u00e9, principalmente devido ao uso de aparelhos de som em volume elevado, festas e reuni\u00f5es que acabam incomodando moradores. Situa\u00e7\u00f5es desse tipo costumam gerar reclama\u00e7\u00f5es e acionamentos da Pol\u00edcia Militar. Um desses casos foi registrado na tarde deste s\u00e1bado (14), no Conjunto M\u00e1rio da Caixa. Policiais militares foram acionados por volta das 12h45, ap\u00f3s den\u00fancia de perturba\u00e7\u00e3o do sossego no conjunto residencial que fica no bairro Casas Populares. Ao chegar ao endere\u00e7o indicado, os policiais constataram que o aparelho de som que estaria causando a perturba\u00e7\u00e3o j\u00e1 havia sido desligado. Mesmo assim, as pessoas que estavam no local foram orientadas a n\u00e3o voltar a ligar qualquer equipamento sonoro que pudesse incomodar os moradores da \u00e1rea. Ap\u00f3s as orienta\u00e7\u00f5es, a situa\u00e7\u00e3o foi normalizada e n\u00e3o houve necessidade de ado\u00e7\u00e3o de outras medidas. De acordo com a legisla\u00e7\u00e3o brasileira, a perturba\u00e7\u00e3o do sossego \u00e9 considerada uma contraven\u00e7\u00e3o penal, prevista no artigo 42 da Lei das Contraven\u00e7\u00f5es Penais. A norma prev\u00ea puni\u00e7\u00e3o para quem perturbar o trabalho ou o descanso alheio com gritaria, algazarra, uso abusivo de instrumentos sonoros ou sinais ac\u00fasticos, ou ainda provocando barulho excessivo. A pena pode variar de pris\u00e3o simples, de 15 dias a tr\u00eas meses, ou aplica\u00e7\u00e3o de multa. Reda\u00e7\u00e3o","og_url":"https:\/\/portalraizesnoticias.com.br\/?p=12072","og_site_name":"Portal raizes noticias","article_published_time":"2026-03-15T00:41:56+00:00","og_image":[{"width":944,"height":709,"url":"https:\/\/portalraizesnoticias.com.br\/wp-content\/uploads\/2026\/03\/20260314214111.jpg","type":"image\/jpeg"}],"author":"Portal Raizes","twitter_card":"summary_large_image","twitter_misc":{"Escrito por":"Portal Raizes","Est. tempo de leitura":"2 minutos"},"schema":{"@context":"https:\/\/schema.org","@graph":[{"@type":"Article","@id":"https:\/\/portalraizesnoticias.com.br\/?p=12072#article","isPartOf":{"@id":"https:\/\/portalraizesnoticias.com.br\/?p=12072"},"author":{"name":"Portal Raizes","@id":"https:\/\/portalraizesnoticias.com.br\/#\/schema\/person\/a3ca6b0fc701e78df19756c417d943ae"},"headline":"PM \u00e9 acionada ap\u00f3s den\u00fancia de perturba\u00e7\u00e3o do sossego no Conjunto M\u00e1rio da Caixa em Concei\u00e7\u00e3o do Coit\u00e9","datePublished":"2026-03-15T00:41:56+00:00","mainEntityOfPage":{"@id":"https:\/\/portalraizesnoticias.com.br\/?p=12072"},"wordCount":270,"commentCount":0,"publisher":{"@id":"https:\/\/portalraizesnoticias.com.br\/#organization"},"image":{"@id":"https:\/\/portalraizesnoticias.com.br\/?p=12072#primaryimage"},"thumbnailUrl":"https:\/\/portalraizesnoticias.com.br\/wp-content\/uploads\/2026\/03\/20260314214111.jpg","articleSection":["DESTAQUES","POLICIA","ULTIMAS NOTICIAS"],"inLanguage":"pt-BR","potentialAction":[{"@type":"CommentAction","name":"Comment","target":["https:\/\/portalraizesnoticias.com.br\/?p=12072#respond"]}]},{"@type":"WebPage","@id":"https:\/\/portalraizesnoticias.com.br\/?p=12072","url":"https:\/\/portalraizesnoticias.com.br\/?p=12072","name":"PM \u00e9 acionada ap\u00f3s den\u00fancia de perturba\u00e7\u00e3o do sossego no Conjunto M\u00e1rio da Caixa em Concei\u00e7\u00e3o do Coit\u00e9 - Portal raizes noticias","isPartOf":{"@id":"https:\/\/portalraizesnoticias.com.br\/#website"},"primaryImageOfPage":{"@id":"https:\/\/portalraizesnoticias.com.br\/?p=12072#primaryimage"},"image":{"@id":"https:\/\/portalraizesnoticias.com.br\/?p=12072#primaryimage"},"thumbnailUrl":"https:\/\/portalraizesnoticias.com.br\/wp-content\/uploads\/2026\/03\/20260314214111.jpg","datePublished":"2026-03-15T00:41:56+00:00","breadcrumb":{"@id":"https:\/\/portalraizesnoticias.com.br\/?p=12072#breadcrumb"},"inLanguage":"pt-BR","potentialAction":[{"@type":"ReadAction","target":["https:\/\/portalraizesnoticias.com.br\/?p=12072"]}]},{"@type":"ImageObject","inLanguage":"pt-BR","@id":"https:\/\/portalraizesnoticias.com.br\/?p=12072#primaryimage","url":"https:\/\/portalraizesnoticias.com.br\/wp-content\/uploads\/2026\/03\/20260314214111.jpg","contentUrl":"https:\/\/portalraizesnoticias.com.br\/wp-content\/uploads\/2026\/03\/20260314214111.jpg","width":944,"height":709},{"@type":"BreadcrumbList","@id":"https:\/\/portalraizesnoticias.com.br\/?p=12072#breadcrumb","itemListElement":[{"@type":"ListItem","position":1,"name":"In\u00edcio","item":"https:\/\/portalraizesnoticias.com.br\/"},{"@type":"ListItem","position":2,"name":"PM \u00e9 acionada ap\u00f3s den\u00fancia de perturba\u00e7\u00e3o do sossego no Conjunto M\u00e1rio da Caixa em Concei\u00e7\u00e3o do Coit\u00e9"}]},{"@type":"WebSite","@id":"https:\/\/portalraizesnoticias.com.br\/#website","url":"https:\/\/portalraizesnoticias.com.br\/","name":"Portal raizes NOTICIAS","description":"site de noticias de concei\u00e7\u00e3o do coit\u00e9 e regi\u00e3o","publisher":{"@id":"https:\/\/portalraizesnoticias.com.br\/#organization"},"alternateName":"PORTAL RAIZES COIT\u00c9","potentialAction":[{"@type":"SearchAction","target":{"@type":"EntryPoint","urlTemplate":"https:\/\/portalraizesnoticias.com.br\/?s={search_term_string}"},"query-input":{"@type":"PropertyValueSpecification","valueRequired":true,"valueName":"search_term_string"}}],"inLanguage":"pt-BR"},{"@type":"Organization","@id":"https:\/\/portalraizesnoticias.com.br\/#organization","name":"Portal raizes NOTICIAS","url":"https:\/\/portalraizesnoticias.com.br\/","logo":{"@type":"ImageObject","inLanguage":"pt-BR","@id":"https:\/\/portalraizesnoticias.com.br\/#\/schema\/logo\/image\/","url":"https:\/\/portalraizesnoticias.com.br\/wp-content\/uploads\/2024\/09\/cropped-Captura-de-tela-2024-09-08-011108.png","contentUrl":"https:\/\/portalraizesnoticias.com.br\/wp-content\/uploads\/2024\/09\/cropped-Captura-de-tela-2024-09-08-011108.png","width":606,"height":173,"caption":"Portal raizes NOTICIAS"},"image":{"@id":"https:\/\/portalraizesnoticias.com.br\/#\/schema\/logo\/image\/"}},{"@type":"Person","@id":"https:\/\/portalraizesnoticias.com.br\/#\/schema\/person\/a3ca6b0fc701e78df19756c417d943ae","name":"Portal Raizes","image":{"@type":"ImageObject","inLanguage":"pt-BR","@id":"https:\/\/portalraizesnoticias.com.br\/#\/schema\/person\/image\/","url":"https:\/\/secure.gravatar.com\/avatar\/ef450d29013a3d3fba867a12a249d7b1?s=96&d=mm&r=g","contentUrl":"https:\/\/secure.gravatar.com\/avatar\/ef450d29013a3d3fba867a12a249d7b1?s=96&d=mm&r=g","caption":"Portal Raizes"},"url":"https:\/\/portalraizesnoticias.com.br\/?author=3"}]}},"_links":{"self":[{"href":"https:\/\/portalraizesnoticias.com.br\/index.php?rest_route=\/wp\/v2\/posts\/12072"}],"collection":[{"href":"https:\/\/portalraizesnoticias.com.br\/index.php?rest_route=\/wp\/v2\/posts"}],"about":[{"href":"https:\/\/portalraizesnoticias.com.br\/index.php?rest_route=\/wp\/v2\/types\/post"}],"author":[{"embeddable":true,"href":"https:\/\/portalraizesnoticias.com.br\/index.php?rest_route=\/wp\/v2\/users\/3"}],"replies":[{"embeddable":true,"href":"https:\/\/portalraizesnoticias.com.br\/index.php?rest_route=%2Fwp%2Fv2%2Fcomments&post=12072"}],"version-history":[{"count":3,"href":"https:\/\/portalraizesnoticias.com.br\/index.php?rest_route=\/wp\/v2\/posts\/12072\/revisions"}],"predecessor-version":[{"id":12075,"href":"https:\/\/portalraizesnoticias.com.br\/index.php?rest_route=\/wp\/v2\/posts\/12072\/revisions\/12075"}],"wp:featuredmedia":[{"embeddable":true,"href":"https:\/\/portalraizesnoticias.com.br\/index.php?rest_route=\/wp\/v2\/media\/12076"}],"wp:attachment":[{"href":"https:\/\/portalraizesnoticias.com.br\/index.php?rest_route=%2Fwp%2Fv2%2Fmedia&parent=12072"}],"wp:term":[{"taxonomy":"category","embeddable":true,"href":"https:\/\/portalraizesnoticias.com.br\/index.php?rest_route=%2Fwp%2Fv2%2Fcategories&post=12072"},{"taxonomy":"post_tag","embeddable":true,"href":"https:\/\/portalraizesnoticias.com.br\/index.php?rest_route=%2Fwp%2Fv2%2Ftags&post=12072"}],"curies":[{"name":"wp","href":"https:\/\/api.w.org\/{rel}","templated":true}]}}