{"id":12067,"date":"2026-03-14T20:54:15","date_gmt":"2026-03-14T23:54:15","guid":{"rendered":"https:\/\/portalraizesnoticias.com.br\/?p=12067"},"modified":"2026-03-14T20:54:16","modified_gmt":"2026-03-14T23:54:16","slug":"homem-aciona-pm-apos-relatar-agressao-durante-confusao-em-bar-em-retirolandia","status":"publish","type":"post","link":"https:\/\/portalraizesnoticias.com.br\/?p=12067","title":{"rendered":"Homem aciona PM ap\u00f3s relatar agress\u00e3o durante confus\u00e3o em bar em Retirol\u00e2ndia"},"content":{"rendered":"<p>Um homem de 43 anos afirmou ter sido v\u00edtima de agress\u00e3o f\u00edsica e ofensas morais na manh\u00e3 deste s\u00e1bado (14), em um estabelecimento comercial no bairro Retiro Velho, em Retirol\u00e2ndia, na regi\u00e3o sisaleira<\/p>\n<p>De acordo com informa\u00e7\u00f5es da Pol\u00edcia Militar, a guarni\u00e7\u00e3o foi acionada por volta das 11h40 para verificar uma den\u00fancia de agress\u00e3o em um bar , localizado pr\u00f3ximo a um posto de sa\u00fade.<\/p>\n<p><img fetchpriority=\"high\" decoding=\"async\" class=\"size-medium wp-image-8289 aligncenter\" src=\"https:\/\/portalraizesnoticias.com.br\/wp-content\/uploads\/2025\/09\/IMG-20250918-WA0124-300x300.jpg\" alt=\"\" width=\"300\" height=\"300\" srcset=\"https:\/\/portalraizesnoticias.com.br\/wp-content\/uploads\/2025\/09\/IMG-20250918-WA0124-300x300.jpg 300w, https:\/\/portalraizesnoticias.com.br\/wp-content\/uploads\/2025\/09\/IMG-20250918-WA0124-150x150.jpg 150w, https:\/\/portalraizesnoticias.com.br\/wp-content\/uploads\/2025\/09\/IMG-20250918-WA0124-768x768.jpg 768w, https:\/\/portalraizesnoticias.com.br\/wp-content\/uploads\/2025\/09\/IMG-20250918-WA0124.jpg 1000w\" sizes=\"(max-width: 300px) 100vw, 300px\" \/><\/p>\n<p style=\"text-align: center;\"><strong>PUBLICIDADE<\/strong><\/p>\n<p>No local, a v\u00edtima,\u00a0 R. P. relatou aos policiais que foi agredida por um indiv\u00edduo. Ap\u00f3s a situa\u00e7\u00e3o, o suspeito fugiu e tomou destino ignorado.<\/p>\n<p>Os policiais realizaram rondas e dilig\u00eancias na regi\u00e3o na tentativa de localizar o suspeito, mas ele n\u00e3o foi encontrado.<\/p>\n<p>Segundo a PM, apesar da den\u00fancia de agress\u00e3o, a v\u00edtima n\u00e3o apresentava les\u00f5es aparentes e n\u00e3o solicitou atendimento m\u00e9dico, permanecendo no local ap\u00f3s a chegada da guarni\u00e7\u00e3o.<\/p>\n<p>A v\u00edtima e uma testemunha foram orientadas a procurar a Delegacia de Pol\u00edcia Civil para registrar a ocorr\u00eancia e adotar as medidas cab\u00edveis.<\/p>\n<p>Reda\u00e7\u00e3o<\/p>\n","protected":false},"excerpt":{"rendered":"<p>Um homem de 43 anos afirmou ter sido v\u00edtima de agress\u00e3o f\u00edsica e ofensas morais na manh\u00e3 deste s\u00e1bado (14), em um estabelecimento comercial no bairro Retiro Velho, em Retirol\u00e2ndia, na regi\u00e3o sisaleira De acordo com informa\u00e7\u00f5es da Pol\u00edcia Militar, a guarni\u00e7\u00e3o foi acionada por volta das 11h40 para verificar uma den\u00fancia de agress\u00e3o em um bar , localizado pr\u00f3ximo a um posto de sa\u00fade. PUBLICIDADE No local, a v\u00edtima,\u00a0 R. P. relatou aos policiais que foi agredida por um indiv\u00edduo. Ap\u00f3s a situa\u00e7\u00e3o, o suspeito fugiu e tomou destino ignorado. Os policiais realizaram rondas e dilig\u00eancias na regi\u00e3o na tentativa de localizar o suspeito, mas ele n\u00e3o foi encontrado. Segundo a PM, apesar da den\u00fancia de agress\u00e3o, a v\u00edtima n\u00e3o apresentava les\u00f5es aparentes e n\u00e3o solicitou atendimento m\u00e9dico, permanecendo no local ap\u00f3s a chegada da guarni\u00e7\u00e3o. A v\u00edtima e uma testemunha foram orientadas a procurar a Delegacia de Pol\u00edcia Civil para registrar a ocorr\u00eancia e adotar as medidas cab\u00edveis. Reda\u00e7\u00e3o<\/p>\n","protected":false},"author":3,"featured_media":12071,"comment_status":"open","ping_status":"open","sticky":false,"template":"","format":"standard","meta":{"_joinchat":[],"footnotes":""},"categories":[55,67,59],"tags":[558,448],"class_list":["post-12067","post","type-post","status-publish","format-standard","has-post-thumbnail","hentry","category-destaques","category-policia","category-ultimas-noticias","tag-agressao","tag-retirolandia"],"yoast_head":"<!-- This site is optimized with the Yoast SEO plugin v24.4 - https:\/\/yoast.com\/wordpress\/plugins\/seo\/ -->\n<title>Homem aciona PM ap\u00f3s relatar agress\u00e3o durante confus\u00e3o em bar em Retirol\u00e2ndia - Portal raizes noticias<\/title>\n<meta name=\"robots\" content=\"index, follow, max-snippet:-1, max-image-preview:large, max-video-preview:-1\" \/>\n<link rel=\"canonical\" href=\"https:\/\/portalraizesnoticias.com.br\/?p=12067\" \/>\n<meta property=\"og:locale\" content=\"pt_BR\" \/>\n<meta property=\"og:type\" content=\"article\" \/>\n<meta property=\"og:title\" content=\"Homem aciona PM ap\u00f3s relatar agress\u00e3o durante confus\u00e3o em bar em Retirol\u00e2ndia - Portal raizes noticias\" \/>\n<meta property=\"og:description\" content=\"Um homem de 43 anos afirmou ter sido v\u00edtima de agress\u00e3o f\u00edsica e ofensas morais na manh\u00e3 deste s\u00e1bado (14), em um estabelecimento comercial no bairro Retiro Velho, em Retirol\u00e2ndia, na regi\u00e3o sisaleira De acordo com informa\u00e7\u00f5es da Pol\u00edcia Militar, a guarni\u00e7\u00e3o foi acionada por volta das 11h40 para verificar uma den\u00fancia de agress\u00e3o em um bar , localizado pr\u00f3ximo a um posto de sa\u00fade. PUBLICIDADE No local, a v\u00edtima,\u00a0 R. P. relatou aos policiais que foi agredida por um indiv\u00edduo. Ap\u00f3s a situa\u00e7\u00e3o, o suspeito fugiu e tomou destino ignorado. Os policiais realizaram rondas e dilig\u00eancias na regi\u00e3o na tentativa de localizar o suspeito, mas ele n\u00e3o foi encontrado. Segundo a PM, apesar da den\u00fancia de agress\u00e3o, a v\u00edtima n\u00e3o apresentava les\u00f5es aparentes e n\u00e3o solicitou atendimento m\u00e9dico, permanecendo no local ap\u00f3s a chegada da guarni\u00e7\u00e3o. A v\u00edtima e uma testemunha foram orientadas a procurar a Delegacia de Pol\u00edcia Civil para registrar a ocorr\u00eancia e adotar as medidas cab\u00edveis. Reda\u00e7\u00e3o\" \/>\n<meta property=\"og:url\" content=\"https:\/\/portalraizesnoticias.com.br\/?p=12067\" \/>\n<meta property=\"og:site_name\" content=\"Portal raizes noticias\" \/>\n<meta property=\"article:published_time\" content=\"2026-03-14T23:54:15+00:00\" \/>\n<meta property=\"article:modified_time\" content=\"2026-03-14T23:54:16+00:00\" \/>\n<meta property=\"og:image\" content=\"https:\/\/portalraizesnoticias.com.br\/wp-content\/uploads\/2026\/03\/IMG-20260314-WA0257.jpg\" \/>\n\t<meta property=\"og:image:width\" content=\"417\" \/>\n\t<meta property=\"og:image:height\" content=\"396\" \/>\n\t<meta property=\"og:image:type\" content=\"image\/jpeg\" \/>\n<meta name=\"author\" content=\"Portal Raizes\" \/>\n<meta name=\"twitter:card\" content=\"summary_large_image\" \/>\n<meta name=\"twitter:label1\" content=\"Escrito por\" \/>\n\t<meta name=\"twitter:data1\" content=\"Portal Raizes\" \/>\n\t<meta name=\"twitter:label2\" content=\"Est. tempo de leitura\" \/>\n\t<meta name=\"twitter:data2\" content=\"2 minutos\" \/>\n<script type=\"application\/ld+json\" class=\"yoast-schema-graph\">{\"@context\":\"https:\/\/schema.org\",\"@graph\":[{\"@type\":\"Article\",\"@id\":\"https:\/\/portalraizesnoticias.com.br\/?p=12067#article\",\"isPartOf\":{\"@id\":\"https:\/\/portalraizesnoticias.com.br\/?p=12067\"},\"author\":{\"name\":\"Portal Raizes\",\"@id\":\"https:\/\/portalraizesnoticias.com.br\/#\/schema\/person\/a3ca6b0fc701e78df19756c417d943ae\"},\"headline\":\"Homem aciona PM ap\u00f3s relatar agress\u00e3o durante confus\u00e3o em bar em Retirol\u00e2ndia\",\"datePublished\":\"2026-03-14T23:54:15+00:00\",\"dateModified\":\"2026-03-14T23:54:16+00:00\",\"mainEntityOfPage\":{\"@id\":\"https:\/\/portalraizesnoticias.com.br\/?p=12067\"},\"wordCount\":208,\"commentCount\":0,\"publisher\":{\"@id\":\"https:\/\/portalraizesnoticias.com.br\/#organization\"},\"image\":{\"@id\":\"https:\/\/portalraizesnoticias.com.br\/?p=12067#primaryimage\"},\"thumbnailUrl\":\"https:\/\/portalraizesnoticias.com.br\/wp-content\/uploads\/2026\/03\/IMG-20260314-WA0257.jpg\",\"keywords\":[\"Agress\u00e3o\",\"Retirol\u00e2ndia\"],\"articleSection\":[\"DESTAQUES\",\"POLICIA\",\"ULTIMAS NOTICIAS\"],\"inLanguage\":\"pt-BR\",\"potentialAction\":[{\"@type\":\"CommentAction\",\"name\":\"Comment\",\"target\":[\"https:\/\/portalraizesnoticias.com.br\/?p=12067#respond\"]}]},{\"@type\":\"WebPage\",\"@id\":\"https:\/\/portalraizesnoticias.com.br\/?p=12067\",\"url\":\"https:\/\/portalraizesnoticias.com.br\/?p=12067\",\"name\":\"Homem aciona PM ap\u00f3s relatar agress\u00e3o durante confus\u00e3o em bar em Retirol\u00e2ndia - Portal raizes noticias\",\"isPartOf\":{\"@id\":\"https:\/\/portalraizesnoticias.com.br\/#website\"},\"primaryImageOfPage\":{\"@id\":\"https:\/\/portalraizesnoticias.com.br\/?p=12067#primaryimage\"},\"image\":{\"@id\":\"https:\/\/portalraizesnoticias.com.br\/?p=12067#primaryimage\"},\"thumbnailUrl\":\"https:\/\/portalraizesnoticias.com.br\/wp-content\/uploads\/2026\/03\/IMG-20260314-WA0257.jpg\",\"datePublished\":\"2026-03-14T23:54:15+00:00\",\"dateModified\":\"2026-03-14T23:54:16+00:00\",\"breadcrumb\":{\"@id\":\"https:\/\/portalraizesnoticias.com.br\/?p=12067#breadcrumb\"},\"inLanguage\":\"pt-BR\",\"potentialAction\":[{\"@type\":\"ReadAction\",\"target\":[\"https:\/\/portalraizesnoticias.com.br\/?p=12067\"]}]},{\"@type\":\"ImageObject\",\"inLanguage\":\"pt-BR\",\"@id\":\"https:\/\/portalraizesnoticias.com.br\/?p=12067#primaryimage\",\"url\":\"https:\/\/portalraizesnoticias.com.br\/wp-content\/uploads\/2026\/03\/IMG-20260314-WA0257.jpg\",\"contentUrl\":\"https:\/\/portalraizesnoticias.com.br\/wp-content\/uploads\/2026\/03\/IMG-20260314-WA0257.jpg\",\"width\":417,\"height\":396},{\"@type\":\"BreadcrumbList\",\"@id\":\"https:\/\/portalraizesnoticias.com.br\/?p=12067#breadcrumb\",\"itemListElement\":[{\"@type\":\"ListItem\",\"position\":1,\"name\":\"In\u00edcio\",\"item\":\"https:\/\/portalraizesnoticias.com.br\/\"},{\"@type\":\"ListItem\",\"position\":2,\"name\":\"Homem aciona PM ap\u00f3s relatar agress\u00e3o durante confus\u00e3o em bar em Retirol\u00e2ndia\"}]},{\"@type\":\"WebSite\",\"@id\":\"https:\/\/portalraizesnoticias.com.br\/#website\",\"url\":\"https:\/\/portalraizesnoticias.com.br\/\",\"name\":\"Portal raizes NOTICIAS\",\"description\":\"site de noticias de concei\u00e7\u00e3o do coit\u00e9 e regi\u00e3o\",\"publisher\":{\"@id\":\"https:\/\/portalraizesnoticias.com.br\/#organization\"},\"alternateName\":\"PORTAL RAIZES COIT\u00c9\",\"potentialAction\":[{\"@type\":\"SearchAction\",\"target\":{\"@type\":\"EntryPoint\",\"urlTemplate\":\"https:\/\/portalraizesnoticias.com.br\/?s={search_term_string}\"},\"query-input\":{\"@type\":\"PropertyValueSpecification\",\"valueRequired\":true,\"valueName\":\"search_term_string\"}}],\"inLanguage\":\"pt-BR\"},{\"@type\":\"Organization\",\"@id\":\"https:\/\/portalraizesnoticias.com.br\/#organization\",\"name\":\"Portal raizes NOTICIAS\",\"url\":\"https:\/\/portalraizesnoticias.com.br\/\",\"logo\":{\"@type\":\"ImageObject\",\"inLanguage\":\"pt-BR\",\"@id\":\"https:\/\/portalraizesnoticias.com.br\/#\/schema\/logo\/image\/\",\"url\":\"https:\/\/portalraizesnoticias.com.br\/wp-content\/uploads\/2024\/09\/cropped-Captura-de-tela-2024-09-08-011108.png\",\"contentUrl\":\"https:\/\/portalraizesnoticias.com.br\/wp-content\/uploads\/2024\/09\/cropped-Captura-de-tela-2024-09-08-011108.png\",\"width\":606,\"height\":173,\"caption\":\"Portal raizes NOTICIAS\"},\"image\":{\"@id\":\"https:\/\/portalraizesnoticias.com.br\/#\/schema\/logo\/image\/\"}},{\"@type\":\"Person\",\"@id\":\"https:\/\/portalraizesnoticias.com.br\/#\/schema\/person\/a3ca6b0fc701e78df19756c417d943ae\",\"name\":\"Portal Raizes\",\"image\":{\"@type\":\"ImageObject\",\"inLanguage\":\"pt-BR\",\"@id\":\"https:\/\/portalraizesnoticias.com.br\/#\/schema\/person\/image\/\",\"url\":\"https:\/\/secure.gravatar.com\/avatar\/ef450d29013a3d3fba867a12a249d7b1?s=96&d=mm&r=g\",\"contentUrl\":\"https:\/\/secure.gravatar.com\/avatar\/ef450d29013a3d3fba867a12a249d7b1?s=96&d=mm&r=g\",\"caption\":\"Portal Raizes\"},\"url\":\"https:\/\/portalraizesnoticias.com.br\/?author=3\"}]}<\/script>\n<!-- \/ Yoast SEO plugin. -->","yoast_head_json":{"title":"Homem aciona PM ap\u00f3s relatar agress\u00e3o durante confus\u00e3o em bar em Retirol\u00e2ndia - Portal raizes noticias","robots":{"index":"index","follow":"follow","max-snippet":"max-snippet:-1","max-image-preview":"max-image-preview:large","max-video-preview":"max-video-preview:-1"},"canonical":"https:\/\/portalraizesnoticias.com.br\/?p=12067","og_locale":"pt_BR","og_type":"article","og_title":"Homem aciona PM ap\u00f3s relatar agress\u00e3o durante confus\u00e3o em bar em Retirol\u00e2ndia - Portal raizes noticias","og_description":"Um homem de 43 anos afirmou ter sido v\u00edtima de agress\u00e3o f\u00edsica e ofensas morais na manh\u00e3 deste s\u00e1bado (14), em um estabelecimento comercial no bairro Retiro Velho, em Retirol\u00e2ndia, na regi\u00e3o sisaleira De acordo com informa\u00e7\u00f5es da Pol\u00edcia Militar, a guarni\u00e7\u00e3o foi acionada por volta das 11h40 para verificar uma den\u00fancia de agress\u00e3o em um bar , localizado pr\u00f3ximo a um posto de sa\u00fade. PUBLICIDADE No local, a v\u00edtima,\u00a0 R. P. relatou aos policiais que foi agredida por um indiv\u00edduo. Ap\u00f3s a situa\u00e7\u00e3o, o suspeito fugiu e tomou destino ignorado. Os policiais realizaram rondas e dilig\u00eancias na regi\u00e3o na tentativa de localizar o suspeito, mas ele n\u00e3o foi encontrado. Segundo a PM, apesar da den\u00fancia de agress\u00e3o, a v\u00edtima n\u00e3o apresentava les\u00f5es aparentes e n\u00e3o solicitou atendimento m\u00e9dico, permanecendo no local ap\u00f3s a chegada da guarni\u00e7\u00e3o. A v\u00edtima e uma testemunha foram orientadas a procurar a Delegacia de Pol\u00edcia Civil para registrar a ocorr\u00eancia e adotar as medidas cab\u00edveis. Reda\u00e7\u00e3o","og_url":"https:\/\/portalraizesnoticias.com.br\/?p=12067","og_site_name":"Portal raizes noticias","article_published_time":"2026-03-14T23:54:15+00:00","article_modified_time":"2026-03-14T23:54:16+00:00","og_image":[{"width":417,"height":396,"url":"https:\/\/portalraizesnoticias.com.br\/wp-content\/uploads\/2026\/03\/IMG-20260314-WA0257.jpg","type":"image\/jpeg"}],"author":"Portal Raizes","twitter_card":"summary_large_image","twitter_misc":{"Escrito por":"Portal Raizes","Est. tempo de leitura":"2 minutos"},"schema":{"@context":"https:\/\/schema.org","@graph":[{"@type":"Article","@id":"https:\/\/portalraizesnoticias.com.br\/?p=12067#article","isPartOf":{"@id":"https:\/\/portalraizesnoticias.com.br\/?p=12067"},"author":{"name":"Portal Raizes","@id":"https:\/\/portalraizesnoticias.com.br\/#\/schema\/person\/a3ca6b0fc701e78df19756c417d943ae"},"headline":"Homem aciona PM ap\u00f3s relatar agress\u00e3o durante confus\u00e3o em bar em Retirol\u00e2ndia","datePublished":"2026-03-14T23:54:15+00:00","dateModified":"2026-03-14T23:54:16+00:00","mainEntityOfPage":{"@id":"https:\/\/portalraizesnoticias.com.br\/?p=12067"},"wordCount":208,"commentCount":0,"publisher":{"@id":"https:\/\/portalraizesnoticias.com.br\/#organization"},"image":{"@id":"https:\/\/portalraizesnoticias.com.br\/?p=12067#primaryimage"},"thumbnailUrl":"https:\/\/portalraizesnoticias.com.br\/wp-content\/uploads\/2026\/03\/IMG-20260314-WA0257.jpg","keywords":["Agress\u00e3o","Retirol\u00e2ndia"],"articleSection":["DESTAQUES","POLICIA","ULTIMAS NOTICIAS"],"inLanguage":"pt-BR","potentialAction":[{"@type":"CommentAction","name":"Comment","target":["https:\/\/portalraizesnoticias.com.br\/?p=12067#respond"]}]},{"@type":"WebPage","@id":"https:\/\/portalraizesnoticias.com.br\/?p=12067","url":"https:\/\/portalraizesnoticias.com.br\/?p=12067","name":"Homem aciona PM ap\u00f3s relatar agress\u00e3o durante confus\u00e3o em bar em Retirol\u00e2ndia - Portal raizes noticias","isPartOf":{"@id":"https:\/\/portalraizesnoticias.com.br\/#website"},"primaryImageOfPage":{"@id":"https:\/\/portalraizesnoticias.com.br\/?p=12067#primaryimage"},"image":{"@id":"https:\/\/portalraizesnoticias.com.br\/?p=12067#primaryimage"},"thumbnailUrl":"https:\/\/portalraizesnoticias.com.br\/wp-content\/uploads\/2026\/03\/IMG-20260314-WA0257.jpg","datePublished":"2026-03-14T23:54:15+00:00","dateModified":"2026-03-14T23:54:16+00:00","breadcrumb":{"@id":"https:\/\/portalraizesnoticias.com.br\/?p=12067#breadcrumb"},"inLanguage":"pt-BR","potentialAction":[{"@type":"ReadAction","target":["https:\/\/portalraizesnoticias.com.br\/?p=12067"]}]},{"@type":"ImageObject","inLanguage":"pt-BR","@id":"https:\/\/portalraizesnoticias.com.br\/?p=12067#primaryimage","url":"https:\/\/portalraizesnoticias.com.br\/wp-content\/uploads\/2026\/03\/IMG-20260314-WA0257.jpg","contentUrl":"https:\/\/portalraizesnoticias.com.br\/wp-content\/uploads\/2026\/03\/IMG-20260314-WA0257.jpg","width":417,"height":396},{"@type":"BreadcrumbList","@id":"https:\/\/portalraizesnoticias.com.br\/?p=12067#breadcrumb","itemListElement":[{"@type":"ListItem","position":1,"name":"In\u00edcio","item":"https:\/\/portalraizesnoticias.com.br\/"},{"@type":"ListItem","position":2,"name":"Homem aciona PM ap\u00f3s relatar agress\u00e3o durante confus\u00e3o em bar em Retirol\u00e2ndia"}]},{"@type":"WebSite","@id":"https:\/\/portalraizesnoticias.com.br\/#website","url":"https:\/\/portalraizesnoticias.com.br\/","name":"Portal raizes NOTICIAS","description":"site de noticias de concei\u00e7\u00e3o do coit\u00e9 e regi\u00e3o","publisher":{"@id":"https:\/\/portalraizesnoticias.com.br\/#organization"},"alternateName":"PORTAL RAIZES COIT\u00c9","potentialAction":[{"@type":"SearchAction","target":{"@type":"EntryPoint","urlTemplate":"https:\/\/portalraizesnoticias.com.br\/?s={search_term_string}"},"query-input":{"@type":"PropertyValueSpecification","valueRequired":true,"valueName":"search_term_string"}}],"inLanguage":"pt-BR"},{"@type":"Organization","@id":"https:\/\/portalraizesnoticias.com.br\/#organization","name":"Portal raizes NOTICIAS","url":"https:\/\/portalraizesnoticias.com.br\/","logo":{"@type":"ImageObject","inLanguage":"pt-BR","@id":"https:\/\/portalraizesnoticias.com.br\/#\/schema\/logo\/image\/","url":"https:\/\/portalraizesnoticias.com.br\/wp-content\/uploads\/2024\/09\/cropped-Captura-de-tela-2024-09-08-011108.png","contentUrl":"https:\/\/portalraizesnoticias.com.br\/wp-content\/uploads\/2024\/09\/cropped-Captura-de-tela-2024-09-08-011108.png","width":606,"height":173,"caption":"Portal raizes NOTICIAS"},"image":{"@id":"https:\/\/portalraizesnoticias.com.br\/#\/schema\/logo\/image\/"}},{"@type":"Person","@id":"https:\/\/portalraizesnoticias.com.br\/#\/schema\/person\/a3ca6b0fc701e78df19756c417d943ae","name":"Portal Raizes","image":{"@type":"ImageObject","inLanguage":"pt-BR","@id":"https:\/\/portalraizesnoticias.com.br\/#\/schema\/person\/image\/","url":"https:\/\/secure.gravatar.com\/avatar\/ef450d29013a3d3fba867a12a249d7b1?s=96&d=mm&r=g","contentUrl":"https:\/\/secure.gravatar.com\/avatar\/ef450d29013a3d3fba867a12a249d7b1?s=96&d=mm&r=g","caption":"Portal Raizes"},"url":"https:\/\/portalraizesnoticias.com.br\/?author=3"}]}},"_links":{"self":[{"href":"https:\/\/portalraizesnoticias.com.br\/index.php?rest_route=\/wp\/v2\/posts\/12067"}],"collection":[{"href":"https:\/\/portalraizesnoticias.com.br\/index.php?rest_route=\/wp\/v2\/posts"}],"about":[{"href":"https:\/\/portalraizesnoticias.com.br\/index.php?rest_route=\/wp\/v2\/types\/post"}],"author":[{"embeddable":true,"href":"https:\/\/portalraizesnoticias.com.br\/index.php?rest_route=\/wp\/v2\/users\/3"}],"replies":[{"embeddable":true,"href":"https:\/\/portalraizesnoticias.com.br\/index.php?rest_route=%2Fwp%2Fv2%2Fcomments&post=12067"}],"version-history":[{"count":3,"href":"https:\/\/portalraizesnoticias.com.br\/index.php?rest_route=\/wp\/v2\/posts\/12067\/revisions"}],"predecessor-version":[{"id":12070,"href":"https:\/\/portalraizesnoticias.com.br\/index.php?rest_route=\/wp\/v2\/posts\/12067\/revisions\/12070"}],"wp:featuredmedia":[{"embeddable":true,"href":"https:\/\/portalraizesnoticias.com.br\/index.php?rest_route=\/wp\/v2\/media\/12071"}],"wp:attachment":[{"href":"https:\/\/portalraizesnoticias.com.br\/index.php?rest_route=%2Fwp%2Fv2%2Fmedia&parent=12067"}],"wp:term":[{"taxonomy":"category","embeddable":true,"href":"https:\/\/portalraizesnoticias.com.br\/index.php?rest_route=%2Fwp%2Fv2%2Fcategories&post=12067"},{"taxonomy":"post_tag","embeddable":true,"href":"https:\/\/portalraizesnoticias.com.br\/index.php?rest_route=%2Fwp%2Fv2%2Ftags&post=12067"}],"curies":[{"name":"wp","href":"https:\/\/api.w.org\/{rel}","templated":true}]}}