{"id":12018,"date":"2026-03-13T09:20:06","date_gmt":"2026-03-13T12:20:06","guid":{"rendered":"https:\/\/portalraizesnoticias.com.br\/?p=12018"},"modified":"2026-03-13T11:13:33","modified_gmt":"2026-03-13T14:13:33","slug":"homem-e-assassinado-a-tiros-no-bairro-dos-barreiros-em-conceicao-do-coite","status":"publish","type":"post","link":"https:\/\/portalraizesnoticias.com.br\/?p=12018","title":{"rendered":"Homem \u00e9 assassinado a tiros no bairro dos Barreiros em Concei\u00e7\u00e3o do Coit\u00e9"},"content":{"rendered":"<p>Um jovem de 21 anos foi morto a tiros dentro de casa na madrugada desta sexta-feira (13), no bairro Barreiros, em Concei\u00e7\u00e3o do Coit\u00e9, na regi\u00e3o sisaleira.<\/p>\n<p>De acordo com informa\u00e7\u00f5es da Pol\u00edcia Militar, a guarni\u00e7\u00e3o foi acionada pelo CICOM por volta das 4h07, ap\u00f3s a den\u00fancia de um poss\u00edvel homic\u00eddio na Rua Cirilo Ramos.<\/p>\n<p>Ao chegar ao local, os policiais encontraram a v\u00edtima, identificada como Luiz Fernando Silva dos Santos, j\u00e1 sem sinais vitais.<\/p>\n<p>Segundo informa\u00e7\u00f5es preliminares colhidas no local, quatro homens encapuzados chegaram em um carro de cor escura, arrombaram a porta da resid\u00eancia e anunciaram que eram policiais. Em seguida, efetuaram diversos disparos contra o jovem por volta das 3h30. Ap\u00f3s o crime, o grupo fugiu e ainda n\u00e3o foi localizado.<\/p>\n<p>A Pol\u00edcia Militar realizou o isolamento da \u00e1rea e acionou o Departamento de Pol\u00edcia T\u00e9cnica (DPT) para a realiza\u00e7\u00e3o da per\u00edcia e remo\u00e7\u00e3o do corpo.<\/p>\n<p>As circunst\u00e2ncias e a motiva\u00e7\u00e3o do crime dever\u00e3o ser investigadas pela Pol\u00edcia Civil.<\/p>\n<p>Reda\u00e7\u00e3o<\/p>\n","protected":false},"excerpt":{"rendered":"<p>Um jovem de 21 anos foi morto a tiros dentro de casa na madrugada desta sexta-feira (13), no bairro Barreiros, em Concei\u00e7\u00e3o do Coit\u00e9, na regi\u00e3o sisaleira. De acordo com informa\u00e7\u00f5es da Pol\u00edcia Militar, a guarni\u00e7\u00e3o foi acionada pelo CICOM por volta das 4h07, ap\u00f3s a den\u00fancia de um poss\u00edvel homic\u00eddio na Rua Cirilo Ramos. Ao chegar ao local, os policiais encontraram a v\u00edtima, identificada como Luiz Fernando Silva dos Santos, j\u00e1 sem sinais vitais. Segundo informa\u00e7\u00f5es preliminares colhidas no local, quatro homens encapuzados chegaram em um carro de cor escura, arrombaram a porta da resid\u00eancia e anunciaram que eram policiais. Em seguida, efetuaram diversos disparos contra o jovem por volta das 3h30. Ap\u00f3s o crime, o grupo fugiu e ainda n\u00e3o foi localizado. A Pol\u00edcia Militar realizou o isolamento da \u00e1rea e acionou o Departamento de Pol\u00edcia T\u00e9cnica (DPT) para a realiza\u00e7\u00e3o da per\u00edcia e remo\u00e7\u00e3o do corpo. As circunst\u00e2ncias e a motiva\u00e7\u00e3o do crime dever\u00e3o ser investigadas pela Pol\u00edcia Civil. Reda\u00e7\u00e3o<\/p>\n","protected":false},"author":3,"featured_media":5739,"comment_status":"open","ping_status":"open","sticky":false,"template":"","format":"standard","meta":{"_joinchat":[],"footnotes":""},"categories":[55,67,59],"tags":[],"class_list":["post-12018","post","type-post","status-publish","format-standard","has-post-thumbnail","hentry","category-destaques","category-policia","category-ultimas-noticias"],"yoast_head":"<!-- This site is optimized with the Yoast SEO plugin v24.4 - https:\/\/yoast.com\/wordpress\/plugins\/seo\/ -->\n<title>Homem \u00e9 assassinado a tiros no bairro dos Barreiros em Concei\u00e7\u00e3o do Coit\u00e9 - Portal raizes noticias<\/title>\n<meta name=\"robots\" content=\"index, follow, max-snippet:-1, max-image-preview:large, max-video-preview:-1\" \/>\n<link rel=\"canonical\" href=\"https:\/\/portalraizesnoticias.com.br\/?p=12018\" \/>\n<meta property=\"og:locale\" content=\"pt_BR\" \/>\n<meta property=\"og:type\" content=\"article\" \/>\n<meta property=\"og:title\" content=\"Homem \u00e9 assassinado a tiros no bairro dos Barreiros em Concei\u00e7\u00e3o do Coit\u00e9 - Portal raizes noticias\" \/>\n<meta property=\"og:description\" content=\"Um jovem de 21 anos foi morto a tiros dentro de casa na madrugada desta sexta-feira (13), no bairro Barreiros, em Concei\u00e7\u00e3o do Coit\u00e9, na regi\u00e3o sisaleira. De acordo com informa\u00e7\u00f5es da Pol\u00edcia Militar, a guarni\u00e7\u00e3o foi acionada pelo CICOM por volta das 4h07, ap\u00f3s a den\u00fancia de um poss\u00edvel homic\u00eddio na Rua Cirilo Ramos. Ao chegar ao local, os policiais encontraram a v\u00edtima, identificada como Luiz Fernando Silva dos Santos, j\u00e1 sem sinais vitais. Segundo informa\u00e7\u00f5es preliminares colhidas no local, quatro homens encapuzados chegaram em um carro de cor escura, arrombaram a porta da resid\u00eancia e anunciaram que eram policiais. Em seguida, efetuaram diversos disparos contra o jovem por volta das 3h30. Ap\u00f3s o crime, o grupo fugiu e ainda n\u00e3o foi localizado. A Pol\u00edcia Militar realizou o isolamento da \u00e1rea e acionou o Departamento de Pol\u00edcia T\u00e9cnica (DPT) para a realiza\u00e7\u00e3o da per\u00edcia e remo\u00e7\u00e3o do corpo. As circunst\u00e2ncias e a motiva\u00e7\u00e3o do crime dever\u00e3o ser investigadas pela Pol\u00edcia Civil. Reda\u00e7\u00e3o\" \/>\n<meta property=\"og:url\" content=\"https:\/\/portalraizesnoticias.com.br\/?p=12018\" \/>\n<meta property=\"og:site_name\" content=\"Portal raizes noticias\" \/>\n<meta property=\"article:published_time\" content=\"2026-03-13T12:20:06+00:00\" \/>\n<meta property=\"article:modified_time\" content=\"2026-03-13T14:13:33+00:00\" \/>\n<meta property=\"og:image\" content=\"https:\/\/portalraizesnoticias.com.br\/wp-content\/uploads\/2025\/04\/arma_de_fogo_cacs-768x461-1.jpg\" \/>\n\t<meta property=\"og:image:width\" content=\"768\" \/>\n\t<meta property=\"og:image:height\" content=\"461\" \/>\n\t<meta property=\"og:image:type\" content=\"image\/jpeg\" \/>\n<meta name=\"author\" content=\"Portal Raizes\" \/>\n<meta name=\"twitter:card\" content=\"summary_large_image\" \/>\n<meta name=\"twitter:label1\" content=\"Escrito por\" \/>\n\t<meta name=\"twitter:data1\" content=\"Portal Raizes\" \/>\n\t<meta name=\"twitter:label2\" content=\"Est. tempo de leitura\" \/>\n\t<meta name=\"twitter:data2\" content=\"2 minutos\" \/>\n<script type=\"application\/ld+json\" class=\"yoast-schema-graph\">{\"@context\":\"https:\/\/schema.org\",\"@graph\":[{\"@type\":\"Article\",\"@id\":\"https:\/\/portalraizesnoticias.com.br\/?p=12018#article\",\"isPartOf\":{\"@id\":\"https:\/\/portalraizesnoticias.com.br\/?p=12018\"},\"author\":{\"name\":\"Portal Raizes\",\"@id\":\"https:\/\/portalraizesnoticias.com.br\/#\/schema\/person\/a3ca6b0fc701e78df19756c417d943ae\"},\"headline\":\"Homem \u00e9 assassinado a tiros no bairro dos Barreiros em Concei\u00e7\u00e3o do Coit\u00e9\",\"datePublished\":\"2026-03-13T12:20:06+00:00\",\"dateModified\":\"2026-03-13T14:13:33+00:00\",\"mainEntityOfPage\":{\"@id\":\"https:\/\/portalraizesnoticias.com.br\/?p=12018\"},\"wordCount\":199,\"commentCount\":0,\"publisher\":{\"@id\":\"https:\/\/portalraizesnoticias.com.br\/#organization\"},\"image\":{\"@id\":\"https:\/\/portalraizesnoticias.com.br\/?p=12018#primaryimage\"},\"thumbnailUrl\":\"https:\/\/portalraizesnoticias.com.br\/wp-content\/uploads\/2025\/04\/arma_de_fogo_cacs-768x461-1.jpg\",\"articleSection\":[\"DESTAQUES\",\"POLICIA\",\"ULTIMAS NOTICIAS\"],\"inLanguage\":\"pt-BR\",\"potentialAction\":[{\"@type\":\"CommentAction\",\"name\":\"Comment\",\"target\":[\"https:\/\/portalraizesnoticias.com.br\/?p=12018#respond\"]}]},{\"@type\":\"WebPage\",\"@id\":\"https:\/\/portalraizesnoticias.com.br\/?p=12018\",\"url\":\"https:\/\/portalraizesnoticias.com.br\/?p=12018\",\"name\":\"Homem \u00e9 assassinado a tiros no bairro dos Barreiros em Concei\u00e7\u00e3o do Coit\u00e9 - Portal raizes noticias\",\"isPartOf\":{\"@id\":\"https:\/\/portalraizesnoticias.com.br\/#website\"},\"primaryImageOfPage\":{\"@id\":\"https:\/\/portalraizesnoticias.com.br\/?p=12018#primaryimage\"},\"image\":{\"@id\":\"https:\/\/portalraizesnoticias.com.br\/?p=12018#primaryimage\"},\"thumbnailUrl\":\"https:\/\/portalraizesnoticias.com.br\/wp-content\/uploads\/2025\/04\/arma_de_fogo_cacs-768x461-1.jpg\",\"datePublished\":\"2026-03-13T12:20:06+00:00\",\"dateModified\":\"2026-03-13T14:13:33+00:00\",\"breadcrumb\":{\"@id\":\"https:\/\/portalraizesnoticias.com.br\/?p=12018#breadcrumb\"},\"inLanguage\":\"pt-BR\",\"potentialAction\":[{\"@type\":\"ReadAction\",\"target\":[\"https:\/\/portalraizesnoticias.com.br\/?p=12018\"]}]},{\"@type\":\"ImageObject\",\"inLanguage\":\"pt-BR\",\"@id\":\"https:\/\/portalraizesnoticias.com.br\/?p=12018#primaryimage\",\"url\":\"https:\/\/portalraizesnoticias.com.br\/wp-content\/uploads\/2025\/04\/arma_de_fogo_cacs-768x461-1.jpg\",\"contentUrl\":\"https:\/\/portalraizesnoticias.com.br\/wp-content\/uploads\/2025\/04\/arma_de_fogo_cacs-768x461-1.jpg\",\"width\":768,\"height\":461},{\"@type\":\"BreadcrumbList\",\"@id\":\"https:\/\/portalraizesnoticias.com.br\/?p=12018#breadcrumb\",\"itemListElement\":[{\"@type\":\"ListItem\",\"position\":1,\"name\":\"In\u00edcio\",\"item\":\"https:\/\/portalraizesnoticias.com.br\/\"},{\"@type\":\"ListItem\",\"position\":2,\"name\":\"Homem \u00e9 assassinado a tiros no bairro dos Barreiros em Concei\u00e7\u00e3o do Coit\u00e9\"}]},{\"@type\":\"WebSite\",\"@id\":\"https:\/\/portalraizesnoticias.com.br\/#website\",\"url\":\"https:\/\/portalraizesnoticias.com.br\/\",\"name\":\"Portal raizes NOTICIAS\",\"description\":\"site de noticias de concei\u00e7\u00e3o do coit\u00e9 e regi\u00e3o\",\"publisher\":{\"@id\":\"https:\/\/portalraizesnoticias.com.br\/#organization\"},\"alternateName\":\"PORTAL RAIZES COIT\u00c9\",\"potentialAction\":[{\"@type\":\"SearchAction\",\"target\":{\"@type\":\"EntryPoint\",\"urlTemplate\":\"https:\/\/portalraizesnoticias.com.br\/?s={search_term_string}\"},\"query-input\":{\"@type\":\"PropertyValueSpecification\",\"valueRequired\":true,\"valueName\":\"search_term_string\"}}],\"inLanguage\":\"pt-BR\"},{\"@type\":\"Organization\",\"@id\":\"https:\/\/portalraizesnoticias.com.br\/#organization\",\"name\":\"Portal raizes NOTICIAS\",\"url\":\"https:\/\/portalraizesnoticias.com.br\/\",\"logo\":{\"@type\":\"ImageObject\",\"inLanguage\":\"pt-BR\",\"@id\":\"https:\/\/portalraizesnoticias.com.br\/#\/schema\/logo\/image\/\",\"url\":\"https:\/\/portalraizesnoticias.com.br\/wp-content\/uploads\/2024\/09\/cropped-Captura-de-tela-2024-09-08-011108.png\",\"contentUrl\":\"https:\/\/portalraizesnoticias.com.br\/wp-content\/uploads\/2024\/09\/cropped-Captura-de-tela-2024-09-08-011108.png\",\"width\":606,\"height\":173,\"caption\":\"Portal raizes NOTICIAS\"},\"image\":{\"@id\":\"https:\/\/portalraizesnoticias.com.br\/#\/schema\/logo\/image\/\"}},{\"@type\":\"Person\",\"@id\":\"https:\/\/portalraizesnoticias.com.br\/#\/schema\/person\/a3ca6b0fc701e78df19756c417d943ae\",\"name\":\"Portal Raizes\",\"image\":{\"@type\":\"ImageObject\",\"inLanguage\":\"pt-BR\",\"@id\":\"https:\/\/portalraizesnoticias.com.br\/#\/schema\/person\/image\/\",\"url\":\"https:\/\/secure.gravatar.com\/avatar\/ef450d29013a3d3fba867a12a249d7b1?s=96&d=mm&r=g\",\"contentUrl\":\"https:\/\/secure.gravatar.com\/avatar\/ef450d29013a3d3fba867a12a249d7b1?s=96&d=mm&r=g\",\"caption\":\"Portal Raizes\"},\"url\":\"https:\/\/portalraizesnoticias.com.br\/?author=3\"}]}<\/script>\n<!-- \/ Yoast SEO plugin. -->","yoast_head_json":{"title":"Homem \u00e9 assassinado a tiros no bairro dos Barreiros em Concei\u00e7\u00e3o do Coit\u00e9 - Portal raizes noticias","robots":{"index":"index","follow":"follow","max-snippet":"max-snippet:-1","max-image-preview":"max-image-preview:large","max-video-preview":"max-video-preview:-1"},"canonical":"https:\/\/portalraizesnoticias.com.br\/?p=12018","og_locale":"pt_BR","og_type":"article","og_title":"Homem \u00e9 assassinado a tiros no bairro dos Barreiros em Concei\u00e7\u00e3o do Coit\u00e9 - Portal raizes noticias","og_description":"Um jovem de 21 anos foi morto a tiros dentro de casa na madrugada desta sexta-feira (13), no bairro Barreiros, em Concei\u00e7\u00e3o do Coit\u00e9, na regi\u00e3o sisaleira. De acordo com informa\u00e7\u00f5es da Pol\u00edcia Militar, a guarni\u00e7\u00e3o foi acionada pelo CICOM por volta das 4h07, ap\u00f3s a den\u00fancia de um poss\u00edvel homic\u00eddio na Rua Cirilo Ramos. Ao chegar ao local, os policiais encontraram a v\u00edtima, identificada como Luiz Fernando Silva dos Santos, j\u00e1 sem sinais vitais. Segundo informa\u00e7\u00f5es preliminares colhidas no local, quatro homens encapuzados chegaram em um carro de cor escura, arrombaram a porta da resid\u00eancia e anunciaram que eram policiais. Em seguida, efetuaram diversos disparos contra o jovem por volta das 3h30. Ap\u00f3s o crime, o grupo fugiu e ainda n\u00e3o foi localizado. A Pol\u00edcia Militar realizou o isolamento da \u00e1rea e acionou o Departamento de Pol\u00edcia T\u00e9cnica (DPT) para a realiza\u00e7\u00e3o da per\u00edcia e remo\u00e7\u00e3o do corpo. As circunst\u00e2ncias e a motiva\u00e7\u00e3o do crime dever\u00e3o ser investigadas pela Pol\u00edcia Civil. Reda\u00e7\u00e3o","og_url":"https:\/\/portalraizesnoticias.com.br\/?p=12018","og_site_name":"Portal raizes noticias","article_published_time":"2026-03-13T12:20:06+00:00","article_modified_time":"2026-03-13T14:13:33+00:00","og_image":[{"width":768,"height":461,"url":"https:\/\/portalraizesnoticias.com.br\/wp-content\/uploads\/2025\/04\/arma_de_fogo_cacs-768x461-1.jpg","type":"image\/jpeg"}],"author":"Portal Raizes","twitter_card":"summary_large_image","twitter_misc":{"Escrito por":"Portal Raizes","Est. tempo de leitura":"2 minutos"},"schema":{"@context":"https:\/\/schema.org","@graph":[{"@type":"Article","@id":"https:\/\/portalraizesnoticias.com.br\/?p=12018#article","isPartOf":{"@id":"https:\/\/portalraizesnoticias.com.br\/?p=12018"},"author":{"name":"Portal Raizes","@id":"https:\/\/portalraizesnoticias.com.br\/#\/schema\/person\/a3ca6b0fc701e78df19756c417d943ae"},"headline":"Homem \u00e9 assassinado a tiros no bairro dos Barreiros em Concei\u00e7\u00e3o do Coit\u00e9","datePublished":"2026-03-13T12:20:06+00:00","dateModified":"2026-03-13T14:13:33+00:00","mainEntityOfPage":{"@id":"https:\/\/portalraizesnoticias.com.br\/?p=12018"},"wordCount":199,"commentCount":0,"publisher":{"@id":"https:\/\/portalraizesnoticias.com.br\/#organization"},"image":{"@id":"https:\/\/portalraizesnoticias.com.br\/?p=12018#primaryimage"},"thumbnailUrl":"https:\/\/portalraizesnoticias.com.br\/wp-content\/uploads\/2025\/04\/arma_de_fogo_cacs-768x461-1.jpg","articleSection":["DESTAQUES","POLICIA","ULTIMAS NOTICIAS"],"inLanguage":"pt-BR","potentialAction":[{"@type":"CommentAction","name":"Comment","target":["https:\/\/portalraizesnoticias.com.br\/?p=12018#respond"]}]},{"@type":"WebPage","@id":"https:\/\/portalraizesnoticias.com.br\/?p=12018","url":"https:\/\/portalraizesnoticias.com.br\/?p=12018","name":"Homem \u00e9 assassinado a tiros no bairro dos Barreiros em Concei\u00e7\u00e3o do Coit\u00e9 - Portal raizes noticias","isPartOf":{"@id":"https:\/\/portalraizesnoticias.com.br\/#website"},"primaryImageOfPage":{"@id":"https:\/\/portalraizesnoticias.com.br\/?p=12018#primaryimage"},"image":{"@id":"https:\/\/portalraizesnoticias.com.br\/?p=12018#primaryimage"},"thumbnailUrl":"https:\/\/portalraizesnoticias.com.br\/wp-content\/uploads\/2025\/04\/arma_de_fogo_cacs-768x461-1.jpg","datePublished":"2026-03-13T12:20:06+00:00","dateModified":"2026-03-13T14:13:33+00:00","breadcrumb":{"@id":"https:\/\/portalraizesnoticias.com.br\/?p=12018#breadcrumb"},"inLanguage":"pt-BR","potentialAction":[{"@type":"ReadAction","target":["https:\/\/portalraizesnoticias.com.br\/?p=12018"]}]},{"@type":"ImageObject","inLanguage":"pt-BR","@id":"https:\/\/portalraizesnoticias.com.br\/?p=12018#primaryimage","url":"https:\/\/portalraizesnoticias.com.br\/wp-content\/uploads\/2025\/04\/arma_de_fogo_cacs-768x461-1.jpg","contentUrl":"https:\/\/portalraizesnoticias.com.br\/wp-content\/uploads\/2025\/04\/arma_de_fogo_cacs-768x461-1.jpg","width":768,"height":461},{"@type":"BreadcrumbList","@id":"https:\/\/portalraizesnoticias.com.br\/?p=12018#breadcrumb","itemListElement":[{"@type":"ListItem","position":1,"name":"In\u00edcio","item":"https:\/\/portalraizesnoticias.com.br\/"},{"@type":"ListItem","position":2,"name":"Homem \u00e9 assassinado a tiros no bairro dos Barreiros em Concei\u00e7\u00e3o do Coit\u00e9"}]},{"@type":"WebSite","@id":"https:\/\/portalraizesnoticias.com.br\/#website","url":"https:\/\/portalraizesnoticias.com.br\/","name":"Portal raizes NOTICIAS","description":"site de noticias de concei\u00e7\u00e3o do coit\u00e9 e regi\u00e3o","publisher":{"@id":"https:\/\/portalraizesnoticias.com.br\/#organization"},"alternateName":"PORTAL RAIZES COIT\u00c9","potentialAction":[{"@type":"SearchAction","target":{"@type":"EntryPoint","urlTemplate":"https:\/\/portalraizesnoticias.com.br\/?s={search_term_string}"},"query-input":{"@type":"PropertyValueSpecification","valueRequired":true,"valueName":"search_term_string"}}],"inLanguage":"pt-BR"},{"@type":"Organization","@id":"https:\/\/portalraizesnoticias.com.br\/#organization","name":"Portal raizes NOTICIAS","url":"https:\/\/portalraizesnoticias.com.br\/","logo":{"@type":"ImageObject","inLanguage":"pt-BR","@id":"https:\/\/portalraizesnoticias.com.br\/#\/schema\/logo\/image\/","url":"https:\/\/portalraizesnoticias.com.br\/wp-content\/uploads\/2024\/09\/cropped-Captura-de-tela-2024-09-08-011108.png","contentUrl":"https:\/\/portalraizesnoticias.com.br\/wp-content\/uploads\/2024\/09\/cropped-Captura-de-tela-2024-09-08-011108.png","width":606,"height":173,"caption":"Portal raizes NOTICIAS"},"image":{"@id":"https:\/\/portalraizesnoticias.com.br\/#\/schema\/logo\/image\/"}},{"@type":"Person","@id":"https:\/\/portalraizesnoticias.com.br\/#\/schema\/person\/a3ca6b0fc701e78df19756c417d943ae","name":"Portal Raizes","image":{"@type":"ImageObject","inLanguage":"pt-BR","@id":"https:\/\/portalraizesnoticias.com.br\/#\/schema\/person\/image\/","url":"https:\/\/secure.gravatar.com\/avatar\/ef450d29013a3d3fba867a12a249d7b1?s=96&d=mm&r=g","contentUrl":"https:\/\/secure.gravatar.com\/avatar\/ef450d29013a3d3fba867a12a249d7b1?s=96&d=mm&r=g","caption":"Portal Raizes"},"url":"https:\/\/portalraizesnoticias.com.br\/?author=3"}]}},"_links":{"self":[{"href":"https:\/\/portalraizesnoticias.com.br\/index.php?rest_route=\/wp\/v2\/posts\/12018"}],"collection":[{"href":"https:\/\/portalraizesnoticias.com.br\/index.php?rest_route=\/wp\/v2\/posts"}],"about":[{"href":"https:\/\/portalraizesnoticias.com.br\/index.php?rest_route=\/wp\/v2\/types\/post"}],"author":[{"embeddable":true,"href":"https:\/\/portalraizesnoticias.com.br\/index.php?rest_route=\/wp\/v2\/users\/3"}],"replies":[{"embeddable":true,"href":"https:\/\/portalraizesnoticias.com.br\/index.php?rest_route=%2Fwp%2Fv2%2Fcomments&post=12018"}],"version-history":[{"count":4,"href":"https:\/\/portalraizesnoticias.com.br\/index.php?rest_route=\/wp\/v2\/posts\/12018\/revisions"}],"predecessor-version":[{"id":12022,"href":"https:\/\/portalraizesnoticias.com.br\/index.php?rest_route=\/wp\/v2\/posts\/12018\/revisions\/12022"}],"wp:featuredmedia":[{"embeddable":true,"href":"https:\/\/portalraizesnoticias.com.br\/index.php?rest_route=\/wp\/v2\/media\/5739"}],"wp:attachment":[{"href":"https:\/\/portalraizesnoticias.com.br\/index.php?rest_route=%2Fwp%2Fv2%2Fmedia&parent=12018"}],"wp:term":[{"taxonomy":"category","embeddable":true,"href":"https:\/\/portalraizesnoticias.com.br\/index.php?rest_route=%2Fwp%2Fv2%2Fcategories&post=12018"},{"taxonomy":"post_tag","embeddable":true,"href":"https:\/\/portalraizesnoticias.com.br\/index.php?rest_route=%2Fwp%2Fv2%2Ftags&post=12018"}],"curies":[{"name":"wp","href":"https:\/\/api.w.org\/{rel}","templated":true}]}}