{"id":11885,"date":"2026-03-10T18:31:54","date_gmt":"2026-03-10T21:31:54","guid":{"rendered":"https:\/\/portalraizesnoticias.com.br\/?p=11885"},"modified":"2026-03-10T18:31:54","modified_gmt":"2026-03-10T21:31:54","slug":"mulher-acusa-idoso-de-ameaca-la-com-canivete-em-valente","status":"publish","type":"post","link":"https:\/\/portalraizesnoticias.com.br\/?p=11885","title":{"rendered":"Mulher acusa idoso de amea\u00e7\u00e1-la com canivete em Valente"},"content":{"rendered":"<p>Uma mulher denunciou ter sido amea\u00e7ada com um canivete na tarde desta ter\u00e7a-feira (10), no Centro de Abastecimento, em Valente, na regi\u00e3o sisaleira.<\/p>\n<p>De acordo com informa\u00e7\u00f5es da Pol\u00edcia Militar, a guarni\u00e7\u00e3o foi acionada pelo Centro Integrado de Comunica\u00e7\u00f5es (CICom) por volta das 14h25 ap\u00f3s a den\u00fancia de que um homem teria amea\u00e7ado uma senhora em um quiosque.<\/p>\n<p><img decoding=\"async\" class=\"size-medium wp-image-11228 aligncenter\" src=\"https:\/\/portalraizesnoticias.com.br\/wp-content\/uploads\/2026\/02\/IMG_8532-300x150.png\" alt=\"\" width=\"300\" height=\"150\" srcset=\"https:\/\/portalraizesnoticias.com.br\/wp-content\/uploads\/2026\/02\/IMG_8532-300x150.png 300w, https:\/\/portalraizesnoticias.com.br\/wp-content\/uploads\/2026\/02\/IMG_8532-1024x512.png 1024w, https:\/\/portalraizesnoticias.com.br\/wp-content\/uploads\/2026\/02\/IMG_8532-768x384.png 768w, https:\/\/portalraizesnoticias.com.br\/wp-content\/uploads\/2026\/02\/IMG_8532-1536x768.png 1536w, https:\/\/portalraizesnoticias.com.br\/wp-content\/uploads\/2026\/02\/IMG_8532-2048x1024.png 2048w\" sizes=\"(max-width: 300px) 100vw, 300px\" \/><\/p>\n<p>Ainda conforme o registro, no local, os policiais encontraram a solicitante, R. S de 30 anos, que relatou ter sido amea\u00e7ada por E. S de 63 anos, com um canivete.<\/p>\n<p>Durante rondas, a guarni\u00e7\u00e3o localizou o suspeito, que negou as acusa\u00e7\u00f5es. Ele afirmou que teria sido xingado e provocado pela mulher. Durante a abordagem, nenhum canivete ou faca foi encontrado com o homem.<\/p>\n<p>Ainda segundo a pol\u00edcia, ambas as partes informaram que j\u00e1 haviam registrado um boletim de ocorr\u00eancia anteriormente na delegacia da cidade.<\/p>\n<p>Diante da situa\u00e7\u00e3o, os policiais orientaram os envolvidos a retornarem \u00e0 delegacia para relatar formalmente o ocorrido, al\u00e9m de manter dist\u00e2ncia e evitar novas provoca\u00e7\u00f5es ou ofensas.<\/p>\n<p>Reda\u00e7\u00e3o<\/p>\n<p>Foto: Ilustra\u00e7\u00e3o<\/p>\n","protected":false},"excerpt":{"rendered":"<p>Uma mulher denunciou ter sido amea\u00e7ada com um canivete na tarde desta ter\u00e7a-feira (10), no Centro de Abastecimento, em Valente, na regi\u00e3o sisaleira. De acordo com informa\u00e7\u00f5es da Pol\u00edcia Militar, a guarni\u00e7\u00e3o foi acionada pelo Centro Integrado de Comunica\u00e7\u00f5es (CICom) por volta das 14h25 ap\u00f3s a den\u00fancia de que um homem teria amea\u00e7ado uma senhora em um quiosque. Ainda conforme o registro, no local, os policiais encontraram a solicitante, R. S de 30 anos, que relatou ter sido amea\u00e7ada por E. S de 63 anos, com um canivete. Durante rondas, a guarni\u00e7\u00e3o localizou o suspeito, que negou as acusa\u00e7\u00f5es. Ele afirmou que teria sido xingado e provocado pela mulher. Durante a abordagem, nenhum canivete ou faca foi encontrado com o homem. Ainda segundo a pol\u00edcia, ambas as partes informaram que j\u00e1 haviam registrado um boletim de ocorr\u00eancia anteriormente na delegacia da cidade. Diante da situa\u00e7\u00e3o, os policiais orientaram os envolvidos a retornarem \u00e0 delegacia para relatar formalmente o ocorrido, al\u00e9m de manter dist\u00e2ncia e evitar novas provoca\u00e7\u00f5es ou ofensas. Reda\u00e7\u00e3o Foto: Ilustra\u00e7\u00e3o<\/p>\n","protected":false},"author":3,"featured_media":11888,"comment_status":"open","ping_status":"open","sticky":false,"template":"","format":"standard","meta":{"_joinchat":[],"footnotes":""},"categories":[55,67,59],"tags":[1505,430],"class_list":["post-11885","post","type-post","status-publish","format-standard","has-post-thumbnail","hentry","category-destaques","category-policia","category-ultimas-noticias","tag-canivete","tag-valente"],"yoast_head":"<!-- This site is optimized with the Yoast SEO plugin v24.4 - https:\/\/yoast.com\/wordpress\/plugins\/seo\/ -->\n<title>Mulher acusa idoso de amea\u00e7\u00e1-la com canivete em Valente - Portal raizes noticias<\/title>\n<meta name=\"robots\" content=\"index, follow, max-snippet:-1, max-image-preview:large, max-video-preview:-1\" \/>\n<link rel=\"canonical\" href=\"https:\/\/portalraizesnoticias.com.br\/?p=11885\" \/>\n<meta property=\"og:locale\" content=\"pt_BR\" \/>\n<meta property=\"og:type\" content=\"article\" \/>\n<meta property=\"og:title\" content=\"Mulher acusa idoso de amea\u00e7\u00e1-la com canivete em Valente - Portal raizes noticias\" \/>\n<meta property=\"og:description\" content=\"Uma mulher denunciou ter sido amea\u00e7ada com um canivete na tarde desta ter\u00e7a-feira (10), no Centro de Abastecimento, em Valente, na regi\u00e3o sisaleira. De acordo com informa\u00e7\u00f5es da Pol\u00edcia Militar, a guarni\u00e7\u00e3o foi acionada pelo Centro Integrado de Comunica\u00e7\u00f5es (CICom) por volta das 14h25 ap\u00f3s a den\u00fancia de que um homem teria amea\u00e7ado uma senhora em um quiosque. Ainda conforme o registro, no local, os policiais encontraram a solicitante, R. S de 30 anos, que relatou ter sido amea\u00e7ada por E. S de 63 anos, com um canivete. Durante rondas, a guarni\u00e7\u00e3o localizou o suspeito, que negou as acusa\u00e7\u00f5es. Ele afirmou que teria sido xingado e provocado pela mulher. Durante a abordagem, nenhum canivete ou faca foi encontrado com o homem. Ainda segundo a pol\u00edcia, ambas as partes informaram que j\u00e1 haviam registrado um boletim de ocorr\u00eancia anteriormente na delegacia da cidade. Diante da situa\u00e7\u00e3o, os policiais orientaram os envolvidos a retornarem \u00e0 delegacia para relatar formalmente o ocorrido, al\u00e9m de manter dist\u00e2ncia e evitar novas provoca\u00e7\u00f5es ou ofensas. Reda\u00e7\u00e3o Foto: Ilustra\u00e7\u00e3o\" \/>\n<meta property=\"og:url\" content=\"https:\/\/portalraizesnoticias.com.br\/?p=11885\" \/>\n<meta property=\"og:site_name\" content=\"Portal raizes noticias\" \/>\n<meta property=\"article:published_time\" content=\"2026-03-10T21:31:54+00:00\" \/>\n<meta property=\"og:image\" content=\"https:\/\/portalraizesnoticias.com.br\/wp-content\/uploads\/2026\/03\/dwc_2823.jpg\" \/>\n\t<meta property=\"og:image:width\" content=\"1000\" \/>\n\t<meta property=\"og:image:height\" content=\"1000\" \/>\n\t<meta property=\"og:image:type\" content=\"image\/jpeg\" \/>\n<meta name=\"author\" content=\"Portal Raizes\" \/>\n<meta name=\"twitter:card\" content=\"summary_large_image\" \/>\n<meta name=\"twitter:label1\" content=\"Escrito por\" \/>\n\t<meta name=\"twitter:data1\" content=\"Portal Raizes\" \/>\n\t<meta name=\"twitter:label2\" content=\"Est. tempo de leitura\" \/>\n\t<meta name=\"twitter:data2\" content=\"2 minutos\" \/>\n<script type=\"application\/ld+json\" class=\"yoast-schema-graph\">{\"@context\":\"https:\/\/schema.org\",\"@graph\":[{\"@type\":\"Article\",\"@id\":\"https:\/\/portalraizesnoticias.com.br\/?p=11885#article\",\"isPartOf\":{\"@id\":\"https:\/\/portalraizesnoticias.com.br\/?p=11885\"},\"author\":{\"name\":\"Portal Raizes\",\"@id\":\"https:\/\/portalraizesnoticias.com.br\/#\/schema\/person\/a3ca6b0fc701e78df19756c417d943ae\"},\"headline\":\"Mulher acusa idoso de amea\u00e7\u00e1-la com canivete em Valente\",\"datePublished\":\"2026-03-10T21:31:54+00:00\",\"mainEntityOfPage\":{\"@id\":\"https:\/\/portalraizesnoticias.com.br\/?p=11885\"},\"wordCount\":199,\"commentCount\":0,\"publisher\":{\"@id\":\"https:\/\/portalraizesnoticias.com.br\/#organization\"},\"image\":{\"@id\":\"https:\/\/portalraizesnoticias.com.br\/?p=11885#primaryimage\"},\"thumbnailUrl\":\"https:\/\/portalraizesnoticias.com.br\/wp-content\/uploads\/2026\/03\/dwc_2823.jpg\",\"keywords\":[\"Canivete\",\"Valente\"],\"articleSection\":[\"DESTAQUES\",\"POLICIA\",\"ULTIMAS NOTICIAS\"],\"inLanguage\":\"pt-BR\",\"potentialAction\":[{\"@type\":\"CommentAction\",\"name\":\"Comment\",\"target\":[\"https:\/\/portalraizesnoticias.com.br\/?p=11885#respond\"]}]},{\"@type\":\"WebPage\",\"@id\":\"https:\/\/portalraizesnoticias.com.br\/?p=11885\",\"url\":\"https:\/\/portalraizesnoticias.com.br\/?p=11885\",\"name\":\"Mulher acusa idoso de amea\u00e7\u00e1-la com canivete em Valente - Portal raizes noticias\",\"isPartOf\":{\"@id\":\"https:\/\/portalraizesnoticias.com.br\/#website\"},\"primaryImageOfPage\":{\"@id\":\"https:\/\/portalraizesnoticias.com.br\/?p=11885#primaryimage\"},\"image\":{\"@id\":\"https:\/\/portalraizesnoticias.com.br\/?p=11885#primaryimage\"},\"thumbnailUrl\":\"https:\/\/portalraizesnoticias.com.br\/wp-content\/uploads\/2026\/03\/dwc_2823.jpg\",\"datePublished\":\"2026-03-10T21:31:54+00:00\",\"breadcrumb\":{\"@id\":\"https:\/\/portalraizesnoticias.com.br\/?p=11885#breadcrumb\"},\"inLanguage\":\"pt-BR\",\"potentialAction\":[{\"@type\":\"ReadAction\",\"target\":[\"https:\/\/portalraizesnoticias.com.br\/?p=11885\"]}]},{\"@type\":\"ImageObject\",\"inLanguage\":\"pt-BR\",\"@id\":\"https:\/\/portalraizesnoticias.com.br\/?p=11885#primaryimage\",\"url\":\"https:\/\/portalraizesnoticias.com.br\/wp-content\/uploads\/2026\/03\/dwc_2823.jpg\",\"contentUrl\":\"https:\/\/portalraizesnoticias.com.br\/wp-content\/uploads\/2026\/03\/dwc_2823.jpg\",\"width\":1000,\"height\":1000},{\"@type\":\"BreadcrumbList\",\"@id\":\"https:\/\/portalraizesnoticias.com.br\/?p=11885#breadcrumb\",\"itemListElement\":[{\"@type\":\"ListItem\",\"position\":1,\"name\":\"In\u00edcio\",\"item\":\"https:\/\/portalraizesnoticias.com.br\/\"},{\"@type\":\"ListItem\",\"position\":2,\"name\":\"Mulher acusa idoso de amea\u00e7\u00e1-la com canivete em Valente\"}]},{\"@type\":\"WebSite\",\"@id\":\"https:\/\/portalraizesnoticias.com.br\/#website\",\"url\":\"https:\/\/portalraizesnoticias.com.br\/\",\"name\":\"Portal raizes NOTICIAS\",\"description\":\"site de noticias de concei\u00e7\u00e3o do coit\u00e9 e regi\u00e3o\",\"publisher\":{\"@id\":\"https:\/\/portalraizesnoticias.com.br\/#organization\"},\"alternateName\":\"PORTAL RAIZES COIT\u00c9\",\"potentialAction\":[{\"@type\":\"SearchAction\",\"target\":{\"@type\":\"EntryPoint\",\"urlTemplate\":\"https:\/\/portalraizesnoticias.com.br\/?s={search_term_string}\"},\"query-input\":{\"@type\":\"PropertyValueSpecification\",\"valueRequired\":true,\"valueName\":\"search_term_string\"}}],\"inLanguage\":\"pt-BR\"},{\"@type\":\"Organization\",\"@id\":\"https:\/\/portalraizesnoticias.com.br\/#organization\",\"name\":\"Portal raizes NOTICIAS\",\"url\":\"https:\/\/portalraizesnoticias.com.br\/\",\"logo\":{\"@type\":\"ImageObject\",\"inLanguage\":\"pt-BR\",\"@id\":\"https:\/\/portalraizesnoticias.com.br\/#\/schema\/logo\/image\/\",\"url\":\"https:\/\/portalraizesnoticias.com.br\/wp-content\/uploads\/2024\/09\/cropped-Captura-de-tela-2024-09-08-011108.png\",\"contentUrl\":\"https:\/\/portalraizesnoticias.com.br\/wp-content\/uploads\/2024\/09\/cropped-Captura-de-tela-2024-09-08-011108.png\",\"width\":606,\"height\":173,\"caption\":\"Portal raizes NOTICIAS\"},\"image\":{\"@id\":\"https:\/\/portalraizesnoticias.com.br\/#\/schema\/logo\/image\/\"}},{\"@type\":\"Person\",\"@id\":\"https:\/\/portalraizesnoticias.com.br\/#\/schema\/person\/a3ca6b0fc701e78df19756c417d943ae\",\"name\":\"Portal Raizes\",\"image\":{\"@type\":\"ImageObject\",\"inLanguage\":\"pt-BR\",\"@id\":\"https:\/\/portalraizesnoticias.com.br\/#\/schema\/person\/image\/\",\"url\":\"https:\/\/secure.gravatar.com\/avatar\/ef450d29013a3d3fba867a12a249d7b1?s=96&d=mm&r=g\",\"contentUrl\":\"https:\/\/secure.gravatar.com\/avatar\/ef450d29013a3d3fba867a12a249d7b1?s=96&d=mm&r=g\",\"caption\":\"Portal Raizes\"},\"url\":\"https:\/\/portalraizesnoticias.com.br\/?author=3\"}]}<\/script>\n<!-- \/ Yoast SEO plugin. -->","yoast_head_json":{"title":"Mulher acusa idoso de amea\u00e7\u00e1-la com canivete em Valente - Portal raizes noticias","robots":{"index":"index","follow":"follow","max-snippet":"max-snippet:-1","max-image-preview":"max-image-preview:large","max-video-preview":"max-video-preview:-1"},"canonical":"https:\/\/portalraizesnoticias.com.br\/?p=11885","og_locale":"pt_BR","og_type":"article","og_title":"Mulher acusa idoso de amea\u00e7\u00e1-la com canivete em Valente - Portal raizes noticias","og_description":"Uma mulher denunciou ter sido amea\u00e7ada com um canivete na tarde desta ter\u00e7a-feira (10), no Centro de Abastecimento, em Valente, na regi\u00e3o sisaleira. De acordo com informa\u00e7\u00f5es da Pol\u00edcia Militar, a guarni\u00e7\u00e3o foi acionada pelo Centro Integrado de Comunica\u00e7\u00f5es (CICom) por volta das 14h25 ap\u00f3s a den\u00fancia de que um homem teria amea\u00e7ado uma senhora em um quiosque. Ainda conforme o registro, no local, os policiais encontraram a solicitante, R. S de 30 anos, que relatou ter sido amea\u00e7ada por E. S de 63 anos, com um canivete. Durante rondas, a guarni\u00e7\u00e3o localizou o suspeito, que negou as acusa\u00e7\u00f5es. Ele afirmou que teria sido xingado e provocado pela mulher. Durante a abordagem, nenhum canivete ou faca foi encontrado com o homem. Ainda segundo a pol\u00edcia, ambas as partes informaram que j\u00e1 haviam registrado um boletim de ocorr\u00eancia anteriormente na delegacia da cidade. Diante da situa\u00e7\u00e3o, os policiais orientaram os envolvidos a retornarem \u00e0 delegacia para relatar formalmente o ocorrido, al\u00e9m de manter dist\u00e2ncia e evitar novas provoca\u00e7\u00f5es ou ofensas. Reda\u00e7\u00e3o Foto: Ilustra\u00e7\u00e3o","og_url":"https:\/\/portalraizesnoticias.com.br\/?p=11885","og_site_name":"Portal raizes noticias","article_published_time":"2026-03-10T21:31:54+00:00","og_image":[{"width":1000,"height":1000,"url":"https:\/\/portalraizesnoticias.com.br\/wp-content\/uploads\/2026\/03\/dwc_2823.jpg","type":"image\/jpeg"}],"author":"Portal Raizes","twitter_card":"summary_large_image","twitter_misc":{"Escrito por":"Portal Raizes","Est. tempo de leitura":"2 minutos"},"schema":{"@context":"https:\/\/schema.org","@graph":[{"@type":"Article","@id":"https:\/\/portalraizesnoticias.com.br\/?p=11885#article","isPartOf":{"@id":"https:\/\/portalraizesnoticias.com.br\/?p=11885"},"author":{"name":"Portal Raizes","@id":"https:\/\/portalraizesnoticias.com.br\/#\/schema\/person\/a3ca6b0fc701e78df19756c417d943ae"},"headline":"Mulher acusa idoso de amea\u00e7\u00e1-la com canivete em Valente","datePublished":"2026-03-10T21:31:54+00:00","mainEntityOfPage":{"@id":"https:\/\/portalraizesnoticias.com.br\/?p=11885"},"wordCount":199,"commentCount":0,"publisher":{"@id":"https:\/\/portalraizesnoticias.com.br\/#organization"},"image":{"@id":"https:\/\/portalraizesnoticias.com.br\/?p=11885#primaryimage"},"thumbnailUrl":"https:\/\/portalraizesnoticias.com.br\/wp-content\/uploads\/2026\/03\/dwc_2823.jpg","keywords":["Canivete","Valente"],"articleSection":["DESTAQUES","POLICIA","ULTIMAS NOTICIAS"],"inLanguage":"pt-BR","potentialAction":[{"@type":"CommentAction","name":"Comment","target":["https:\/\/portalraizesnoticias.com.br\/?p=11885#respond"]}]},{"@type":"WebPage","@id":"https:\/\/portalraizesnoticias.com.br\/?p=11885","url":"https:\/\/portalraizesnoticias.com.br\/?p=11885","name":"Mulher acusa idoso de amea\u00e7\u00e1-la com canivete em Valente - Portal raizes noticias","isPartOf":{"@id":"https:\/\/portalraizesnoticias.com.br\/#website"},"primaryImageOfPage":{"@id":"https:\/\/portalraizesnoticias.com.br\/?p=11885#primaryimage"},"image":{"@id":"https:\/\/portalraizesnoticias.com.br\/?p=11885#primaryimage"},"thumbnailUrl":"https:\/\/portalraizesnoticias.com.br\/wp-content\/uploads\/2026\/03\/dwc_2823.jpg","datePublished":"2026-03-10T21:31:54+00:00","breadcrumb":{"@id":"https:\/\/portalraizesnoticias.com.br\/?p=11885#breadcrumb"},"inLanguage":"pt-BR","potentialAction":[{"@type":"ReadAction","target":["https:\/\/portalraizesnoticias.com.br\/?p=11885"]}]},{"@type":"ImageObject","inLanguage":"pt-BR","@id":"https:\/\/portalraizesnoticias.com.br\/?p=11885#primaryimage","url":"https:\/\/portalraizesnoticias.com.br\/wp-content\/uploads\/2026\/03\/dwc_2823.jpg","contentUrl":"https:\/\/portalraizesnoticias.com.br\/wp-content\/uploads\/2026\/03\/dwc_2823.jpg","width":1000,"height":1000},{"@type":"BreadcrumbList","@id":"https:\/\/portalraizesnoticias.com.br\/?p=11885#breadcrumb","itemListElement":[{"@type":"ListItem","position":1,"name":"In\u00edcio","item":"https:\/\/portalraizesnoticias.com.br\/"},{"@type":"ListItem","position":2,"name":"Mulher acusa idoso de amea\u00e7\u00e1-la com canivete em Valente"}]},{"@type":"WebSite","@id":"https:\/\/portalraizesnoticias.com.br\/#website","url":"https:\/\/portalraizesnoticias.com.br\/","name":"Portal raizes NOTICIAS","description":"site de noticias de concei\u00e7\u00e3o do coit\u00e9 e regi\u00e3o","publisher":{"@id":"https:\/\/portalraizesnoticias.com.br\/#organization"},"alternateName":"PORTAL RAIZES COIT\u00c9","potentialAction":[{"@type":"SearchAction","target":{"@type":"EntryPoint","urlTemplate":"https:\/\/portalraizesnoticias.com.br\/?s={search_term_string}"},"query-input":{"@type":"PropertyValueSpecification","valueRequired":true,"valueName":"search_term_string"}}],"inLanguage":"pt-BR"},{"@type":"Organization","@id":"https:\/\/portalraizesnoticias.com.br\/#organization","name":"Portal raizes NOTICIAS","url":"https:\/\/portalraizesnoticias.com.br\/","logo":{"@type":"ImageObject","inLanguage":"pt-BR","@id":"https:\/\/portalraizesnoticias.com.br\/#\/schema\/logo\/image\/","url":"https:\/\/portalraizesnoticias.com.br\/wp-content\/uploads\/2024\/09\/cropped-Captura-de-tela-2024-09-08-011108.png","contentUrl":"https:\/\/portalraizesnoticias.com.br\/wp-content\/uploads\/2024\/09\/cropped-Captura-de-tela-2024-09-08-011108.png","width":606,"height":173,"caption":"Portal raizes NOTICIAS"},"image":{"@id":"https:\/\/portalraizesnoticias.com.br\/#\/schema\/logo\/image\/"}},{"@type":"Person","@id":"https:\/\/portalraizesnoticias.com.br\/#\/schema\/person\/a3ca6b0fc701e78df19756c417d943ae","name":"Portal Raizes","image":{"@type":"ImageObject","inLanguage":"pt-BR","@id":"https:\/\/portalraizesnoticias.com.br\/#\/schema\/person\/image\/","url":"https:\/\/secure.gravatar.com\/avatar\/ef450d29013a3d3fba867a12a249d7b1?s=96&d=mm&r=g","contentUrl":"https:\/\/secure.gravatar.com\/avatar\/ef450d29013a3d3fba867a12a249d7b1?s=96&d=mm&r=g","caption":"Portal Raizes"},"url":"https:\/\/portalraizesnoticias.com.br\/?author=3"}]}},"_links":{"self":[{"href":"https:\/\/portalraizesnoticias.com.br\/index.php?rest_route=\/wp\/v2\/posts\/11885"}],"collection":[{"href":"https:\/\/portalraizesnoticias.com.br\/index.php?rest_route=\/wp\/v2\/posts"}],"about":[{"href":"https:\/\/portalraizesnoticias.com.br\/index.php?rest_route=\/wp\/v2\/types\/post"}],"author":[{"embeddable":true,"href":"https:\/\/portalraizesnoticias.com.br\/index.php?rest_route=\/wp\/v2\/users\/3"}],"replies":[{"embeddable":true,"href":"https:\/\/portalraizesnoticias.com.br\/index.php?rest_route=%2Fwp%2Fv2%2Fcomments&post=11885"}],"version-history":[{"count":3,"href":"https:\/\/portalraizesnoticias.com.br\/index.php?rest_route=\/wp\/v2\/posts\/11885\/revisions"}],"predecessor-version":[{"id":11889,"href":"https:\/\/portalraizesnoticias.com.br\/index.php?rest_route=\/wp\/v2\/posts\/11885\/revisions\/11889"}],"wp:featuredmedia":[{"embeddable":true,"href":"https:\/\/portalraizesnoticias.com.br\/index.php?rest_route=\/wp\/v2\/media\/11888"}],"wp:attachment":[{"href":"https:\/\/portalraizesnoticias.com.br\/index.php?rest_route=%2Fwp%2Fv2%2Fmedia&parent=11885"}],"wp:term":[{"taxonomy":"category","embeddable":true,"href":"https:\/\/portalraizesnoticias.com.br\/index.php?rest_route=%2Fwp%2Fv2%2Fcategories&post=11885"},{"taxonomy":"post_tag","embeddable":true,"href":"https:\/\/portalraizesnoticias.com.br\/index.php?rest_route=%2Fwp%2Fv2%2Ftags&post=11885"}],"curies":[{"name":"wp","href":"https:\/\/api.w.org\/{rel}","templated":true}]}}