{"id":11876,"date":"2026-03-10T18:05:28","date_gmt":"2026-03-10T21:05:28","guid":{"rendered":"https:\/\/portalraizesnoticias.com.br\/?p=11876"},"modified":"2026-03-10T18:26:58","modified_gmt":"2026-03-10T21:26:58","slug":"homem-de-50-anos-com-mandado-de-prisao-por-divida-de-pensao-alimenticia-e-preso-em-salgadalia-em-conceicao-do-coite","status":"publish","type":"post","link":"https:\/\/portalraizesnoticias.com.br\/?p=11876","title":{"rendered":"Homem de 50 anos com mandado de pris\u00e3o por d\u00edvida de pens\u00e3o aliment\u00edcia \u00e9 preso no distrito de Salgad\u00e1lia em Concei\u00e7\u00e3o do Coit\u00e9"},"content":{"rendered":"<p>Um homem de 50 anos foi preso na tarde desta ter\u00e7a-feira (10) ap\u00f3s ser identificado com um mandado de pris\u00e3o em aberto por falta de pagamento de pens\u00e3o aliment\u00edcia, no distrito de Salgad\u00e1lia, em Concei\u00e7\u00e3o do Coit\u00e9, na regi\u00e3o sisaleira.<\/p>\n<p><strong>Noticias relacionada<\/strong>s:\u00a0<a href=\"https:\/\/portalraizesnoticias.com.br\/se-foi-bom-para-fazer-tem-que-assumir-falta-de-pagamento-de-pensao-alimenticia-lidera-atendimentos-na-defensoria-publica-de-conceicao-do-coite\/\">\u201cSe foi bom para fazer, tem que assumir\u201d: falta de pagamento de pens\u00e3o aliment\u00edcia lidera atendimentos na Defensoria P\u00fablica de Concei\u00e7\u00e3o do Coit\u00e9<\/a><\/p>\n<p><img decoding=\"async\" class=\"size-medium wp-image-11228 aligncenter\" src=\"https:\/\/portalraizesnoticias.com.br\/wp-content\/uploads\/2026\/02\/IMG_8532-300x150.png\" alt=\"\" width=\"300\" height=\"150\" srcset=\"https:\/\/portalraizesnoticias.com.br\/wp-content\/uploads\/2026\/02\/IMG_8532-300x150.png 300w, https:\/\/portalraizesnoticias.com.br\/wp-content\/uploads\/2026\/02\/IMG_8532-1024x512.png 1024w, https:\/\/portalraizesnoticias.com.br\/wp-content\/uploads\/2026\/02\/IMG_8532-768x384.png 768w, https:\/\/portalraizesnoticias.com.br\/wp-content\/uploads\/2026\/02\/IMG_8532-1536x768.png 1536w, https:\/\/portalraizesnoticias.com.br\/wp-content\/uploads\/2026\/02\/IMG_8532-2048x1024.png 2048w\" sizes=\"(max-width: 300px) 100vw, 300px\" \/><\/p>\n<p>De acordo com informa\u00e7\u00f5es da Pol\u00edcia Militar, a pris\u00e3o ocorreu por volta das 16h20 durante rondas e abordagens preventivas realizadas por policiais da Companhia de Emprego T\u00e1tico Operacional (CETO) no distrito.<\/p>\n<p>Durante a abordagem, os policiais identificaram o indiv\u00edduo e constataram que havia um mandado de pris\u00e3o em aberto contra ele devido ao n\u00e3o pagamento de alimentos.<\/p>\n<p>Ap\u00f3s a confirma\u00e7\u00e3o, os militares informaram ao homem sobre a ordem judicial e realizaram a condu\u00e7\u00e3o dele at\u00e9 a Delegacia Territorial de Concei\u00e7\u00e3o do Coit\u00e9, onde foi apresentado para a ado\u00e7\u00e3o das medidas cab\u00edveis.<\/p>\n<p><em>Reda\u00e7\u00e3o\u00a0<\/em><\/p>\n<p><em>Foto: Ilustra\u00e7\u00e3o\u00a0<\/em><\/p>\n","protected":false},"excerpt":{"rendered":"<p>Um homem de 50 anos foi preso na tarde desta ter\u00e7a-feira (10) ap\u00f3s ser identificado com um mandado de pris\u00e3o em aberto por falta de pagamento de pens\u00e3o aliment\u00edcia, no distrito de Salgad\u00e1lia, em Concei\u00e7\u00e3o do Coit\u00e9, na regi\u00e3o sisaleira. Noticias relacionadas:\u00a0\u201cSe foi bom para fazer, tem que assumir\u201d: falta de pagamento de pens\u00e3o aliment\u00edcia lidera atendimentos na Defensoria P\u00fablica de Concei\u00e7\u00e3o do Coit\u00e9 De acordo com informa\u00e7\u00f5es da Pol\u00edcia Militar, a pris\u00e3o ocorreu por volta das 16h20 durante rondas e abordagens preventivas realizadas por policiais da Companhia de Emprego T\u00e1tico Operacional (CETO) no distrito. Durante a abordagem, os policiais identificaram o indiv\u00edduo e constataram que havia um mandado de pris\u00e3o em aberto contra ele devido ao n\u00e3o pagamento de alimentos. Ap\u00f3s a confirma\u00e7\u00e3o, os militares informaram ao homem sobre a ordem judicial e realizaram a condu\u00e7\u00e3o dele at\u00e9 a Delegacia Territorial de Concei\u00e7\u00e3o do Coit\u00e9, onde foi apresentado para a ado\u00e7\u00e3o das medidas cab\u00edveis. Reda\u00e7\u00e3o\u00a0 Foto: Ilustra\u00e7\u00e3o\u00a0<\/p>\n","protected":false},"author":3,"featured_media":11880,"comment_status":"open","ping_status":"open","sticky":false,"template":"","format":"standard","meta":{"_joinchat":[],"footnotes":""},"categories":[55,67,59],"tags":[],"class_list":["post-11876","post","type-post","status-publish","format-standard","has-post-thumbnail","hentry","category-destaques","category-policia","category-ultimas-noticias"],"yoast_head":"<!-- This site is optimized with the Yoast SEO plugin v24.4 - https:\/\/yoast.com\/wordpress\/plugins\/seo\/ -->\n<title>Homem de 50 anos com mandado de pris\u00e3o por d\u00edvida de pens\u00e3o aliment\u00edcia \u00e9 preso no distrito de Salgad\u00e1lia em Concei\u00e7\u00e3o do Coit\u00e9 - Portal raizes noticias<\/title>\n<meta name=\"robots\" content=\"index, follow, max-snippet:-1, max-image-preview:large, max-video-preview:-1\" \/>\n<link rel=\"canonical\" href=\"https:\/\/portalraizesnoticias.com.br\/?p=11876\" \/>\n<meta property=\"og:locale\" content=\"pt_BR\" \/>\n<meta property=\"og:type\" content=\"article\" \/>\n<meta property=\"og:title\" content=\"Homem de 50 anos com mandado de pris\u00e3o por d\u00edvida de pens\u00e3o aliment\u00edcia \u00e9 preso no distrito de Salgad\u00e1lia em Concei\u00e7\u00e3o do Coit\u00e9 - Portal raizes noticias\" \/>\n<meta property=\"og:description\" content=\"Um homem de 50 anos foi preso na tarde desta ter\u00e7a-feira (10) ap\u00f3s ser identificado com um mandado de pris\u00e3o em aberto por falta de pagamento de pens\u00e3o aliment\u00edcia, no distrito de Salgad\u00e1lia, em Concei\u00e7\u00e3o do Coit\u00e9, na regi\u00e3o sisaleira. Noticias relacionadas:\u00a0\u201cSe foi bom para fazer, tem que assumir\u201d: falta de pagamento de pens\u00e3o aliment\u00edcia lidera atendimentos na Defensoria P\u00fablica de Concei\u00e7\u00e3o do Coit\u00e9 De acordo com informa\u00e7\u00f5es da Pol\u00edcia Militar, a pris\u00e3o ocorreu por volta das 16h20 durante rondas e abordagens preventivas realizadas por policiais da Companhia de Emprego T\u00e1tico Operacional (CETO) no distrito. Durante a abordagem, os policiais identificaram o indiv\u00edduo e constataram que havia um mandado de pris\u00e3o em aberto contra ele devido ao n\u00e3o pagamento de alimentos. Ap\u00f3s a confirma\u00e7\u00e3o, os militares informaram ao homem sobre a ordem judicial e realizaram a condu\u00e7\u00e3o dele at\u00e9 a Delegacia Territorial de Concei\u00e7\u00e3o do Coit\u00e9, onde foi apresentado para a ado\u00e7\u00e3o das medidas cab\u00edveis. Reda\u00e7\u00e3o\u00a0 Foto: Ilustra\u00e7\u00e3o\u00a0\" \/>\n<meta property=\"og:url\" content=\"https:\/\/portalraizesnoticias.com.br\/?p=11876\" \/>\n<meta property=\"og:site_name\" content=\"Portal raizes noticias\" \/>\n<meta property=\"article:published_time\" content=\"2026-03-10T21:05:28+00:00\" \/>\n<meta property=\"article:modified_time\" content=\"2026-03-10T21:26:58+00:00\" \/>\n<meta property=\"og:image\" content=\"https:\/\/portalraizesnoticias.com.br\/wp-content\/uploads\/2026\/03\/IMG-20260310-WA0313.jpg\" \/>\n\t<meta property=\"og:image:width\" content=\"513\" \/>\n\t<meta property=\"og:image:height\" content=\"455\" \/>\n\t<meta property=\"og:image:type\" content=\"image\/jpeg\" \/>\n<meta name=\"author\" content=\"Portal Raizes\" \/>\n<meta name=\"twitter:card\" content=\"summary_large_image\" \/>\n<meta name=\"twitter:label1\" content=\"Escrito por\" \/>\n\t<meta name=\"twitter:data1\" content=\"Portal Raizes\" \/>\n\t<meta name=\"twitter:label2\" content=\"Est. tempo de leitura\" \/>\n\t<meta name=\"twitter:data2\" content=\"2 minutos\" \/>\n<script type=\"application\/ld+json\" class=\"yoast-schema-graph\">{\"@context\":\"https:\/\/schema.org\",\"@graph\":[{\"@type\":\"Article\",\"@id\":\"https:\/\/portalraizesnoticias.com.br\/?p=11876#article\",\"isPartOf\":{\"@id\":\"https:\/\/portalraizesnoticias.com.br\/?p=11876\"},\"author\":{\"name\":\"Portal Raizes\",\"@id\":\"https:\/\/portalraizesnoticias.com.br\/#\/schema\/person\/a3ca6b0fc701e78df19756c417d943ae\"},\"headline\":\"Homem de 50 anos com mandado de pris\u00e3o por d\u00edvida de pens\u00e3o aliment\u00edcia \u00e9 preso no distrito de Salgad\u00e1lia em Concei\u00e7\u00e3o do Coit\u00e9\",\"datePublished\":\"2026-03-10T21:05:28+00:00\",\"dateModified\":\"2026-03-10T21:26:58+00:00\",\"mainEntityOfPage\":{\"@id\":\"https:\/\/portalraizesnoticias.com.br\/?p=11876\"},\"wordCount\":211,\"commentCount\":0,\"publisher\":{\"@id\":\"https:\/\/portalraizesnoticias.com.br\/#organization\"},\"image\":{\"@id\":\"https:\/\/portalraizesnoticias.com.br\/?p=11876#primaryimage\"},\"thumbnailUrl\":\"https:\/\/portalraizesnoticias.com.br\/wp-content\/uploads\/2026\/03\/IMG-20260310-WA0313.jpg\",\"articleSection\":[\"DESTAQUES\",\"POLICIA\",\"ULTIMAS NOTICIAS\"],\"inLanguage\":\"pt-BR\",\"potentialAction\":[{\"@type\":\"CommentAction\",\"name\":\"Comment\",\"target\":[\"https:\/\/portalraizesnoticias.com.br\/?p=11876#respond\"]}]},{\"@type\":\"WebPage\",\"@id\":\"https:\/\/portalraizesnoticias.com.br\/?p=11876\",\"url\":\"https:\/\/portalraizesnoticias.com.br\/?p=11876\",\"name\":\"Homem de 50 anos com mandado de pris\u00e3o por d\u00edvida de pens\u00e3o aliment\u00edcia \u00e9 preso no distrito de Salgad\u00e1lia em Concei\u00e7\u00e3o do Coit\u00e9 - Portal raizes noticias\",\"isPartOf\":{\"@id\":\"https:\/\/portalraizesnoticias.com.br\/#website\"},\"primaryImageOfPage\":{\"@id\":\"https:\/\/portalraizesnoticias.com.br\/?p=11876#primaryimage\"},\"image\":{\"@id\":\"https:\/\/portalraizesnoticias.com.br\/?p=11876#primaryimage\"},\"thumbnailUrl\":\"https:\/\/portalraizesnoticias.com.br\/wp-content\/uploads\/2026\/03\/IMG-20260310-WA0313.jpg\",\"datePublished\":\"2026-03-10T21:05:28+00:00\",\"dateModified\":\"2026-03-10T21:26:58+00:00\",\"breadcrumb\":{\"@id\":\"https:\/\/portalraizesnoticias.com.br\/?p=11876#breadcrumb\"},\"inLanguage\":\"pt-BR\",\"potentialAction\":[{\"@type\":\"ReadAction\",\"target\":[\"https:\/\/portalraizesnoticias.com.br\/?p=11876\"]}]},{\"@type\":\"ImageObject\",\"inLanguage\":\"pt-BR\",\"@id\":\"https:\/\/portalraizesnoticias.com.br\/?p=11876#primaryimage\",\"url\":\"https:\/\/portalraizesnoticias.com.br\/wp-content\/uploads\/2026\/03\/IMG-20260310-WA0313.jpg\",\"contentUrl\":\"https:\/\/portalraizesnoticias.com.br\/wp-content\/uploads\/2026\/03\/IMG-20260310-WA0313.jpg\",\"width\":513,\"height\":455},{\"@type\":\"BreadcrumbList\",\"@id\":\"https:\/\/portalraizesnoticias.com.br\/?p=11876#breadcrumb\",\"itemListElement\":[{\"@type\":\"ListItem\",\"position\":1,\"name\":\"In\u00edcio\",\"item\":\"https:\/\/portalraizesnoticias.com.br\/\"},{\"@type\":\"ListItem\",\"position\":2,\"name\":\"Homem de 50 anos com mandado de pris\u00e3o por d\u00edvida de pens\u00e3o aliment\u00edcia \u00e9 preso no distrito de Salgad\u00e1lia em Concei\u00e7\u00e3o do Coit\u00e9\"}]},{\"@type\":\"WebSite\",\"@id\":\"https:\/\/portalraizesnoticias.com.br\/#website\",\"url\":\"https:\/\/portalraizesnoticias.com.br\/\",\"name\":\"Portal raizes NOTICIAS\",\"description\":\"site de noticias de concei\u00e7\u00e3o do coit\u00e9 e regi\u00e3o\",\"publisher\":{\"@id\":\"https:\/\/portalraizesnoticias.com.br\/#organization\"},\"alternateName\":\"PORTAL RAIZES COIT\u00c9\",\"potentialAction\":[{\"@type\":\"SearchAction\",\"target\":{\"@type\":\"EntryPoint\",\"urlTemplate\":\"https:\/\/portalraizesnoticias.com.br\/?s={search_term_string}\"},\"query-input\":{\"@type\":\"PropertyValueSpecification\",\"valueRequired\":true,\"valueName\":\"search_term_string\"}}],\"inLanguage\":\"pt-BR\"},{\"@type\":\"Organization\",\"@id\":\"https:\/\/portalraizesnoticias.com.br\/#organization\",\"name\":\"Portal raizes NOTICIAS\",\"url\":\"https:\/\/portalraizesnoticias.com.br\/\",\"logo\":{\"@type\":\"ImageObject\",\"inLanguage\":\"pt-BR\",\"@id\":\"https:\/\/portalraizesnoticias.com.br\/#\/schema\/logo\/image\/\",\"url\":\"https:\/\/portalraizesnoticias.com.br\/wp-content\/uploads\/2024\/09\/cropped-Captura-de-tela-2024-09-08-011108.png\",\"contentUrl\":\"https:\/\/portalraizesnoticias.com.br\/wp-content\/uploads\/2024\/09\/cropped-Captura-de-tela-2024-09-08-011108.png\",\"width\":606,\"height\":173,\"caption\":\"Portal raizes NOTICIAS\"},\"image\":{\"@id\":\"https:\/\/portalraizesnoticias.com.br\/#\/schema\/logo\/image\/\"}},{\"@type\":\"Person\",\"@id\":\"https:\/\/portalraizesnoticias.com.br\/#\/schema\/person\/a3ca6b0fc701e78df19756c417d943ae\",\"name\":\"Portal Raizes\",\"image\":{\"@type\":\"ImageObject\",\"inLanguage\":\"pt-BR\",\"@id\":\"https:\/\/portalraizesnoticias.com.br\/#\/schema\/person\/image\/\",\"url\":\"https:\/\/secure.gravatar.com\/avatar\/ef450d29013a3d3fba867a12a249d7b1?s=96&d=mm&r=g\",\"contentUrl\":\"https:\/\/secure.gravatar.com\/avatar\/ef450d29013a3d3fba867a12a249d7b1?s=96&d=mm&r=g\",\"caption\":\"Portal Raizes\"},\"url\":\"https:\/\/portalraizesnoticias.com.br\/?author=3\"}]}<\/script>\n<!-- \/ Yoast SEO plugin. -->","yoast_head_json":{"title":"Homem de 50 anos com mandado de pris\u00e3o por d\u00edvida de pens\u00e3o aliment\u00edcia \u00e9 preso no distrito de Salgad\u00e1lia em Concei\u00e7\u00e3o do Coit\u00e9 - Portal raizes noticias","robots":{"index":"index","follow":"follow","max-snippet":"max-snippet:-1","max-image-preview":"max-image-preview:large","max-video-preview":"max-video-preview:-1"},"canonical":"https:\/\/portalraizesnoticias.com.br\/?p=11876","og_locale":"pt_BR","og_type":"article","og_title":"Homem de 50 anos com mandado de pris\u00e3o por d\u00edvida de pens\u00e3o aliment\u00edcia \u00e9 preso no distrito de Salgad\u00e1lia em Concei\u00e7\u00e3o do Coit\u00e9 - Portal raizes noticias","og_description":"Um homem de 50 anos foi preso na tarde desta ter\u00e7a-feira (10) ap\u00f3s ser identificado com um mandado de pris\u00e3o em aberto por falta de pagamento de pens\u00e3o aliment\u00edcia, no distrito de Salgad\u00e1lia, em Concei\u00e7\u00e3o do Coit\u00e9, na regi\u00e3o sisaleira. Noticias relacionadas:\u00a0\u201cSe foi bom para fazer, tem que assumir\u201d: falta de pagamento de pens\u00e3o aliment\u00edcia lidera atendimentos na Defensoria P\u00fablica de Concei\u00e7\u00e3o do Coit\u00e9 De acordo com informa\u00e7\u00f5es da Pol\u00edcia Militar, a pris\u00e3o ocorreu por volta das 16h20 durante rondas e abordagens preventivas realizadas por policiais da Companhia de Emprego T\u00e1tico Operacional (CETO) no distrito. Durante a abordagem, os policiais identificaram o indiv\u00edduo e constataram que havia um mandado de pris\u00e3o em aberto contra ele devido ao n\u00e3o pagamento de alimentos. Ap\u00f3s a confirma\u00e7\u00e3o, os militares informaram ao homem sobre a ordem judicial e realizaram a condu\u00e7\u00e3o dele at\u00e9 a Delegacia Territorial de Concei\u00e7\u00e3o do Coit\u00e9, onde foi apresentado para a ado\u00e7\u00e3o das medidas cab\u00edveis. Reda\u00e7\u00e3o\u00a0 Foto: Ilustra\u00e7\u00e3o\u00a0","og_url":"https:\/\/portalraizesnoticias.com.br\/?p=11876","og_site_name":"Portal raizes noticias","article_published_time":"2026-03-10T21:05:28+00:00","article_modified_time":"2026-03-10T21:26:58+00:00","og_image":[{"width":513,"height":455,"url":"https:\/\/portalraizesnoticias.com.br\/wp-content\/uploads\/2026\/03\/IMG-20260310-WA0313.jpg","type":"image\/jpeg"}],"author":"Portal Raizes","twitter_card":"summary_large_image","twitter_misc":{"Escrito por":"Portal Raizes","Est. tempo de leitura":"2 minutos"},"schema":{"@context":"https:\/\/schema.org","@graph":[{"@type":"Article","@id":"https:\/\/portalraizesnoticias.com.br\/?p=11876#article","isPartOf":{"@id":"https:\/\/portalraizesnoticias.com.br\/?p=11876"},"author":{"name":"Portal Raizes","@id":"https:\/\/portalraizesnoticias.com.br\/#\/schema\/person\/a3ca6b0fc701e78df19756c417d943ae"},"headline":"Homem de 50 anos com mandado de pris\u00e3o por d\u00edvida de pens\u00e3o aliment\u00edcia \u00e9 preso no distrito de Salgad\u00e1lia em Concei\u00e7\u00e3o do Coit\u00e9","datePublished":"2026-03-10T21:05:28+00:00","dateModified":"2026-03-10T21:26:58+00:00","mainEntityOfPage":{"@id":"https:\/\/portalraizesnoticias.com.br\/?p=11876"},"wordCount":211,"commentCount":0,"publisher":{"@id":"https:\/\/portalraizesnoticias.com.br\/#organization"},"image":{"@id":"https:\/\/portalraizesnoticias.com.br\/?p=11876#primaryimage"},"thumbnailUrl":"https:\/\/portalraizesnoticias.com.br\/wp-content\/uploads\/2026\/03\/IMG-20260310-WA0313.jpg","articleSection":["DESTAQUES","POLICIA","ULTIMAS NOTICIAS"],"inLanguage":"pt-BR","potentialAction":[{"@type":"CommentAction","name":"Comment","target":["https:\/\/portalraizesnoticias.com.br\/?p=11876#respond"]}]},{"@type":"WebPage","@id":"https:\/\/portalraizesnoticias.com.br\/?p=11876","url":"https:\/\/portalraizesnoticias.com.br\/?p=11876","name":"Homem de 50 anos com mandado de pris\u00e3o por d\u00edvida de pens\u00e3o aliment\u00edcia \u00e9 preso no distrito de Salgad\u00e1lia em Concei\u00e7\u00e3o do Coit\u00e9 - Portal raizes noticias","isPartOf":{"@id":"https:\/\/portalraizesnoticias.com.br\/#website"},"primaryImageOfPage":{"@id":"https:\/\/portalraizesnoticias.com.br\/?p=11876#primaryimage"},"image":{"@id":"https:\/\/portalraizesnoticias.com.br\/?p=11876#primaryimage"},"thumbnailUrl":"https:\/\/portalraizesnoticias.com.br\/wp-content\/uploads\/2026\/03\/IMG-20260310-WA0313.jpg","datePublished":"2026-03-10T21:05:28+00:00","dateModified":"2026-03-10T21:26:58+00:00","breadcrumb":{"@id":"https:\/\/portalraizesnoticias.com.br\/?p=11876#breadcrumb"},"inLanguage":"pt-BR","potentialAction":[{"@type":"ReadAction","target":["https:\/\/portalraizesnoticias.com.br\/?p=11876"]}]},{"@type":"ImageObject","inLanguage":"pt-BR","@id":"https:\/\/portalraizesnoticias.com.br\/?p=11876#primaryimage","url":"https:\/\/portalraizesnoticias.com.br\/wp-content\/uploads\/2026\/03\/IMG-20260310-WA0313.jpg","contentUrl":"https:\/\/portalraizesnoticias.com.br\/wp-content\/uploads\/2026\/03\/IMG-20260310-WA0313.jpg","width":513,"height":455},{"@type":"BreadcrumbList","@id":"https:\/\/portalraizesnoticias.com.br\/?p=11876#breadcrumb","itemListElement":[{"@type":"ListItem","position":1,"name":"In\u00edcio","item":"https:\/\/portalraizesnoticias.com.br\/"},{"@type":"ListItem","position":2,"name":"Homem de 50 anos com mandado de pris\u00e3o por d\u00edvida de pens\u00e3o aliment\u00edcia \u00e9 preso no distrito de Salgad\u00e1lia em Concei\u00e7\u00e3o do Coit\u00e9"}]},{"@type":"WebSite","@id":"https:\/\/portalraizesnoticias.com.br\/#website","url":"https:\/\/portalraizesnoticias.com.br\/","name":"Portal raizes NOTICIAS","description":"site de noticias de concei\u00e7\u00e3o do coit\u00e9 e regi\u00e3o","publisher":{"@id":"https:\/\/portalraizesnoticias.com.br\/#organization"},"alternateName":"PORTAL RAIZES COIT\u00c9","potentialAction":[{"@type":"SearchAction","target":{"@type":"EntryPoint","urlTemplate":"https:\/\/portalraizesnoticias.com.br\/?s={search_term_string}"},"query-input":{"@type":"PropertyValueSpecification","valueRequired":true,"valueName":"search_term_string"}}],"inLanguage":"pt-BR"},{"@type":"Organization","@id":"https:\/\/portalraizesnoticias.com.br\/#organization","name":"Portal raizes NOTICIAS","url":"https:\/\/portalraizesnoticias.com.br\/","logo":{"@type":"ImageObject","inLanguage":"pt-BR","@id":"https:\/\/portalraizesnoticias.com.br\/#\/schema\/logo\/image\/","url":"https:\/\/portalraizesnoticias.com.br\/wp-content\/uploads\/2024\/09\/cropped-Captura-de-tela-2024-09-08-011108.png","contentUrl":"https:\/\/portalraizesnoticias.com.br\/wp-content\/uploads\/2024\/09\/cropped-Captura-de-tela-2024-09-08-011108.png","width":606,"height":173,"caption":"Portal raizes NOTICIAS"},"image":{"@id":"https:\/\/portalraizesnoticias.com.br\/#\/schema\/logo\/image\/"}},{"@type":"Person","@id":"https:\/\/portalraizesnoticias.com.br\/#\/schema\/person\/a3ca6b0fc701e78df19756c417d943ae","name":"Portal Raizes","image":{"@type":"ImageObject","inLanguage":"pt-BR","@id":"https:\/\/portalraizesnoticias.com.br\/#\/schema\/person\/image\/","url":"https:\/\/secure.gravatar.com\/avatar\/ef450d29013a3d3fba867a12a249d7b1?s=96&d=mm&r=g","contentUrl":"https:\/\/secure.gravatar.com\/avatar\/ef450d29013a3d3fba867a12a249d7b1?s=96&d=mm&r=g","caption":"Portal Raizes"},"url":"https:\/\/portalraizesnoticias.com.br\/?author=3"}]}},"_links":{"self":[{"href":"https:\/\/portalraizesnoticias.com.br\/index.php?rest_route=\/wp\/v2\/posts\/11876"}],"collection":[{"href":"https:\/\/portalraizesnoticias.com.br\/index.php?rest_route=\/wp\/v2\/posts"}],"about":[{"href":"https:\/\/portalraizesnoticias.com.br\/index.php?rest_route=\/wp\/v2\/types\/post"}],"author":[{"embeddable":true,"href":"https:\/\/portalraizesnoticias.com.br\/index.php?rest_route=\/wp\/v2\/users\/3"}],"replies":[{"embeddable":true,"href":"https:\/\/portalraizesnoticias.com.br\/index.php?rest_route=%2Fwp%2Fv2%2Fcomments&post=11876"}],"version-history":[{"count":7,"href":"https:\/\/portalraizesnoticias.com.br\/index.php?rest_route=\/wp\/v2\/posts\/11876\/revisions"}],"predecessor-version":[{"id":11884,"href":"https:\/\/portalraizesnoticias.com.br\/index.php?rest_route=\/wp\/v2\/posts\/11876\/revisions\/11884"}],"wp:featuredmedia":[{"embeddable":true,"href":"https:\/\/portalraizesnoticias.com.br\/index.php?rest_route=\/wp\/v2\/media\/11880"}],"wp:attachment":[{"href":"https:\/\/portalraizesnoticias.com.br\/index.php?rest_route=%2Fwp%2Fv2%2Fmedia&parent=11876"}],"wp:term":[{"taxonomy":"category","embeddable":true,"href":"https:\/\/portalraizesnoticias.com.br\/index.php?rest_route=%2Fwp%2Fv2%2Fcategories&post=11876"},{"taxonomy":"post_tag","embeddable":true,"href":"https:\/\/portalraizesnoticias.com.br\/index.php?rest_route=%2Fwp%2Fv2%2Ftags&post=11876"}],"curies":[{"name":"wp","href":"https:\/\/api.w.org\/{rel}","templated":true}]}}