{"id":11815,"date":"2026-03-09T14:35:49","date_gmt":"2026-03-09T17:35:49","guid":{"rendered":"https:\/\/portalraizesnoticias.com.br\/?p=11815"},"modified":"2026-03-09T17:28:58","modified_gmt":"2026-03-09T20:28:58","slug":"mecanico-e-morto-a-tiros-dentro-de-oficina-em-valente-suspeita-e-de-divida-com-agiotas","status":"publish","type":"post","link":"https:\/\/portalraizesnoticias.com.br\/?p=11815","title":{"rendered":"Mec\u00e2nico \u00e9 morto a tiros dentro de oficina em Valente; suspeita \u00e9 de d\u00edvida com agiotas"},"content":{"rendered":"<p>Um homic\u00eddio foi registrado na tarde desta segunda-feira (9), na Rua Joanita Lopes, no munic\u00edpio de Valente, na regi\u00e3o sisaleira. Este \u00e9 o primeiro homic\u00eddio registrado na cidade ap\u00f3s quase dois anos. O \u00faltimo caso havia ocorrido em 7 de setembro de 2024.<\/p>\n<p><img decoding=\"async\" class=\"size-medium wp-image-11228 aligncenter\" src=\"https:\/\/portalraizesnoticias.com.br\/wp-content\/uploads\/2026\/02\/IMG_8532-300x150.png\" alt=\"\" width=\"300\" height=\"150\" srcset=\"https:\/\/portalraizesnoticias.com.br\/wp-content\/uploads\/2026\/02\/IMG_8532-300x150.png 300w, https:\/\/portalraizesnoticias.com.br\/wp-content\/uploads\/2026\/02\/IMG_8532-1024x512.png 1024w, https:\/\/portalraizesnoticias.com.br\/wp-content\/uploads\/2026\/02\/IMG_8532-768x384.png 768w, https:\/\/portalraizesnoticias.com.br\/wp-content\/uploads\/2026\/02\/IMG_8532-1536x768.png 1536w, https:\/\/portalraizesnoticias.com.br\/wp-content\/uploads\/2026\/02\/IMG_8532-2048x1024.png 2048w\" sizes=\"(max-width: 300px) 100vw, 300px\" \/><\/p>\n<p>Segundo informa\u00e7\u00f5es obtidas pelo Portal Ra\u00edzes junto \u00e0 Pol\u00edcia Militar, a guarni\u00e7\u00e3o foi acionada por volta das 12h ap\u00f3s relatos de disparos de arma de fogo no local.<\/p>\n<p><img fetchpriority=\"high\" decoding=\"async\" class=\"size-medium wp-image-10424 aligncenter\" src=\"https:\/\/portalraizesnoticias.com.br\/wp-content\/uploads\/2023\/04\/reis-car_page-0001-212x300.jpg\" alt=\"\" width=\"212\" height=\"300\" srcset=\"https:\/\/portalraizesnoticias.com.br\/wp-content\/uploads\/2023\/04\/reis-car_page-0001-212x300.jpg 212w, https:\/\/portalraizesnoticias.com.br\/wp-content\/uploads\/2023\/04\/reis-car_page-0001-724x1024.jpg 724w, https:\/\/portalraizesnoticias.com.br\/wp-content\/uploads\/2023\/04\/reis-car_page-0001-768x1086.jpg 768w, https:\/\/portalraizesnoticias.com.br\/wp-content\/uploads\/2023\/04\/reis-car_page-0001-1086x1536.jpg 1086w, https:\/\/portalraizesnoticias.com.br\/wp-content\/uploads\/2023\/04\/reis-car_page-0001.jpg 1241w\" sizes=\"(max-width: 212px) 100vw, 212px\" \/><\/p>\n<p style=\"text-align: center;\"><strong>PUBLICIDADE<\/strong><\/p>\n<p>Ao chegar, os policiais constataram a veracidade da ocorr\u00eancia e encontraram Aldo Santos Firmo, mec\u00e2nico e natural de Valente, j\u00e1 sem sinais vitais.<\/p>\n<p>Ainda de acordo com as informa\u00e7\u00f5es apuradas pelo Portal Ra\u00edzes, a v\u00edtima foi alvejada por diversos disparos de arma de fogo dentro da pr\u00f3pria oficina mec\u00e2nica, ap\u00f3s indiv\u00edduos invadirem o estabelecimento.<\/p>\n<p><img decoding=\"async\" class=\"size-medium wp-image-8289 aligncenter\" src=\"https:\/\/portalraizesnoticias.com.br\/wp-content\/uploads\/2025\/09\/IMG-20250918-WA0124-300x300.jpg\" alt=\"\" width=\"300\" height=\"300\" srcset=\"https:\/\/portalraizesnoticias.com.br\/wp-content\/uploads\/2025\/09\/IMG-20250918-WA0124-300x300.jpg 300w, https:\/\/portalraizesnoticias.com.br\/wp-content\/uploads\/2025\/09\/IMG-20250918-WA0124-150x150.jpg 150w, https:\/\/portalraizesnoticias.com.br\/wp-content\/uploads\/2025\/09\/IMG-20250918-WA0124-768x768.jpg 768w, https:\/\/portalraizesnoticias.com.br\/wp-content\/uploads\/2025\/09\/IMG-20250918-WA0124.jpg 1000w\" sizes=\"(max-width: 300px) 100vw, 300px\" \/><\/p>\n<p style=\"text-align: center;\"><strong>PUBLICIDADE<\/strong><\/p>\n<p>Ap\u00f3s o crime, os autores fugiram e at\u00e9 o momento n\u00e3o foram localizados.<\/p>\n<p>Conforme relato da genitora da v\u00edtima aos policiais, Aldo\u00a0 supostamente, estaria devendo dinheiro a agiotas, o que pode ter rela\u00e7\u00e3o com a motiva\u00e7\u00e3o do crime. No entanto, essa informa\u00e7\u00e3o ainda ser\u00e1 investigada pelas autoridades.<\/p>\n<p><img loading=\"lazy\" decoding=\"async\" class=\"size-medium wp-image-8006 aligncenter\" src=\"https:\/\/portalraizesnoticias.com.br\/wp-content\/uploads\/2025\/09\/IMG-20250902-WA0020-300x296.jpg\" alt=\"\" width=\"300\" height=\"296\" srcset=\"https:\/\/portalraizesnoticias.com.br\/wp-content\/uploads\/2025\/09\/IMG-20250902-WA0020-300x296.jpg 300w, https:\/\/portalraizesnoticias.com.br\/wp-content\/uploads\/2025\/09\/IMG-20250902-WA0020-1024x1009.jpg 1024w, https:\/\/portalraizesnoticias.com.br\/wp-content\/uploads\/2025\/09\/IMG-20250902-WA0020-768x757.jpg 768w, https:\/\/portalraizesnoticias.com.br\/wp-content\/uploads\/2025\/09\/IMG-20250902-WA0020.jpg 1080w\" sizes=\"(max-width: 300px) 100vw, 300px\" \/><\/p>\n<p style=\"text-align: center;\"><strong>PUBLICIDADE<\/strong><\/p>\n<p>O Departamento de Pol\u00edcia T\u00e9cnica (DPT) foi acionado para realizar a per\u00edcia e fazer a remo\u00e7\u00e3o do corpo.<\/p>\n<p>O caso deve ser investigado pela Delegacia Territorial de Valente, que ir\u00e1 apurar a autoria e as circunst\u00e2ncias do homic\u00eddio.<\/p>\n<p>Reda\u00e7\u00e3o<\/p>\n<p>Foto: Ilustra\u00e7\u00e3o<\/p>\n","protected":false},"excerpt":{"rendered":"<p>Um homic\u00eddio foi registrado na tarde desta segunda-feira (9), na Rua Joanita Lopes, no munic\u00edpio de Valente, na regi\u00e3o sisaleira. Este \u00e9 o primeiro homic\u00eddio registrado na cidade ap\u00f3s quase dois anos. O \u00faltimo caso havia ocorrido em 7 de setembro de 2024. Segundo informa\u00e7\u00f5es obtidas pelo Portal Ra\u00edzes junto \u00e0 Pol\u00edcia Militar, a guarni\u00e7\u00e3o foi acionada por volta das 12h ap\u00f3s relatos de disparos de arma de fogo no local. PUBLICIDADE Ao chegar, os policiais constataram a veracidade da ocorr\u00eancia e encontraram Aldo Santos Firmo, mec\u00e2nico e natural de Valente, j\u00e1 sem sinais vitais. Ainda de acordo com as informa\u00e7\u00f5es apuradas pelo Portal Ra\u00edzes, a v\u00edtima foi alvejada por diversos disparos de arma de fogo dentro da pr\u00f3pria oficina mec\u00e2nica, ap\u00f3s indiv\u00edduos invadirem o estabelecimento. PUBLICIDADE Ap\u00f3s o crime, os autores fugiram e at\u00e9 o momento n\u00e3o foram localizados. Conforme relato da genitora da v\u00edtima aos policiais, Aldo\u00a0 supostamente, estaria devendo dinheiro a agiotas, o que pode ter rela\u00e7\u00e3o com a motiva\u00e7\u00e3o do crime. No entanto, essa informa\u00e7\u00e3o ainda ser\u00e1 investigada pelas autoridades. PUBLICIDADE O Departamento de Pol\u00edcia T\u00e9cnica (DPT) foi acionado para realizar a per\u00edcia e fazer a remo\u00e7\u00e3o do corpo. O caso deve ser investigado pela Delegacia Territorial de Valente, que ir\u00e1 apurar a autoria e as circunst\u00e2ncias do homic\u00eddio. Reda\u00e7\u00e3o Foto: Ilustra\u00e7\u00e3o<\/p>\n","protected":false},"author":3,"featured_media":11817,"comment_status":"open","ping_status":"open","sticky":false,"template":"","format":"standard","meta":{"_joinchat":[],"footnotes":""},"categories":[55,67,59],"tags":[798,430],"class_list":["post-11815","post","type-post","status-publish","format-standard","has-post-thumbnail","hentry","category-destaques","category-policia","category-ultimas-noticias","tag-homicidio","tag-valente"],"yoast_head":"<!-- This site is optimized with the Yoast SEO plugin v24.4 - https:\/\/yoast.com\/wordpress\/plugins\/seo\/ -->\n<title>Mec\u00e2nico \u00e9 morto a tiros dentro de oficina em Valente; suspeita \u00e9 de d\u00edvida com agiotas - Portal raizes noticias<\/title>\n<meta name=\"robots\" content=\"index, follow, max-snippet:-1, max-image-preview:large, max-video-preview:-1\" \/>\n<link rel=\"canonical\" href=\"https:\/\/portalraizesnoticias.com.br\/?p=11815\" \/>\n<meta property=\"og:locale\" content=\"pt_BR\" \/>\n<meta property=\"og:type\" content=\"article\" \/>\n<meta property=\"og:title\" content=\"Mec\u00e2nico \u00e9 morto a tiros dentro de oficina em Valente; suspeita \u00e9 de d\u00edvida com agiotas - Portal raizes noticias\" \/>\n<meta property=\"og:description\" content=\"Um homic\u00eddio foi registrado na tarde desta segunda-feira (9), na Rua Joanita Lopes, no munic\u00edpio de Valente, na regi\u00e3o sisaleira. Este \u00e9 o primeiro homic\u00eddio registrado na cidade ap\u00f3s quase dois anos. O \u00faltimo caso havia ocorrido em 7 de setembro de 2024. Segundo informa\u00e7\u00f5es obtidas pelo Portal Ra\u00edzes junto \u00e0 Pol\u00edcia Militar, a guarni\u00e7\u00e3o foi acionada por volta das 12h ap\u00f3s relatos de disparos de arma de fogo no local. PUBLICIDADE Ao chegar, os policiais constataram a veracidade da ocorr\u00eancia e encontraram Aldo Santos Firmo, mec\u00e2nico e natural de Valente, j\u00e1 sem sinais vitais. Ainda de acordo com as informa\u00e7\u00f5es apuradas pelo Portal Ra\u00edzes, a v\u00edtima foi alvejada por diversos disparos de arma de fogo dentro da pr\u00f3pria oficina mec\u00e2nica, ap\u00f3s indiv\u00edduos invadirem o estabelecimento. PUBLICIDADE Ap\u00f3s o crime, os autores fugiram e at\u00e9 o momento n\u00e3o foram localizados. Conforme relato da genitora da v\u00edtima aos policiais, Aldo\u00a0 supostamente, estaria devendo dinheiro a agiotas, o que pode ter rela\u00e7\u00e3o com a motiva\u00e7\u00e3o do crime. No entanto, essa informa\u00e7\u00e3o ainda ser\u00e1 investigada pelas autoridades. PUBLICIDADE O Departamento de Pol\u00edcia T\u00e9cnica (DPT) foi acionado para realizar a per\u00edcia e fazer a remo\u00e7\u00e3o do corpo. O caso deve ser investigado pela Delegacia Territorial de Valente, que ir\u00e1 apurar a autoria e as circunst\u00e2ncias do homic\u00eddio. Reda\u00e7\u00e3o Foto: Ilustra\u00e7\u00e3o\" \/>\n<meta property=\"og:url\" content=\"https:\/\/portalraizesnoticias.com.br\/?p=11815\" \/>\n<meta property=\"og:site_name\" content=\"Portal raizes noticias\" \/>\n<meta property=\"article:published_time\" content=\"2026-03-09T17:35:49+00:00\" \/>\n<meta property=\"article:modified_time\" content=\"2026-03-09T20:28:58+00:00\" \/>\n<meta property=\"og:image\" content=\"https:\/\/portalraizesnoticias.com.br\/wp-content\/uploads\/2026\/03\/IMG-20260309-WA0276.jpg\" \/>\n\t<meta property=\"og:image:width\" content=\"1042\" \/>\n\t<meta property=\"og:image:height\" content=\"571\" \/>\n\t<meta property=\"og:image:type\" content=\"image\/jpeg\" \/>\n<meta name=\"author\" content=\"Portal Raizes\" \/>\n<meta name=\"twitter:card\" content=\"summary_large_image\" \/>\n<meta name=\"twitter:label1\" content=\"Escrito por\" \/>\n\t<meta name=\"twitter:data1\" content=\"Portal Raizes\" \/>\n\t<meta name=\"twitter:label2\" content=\"Est. tempo de leitura\" \/>\n\t<meta name=\"twitter:data2\" content=\"3 minutos\" \/>\n<script type=\"application\/ld+json\" class=\"yoast-schema-graph\">{\"@context\":\"https:\/\/schema.org\",\"@graph\":[{\"@type\":\"Article\",\"@id\":\"https:\/\/portalraizesnoticias.com.br\/?p=11815#article\",\"isPartOf\":{\"@id\":\"https:\/\/portalraizesnoticias.com.br\/?p=11815\"},\"author\":{\"name\":\"Portal Raizes\",\"@id\":\"https:\/\/portalraizesnoticias.com.br\/#\/schema\/person\/a3ca6b0fc701e78df19756c417d943ae\"},\"headline\":\"Mec\u00e2nico \u00e9 morto a tiros dentro de oficina em Valente; suspeita \u00e9 de d\u00edvida com agiotas\",\"datePublished\":\"2026-03-09T17:35:49+00:00\",\"dateModified\":\"2026-03-09T20:28:58+00:00\",\"mainEntityOfPage\":{\"@id\":\"https:\/\/portalraizesnoticias.com.br\/?p=11815\"},\"wordCount\":260,\"commentCount\":0,\"publisher\":{\"@id\":\"https:\/\/portalraizesnoticias.com.br\/#organization\"},\"image\":{\"@id\":\"https:\/\/portalraizesnoticias.com.br\/?p=11815#primaryimage\"},\"thumbnailUrl\":\"https:\/\/portalraizesnoticias.com.br\/wp-content\/uploads\/2026\/03\/IMG-20260309-WA0276.jpg\",\"keywords\":[\"Homic\u00eddio\",\"Valente\"],\"articleSection\":[\"DESTAQUES\",\"POLICIA\",\"ULTIMAS NOTICIAS\"],\"inLanguage\":\"pt-BR\",\"potentialAction\":[{\"@type\":\"CommentAction\",\"name\":\"Comment\",\"target\":[\"https:\/\/portalraizesnoticias.com.br\/?p=11815#respond\"]}]},{\"@type\":\"WebPage\",\"@id\":\"https:\/\/portalraizesnoticias.com.br\/?p=11815\",\"url\":\"https:\/\/portalraizesnoticias.com.br\/?p=11815\",\"name\":\"Mec\u00e2nico \u00e9 morto a tiros dentro de oficina em Valente; suspeita \u00e9 de d\u00edvida com agiotas - Portal raizes noticias\",\"isPartOf\":{\"@id\":\"https:\/\/portalraizesnoticias.com.br\/#website\"},\"primaryImageOfPage\":{\"@id\":\"https:\/\/portalraizesnoticias.com.br\/?p=11815#primaryimage\"},\"image\":{\"@id\":\"https:\/\/portalraizesnoticias.com.br\/?p=11815#primaryimage\"},\"thumbnailUrl\":\"https:\/\/portalraizesnoticias.com.br\/wp-content\/uploads\/2026\/03\/IMG-20260309-WA0276.jpg\",\"datePublished\":\"2026-03-09T17:35:49+00:00\",\"dateModified\":\"2026-03-09T20:28:58+00:00\",\"breadcrumb\":{\"@id\":\"https:\/\/portalraizesnoticias.com.br\/?p=11815#breadcrumb\"},\"inLanguage\":\"pt-BR\",\"potentialAction\":[{\"@type\":\"ReadAction\",\"target\":[\"https:\/\/portalraizesnoticias.com.br\/?p=11815\"]}]},{\"@type\":\"ImageObject\",\"inLanguage\":\"pt-BR\",\"@id\":\"https:\/\/portalraizesnoticias.com.br\/?p=11815#primaryimage\",\"url\":\"https:\/\/portalraizesnoticias.com.br\/wp-content\/uploads\/2026\/03\/IMG-20260309-WA0276.jpg\",\"contentUrl\":\"https:\/\/portalraizesnoticias.com.br\/wp-content\/uploads\/2026\/03\/IMG-20260309-WA0276.jpg\",\"width\":1042,\"height\":571},{\"@type\":\"BreadcrumbList\",\"@id\":\"https:\/\/portalraizesnoticias.com.br\/?p=11815#breadcrumb\",\"itemListElement\":[{\"@type\":\"ListItem\",\"position\":1,\"name\":\"In\u00edcio\",\"item\":\"https:\/\/portalraizesnoticias.com.br\/\"},{\"@type\":\"ListItem\",\"position\":2,\"name\":\"Mec\u00e2nico \u00e9 morto a tiros dentro de oficina em Valente; suspeita \u00e9 de d\u00edvida com agiotas\"}]},{\"@type\":\"WebSite\",\"@id\":\"https:\/\/portalraizesnoticias.com.br\/#website\",\"url\":\"https:\/\/portalraizesnoticias.com.br\/\",\"name\":\"Portal raizes NOTICIAS\",\"description\":\"site de noticias de concei\u00e7\u00e3o do coit\u00e9 e regi\u00e3o\",\"publisher\":{\"@id\":\"https:\/\/portalraizesnoticias.com.br\/#organization\"},\"alternateName\":\"PORTAL RAIZES COIT\u00c9\",\"potentialAction\":[{\"@type\":\"SearchAction\",\"target\":{\"@type\":\"EntryPoint\",\"urlTemplate\":\"https:\/\/portalraizesnoticias.com.br\/?s={search_term_string}\"},\"query-input\":{\"@type\":\"PropertyValueSpecification\",\"valueRequired\":true,\"valueName\":\"search_term_string\"}}],\"inLanguage\":\"pt-BR\"},{\"@type\":\"Organization\",\"@id\":\"https:\/\/portalraizesnoticias.com.br\/#organization\",\"name\":\"Portal raizes NOTICIAS\",\"url\":\"https:\/\/portalraizesnoticias.com.br\/\",\"logo\":{\"@type\":\"ImageObject\",\"inLanguage\":\"pt-BR\",\"@id\":\"https:\/\/portalraizesnoticias.com.br\/#\/schema\/logo\/image\/\",\"url\":\"https:\/\/portalraizesnoticias.com.br\/wp-content\/uploads\/2024\/09\/cropped-Captura-de-tela-2024-09-08-011108.png\",\"contentUrl\":\"https:\/\/portalraizesnoticias.com.br\/wp-content\/uploads\/2024\/09\/cropped-Captura-de-tela-2024-09-08-011108.png\",\"width\":606,\"height\":173,\"caption\":\"Portal raizes NOTICIAS\"},\"image\":{\"@id\":\"https:\/\/portalraizesnoticias.com.br\/#\/schema\/logo\/image\/\"}},{\"@type\":\"Person\",\"@id\":\"https:\/\/portalraizesnoticias.com.br\/#\/schema\/person\/a3ca6b0fc701e78df19756c417d943ae\",\"name\":\"Portal Raizes\",\"image\":{\"@type\":\"ImageObject\",\"inLanguage\":\"pt-BR\",\"@id\":\"https:\/\/portalraizesnoticias.com.br\/#\/schema\/person\/image\/\",\"url\":\"https:\/\/secure.gravatar.com\/avatar\/ef450d29013a3d3fba867a12a249d7b1?s=96&d=mm&r=g\",\"contentUrl\":\"https:\/\/secure.gravatar.com\/avatar\/ef450d29013a3d3fba867a12a249d7b1?s=96&d=mm&r=g\",\"caption\":\"Portal Raizes\"},\"url\":\"https:\/\/portalraizesnoticias.com.br\/?author=3\"}]}<\/script>\n<!-- \/ Yoast SEO plugin. -->","yoast_head_json":{"title":"Mec\u00e2nico \u00e9 morto a tiros dentro de oficina em Valente; suspeita \u00e9 de d\u00edvida com agiotas - Portal raizes noticias","robots":{"index":"index","follow":"follow","max-snippet":"max-snippet:-1","max-image-preview":"max-image-preview:large","max-video-preview":"max-video-preview:-1"},"canonical":"https:\/\/portalraizesnoticias.com.br\/?p=11815","og_locale":"pt_BR","og_type":"article","og_title":"Mec\u00e2nico \u00e9 morto a tiros dentro de oficina em Valente; suspeita \u00e9 de d\u00edvida com agiotas - Portal raizes noticias","og_description":"Um homic\u00eddio foi registrado na tarde desta segunda-feira (9), na Rua Joanita Lopes, no munic\u00edpio de Valente, na regi\u00e3o sisaleira. Este \u00e9 o primeiro homic\u00eddio registrado na cidade ap\u00f3s quase dois anos. O \u00faltimo caso havia ocorrido em 7 de setembro de 2024. Segundo informa\u00e7\u00f5es obtidas pelo Portal Ra\u00edzes junto \u00e0 Pol\u00edcia Militar, a guarni\u00e7\u00e3o foi acionada por volta das 12h ap\u00f3s relatos de disparos de arma de fogo no local. PUBLICIDADE Ao chegar, os policiais constataram a veracidade da ocorr\u00eancia e encontraram Aldo Santos Firmo, mec\u00e2nico e natural de Valente, j\u00e1 sem sinais vitais. Ainda de acordo com as informa\u00e7\u00f5es apuradas pelo Portal Ra\u00edzes, a v\u00edtima foi alvejada por diversos disparos de arma de fogo dentro da pr\u00f3pria oficina mec\u00e2nica, ap\u00f3s indiv\u00edduos invadirem o estabelecimento. PUBLICIDADE Ap\u00f3s o crime, os autores fugiram e at\u00e9 o momento n\u00e3o foram localizados. Conforme relato da genitora da v\u00edtima aos policiais, Aldo\u00a0 supostamente, estaria devendo dinheiro a agiotas, o que pode ter rela\u00e7\u00e3o com a motiva\u00e7\u00e3o do crime. No entanto, essa informa\u00e7\u00e3o ainda ser\u00e1 investigada pelas autoridades. PUBLICIDADE O Departamento de Pol\u00edcia T\u00e9cnica (DPT) foi acionado para realizar a per\u00edcia e fazer a remo\u00e7\u00e3o do corpo. O caso deve ser investigado pela Delegacia Territorial de Valente, que ir\u00e1 apurar a autoria e as circunst\u00e2ncias do homic\u00eddio. Reda\u00e7\u00e3o Foto: Ilustra\u00e7\u00e3o","og_url":"https:\/\/portalraizesnoticias.com.br\/?p=11815","og_site_name":"Portal raizes noticias","article_published_time":"2026-03-09T17:35:49+00:00","article_modified_time":"2026-03-09T20:28:58+00:00","og_image":[{"width":1042,"height":571,"url":"https:\/\/portalraizesnoticias.com.br\/wp-content\/uploads\/2026\/03\/IMG-20260309-WA0276.jpg","type":"image\/jpeg"}],"author":"Portal Raizes","twitter_card":"summary_large_image","twitter_misc":{"Escrito por":"Portal Raizes","Est. tempo de leitura":"3 minutos"},"schema":{"@context":"https:\/\/schema.org","@graph":[{"@type":"Article","@id":"https:\/\/portalraizesnoticias.com.br\/?p=11815#article","isPartOf":{"@id":"https:\/\/portalraizesnoticias.com.br\/?p=11815"},"author":{"name":"Portal Raizes","@id":"https:\/\/portalraizesnoticias.com.br\/#\/schema\/person\/a3ca6b0fc701e78df19756c417d943ae"},"headline":"Mec\u00e2nico \u00e9 morto a tiros dentro de oficina em Valente; suspeita \u00e9 de d\u00edvida com agiotas","datePublished":"2026-03-09T17:35:49+00:00","dateModified":"2026-03-09T20:28:58+00:00","mainEntityOfPage":{"@id":"https:\/\/portalraizesnoticias.com.br\/?p=11815"},"wordCount":260,"commentCount":0,"publisher":{"@id":"https:\/\/portalraizesnoticias.com.br\/#organization"},"image":{"@id":"https:\/\/portalraizesnoticias.com.br\/?p=11815#primaryimage"},"thumbnailUrl":"https:\/\/portalraizesnoticias.com.br\/wp-content\/uploads\/2026\/03\/IMG-20260309-WA0276.jpg","keywords":["Homic\u00eddio","Valente"],"articleSection":["DESTAQUES","POLICIA","ULTIMAS NOTICIAS"],"inLanguage":"pt-BR","potentialAction":[{"@type":"CommentAction","name":"Comment","target":["https:\/\/portalraizesnoticias.com.br\/?p=11815#respond"]}]},{"@type":"WebPage","@id":"https:\/\/portalraizesnoticias.com.br\/?p=11815","url":"https:\/\/portalraizesnoticias.com.br\/?p=11815","name":"Mec\u00e2nico \u00e9 morto a tiros dentro de oficina em Valente; suspeita \u00e9 de d\u00edvida com agiotas - Portal raizes noticias","isPartOf":{"@id":"https:\/\/portalraizesnoticias.com.br\/#website"},"primaryImageOfPage":{"@id":"https:\/\/portalraizesnoticias.com.br\/?p=11815#primaryimage"},"image":{"@id":"https:\/\/portalraizesnoticias.com.br\/?p=11815#primaryimage"},"thumbnailUrl":"https:\/\/portalraizesnoticias.com.br\/wp-content\/uploads\/2026\/03\/IMG-20260309-WA0276.jpg","datePublished":"2026-03-09T17:35:49+00:00","dateModified":"2026-03-09T20:28:58+00:00","breadcrumb":{"@id":"https:\/\/portalraizesnoticias.com.br\/?p=11815#breadcrumb"},"inLanguage":"pt-BR","potentialAction":[{"@type":"ReadAction","target":["https:\/\/portalraizesnoticias.com.br\/?p=11815"]}]},{"@type":"ImageObject","inLanguage":"pt-BR","@id":"https:\/\/portalraizesnoticias.com.br\/?p=11815#primaryimage","url":"https:\/\/portalraizesnoticias.com.br\/wp-content\/uploads\/2026\/03\/IMG-20260309-WA0276.jpg","contentUrl":"https:\/\/portalraizesnoticias.com.br\/wp-content\/uploads\/2026\/03\/IMG-20260309-WA0276.jpg","width":1042,"height":571},{"@type":"BreadcrumbList","@id":"https:\/\/portalraizesnoticias.com.br\/?p=11815#breadcrumb","itemListElement":[{"@type":"ListItem","position":1,"name":"In\u00edcio","item":"https:\/\/portalraizesnoticias.com.br\/"},{"@type":"ListItem","position":2,"name":"Mec\u00e2nico \u00e9 morto a tiros dentro de oficina em Valente; suspeita \u00e9 de d\u00edvida com agiotas"}]},{"@type":"WebSite","@id":"https:\/\/portalraizesnoticias.com.br\/#website","url":"https:\/\/portalraizesnoticias.com.br\/","name":"Portal raizes NOTICIAS","description":"site de noticias de concei\u00e7\u00e3o do coit\u00e9 e regi\u00e3o","publisher":{"@id":"https:\/\/portalraizesnoticias.com.br\/#organization"},"alternateName":"PORTAL RAIZES COIT\u00c9","potentialAction":[{"@type":"SearchAction","target":{"@type":"EntryPoint","urlTemplate":"https:\/\/portalraizesnoticias.com.br\/?s={search_term_string}"},"query-input":{"@type":"PropertyValueSpecification","valueRequired":true,"valueName":"search_term_string"}}],"inLanguage":"pt-BR"},{"@type":"Organization","@id":"https:\/\/portalraizesnoticias.com.br\/#organization","name":"Portal raizes NOTICIAS","url":"https:\/\/portalraizesnoticias.com.br\/","logo":{"@type":"ImageObject","inLanguage":"pt-BR","@id":"https:\/\/portalraizesnoticias.com.br\/#\/schema\/logo\/image\/","url":"https:\/\/portalraizesnoticias.com.br\/wp-content\/uploads\/2024\/09\/cropped-Captura-de-tela-2024-09-08-011108.png","contentUrl":"https:\/\/portalraizesnoticias.com.br\/wp-content\/uploads\/2024\/09\/cropped-Captura-de-tela-2024-09-08-011108.png","width":606,"height":173,"caption":"Portal raizes NOTICIAS"},"image":{"@id":"https:\/\/portalraizesnoticias.com.br\/#\/schema\/logo\/image\/"}},{"@type":"Person","@id":"https:\/\/portalraizesnoticias.com.br\/#\/schema\/person\/a3ca6b0fc701e78df19756c417d943ae","name":"Portal Raizes","image":{"@type":"ImageObject","inLanguage":"pt-BR","@id":"https:\/\/portalraizesnoticias.com.br\/#\/schema\/person\/image\/","url":"https:\/\/secure.gravatar.com\/avatar\/ef450d29013a3d3fba867a12a249d7b1?s=96&d=mm&r=g","contentUrl":"https:\/\/secure.gravatar.com\/avatar\/ef450d29013a3d3fba867a12a249d7b1?s=96&d=mm&r=g","caption":"Portal Raizes"},"url":"https:\/\/portalraizesnoticias.com.br\/?author=3"}]}},"_links":{"self":[{"href":"https:\/\/portalraizesnoticias.com.br\/index.php?rest_route=\/wp\/v2\/posts\/11815"}],"collection":[{"href":"https:\/\/portalraizesnoticias.com.br\/index.php?rest_route=\/wp\/v2\/posts"}],"about":[{"href":"https:\/\/portalraizesnoticias.com.br\/index.php?rest_route=\/wp\/v2\/types\/post"}],"author":[{"embeddable":true,"href":"https:\/\/portalraizesnoticias.com.br\/index.php?rest_route=\/wp\/v2\/users\/3"}],"replies":[{"embeddable":true,"href":"https:\/\/portalraizesnoticias.com.br\/index.php?rest_route=%2Fwp%2Fv2%2Fcomments&post=11815"}],"version-history":[{"count":3,"href":"https:\/\/portalraizesnoticias.com.br\/index.php?rest_route=\/wp\/v2\/posts\/11815\/revisions"}],"predecessor-version":[{"id":11821,"href":"https:\/\/portalraizesnoticias.com.br\/index.php?rest_route=\/wp\/v2\/posts\/11815\/revisions\/11821"}],"wp:featuredmedia":[{"embeddable":true,"href":"https:\/\/portalraizesnoticias.com.br\/index.php?rest_route=\/wp\/v2\/media\/11817"}],"wp:attachment":[{"href":"https:\/\/portalraizesnoticias.com.br\/index.php?rest_route=%2Fwp%2Fv2%2Fmedia&parent=11815"}],"wp:term":[{"taxonomy":"category","embeddable":true,"href":"https:\/\/portalraizesnoticias.com.br\/index.php?rest_route=%2Fwp%2Fv2%2Fcategories&post=11815"},{"taxonomy":"post_tag","embeddable":true,"href":"https:\/\/portalraizesnoticias.com.br\/index.php?rest_route=%2Fwp%2Fv2%2Ftags&post=11815"}],"curies":[{"name":"wp","href":"https:\/\/api.w.org\/{rel}","templated":true}]}}