{"id":11696,"date":"2026-03-05T09:22:36","date_gmt":"2026-03-05T12:22:36","guid":{"rendered":"https:\/\/portalraizesnoticias.com.br\/?p=11696"},"modified":"2026-03-05T09:26:59","modified_gmt":"2026-03-05T12:26:59","slug":"bahia-ganha-primeira-residencia-multiprofissional-em-neonatologia-veja-detalhes","status":"publish","type":"post","link":"https:\/\/portalraizesnoticias.com.br\/?p=11696","title":{"rendered":"Bahia ganha primeira resid\u00eancia multiprofissional em Neonatologia; veja detalhes"},"content":{"rendered":"\n<p>O&nbsp;<strong>Hospital Estadual da Crian\u00e7a (HEC),<\/strong>&nbsp;em Feira de Santana, iniciou nesta segunda-feira (2) as atividades de suas turmas de resid\u00eancia para 2026. O marco do novo ciclo \u00e9 a implanta\u00e7\u00e3o do&nbsp;<strong>primeiro programa multiprofissional focado exclusivamente em Neonatologia da Bahia.<\/strong>&nbsp;Ao todo, a unidade de sa\u00fade, que atende exclusivamente pelo SUS, absorveu&nbsp;<strong>35 novos profissionais<\/strong>&nbsp;para especializa\u00e7\u00e3o.<\/p>\n\n\n\n<p>O ineditismo do formato multiprofissional busca&nbsp;<strong>qualificar o atendimento a rec\u00e9m-nascidos de m\u00e9dia e alta complexidade,<\/strong>&nbsp;integrando diferentes \u00e1reas da sa\u00fade no mesmo ambiente de cuidado. O treinamento funciona como uma p\u00f3s-gradua\u00e7\u00e3o sob regime de dedica\u00e7\u00e3o exclusiva, exigindo&nbsp;<strong>60 horas semanais<\/strong>&nbsp;divididas entre aulas te\u00f3ricas e a rotina pesada nos ambulat\u00f3rios, UTIs e centros cir\u00fargicos do HEC.<\/p>\n\n\n\n<figure class=\"wp-block-image size-large\"><img fetchpriority=\"high\" decoding=\"async\" width=\"1024\" height=\"683\" src=\"https:\/\/portalraizesnoticias.com.br\/wp-content\/uploads\/2026\/03\/PEIMEIRA-RESIDENCIA-MULTI-NEONATAL-1-1024x683.jpg\" alt=\"\" class=\"wp-image-11698\" srcset=\"https:\/\/portalraizesnoticias.com.br\/wp-content\/uploads\/2026\/03\/PEIMEIRA-RESIDENCIA-MULTI-NEONATAL-1-1024x683.jpg 1024w, https:\/\/portalraizesnoticias.com.br\/wp-content\/uploads\/2026\/03\/PEIMEIRA-RESIDENCIA-MULTI-NEONATAL-1-300x200.jpg 300w, https:\/\/portalraizesnoticias.com.br\/wp-content\/uploads\/2026\/03\/PEIMEIRA-RESIDENCIA-MULTI-NEONATAL-1-768x512.jpg 768w, https:\/\/portalraizesnoticias.com.br\/wp-content\/uploads\/2026\/03\/PEIMEIRA-RESIDENCIA-MULTI-NEONATAL-1-1536x1024.jpg 1536w, https:\/\/portalraizesnoticias.com.br\/wp-content\/uploads\/2026\/03\/PEIMEIRA-RESIDENCIA-MULTI-NEONATAL-1-2048x1365.jpg 2048w\" sizes=\"(max-width: 1024px) 100vw, 1024px\" \/><\/figure>\n\n\n\n<p>A iniciativa \u00e9 uma parceria com a Escola de Sa\u00fade P\u00fablica da Bahia (ESPBA) e ataca um gargalo da sa\u00fade p\u00fablica estadual: a necessidade de profissionais altamente especializados para lidar com o&nbsp;<strong>in\u00edcio da vida de beb\u00eas em estado cr\u00edtico,<\/strong>&nbsp;al\u00e9m de garantir seguran\u00e7a assistencial e parto humanizado para as m\u00e3es.<\/p>\n\n\n\n<h3 class=\"wp-block-heading\">Como ficaram divididas as 35 vagas de 2026:<\/h3>\n\n\n\n<ul class=\"wp-block-list\">\n<li><strong>Resid\u00eancia M\u00e9dica (25 vagas):<\/strong>&nbsp;20 m\u00e9dicos em Pediatria, 4 em Neonatologia e 1 em Cirurgia Pedi\u00e1trica.<\/li>\n\n\n\n<li><strong>Resid\u00eancia Multiprofissional em Aten\u00e7\u00e3o Neonatal (7 vagas):<\/strong>&nbsp;3 enfermeiros, 2 nutricionistas, 1 fisioterapeuta e 1 psic\u00f3logo.<\/li>\n\n\n\n<li><strong>Resid\u00eancia Uniprofissional (3 vagas):<\/strong>&nbsp;3 profissionais em Enfermagem Obst\u00e9trica.<\/li>\n<\/ul>\n\n\n\n<figure class=\"wp-block-image size-large\"><img decoding=\"async\" width=\"1024\" height=\"768\" src=\"https:\/\/portalraizesnoticias.com.br\/wp-content\/uploads\/2026\/03\/PEIMEIRA-RESIDENCIA-MULTI-NEONATAL-6-1024x768.jpg\" alt=\"\" class=\"wp-image-11699\" srcset=\"https:\/\/portalraizesnoticias.com.br\/wp-content\/uploads\/2026\/03\/PEIMEIRA-RESIDENCIA-MULTI-NEONATAL-6-1024x768.jpg 1024w, https:\/\/portalraizesnoticias.com.br\/wp-content\/uploads\/2026\/03\/PEIMEIRA-RESIDENCIA-MULTI-NEONATAL-6-300x225.jpg 300w, https:\/\/portalraizesnoticias.com.br\/wp-content\/uploads\/2026\/03\/PEIMEIRA-RESIDENCIA-MULTI-NEONATAL-6-768x576.jpg 768w, https:\/\/portalraizesnoticias.com.br\/wp-content\/uploads\/2026\/03\/PEIMEIRA-RESIDENCIA-MULTI-NEONATAL-6-1536x1152.jpg 1536w, https:\/\/portalraizesnoticias.com.br\/wp-content\/uploads\/2026\/03\/PEIMEIRA-RESIDENCIA-MULTI-NEONATAL-6-2048x1536.jpg 2048w\" sizes=\"(max-width: 1024px) 100vw, 1024px\" \/><\/figure>\n\n\n\n<p>aloalobahia<\/p>\n","protected":false},"excerpt":{"rendered":"<p>O&nbsp;Hospital Estadual da Crian\u00e7a (HEC),&nbsp;em Feira de Santana, iniciou nesta segunda-feira (2) as atividades de suas turmas de resid\u00eancia para 2026. O marco do novo ciclo \u00e9 a implanta\u00e7\u00e3o do&nbsp;primeiro programa multiprofissional focado exclusivamente em Neonatologia da Bahia.&nbsp;Ao todo, a unidade de sa\u00fade, que atende exclusivamente pelo SUS, absorveu&nbsp;35 novos profissionais&nbsp;para especializa\u00e7\u00e3o. O ineditismo do formato multiprofissional busca&nbsp;qualificar o atendimento a rec\u00e9m-nascidos de m\u00e9dia e alta complexidade,&nbsp;integrando diferentes \u00e1reas da sa\u00fade no mesmo ambiente de cuidado. O treinamento funciona como uma p\u00f3s-gradua\u00e7\u00e3o sob regime de dedica\u00e7\u00e3o exclusiva, exigindo&nbsp;60 horas semanais&nbsp;divididas entre aulas te\u00f3ricas e a rotina pesada nos ambulat\u00f3rios, UTIs e centros cir\u00fargicos do HEC. A iniciativa \u00e9 uma parceria com a Escola de Sa\u00fade P\u00fablica da Bahia (ESPBA) e ataca um gargalo da sa\u00fade p\u00fablica estadual: a necessidade de profissionais altamente especializados para lidar com o&nbsp;in\u00edcio da vida de beb\u00eas em estado cr\u00edtico,&nbsp;al\u00e9m de garantir seguran\u00e7a assistencial e parto humanizado para as m\u00e3es. Como ficaram divididas as 35 vagas de 2026: aloalobahia<\/p>\n","protected":false},"author":3,"featured_media":11697,"comment_status":"open","ping_status":"open","sticky":false,"template":"","format":"standard","meta":{"_joinchat":[],"footnotes":""},"categories":[86,59],"tags":[],"class_list":["post-11696","post","type-post","status-publish","format-standard","has-post-thumbnail","hentry","category-saude","category-ultimas-noticias"],"yoast_head":"<!-- This site is optimized with the Yoast SEO plugin v24.4 - https:\/\/yoast.com\/wordpress\/plugins\/seo\/ -->\n<title>Bahia ganha primeira resid\u00eancia multiprofissional em Neonatologia; veja detalhes - Portal raizes noticias<\/title>\n<meta name=\"robots\" content=\"index, follow, max-snippet:-1, max-image-preview:large, max-video-preview:-1\" \/>\n<link rel=\"canonical\" href=\"https:\/\/portalraizesnoticias.com.br\/?p=11696\" \/>\n<meta property=\"og:locale\" content=\"pt_BR\" \/>\n<meta property=\"og:type\" content=\"article\" \/>\n<meta property=\"og:title\" content=\"Bahia ganha primeira resid\u00eancia multiprofissional em Neonatologia; veja detalhes - Portal raizes noticias\" \/>\n<meta property=\"og:description\" content=\"O&nbsp;Hospital Estadual da Crian\u00e7a (HEC),&nbsp;em Feira de Santana, iniciou nesta segunda-feira (2) as atividades de suas turmas de resid\u00eancia para 2026. O marco do novo ciclo \u00e9 a implanta\u00e7\u00e3o do&nbsp;primeiro programa multiprofissional focado exclusivamente em Neonatologia da Bahia.&nbsp;Ao todo, a unidade de sa\u00fade, que atende exclusivamente pelo SUS, absorveu&nbsp;35 novos profissionais&nbsp;para especializa\u00e7\u00e3o. O ineditismo do formato multiprofissional busca&nbsp;qualificar o atendimento a rec\u00e9m-nascidos de m\u00e9dia e alta complexidade,&nbsp;integrando diferentes \u00e1reas da sa\u00fade no mesmo ambiente de cuidado. O treinamento funciona como uma p\u00f3s-gradua\u00e7\u00e3o sob regime de dedica\u00e7\u00e3o exclusiva, exigindo&nbsp;60 horas semanais&nbsp;divididas entre aulas te\u00f3ricas e a rotina pesada nos ambulat\u00f3rios, UTIs e centros cir\u00fargicos do HEC. A iniciativa \u00e9 uma parceria com a Escola de Sa\u00fade P\u00fablica da Bahia (ESPBA) e ataca um gargalo da sa\u00fade p\u00fablica estadual: a necessidade de profissionais altamente especializados para lidar com o&nbsp;in\u00edcio da vida de beb\u00eas em estado cr\u00edtico,&nbsp;al\u00e9m de garantir seguran\u00e7a assistencial e parto humanizado para as m\u00e3es. Como ficaram divididas as 35 vagas de 2026: aloalobahia\" \/>\n<meta property=\"og:url\" content=\"https:\/\/portalraizesnoticias.com.br\/?p=11696\" \/>\n<meta property=\"og:site_name\" content=\"Portal raizes noticias\" \/>\n<meta property=\"article:published_time\" content=\"2026-03-05T12:22:36+00:00\" \/>\n<meta property=\"article:modified_time\" content=\"2026-03-05T12:26:59+00:00\" \/>\n<meta property=\"og:image\" content=\"https:\/\/portalraizesnoticias.com.br\/wp-content\/uploads\/2026\/03\/CAPA-scaled.jpg\" \/>\n\t<meta property=\"og:image:width\" content=\"2560\" \/>\n\t<meta property=\"og:image:height\" content=\"1707\" \/>\n\t<meta property=\"og:image:type\" content=\"image\/jpeg\" \/>\n<meta name=\"author\" content=\"Portal Raizes\" \/>\n<meta name=\"twitter:card\" content=\"summary_large_image\" \/>\n<meta name=\"twitter:label1\" content=\"Escrito por\" \/>\n\t<meta name=\"twitter:data1\" content=\"Portal Raizes\" \/>\n\t<meta name=\"twitter:label2\" content=\"Est. tempo de leitura\" \/>\n\t<meta name=\"twitter:data2\" content=\"2 minutos\" \/>\n<script type=\"application\/ld+json\" class=\"yoast-schema-graph\">{\"@context\":\"https:\/\/schema.org\",\"@graph\":[{\"@type\":\"Article\",\"@id\":\"https:\/\/portalraizesnoticias.com.br\/?p=11696#article\",\"isPartOf\":{\"@id\":\"https:\/\/portalraizesnoticias.com.br\/?p=11696\"},\"author\":{\"name\":\"Portal Raizes\",\"@id\":\"https:\/\/portalraizesnoticias.com.br\/#\/schema\/person\/a3ca6b0fc701e78df19756c417d943ae\"},\"headline\":\"Bahia ganha primeira resid\u00eancia multiprofissional em Neonatologia; veja detalhes\",\"datePublished\":\"2026-03-05T12:22:36+00:00\",\"dateModified\":\"2026-03-05T12:26:59+00:00\",\"mainEntityOfPage\":{\"@id\":\"https:\/\/portalraizesnoticias.com.br\/?p=11696\"},\"wordCount\":255,\"commentCount\":0,\"publisher\":{\"@id\":\"https:\/\/portalraizesnoticias.com.br\/#organization\"},\"image\":{\"@id\":\"https:\/\/portalraizesnoticias.com.br\/?p=11696#primaryimage\"},\"thumbnailUrl\":\"https:\/\/portalraizesnoticias.com.br\/wp-content\/uploads\/2026\/03\/CAPA-scaled.jpg\",\"articleSection\":[\"SA\u00daDE\",\"ULTIMAS NOTICIAS\"],\"inLanguage\":\"pt-BR\",\"potentialAction\":[{\"@type\":\"CommentAction\",\"name\":\"Comment\",\"target\":[\"https:\/\/portalraizesnoticias.com.br\/?p=11696#respond\"]}]},{\"@type\":\"WebPage\",\"@id\":\"https:\/\/portalraizesnoticias.com.br\/?p=11696\",\"url\":\"https:\/\/portalraizesnoticias.com.br\/?p=11696\",\"name\":\"Bahia ganha primeira resid\u00eancia multiprofissional em Neonatologia; veja detalhes - Portal raizes noticias\",\"isPartOf\":{\"@id\":\"https:\/\/portalraizesnoticias.com.br\/#website\"},\"primaryImageOfPage\":{\"@id\":\"https:\/\/portalraizesnoticias.com.br\/?p=11696#primaryimage\"},\"image\":{\"@id\":\"https:\/\/portalraizesnoticias.com.br\/?p=11696#primaryimage\"},\"thumbnailUrl\":\"https:\/\/portalraizesnoticias.com.br\/wp-content\/uploads\/2026\/03\/CAPA-scaled.jpg\",\"datePublished\":\"2026-03-05T12:22:36+00:00\",\"dateModified\":\"2026-03-05T12:26:59+00:00\",\"breadcrumb\":{\"@id\":\"https:\/\/portalraizesnoticias.com.br\/?p=11696#breadcrumb\"},\"inLanguage\":\"pt-BR\",\"potentialAction\":[{\"@type\":\"ReadAction\",\"target\":[\"https:\/\/portalraizesnoticias.com.br\/?p=11696\"]}]},{\"@type\":\"ImageObject\",\"inLanguage\":\"pt-BR\",\"@id\":\"https:\/\/portalraizesnoticias.com.br\/?p=11696#primaryimage\",\"url\":\"https:\/\/portalraizesnoticias.com.br\/wp-content\/uploads\/2026\/03\/CAPA-scaled.jpg\",\"contentUrl\":\"https:\/\/portalraizesnoticias.com.br\/wp-content\/uploads\/2026\/03\/CAPA-scaled.jpg\",\"width\":2560,\"height\":1707},{\"@type\":\"BreadcrumbList\",\"@id\":\"https:\/\/portalraizesnoticias.com.br\/?p=11696#breadcrumb\",\"itemListElement\":[{\"@type\":\"ListItem\",\"position\":1,\"name\":\"In\u00edcio\",\"item\":\"https:\/\/portalraizesnoticias.com.br\/\"},{\"@type\":\"ListItem\",\"position\":2,\"name\":\"Bahia ganha primeira resid\u00eancia multiprofissional em Neonatologia; veja detalhes\"}]},{\"@type\":\"WebSite\",\"@id\":\"https:\/\/portalraizesnoticias.com.br\/#website\",\"url\":\"https:\/\/portalraizesnoticias.com.br\/\",\"name\":\"Portal raizes NOTICIAS\",\"description\":\"site de noticias de concei\u00e7\u00e3o do coit\u00e9 e regi\u00e3o\",\"publisher\":{\"@id\":\"https:\/\/portalraizesnoticias.com.br\/#organization\"},\"alternateName\":\"PORTAL RAIZES COIT\u00c9\",\"potentialAction\":[{\"@type\":\"SearchAction\",\"target\":{\"@type\":\"EntryPoint\",\"urlTemplate\":\"https:\/\/portalraizesnoticias.com.br\/?s={search_term_string}\"},\"query-input\":{\"@type\":\"PropertyValueSpecification\",\"valueRequired\":true,\"valueName\":\"search_term_string\"}}],\"inLanguage\":\"pt-BR\"},{\"@type\":\"Organization\",\"@id\":\"https:\/\/portalraizesnoticias.com.br\/#organization\",\"name\":\"Portal raizes NOTICIAS\",\"url\":\"https:\/\/portalraizesnoticias.com.br\/\",\"logo\":{\"@type\":\"ImageObject\",\"inLanguage\":\"pt-BR\",\"@id\":\"https:\/\/portalraizesnoticias.com.br\/#\/schema\/logo\/image\/\",\"url\":\"https:\/\/portalraizesnoticias.com.br\/wp-content\/uploads\/2024\/09\/cropped-Captura-de-tela-2024-09-08-011108.png\",\"contentUrl\":\"https:\/\/portalraizesnoticias.com.br\/wp-content\/uploads\/2024\/09\/cropped-Captura-de-tela-2024-09-08-011108.png\",\"width\":606,\"height\":173,\"caption\":\"Portal raizes NOTICIAS\"},\"image\":{\"@id\":\"https:\/\/portalraizesnoticias.com.br\/#\/schema\/logo\/image\/\"}},{\"@type\":\"Person\",\"@id\":\"https:\/\/portalraizesnoticias.com.br\/#\/schema\/person\/a3ca6b0fc701e78df19756c417d943ae\",\"name\":\"Portal Raizes\",\"image\":{\"@type\":\"ImageObject\",\"inLanguage\":\"pt-BR\",\"@id\":\"https:\/\/portalraizesnoticias.com.br\/#\/schema\/person\/image\/\",\"url\":\"https:\/\/secure.gravatar.com\/avatar\/ef450d29013a3d3fba867a12a249d7b1?s=96&d=mm&r=g\",\"contentUrl\":\"https:\/\/secure.gravatar.com\/avatar\/ef450d29013a3d3fba867a12a249d7b1?s=96&d=mm&r=g\",\"caption\":\"Portal Raizes\"},\"url\":\"https:\/\/portalraizesnoticias.com.br\/?author=3\"}]}<\/script>\n<!-- \/ Yoast SEO plugin. -->","yoast_head_json":{"title":"Bahia ganha primeira resid\u00eancia multiprofissional em Neonatologia; veja detalhes - Portal raizes noticias","robots":{"index":"index","follow":"follow","max-snippet":"max-snippet:-1","max-image-preview":"max-image-preview:large","max-video-preview":"max-video-preview:-1"},"canonical":"https:\/\/portalraizesnoticias.com.br\/?p=11696","og_locale":"pt_BR","og_type":"article","og_title":"Bahia ganha primeira resid\u00eancia multiprofissional em Neonatologia; veja detalhes - Portal raizes noticias","og_description":"O&nbsp;Hospital Estadual da Crian\u00e7a (HEC),&nbsp;em Feira de Santana, iniciou nesta segunda-feira (2) as atividades de suas turmas de resid\u00eancia para 2026. O marco do novo ciclo \u00e9 a implanta\u00e7\u00e3o do&nbsp;primeiro programa multiprofissional focado exclusivamente em Neonatologia da Bahia.&nbsp;Ao todo, a unidade de sa\u00fade, que atende exclusivamente pelo SUS, absorveu&nbsp;35 novos profissionais&nbsp;para especializa\u00e7\u00e3o. O ineditismo do formato multiprofissional busca&nbsp;qualificar o atendimento a rec\u00e9m-nascidos de m\u00e9dia e alta complexidade,&nbsp;integrando diferentes \u00e1reas da sa\u00fade no mesmo ambiente de cuidado. O treinamento funciona como uma p\u00f3s-gradua\u00e7\u00e3o sob regime de dedica\u00e7\u00e3o exclusiva, exigindo&nbsp;60 horas semanais&nbsp;divididas entre aulas te\u00f3ricas e a rotina pesada nos ambulat\u00f3rios, UTIs e centros cir\u00fargicos do HEC. A iniciativa \u00e9 uma parceria com a Escola de Sa\u00fade P\u00fablica da Bahia (ESPBA) e ataca um gargalo da sa\u00fade p\u00fablica estadual: a necessidade de profissionais altamente especializados para lidar com o&nbsp;in\u00edcio da vida de beb\u00eas em estado cr\u00edtico,&nbsp;al\u00e9m de garantir seguran\u00e7a assistencial e parto humanizado para as m\u00e3es. Como ficaram divididas as 35 vagas de 2026: aloalobahia","og_url":"https:\/\/portalraizesnoticias.com.br\/?p=11696","og_site_name":"Portal raizes noticias","article_published_time":"2026-03-05T12:22:36+00:00","article_modified_time":"2026-03-05T12:26:59+00:00","og_image":[{"width":2560,"height":1707,"url":"https:\/\/portalraizesnoticias.com.br\/wp-content\/uploads\/2026\/03\/CAPA-scaled.jpg","type":"image\/jpeg"}],"author":"Portal Raizes","twitter_card":"summary_large_image","twitter_misc":{"Escrito por":"Portal Raizes","Est. tempo de leitura":"2 minutos"},"schema":{"@context":"https:\/\/schema.org","@graph":[{"@type":"Article","@id":"https:\/\/portalraizesnoticias.com.br\/?p=11696#article","isPartOf":{"@id":"https:\/\/portalraizesnoticias.com.br\/?p=11696"},"author":{"name":"Portal Raizes","@id":"https:\/\/portalraizesnoticias.com.br\/#\/schema\/person\/a3ca6b0fc701e78df19756c417d943ae"},"headline":"Bahia ganha primeira resid\u00eancia multiprofissional em Neonatologia; veja detalhes","datePublished":"2026-03-05T12:22:36+00:00","dateModified":"2026-03-05T12:26:59+00:00","mainEntityOfPage":{"@id":"https:\/\/portalraizesnoticias.com.br\/?p=11696"},"wordCount":255,"commentCount":0,"publisher":{"@id":"https:\/\/portalraizesnoticias.com.br\/#organization"},"image":{"@id":"https:\/\/portalraizesnoticias.com.br\/?p=11696#primaryimage"},"thumbnailUrl":"https:\/\/portalraizesnoticias.com.br\/wp-content\/uploads\/2026\/03\/CAPA-scaled.jpg","articleSection":["SA\u00daDE","ULTIMAS NOTICIAS"],"inLanguage":"pt-BR","potentialAction":[{"@type":"CommentAction","name":"Comment","target":["https:\/\/portalraizesnoticias.com.br\/?p=11696#respond"]}]},{"@type":"WebPage","@id":"https:\/\/portalraizesnoticias.com.br\/?p=11696","url":"https:\/\/portalraizesnoticias.com.br\/?p=11696","name":"Bahia ganha primeira resid\u00eancia multiprofissional em Neonatologia; veja detalhes - Portal raizes noticias","isPartOf":{"@id":"https:\/\/portalraizesnoticias.com.br\/#website"},"primaryImageOfPage":{"@id":"https:\/\/portalraizesnoticias.com.br\/?p=11696#primaryimage"},"image":{"@id":"https:\/\/portalraizesnoticias.com.br\/?p=11696#primaryimage"},"thumbnailUrl":"https:\/\/portalraizesnoticias.com.br\/wp-content\/uploads\/2026\/03\/CAPA-scaled.jpg","datePublished":"2026-03-05T12:22:36+00:00","dateModified":"2026-03-05T12:26:59+00:00","breadcrumb":{"@id":"https:\/\/portalraizesnoticias.com.br\/?p=11696#breadcrumb"},"inLanguage":"pt-BR","potentialAction":[{"@type":"ReadAction","target":["https:\/\/portalraizesnoticias.com.br\/?p=11696"]}]},{"@type":"ImageObject","inLanguage":"pt-BR","@id":"https:\/\/portalraizesnoticias.com.br\/?p=11696#primaryimage","url":"https:\/\/portalraizesnoticias.com.br\/wp-content\/uploads\/2026\/03\/CAPA-scaled.jpg","contentUrl":"https:\/\/portalraizesnoticias.com.br\/wp-content\/uploads\/2026\/03\/CAPA-scaled.jpg","width":2560,"height":1707},{"@type":"BreadcrumbList","@id":"https:\/\/portalraizesnoticias.com.br\/?p=11696#breadcrumb","itemListElement":[{"@type":"ListItem","position":1,"name":"In\u00edcio","item":"https:\/\/portalraizesnoticias.com.br\/"},{"@type":"ListItem","position":2,"name":"Bahia ganha primeira resid\u00eancia multiprofissional em Neonatologia; veja detalhes"}]},{"@type":"WebSite","@id":"https:\/\/portalraizesnoticias.com.br\/#website","url":"https:\/\/portalraizesnoticias.com.br\/","name":"Portal raizes NOTICIAS","description":"site de noticias de concei\u00e7\u00e3o do coit\u00e9 e regi\u00e3o","publisher":{"@id":"https:\/\/portalraizesnoticias.com.br\/#organization"},"alternateName":"PORTAL RAIZES COIT\u00c9","potentialAction":[{"@type":"SearchAction","target":{"@type":"EntryPoint","urlTemplate":"https:\/\/portalraizesnoticias.com.br\/?s={search_term_string}"},"query-input":{"@type":"PropertyValueSpecification","valueRequired":true,"valueName":"search_term_string"}}],"inLanguage":"pt-BR"},{"@type":"Organization","@id":"https:\/\/portalraizesnoticias.com.br\/#organization","name":"Portal raizes NOTICIAS","url":"https:\/\/portalraizesnoticias.com.br\/","logo":{"@type":"ImageObject","inLanguage":"pt-BR","@id":"https:\/\/portalraizesnoticias.com.br\/#\/schema\/logo\/image\/","url":"https:\/\/portalraizesnoticias.com.br\/wp-content\/uploads\/2024\/09\/cropped-Captura-de-tela-2024-09-08-011108.png","contentUrl":"https:\/\/portalraizesnoticias.com.br\/wp-content\/uploads\/2024\/09\/cropped-Captura-de-tela-2024-09-08-011108.png","width":606,"height":173,"caption":"Portal raizes NOTICIAS"},"image":{"@id":"https:\/\/portalraizesnoticias.com.br\/#\/schema\/logo\/image\/"}},{"@type":"Person","@id":"https:\/\/portalraizesnoticias.com.br\/#\/schema\/person\/a3ca6b0fc701e78df19756c417d943ae","name":"Portal Raizes","image":{"@type":"ImageObject","inLanguage":"pt-BR","@id":"https:\/\/portalraizesnoticias.com.br\/#\/schema\/person\/image\/","url":"https:\/\/secure.gravatar.com\/avatar\/ef450d29013a3d3fba867a12a249d7b1?s=96&d=mm&r=g","contentUrl":"https:\/\/secure.gravatar.com\/avatar\/ef450d29013a3d3fba867a12a249d7b1?s=96&d=mm&r=g","caption":"Portal Raizes"},"url":"https:\/\/portalraizesnoticias.com.br\/?author=3"}]}},"_links":{"self":[{"href":"https:\/\/portalraizesnoticias.com.br\/index.php?rest_route=\/wp\/v2\/posts\/11696"}],"collection":[{"href":"https:\/\/portalraizesnoticias.com.br\/index.php?rest_route=\/wp\/v2\/posts"}],"about":[{"href":"https:\/\/portalraizesnoticias.com.br\/index.php?rest_route=\/wp\/v2\/types\/post"}],"author":[{"embeddable":true,"href":"https:\/\/portalraizesnoticias.com.br\/index.php?rest_route=\/wp\/v2\/users\/3"}],"replies":[{"embeddable":true,"href":"https:\/\/portalraizesnoticias.com.br\/index.php?rest_route=%2Fwp%2Fv2%2Fcomments&post=11696"}],"version-history":[{"count":2,"href":"https:\/\/portalraizesnoticias.com.br\/index.php?rest_route=\/wp\/v2\/posts\/11696\/revisions"}],"predecessor-version":[{"id":11701,"href":"https:\/\/portalraizesnoticias.com.br\/index.php?rest_route=\/wp\/v2\/posts\/11696\/revisions\/11701"}],"wp:featuredmedia":[{"embeddable":true,"href":"https:\/\/portalraizesnoticias.com.br\/index.php?rest_route=\/wp\/v2\/media\/11697"}],"wp:attachment":[{"href":"https:\/\/portalraizesnoticias.com.br\/index.php?rest_route=%2Fwp%2Fv2%2Fmedia&parent=11696"}],"wp:term":[{"taxonomy":"category","embeddable":true,"href":"https:\/\/portalraizesnoticias.com.br\/index.php?rest_route=%2Fwp%2Fv2%2Fcategories&post=11696"},{"taxonomy":"post_tag","embeddable":true,"href":"https:\/\/portalraizesnoticias.com.br\/index.php?rest_route=%2Fwp%2Fv2%2Ftags&post=11696"}],"curies":[{"name":"wp","href":"https:\/\/api.w.org\/{rel}","templated":true}]}}