{"id":11637,"date":"2026-03-03T17:37:53","date_gmt":"2026-03-03T20:37:53","guid":{"rendered":"https:\/\/portalraizesnoticias.com.br\/?p=11637"},"modified":"2026-03-03T17:42:16","modified_gmt":"2026-03-03T20:42:16","slug":"mesmo-com-registros-de-acidentes-e-mortes-em-conceicao-do-coite-proprietarios-continuam-deixando-animais-soltos-e-gcm-reforca-fiscalizacao","status":"publish","type":"post","link":"https:\/\/portalraizesnoticias.com.br\/?p=11637","title":{"rendered":"Mesmo com registros de acidentes e mortes em Concei\u00e7\u00e3o do Coit\u00e9, propriet\u00e1rios continuam deixando animais soltos e GCM refor\u00e7a fiscaliza\u00e7\u00e3o"},"content":{"rendered":"<p>Nem mesmo diante dos diversos registros de acidentes, inclusive com v\u00edtimas fatais em Concei\u00e7\u00e3o do Coit\u00e9, alguns propriet\u00e1rios continuam insistindo em deixar animais soltos nas vias p\u00fablicas do munic\u00edpio.<\/p>\n<div style=\"width: 848px;\" class=\"wp-video\"><!--[if lt IE 9]><script>document.createElement('video');<\/script><![endif]-->\n<video class=\"wp-video-shortcode\" id=\"video-11637-1\" width=\"848\" height=\"480\" preload=\"metadata\" controls=\"controls\"><source type=\"video\/mp4\" src=\"https:\/\/portalraizesnoticias.com.br\/wp-content\/uploads\/2026\/03\/VID-20260303-WA0312.mp4?_=1\" \/><a href=\"https:\/\/portalraizesnoticias.com.br\/wp-content\/uploads\/2026\/03\/VID-20260303-WA0312.mp4\">https:\/\/portalraizesnoticias.com.br\/wp-content\/uploads\/2026\/03\/VID-20260303-WA0312.mp4<\/a><\/video><\/div>\n<p>Somente nesta ter\u00e7a-feira (03), o Departamento de Seguran\u00e7a P\u00fablica do Munic\u00edpio, por meio da Guarda Municipal, realizou duas apreens\u00f5es de animais que estavam soltos em locais de grande circula\u00e7\u00e3o.<\/p>\n<p><img fetchpriority=\"high\" decoding=\"async\" class=\"size-medium wp-image-11643 aligncenter\" src=\"https:\/\/portalraizesnoticias.com.br\/wp-content\/uploads\/2026\/03\/IMG-20260303-WA0311-225x300.jpg\" alt=\"\" width=\"225\" height=\"300\" srcset=\"https:\/\/portalraizesnoticias.com.br\/wp-content\/uploads\/2026\/03\/IMG-20260303-WA0311-225x300.jpg 225w, https:\/\/portalraizesnoticias.com.br\/wp-content\/uploads\/2026\/03\/IMG-20260303-WA0311-768x1024.jpg 768w, https:\/\/portalraizesnoticias.com.br\/wp-content\/uploads\/2026\/03\/IMG-20260303-WA0311-1152x1536.jpg 1152w, https:\/\/portalraizesnoticias.com.br\/wp-content\/uploads\/2026\/03\/IMG-20260303-WA0311.jpg 1200w\" sizes=\"(max-width: 225px) 100vw, 225px\" \/><\/p>\n<p>A primeira ocorr\u00eancia foi registrada por volta das 5h da manh\u00e3, nas proximidades de um supermercado \u00e0s margens da BA-120, trecho de intenso fluxo de ve\u00edculos. O animal foi recolhido pela equipe capacitada e encaminhado ao local adequado.<\/p>\n<p>J\u00e1 a segunda a\u00e7\u00e3o aconteceu ap\u00f3s den\u00fancia sobre um animal solto no povoado de On\u00e7a, na zona rural. A Guarda Municipal acionou imediatamente a equipe respons\u00e1vel pelo recolhimento, vinculada ao Departamento de Meio Ambiente, que se deslocou at\u00e9 o local informado e efetuou a apreens\u00e3o.<\/p>\n<p><em><strong>O problema, no entanto, n\u00e3o \u00e9 pontual. .Os n\u00fameros de apreens\u00f5es demonstram que a situa\u00e7\u00e3o \u00e9 recorrente. O Portal Ra\u00edzes buscou informa\u00e7\u00f5es e constatou que, em agosto de 2025, dois animais foram recolhidos. Em setembro, foram tr\u00eas apreens\u00f5es. Outubro tamb\u00e9m registrou tr\u00eas casos, novembro contabilizou duas ocorr\u00eancias e dezembro mais duas.<\/strong><\/em><\/p>\n<p><em><strong>J\u00e1 em janeiro de 2026, o n\u00famero saltou para sete animais apreendidos. Em fevereiro deste ano, outras quatro apreens\u00f5es foram realizadas<\/strong><\/em>.<\/p>\n<p><img decoding=\"async\" class=\"size-medium wp-image-11648 aligncenter\" src=\"https:\/\/portalraizesnoticias.com.br\/wp-content\/uploads\/2026\/03\/IMG-20260303-WA0325-274x300.jpg\" alt=\"\" width=\"274\" height=\"300\" srcset=\"https:\/\/portalraizesnoticias.com.br\/wp-content\/uploads\/2026\/03\/IMG-20260303-WA0325-274x300.jpg 274w, https:\/\/portalraizesnoticias.com.br\/wp-content\/uploads\/2026\/03\/IMG-20260303-WA0325-768x840.jpg 768w, https:\/\/portalraizesnoticias.com.br\/wp-content\/uploads\/2026\/03\/IMG-20260303-WA0325.jpg 852w\" sizes=\"(max-width: 274px) 100vw, 274px\" \/><\/p>\n<p>Os dados evidenciam que, apesar das fiscaliza\u00e7\u00f5es e das trag\u00e9dias j\u00e1 registradas, a pr\u00e1tica ainda persiste. <strong>As autoridades refor\u00e7am que deixar animais soltos em vias p\u00fablicas \u00e9 uma atitude irrespons\u00e1vel e perigosa, que coloca em risco motoristas, motociclistas, ciclistas e pedestres, podendo provocar novos acidentes fatais.<\/strong><\/p>\n<p>O diretor de Seguran\u00e7a P\u00fablica do Munic\u00edpio, Ivaldo Ara\u00fajo Almeida, refor\u00e7ou a gravidade da situa\u00e7\u00e3o e destacou que o trabalho de fiscaliza\u00e7\u00e3o tem sido constante.<\/p>\n<p><img decoding=\"async\" class=\"size-medium wp-image-11646 aligncenter\" src=\"https:\/\/portalraizesnoticias.com.br\/wp-content\/uploads\/2026\/03\/IMG-20260303-WA0324-213x300.jpg\" alt=\"\" width=\"213\" height=\"300\" srcset=\"https:\/\/portalraizesnoticias.com.br\/wp-content\/uploads\/2026\/03\/IMG-20260303-WA0324-213x300.jpg 213w, https:\/\/portalraizesnoticias.com.br\/wp-content\/uploads\/2026\/03\/IMG-20260303-WA0324.jpg 462w\" sizes=\"(max-width: 213px) 100vw, 213px\" \/><\/p>\n<p style=\"text-align: center;\"><em>Leandro e Ara\u00fajo\u00a0<\/em><\/p>\n<p>\u201cInfelizmente, mesmo ap\u00f3s os acidentes graves e as mortes j\u00e1 registradas em nosso munic\u00edpio envolvendo animais soltos, ainda nos deparamos com essa irresponsabilidade. Estamos intensificando as a\u00e7\u00f5es de recolhimento e n\u00e3o vamos tolerar atitudes que coloquem vidas em risco\u201d, afirmou.ao Portal Ra\u00edzes.<\/p>\n<p>O coordenador da Guarda Municipal, Leandro Jos\u00e9 Ribeiro da Silva, tamb\u00e9m alertou para o perigo e pediu a colabora\u00e7\u00e3o da popula\u00e7\u00e3o.<\/p>\n<p>\u201cNosso objetivo \u00e9 preservar vidas. Animal solto em via p\u00fablica \u00e9 um risco real, principalmente em rodovias e locais de grande circula\u00e7\u00e3o. Pedimos que os propriet\u00e1rios tenham responsabilidade e que a popula\u00e7\u00e3o continue denunciando para que possamos agir com rapidez\u201d, destacou a reportagem..<\/p>\n<p>O munic\u00edpio afirma que seguir\u00e1 intensificando as a\u00e7\u00f5es de recolhimento e orienta a popula\u00e7\u00e3o a denunciar casos de animais soltos, como forma de prevenir novas trag\u00e9dias<\/p>\n<p>Reda\u00e7\u00e3o<\/p>\n<p>Foto: Arquivo\/GCM<\/p>\n","protected":false},"excerpt":{"rendered":"<p>Nem mesmo diante dos diversos registros de acidentes, inclusive com v\u00edtimas fatais em Concei\u00e7\u00e3o do Coit\u00e9, alguns propriet\u00e1rios continuam insistindo em deixar animais soltos nas vias p\u00fablicas do munic\u00edpio. Somente nesta ter\u00e7a-feira (03), o Departamento de Seguran\u00e7a P\u00fablica do Munic\u00edpio, por meio da Guarda Municipal, realizou duas apreens\u00f5es de animais que estavam soltos em locais de grande circula\u00e7\u00e3o. A primeira ocorr\u00eancia foi registrada por volta das 5h da manh\u00e3, nas proximidades de um supermercado \u00e0s margens da BA-120, trecho de intenso fluxo de ve\u00edculos. O animal foi recolhido pela equipe capacitada e encaminhado ao local adequado. J\u00e1 a segunda a\u00e7\u00e3o aconteceu ap\u00f3s den\u00fancia sobre um animal solto no povoado de On\u00e7a, na zona rural. A Guarda Municipal acionou imediatamente a equipe respons\u00e1vel pelo recolhimento, vinculada ao Departamento de Meio Ambiente, que se deslocou at\u00e9 o local informado e efetuou a apreens\u00e3o. O problema, no entanto, n\u00e3o \u00e9 pontual. .Os n\u00fameros de apreens\u00f5es demonstram que a situa\u00e7\u00e3o \u00e9 recorrente. O Portal Ra\u00edzes buscou informa\u00e7\u00f5es e constatou que, em agosto de 2025, dois animais foram recolhidos. Em setembro, foram tr\u00eas apreens\u00f5es. Outubro tamb\u00e9m registrou tr\u00eas casos, novembro contabilizou duas ocorr\u00eancias e dezembro mais duas. J\u00e1 em janeiro de 2026, o n\u00famero saltou para sete animais apreendidos. Em fevereiro deste ano, outras quatro apreens\u00f5es foram realizadas. Os dados evidenciam que, apesar das fiscaliza\u00e7\u00f5es e das trag\u00e9dias j\u00e1 registradas, a pr\u00e1tica ainda persiste. As autoridades refor\u00e7am que deixar animais soltos em vias p\u00fablicas \u00e9 uma atitude irrespons\u00e1vel e perigosa, que coloca em risco motoristas, motociclistas, ciclistas e pedestres, podendo provocar novos acidentes fatais. O diretor de Seguran\u00e7a P\u00fablica do Munic\u00edpio, Ivaldo Ara\u00fajo Almeida, refor\u00e7ou a gravidade da situa\u00e7\u00e3o e destacou que o trabalho de fiscaliza\u00e7\u00e3o tem sido constante. Leandro e Ara\u00fajo\u00a0 \u201cInfelizmente, mesmo ap\u00f3s os acidentes graves e as mortes j\u00e1 registradas em nosso munic\u00edpio envolvendo animais soltos, ainda nos deparamos com essa irresponsabilidade. Estamos intensificando as a\u00e7\u00f5es de recolhimento e n\u00e3o vamos tolerar atitudes que coloquem vidas em risco\u201d, afirmou.ao Portal Ra\u00edzes. O coordenador da Guarda Municipal, Leandro Jos\u00e9 Ribeiro da Silva, tamb\u00e9m alertou para o perigo e pediu a colabora\u00e7\u00e3o da popula\u00e7\u00e3o. \u201cNosso objetivo \u00e9 preservar vidas. Animal solto em via p\u00fablica \u00e9 um risco real, principalmente em rodovias e locais de grande circula\u00e7\u00e3o. Pedimos que os propriet\u00e1rios tenham responsabilidade e que a popula\u00e7\u00e3o continue denunciando para que possamos agir com rapidez\u201d, destacou a reportagem.. O munic\u00edpio afirma que seguir\u00e1 intensificando as a\u00e7\u00f5es de recolhimento e orienta a popula\u00e7\u00e3o a denunciar casos de animais soltos, como forma de prevenir novas trag\u00e9dias Reda\u00e7\u00e3o Foto: Arquivo\/GCM<\/p>\n","protected":false},"author":3,"featured_media":11641,"comment_status":"open","ping_status":"open","sticky":false,"template":"","format":"standard","meta":{"_joinchat":[],"footnotes":""},"categories":[55,67,59],"tags":[],"class_list":["post-11637","post","type-post","status-publish","format-standard","has-post-thumbnail","hentry","category-destaques","category-policia","category-ultimas-noticias"],"yoast_head":"<!-- This site is optimized with the Yoast SEO plugin v24.4 - https:\/\/yoast.com\/wordpress\/plugins\/seo\/ -->\n<title>Mesmo com registros de acidentes e mortes em Concei\u00e7\u00e3o do Coit\u00e9, propriet\u00e1rios continuam deixando animais soltos e GCM refor\u00e7a fiscaliza\u00e7\u00e3o - Portal raizes noticias<\/title>\n<meta name=\"robots\" content=\"index, follow, max-snippet:-1, max-image-preview:large, max-video-preview:-1\" \/>\n<link rel=\"canonical\" href=\"https:\/\/portalraizesnoticias.com.br\/?p=11637\" \/>\n<meta property=\"og:locale\" content=\"pt_BR\" \/>\n<meta property=\"og:type\" content=\"article\" \/>\n<meta property=\"og:title\" content=\"Mesmo com registros de acidentes e mortes em Concei\u00e7\u00e3o do Coit\u00e9, propriet\u00e1rios continuam deixando animais soltos e GCM refor\u00e7a fiscaliza\u00e7\u00e3o - Portal raizes noticias\" \/>\n<meta property=\"og:description\" content=\"Nem mesmo diante dos diversos registros de acidentes, inclusive com v\u00edtimas fatais em Concei\u00e7\u00e3o do Coit\u00e9, alguns propriet\u00e1rios continuam insistindo em deixar animais soltos nas vias p\u00fablicas do munic\u00edpio. Somente nesta ter\u00e7a-feira (03), o Departamento de Seguran\u00e7a P\u00fablica do Munic\u00edpio, por meio da Guarda Municipal, realizou duas apreens\u00f5es de animais que estavam soltos em locais de grande circula\u00e7\u00e3o. A primeira ocorr\u00eancia foi registrada por volta das 5h da manh\u00e3, nas proximidades de um supermercado \u00e0s margens da BA-120, trecho de intenso fluxo de ve\u00edculos. O animal foi recolhido pela equipe capacitada e encaminhado ao local adequado. J\u00e1 a segunda a\u00e7\u00e3o aconteceu ap\u00f3s den\u00fancia sobre um animal solto no povoado de On\u00e7a, na zona rural. A Guarda Municipal acionou imediatamente a equipe respons\u00e1vel pelo recolhimento, vinculada ao Departamento de Meio Ambiente, que se deslocou at\u00e9 o local informado e efetuou a apreens\u00e3o. O problema, no entanto, n\u00e3o \u00e9 pontual. .Os n\u00fameros de apreens\u00f5es demonstram que a situa\u00e7\u00e3o \u00e9 recorrente. O Portal Ra\u00edzes buscou informa\u00e7\u00f5es e constatou que, em agosto de 2025, dois animais foram recolhidos. Em setembro, foram tr\u00eas apreens\u00f5es. Outubro tamb\u00e9m registrou tr\u00eas casos, novembro contabilizou duas ocorr\u00eancias e dezembro mais duas. J\u00e1 em janeiro de 2026, o n\u00famero saltou para sete animais apreendidos. Em fevereiro deste ano, outras quatro apreens\u00f5es foram realizadas. Os dados evidenciam que, apesar das fiscaliza\u00e7\u00f5es e das trag\u00e9dias j\u00e1 registradas, a pr\u00e1tica ainda persiste. As autoridades refor\u00e7am que deixar animais soltos em vias p\u00fablicas \u00e9 uma atitude irrespons\u00e1vel e perigosa, que coloca em risco motoristas, motociclistas, ciclistas e pedestres, podendo provocar novos acidentes fatais. O diretor de Seguran\u00e7a P\u00fablica do Munic\u00edpio, Ivaldo Ara\u00fajo Almeida, refor\u00e7ou a gravidade da situa\u00e7\u00e3o e destacou que o trabalho de fiscaliza\u00e7\u00e3o tem sido constante. Leandro e Ara\u00fajo\u00a0 \u201cInfelizmente, mesmo ap\u00f3s os acidentes graves e as mortes j\u00e1 registradas em nosso munic\u00edpio envolvendo animais soltos, ainda nos deparamos com essa irresponsabilidade. Estamos intensificando as a\u00e7\u00f5es de recolhimento e n\u00e3o vamos tolerar atitudes que coloquem vidas em risco\u201d, afirmou.ao Portal Ra\u00edzes. O coordenador da Guarda Municipal, Leandro Jos\u00e9 Ribeiro da Silva, tamb\u00e9m alertou para o perigo e pediu a colabora\u00e7\u00e3o da popula\u00e7\u00e3o. \u201cNosso objetivo \u00e9 preservar vidas. Animal solto em via p\u00fablica \u00e9 um risco real, principalmente em rodovias e locais de grande circula\u00e7\u00e3o. Pedimos que os propriet\u00e1rios tenham responsabilidade e que a popula\u00e7\u00e3o continue denunciando para que possamos agir com rapidez\u201d, destacou a reportagem.. O munic\u00edpio afirma que seguir\u00e1 intensificando as a\u00e7\u00f5es de recolhimento e orienta a popula\u00e7\u00e3o a denunciar casos de animais soltos, como forma de prevenir novas trag\u00e9dias Reda\u00e7\u00e3o Foto: Arquivo\/GCM\" \/>\n<meta property=\"og:url\" content=\"https:\/\/portalraizesnoticias.com.br\/?p=11637\" \/>\n<meta property=\"og:site_name\" content=\"Portal raizes noticias\" \/>\n<meta property=\"article:published_time\" content=\"2026-03-03T20:37:53+00:00\" \/>\n<meta property=\"article:modified_time\" content=\"2026-03-03T20:42:16+00:00\" \/>\n<meta property=\"og:image\" content=\"https:\/\/portalraizesnoticias.com.br\/wp-content\/uploads\/2026\/03\/IMG-20260303-WA0317.jpg\" \/>\n\t<meta property=\"og:image:width\" content=\"1600\" \/>\n\t<meta property=\"og:image:height\" content=\"1600\" \/>\n\t<meta property=\"og:image:type\" content=\"image\/jpeg\" \/>\n<meta name=\"author\" content=\"Portal Raizes\" \/>\n<meta name=\"twitter:card\" content=\"summary_large_image\" \/>\n<meta name=\"twitter:label1\" content=\"Escrito por\" \/>\n\t<meta name=\"twitter:data1\" content=\"Portal Raizes\" \/>\n\t<meta name=\"twitter:label2\" content=\"Est. tempo de leitura\" \/>\n\t<meta name=\"twitter:data2\" content=\"4 minutos\" \/>\n<script type=\"application\/ld+json\" class=\"yoast-schema-graph\">{\"@context\":\"https:\/\/schema.org\",\"@graph\":[{\"@type\":\"Article\",\"@id\":\"https:\/\/portalraizesnoticias.com.br\/?p=11637#article\",\"isPartOf\":{\"@id\":\"https:\/\/portalraizesnoticias.com.br\/?p=11637\"},\"author\":{\"name\":\"Portal Raizes\",\"@id\":\"https:\/\/portalraizesnoticias.com.br\/#\/schema\/person\/a3ca6b0fc701e78df19756c417d943ae\"},\"headline\":\"Mesmo com registros de acidentes e mortes em Concei\u00e7\u00e3o do Coit\u00e9, propriet\u00e1rios continuam deixando animais soltos e GCM refor\u00e7a fiscaliza\u00e7\u00e3o\",\"datePublished\":\"2026-03-03T20:37:53+00:00\",\"dateModified\":\"2026-03-03T20:42:16+00:00\",\"mainEntityOfPage\":{\"@id\":\"https:\/\/portalraizesnoticias.com.br\/?p=11637\"},\"wordCount\":517,\"commentCount\":0,\"publisher\":{\"@id\":\"https:\/\/portalraizesnoticias.com.br\/#organization\"},\"image\":{\"@id\":\"https:\/\/portalraizesnoticias.com.br\/?p=11637#primaryimage\"},\"thumbnailUrl\":\"https:\/\/portalraizesnoticias.com.br\/wp-content\/uploads\/2026\/03\/IMG-20260303-WA0317.jpg\",\"articleSection\":[\"DESTAQUES\",\"POLICIA\",\"ULTIMAS NOTICIAS\"],\"inLanguage\":\"pt-BR\",\"potentialAction\":[{\"@type\":\"CommentAction\",\"name\":\"Comment\",\"target\":[\"https:\/\/portalraizesnoticias.com.br\/?p=11637#respond\"]}]},{\"@type\":\"WebPage\",\"@id\":\"https:\/\/portalraizesnoticias.com.br\/?p=11637\",\"url\":\"https:\/\/portalraizesnoticias.com.br\/?p=11637\",\"name\":\"Mesmo com registros de acidentes e mortes em Concei\u00e7\u00e3o do Coit\u00e9, propriet\u00e1rios continuam deixando animais soltos e GCM refor\u00e7a fiscaliza\u00e7\u00e3o - Portal raizes noticias\",\"isPartOf\":{\"@id\":\"https:\/\/portalraizesnoticias.com.br\/#website\"},\"primaryImageOfPage\":{\"@id\":\"https:\/\/portalraizesnoticias.com.br\/?p=11637#primaryimage\"},\"image\":{\"@id\":\"https:\/\/portalraizesnoticias.com.br\/?p=11637#primaryimage\"},\"thumbnailUrl\":\"https:\/\/portalraizesnoticias.com.br\/wp-content\/uploads\/2026\/03\/IMG-20260303-WA0317.jpg\",\"datePublished\":\"2026-03-03T20:37:53+00:00\",\"dateModified\":\"2026-03-03T20:42:16+00:00\",\"breadcrumb\":{\"@id\":\"https:\/\/portalraizesnoticias.com.br\/?p=11637#breadcrumb\"},\"inLanguage\":\"pt-BR\",\"potentialAction\":[{\"@type\":\"ReadAction\",\"target\":[\"https:\/\/portalraizesnoticias.com.br\/?p=11637\"]}]},{\"@type\":\"ImageObject\",\"inLanguage\":\"pt-BR\",\"@id\":\"https:\/\/portalraizesnoticias.com.br\/?p=11637#primaryimage\",\"url\":\"https:\/\/portalraizesnoticias.com.br\/wp-content\/uploads\/2026\/03\/IMG-20260303-WA0317.jpg\",\"contentUrl\":\"https:\/\/portalraizesnoticias.com.br\/wp-content\/uploads\/2026\/03\/IMG-20260303-WA0317.jpg\",\"width\":1600,\"height\":1600},{\"@type\":\"BreadcrumbList\",\"@id\":\"https:\/\/portalraizesnoticias.com.br\/?p=11637#breadcrumb\",\"itemListElement\":[{\"@type\":\"ListItem\",\"position\":1,\"name\":\"In\u00edcio\",\"item\":\"https:\/\/portalraizesnoticias.com.br\/\"},{\"@type\":\"ListItem\",\"position\":2,\"name\":\"Mesmo com registros de acidentes e mortes em Concei\u00e7\u00e3o do Coit\u00e9, propriet\u00e1rios continuam deixando animais soltos e GCM refor\u00e7a fiscaliza\u00e7\u00e3o\"}]},{\"@type\":\"WebSite\",\"@id\":\"https:\/\/portalraizesnoticias.com.br\/#website\",\"url\":\"https:\/\/portalraizesnoticias.com.br\/\",\"name\":\"Portal raizes NOTICIAS\",\"description\":\"site de noticias de concei\u00e7\u00e3o do coit\u00e9 e regi\u00e3o\",\"publisher\":{\"@id\":\"https:\/\/portalraizesnoticias.com.br\/#organization\"},\"alternateName\":\"PORTAL RAIZES COIT\u00c9\",\"potentialAction\":[{\"@type\":\"SearchAction\",\"target\":{\"@type\":\"EntryPoint\",\"urlTemplate\":\"https:\/\/portalraizesnoticias.com.br\/?s={search_term_string}\"},\"query-input\":{\"@type\":\"PropertyValueSpecification\",\"valueRequired\":true,\"valueName\":\"search_term_string\"}}],\"inLanguage\":\"pt-BR\"},{\"@type\":\"Organization\",\"@id\":\"https:\/\/portalraizesnoticias.com.br\/#organization\",\"name\":\"Portal raizes NOTICIAS\",\"url\":\"https:\/\/portalraizesnoticias.com.br\/\",\"logo\":{\"@type\":\"ImageObject\",\"inLanguage\":\"pt-BR\",\"@id\":\"https:\/\/portalraizesnoticias.com.br\/#\/schema\/logo\/image\/\",\"url\":\"https:\/\/portalraizesnoticias.com.br\/wp-content\/uploads\/2024\/09\/cropped-Captura-de-tela-2024-09-08-011108.png\",\"contentUrl\":\"https:\/\/portalraizesnoticias.com.br\/wp-content\/uploads\/2024\/09\/cropped-Captura-de-tela-2024-09-08-011108.png\",\"width\":606,\"height\":173,\"caption\":\"Portal raizes NOTICIAS\"},\"image\":{\"@id\":\"https:\/\/portalraizesnoticias.com.br\/#\/schema\/logo\/image\/\"}},{\"@type\":\"Person\",\"@id\":\"https:\/\/portalraizesnoticias.com.br\/#\/schema\/person\/a3ca6b0fc701e78df19756c417d943ae\",\"name\":\"Portal Raizes\",\"image\":{\"@type\":\"ImageObject\",\"inLanguage\":\"pt-BR\",\"@id\":\"https:\/\/portalraizesnoticias.com.br\/#\/schema\/person\/image\/\",\"url\":\"https:\/\/secure.gravatar.com\/avatar\/ef450d29013a3d3fba867a12a249d7b1?s=96&d=mm&r=g\",\"contentUrl\":\"https:\/\/secure.gravatar.com\/avatar\/ef450d29013a3d3fba867a12a249d7b1?s=96&d=mm&r=g\",\"caption\":\"Portal Raizes\"},\"url\":\"https:\/\/portalraizesnoticias.com.br\/?author=3\"}]}<\/script>\n<!-- \/ Yoast SEO plugin. -->","yoast_head_json":{"title":"Mesmo com registros de acidentes e mortes em Concei\u00e7\u00e3o do Coit\u00e9, propriet\u00e1rios continuam deixando animais soltos e GCM refor\u00e7a fiscaliza\u00e7\u00e3o - Portal raizes noticias","robots":{"index":"index","follow":"follow","max-snippet":"max-snippet:-1","max-image-preview":"max-image-preview:large","max-video-preview":"max-video-preview:-1"},"canonical":"https:\/\/portalraizesnoticias.com.br\/?p=11637","og_locale":"pt_BR","og_type":"article","og_title":"Mesmo com registros de acidentes e mortes em Concei\u00e7\u00e3o do Coit\u00e9, propriet\u00e1rios continuam deixando animais soltos e GCM refor\u00e7a fiscaliza\u00e7\u00e3o - Portal raizes noticias","og_description":"Nem mesmo diante dos diversos registros de acidentes, inclusive com v\u00edtimas fatais em Concei\u00e7\u00e3o do Coit\u00e9, alguns propriet\u00e1rios continuam insistindo em deixar animais soltos nas vias p\u00fablicas do munic\u00edpio. Somente nesta ter\u00e7a-feira (03), o Departamento de Seguran\u00e7a P\u00fablica do Munic\u00edpio, por meio da Guarda Municipal, realizou duas apreens\u00f5es de animais que estavam soltos em locais de grande circula\u00e7\u00e3o. A primeira ocorr\u00eancia foi registrada por volta das 5h da manh\u00e3, nas proximidades de um supermercado \u00e0s margens da BA-120, trecho de intenso fluxo de ve\u00edculos. O animal foi recolhido pela equipe capacitada e encaminhado ao local adequado. J\u00e1 a segunda a\u00e7\u00e3o aconteceu ap\u00f3s den\u00fancia sobre um animal solto no povoado de On\u00e7a, na zona rural. A Guarda Municipal acionou imediatamente a equipe respons\u00e1vel pelo recolhimento, vinculada ao Departamento de Meio Ambiente, que se deslocou at\u00e9 o local informado e efetuou a apreens\u00e3o. O problema, no entanto, n\u00e3o \u00e9 pontual. .Os n\u00fameros de apreens\u00f5es demonstram que a situa\u00e7\u00e3o \u00e9 recorrente. O Portal Ra\u00edzes buscou informa\u00e7\u00f5es e constatou que, em agosto de 2025, dois animais foram recolhidos. Em setembro, foram tr\u00eas apreens\u00f5es. Outubro tamb\u00e9m registrou tr\u00eas casos, novembro contabilizou duas ocorr\u00eancias e dezembro mais duas. J\u00e1 em janeiro de 2026, o n\u00famero saltou para sete animais apreendidos. Em fevereiro deste ano, outras quatro apreens\u00f5es foram realizadas. Os dados evidenciam que, apesar das fiscaliza\u00e7\u00f5es e das trag\u00e9dias j\u00e1 registradas, a pr\u00e1tica ainda persiste. As autoridades refor\u00e7am que deixar animais soltos em vias p\u00fablicas \u00e9 uma atitude irrespons\u00e1vel e perigosa, que coloca em risco motoristas, motociclistas, ciclistas e pedestres, podendo provocar novos acidentes fatais. O diretor de Seguran\u00e7a P\u00fablica do Munic\u00edpio, Ivaldo Ara\u00fajo Almeida, refor\u00e7ou a gravidade da situa\u00e7\u00e3o e destacou que o trabalho de fiscaliza\u00e7\u00e3o tem sido constante. Leandro e Ara\u00fajo\u00a0 \u201cInfelizmente, mesmo ap\u00f3s os acidentes graves e as mortes j\u00e1 registradas em nosso munic\u00edpio envolvendo animais soltos, ainda nos deparamos com essa irresponsabilidade. Estamos intensificando as a\u00e7\u00f5es de recolhimento e n\u00e3o vamos tolerar atitudes que coloquem vidas em risco\u201d, afirmou.ao Portal Ra\u00edzes. O coordenador da Guarda Municipal, Leandro Jos\u00e9 Ribeiro da Silva, tamb\u00e9m alertou para o perigo e pediu a colabora\u00e7\u00e3o da popula\u00e7\u00e3o. \u201cNosso objetivo \u00e9 preservar vidas. Animal solto em via p\u00fablica \u00e9 um risco real, principalmente em rodovias e locais de grande circula\u00e7\u00e3o. Pedimos que os propriet\u00e1rios tenham responsabilidade e que a popula\u00e7\u00e3o continue denunciando para que possamos agir com rapidez\u201d, destacou a reportagem.. O munic\u00edpio afirma que seguir\u00e1 intensificando as a\u00e7\u00f5es de recolhimento e orienta a popula\u00e7\u00e3o a denunciar casos de animais soltos, como forma de prevenir novas trag\u00e9dias Reda\u00e7\u00e3o Foto: Arquivo\/GCM","og_url":"https:\/\/portalraizesnoticias.com.br\/?p=11637","og_site_name":"Portal raizes noticias","article_published_time":"2026-03-03T20:37:53+00:00","article_modified_time":"2026-03-03T20:42:16+00:00","og_image":[{"width":1600,"height":1600,"url":"https:\/\/portalraizesnoticias.com.br\/wp-content\/uploads\/2026\/03\/IMG-20260303-WA0317.jpg","type":"image\/jpeg"}],"author":"Portal Raizes","twitter_card":"summary_large_image","twitter_misc":{"Escrito por":"Portal Raizes","Est. tempo de leitura":"4 minutos"},"schema":{"@context":"https:\/\/schema.org","@graph":[{"@type":"Article","@id":"https:\/\/portalraizesnoticias.com.br\/?p=11637#article","isPartOf":{"@id":"https:\/\/portalraizesnoticias.com.br\/?p=11637"},"author":{"name":"Portal Raizes","@id":"https:\/\/portalraizesnoticias.com.br\/#\/schema\/person\/a3ca6b0fc701e78df19756c417d943ae"},"headline":"Mesmo com registros de acidentes e mortes em Concei\u00e7\u00e3o do Coit\u00e9, propriet\u00e1rios continuam deixando animais soltos e GCM refor\u00e7a fiscaliza\u00e7\u00e3o","datePublished":"2026-03-03T20:37:53+00:00","dateModified":"2026-03-03T20:42:16+00:00","mainEntityOfPage":{"@id":"https:\/\/portalraizesnoticias.com.br\/?p=11637"},"wordCount":517,"commentCount":0,"publisher":{"@id":"https:\/\/portalraizesnoticias.com.br\/#organization"},"image":{"@id":"https:\/\/portalraizesnoticias.com.br\/?p=11637#primaryimage"},"thumbnailUrl":"https:\/\/portalraizesnoticias.com.br\/wp-content\/uploads\/2026\/03\/IMG-20260303-WA0317.jpg","articleSection":["DESTAQUES","POLICIA","ULTIMAS NOTICIAS"],"inLanguage":"pt-BR","potentialAction":[{"@type":"CommentAction","name":"Comment","target":["https:\/\/portalraizesnoticias.com.br\/?p=11637#respond"]}]},{"@type":"WebPage","@id":"https:\/\/portalraizesnoticias.com.br\/?p=11637","url":"https:\/\/portalraizesnoticias.com.br\/?p=11637","name":"Mesmo com registros de acidentes e mortes em Concei\u00e7\u00e3o do Coit\u00e9, propriet\u00e1rios continuam deixando animais soltos e GCM refor\u00e7a fiscaliza\u00e7\u00e3o - Portal raizes noticias","isPartOf":{"@id":"https:\/\/portalraizesnoticias.com.br\/#website"},"primaryImageOfPage":{"@id":"https:\/\/portalraizesnoticias.com.br\/?p=11637#primaryimage"},"image":{"@id":"https:\/\/portalraizesnoticias.com.br\/?p=11637#primaryimage"},"thumbnailUrl":"https:\/\/portalraizesnoticias.com.br\/wp-content\/uploads\/2026\/03\/IMG-20260303-WA0317.jpg","datePublished":"2026-03-03T20:37:53+00:00","dateModified":"2026-03-03T20:42:16+00:00","breadcrumb":{"@id":"https:\/\/portalraizesnoticias.com.br\/?p=11637#breadcrumb"},"inLanguage":"pt-BR","potentialAction":[{"@type":"ReadAction","target":["https:\/\/portalraizesnoticias.com.br\/?p=11637"]}]},{"@type":"ImageObject","inLanguage":"pt-BR","@id":"https:\/\/portalraizesnoticias.com.br\/?p=11637#primaryimage","url":"https:\/\/portalraizesnoticias.com.br\/wp-content\/uploads\/2026\/03\/IMG-20260303-WA0317.jpg","contentUrl":"https:\/\/portalraizesnoticias.com.br\/wp-content\/uploads\/2026\/03\/IMG-20260303-WA0317.jpg","width":1600,"height":1600},{"@type":"BreadcrumbList","@id":"https:\/\/portalraizesnoticias.com.br\/?p=11637#breadcrumb","itemListElement":[{"@type":"ListItem","position":1,"name":"In\u00edcio","item":"https:\/\/portalraizesnoticias.com.br\/"},{"@type":"ListItem","position":2,"name":"Mesmo com registros de acidentes e mortes em Concei\u00e7\u00e3o do Coit\u00e9, propriet\u00e1rios continuam deixando animais soltos e GCM refor\u00e7a fiscaliza\u00e7\u00e3o"}]},{"@type":"WebSite","@id":"https:\/\/portalraizesnoticias.com.br\/#website","url":"https:\/\/portalraizesnoticias.com.br\/","name":"Portal raizes NOTICIAS","description":"site de noticias de concei\u00e7\u00e3o do coit\u00e9 e regi\u00e3o","publisher":{"@id":"https:\/\/portalraizesnoticias.com.br\/#organization"},"alternateName":"PORTAL RAIZES COIT\u00c9","potentialAction":[{"@type":"SearchAction","target":{"@type":"EntryPoint","urlTemplate":"https:\/\/portalraizesnoticias.com.br\/?s={search_term_string}"},"query-input":{"@type":"PropertyValueSpecification","valueRequired":true,"valueName":"search_term_string"}}],"inLanguage":"pt-BR"},{"@type":"Organization","@id":"https:\/\/portalraizesnoticias.com.br\/#organization","name":"Portal raizes NOTICIAS","url":"https:\/\/portalraizesnoticias.com.br\/","logo":{"@type":"ImageObject","inLanguage":"pt-BR","@id":"https:\/\/portalraizesnoticias.com.br\/#\/schema\/logo\/image\/","url":"https:\/\/portalraizesnoticias.com.br\/wp-content\/uploads\/2024\/09\/cropped-Captura-de-tela-2024-09-08-011108.png","contentUrl":"https:\/\/portalraizesnoticias.com.br\/wp-content\/uploads\/2024\/09\/cropped-Captura-de-tela-2024-09-08-011108.png","width":606,"height":173,"caption":"Portal raizes NOTICIAS"},"image":{"@id":"https:\/\/portalraizesnoticias.com.br\/#\/schema\/logo\/image\/"}},{"@type":"Person","@id":"https:\/\/portalraizesnoticias.com.br\/#\/schema\/person\/a3ca6b0fc701e78df19756c417d943ae","name":"Portal Raizes","image":{"@type":"ImageObject","inLanguage":"pt-BR","@id":"https:\/\/portalraizesnoticias.com.br\/#\/schema\/person\/image\/","url":"https:\/\/secure.gravatar.com\/avatar\/ef450d29013a3d3fba867a12a249d7b1?s=96&d=mm&r=g","contentUrl":"https:\/\/secure.gravatar.com\/avatar\/ef450d29013a3d3fba867a12a249d7b1?s=96&d=mm&r=g","caption":"Portal Raizes"},"url":"https:\/\/portalraizesnoticias.com.br\/?author=3"}]}},"_links":{"self":[{"href":"https:\/\/portalraizesnoticias.com.br\/index.php?rest_route=\/wp\/v2\/posts\/11637"}],"collection":[{"href":"https:\/\/portalraizesnoticias.com.br\/index.php?rest_route=\/wp\/v2\/posts"}],"about":[{"href":"https:\/\/portalraizesnoticias.com.br\/index.php?rest_route=\/wp\/v2\/types\/post"}],"author":[{"embeddable":true,"href":"https:\/\/portalraizesnoticias.com.br\/index.php?rest_route=\/wp\/v2\/users\/3"}],"replies":[{"embeddable":true,"href":"https:\/\/portalraizesnoticias.com.br\/index.php?rest_route=%2Fwp%2Fv2%2Fcomments&post=11637"}],"version-history":[{"count":8,"href":"https:\/\/portalraizesnoticias.com.br\/index.php?rest_route=\/wp\/v2\/posts\/11637\/revisions"}],"predecessor-version":[{"id":11650,"href":"https:\/\/portalraizesnoticias.com.br\/index.php?rest_route=\/wp\/v2\/posts\/11637\/revisions\/11650"}],"wp:featuredmedia":[{"embeddable":true,"href":"https:\/\/portalraizesnoticias.com.br\/index.php?rest_route=\/wp\/v2\/media\/11641"}],"wp:attachment":[{"href":"https:\/\/portalraizesnoticias.com.br\/index.php?rest_route=%2Fwp%2Fv2%2Fmedia&parent=11637"}],"wp:term":[{"taxonomy":"category","embeddable":true,"href":"https:\/\/portalraizesnoticias.com.br\/index.php?rest_route=%2Fwp%2Fv2%2Fcategories&post=11637"},{"taxonomy":"post_tag","embeddable":true,"href":"https:\/\/portalraizesnoticias.com.br\/index.php?rest_route=%2Fwp%2Fv2%2Ftags&post=11637"}],"curies":[{"name":"wp","href":"https:\/\/api.w.org\/{rel}","templated":true}]}}