{"id":11563,"date":"2026-03-01T22:49:13","date_gmt":"2026-03-02T01:49:13","guid":{"rendered":"https:\/\/portalraizesnoticias.com.br\/?p=11563"},"modified":"2026-03-01T23:03:16","modified_gmt":"2026-03-02T02:03:16","slug":"mulher-denuncia-agressao-do-companheiro-na-zona-rural-de-ichu","status":"publish","type":"post","link":"https:\/\/portalraizesnoticias.com.br\/?p=11563","title":{"rendered":"Mulher denuncia agress\u00e3o do companheiro na zona rural de Ichu"},"content":{"rendered":"<p>Uma mulher de 24 anos acionou a Pol\u00edcia Militar na tarde deste domingo (1\u00ba), ap\u00f3s denunciar ter sido v\u00edtima de agress\u00e3o f\u00edsica no Povoado de Boqueir\u00e3o, zona rural do munic\u00edpio de Ichu.<\/p>\n<p><strong><a href=\"https:\/\/www.instagram.com\/portal.raizes?igsh=MTUzMmJ4OHVlYTl0cw==\">CLIQUE AQUI E SIGA O INSTAGRAM DO PORTAL RA\u00cdZES\u00a0<\/a><\/strong><\/p>\n<p><img decoding=\"async\" class=\"size-medium wp-image-11232 aligncenter\" src=\"https:\/\/portalraizesnoticias.com.br\/wp-content\/uploads\/2026\/02\/IMG_8528-300x150.png\" alt=\"\" width=\"300\" height=\"150\" srcset=\"https:\/\/portalraizesnoticias.com.br\/wp-content\/uploads\/2026\/02\/IMG_8528-300x150.png 300w, https:\/\/portalraizesnoticias.com.br\/wp-content\/uploads\/2026\/02\/IMG_8528-1024x512.png 1024w, https:\/\/portalraizesnoticias.com.br\/wp-content\/uploads\/2026\/02\/IMG_8528-768x384.png 768w, https:\/\/portalraizesnoticias.com.br\/wp-content\/uploads\/2026\/02\/IMG_8528-1536x768.png 1536w, https:\/\/portalraizesnoticias.com.br\/wp-content\/uploads\/2026\/02\/IMG_8528-2048x1024.png 2048w\" sizes=\"(max-width: 300px) 100vw, 300px\" \/><\/p>\n<p>De acordo com informa\u00e7\u00f5es da PM, a jovem relatou que foi agredida pelo companheiro ap\u00f3s uma discuss\u00e3o.<\/p>\n<p>Conforme a guarni\u00e7\u00e3o, o casal havia feito uso de bebida alco\u00f3lica. Apesar do relato, a mulher n\u00e3o apresentava sinais aparentes de les\u00f5es no momento da chegada dos policiais.<\/p>\n<p><img decoding=\"async\" class=\"size-medium wp-image-11228 aligncenter\" src=\"https:\/\/portalraizesnoticias.com.br\/wp-content\/uploads\/2026\/02\/IMG_8532-300x150.png\" alt=\"\" width=\"300\" height=\"150\" srcset=\"https:\/\/portalraizesnoticias.com.br\/wp-content\/uploads\/2026\/02\/IMG_8532-300x150.png 300w, https:\/\/portalraizesnoticias.com.br\/wp-content\/uploads\/2026\/02\/IMG_8532-1024x512.png 1024w, https:\/\/portalraizesnoticias.com.br\/wp-content\/uploads\/2026\/02\/IMG_8532-768x384.png 768w, https:\/\/portalraizesnoticias.com.br\/wp-content\/uploads\/2026\/02\/IMG_8532-1536x768.png 1536w, https:\/\/portalraizesnoticias.com.br\/wp-content\/uploads\/2026\/02\/IMG_8532-2048x1024.png 2048w\" sizes=\"(max-width: 300px) 100vw, 300px\" \/><\/p>\n<p>O suspeito j\u00e1 havia deixado a resid\u00eancia minutos antes da chegada da viatura.\u00a0Foram realizadas rondas na localidade, mas ele n\u00e3o foi encontrado.<\/p>\n<p>A v\u00edtima foi orientada a registrar a ocorr\u00eancia na Delegacia de Pol\u00edcia Civil e a acionar novamente o 190 caso o suspeito retornasse ao im\u00f3vel.<\/p>\n<p>Reda\u00e7\u00e3o<\/p>\n","protected":false},"excerpt":{"rendered":"<p>Uma mulher de 24 anos acionou a Pol\u00edcia Militar na tarde deste domingo (1\u00ba), ap\u00f3s denunciar ter sido v\u00edtima de agress\u00e3o f\u00edsica no Povoado de Boqueir\u00e3o, zona rural do munic\u00edpio de Ichu. CLIQUE AQUI E SIGA O INSTAGRAM DO PORTAL RA\u00cdZES\u00a0 De acordo com informa\u00e7\u00f5es da PM, a jovem relatou que foi agredida pelo companheiro ap\u00f3s uma discuss\u00e3o. Conforme a guarni\u00e7\u00e3o, o casal havia feito uso de bebida alco\u00f3lica. Apesar do relato, a mulher n\u00e3o apresentava sinais aparentes de les\u00f5es no momento da chegada dos policiais. O suspeito j\u00e1 havia deixado a resid\u00eancia minutos antes da chegada da viatura.\u00a0Foram realizadas rondas na localidade, mas ele n\u00e3o foi encontrado. A v\u00edtima foi orientada a registrar a ocorr\u00eancia na Delegacia de Pol\u00edcia Civil e a acionar novamente o 190 caso o suspeito retornasse ao im\u00f3vel. Reda\u00e7\u00e3o<\/p>\n","protected":false},"author":3,"featured_media":10933,"comment_status":"open","ping_status":"open","sticky":false,"template":"","format":"standard","meta":{"_joinchat":[],"footnotes":""},"categories":[55,67,59],"tags":[],"class_list":["post-11563","post","type-post","status-publish","format-standard","has-post-thumbnail","hentry","category-destaques","category-policia","category-ultimas-noticias"],"yoast_head":"<!-- This site is optimized with the Yoast SEO plugin v24.4 - https:\/\/yoast.com\/wordpress\/plugins\/seo\/ -->\n<title>Mulher denuncia agress\u00e3o do companheiro na zona rural de Ichu - Portal raizes noticias<\/title>\n<meta name=\"robots\" content=\"index, follow, max-snippet:-1, max-image-preview:large, max-video-preview:-1\" \/>\n<link rel=\"canonical\" href=\"https:\/\/portalraizesnoticias.com.br\/?p=11563\" \/>\n<meta property=\"og:locale\" content=\"pt_BR\" \/>\n<meta property=\"og:type\" content=\"article\" \/>\n<meta property=\"og:title\" content=\"Mulher denuncia agress\u00e3o do companheiro na zona rural de Ichu - Portal raizes noticias\" \/>\n<meta property=\"og:description\" content=\"Uma mulher de 24 anos acionou a Pol\u00edcia Militar na tarde deste domingo (1\u00ba), ap\u00f3s denunciar ter sido v\u00edtima de agress\u00e3o f\u00edsica no Povoado de Boqueir\u00e3o, zona rural do munic\u00edpio de Ichu. CLIQUE AQUI E SIGA O INSTAGRAM DO PORTAL RA\u00cdZES\u00a0 De acordo com informa\u00e7\u00f5es da PM, a jovem relatou que foi agredida pelo companheiro ap\u00f3s uma discuss\u00e3o. Conforme a guarni\u00e7\u00e3o, o casal havia feito uso de bebida alco\u00f3lica. Apesar do relato, a mulher n\u00e3o apresentava sinais aparentes de les\u00f5es no momento da chegada dos policiais. O suspeito j\u00e1 havia deixado a resid\u00eancia minutos antes da chegada da viatura.\u00a0Foram realizadas rondas na localidade, mas ele n\u00e3o foi encontrado. A v\u00edtima foi orientada a registrar a ocorr\u00eancia na Delegacia de Pol\u00edcia Civil e a acionar novamente o 190 caso o suspeito retornasse ao im\u00f3vel. Reda\u00e7\u00e3o\" \/>\n<meta property=\"og:url\" content=\"https:\/\/portalraizesnoticias.com.br\/?p=11563\" \/>\n<meta property=\"og:site_name\" content=\"Portal raizes noticias\" \/>\n<meta property=\"article:published_time\" content=\"2026-03-02T01:49:13+00:00\" \/>\n<meta property=\"article:modified_time\" content=\"2026-03-02T02:03:16+00:00\" \/>\n<meta property=\"og:image\" content=\"https:\/\/portalraizesnoticias.com.br\/wp-content\/uploads\/2026\/02\/Agravamento-da-violencia-contra-mulheres-em-tempos-de-pandemia-2.png\" \/>\n\t<meta property=\"og:image:width\" content=\"1140\" \/>\n\t<meta property=\"og:image:height\" content=\"750\" \/>\n\t<meta property=\"og:image:type\" content=\"image\/png\" \/>\n<meta name=\"author\" content=\"Portal Raizes\" \/>\n<meta name=\"twitter:card\" content=\"summary_large_image\" \/>\n<meta name=\"twitter:label1\" content=\"Escrito por\" \/>\n\t<meta name=\"twitter:data1\" content=\"Portal Raizes\" \/>\n\t<meta name=\"twitter:label2\" content=\"Est. tempo de leitura\" \/>\n\t<meta name=\"twitter:data2\" content=\"2 minutos\" \/>\n<script type=\"application\/ld+json\" class=\"yoast-schema-graph\">{\"@context\":\"https:\/\/schema.org\",\"@graph\":[{\"@type\":\"Article\",\"@id\":\"https:\/\/portalraizesnoticias.com.br\/?p=11563#article\",\"isPartOf\":{\"@id\":\"https:\/\/portalraizesnoticias.com.br\/?p=11563\"},\"author\":{\"name\":\"Portal Raizes\",\"@id\":\"https:\/\/portalraizesnoticias.com.br\/#\/schema\/person\/a3ca6b0fc701e78df19756c417d943ae\"},\"headline\":\"Mulher denuncia agress\u00e3o do companheiro na zona rural de Ichu\",\"datePublished\":\"2026-03-02T01:49:13+00:00\",\"dateModified\":\"2026-03-02T02:03:16+00:00\",\"mainEntityOfPage\":{\"@id\":\"https:\/\/portalraizesnoticias.com.br\/?p=11563\"},\"wordCount\":165,\"commentCount\":0,\"publisher\":{\"@id\":\"https:\/\/portalraizesnoticias.com.br\/#organization\"},\"image\":{\"@id\":\"https:\/\/portalraizesnoticias.com.br\/?p=11563#primaryimage\"},\"thumbnailUrl\":\"https:\/\/portalraizesnoticias.com.br\/wp-content\/uploads\/2026\/02\/Agravamento-da-violencia-contra-mulheres-em-tempos-de-pandemia-2.png\",\"articleSection\":[\"DESTAQUES\",\"POLICIA\",\"ULTIMAS NOTICIAS\"],\"inLanguage\":\"pt-BR\",\"potentialAction\":[{\"@type\":\"CommentAction\",\"name\":\"Comment\",\"target\":[\"https:\/\/portalraizesnoticias.com.br\/?p=11563#respond\"]}]},{\"@type\":\"WebPage\",\"@id\":\"https:\/\/portalraizesnoticias.com.br\/?p=11563\",\"url\":\"https:\/\/portalraizesnoticias.com.br\/?p=11563\",\"name\":\"Mulher denuncia agress\u00e3o do companheiro na zona rural de Ichu - Portal raizes noticias\",\"isPartOf\":{\"@id\":\"https:\/\/portalraizesnoticias.com.br\/#website\"},\"primaryImageOfPage\":{\"@id\":\"https:\/\/portalraizesnoticias.com.br\/?p=11563#primaryimage\"},\"image\":{\"@id\":\"https:\/\/portalraizesnoticias.com.br\/?p=11563#primaryimage\"},\"thumbnailUrl\":\"https:\/\/portalraizesnoticias.com.br\/wp-content\/uploads\/2026\/02\/Agravamento-da-violencia-contra-mulheres-em-tempos-de-pandemia-2.png\",\"datePublished\":\"2026-03-02T01:49:13+00:00\",\"dateModified\":\"2026-03-02T02:03:16+00:00\",\"breadcrumb\":{\"@id\":\"https:\/\/portalraizesnoticias.com.br\/?p=11563#breadcrumb\"},\"inLanguage\":\"pt-BR\",\"potentialAction\":[{\"@type\":\"ReadAction\",\"target\":[\"https:\/\/portalraizesnoticias.com.br\/?p=11563\"]}]},{\"@type\":\"ImageObject\",\"inLanguage\":\"pt-BR\",\"@id\":\"https:\/\/portalraizesnoticias.com.br\/?p=11563#primaryimage\",\"url\":\"https:\/\/portalraizesnoticias.com.br\/wp-content\/uploads\/2026\/02\/Agravamento-da-violencia-contra-mulheres-em-tempos-de-pandemia-2.png\",\"contentUrl\":\"https:\/\/portalraizesnoticias.com.br\/wp-content\/uploads\/2026\/02\/Agravamento-da-violencia-contra-mulheres-em-tempos-de-pandemia-2.png\",\"width\":1140,\"height\":750},{\"@type\":\"BreadcrumbList\",\"@id\":\"https:\/\/portalraizesnoticias.com.br\/?p=11563#breadcrumb\",\"itemListElement\":[{\"@type\":\"ListItem\",\"position\":1,\"name\":\"In\u00edcio\",\"item\":\"https:\/\/portalraizesnoticias.com.br\/\"},{\"@type\":\"ListItem\",\"position\":2,\"name\":\"Mulher denuncia agress\u00e3o do companheiro na zona rural de Ichu\"}]},{\"@type\":\"WebSite\",\"@id\":\"https:\/\/portalraizesnoticias.com.br\/#website\",\"url\":\"https:\/\/portalraizesnoticias.com.br\/\",\"name\":\"Portal raizes NOTICIAS\",\"description\":\"site de noticias de concei\u00e7\u00e3o do coit\u00e9 e regi\u00e3o\",\"publisher\":{\"@id\":\"https:\/\/portalraizesnoticias.com.br\/#organization\"},\"alternateName\":\"PORTAL RAIZES COIT\u00c9\",\"potentialAction\":[{\"@type\":\"SearchAction\",\"target\":{\"@type\":\"EntryPoint\",\"urlTemplate\":\"https:\/\/portalraizesnoticias.com.br\/?s={search_term_string}\"},\"query-input\":{\"@type\":\"PropertyValueSpecification\",\"valueRequired\":true,\"valueName\":\"search_term_string\"}}],\"inLanguage\":\"pt-BR\"},{\"@type\":\"Organization\",\"@id\":\"https:\/\/portalraizesnoticias.com.br\/#organization\",\"name\":\"Portal raizes NOTICIAS\",\"url\":\"https:\/\/portalraizesnoticias.com.br\/\",\"logo\":{\"@type\":\"ImageObject\",\"inLanguage\":\"pt-BR\",\"@id\":\"https:\/\/portalraizesnoticias.com.br\/#\/schema\/logo\/image\/\",\"url\":\"https:\/\/portalraizesnoticias.com.br\/wp-content\/uploads\/2024\/09\/cropped-Captura-de-tela-2024-09-08-011108.png\",\"contentUrl\":\"https:\/\/portalraizesnoticias.com.br\/wp-content\/uploads\/2024\/09\/cropped-Captura-de-tela-2024-09-08-011108.png\",\"width\":606,\"height\":173,\"caption\":\"Portal raizes NOTICIAS\"},\"image\":{\"@id\":\"https:\/\/portalraizesnoticias.com.br\/#\/schema\/logo\/image\/\"}},{\"@type\":\"Person\",\"@id\":\"https:\/\/portalraizesnoticias.com.br\/#\/schema\/person\/a3ca6b0fc701e78df19756c417d943ae\",\"name\":\"Portal Raizes\",\"image\":{\"@type\":\"ImageObject\",\"inLanguage\":\"pt-BR\",\"@id\":\"https:\/\/portalraizesnoticias.com.br\/#\/schema\/person\/image\/\",\"url\":\"https:\/\/secure.gravatar.com\/avatar\/ef450d29013a3d3fba867a12a249d7b1?s=96&d=mm&r=g\",\"contentUrl\":\"https:\/\/secure.gravatar.com\/avatar\/ef450d29013a3d3fba867a12a249d7b1?s=96&d=mm&r=g\",\"caption\":\"Portal Raizes\"},\"url\":\"https:\/\/portalraizesnoticias.com.br\/?author=3\"}]}<\/script>\n<!-- \/ Yoast SEO plugin. -->","yoast_head_json":{"title":"Mulher denuncia agress\u00e3o do companheiro na zona rural de Ichu - Portal raizes noticias","robots":{"index":"index","follow":"follow","max-snippet":"max-snippet:-1","max-image-preview":"max-image-preview:large","max-video-preview":"max-video-preview:-1"},"canonical":"https:\/\/portalraizesnoticias.com.br\/?p=11563","og_locale":"pt_BR","og_type":"article","og_title":"Mulher denuncia agress\u00e3o do companheiro na zona rural de Ichu - Portal raizes noticias","og_description":"Uma mulher de 24 anos acionou a Pol\u00edcia Militar na tarde deste domingo (1\u00ba), ap\u00f3s denunciar ter sido v\u00edtima de agress\u00e3o f\u00edsica no Povoado de Boqueir\u00e3o, zona rural do munic\u00edpio de Ichu. CLIQUE AQUI E SIGA O INSTAGRAM DO PORTAL RA\u00cdZES\u00a0 De acordo com informa\u00e7\u00f5es da PM, a jovem relatou que foi agredida pelo companheiro ap\u00f3s uma discuss\u00e3o. Conforme a guarni\u00e7\u00e3o, o casal havia feito uso de bebida alco\u00f3lica. Apesar do relato, a mulher n\u00e3o apresentava sinais aparentes de les\u00f5es no momento da chegada dos policiais. O suspeito j\u00e1 havia deixado a resid\u00eancia minutos antes da chegada da viatura.\u00a0Foram realizadas rondas na localidade, mas ele n\u00e3o foi encontrado. A v\u00edtima foi orientada a registrar a ocorr\u00eancia na Delegacia de Pol\u00edcia Civil e a acionar novamente o 190 caso o suspeito retornasse ao im\u00f3vel. Reda\u00e7\u00e3o","og_url":"https:\/\/portalraizesnoticias.com.br\/?p=11563","og_site_name":"Portal raizes noticias","article_published_time":"2026-03-02T01:49:13+00:00","article_modified_time":"2026-03-02T02:03:16+00:00","og_image":[{"width":1140,"height":750,"url":"https:\/\/portalraizesnoticias.com.br\/wp-content\/uploads\/2026\/02\/Agravamento-da-violencia-contra-mulheres-em-tempos-de-pandemia-2.png","type":"image\/png"}],"author":"Portal Raizes","twitter_card":"summary_large_image","twitter_misc":{"Escrito por":"Portal Raizes","Est. tempo de leitura":"2 minutos"},"schema":{"@context":"https:\/\/schema.org","@graph":[{"@type":"Article","@id":"https:\/\/portalraizesnoticias.com.br\/?p=11563#article","isPartOf":{"@id":"https:\/\/portalraizesnoticias.com.br\/?p=11563"},"author":{"name":"Portal Raizes","@id":"https:\/\/portalraizesnoticias.com.br\/#\/schema\/person\/a3ca6b0fc701e78df19756c417d943ae"},"headline":"Mulher denuncia agress\u00e3o do companheiro na zona rural de Ichu","datePublished":"2026-03-02T01:49:13+00:00","dateModified":"2026-03-02T02:03:16+00:00","mainEntityOfPage":{"@id":"https:\/\/portalraizesnoticias.com.br\/?p=11563"},"wordCount":165,"commentCount":0,"publisher":{"@id":"https:\/\/portalraizesnoticias.com.br\/#organization"},"image":{"@id":"https:\/\/portalraizesnoticias.com.br\/?p=11563#primaryimage"},"thumbnailUrl":"https:\/\/portalraizesnoticias.com.br\/wp-content\/uploads\/2026\/02\/Agravamento-da-violencia-contra-mulheres-em-tempos-de-pandemia-2.png","articleSection":["DESTAQUES","POLICIA","ULTIMAS NOTICIAS"],"inLanguage":"pt-BR","potentialAction":[{"@type":"CommentAction","name":"Comment","target":["https:\/\/portalraizesnoticias.com.br\/?p=11563#respond"]}]},{"@type":"WebPage","@id":"https:\/\/portalraizesnoticias.com.br\/?p=11563","url":"https:\/\/portalraizesnoticias.com.br\/?p=11563","name":"Mulher denuncia agress\u00e3o do companheiro na zona rural de Ichu - Portal raizes noticias","isPartOf":{"@id":"https:\/\/portalraizesnoticias.com.br\/#website"},"primaryImageOfPage":{"@id":"https:\/\/portalraizesnoticias.com.br\/?p=11563#primaryimage"},"image":{"@id":"https:\/\/portalraizesnoticias.com.br\/?p=11563#primaryimage"},"thumbnailUrl":"https:\/\/portalraizesnoticias.com.br\/wp-content\/uploads\/2026\/02\/Agravamento-da-violencia-contra-mulheres-em-tempos-de-pandemia-2.png","datePublished":"2026-03-02T01:49:13+00:00","dateModified":"2026-03-02T02:03:16+00:00","breadcrumb":{"@id":"https:\/\/portalraizesnoticias.com.br\/?p=11563#breadcrumb"},"inLanguage":"pt-BR","potentialAction":[{"@type":"ReadAction","target":["https:\/\/portalraizesnoticias.com.br\/?p=11563"]}]},{"@type":"ImageObject","inLanguage":"pt-BR","@id":"https:\/\/portalraizesnoticias.com.br\/?p=11563#primaryimage","url":"https:\/\/portalraizesnoticias.com.br\/wp-content\/uploads\/2026\/02\/Agravamento-da-violencia-contra-mulheres-em-tempos-de-pandemia-2.png","contentUrl":"https:\/\/portalraizesnoticias.com.br\/wp-content\/uploads\/2026\/02\/Agravamento-da-violencia-contra-mulheres-em-tempos-de-pandemia-2.png","width":1140,"height":750},{"@type":"BreadcrumbList","@id":"https:\/\/portalraizesnoticias.com.br\/?p=11563#breadcrumb","itemListElement":[{"@type":"ListItem","position":1,"name":"In\u00edcio","item":"https:\/\/portalraizesnoticias.com.br\/"},{"@type":"ListItem","position":2,"name":"Mulher denuncia agress\u00e3o do companheiro na zona rural de Ichu"}]},{"@type":"WebSite","@id":"https:\/\/portalraizesnoticias.com.br\/#website","url":"https:\/\/portalraizesnoticias.com.br\/","name":"Portal raizes NOTICIAS","description":"site de noticias de concei\u00e7\u00e3o do coit\u00e9 e regi\u00e3o","publisher":{"@id":"https:\/\/portalraizesnoticias.com.br\/#organization"},"alternateName":"PORTAL RAIZES COIT\u00c9","potentialAction":[{"@type":"SearchAction","target":{"@type":"EntryPoint","urlTemplate":"https:\/\/portalraizesnoticias.com.br\/?s={search_term_string}"},"query-input":{"@type":"PropertyValueSpecification","valueRequired":true,"valueName":"search_term_string"}}],"inLanguage":"pt-BR"},{"@type":"Organization","@id":"https:\/\/portalraizesnoticias.com.br\/#organization","name":"Portal raizes NOTICIAS","url":"https:\/\/portalraizesnoticias.com.br\/","logo":{"@type":"ImageObject","inLanguage":"pt-BR","@id":"https:\/\/portalraizesnoticias.com.br\/#\/schema\/logo\/image\/","url":"https:\/\/portalraizesnoticias.com.br\/wp-content\/uploads\/2024\/09\/cropped-Captura-de-tela-2024-09-08-011108.png","contentUrl":"https:\/\/portalraizesnoticias.com.br\/wp-content\/uploads\/2024\/09\/cropped-Captura-de-tela-2024-09-08-011108.png","width":606,"height":173,"caption":"Portal raizes NOTICIAS"},"image":{"@id":"https:\/\/portalraizesnoticias.com.br\/#\/schema\/logo\/image\/"}},{"@type":"Person","@id":"https:\/\/portalraizesnoticias.com.br\/#\/schema\/person\/a3ca6b0fc701e78df19756c417d943ae","name":"Portal Raizes","image":{"@type":"ImageObject","inLanguage":"pt-BR","@id":"https:\/\/portalraizesnoticias.com.br\/#\/schema\/person\/image\/","url":"https:\/\/secure.gravatar.com\/avatar\/ef450d29013a3d3fba867a12a249d7b1?s=96&d=mm&r=g","contentUrl":"https:\/\/secure.gravatar.com\/avatar\/ef450d29013a3d3fba867a12a249d7b1?s=96&d=mm&r=g","caption":"Portal Raizes"},"url":"https:\/\/portalraizesnoticias.com.br\/?author=3"}]}},"_links":{"self":[{"href":"https:\/\/portalraizesnoticias.com.br\/index.php?rest_route=\/wp\/v2\/posts\/11563"}],"collection":[{"href":"https:\/\/portalraizesnoticias.com.br\/index.php?rest_route=\/wp\/v2\/posts"}],"about":[{"href":"https:\/\/portalraizesnoticias.com.br\/index.php?rest_route=\/wp\/v2\/types\/post"}],"author":[{"embeddable":true,"href":"https:\/\/portalraizesnoticias.com.br\/index.php?rest_route=\/wp\/v2\/users\/3"}],"replies":[{"embeddable":true,"href":"https:\/\/portalraizesnoticias.com.br\/index.php?rest_route=%2Fwp%2Fv2%2Fcomments&post=11563"}],"version-history":[{"count":4,"href":"https:\/\/portalraizesnoticias.com.br\/index.php?rest_route=\/wp\/v2\/posts\/11563\/revisions"}],"predecessor-version":[{"id":11567,"href":"https:\/\/portalraizesnoticias.com.br\/index.php?rest_route=\/wp\/v2\/posts\/11563\/revisions\/11567"}],"wp:featuredmedia":[{"embeddable":true,"href":"https:\/\/portalraizesnoticias.com.br\/index.php?rest_route=\/wp\/v2\/media\/10933"}],"wp:attachment":[{"href":"https:\/\/portalraizesnoticias.com.br\/index.php?rest_route=%2Fwp%2Fv2%2Fmedia&parent=11563"}],"wp:term":[{"taxonomy":"category","embeddable":true,"href":"https:\/\/portalraizesnoticias.com.br\/index.php?rest_route=%2Fwp%2Fv2%2Fcategories&post=11563"},{"taxonomy":"post_tag","embeddable":true,"href":"https:\/\/portalraizesnoticias.com.br\/index.php?rest_route=%2Fwp%2Fv2%2Ftags&post=11563"}],"curies":[{"name":"wp","href":"https:\/\/api.w.org\/{rel}","templated":true}]}}