{"id":11385,"date":"2026-02-23T23:54:20","date_gmt":"2026-02-24T02:54:20","guid":{"rendered":"https:\/\/portalraizesnoticias.com.br\/?p=11385"},"modified":"2026-02-24T00:04:49","modified_gmt":"2026-02-24T03:04:49","slug":"denuncia-anonima-leva-a-prisao-de-suspeitos-por-ocultacao-de-armas-de-homicidio-em-santa-barbara","status":"publish","type":"post","link":"https:\/\/portalraizesnoticias.com.br\/?p=11385","title":{"rendered":"Den\u00fancia an\u00f4nima leva \u00e0 pris\u00e3o de suspeitos por oculta\u00e7\u00e3o de armas de homic\u00eddio em Santa B\u00e1rbara"},"content":{"rendered":"<p>Na manh\u00e3 desta segunda-feira (23), por volta das 9h, guarni\u00e7\u00f5es da 25\u00ba BPM prenderam dois suspeitos de envolvimento em fraude processual relacionada a um homic\u00eddio ocorrido no \u00faltimo dia 21 de fevereiro, no munic\u00edpio de Santa B\u00e1rbara.<\/p>\n<p><img decoding=\"async\" class=\"size-medium wp-image-11228 aligncenter\" src=\"https:\/\/portalraizesnoticias.com.br\/wp-content\/uploads\/2026\/02\/IMG_8532-300x150.png\" alt=\"\" width=\"300\" height=\"150\" srcset=\"https:\/\/portalraizesnoticias.com.br\/wp-content\/uploads\/2026\/02\/IMG_8532-300x150.png 300w, https:\/\/portalraizesnoticias.com.br\/wp-content\/uploads\/2026\/02\/IMG_8532-1024x512.png 1024w, https:\/\/portalraizesnoticias.com.br\/wp-content\/uploads\/2026\/02\/IMG_8532-768x384.png 768w, https:\/\/portalraizesnoticias.com.br\/wp-content\/uploads\/2026\/02\/IMG_8532-1536x768.png 1536w, https:\/\/portalraizesnoticias.com.br\/wp-content\/uploads\/2026\/02\/IMG_8532-2048x1024.png 2048w\" sizes=\"(max-width: 300px) 100vw, 300px\" \/><\/p>\n<p>De acordo com informa\u00e7\u00f5es obtidas pelo Portal Ra\u00edzes junto a PM, a\u00e7\u00e3o foi desencadeada ap\u00f3s den\u00fancia an\u00f4nima indicando a poss\u00edvel localiza\u00e7\u00e3o de um homem suspeito de participar da oculta\u00e7\u00e3o das armas utilizadas no crime. As equipes deslocaram-se at\u00e9 a localidade do Renascer\/Torto.<\/p>\n<p><img decoding=\"async\" class=\"size-medium wp-image-11232 aligncenter\" src=\"https:\/\/portalraizesnoticias.com.br\/wp-content\/uploads\/2026\/02\/IMG_8528-300x150.png\" alt=\"\" width=\"300\" height=\"150\" srcset=\"https:\/\/portalraizesnoticias.com.br\/wp-content\/uploads\/2026\/02\/IMG_8528-300x150.png 300w, https:\/\/portalraizesnoticias.com.br\/wp-content\/uploads\/2026\/02\/IMG_8528-1024x512.png 1024w, https:\/\/portalraizesnoticias.com.br\/wp-content\/uploads\/2026\/02\/IMG_8528-768x384.png 768w, https:\/\/portalraizesnoticias.com.br\/wp-content\/uploads\/2026\/02\/IMG_8528-1536x768.png 1536w, https:\/\/portalraizesnoticias.com.br\/wp-content\/uploads\/2026\/02\/IMG_8528-2048x1024.png 2048w\" sizes=\"(max-width: 300px) 100vw, 300px\" \/><\/p>\n<p>Durante as dilig\u00eancias, o suspeito informou aos policiais que teria repassado as armas a uma mulher tamb\u00e9m apontada como suspeita de participa\u00e7\u00e3o na oculta\u00e7\u00e3o do material. Em continuidade \u00e0s buscas, os militares encontraram a mulher, que relatou ter entregue o armamento a outra pessoa, mas afirmou n\u00e3o saber o paradeiro atual das armas.<\/p>\n<p><img fetchpriority=\"high\" decoding=\"async\" class=\"size-medium wp-image-8289 aligncenter\" src=\"https:\/\/portalraizesnoticias.com.br\/wp-content\/uploads\/2025\/09\/IMG-20250918-WA0124-300x300.jpg\" alt=\"\" width=\"300\" height=\"300\" srcset=\"https:\/\/portalraizesnoticias.com.br\/wp-content\/uploads\/2025\/09\/IMG-20250918-WA0124-300x300.jpg 300w, https:\/\/portalraizesnoticias.com.br\/wp-content\/uploads\/2025\/09\/IMG-20250918-WA0124-150x150.jpg 150w, https:\/\/portalraizesnoticias.com.br\/wp-content\/uploads\/2025\/09\/IMG-20250918-WA0124-768x768.jpg 768w, https:\/\/portalraizesnoticias.com.br\/wp-content\/uploads\/2025\/09\/IMG-20250918-WA0124.jpg 1000w\" sizes=\"(max-width: 300px) 100vw, 300px\" \/><\/p>\n<p style=\"text-align: center;\"><strong>PUBLICIDADE<\/strong><\/p>\n<p>Foram apreendidos sete aparelhos celulares, sendo que um deles, supostamente, pertence \u00e0 v\u00edtima do homic\u00eddio.<\/p>\n<p><img loading=\"lazy\" decoding=\"async\" class=\"size-medium wp-image-8006 aligncenter\" src=\"https:\/\/portalraizesnoticias.com.br\/wp-content\/uploads\/2025\/09\/IMG-20250902-WA0020-300x296.jpg\" alt=\"\" width=\"300\" height=\"296\" srcset=\"https:\/\/portalraizesnoticias.com.br\/wp-content\/uploads\/2025\/09\/IMG-20250902-WA0020-300x296.jpg 300w, https:\/\/portalraizesnoticias.com.br\/wp-content\/uploads\/2025\/09\/IMG-20250902-WA0020-1024x1009.jpg 1024w, https:\/\/portalraizesnoticias.com.br\/wp-content\/uploads\/2025\/09\/IMG-20250902-WA0020-768x757.jpg 768w, https:\/\/portalraizesnoticias.com.br\/wp-content\/uploads\/2025\/09\/IMG-20250902-WA0020.jpg 1080w\" sizes=\"(max-width: 300px) 100vw, 300px\" \/><\/p>\n<p style=\"text-align: center;\"><strong>PUBLICIDADE<\/strong><\/p>\n<p>Diante dos fatos, os dois suspeitos e os celulares apreendidos foram apresentados na Delegacia Territorial de Santa B\u00e1rbara.<\/p>\n<p>O caso segue sob investiga\u00e7\u00e3o da Pol\u00edcia Civil.<\/p>\n<p>Reda\u00e7\u00e3o<\/p>\n","protected":false},"excerpt":{"rendered":"<p>Na manh\u00e3 desta segunda-feira (23), por volta das 9h, guarni\u00e7\u00f5es da 25\u00ba BPM prenderam dois suspeitos de envolvimento em fraude processual relacionada a um homic\u00eddio ocorrido no \u00faltimo dia 21 de fevereiro, no munic\u00edpio de Santa B\u00e1rbara. De acordo com informa\u00e7\u00f5es obtidas pelo Portal Ra\u00edzes junto a PM, a\u00e7\u00e3o foi desencadeada ap\u00f3s den\u00fancia an\u00f4nima indicando a poss\u00edvel localiza\u00e7\u00e3o de um homem suspeito de participar da oculta\u00e7\u00e3o das armas utilizadas no crime. As equipes deslocaram-se at\u00e9 a localidade do Renascer\/Torto. Durante as dilig\u00eancias, o suspeito informou aos policiais que teria repassado as armas a uma mulher tamb\u00e9m apontada como suspeita de participa\u00e7\u00e3o na oculta\u00e7\u00e3o do material. Em continuidade \u00e0s buscas, os militares encontraram a mulher, que relatou ter entregue o armamento a outra pessoa, mas afirmou n\u00e3o saber o paradeiro atual das armas. PUBLICIDADE Foram apreendidos sete aparelhos celulares, sendo que um deles, supostamente, pertence \u00e0 v\u00edtima do homic\u00eddio. PUBLICIDADE Diante dos fatos, os dois suspeitos e os celulares apreendidos foram apresentados na Delegacia Territorial de Santa B\u00e1rbara. O caso segue sob investiga\u00e7\u00e3o da Pol\u00edcia Civil. Reda\u00e7\u00e3o<\/p>\n","protected":false},"author":3,"featured_media":2063,"comment_status":"open","ping_status":"open","sticky":false,"template":"","format":"standard","meta":{"_joinchat":[],"footnotes":""},"categories":[55,67,59],"tags":[],"class_list":["post-11385","post","type-post","status-publish","format-standard","has-post-thumbnail","hentry","category-destaques","category-policia","category-ultimas-noticias"],"yoast_head":"<!-- This site is optimized with the Yoast SEO plugin v24.4 - https:\/\/yoast.com\/wordpress\/plugins\/seo\/ -->\n<title>Den\u00fancia an\u00f4nima leva \u00e0 pris\u00e3o de suspeitos por oculta\u00e7\u00e3o de armas de homic\u00eddio em Santa B\u00e1rbara - Portal raizes noticias<\/title>\n<meta name=\"robots\" content=\"index, follow, max-snippet:-1, max-image-preview:large, max-video-preview:-1\" \/>\n<link rel=\"canonical\" href=\"https:\/\/portalraizesnoticias.com.br\/?p=11385\" \/>\n<meta property=\"og:locale\" content=\"pt_BR\" \/>\n<meta property=\"og:type\" content=\"article\" \/>\n<meta property=\"og:title\" content=\"Den\u00fancia an\u00f4nima leva \u00e0 pris\u00e3o de suspeitos por oculta\u00e7\u00e3o de armas de homic\u00eddio em Santa B\u00e1rbara - Portal raizes noticias\" \/>\n<meta property=\"og:description\" content=\"Na manh\u00e3 desta segunda-feira (23), por volta das 9h, guarni\u00e7\u00f5es da 25\u00ba BPM prenderam dois suspeitos de envolvimento em fraude processual relacionada a um homic\u00eddio ocorrido no \u00faltimo dia 21 de fevereiro, no munic\u00edpio de Santa B\u00e1rbara. De acordo com informa\u00e7\u00f5es obtidas pelo Portal Ra\u00edzes junto a PM, a\u00e7\u00e3o foi desencadeada ap\u00f3s den\u00fancia an\u00f4nima indicando a poss\u00edvel localiza\u00e7\u00e3o de um homem suspeito de participar da oculta\u00e7\u00e3o das armas utilizadas no crime. As equipes deslocaram-se at\u00e9 a localidade do Renascer\/Torto. Durante as dilig\u00eancias, o suspeito informou aos policiais que teria repassado as armas a uma mulher tamb\u00e9m apontada como suspeita de participa\u00e7\u00e3o na oculta\u00e7\u00e3o do material. Em continuidade \u00e0s buscas, os militares encontraram a mulher, que relatou ter entregue o armamento a outra pessoa, mas afirmou n\u00e3o saber o paradeiro atual das armas. PUBLICIDADE Foram apreendidos sete aparelhos celulares, sendo que um deles, supostamente, pertence \u00e0 v\u00edtima do homic\u00eddio. PUBLICIDADE Diante dos fatos, os dois suspeitos e os celulares apreendidos foram apresentados na Delegacia Territorial de Santa B\u00e1rbara. O caso segue sob investiga\u00e7\u00e3o da Pol\u00edcia Civil. Reda\u00e7\u00e3o\" \/>\n<meta property=\"og:url\" content=\"https:\/\/portalraizesnoticias.com.br\/?p=11385\" \/>\n<meta property=\"og:site_name\" content=\"Portal raizes noticias\" \/>\n<meta property=\"article:published_time\" content=\"2026-02-24T02:54:20+00:00\" \/>\n<meta property=\"article:modified_time\" content=\"2026-02-24T03:04:49+00:00\" \/>\n<meta property=\"og:image\" content=\"https:\/\/portalraizesnoticias.com.br\/wp-content\/uploads\/2024\/11\/pm-policia-militar-53151373421_6fb63d5c5d_o-qwpo2blvhkl4x8z1yykn8fe73p89nh9w7jtstkb6uo.jpg\" \/>\n\t<meta property=\"og:image:width\" content=\"800\" \/>\n\t<meta property=\"og:image:height\" content=\"600\" \/>\n\t<meta property=\"og:image:type\" content=\"image\/jpeg\" \/>\n<meta name=\"author\" content=\"Portal Raizes\" \/>\n<meta name=\"twitter:card\" content=\"summary_large_image\" \/>\n<meta name=\"twitter:label1\" content=\"Escrito por\" \/>\n\t<meta name=\"twitter:data1\" content=\"Portal Raizes\" \/>\n\t<meta name=\"twitter:label2\" content=\"Est. tempo de leitura\" \/>\n\t<meta name=\"twitter:data2\" content=\"2 minutos\" \/>\n<script type=\"application\/ld+json\" class=\"yoast-schema-graph\">{\"@context\":\"https:\/\/schema.org\",\"@graph\":[{\"@type\":\"Article\",\"@id\":\"https:\/\/portalraizesnoticias.com.br\/?p=11385#article\",\"isPartOf\":{\"@id\":\"https:\/\/portalraizesnoticias.com.br\/?p=11385\"},\"author\":{\"name\":\"Portal Raizes\",\"@id\":\"https:\/\/portalraizesnoticias.com.br\/#\/schema\/person\/a3ca6b0fc701e78df19756c417d943ae\"},\"headline\":\"Den\u00fancia an\u00f4nima leva \u00e0 pris\u00e3o de suspeitos por oculta\u00e7\u00e3o de armas de homic\u00eddio em Santa B\u00e1rbara\",\"datePublished\":\"2026-02-24T02:54:20+00:00\",\"dateModified\":\"2026-02-24T03:04:49+00:00\",\"mainEntityOfPage\":{\"@id\":\"https:\/\/portalraizesnoticias.com.br\/?p=11385\"},\"wordCount\":218,\"commentCount\":0,\"publisher\":{\"@id\":\"https:\/\/portalraizesnoticias.com.br\/#organization\"},\"image\":{\"@id\":\"https:\/\/portalraizesnoticias.com.br\/?p=11385#primaryimage\"},\"thumbnailUrl\":\"https:\/\/portalraizesnoticias.com.br\/wp-content\/uploads\/2024\/11\/pm-policia-militar-53151373421_6fb63d5c5d_o-qwpo2blvhkl4x8z1yykn8fe73p89nh9w7jtstkb6uo.jpg\",\"articleSection\":[\"DESTAQUES\",\"POLICIA\",\"ULTIMAS NOTICIAS\"],\"inLanguage\":\"pt-BR\",\"potentialAction\":[{\"@type\":\"CommentAction\",\"name\":\"Comment\",\"target\":[\"https:\/\/portalraizesnoticias.com.br\/?p=11385#respond\"]}]},{\"@type\":\"WebPage\",\"@id\":\"https:\/\/portalraizesnoticias.com.br\/?p=11385\",\"url\":\"https:\/\/portalraizesnoticias.com.br\/?p=11385\",\"name\":\"Den\u00fancia an\u00f4nima leva \u00e0 pris\u00e3o de suspeitos por oculta\u00e7\u00e3o de armas de homic\u00eddio em Santa B\u00e1rbara - Portal raizes noticias\",\"isPartOf\":{\"@id\":\"https:\/\/portalraizesnoticias.com.br\/#website\"},\"primaryImageOfPage\":{\"@id\":\"https:\/\/portalraizesnoticias.com.br\/?p=11385#primaryimage\"},\"image\":{\"@id\":\"https:\/\/portalraizesnoticias.com.br\/?p=11385#primaryimage\"},\"thumbnailUrl\":\"https:\/\/portalraizesnoticias.com.br\/wp-content\/uploads\/2024\/11\/pm-policia-militar-53151373421_6fb63d5c5d_o-qwpo2blvhkl4x8z1yykn8fe73p89nh9w7jtstkb6uo.jpg\",\"datePublished\":\"2026-02-24T02:54:20+00:00\",\"dateModified\":\"2026-02-24T03:04:49+00:00\",\"breadcrumb\":{\"@id\":\"https:\/\/portalraizesnoticias.com.br\/?p=11385#breadcrumb\"},\"inLanguage\":\"pt-BR\",\"potentialAction\":[{\"@type\":\"ReadAction\",\"target\":[\"https:\/\/portalraizesnoticias.com.br\/?p=11385\"]}]},{\"@type\":\"ImageObject\",\"inLanguage\":\"pt-BR\",\"@id\":\"https:\/\/portalraizesnoticias.com.br\/?p=11385#primaryimage\",\"url\":\"https:\/\/portalraizesnoticias.com.br\/wp-content\/uploads\/2024\/11\/pm-policia-militar-53151373421_6fb63d5c5d_o-qwpo2blvhkl4x8z1yykn8fe73p89nh9w7jtstkb6uo.jpg\",\"contentUrl\":\"https:\/\/portalraizesnoticias.com.br\/wp-content\/uploads\/2024\/11\/pm-policia-militar-53151373421_6fb63d5c5d_o-qwpo2blvhkl4x8z1yykn8fe73p89nh9w7jtstkb6uo.jpg\",\"width\":800,\"height\":600},{\"@type\":\"BreadcrumbList\",\"@id\":\"https:\/\/portalraizesnoticias.com.br\/?p=11385#breadcrumb\",\"itemListElement\":[{\"@type\":\"ListItem\",\"position\":1,\"name\":\"In\u00edcio\",\"item\":\"https:\/\/portalraizesnoticias.com.br\/\"},{\"@type\":\"ListItem\",\"position\":2,\"name\":\"Den\u00fancia an\u00f4nima leva \u00e0 pris\u00e3o de suspeitos por oculta\u00e7\u00e3o de armas de homic\u00eddio em Santa B\u00e1rbara\"}]},{\"@type\":\"WebSite\",\"@id\":\"https:\/\/portalraizesnoticias.com.br\/#website\",\"url\":\"https:\/\/portalraizesnoticias.com.br\/\",\"name\":\"Portal raizes NOTICIAS\",\"description\":\"site de noticias de concei\u00e7\u00e3o do coit\u00e9 e regi\u00e3o\",\"publisher\":{\"@id\":\"https:\/\/portalraizesnoticias.com.br\/#organization\"},\"alternateName\":\"PORTAL RAIZES COIT\u00c9\",\"potentialAction\":[{\"@type\":\"SearchAction\",\"target\":{\"@type\":\"EntryPoint\",\"urlTemplate\":\"https:\/\/portalraizesnoticias.com.br\/?s={search_term_string}\"},\"query-input\":{\"@type\":\"PropertyValueSpecification\",\"valueRequired\":true,\"valueName\":\"search_term_string\"}}],\"inLanguage\":\"pt-BR\"},{\"@type\":\"Organization\",\"@id\":\"https:\/\/portalraizesnoticias.com.br\/#organization\",\"name\":\"Portal raizes NOTICIAS\",\"url\":\"https:\/\/portalraizesnoticias.com.br\/\",\"logo\":{\"@type\":\"ImageObject\",\"inLanguage\":\"pt-BR\",\"@id\":\"https:\/\/portalraizesnoticias.com.br\/#\/schema\/logo\/image\/\",\"url\":\"https:\/\/portalraizesnoticias.com.br\/wp-content\/uploads\/2024\/09\/cropped-Captura-de-tela-2024-09-08-011108.png\",\"contentUrl\":\"https:\/\/portalraizesnoticias.com.br\/wp-content\/uploads\/2024\/09\/cropped-Captura-de-tela-2024-09-08-011108.png\",\"width\":606,\"height\":173,\"caption\":\"Portal raizes NOTICIAS\"},\"image\":{\"@id\":\"https:\/\/portalraizesnoticias.com.br\/#\/schema\/logo\/image\/\"}},{\"@type\":\"Person\",\"@id\":\"https:\/\/portalraizesnoticias.com.br\/#\/schema\/person\/a3ca6b0fc701e78df19756c417d943ae\",\"name\":\"Portal Raizes\",\"image\":{\"@type\":\"ImageObject\",\"inLanguage\":\"pt-BR\",\"@id\":\"https:\/\/portalraizesnoticias.com.br\/#\/schema\/person\/image\/\",\"url\":\"https:\/\/secure.gravatar.com\/avatar\/ef450d29013a3d3fba867a12a249d7b1?s=96&d=mm&r=g\",\"contentUrl\":\"https:\/\/secure.gravatar.com\/avatar\/ef450d29013a3d3fba867a12a249d7b1?s=96&d=mm&r=g\",\"caption\":\"Portal Raizes\"},\"url\":\"https:\/\/portalraizesnoticias.com.br\/?author=3\"}]}<\/script>\n<!-- \/ Yoast SEO plugin. -->","yoast_head_json":{"title":"Den\u00fancia an\u00f4nima leva \u00e0 pris\u00e3o de suspeitos por oculta\u00e7\u00e3o de armas de homic\u00eddio em Santa B\u00e1rbara - Portal raizes noticias","robots":{"index":"index","follow":"follow","max-snippet":"max-snippet:-1","max-image-preview":"max-image-preview:large","max-video-preview":"max-video-preview:-1"},"canonical":"https:\/\/portalraizesnoticias.com.br\/?p=11385","og_locale":"pt_BR","og_type":"article","og_title":"Den\u00fancia an\u00f4nima leva \u00e0 pris\u00e3o de suspeitos por oculta\u00e7\u00e3o de armas de homic\u00eddio em Santa B\u00e1rbara - Portal raizes noticias","og_description":"Na manh\u00e3 desta segunda-feira (23), por volta das 9h, guarni\u00e7\u00f5es da 25\u00ba BPM prenderam dois suspeitos de envolvimento em fraude processual relacionada a um homic\u00eddio ocorrido no \u00faltimo dia 21 de fevereiro, no munic\u00edpio de Santa B\u00e1rbara. De acordo com informa\u00e7\u00f5es obtidas pelo Portal Ra\u00edzes junto a PM, a\u00e7\u00e3o foi desencadeada ap\u00f3s den\u00fancia an\u00f4nima indicando a poss\u00edvel localiza\u00e7\u00e3o de um homem suspeito de participar da oculta\u00e7\u00e3o das armas utilizadas no crime. As equipes deslocaram-se at\u00e9 a localidade do Renascer\/Torto. Durante as dilig\u00eancias, o suspeito informou aos policiais que teria repassado as armas a uma mulher tamb\u00e9m apontada como suspeita de participa\u00e7\u00e3o na oculta\u00e7\u00e3o do material. Em continuidade \u00e0s buscas, os militares encontraram a mulher, que relatou ter entregue o armamento a outra pessoa, mas afirmou n\u00e3o saber o paradeiro atual das armas. PUBLICIDADE Foram apreendidos sete aparelhos celulares, sendo que um deles, supostamente, pertence \u00e0 v\u00edtima do homic\u00eddio. PUBLICIDADE Diante dos fatos, os dois suspeitos e os celulares apreendidos foram apresentados na Delegacia Territorial de Santa B\u00e1rbara. O caso segue sob investiga\u00e7\u00e3o da Pol\u00edcia Civil. Reda\u00e7\u00e3o","og_url":"https:\/\/portalraizesnoticias.com.br\/?p=11385","og_site_name":"Portal raizes noticias","article_published_time":"2026-02-24T02:54:20+00:00","article_modified_time":"2026-02-24T03:04:49+00:00","og_image":[{"width":800,"height":600,"url":"https:\/\/portalraizesnoticias.com.br\/wp-content\/uploads\/2024\/11\/pm-policia-militar-53151373421_6fb63d5c5d_o-qwpo2blvhkl4x8z1yykn8fe73p89nh9w7jtstkb6uo.jpg","type":"image\/jpeg"}],"author":"Portal Raizes","twitter_card":"summary_large_image","twitter_misc":{"Escrito por":"Portal Raizes","Est. tempo de leitura":"2 minutos"},"schema":{"@context":"https:\/\/schema.org","@graph":[{"@type":"Article","@id":"https:\/\/portalraizesnoticias.com.br\/?p=11385#article","isPartOf":{"@id":"https:\/\/portalraizesnoticias.com.br\/?p=11385"},"author":{"name":"Portal Raizes","@id":"https:\/\/portalraizesnoticias.com.br\/#\/schema\/person\/a3ca6b0fc701e78df19756c417d943ae"},"headline":"Den\u00fancia an\u00f4nima leva \u00e0 pris\u00e3o de suspeitos por oculta\u00e7\u00e3o de armas de homic\u00eddio em Santa B\u00e1rbara","datePublished":"2026-02-24T02:54:20+00:00","dateModified":"2026-02-24T03:04:49+00:00","mainEntityOfPage":{"@id":"https:\/\/portalraizesnoticias.com.br\/?p=11385"},"wordCount":218,"commentCount":0,"publisher":{"@id":"https:\/\/portalraizesnoticias.com.br\/#organization"},"image":{"@id":"https:\/\/portalraizesnoticias.com.br\/?p=11385#primaryimage"},"thumbnailUrl":"https:\/\/portalraizesnoticias.com.br\/wp-content\/uploads\/2024\/11\/pm-policia-militar-53151373421_6fb63d5c5d_o-qwpo2blvhkl4x8z1yykn8fe73p89nh9w7jtstkb6uo.jpg","articleSection":["DESTAQUES","POLICIA","ULTIMAS NOTICIAS"],"inLanguage":"pt-BR","potentialAction":[{"@type":"CommentAction","name":"Comment","target":["https:\/\/portalraizesnoticias.com.br\/?p=11385#respond"]}]},{"@type":"WebPage","@id":"https:\/\/portalraizesnoticias.com.br\/?p=11385","url":"https:\/\/portalraizesnoticias.com.br\/?p=11385","name":"Den\u00fancia an\u00f4nima leva \u00e0 pris\u00e3o de suspeitos por oculta\u00e7\u00e3o de armas de homic\u00eddio em Santa B\u00e1rbara - Portal raizes noticias","isPartOf":{"@id":"https:\/\/portalraizesnoticias.com.br\/#website"},"primaryImageOfPage":{"@id":"https:\/\/portalraizesnoticias.com.br\/?p=11385#primaryimage"},"image":{"@id":"https:\/\/portalraizesnoticias.com.br\/?p=11385#primaryimage"},"thumbnailUrl":"https:\/\/portalraizesnoticias.com.br\/wp-content\/uploads\/2024\/11\/pm-policia-militar-53151373421_6fb63d5c5d_o-qwpo2blvhkl4x8z1yykn8fe73p89nh9w7jtstkb6uo.jpg","datePublished":"2026-02-24T02:54:20+00:00","dateModified":"2026-02-24T03:04:49+00:00","breadcrumb":{"@id":"https:\/\/portalraizesnoticias.com.br\/?p=11385#breadcrumb"},"inLanguage":"pt-BR","potentialAction":[{"@type":"ReadAction","target":["https:\/\/portalraizesnoticias.com.br\/?p=11385"]}]},{"@type":"ImageObject","inLanguage":"pt-BR","@id":"https:\/\/portalraizesnoticias.com.br\/?p=11385#primaryimage","url":"https:\/\/portalraizesnoticias.com.br\/wp-content\/uploads\/2024\/11\/pm-policia-militar-53151373421_6fb63d5c5d_o-qwpo2blvhkl4x8z1yykn8fe73p89nh9w7jtstkb6uo.jpg","contentUrl":"https:\/\/portalraizesnoticias.com.br\/wp-content\/uploads\/2024\/11\/pm-policia-militar-53151373421_6fb63d5c5d_o-qwpo2blvhkl4x8z1yykn8fe73p89nh9w7jtstkb6uo.jpg","width":800,"height":600},{"@type":"BreadcrumbList","@id":"https:\/\/portalraizesnoticias.com.br\/?p=11385#breadcrumb","itemListElement":[{"@type":"ListItem","position":1,"name":"In\u00edcio","item":"https:\/\/portalraizesnoticias.com.br\/"},{"@type":"ListItem","position":2,"name":"Den\u00fancia an\u00f4nima leva \u00e0 pris\u00e3o de suspeitos por oculta\u00e7\u00e3o de armas de homic\u00eddio em Santa B\u00e1rbara"}]},{"@type":"WebSite","@id":"https:\/\/portalraizesnoticias.com.br\/#website","url":"https:\/\/portalraizesnoticias.com.br\/","name":"Portal raizes NOTICIAS","description":"site de noticias de concei\u00e7\u00e3o do coit\u00e9 e regi\u00e3o","publisher":{"@id":"https:\/\/portalraizesnoticias.com.br\/#organization"},"alternateName":"PORTAL RAIZES COIT\u00c9","potentialAction":[{"@type":"SearchAction","target":{"@type":"EntryPoint","urlTemplate":"https:\/\/portalraizesnoticias.com.br\/?s={search_term_string}"},"query-input":{"@type":"PropertyValueSpecification","valueRequired":true,"valueName":"search_term_string"}}],"inLanguage":"pt-BR"},{"@type":"Organization","@id":"https:\/\/portalraizesnoticias.com.br\/#organization","name":"Portal raizes NOTICIAS","url":"https:\/\/portalraizesnoticias.com.br\/","logo":{"@type":"ImageObject","inLanguage":"pt-BR","@id":"https:\/\/portalraizesnoticias.com.br\/#\/schema\/logo\/image\/","url":"https:\/\/portalraizesnoticias.com.br\/wp-content\/uploads\/2024\/09\/cropped-Captura-de-tela-2024-09-08-011108.png","contentUrl":"https:\/\/portalraizesnoticias.com.br\/wp-content\/uploads\/2024\/09\/cropped-Captura-de-tela-2024-09-08-011108.png","width":606,"height":173,"caption":"Portal raizes NOTICIAS"},"image":{"@id":"https:\/\/portalraizesnoticias.com.br\/#\/schema\/logo\/image\/"}},{"@type":"Person","@id":"https:\/\/portalraizesnoticias.com.br\/#\/schema\/person\/a3ca6b0fc701e78df19756c417d943ae","name":"Portal Raizes","image":{"@type":"ImageObject","inLanguage":"pt-BR","@id":"https:\/\/portalraizesnoticias.com.br\/#\/schema\/person\/image\/","url":"https:\/\/secure.gravatar.com\/avatar\/ef450d29013a3d3fba867a12a249d7b1?s=96&d=mm&r=g","contentUrl":"https:\/\/secure.gravatar.com\/avatar\/ef450d29013a3d3fba867a12a249d7b1?s=96&d=mm&r=g","caption":"Portal Raizes"},"url":"https:\/\/portalraizesnoticias.com.br\/?author=3"}]}},"_links":{"self":[{"href":"https:\/\/portalraizesnoticias.com.br\/index.php?rest_route=\/wp\/v2\/posts\/11385"}],"collection":[{"href":"https:\/\/portalraizesnoticias.com.br\/index.php?rest_route=\/wp\/v2\/posts"}],"about":[{"href":"https:\/\/portalraizesnoticias.com.br\/index.php?rest_route=\/wp\/v2\/types\/post"}],"author":[{"embeddable":true,"href":"https:\/\/portalraizesnoticias.com.br\/index.php?rest_route=\/wp\/v2\/users\/3"}],"replies":[{"embeddable":true,"href":"https:\/\/portalraizesnoticias.com.br\/index.php?rest_route=%2Fwp%2Fv2%2Fcomments&post=11385"}],"version-history":[{"count":12,"href":"https:\/\/portalraizesnoticias.com.br\/index.php?rest_route=\/wp\/v2\/posts\/11385\/revisions"}],"predecessor-version":[{"id":11397,"href":"https:\/\/portalraizesnoticias.com.br\/index.php?rest_route=\/wp\/v2\/posts\/11385\/revisions\/11397"}],"wp:featuredmedia":[{"embeddable":true,"href":"https:\/\/portalraizesnoticias.com.br\/index.php?rest_route=\/wp\/v2\/media\/2063"}],"wp:attachment":[{"href":"https:\/\/portalraizesnoticias.com.br\/index.php?rest_route=%2Fwp%2Fv2%2Fmedia&parent=11385"}],"wp:term":[{"taxonomy":"category","embeddable":true,"href":"https:\/\/portalraizesnoticias.com.br\/index.php?rest_route=%2Fwp%2Fv2%2Fcategories&post=11385"},{"taxonomy":"post_tag","embeddable":true,"href":"https:\/\/portalraizesnoticias.com.br\/index.php?rest_route=%2Fwp%2Fv2%2Ftags&post=11385"}],"curies":[{"name":"wp","href":"https:\/\/api.w.org\/{rel}","templated":true}]}}