{"id":11367,"date":"2026-02-23T19:40:21","date_gmt":"2026-02-23T22:40:21","guid":{"rendered":"https:\/\/portalraizesnoticias.com.br\/?p=11367"},"modified":"2026-02-23T20:18:51","modified_gmt":"2026-02-23T23:18:51","slug":"apos-supostamente-xingar-suspeito-jovem-e-agredido-com-varias-marteladas-na-cabeca-na-zona-rural-de-retirolandia","status":"publish","type":"post","link":"https:\/\/portalraizesnoticias.com.br\/?p=11367","title":{"rendered":"Ap\u00f3s supostamente xingar suspeito, jovem \u00e9 agredido com v\u00e1rias &#8216;marteladas&#8217; na cabe\u00e7a na zona rural de Retirol\u00e2ndia"},"content":{"rendered":"<p>Um jovem de 22 anos foi v\u00edtima de agress\u00e3o na manh\u00e3 desta segunda-feira (23), por volta das 11h22, no povoado Gameleira, zona rural de Retirol\u00e2ndia.<\/p>\n<p><a href=\"https:\/\/www.instagram.com\/portal.raizes?igsh=MWt0cGgwODJ0dXZudg==\">CLIQUE E SIGA O INSTAGRAM DO PORTAL RA\u00cdZES\u00a0<\/a><\/p>\n<p>De acordo com informa\u00e7\u00f5es da Pol\u00edcia Militar, ao Portal Ra\u00edzes, a guarni\u00e7\u00e3o foi acionada pela equipe do SAMU, que solicitaram apoio ap\u00f3s uma ocorr\u00eancia de agress\u00e3o nas proximidades do posto de sa\u00fade da comunidade.<\/p>\n<p><img decoding=\"async\" class=\"size-medium wp-image-11232 aligncenter\" src=\"https:\/\/portalraizesnoticias.com.br\/wp-content\/uploads\/2026\/02\/IMG_8528-300x150.png\" alt=\"\" width=\"300\" height=\"150\" srcset=\"https:\/\/portalraizesnoticias.com.br\/wp-content\/uploads\/2026\/02\/IMG_8528-300x150.png 300w, https:\/\/portalraizesnoticias.com.br\/wp-content\/uploads\/2026\/02\/IMG_8528-1024x512.png 1024w, https:\/\/portalraizesnoticias.com.br\/wp-content\/uploads\/2026\/02\/IMG_8528-768x384.png 768w, https:\/\/portalraizesnoticias.com.br\/wp-content\/uploads\/2026\/02\/IMG_8528-1536x768.png 1536w, https:\/\/portalraizesnoticias.com.br\/wp-content\/uploads\/2026\/02\/IMG_8528-2048x1024.png 2048w\" sizes=\"(max-width: 300px) 100vw, 300px\" \/><\/p>\n<p>Ao chegar ao local, os policiais encontraram a v\u00edtima, A L\u00a0 sendo atendida pelos socorristas.<\/p>\n<p>Conforme relatos de populares aos policiais,\u00a0 o jovem teria proferido xingamentos contra o suspeito que estaria com um martelo nas m\u00e3os e teria desferido golpes na cabe\u00e7a da v\u00edtima.<\/p>\n<p><img fetchpriority=\"high\" decoding=\"async\" class=\"size-medium wp-image-8289 aligncenter\" src=\"https:\/\/portalraizesnoticias.com.br\/wp-content\/uploads\/2025\/09\/IMG-20250918-WA0124-300x300.jpg\" alt=\"\" width=\"300\" height=\"300\" srcset=\"https:\/\/portalraizesnoticias.com.br\/wp-content\/uploads\/2025\/09\/IMG-20250918-WA0124-300x300.jpg 300w, https:\/\/portalraizesnoticias.com.br\/wp-content\/uploads\/2025\/09\/IMG-20250918-WA0124-150x150.jpg 150w, https:\/\/portalraizesnoticias.com.br\/wp-content\/uploads\/2025\/09\/IMG-20250918-WA0124-768x768.jpg 768w, https:\/\/portalraizesnoticias.com.br\/wp-content\/uploads\/2025\/09\/IMG-20250918-WA0124.jpg 1000w\" sizes=\"(max-width: 300px) 100vw, 300px\" \/><\/p>\n<p style=\"text-align: center;\"><strong>PUBLICIDADE<\/strong><\/p>\n<p>Ap\u00f3s o ocorrido, o suspeito fugiu do local. A guarni\u00e7\u00e3o realizou rondas no povoado, mas at\u00e9 o momento ele n\u00e3o foi localizado.<\/p>\n<p><img decoding=\"async\" class=\"size-medium wp-image-8006 aligncenter\" src=\"https:\/\/portalraizesnoticias.com.br\/wp-content\/uploads\/2025\/09\/IMG-20250902-WA0020-300x296.jpg\" alt=\"\" width=\"300\" height=\"296\" srcset=\"https:\/\/portalraizesnoticias.com.br\/wp-content\/uploads\/2025\/09\/IMG-20250902-WA0020-300x296.jpg 300w, https:\/\/portalraizesnoticias.com.br\/wp-content\/uploads\/2025\/09\/IMG-20250902-WA0020-1024x1009.jpg 1024w, https:\/\/portalraizesnoticias.com.br\/wp-content\/uploads\/2025\/09\/IMG-20250902-WA0020-768x757.jpg 768w, https:\/\/portalraizesnoticias.com.br\/wp-content\/uploads\/2025\/09\/IMG-20250902-WA0020.jpg 1080w\" sizes=\"(max-width: 300px) 100vw, 300px\" \/><\/p>\n<p style=\"text-align: center;\"><strong>PUBLICIDADE<\/strong><\/p>\n<p>Os policiais acompanharam a ambul\u00e2ncia do SAMU at\u00e9 o Hospital Municipal, onde o homem recebeu atendimento m\u00e9dico. A fam\u00edlia da v\u00edtima foi orientada a registrar boletim de ocorr\u00eancia na Delegacia Territorial para que o caso seja investigado.<\/p>\n<p>Reda\u00e7\u00e3o<\/p>\n<p>Foto: Ilustra\u00e7\u00e3o<\/p>\n<p>Reda\u00e7\u00e3o<\/p>\n","protected":false},"excerpt":{"rendered":"<p>Um jovem de 22 anos foi v\u00edtima de agress\u00e3o na manh\u00e3 desta segunda-feira (23), por volta das 11h22, no povoado Gameleira, zona rural de Retirol\u00e2ndia. CLIQUE E SIGA O INSTAGRAM DO PORTAL RA\u00cdZES\u00a0 De acordo com informa\u00e7\u00f5es da Pol\u00edcia Militar, ao Portal Ra\u00edzes, a guarni\u00e7\u00e3o foi acionada pela equipe do SAMU, que solicitaram apoio ap\u00f3s uma ocorr\u00eancia de agress\u00e3o nas proximidades do posto de sa\u00fade da comunidade. Ao chegar ao local, os policiais encontraram a v\u00edtima, A L\u00a0 sendo atendida pelos socorristas. Conforme relatos de populares aos policiais,\u00a0 o jovem teria proferido xingamentos contra o suspeito que estaria com um martelo nas m\u00e3os e teria desferido golpes na cabe\u00e7a da v\u00edtima. PUBLICIDADE Ap\u00f3s o ocorrido, o suspeito fugiu do local. A guarni\u00e7\u00e3o realizou rondas no povoado, mas at\u00e9 o momento ele n\u00e3o foi localizado. PUBLICIDADE Os policiais acompanharam a ambul\u00e2ncia do SAMU at\u00e9 o Hospital Municipal, onde o homem recebeu atendimento m\u00e9dico. A fam\u00edlia da v\u00edtima foi orientada a registrar boletim de ocorr\u00eancia na Delegacia Territorial para que o caso seja investigado. Reda\u00e7\u00e3o Foto: Ilustra\u00e7\u00e3o Reda\u00e7\u00e3o<\/p>\n","protected":false},"author":3,"featured_media":11371,"comment_status":"open","ping_status":"open","sticky":false,"template":"","format":"standard","meta":{"_joinchat":[],"footnotes":""},"categories":[55,67,59],"tags":[1431,448,248],"class_list":["post-11367","post","type-post","status-publish","format-standard","has-post-thumbnail","hentry","category-destaques","category-policia","category-ultimas-noticias","tag-martelo","tag-retirolandia","tag-suspeito"],"yoast_head":"<!-- This site is optimized with the Yoast SEO plugin v24.4 - https:\/\/yoast.com\/wordpress\/plugins\/seo\/ -->\n<title>Ap\u00f3s supostamente xingar suspeito, jovem \u00e9 agredido com v\u00e1rias &#039;marteladas&#039; na cabe\u00e7a na zona rural de Retirol\u00e2ndia - Portal raizes noticias<\/title>\n<meta name=\"robots\" content=\"index, follow, max-snippet:-1, max-image-preview:large, max-video-preview:-1\" \/>\n<link rel=\"canonical\" href=\"https:\/\/portalraizesnoticias.com.br\/?p=11367\" \/>\n<meta property=\"og:locale\" content=\"pt_BR\" \/>\n<meta property=\"og:type\" content=\"article\" \/>\n<meta property=\"og:title\" content=\"Ap\u00f3s supostamente xingar suspeito, jovem \u00e9 agredido com v\u00e1rias &#039;marteladas&#039; na cabe\u00e7a na zona rural de Retirol\u00e2ndia - Portal raizes noticias\" \/>\n<meta property=\"og:description\" content=\"Um jovem de 22 anos foi v\u00edtima de agress\u00e3o na manh\u00e3 desta segunda-feira (23), por volta das 11h22, no povoado Gameleira, zona rural de Retirol\u00e2ndia. CLIQUE E SIGA O INSTAGRAM DO PORTAL RA\u00cdZES\u00a0 De acordo com informa\u00e7\u00f5es da Pol\u00edcia Militar, ao Portal Ra\u00edzes, a guarni\u00e7\u00e3o foi acionada pela equipe do SAMU, que solicitaram apoio ap\u00f3s uma ocorr\u00eancia de agress\u00e3o nas proximidades do posto de sa\u00fade da comunidade. Ao chegar ao local, os policiais encontraram a v\u00edtima, A L\u00a0 sendo atendida pelos socorristas. Conforme relatos de populares aos policiais,\u00a0 o jovem teria proferido xingamentos contra o suspeito que estaria com um martelo nas m\u00e3os e teria desferido golpes na cabe\u00e7a da v\u00edtima. PUBLICIDADE Ap\u00f3s o ocorrido, o suspeito fugiu do local. A guarni\u00e7\u00e3o realizou rondas no povoado, mas at\u00e9 o momento ele n\u00e3o foi localizado. PUBLICIDADE Os policiais acompanharam a ambul\u00e2ncia do SAMU at\u00e9 o Hospital Municipal, onde o homem recebeu atendimento m\u00e9dico. A fam\u00edlia da v\u00edtima foi orientada a registrar boletim de ocorr\u00eancia na Delegacia Territorial para que o caso seja investigado. Reda\u00e7\u00e3o Foto: Ilustra\u00e7\u00e3o Reda\u00e7\u00e3o\" \/>\n<meta property=\"og:url\" content=\"https:\/\/portalraizesnoticias.com.br\/?p=11367\" \/>\n<meta property=\"og:site_name\" content=\"Portal raizes noticias\" \/>\n<meta property=\"article:published_time\" content=\"2026-02-23T22:40:21+00:00\" \/>\n<meta property=\"article:modified_time\" content=\"2026-02-23T23:18:51+00:00\" \/>\n<meta property=\"og:image\" content=\"https:\/\/portalraizesnoticias.com.br\/wp-content\/uploads\/2026\/02\/IMG-20260223-WA0480.jpg\" \/>\n\t<meta property=\"og:image:width\" content=\"799\" \/>\n\t<meta property=\"og:image:height\" content=\"1033\" \/>\n\t<meta property=\"og:image:type\" content=\"image\/jpeg\" \/>\n<meta name=\"author\" content=\"Portal Raizes\" \/>\n<meta name=\"twitter:card\" content=\"summary_large_image\" \/>\n<meta name=\"twitter:label1\" content=\"Escrito por\" \/>\n\t<meta name=\"twitter:data1\" content=\"Portal Raizes\" \/>\n\t<meta name=\"twitter:label2\" content=\"Est. tempo de leitura\" \/>\n\t<meta name=\"twitter:data2\" content=\"2 minutos\" \/>\n<script type=\"application\/ld+json\" class=\"yoast-schema-graph\">{\"@context\":\"https:\/\/schema.org\",\"@graph\":[{\"@type\":\"Article\",\"@id\":\"https:\/\/portalraizesnoticias.com.br\/?p=11367#article\",\"isPartOf\":{\"@id\":\"https:\/\/portalraizesnoticias.com.br\/?p=11367\"},\"author\":{\"name\":\"Portal Raizes\",\"@id\":\"https:\/\/portalraizesnoticias.com.br\/#\/schema\/person\/a3ca6b0fc701e78df19756c417d943ae\"},\"headline\":\"Ap\u00f3s supostamente xingar suspeito, jovem \u00e9 agredido com v\u00e1rias &#8216;marteladas&#8217; na cabe\u00e7a na zona rural de Retirol\u00e2ndia\",\"datePublished\":\"2026-02-23T22:40:21+00:00\",\"dateModified\":\"2026-02-23T23:18:51+00:00\",\"mainEntityOfPage\":{\"@id\":\"https:\/\/portalraizesnoticias.com.br\/?p=11367\"},\"wordCount\":221,\"commentCount\":0,\"publisher\":{\"@id\":\"https:\/\/portalraizesnoticias.com.br\/#organization\"},\"image\":{\"@id\":\"https:\/\/portalraizesnoticias.com.br\/?p=11367#primaryimage\"},\"thumbnailUrl\":\"https:\/\/portalraizesnoticias.com.br\/wp-content\/uploads\/2026\/02\/IMG-20260223-WA0480.jpg\",\"keywords\":[\"Martelo\",\"Retirol\u00e2ndia\",\"Suspeito\"],\"articleSection\":[\"DESTAQUES\",\"POLICIA\",\"ULTIMAS NOTICIAS\"],\"inLanguage\":\"pt-BR\",\"potentialAction\":[{\"@type\":\"CommentAction\",\"name\":\"Comment\",\"target\":[\"https:\/\/portalraizesnoticias.com.br\/?p=11367#respond\"]}]},{\"@type\":\"WebPage\",\"@id\":\"https:\/\/portalraizesnoticias.com.br\/?p=11367\",\"url\":\"https:\/\/portalraizesnoticias.com.br\/?p=11367\",\"name\":\"Ap\u00f3s supostamente xingar suspeito, jovem \u00e9 agredido com v\u00e1rias 'marteladas' na cabe\u00e7a na zona rural de Retirol\u00e2ndia - Portal raizes noticias\",\"isPartOf\":{\"@id\":\"https:\/\/portalraizesnoticias.com.br\/#website\"},\"primaryImageOfPage\":{\"@id\":\"https:\/\/portalraizesnoticias.com.br\/?p=11367#primaryimage\"},\"image\":{\"@id\":\"https:\/\/portalraizesnoticias.com.br\/?p=11367#primaryimage\"},\"thumbnailUrl\":\"https:\/\/portalraizesnoticias.com.br\/wp-content\/uploads\/2026\/02\/IMG-20260223-WA0480.jpg\",\"datePublished\":\"2026-02-23T22:40:21+00:00\",\"dateModified\":\"2026-02-23T23:18:51+00:00\",\"breadcrumb\":{\"@id\":\"https:\/\/portalraizesnoticias.com.br\/?p=11367#breadcrumb\"},\"inLanguage\":\"pt-BR\",\"potentialAction\":[{\"@type\":\"ReadAction\",\"target\":[\"https:\/\/portalraizesnoticias.com.br\/?p=11367\"]}]},{\"@type\":\"ImageObject\",\"inLanguage\":\"pt-BR\",\"@id\":\"https:\/\/portalraizesnoticias.com.br\/?p=11367#primaryimage\",\"url\":\"https:\/\/portalraizesnoticias.com.br\/wp-content\/uploads\/2026\/02\/IMG-20260223-WA0480.jpg\",\"contentUrl\":\"https:\/\/portalraizesnoticias.com.br\/wp-content\/uploads\/2026\/02\/IMG-20260223-WA0480.jpg\",\"width\":799,\"height\":1033},{\"@type\":\"BreadcrumbList\",\"@id\":\"https:\/\/portalraizesnoticias.com.br\/?p=11367#breadcrumb\",\"itemListElement\":[{\"@type\":\"ListItem\",\"position\":1,\"name\":\"In\u00edcio\",\"item\":\"https:\/\/portalraizesnoticias.com.br\/\"},{\"@type\":\"ListItem\",\"position\":2,\"name\":\"Ap\u00f3s supostamente xingar suspeito, jovem \u00e9 agredido com v\u00e1rias &#8216;marteladas&#8217; na cabe\u00e7a na zona rural de Retirol\u00e2ndia\"}]},{\"@type\":\"WebSite\",\"@id\":\"https:\/\/portalraizesnoticias.com.br\/#website\",\"url\":\"https:\/\/portalraizesnoticias.com.br\/\",\"name\":\"Portal raizes NOTICIAS\",\"description\":\"site de noticias de concei\u00e7\u00e3o do coit\u00e9 e regi\u00e3o\",\"publisher\":{\"@id\":\"https:\/\/portalraizesnoticias.com.br\/#organization\"},\"alternateName\":\"PORTAL RAIZES COIT\u00c9\",\"potentialAction\":[{\"@type\":\"SearchAction\",\"target\":{\"@type\":\"EntryPoint\",\"urlTemplate\":\"https:\/\/portalraizesnoticias.com.br\/?s={search_term_string}\"},\"query-input\":{\"@type\":\"PropertyValueSpecification\",\"valueRequired\":true,\"valueName\":\"search_term_string\"}}],\"inLanguage\":\"pt-BR\"},{\"@type\":\"Organization\",\"@id\":\"https:\/\/portalraizesnoticias.com.br\/#organization\",\"name\":\"Portal raizes NOTICIAS\",\"url\":\"https:\/\/portalraizesnoticias.com.br\/\",\"logo\":{\"@type\":\"ImageObject\",\"inLanguage\":\"pt-BR\",\"@id\":\"https:\/\/portalraizesnoticias.com.br\/#\/schema\/logo\/image\/\",\"url\":\"https:\/\/portalraizesnoticias.com.br\/wp-content\/uploads\/2024\/09\/cropped-Captura-de-tela-2024-09-08-011108.png\",\"contentUrl\":\"https:\/\/portalraizesnoticias.com.br\/wp-content\/uploads\/2024\/09\/cropped-Captura-de-tela-2024-09-08-011108.png\",\"width\":606,\"height\":173,\"caption\":\"Portal raizes NOTICIAS\"},\"image\":{\"@id\":\"https:\/\/portalraizesnoticias.com.br\/#\/schema\/logo\/image\/\"}},{\"@type\":\"Person\",\"@id\":\"https:\/\/portalraizesnoticias.com.br\/#\/schema\/person\/a3ca6b0fc701e78df19756c417d943ae\",\"name\":\"Portal Raizes\",\"image\":{\"@type\":\"ImageObject\",\"inLanguage\":\"pt-BR\",\"@id\":\"https:\/\/portalraizesnoticias.com.br\/#\/schema\/person\/image\/\",\"url\":\"https:\/\/secure.gravatar.com\/avatar\/ef450d29013a3d3fba867a12a249d7b1?s=96&d=mm&r=g\",\"contentUrl\":\"https:\/\/secure.gravatar.com\/avatar\/ef450d29013a3d3fba867a12a249d7b1?s=96&d=mm&r=g\",\"caption\":\"Portal Raizes\"},\"url\":\"https:\/\/portalraizesnoticias.com.br\/?author=3\"}]}<\/script>\n<!-- \/ Yoast SEO plugin. -->","yoast_head_json":{"title":"Ap\u00f3s supostamente xingar suspeito, jovem \u00e9 agredido com v\u00e1rias 'marteladas' na cabe\u00e7a na zona rural de Retirol\u00e2ndia - Portal raizes noticias","robots":{"index":"index","follow":"follow","max-snippet":"max-snippet:-1","max-image-preview":"max-image-preview:large","max-video-preview":"max-video-preview:-1"},"canonical":"https:\/\/portalraizesnoticias.com.br\/?p=11367","og_locale":"pt_BR","og_type":"article","og_title":"Ap\u00f3s supostamente xingar suspeito, jovem \u00e9 agredido com v\u00e1rias 'marteladas' na cabe\u00e7a na zona rural de Retirol\u00e2ndia - Portal raizes noticias","og_description":"Um jovem de 22 anos foi v\u00edtima de agress\u00e3o na manh\u00e3 desta segunda-feira (23), por volta das 11h22, no povoado Gameleira, zona rural de Retirol\u00e2ndia. CLIQUE E SIGA O INSTAGRAM DO PORTAL RA\u00cdZES\u00a0 De acordo com informa\u00e7\u00f5es da Pol\u00edcia Militar, ao Portal Ra\u00edzes, a guarni\u00e7\u00e3o foi acionada pela equipe do SAMU, que solicitaram apoio ap\u00f3s uma ocorr\u00eancia de agress\u00e3o nas proximidades do posto de sa\u00fade da comunidade. Ao chegar ao local, os policiais encontraram a v\u00edtima, A L\u00a0 sendo atendida pelos socorristas. Conforme relatos de populares aos policiais,\u00a0 o jovem teria proferido xingamentos contra o suspeito que estaria com um martelo nas m\u00e3os e teria desferido golpes na cabe\u00e7a da v\u00edtima. PUBLICIDADE Ap\u00f3s o ocorrido, o suspeito fugiu do local. A guarni\u00e7\u00e3o realizou rondas no povoado, mas at\u00e9 o momento ele n\u00e3o foi localizado. PUBLICIDADE Os policiais acompanharam a ambul\u00e2ncia do SAMU at\u00e9 o Hospital Municipal, onde o homem recebeu atendimento m\u00e9dico. A fam\u00edlia da v\u00edtima foi orientada a registrar boletim de ocorr\u00eancia na Delegacia Territorial para que o caso seja investigado. Reda\u00e7\u00e3o Foto: Ilustra\u00e7\u00e3o Reda\u00e7\u00e3o","og_url":"https:\/\/portalraizesnoticias.com.br\/?p=11367","og_site_name":"Portal raizes noticias","article_published_time":"2026-02-23T22:40:21+00:00","article_modified_time":"2026-02-23T23:18:51+00:00","og_image":[{"width":799,"height":1033,"url":"https:\/\/portalraizesnoticias.com.br\/wp-content\/uploads\/2026\/02\/IMG-20260223-WA0480.jpg","type":"image\/jpeg"}],"author":"Portal Raizes","twitter_card":"summary_large_image","twitter_misc":{"Escrito por":"Portal Raizes","Est. tempo de leitura":"2 minutos"},"schema":{"@context":"https:\/\/schema.org","@graph":[{"@type":"Article","@id":"https:\/\/portalraizesnoticias.com.br\/?p=11367#article","isPartOf":{"@id":"https:\/\/portalraizesnoticias.com.br\/?p=11367"},"author":{"name":"Portal Raizes","@id":"https:\/\/portalraizesnoticias.com.br\/#\/schema\/person\/a3ca6b0fc701e78df19756c417d943ae"},"headline":"Ap\u00f3s supostamente xingar suspeito, jovem \u00e9 agredido com v\u00e1rias &#8216;marteladas&#8217; na cabe\u00e7a na zona rural de Retirol\u00e2ndia","datePublished":"2026-02-23T22:40:21+00:00","dateModified":"2026-02-23T23:18:51+00:00","mainEntityOfPage":{"@id":"https:\/\/portalraizesnoticias.com.br\/?p=11367"},"wordCount":221,"commentCount":0,"publisher":{"@id":"https:\/\/portalraizesnoticias.com.br\/#organization"},"image":{"@id":"https:\/\/portalraizesnoticias.com.br\/?p=11367#primaryimage"},"thumbnailUrl":"https:\/\/portalraizesnoticias.com.br\/wp-content\/uploads\/2026\/02\/IMG-20260223-WA0480.jpg","keywords":["Martelo","Retirol\u00e2ndia","Suspeito"],"articleSection":["DESTAQUES","POLICIA","ULTIMAS NOTICIAS"],"inLanguage":"pt-BR","potentialAction":[{"@type":"CommentAction","name":"Comment","target":["https:\/\/portalraizesnoticias.com.br\/?p=11367#respond"]}]},{"@type":"WebPage","@id":"https:\/\/portalraizesnoticias.com.br\/?p=11367","url":"https:\/\/portalraizesnoticias.com.br\/?p=11367","name":"Ap\u00f3s supostamente xingar suspeito, jovem \u00e9 agredido com v\u00e1rias 'marteladas' na cabe\u00e7a na zona rural de Retirol\u00e2ndia - Portal raizes noticias","isPartOf":{"@id":"https:\/\/portalraizesnoticias.com.br\/#website"},"primaryImageOfPage":{"@id":"https:\/\/portalraizesnoticias.com.br\/?p=11367#primaryimage"},"image":{"@id":"https:\/\/portalraizesnoticias.com.br\/?p=11367#primaryimage"},"thumbnailUrl":"https:\/\/portalraizesnoticias.com.br\/wp-content\/uploads\/2026\/02\/IMG-20260223-WA0480.jpg","datePublished":"2026-02-23T22:40:21+00:00","dateModified":"2026-02-23T23:18:51+00:00","breadcrumb":{"@id":"https:\/\/portalraizesnoticias.com.br\/?p=11367#breadcrumb"},"inLanguage":"pt-BR","potentialAction":[{"@type":"ReadAction","target":["https:\/\/portalraizesnoticias.com.br\/?p=11367"]}]},{"@type":"ImageObject","inLanguage":"pt-BR","@id":"https:\/\/portalraizesnoticias.com.br\/?p=11367#primaryimage","url":"https:\/\/portalraizesnoticias.com.br\/wp-content\/uploads\/2026\/02\/IMG-20260223-WA0480.jpg","contentUrl":"https:\/\/portalraizesnoticias.com.br\/wp-content\/uploads\/2026\/02\/IMG-20260223-WA0480.jpg","width":799,"height":1033},{"@type":"BreadcrumbList","@id":"https:\/\/portalraizesnoticias.com.br\/?p=11367#breadcrumb","itemListElement":[{"@type":"ListItem","position":1,"name":"In\u00edcio","item":"https:\/\/portalraizesnoticias.com.br\/"},{"@type":"ListItem","position":2,"name":"Ap\u00f3s supostamente xingar suspeito, jovem \u00e9 agredido com v\u00e1rias &#8216;marteladas&#8217; na cabe\u00e7a na zona rural de Retirol\u00e2ndia"}]},{"@type":"WebSite","@id":"https:\/\/portalraizesnoticias.com.br\/#website","url":"https:\/\/portalraizesnoticias.com.br\/","name":"Portal raizes NOTICIAS","description":"site de noticias de concei\u00e7\u00e3o do coit\u00e9 e regi\u00e3o","publisher":{"@id":"https:\/\/portalraizesnoticias.com.br\/#organization"},"alternateName":"PORTAL RAIZES COIT\u00c9","potentialAction":[{"@type":"SearchAction","target":{"@type":"EntryPoint","urlTemplate":"https:\/\/portalraizesnoticias.com.br\/?s={search_term_string}"},"query-input":{"@type":"PropertyValueSpecification","valueRequired":true,"valueName":"search_term_string"}}],"inLanguage":"pt-BR"},{"@type":"Organization","@id":"https:\/\/portalraizesnoticias.com.br\/#organization","name":"Portal raizes NOTICIAS","url":"https:\/\/portalraizesnoticias.com.br\/","logo":{"@type":"ImageObject","inLanguage":"pt-BR","@id":"https:\/\/portalraizesnoticias.com.br\/#\/schema\/logo\/image\/","url":"https:\/\/portalraizesnoticias.com.br\/wp-content\/uploads\/2024\/09\/cropped-Captura-de-tela-2024-09-08-011108.png","contentUrl":"https:\/\/portalraizesnoticias.com.br\/wp-content\/uploads\/2024\/09\/cropped-Captura-de-tela-2024-09-08-011108.png","width":606,"height":173,"caption":"Portal raizes NOTICIAS"},"image":{"@id":"https:\/\/portalraizesnoticias.com.br\/#\/schema\/logo\/image\/"}},{"@type":"Person","@id":"https:\/\/portalraizesnoticias.com.br\/#\/schema\/person\/a3ca6b0fc701e78df19756c417d943ae","name":"Portal Raizes","image":{"@type":"ImageObject","inLanguage":"pt-BR","@id":"https:\/\/portalraizesnoticias.com.br\/#\/schema\/person\/image\/","url":"https:\/\/secure.gravatar.com\/avatar\/ef450d29013a3d3fba867a12a249d7b1?s=96&d=mm&r=g","contentUrl":"https:\/\/secure.gravatar.com\/avatar\/ef450d29013a3d3fba867a12a249d7b1?s=96&d=mm&r=g","caption":"Portal Raizes"},"url":"https:\/\/portalraizesnoticias.com.br\/?author=3"}]}},"_links":{"self":[{"href":"https:\/\/portalraizesnoticias.com.br\/index.php?rest_route=\/wp\/v2\/posts\/11367"}],"collection":[{"href":"https:\/\/portalraizesnoticias.com.br\/index.php?rest_route=\/wp\/v2\/posts"}],"about":[{"href":"https:\/\/portalraizesnoticias.com.br\/index.php?rest_route=\/wp\/v2\/types\/post"}],"author":[{"embeddable":true,"href":"https:\/\/portalraizesnoticias.com.br\/index.php?rest_route=\/wp\/v2\/users\/3"}],"replies":[{"embeddable":true,"href":"https:\/\/portalraizesnoticias.com.br\/index.php?rest_route=%2Fwp%2Fv2%2Fcomments&post=11367"}],"version-history":[{"count":7,"href":"https:\/\/portalraizesnoticias.com.br\/index.php?rest_route=\/wp\/v2\/posts\/11367\/revisions"}],"predecessor-version":[{"id":11375,"href":"https:\/\/portalraizesnoticias.com.br\/index.php?rest_route=\/wp\/v2\/posts\/11367\/revisions\/11375"}],"wp:featuredmedia":[{"embeddable":true,"href":"https:\/\/portalraizesnoticias.com.br\/index.php?rest_route=\/wp\/v2\/media\/11371"}],"wp:attachment":[{"href":"https:\/\/portalraizesnoticias.com.br\/index.php?rest_route=%2Fwp%2Fv2%2Fmedia&parent=11367"}],"wp:term":[{"taxonomy":"category","embeddable":true,"href":"https:\/\/portalraizesnoticias.com.br\/index.php?rest_route=%2Fwp%2Fv2%2Fcategories&post=11367"},{"taxonomy":"post_tag","embeddable":true,"href":"https:\/\/portalraizesnoticias.com.br\/index.php?rest_route=%2Fwp%2Fv2%2Ftags&post=11367"}],"curies":[{"name":"wp","href":"https:\/\/api.w.org\/{rel}","templated":true}]}}