{"id":11301,"date":"2026-02-22T21:27:19","date_gmt":"2026-02-23T00:27:19","guid":{"rendered":"https:\/\/portalraizesnoticias.com.br\/?p=11301"},"modified":"2026-02-22T21:27:19","modified_gmt":"2026-02-23T00:27:19","slug":"carro-com-licenciamento-atrasado-e-restricao-da-justica-e-apreendido-pela-policia-militar-em-retirolandia","status":"publish","type":"post","link":"https:\/\/portalraizesnoticias.com.br\/?p=11301","title":{"rendered":"Carro com licenciamento atrasado e restri\u00e7\u00e3o da Justi\u00e7a \u00e9 apreendido pela Pol\u00edcia Militar em Retirol\u00e2ndia"},"content":{"rendered":"<p>A Pol\u00edcia Militar da Bahia apreendeu um ve\u00edculo com restri\u00e7\u00e3o judicial na manh\u00e3 deste domingo (22), por volta das 11h40, no munic\u00edpio de Retirol\u00e2ndia, regi\u00e3o sisaleira.<\/p>\n<p><img decoding=\"async\" class=\"size-medium wp-image-11232 aligncenter\" src=\"https:\/\/portalraizesnoticias.com.br\/wp-content\/uploads\/2026\/02\/IMG_8528-300x150.png\" alt=\"\" width=\"300\" height=\"150\" srcset=\"https:\/\/portalraizesnoticias.com.br\/wp-content\/uploads\/2026\/02\/IMG_8528-300x150.png 300w, https:\/\/portalraizesnoticias.com.br\/wp-content\/uploads\/2026\/02\/IMG_8528-1024x512.png 1024w, https:\/\/portalraizesnoticias.com.br\/wp-content\/uploads\/2026\/02\/IMG_8528-768x384.png 768w, https:\/\/portalraizesnoticias.com.br\/wp-content\/uploads\/2026\/02\/IMG_8528-1536x768.png 1536w, https:\/\/portalraizesnoticias.com.br\/wp-content\/uploads\/2026\/02\/IMG_8528-2048x1024.png 2048w\" sizes=\"(max-width: 300px) 100vw, 300px\" \/><\/p>\n<p>De acordo com informa\u00e7\u00f5es da PM, a guarni\u00e7\u00e3o estava em ponto base na Pra\u00e7a da Igreja Matriz, refor\u00e7ando a seguran\u00e7a dos fi\u00e9is durante a celebra\u00e7\u00e3o de posse do novo padre, quando visualizou um ve\u00edculo <span style=\"font-size: revert; color: initial;\">Chevrolet Astra, de cor preta, estacionado em local destinado ao acesso de cadeirantes, o que chamou a aten\u00e7\u00e3o dos policiais.<\/span><\/p>\n<p><img fetchpriority=\"high\" decoding=\"async\" class=\"size-medium wp-image-10801 aligncenter\" src=\"https:\/\/portalraizesnoticias.com.br\/wp-content\/uploads\/2026\/02\/IMG-20260205-WA0612-300x268.jpg\" alt=\"\" width=\"300\" height=\"268\" srcset=\"https:\/\/portalraizesnoticias.com.br\/wp-content\/uploads\/2026\/02\/IMG-20260205-WA0612-300x268.jpg 300w, https:\/\/portalraizesnoticias.com.br\/wp-content\/uploads\/2026\/02\/IMG-20260205-WA0612.jpg 720w\" sizes=\"(max-width: 300px) 100vw, 300px\" \/><\/p>\n<p style=\"text-align: center;\"><strong>PUBLICIDADE<\/strong><\/p>\n<p>Posteriormente, o carro foi visto circulando nas imedia\u00e7\u00f5es e acabou sendo abordado na Travessa Get\u00falio Vargas, no bairro Pocinho, nas proximidades de um restaurante. Durante a fiscaliza\u00e7\u00e3o, o condutor apresentou o CRLV, sendo constatado atraso no licenciamento do ve\u00edculo.<\/p>\n<p>Diante da irregularidade, o ve\u00edculo foi apreendido e encaminhado ao p\u00e1tio do 3\u00ba Pelot\u00e3o, onde ser\u00e3o adotadas as medidas administrativas cab\u00edveis. Foram lavrados o Auto de Infra\u00e7\u00e3o de Tr\u00e2nsito (AIT) e o Termo de Remo\u00e7\u00e3o Veicular (TRV).<\/p>\n<p>O condutor, um homem de 41 anos, foi identificado e liberado ap\u00f3s os procedimentos administrativos.<\/p>\n<p>Reda\u00e7\u00e3o<\/p>\n","protected":false},"excerpt":{"rendered":"<p>A Pol\u00edcia Militar da Bahia apreendeu um ve\u00edculo com restri\u00e7\u00e3o judicial na manh\u00e3 deste domingo (22), por volta das 11h40, no munic\u00edpio de Retirol\u00e2ndia, regi\u00e3o sisaleira. De acordo com informa\u00e7\u00f5es da PM, a guarni\u00e7\u00e3o estava em ponto base na Pra\u00e7a da Igreja Matriz, refor\u00e7ando a seguran\u00e7a dos fi\u00e9is durante a celebra\u00e7\u00e3o de posse do novo padre, quando visualizou um ve\u00edculo Chevrolet Astra, de cor preta, estacionado em local destinado ao acesso de cadeirantes, o que chamou a aten\u00e7\u00e3o dos policiais. PUBLICIDADE Posteriormente, o carro foi visto circulando nas imedia\u00e7\u00f5es e acabou sendo abordado na Travessa Get\u00falio Vargas, no bairro Pocinho, nas proximidades de um restaurante. Durante a fiscaliza\u00e7\u00e3o, o condutor apresentou o CRLV, sendo constatado atraso no licenciamento do ve\u00edculo. Diante da irregularidade, o ve\u00edculo foi apreendido e encaminhado ao p\u00e1tio do 3\u00ba Pelot\u00e3o, onde ser\u00e3o adotadas as medidas administrativas cab\u00edveis. Foram lavrados o Auto de Infra\u00e7\u00e3o de Tr\u00e2nsito (AIT) e o Termo de Remo\u00e7\u00e3o Veicular (TRV). O condutor, um homem de 41 anos, foi identificado e liberado ap\u00f3s os procedimentos administrativos. Reda\u00e7\u00e3o<\/p>\n","protected":false},"author":3,"featured_media":11304,"comment_status":"open","ping_status":"open","sticky":false,"template":"","format":"standard","meta":{"_joinchat":[],"footnotes":""},"categories":[67,59],"tags":[],"class_list":["post-11301","post","type-post","status-publish","format-standard","has-post-thumbnail","hentry","category-policia","category-ultimas-noticias"],"yoast_head":"<!-- This site is optimized with the Yoast SEO plugin v24.4 - https:\/\/yoast.com\/wordpress\/plugins\/seo\/ -->\n<title>Carro com licenciamento atrasado e restri\u00e7\u00e3o da Justi\u00e7a \u00e9 apreendido pela Pol\u00edcia Militar em Retirol\u00e2ndia - Portal raizes noticias<\/title>\n<meta name=\"robots\" content=\"index, follow, max-snippet:-1, max-image-preview:large, max-video-preview:-1\" \/>\n<link rel=\"canonical\" href=\"https:\/\/portalraizesnoticias.com.br\/?p=11301\" \/>\n<meta property=\"og:locale\" content=\"pt_BR\" \/>\n<meta property=\"og:type\" content=\"article\" \/>\n<meta property=\"og:title\" content=\"Carro com licenciamento atrasado e restri\u00e7\u00e3o da Justi\u00e7a \u00e9 apreendido pela Pol\u00edcia Militar em Retirol\u00e2ndia - Portal raizes noticias\" \/>\n<meta property=\"og:description\" content=\"A Pol\u00edcia Militar da Bahia apreendeu um ve\u00edculo com restri\u00e7\u00e3o judicial na manh\u00e3 deste domingo (22), por volta das 11h40, no munic\u00edpio de Retirol\u00e2ndia, regi\u00e3o sisaleira. De acordo com informa\u00e7\u00f5es da PM, a guarni\u00e7\u00e3o estava em ponto base na Pra\u00e7a da Igreja Matriz, refor\u00e7ando a seguran\u00e7a dos fi\u00e9is durante a celebra\u00e7\u00e3o de posse do novo padre, quando visualizou um ve\u00edculo Chevrolet Astra, de cor preta, estacionado em local destinado ao acesso de cadeirantes, o que chamou a aten\u00e7\u00e3o dos policiais. PUBLICIDADE Posteriormente, o carro foi visto circulando nas imedia\u00e7\u00f5es e acabou sendo abordado na Travessa Get\u00falio Vargas, no bairro Pocinho, nas proximidades de um restaurante. Durante a fiscaliza\u00e7\u00e3o, o condutor apresentou o CRLV, sendo constatado atraso no licenciamento do ve\u00edculo. Diante da irregularidade, o ve\u00edculo foi apreendido e encaminhado ao p\u00e1tio do 3\u00ba Pelot\u00e3o, onde ser\u00e3o adotadas as medidas administrativas cab\u00edveis. Foram lavrados o Auto de Infra\u00e7\u00e3o de Tr\u00e2nsito (AIT) e o Termo de Remo\u00e7\u00e3o Veicular (TRV). O condutor, um homem de 41 anos, foi identificado e liberado ap\u00f3s os procedimentos administrativos. Reda\u00e7\u00e3o\" \/>\n<meta property=\"og:url\" content=\"https:\/\/portalraizesnoticias.com.br\/?p=11301\" \/>\n<meta property=\"og:site_name\" content=\"Portal raizes noticias\" \/>\n<meta property=\"article:published_time\" content=\"2026-02-23T00:27:19+00:00\" \/>\n<meta property=\"og:image\" content=\"https:\/\/portalraizesnoticias.com.br\/wp-content\/uploads\/2026\/02\/IMG-20260222-WA0458.jpg\" \/>\n\t<meta property=\"og:image:width\" content=\"1296\" \/>\n\t<meta property=\"og:image:height\" content=\"920\" \/>\n\t<meta property=\"og:image:type\" content=\"image\/jpeg\" \/>\n<meta name=\"author\" content=\"Portal Raizes\" \/>\n<meta name=\"twitter:card\" content=\"summary_large_image\" \/>\n<meta name=\"twitter:label1\" content=\"Escrito por\" \/>\n\t<meta name=\"twitter:data1\" content=\"Portal Raizes\" \/>\n\t<meta name=\"twitter:label2\" content=\"Est. tempo de leitura\" \/>\n\t<meta name=\"twitter:data2\" content=\"2 minutos\" \/>\n<script type=\"application\/ld+json\" class=\"yoast-schema-graph\">{\"@context\":\"https:\/\/schema.org\",\"@graph\":[{\"@type\":\"Article\",\"@id\":\"https:\/\/portalraizesnoticias.com.br\/?p=11301#article\",\"isPartOf\":{\"@id\":\"https:\/\/portalraizesnoticias.com.br\/?p=11301\"},\"author\":{\"name\":\"Portal Raizes\",\"@id\":\"https:\/\/portalraizesnoticias.com.br\/#\/schema\/person\/a3ca6b0fc701e78df19756c417d943ae\"},\"headline\":\"Carro com licenciamento atrasado e restri\u00e7\u00e3o da Justi\u00e7a \u00e9 apreendido pela Pol\u00edcia Militar em Retirol\u00e2ndia\",\"datePublished\":\"2026-02-23T00:27:19+00:00\",\"mainEntityOfPage\":{\"@id\":\"https:\/\/portalraizesnoticias.com.br\/?p=11301\"},\"wordCount\":217,\"commentCount\":0,\"publisher\":{\"@id\":\"https:\/\/portalraizesnoticias.com.br\/#organization\"},\"image\":{\"@id\":\"https:\/\/portalraizesnoticias.com.br\/?p=11301#primaryimage\"},\"thumbnailUrl\":\"https:\/\/portalraizesnoticias.com.br\/wp-content\/uploads\/2026\/02\/IMG-20260222-WA0458.jpg\",\"articleSection\":[\"POLICIA\",\"ULTIMAS NOTICIAS\"],\"inLanguage\":\"pt-BR\",\"potentialAction\":[{\"@type\":\"CommentAction\",\"name\":\"Comment\",\"target\":[\"https:\/\/portalraizesnoticias.com.br\/?p=11301#respond\"]}]},{\"@type\":\"WebPage\",\"@id\":\"https:\/\/portalraizesnoticias.com.br\/?p=11301\",\"url\":\"https:\/\/portalraizesnoticias.com.br\/?p=11301\",\"name\":\"Carro com licenciamento atrasado e restri\u00e7\u00e3o da Justi\u00e7a \u00e9 apreendido pela Pol\u00edcia Militar em Retirol\u00e2ndia - Portal raizes noticias\",\"isPartOf\":{\"@id\":\"https:\/\/portalraizesnoticias.com.br\/#website\"},\"primaryImageOfPage\":{\"@id\":\"https:\/\/portalraizesnoticias.com.br\/?p=11301#primaryimage\"},\"image\":{\"@id\":\"https:\/\/portalraizesnoticias.com.br\/?p=11301#primaryimage\"},\"thumbnailUrl\":\"https:\/\/portalraizesnoticias.com.br\/wp-content\/uploads\/2026\/02\/IMG-20260222-WA0458.jpg\",\"datePublished\":\"2026-02-23T00:27:19+00:00\",\"breadcrumb\":{\"@id\":\"https:\/\/portalraizesnoticias.com.br\/?p=11301#breadcrumb\"},\"inLanguage\":\"pt-BR\",\"potentialAction\":[{\"@type\":\"ReadAction\",\"target\":[\"https:\/\/portalraizesnoticias.com.br\/?p=11301\"]}]},{\"@type\":\"ImageObject\",\"inLanguage\":\"pt-BR\",\"@id\":\"https:\/\/portalraizesnoticias.com.br\/?p=11301#primaryimage\",\"url\":\"https:\/\/portalraizesnoticias.com.br\/wp-content\/uploads\/2026\/02\/IMG-20260222-WA0458.jpg\",\"contentUrl\":\"https:\/\/portalraizesnoticias.com.br\/wp-content\/uploads\/2026\/02\/IMG-20260222-WA0458.jpg\",\"width\":1296,\"height\":920},{\"@type\":\"BreadcrumbList\",\"@id\":\"https:\/\/portalraizesnoticias.com.br\/?p=11301#breadcrumb\",\"itemListElement\":[{\"@type\":\"ListItem\",\"position\":1,\"name\":\"In\u00edcio\",\"item\":\"https:\/\/portalraizesnoticias.com.br\/\"},{\"@type\":\"ListItem\",\"position\":2,\"name\":\"Carro com licenciamento atrasado e restri\u00e7\u00e3o da Justi\u00e7a \u00e9 apreendido pela Pol\u00edcia Militar em Retirol\u00e2ndia\"}]},{\"@type\":\"WebSite\",\"@id\":\"https:\/\/portalraizesnoticias.com.br\/#website\",\"url\":\"https:\/\/portalraizesnoticias.com.br\/\",\"name\":\"Portal raizes NOTICIAS\",\"description\":\"site de noticias de concei\u00e7\u00e3o do coit\u00e9 e regi\u00e3o\",\"publisher\":{\"@id\":\"https:\/\/portalraizesnoticias.com.br\/#organization\"},\"alternateName\":\"PORTAL RAIZES COIT\u00c9\",\"potentialAction\":[{\"@type\":\"SearchAction\",\"target\":{\"@type\":\"EntryPoint\",\"urlTemplate\":\"https:\/\/portalraizesnoticias.com.br\/?s={search_term_string}\"},\"query-input\":{\"@type\":\"PropertyValueSpecification\",\"valueRequired\":true,\"valueName\":\"search_term_string\"}}],\"inLanguage\":\"pt-BR\"},{\"@type\":\"Organization\",\"@id\":\"https:\/\/portalraizesnoticias.com.br\/#organization\",\"name\":\"Portal raizes NOTICIAS\",\"url\":\"https:\/\/portalraizesnoticias.com.br\/\",\"logo\":{\"@type\":\"ImageObject\",\"inLanguage\":\"pt-BR\",\"@id\":\"https:\/\/portalraizesnoticias.com.br\/#\/schema\/logo\/image\/\",\"url\":\"https:\/\/portalraizesnoticias.com.br\/wp-content\/uploads\/2024\/09\/cropped-Captura-de-tela-2024-09-08-011108.png\",\"contentUrl\":\"https:\/\/portalraizesnoticias.com.br\/wp-content\/uploads\/2024\/09\/cropped-Captura-de-tela-2024-09-08-011108.png\",\"width\":606,\"height\":173,\"caption\":\"Portal raizes NOTICIAS\"},\"image\":{\"@id\":\"https:\/\/portalraizesnoticias.com.br\/#\/schema\/logo\/image\/\"}},{\"@type\":\"Person\",\"@id\":\"https:\/\/portalraizesnoticias.com.br\/#\/schema\/person\/a3ca6b0fc701e78df19756c417d943ae\",\"name\":\"Portal Raizes\",\"image\":{\"@type\":\"ImageObject\",\"inLanguage\":\"pt-BR\",\"@id\":\"https:\/\/portalraizesnoticias.com.br\/#\/schema\/person\/image\/\",\"url\":\"https:\/\/secure.gravatar.com\/avatar\/ef450d29013a3d3fba867a12a249d7b1?s=96&d=mm&r=g\",\"contentUrl\":\"https:\/\/secure.gravatar.com\/avatar\/ef450d29013a3d3fba867a12a249d7b1?s=96&d=mm&r=g\",\"caption\":\"Portal Raizes\"},\"url\":\"https:\/\/portalraizesnoticias.com.br\/?author=3\"}]}<\/script>\n<!-- \/ Yoast SEO plugin. -->","yoast_head_json":{"title":"Carro com licenciamento atrasado e restri\u00e7\u00e3o da Justi\u00e7a \u00e9 apreendido pela Pol\u00edcia Militar em Retirol\u00e2ndia - Portal raizes noticias","robots":{"index":"index","follow":"follow","max-snippet":"max-snippet:-1","max-image-preview":"max-image-preview:large","max-video-preview":"max-video-preview:-1"},"canonical":"https:\/\/portalraizesnoticias.com.br\/?p=11301","og_locale":"pt_BR","og_type":"article","og_title":"Carro com licenciamento atrasado e restri\u00e7\u00e3o da Justi\u00e7a \u00e9 apreendido pela Pol\u00edcia Militar em Retirol\u00e2ndia - Portal raizes noticias","og_description":"A Pol\u00edcia Militar da Bahia apreendeu um ve\u00edculo com restri\u00e7\u00e3o judicial na manh\u00e3 deste domingo (22), por volta das 11h40, no munic\u00edpio de Retirol\u00e2ndia, regi\u00e3o sisaleira. De acordo com informa\u00e7\u00f5es da PM, a guarni\u00e7\u00e3o estava em ponto base na Pra\u00e7a da Igreja Matriz, refor\u00e7ando a seguran\u00e7a dos fi\u00e9is durante a celebra\u00e7\u00e3o de posse do novo padre, quando visualizou um ve\u00edculo Chevrolet Astra, de cor preta, estacionado em local destinado ao acesso de cadeirantes, o que chamou a aten\u00e7\u00e3o dos policiais. PUBLICIDADE Posteriormente, o carro foi visto circulando nas imedia\u00e7\u00f5es e acabou sendo abordado na Travessa Get\u00falio Vargas, no bairro Pocinho, nas proximidades de um restaurante. Durante a fiscaliza\u00e7\u00e3o, o condutor apresentou o CRLV, sendo constatado atraso no licenciamento do ve\u00edculo. Diante da irregularidade, o ve\u00edculo foi apreendido e encaminhado ao p\u00e1tio do 3\u00ba Pelot\u00e3o, onde ser\u00e3o adotadas as medidas administrativas cab\u00edveis. Foram lavrados o Auto de Infra\u00e7\u00e3o de Tr\u00e2nsito (AIT) e o Termo de Remo\u00e7\u00e3o Veicular (TRV). O condutor, um homem de 41 anos, foi identificado e liberado ap\u00f3s os procedimentos administrativos. Reda\u00e7\u00e3o","og_url":"https:\/\/portalraizesnoticias.com.br\/?p=11301","og_site_name":"Portal raizes noticias","article_published_time":"2026-02-23T00:27:19+00:00","og_image":[{"width":1296,"height":920,"url":"https:\/\/portalraizesnoticias.com.br\/wp-content\/uploads\/2026\/02\/IMG-20260222-WA0458.jpg","type":"image\/jpeg"}],"author":"Portal Raizes","twitter_card":"summary_large_image","twitter_misc":{"Escrito por":"Portal Raizes","Est. tempo de leitura":"2 minutos"},"schema":{"@context":"https:\/\/schema.org","@graph":[{"@type":"Article","@id":"https:\/\/portalraizesnoticias.com.br\/?p=11301#article","isPartOf":{"@id":"https:\/\/portalraizesnoticias.com.br\/?p=11301"},"author":{"name":"Portal Raizes","@id":"https:\/\/portalraizesnoticias.com.br\/#\/schema\/person\/a3ca6b0fc701e78df19756c417d943ae"},"headline":"Carro com licenciamento atrasado e restri\u00e7\u00e3o da Justi\u00e7a \u00e9 apreendido pela Pol\u00edcia Militar em Retirol\u00e2ndia","datePublished":"2026-02-23T00:27:19+00:00","mainEntityOfPage":{"@id":"https:\/\/portalraizesnoticias.com.br\/?p=11301"},"wordCount":217,"commentCount":0,"publisher":{"@id":"https:\/\/portalraizesnoticias.com.br\/#organization"},"image":{"@id":"https:\/\/portalraizesnoticias.com.br\/?p=11301#primaryimage"},"thumbnailUrl":"https:\/\/portalraizesnoticias.com.br\/wp-content\/uploads\/2026\/02\/IMG-20260222-WA0458.jpg","articleSection":["POLICIA","ULTIMAS NOTICIAS"],"inLanguage":"pt-BR","potentialAction":[{"@type":"CommentAction","name":"Comment","target":["https:\/\/portalraizesnoticias.com.br\/?p=11301#respond"]}]},{"@type":"WebPage","@id":"https:\/\/portalraizesnoticias.com.br\/?p=11301","url":"https:\/\/portalraizesnoticias.com.br\/?p=11301","name":"Carro com licenciamento atrasado e restri\u00e7\u00e3o da Justi\u00e7a \u00e9 apreendido pela Pol\u00edcia Militar em Retirol\u00e2ndia - Portal raizes noticias","isPartOf":{"@id":"https:\/\/portalraizesnoticias.com.br\/#website"},"primaryImageOfPage":{"@id":"https:\/\/portalraizesnoticias.com.br\/?p=11301#primaryimage"},"image":{"@id":"https:\/\/portalraizesnoticias.com.br\/?p=11301#primaryimage"},"thumbnailUrl":"https:\/\/portalraizesnoticias.com.br\/wp-content\/uploads\/2026\/02\/IMG-20260222-WA0458.jpg","datePublished":"2026-02-23T00:27:19+00:00","breadcrumb":{"@id":"https:\/\/portalraizesnoticias.com.br\/?p=11301#breadcrumb"},"inLanguage":"pt-BR","potentialAction":[{"@type":"ReadAction","target":["https:\/\/portalraizesnoticias.com.br\/?p=11301"]}]},{"@type":"ImageObject","inLanguage":"pt-BR","@id":"https:\/\/portalraizesnoticias.com.br\/?p=11301#primaryimage","url":"https:\/\/portalraizesnoticias.com.br\/wp-content\/uploads\/2026\/02\/IMG-20260222-WA0458.jpg","contentUrl":"https:\/\/portalraizesnoticias.com.br\/wp-content\/uploads\/2026\/02\/IMG-20260222-WA0458.jpg","width":1296,"height":920},{"@type":"BreadcrumbList","@id":"https:\/\/portalraizesnoticias.com.br\/?p=11301#breadcrumb","itemListElement":[{"@type":"ListItem","position":1,"name":"In\u00edcio","item":"https:\/\/portalraizesnoticias.com.br\/"},{"@type":"ListItem","position":2,"name":"Carro com licenciamento atrasado e restri\u00e7\u00e3o da Justi\u00e7a \u00e9 apreendido pela Pol\u00edcia Militar em Retirol\u00e2ndia"}]},{"@type":"WebSite","@id":"https:\/\/portalraizesnoticias.com.br\/#website","url":"https:\/\/portalraizesnoticias.com.br\/","name":"Portal raizes NOTICIAS","description":"site de noticias de concei\u00e7\u00e3o do coit\u00e9 e regi\u00e3o","publisher":{"@id":"https:\/\/portalraizesnoticias.com.br\/#organization"},"alternateName":"PORTAL RAIZES COIT\u00c9","potentialAction":[{"@type":"SearchAction","target":{"@type":"EntryPoint","urlTemplate":"https:\/\/portalraizesnoticias.com.br\/?s={search_term_string}"},"query-input":{"@type":"PropertyValueSpecification","valueRequired":true,"valueName":"search_term_string"}}],"inLanguage":"pt-BR"},{"@type":"Organization","@id":"https:\/\/portalraizesnoticias.com.br\/#organization","name":"Portal raizes NOTICIAS","url":"https:\/\/portalraizesnoticias.com.br\/","logo":{"@type":"ImageObject","inLanguage":"pt-BR","@id":"https:\/\/portalraizesnoticias.com.br\/#\/schema\/logo\/image\/","url":"https:\/\/portalraizesnoticias.com.br\/wp-content\/uploads\/2024\/09\/cropped-Captura-de-tela-2024-09-08-011108.png","contentUrl":"https:\/\/portalraizesnoticias.com.br\/wp-content\/uploads\/2024\/09\/cropped-Captura-de-tela-2024-09-08-011108.png","width":606,"height":173,"caption":"Portal raizes NOTICIAS"},"image":{"@id":"https:\/\/portalraizesnoticias.com.br\/#\/schema\/logo\/image\/"}},{"@type":"Person","@id":"https:\/\/portalraizesnoticias.com.br\/#\/schema\/person\/a3ca6b0fc701e78df19756c417d943ae","name":"Portal Raizes","image":{"@type":"ImageObject","inLanguage":"pt-BR","@id":"https:\/\/portalraizesnoticias.com.br\/#\/schema\/person\/image\/","url":"https:\/\/secure.gravatar.com\/avatar\/ef450d29013a3d3fba867a12a249d7b1?s=96&d=mm&r=g","contentUrl":"https:\/\/secure.gravatar.com\/avatar\/ef450d29013a3d3fba867a12a249d7b1?s=96&d=mm&r=g","caption":"Portal Raizes"},"url":"https:\/\/portalraizesnoticias.com.br\/?author=3"}]}},"_links":{"self":[{"href":"https:\/\/portalraizesnoticias.com.br\/index.php?rest_route=\/wp\/v2\/posts\/11301"}],"collection":[{"href":"https:\/\/portalraizesnoticias.com.br\/index.php?rest_route=\/wp\/v2\/posts"}],"about":[{"href":"https:\/\/portalraizesnoticias.com.br\/index.php?rest_route=\/wp\/v2\/types\/post"}],"author":[{"embeddable":true,"href":"https:\/\/portalraizesnoticias.com.br\/index.php?rest_route=\/wp\/v2\/users\/3"}],"replies":[{"embeddable":true,"href":"https:\/\/portalraizesnoticias.com.br\/index.php?rest_route=%2Fwp%2Fv2%2Fcomments&post=11301"}],"version-history":[{"count":4,"href":"https:\/\/portalraizesnoticias.com.br\/index.php?rest_route=\/wp\/v2\/posts\/11301\/revisions"}],"predecessor-version":[{"id":11306,"href":"https:\/\/portalraizesnoticias.com.br\/index.php?rest_route=\/wp\/v2\/posts\/11301\/revisions\/11306"}],"wp:featuredmedia":[{"embeddable":true,"href":"https:\/\/portalraizesnoticias.com.br\/index.php?rest_route=\/wp\/v2\/media\/11304"}],"wp:attachment":[{"href":"https:\/\/portalraizesnoticias.com.br\/index.php?rest_route=%2Fwp%2Fv2%2Fmedia&parent=11301"}],"wp:term":[{"taxonomy":"category","embeddable":true,"href":"https:\/\/portalraizesnoticias.com.br\/index.php?rest_route=%2Fwp%2Fv2%2Fcategories&post=11301"},{"taxonomy":"post_tag","embeddable":true,"href":"https:\/\/portalraizesnoticias.com.br\/index.php?rest_route=%2Fwp%2Fv2%2Ftags&post=11301"}],"curies":[{"name":"wp","href":"https:\/\/api.w.org\/{rel}","templated":true}]}}