{"id":11215,"date":"2026-02-21T21:54:45","date_gmt":"2026-02-22T00:54:45","guid":{"rendered":"https:\/\/portalraizesnoticias.com.br\/?p=11215"},"modified":"2026-02-21T22:35:56","modified_gmt":"2026-02-22T01:35:56","slug":"homem-e-morto-a-tiros-e-outro-fica-ferido-no-bairro-renascer-em-santa-barbara-suspeito-e-preso-em-flagrante-pela-pm","status":"publish","type":"post","link":"https:\/\/portalraizesnoticias.com.br\/?p=11215","title":{"rendered":"Homem \u00e9 morto a tiros e outro fica ferido no bairro Renascer em Santa B\u00e1rbara; adolescente \u00e9 preso em flagrante pela PM"},"content":{"rendered":"<p>Um homem foi preso em flagrante na tarde deste s\u00e1bado (21), suspeito de envolvimento em um homic\u00eddio e uma tentativa de homic\u00eddio na localidade do Renascer, em Santa B\u00e1rbara, nas proximidades da BR-116.<\/p>\n<p><img fetchpriority=\"high\" decoding=\"async\" class=\"size-medium wp-image-8289 aligncenter\" src=\"https:\/\/portalraizesnoticias.com.br\/wp-content\/uploads\/2025\/09\/IMG-20250918-WA0124-300x300.jpg\" alt=\"\" width=\"300\" height=\"300\" srcset=\"https:\/\/portalraizesnoticias.com.br\/wp-content\/uploads\/2025\/09\/IMG-20250918-WA0124-300x300.jpg 300w, https:\/\/portalraizesnoticias.com.br\/wp-content\/uploads\/2025\/09\/IMG-20250918-WA0124-150x150.jpg 150w, https:\/\/portalraizesnoticias.com.br\/wp-content\/uploads\/2025\/09\/IMG-20250918-WA0124-768x768.jpg 768w, https:\/\/portalraizesnoticias.com.br\/wp-content\/uploads\/2025\/09\/IMG-20250918-WA0124.jpg 1000w\" sizes=\"(max-width: 300px) 100vw, 300px\" \/><\/p>\n<p style=\"text-align: center;\"><strong>PUBLICIDADE<\/strong><\/p>\n<p>De acordo com informa\u00e7\u00f5es obtidos pelo Portal Ra\u00edzes, policiais\u00a0 do 25\u00ba BPM, as foram acionados por populares por volta das 16h, ap\u00f3s relatos de disparos de arma de fogo na regi\u00e3o. Ao chegarem ao local, os policiais constataram que dois homens haviam sido atingidos.<\/p>\n<p><img decoding=\"async\" class=\"size-medium wp-image-7771 aligncenter\" src=\"https:\/\/portalraizesnoticias.com.br\/wp-content\/uploads\/2025\/08\/IMG-20250814-WA05541-300x289.jpg\" alt=\"\" width=\"300\" height=\"289\" srcset=\"https:\/\/portalraizesnoticias.com.br\/wp-content\/uploads\/2025\/08\/IMG-20250814-WA05541-300x289.jpg 300w, https:\/\/portalraizesnoticias.com.br\/wp-content\/uploads\/2025\/08\/IMG-20250814-WA05541-1024x988.jpg 1024w, https:\/\/portalraizesnoticias.com.br\/wp-content\/uploads\/2025\/08\/IMG-20250814-WA05541-768x741.jpg 768w, https:\/\/portalraizesnoticias.com.br\/wp-content\/uploads\/2025\/08\/IMG-20250814-WA05541.jpg 1180w\" sizes=\"(max-width: 300px) 100vw, 300px\" \/><\/p>\n<p style=\"text-align: center;\"><strong>PUBLICIDADE<\/strong><\/p>\n<p>Uma das v\u00edtimas, identificada como Isaac Pereira das Merc\u00eas, foi socorrida por populares e levada ao Hospital Municipal de Santa B\u00e1rbara, mas n\u00e3o resistiu aos ferimentos e morreu. Segundo a PM, com ele foi encontrada uma certa quantidade de maconha.<\/p>\n<p><img decoding=\"async\" class=\"size-medium wp-image-8006 aligncenter\" src=\"https:\/\/portalraizesnoticias.com.br\/wp-content\/uploads\/2025\/09\/IMG-20250902-WA0020-300x296.jpg\" alt=\"\" width=\"300\" height=\"296\" srcset=\"https:\/\/portalraizesnoticias.com.br\/wp-content\/uploads\/2025\/09\/IMG-20250902-WA0020-300x296.jpg 300w, https:\/\/portalraizesnoticias.com.br\/wp-content\/uploads\/2025\/09\/IMG-20250902-WA0020-1024x1009.jpg 1024w, https:\/\/portalraizesnoticias.com.br\/wp-content\/uploads\/2025\/09\/IMG-20250902-WA0020-768x757.jpg 768w, https:\/\/portalraizesnoticias.com.br\/wp-content\/uploads\/2025\/09\/IMG-20250902-WA0020.jpg 1080w\" sizes=\"(max-width: 300px) 100vw, 300px\" \/><\/p>\n<p style=\"text-align: center;\"><strong>PUBLICIDADE<\/strong><\/p>\n<p>O autor , J. S,\u00a0 foi socorrido pela guarni\u00e7\u00e3o\u00a0 e encaminhada \u00e0 unidade hospitalar. Conforme informa\u00e7\u00f5es policiais, ele n\u00e3o corre risco de morte.<\/p>\n<p><img loading=\"lazy\" decoding=\"async\" class=\"size-medium wp-image-6103 aligncenter\" src=\"https:\/\/portalraizesnoticias.com.br\/wp-content\/uploads\/2025\/04\/IMG-20250426-WA0417-300x300.jpg\" alt=\"\" width=\"300\" height=\"300\" srcset=\"https:\/\/portalraizesnoticias.com.br\/wp-content\/uploads\/2025\/04\/IMG-20250426-WA0417-300x300.jpg 300w, https:\/\/portalraizesnoticias.com.br\/wp-content\/uploads\/2025\/04\/IMG-20250426-WA0417-1024x1024.jpg 1024w, https:\/\/portalraizesnoticias.com.br\/wp-content\/uploads\/2025\/04\/IMG-20250426-WA0417-150x150.jpg 150w, https:\/\/portalraizesnoticias.com.br\/wp-content\/uploads\/2025\/04\/IMG-20250426-WA0417-768x768.jpg 768w, https:\/\/portalraizesnoticias.com.br\/wp-content\/uploads\/2025\/04\/IMG-20250426-WA0417.jpg 1080w\" sizes=\"(max-width: 300px) 100vw, 300px\" \/><\/p>\n<p style=\"text-align: center;\"><strong>PUBLICIDADE<\/strong><\/p>\n<p>Ainda segundo a Pol\u00edcia Militar, o suspeito\u00a0 dos disparos\u00a0 fugiu do local a bordo de uma caminhonete Fiat Toro, de cor branca, seguindo em dire\u00e7\u00e3o a Feira de Santana. O ve\u00edculo foi interceptado pela guarni\u00e7\u00e3o\u00a0 no bairro Novo Horizonte. O homem foi preso em flagrante e conduzido \u00e0 Delegacia Territorial de Serrinha, onde o caso foi registrado.<\/p>\n<p>Ainda conforme informa\u00e7\u00f5es obtidas pelo Portal Ra\u00edzes, outro adolescente envolvido bo crime confessou ter efetuado os disparos que atingiram a v\u00edtima. Ele alegou ter agido em leg\u00edtima defesa ap\u00f3s, segundo sua vers\u00e3o, a v\u00edtima tentar atingi-lo com uma arma do tipo pistola. O suspeito afirmou que, durante a a\u00e7\u00e3o, conseguiu se apoderar da arma e realizou dois disparos contra a cabe\u00e7a de Isaque.<\/p>\n<p>Ap\u00f3s o crime, o adolescente informou que a arma teria sido descartada em um terreno nas proximidades do local do fato. A guarni\u00e7\u00e3o realizou buscas, mas o armamento n\u00e3o foi localizado.<\/p>\n<p>Durante a ocorr\u00eancia, foram apreendidos aproximadamente 24 gramas de subst\u00e2ncia an\u00e1loga \u00e0 maconha, 15 trouxas da mesma droga, aparelhos celulares, um ve\u00edculo Fiat Toro e outros objetos.<\/p>\n<p>O adolescente foi apresentado na Delegacia de Serrinha, onde foram adotadas as medidas cab\u00edveis. O caso ser\u00e1 investigado pela Pol\u00edcia Civil.<\/p>\n<p>O caso ser\u00e1 investigado pela Pol\u00edcia Civil.<\/p>\n<p>Reda\u00e7\u00e3o<\/p>\n<p>Foto: Ilustra\u00e7\u00e3o<\/p>\n","protected":false},"excerpt":{"rendered":"<p>Um homem foi preso em flagrante na tarde deste s\u00e1bado (21), suspeito de envolvimento em um homic\u00eddio e uma tentativa de homic\u00eddio na localidade do Renascer, em Santa B\u00e1rbara, nas proximidades da BR-116. PUBLICIDADE De acordo com informa\u00e7\u00f5es obtidos pelo Portal Ra\u00edzes, policiais\u00a0 do 25\u00ba BPM, as foram acionados por populares por volta das 16h, ap\u00f3s relatos de disparos de arma de fogo na regi\u00e3o. Ao chegarem ao local, os policiais constataram que dois homens haviam sido atingidos. PUBLICIDADE Uma das v\u00edtimas, identificada como Isaac Pereira das Merc\u00eas, foi socorrida por populares e levada ao Hospital Municipal de Santa B\u00e1rbara, mas n\u00e3o resistiu aos ferimentos e morreu. Segundo a PM, com ele foi encontrada uma certa quantidade de maconha. PUBLICIDADE O autor , J. S,\u00a0 foi socorrido pela guarni\u00e7\u00e3o\u00a0 e encaminhada \u00e0 unidade hospitalar. Conforme informa\u00e7\u00f5es policiais, ele n\u00e3o corre risco de morte. PUBLICIDADE Ainda segundo a Pol\u00edcia Militar, o suspeito\u00a0 dos disparos\u00a0 fugiu do local a bordo de uma caminhonete Fiat Toro, de cor branca, seguindo em dire\u00e7\u00e3o a Feira de Santana. O ve\u00edculo foi interceptado pela guarni\u00e7\u00e3o\u00a0 no bairro Novo Horizonte. O homem foi preso em flagrante e conduzido \u00e0 Delegacia Territorial de Serrinha, onde o caso foi registrado. Ainda conforme informa\u00e7\u00f5es obtidas pelo Portal Ra\u00edzes, outro adolescente envolvido bo crime confessou ter efetuado os disparos que atingiram a v\u00edtima. Ele alegou ter agido em leg\u00edtima defesa ap\u00f3s, segundo sua vers\u00e3o, a v\u00edtima tentar atingi-lo com uma arma do tipo pistola. O suspeito afirmou que, durante a a\u00e7\u00e3o, conseguiu se apoderar da arma e realizou dois disparos contra a cabe\u00e7a de Isaque. Ap\u00f3s o crime, o adolescente informou que a arma teria sido descartada em um terreno nas proximidades do local do fato. A guarni\u00e7\u00e3o realizou buscas, mas o armamento n\u00e3o foi localizado. Durante a ocorr\u00eancia, foram apreendidos aproximadamente 24 gramas de subst\u00e2ncia an\u00e1loga \u00e0 maconha, 15 trouxas da mesma droga, aparelhos celulares, um ve\u00edculo Fiat Toro e outros objetos. O adolescente foi apresentado na Delegacia de Serrinha, onde foram adotadas as medidas cab\u00edveis. O caso ser\u00e1 investigado pela Pol\u00edcia Civil. O caso ser\u00e1 investigado pela Pol\u00edcia Civil. Reda\u00e7\u00e3o Foto: Ilustra\u00e7\u00e3o<\/p>\n","protected":false},"author":3,"featured_media":2063,"comment_status":"open","ping_status":"open","sticky":false,"template":"","format":"standard","meta":{"_joinchat":[],"footnotes":""},"categories":[1],"tags":[],"class_list":["post-11215","post","type-post","status-publish","format-standard","has-post-thumbnail","hentry","category-esportes-esportes"],"yoast_head":"<!-- This site is optimized with the Yoast SEO plugin v24.4 - https:\/\/yoast.com\/wordpress\/plugins\/seo\/ -->\n<title>Homem \u00e9 morto a tiros e outro fica ferido no bairro Renascer em Santa B\u00e1rbara; adolescente \u00e9 preso em flagrante pela PM - Portal raizes noticias<\/title>\n<meta name=\"robots\" content=\"index, follow, max-snippet:-1, max-image-preview:large, max-video-preview:-1\" \/>\n<link rel=\"canonical\" href=\"https:\/\/portalraizesnoticias.com.br\/?p=11215\" \/>\n<meta property=\"og:locale\" content=\"pt_BR\" \/>\n<meta property=\"og:type\" content=\"article\" \/>\n<meta property=\"og:title\" content=\"Homem \u00e9 morto a tiros e outro fica ferido no bairro Renascer em Santa B\u00e1rbara; adolescente \u00e9 preso em flagrante pela PM - Portal raizes noticias\" \/>\n<meta property=\"og:description\" content=\"Um homem foi preso em flagrante na tarde deste s\u00e1bado (21), suspeito de envolvimento em um homic\u00eddio e uma tentativa de homic\u00eddio na localidade do Renascer, em Santa B\u00e1rbara, nas proximidades da BR-116. PUBLICIDADE De acordo com informa\u00e7\u00f5es obtidos pelo Portal Ra\u00edzes, policiais\u00a0 do 25\u00ba BPM, as foram acionados por populares por volta das 16h, ap\u00f3s relatos de disparos de arma de fogo na regi\u00e3o. Ao chegarem ao local, os policiais constataram que dois homens haviam sido atingidos. PUBLICIDADE Uma das v\u00edtimas, identificada como Isaac Pereira das Merc\u00eas, foi socorrida por populares e levada ao Hospital Municipal de Santa B\u00e1rbara, mas n\u00e3o resistiu aos ferimentos e morreu. Segundo a PM, com ele foi encontrada uma certa quantidade de maconha. PUBLICIDADE O autor , J. S,\u00a0 foi socorrido pela guarni\u00e7\u00e3o\u00a0 e encaminhada \u00e0 unidade hospitalar. Conforme informa\u00e7\u00f5es policiais, ele n\u00e3o corre risco de morte. PUBLICIDADE Ainda segundo a Pol\u00edcia Militar, o suspeito\u00a0 dos disparos\u00a0 fugiu do local a bordo de uma caminhonete Fiat Toro, de cor branca, seguindo em dire\u00e7\u00e3o a Feira de Santana. O ve\u00edculo foi interceptado pela guarni\u00e7\u00e3o\u00a0 no bairro Novo Horizonte. O homem foi preso em flagrante e conduzido \u00e0 Delegacia Territorial de Serrinha, onde o caso foi registrado. Ainda conforme informa\u00e7\u00f5es obtidas pelo Portal Ra\u00edzes, outro adolescente envolvido bo crime confessou ter efetuado os disparos que atingiram a v\u00edtima. Ele alegou ter agido em leg\u00edtima defesa ap\u00f3s, segundo sua vers\u00e3o, a v\u00edtima tentar atingi-lo com uma arma do tipo pistola. O suspeito afirmou que, durante a a\u00e7\u00e3o, conseguiu se apoderar da arma e realizou dois disparos contra a cabe\u00e7a de Isaque. Ap\u00f3s o crime, o adolescente informou que a arma teria sido descartada em um terreno nas proximidades do local do fato. A guarni\u00e7\u00e3o realizou buscas, mas o armamento n\u00e3o foi localizado. Durante a ocorr\u00eancia, foram apreendidos aproximadamente 24 gramas de subst\u00e2ncia an\u00e1loga \u00e0 maconha, 15 trouxas da mesma droga, aparelhos celulares, um ve\u00edculo Fiat Toro e outros objetos. O adolescente foi apresentado na Delegacia de Serrinha, onde foram adotadas as medidas cab\u00edveis. O caso ser\u00e1 investigado pela Pol\u00edcia Civil. O caso ser\u00e1 investigado pela Pol\u00edcia Civil. Reda\u00e7\u00e3o Foto: Ilustra\u00e7\u00e3o\" \/>\n<meta property=\"og:url\" content=\"https:\/\/portalraizesnoticias.com.br\/?p=11215\" \/>\n<meta property=\"og:site_name\" content=\"Portal raizes noticias\" \/>\n<meta property=\"article:published_time\" content=\"2026-02-22T00:54:45+00:00\" \/>\n<meta property=\"article:modified_time\" content=\"2026-02-22T01:35:56+00:00\" \/>\n<meta property=\"og:image\" content=\"https:\/\/portalraizesnoticias.com.br\/wp-content\/uploads\/2024\/11\/pm-policia-militar-53151373421_6fb63d5c5d_o-qwpo2blvhkl4x8z1yykn8fe73p89nh9w7jtstkb6uo.jpg\" \/>\n\t<meta property=\"og:image:width\" content=\"800\" \/>\n\t<meta property=\"og:image:height\" content=\"600\" \/>\n\t<meta property=\"og:image:type\" content=\"image\/jpeg\" \/>\n<meta name=\"author\" content=\"Portal Raizes\" \/>\n<meta name=\"twitter:card\" content=\"summary_large_image\" \/>\n<meta name=\"twitter:label1\" content=\"Escrito por\" \/>\n\t<meta name=\"twitter:data1\" content=\"Portal Raizes\" \/>\n\t<meta name=\"twitter:label2\" content=\"Est. tempo de leitura\" \/>\n\t<meta name=\"twitter:data2\" content=\"3 minutos\" \/>\n<script type=\"application\/ld+json\" class=\"yoast-schema-graph\">{\"@context\":\"https:\/\/schema.org\",\"@graph\":[{\"@type\":\"Article\",\"@id\":\"https:\/\/portalraizesnoticias.com.br\/?p=11215#article\",\"isPartOf\":{\"@id\":\"https:\/\/portalraizesnoticias.com.br\/?p=11215\"},\"author\":{\"name\":\"Portal Raizes\",\"@id\":\"https:\/\/portalraizesnoticias.com.br\/#\/schema\/person\/a3ca6b0fc701e78df19756c417d943ae\"},\"headline\":\"Homem \u00e9 morto a tiros e outro fica ferido no bairro Renascer em Santa B\u00e1rbara; adolescente \u00e9 preso em flagrante pela PM\",\"datePublished\":\"2026-02-22T00:54:45+00:00\",\"dateModified\":\"2026-02-22T01:35:56+00:00\",\"mainEntityOfPage\":{\"@id\":\"https:\/\/portalraizesnoticias.com.br\/?p=11215\"},\"wordCount\":406,\"commentCount\":0,\"publisher\":{\"@id\":\"https:\/\/portalraizesnoticias.com.br\/#organization\"},\"image\":{\"@id\":\"https:\/\/portalraizesnoticias.com.br\/?p=11215#primaryimage\"},\"thumbnailUrl\":\"https:\/\/portalraizesnoticias.com.br\/wp-content\/uploads\/2024\/11\/pm-policia-militar-53151373421_6fb63d5c5d_o-qwpo2blvhkl4x8z1yykn8fe73p89nh9w7jtstkb6uo.jpg\",\"articleSection\":[\"ESPORTES\"],\"inLanguage\":\"pt-BR\",\"potentialAction\":[{\"@type\":\"CommentAction\",\"name\":\"Comment\",\"target\":[\"https:\/\/portalraizesnoticias.com.br\/?p=11215#respond\"]}]},{\"@type\":\"WebPage\",\"@id\":\"https:\/\/portalraizesnoticias.com.br\/?p=11215\",\"url\":\"https:\/\/portalraizesnoticias.com.br\/?p=11215\",\"name\":\"Homem \u00e9 morto a tiros e outro fica ferido no bairro Renascer em Santa B\u00e1rbara; adolescente \u00e9 preso em flagrante pela PM - Portal raizes noticias\",\"isPartOf\":{\"@id\":\"https:\/\/portalraizesnoticias.com.br\/#website\"},\"primaryImageOfPage\":{\"@id\":\"https:\/\/portalraizesnoticias.com.br\/?p=11215#primaryimage\"},\"image\":{\"@id\":\"https:\/\/portalraizesnoticias.com.br\/?p=11215#primaryimage\"},\"thumbnailUrl\":\"https:\/\/portalraizesnoticias.com.br\/wp-content\/uploads\/2024\/11\/pm-policia-militar-53151373421_6fb63d5c5d_o-qwpo2blvhkl4x8z1yykn8fe73p89nh9w7jtstkb6uo.jpg\",\"datePublished\":\"2026-02-22T00:54:45+00:00\",\"dateModified\":\"2026-02-22T01:35:56+00:00\",\"breadcrumb\":{\"@id\":\"https:\/\/portalraizesnoticias.com.br\/?p=11215#breadcrumb\"},\"inLanguage\":\"pt-BR\",\"potentialAction\":[{\"@type\":\"ReadAction\",\"target\":[\"https:\/\/portalraizesnoticias.com.br\/?p=11215\"]}]},{\"@type\":\"ImageObject\",\"inLanguage\":\"pt-BR\",\"@id\":\"https:\/\/portalraizesnoticias.com.br\/?p=11215#primaryimage\",\"url\":\"https:\/\/portalraizesnoticias.com.br\/wp-content\/uploads\/2024\/11\/pm-policia-militar-53151373421_6fb63d5c5d_o-qwpo2blvhkl4x8z1yykn8fe73p89nh9w7jtstkb6uo.jpg\",\"contentUrl\":\"https:\/\/portalraizesnoticias.com.br\/wp-content\/uploads\/2024\/11\/pm-policia-militar-53151373421_6fb63d5c5d_o-qwpo2blvhkl4x8z1yykn8fe73p89nh9w7jtstkb6uo.jpg\",\"width\":800,\"height\":600},{\"@type\":\"BreadcrumbList\",\"@id\":\"https:\/\/portalraizesnoticias.com.br\/?p=11215#breadcrumb\",\"itemListElement\":[{\"@type\":\"ListItem\",\"position\":1,\"name\":\"In\u00edcio\",\"item\":\"https:\/\/portalraizesnoticias.com.br\/\"},{\"@type\":\"ListItem\",\"position\":2,\"name\":\"Homem \u00e9 morto a tiros e outro fica ferido no bairro Renascer em Santa B\u00e1rbara; adolescente \u00e9 preso em flagrante pela PM\"}]},{\"@type\":\"WebSite\",\"@id\":\"https:\/\/portalraizesnoticias.com.br\/#website\",\"url\":\"https:\/\/portalraizesnoticias.com.br\/\",\"name\":\"Portal raizes NOTICIAS\",\"description\":\"site de noticias de concei\u00e7\u00e3o do coit\u00e9 e regi\u00e3o\",\"publisher\":{\"@id\":\"https:\/\/portalraizesnoticias.com.br\/#organization\"},\"alternateName\":\"PORTAL RAIZES COIT\u00c9\",\"potentialAction\":[{\"@type\":\"SearchAction\",\"target\":{\"@type\":\"EntryPoint\",\"urlTemplate\":\"https:\/\/portalraizesnoticias.com.br\/?s={search_term_string}\"},\"query-input\":{\"@type\":\"PropertyValueSpecification\",\"valueRequired\":true,\"valueName\":\"search_term_string\"}}],\"inLanguage\":\"pt-BR\"},{\"@type\":\"Organization\",\"@id\":\"https:\/\/portalraizesnoticias.com.br\/#organization\",\"name\":\"Portal raizes NOTICIAS\",\"url\":\"https:\/\/portalraizesnoticias.com.br\/\",\"logo\":{\"@type\":\"ImageObject\",\"inLanguage\":\"pt-BR\",\"@id\":\"https:\/\/portalraizesnoticias.com.br\/#\/schema\/logo\/image\/\",\"url\":\"https:\/\/portalraizesnoticias.com.br\/wp-content\/uploads\/2024\/09\/cropped-Captura-de-tela-2024-09-08-011108.png\",\"contentUrl\":\"https:\/\/portalraizesnoticias.com.br\/wp-content\/uploads\/2024\/09\/cropped-Captura-de-tela-2024-09-08-011108.png\",\"width\":606,\"height\":173,\"caption\":\"Portal raizes NOTICIAS\"},\"image\":{\"@id\":\"https:\/\/portalraizesnoticias.com.br\/#\/schema\/logo\/image\/\"}},{\"@type\":\"Person\",\"@id\":\"https:\/\/portalraizesnoticias.com.br\/#\/schema\/person\/a3ca6b0fc701e78df19756c417d943ae\",\"name\":\"Portal Raizes\",\"image\":{\"@type\":\"ImageObject\",\"inLanguage\":\"pt-BR\",\"@id\":\"https:\/\/portalraizesnoticias.com.br\/#\/schema\/person\/image\/\",\"url\":\"https:\/\/secure.gravatar.com\/avatar\/ef450d29013a3d3fba867a12a249d7b1?s=96&d=mm&r=g\",\"contentUrl\":\"https:\/\/secure.gravatar.com\/avatar\/ef450d29013a3d3fba867a12a249d7b1?s=96&d=mm&r=g\",\"caption\":\"Portal Raizes\"},\"url\":\"https:\/\/portalraizesnoticias.com.br\/?author=3\"}]}<\/script>\n<!-- \/ Yoast SEO plugin. -->","yoast_head_json":{"title":"Homem \u00e9 morto a tiros e outro fica ferido no bairro Renascer em Santa B\u00e1rbara; adolescente \u00e9 preso em flagrante pela PM - Portal raizes noticias","robots":{"index":"index","follow":"follow","max-snippet":"max-snippet:-1","max-image-preview":"max-image-preview:large","max-video-preview":"max-video-preview:-1"},"canonical":"https:\/\/portalraizesnoticias.com.br\/?p=11215","og_locale":"pt_BR","og_type":"article","og_title":"Homem \u00e9 morto a tiros e outro fica ferido no bairro Renascer em Santa B\u00e1rbara; adolescente \u00e9 preso em flagrante pela PM - Portal raizes noticias","og_description":"Um homem foi preso em flagrante na tarde deste s\u00e1bado (21), suspeito de envolvimento em um homic\u00eddio e uma tentativa de homic\u00eddio na localidade do Renascer, em Santa B\u00e1rbara, nas proximidades da BR-116. PUBLICIDADE De acordo com informa\u00e7\u00f5es obtidos pelo Portal Ra\u00edzes, policiais\u00a0 do 25\u00ba BPM, as foram acionados por populares por volta das 16h, ap\u00f3s relatos de disparos de arma de fogo na regi\u00e3o. Ao chegarem ao local, os policiais constataram que dois homens haviam sido atingidos. PUBLICIDADE Uma das v\u00edtimas, identificada como Isaac Pereira das Merc\u00eas, foi socorrida por populares e levada ao Hospital Municipal de Santa B\u00e1rbara, mas n\u00e3o resistiu aos ferimentos e morreu. Segundo a PM, com ele foi encontrada uma certa quantidade de maconha. PUBLICIDADE O autor , J. S,\u00a0 foi socorrido pela guarni\u00e7\u00e3o\u00a0 e encaminhada \u00e0 unidade hospitalar. Conforme informa\u00e7\u00f5es policiais, ele n\u00e3o corre risco de morte. PUBLICIDADE Ainda segundo a Pol\u00edcia Militar, o suspeito\u00a0 dos disparos\u00a0 fugiu do local a bordo de uma caminhonete Fiat Toro, de cor branca, seguindo em dire\u00e7\u00e3o a Feira de Santana. O ve\u00edculo foi interceptado pela guarni\u00e7\u00e3o\u00a0 no bairro Novo Horizonte. O homem foi preso em flagrante e conduzido \u00e0 Delegacia Territorial de Serrinha, onde o caso foi registrado. Ainda conforme informa\u00e7\u00f5es obtidas pelo Portal Ra\u00edzes, outro adolescente envolvido bo crime confessou ter efetuado os disparos que atingiram a v\u00edtima. Ele alegou ter agido em leg\u00edtima defesa ap\u00f3s, segundo sua vers\u00e3o, a v\u00edtima tentar atingi-lo com uma arma do tipo pistola. O suspeito afirmou que, durante a a\u00e7\u00e3o, conseguiu se apoderar da arma e realizou dois disparos contra a cabe\u00e7a de Isaque. Ap\u00f3s o crime, o adolescente informou que a arma teria sido descartada em um terreno nas proximidades do local do fato. A guarni\u00e7\u00e3o realizou buscas, mas o armamento n\u00e3o foi localizado. Durante a ocorr\u00eancia, foram apreendidos aproximadamente 24 gramas de subst\u00e2ncia an\u00e1loga \u00e0 maconha, 15 trouxas da mesma droga, aparelhos celulares, um ve\u00edculo Fiat Toro e outros objetos. O adolescente foi apresentado na Delegacia de Serrinha, onde foram adotadas as medidas cab\u00edveis. O caso ser\u00e1 investigado pela Pol\u00edcia Civil. O caso ser\u00e1 investigado pela Pol\u00edcia Civil. Reda\u00e7\u00e3o Foto: Ilustra\u00e7\u00e3o","og_url":"https:\/\/portalraizesnoticias.com.br\/?p=11215","og_site_name":"Portal raizes noticias","article_published_time":"2026-02-22T00:54:45+00:00","article_modified_time":"2026-02-22T01:35:56+00:00","og_image":[{"width":800,"height":600,"url":"https:\/\/portalraizesnoticias.com.br\/wp-content\/uploads\/2024\/11\/pm-policia-militar-53151373421_6fb63d5c5d_o-qwpo2blvhkl4x8z1yykn8fe73p89nh9w7jtstkb6uo.jpg","type":"image\/jpeg"}],"author":"Portal Raizes","twitter_card":"summary_large_image","twitter_misc":{"Escrito por":"Portal Raizes","Est. tempo de leitura":"3 minutos"},"schema":{"@context":"https:\/\/schema.org","@graph":[{"@type":"Article","@id":"https:\/\/portalraizesnoticias.com.br\/?p=11215#article","isPartOf":{"@id":"https:\/\/portalraizesnoticias.com.br\/?p=11215"},"author":{"name":"Portal Raizes","@id":"https:\/\/portalraizesnoticias.com.br\/#\/schema\/person\/a3ca6b0fc701e78df19756c417d943ae"},"headline":"Homem \u00e9 morto a tiros e outro fica ferido no bairro Renascer em Santa B\u00e1rbara; adolescente \u00e9 preso em flagrante pela PM","datePublished":"2026-02-22T00:54:45+00:00","dateModified":"2026-02-22T01:35:56+00:00","mainEntityOfPage":{"@id":"https:\/\/portalraizesnoticias.com.br\/?p=11215"},"wordCount":406,"commentCount":0,"publisher":{"@id":"https:\/\/portalraizesnoticias.com.br\/#organization"},"image":{"@id":"https:\/\/portalraizesnoticias.com.br\/?p=11215#primaryimage"},"thumbnailUrl":"https:\/\/portalraizesnoticias.com.br\/wp-content\/uploads\/2024\/11\/pm-policia-militar-53151373421_6fb63d5c5d_o-qwpo2blvhkl4x8z1yykn8fe73p89nh9w7jtstkb6uo.jpg","articleSection":["ESPORTES"],"inLanguage":"pt-BR","potentialAction":[{"@type":"CommentAction","name":"Comment","target":["https:\/\/portalraizesnoticias.com.br\/?p=11215#respond"]}]},{"@type":"WebPage","@id":"https:\/\/portalraizesnoticias.com.br\/?p=11215","url":"https:\/\/portalraizesnoticias.com.br\/?p=11215","name":"Homem \u00e9 morto a tiros e outro fica ferido no bairro Renascer em Santa B\u00e1rbara; adolescente \u00e9 preso em flagrante pela PM - Portal raizes noticias","isPartOf":{"@id":"https:\/\/portalraizesnoticias.com.br\/#website"},"primaryImageOfPage":{"@id":"https:\/\/portalraizesnoticias.com.br\/?p=11215#primaryimage"},"image":{"@id":"https:\/\/portalraizesnoticias.com.br\/?p=11215#primaryimage"},"thumbnailUrl":"https:\/\/portalraizesnoticias.com.br\/wp-content\/uploads\/2024\/11\/pm-policia-militar-53151373421_6fb63d5c5d_o-qwpo2blvhkl4x8z1yykn8fe73p89nh9w7jtstkb6uo.jpg","datePublished":"2026-02-22T00:54:45+00:00","dateModified":"2026-02-22T01:35:56+00:00","breadcrumb":{"@id":"https:\/\/portalraizesnoticias.com.br\/?p=11215#breadcrumb"},"inLanguage":"pt-BR","potentialAction":[{"@type":"ReadAction","target":["https:\/\/portalraizesnoticias.com.br\/?p=11215"]}]},{"@type":"ImageObject","inLanguage":"pt-BR","@id":"https:\/\/portalraizesnoticias.com.br\/?p=11215#primaryimage","url":"https:\/\/portalraizesnoticias.com.br\/wp-content\/uploads\/2024\/11\/pm-policia-militar-53151373421_6fb63d5c5d_o-qwpo2blvhkl4x8z1yykn8fe73p89nh9w7jtstkb6uo.jpg","contentUrl":"https:\/\/portalraizesnoticias.com.br\/wp-content\/uploads\/2024\/11\/pm-policia-militar-53151373421_6fb63d5c5d_o-qwpo2blvhkl4x8z1yykn8fe73p89nh9w7jtstkb6uo.jpg","width":800,"height":600},{"@type":"BreadcrumbList","@id":"https:\/\/portalraizesnoticias.com.br\/?p=11215#breadcrumb","itemListElement":[{"@type":"ListItem","position":1,"name":"In\u00edcio","item":"https:\/\/portalraizesnoticias.com.br\/"},{"@type":"ListItem","position":2,"name":"Homem \u00e9 morto a tiros e outro fica ferido no bairro Renascer em Santa B\u00e1rbara; adolescente \u00e9 preso em flagrante pela PM"}]},{"@type":"WebSite","@id":"https:\/\/portalraizesnoticias.com.br\/#website","url":"https:\/\/portalraizesnoticias.com.br\/","name":"Portal raizes NOTICIAS","description":"site de noticias de concei\u00e7\u00e3o do coit\u00e9 e regi\u00e3o","publisher":{"@id":"https:\/\/portalraizesnoticias.com.br\/#organization"},"alternateName":"PORTAL RAIZES COIT\u00c9","potentialAction":[{"@type":"SearchAction","target":{"@type":"EntryPoint","urlTemplate":"https:\/\/portalraizesnoticias.com.br\/?s={search_term_string}"},"query-input":{"@type":"PropertyValueSpecification","valueRequired":true,"valueName":"search_term_string"}}],"inLanguage":"pt-BR"},{"@type":"Organization","@id":"https:\/\/portalraizesnoticias.com.br\/#organization","name":"Portal raizes NOTICIAS","url":"https:\/\/portalraizesnoticias.com.br\/","logo":{"@type":"ImageObject","inLanguage":"pt-BR","@id":"https:\/\/portalraizesnoticias.com.br\/#\/schema\/logo\/image\/","url":"https:\/\/portalraizesnoticias.com.br\/wp-content\/uploads\/2024\/09\/cropped-Captura-de-tela-2024-09-08-011108.png","contentUrl":"https:\/\/portalraizesnoticias.com.br\/wp-content\/uploads\/2024\/09\/cropped-Captura-de-tela-2024-09-08-011108.png","width":606,"height":173,"caption":"Portal raizes NOTICIAS"},"image":{"@id":"https:\/\/portalraizesnoticias.com.br\/#\/schema\/logo\/image\/"}},{"@type":"Person","@id":"https:\/\/portalraizesnoticias.com.br\/#\/schema\/person\/a3ca6b0fc701e78df19756c417d943ae","name":"Portal Raizes","image":{"@type":"ImageObject","inLanguage":"pt-BR","@id":"https:\/\/portalraizesnoticias.com.br\/#\/schema\/person\/image\/","url":"https:\/\/secure.gravatar.com\/avatar\/ef450d29013a3d3fba867a12a249d7b1?s=96&d=mm&r=g","contentUrl":"https:\/\/secure.gravatar.com\/avatar\/ef450d29013a3d3fba867a12a249d7b1?s=96&d=mm&r=g","caption":"Portal Raizes"},"url":"https:\/\/portalraizesnoticias.com.br\/?author=3"}]}},"_links":{"self":[{"href":"https:\/\/portalraizesnoticias.com.br\/index.php?rest_route=\/wp\/v2\/posts\/11215"}],"collection":[{"href":"https:\/\/portalraizesnoticias.com.br\/index.php?rest_route=\/wp\/v2\/posts"}],"about":[{"href":"https:\/\/portalraizesnoticias.com.br\/index.php?rest_route=\/wp\/v2\/types\/post"}],"author":[{"embeddable":true,"href":"https:\/\/portalraizesnoticias.com.br\/index.php?rest_route=\/wp\/v2\/users\/3"}],"replies":[{"embeddable":true,"href":"https:\/\/portalraizesnoticias.com.br\/index.php?rest_route=%2Fwp%2Fv2%2Fcomments&post=11215"}],"version-history":[{"count":8,"href":"https:\/\/portalraizesnoticias.com.br\/index.php?rest_route=\/wp\/v2\/posts\/11215\/revisions"}],"predecessor-version":[{"id":11224,"href":"https:\/\/portalraizesnoticias.com.br\/index.php?rest_route=\/wp\/v2\/posts\/11215\/revisions\/11224"}],"wp:featuredmedia":[{"embeddable":true,"href":"https:\/\/portalraizesnoticias.com.br\/index.php?rest_route=\/wp\/v2\/media\/2063"}],"wp:attachment":[{"href":"https:\/\/portalraizesnoticias.com.br\/index.php?rest_route=%2Fwp%2Fv2%2Fmedia&parent=11215"}],"wp:term":[{"taxonomy":"category","embeddable":true,"href":"https:\/\/portalraizesnoticias.com.br\/index.php?rest_route=%2Fwp%2Fv2%2Fcategories&post=11215"},{"taxonomy":"post_tag","embeddable":true,"href":"https:\/\/portalraizesnoticias.com.br\/index.php?rest_route=%2Fwp%2Fv2%2Ftags&post=11215"}],"curies":[{"name":"wp","href":"https:\/\/api.w.org\/{rel}","templated":true}]}}