{"id":11034,"date":"2026-02-13T20:42:33","date_gmt":"2026-02-13T23:42:33","guid":{"rendered":"https:\/\/portalraizesnoticias.com.br\/?p=11034"},"modified":"2026-02-13T20:42:34","modified_gmt":"2026-02-13T23:42:34","slug":"homem-sofre-suspeita-de-fratura-no-maxilar-e-dentes-apos-ser-agredido-por-tres-suspeitos-em-conceicao-do-coite","status":"publish","type":"post","link":"https:\/\/portalraizesnoticias.com.br\/?p=11034","title":{"rendered":"Homem sofre suspeita de fratura no maxilar e  dentes ap\u00f3s ser agredido por tr\u00eas suspeitos em Concei\u00e7\u00e3o do Coit\u00e9"},"content":{"rendered":"<p>Um homem ficou ferido ap\u00f3s ser agredido, supostamente por tr\u00eas indiv\u00edduos, na noite desta sexta-feira (13), por volta das 20h, nos fundos da AABB, em Concei\u00e7\u00e3o do Coit\u00e9.<\/p>\n<p><img fetchpriority=\"high\" decoding=\"async\" class=\"size-medium wp-image-10424 aligncenter\" src=\"https:\/\/portalraizesnoticias.com.br\/wp-content\/uploads\/2023\/04\/reis-car_page-0001-212x300.jpg\" alt=\"\" width=\"212\" height=\"300\" srcset=\"https:\/\/portalraizesnoticias.com.br\/wp-content\/uploads\/2023\/04\/reis-car_page-0001-212x300.jpg 212w, https:\/\/portalraizesnoticias.com.br\/wp-content\/uploads\/2023\/04\/reis-car_page-0001-724x1024.jpg 724w, https:\/\/portalraizesnoticias.com.br\/wp-content\/uploads\/2023\/04\/reis-car_page-0001-768x1086.jpg 768w, https:\/\/portalraizesnoticias.com.br\/wp-content\/uploads\/2023\/04\/reis-car_page-0001-1086x1536.jpg 1086w, https:\/\/portalraizesnoticias.com.br\/wp-content\/uploads\/2023\/04\/reis-car_page-0001.jpg 1241w\" sizes=\"(max-width: 212px) 100vw, 212px\" \/><\/p>\n<p style=\"text-align: center;\"><strong>PUBLICIDADE<\/strong><\/p>\n<p>De acordo com informa\u00e7\u00f5es do coordenador do \u00c1guia Resgate, Gildo Carneiro, a v\u00edtima foi identificada como Ubirajara Rodrigues, 58 anos.<\/p>\n<p><img decoding=\"async\" class=\"size-medium wp-image-8289 aligncenter\" src=\"https:\/\/portalraizesnoticias.com.br\/wp-content\/uploads\/2025\/09\/IMG-20250918-WA0124-300x300.jpg\" alt=\"\" width=\"300\" height=\"300\" srcset=\"https:\/\/portalraizesnoticias.com.br\/wp-content\/uploads\/2025\/09\/IMG-20250918-WA0124-300x300.jpg 300w, https:\/\/portalraizesnoticias.com.br\/wp-content\/uploads\/2025\/09\/IMG-20250918-WA0124-150x150.jpg 150w, https:\/\/portalraizesnoticias.com.br\/wp-content\/uploads\/2025\/09\/IMG-20250918-WA0124-768x768.jpg 768w, https:\/\/portalraizesnoticias.com.br\/wp-content\/uploads\/2025\/09\/IMG-20250918-WA0124.jpg 1000w\" sizes=\"(max-width: 300px) 100vw, 300px\" \/><\/p>\n<p style=\"text-align: center;\"><strong>PUBLICIDADE<\/strong><\/p>\n<p>Ele apresentava suspeita de fratura na regi\u00e3o do maxilar, fratura em dois dentes e queixava-se de fortes dores na regi\u00e3o do t\u00f3rax.<\/p>\n<p>Ainda segundo informa\u00e7\u00f5es preliminares, os suspeitos teriam chegado ao local em um carro branco. Ap\u00f3s descerem do ve\u00edculo, passaram a desferir agress\u00f5es contra a v\u00edtima e, em seguida, fugiram tomando destino ignorado.<\/p>\n<p>Ubirajara recebeu os primeiros atendimentos ainda no local pela equipe do \u00c1guia Resgate e, posteriormente, foi encaminhado para uma unidade hospitalar para avalia\u00e7\u00e3o m\u00e9dica.<\/p>\n<p>A motiva\u00e7\u00e3o da agress\u00e3o n\u00e3o foi informada at\u00e9 o momento.<\/p>\n<p>Reda\u00e7\u00e3o<\/p>\n","protected":false},"excerpt":{"rendered":"<p>Um homem ficou ferido ap\u00f3s ser agredido, supostamente por tr\u00eas indiv\u00edduos, na noite desta sexta-feira (13), por volta das 20h, nos fundos da AABB, em Concei\u00e7\u00e3o do Coit\u00e9. PUBLICIDADE De acordo com informa\u00e7\u00f5es do coordenador do \u00c1guia Resgate, Gildo Carneiro, a v\u00edtima foi identificada como Ubirajara Rodrigues, 58 anos. PUBLICIDADE Ele apresentava suspeita de fratura na regi\u00e3o do maxilar, fratura em dois dentes e queixava-se de fortes dores na regi\u00e3o do t\u00f3rax. Ainda segundo informa\u00e7\u00f5es preliminares, os suspeitos teriam chegado ao local em um carro branco. Ap\u00f3s descerem do ve\u00edculo, passaram a desferir agress\u00f5es contra a v\u00edtima e, em seguida, fugiram tomando destino ignorado. Ubirajara recebeu os primeiros atendimentos ainda no local pela equipe do \u00c1guia Resgate e, posteriormente, foi encaminhado para uma unidade hospitalar para avalia\u00e7\u00e3o m\u00e9dica. A motiva\u00e7\u00e3o da agress\u00e3o n\u00e3o foi informada at\u00e9 o momento. Reda\u00e7\u00e3o<\/p>\n","protected":false},"author":3,"featured_media":11037,"comment_status":"open","ping_status":"open","sticky":false,"template":"","format":"standard","meta":{"_joinchat":[],"footnotes":""},"categories":[55,67,59],"tags":[],"class_list":["post-11034","post","type-post","status-publish","format-standard","has-post-thumbnail","hentry","category-destaques","category-policia","category-ultimas-noticias"],"yoast_head":"<!-- This site is optimized with the Yoast SEO plugin v24.4 - https:\/\/yoast.com\/wordpress\/plugins\/seo\/ -->\n<title>Homem sofre suspeita de fratura no maxilar e dentes ap\u00f3s ser agredido por tr\u00eas suspeitos em Concei\u00e7\u00e3o do Coit\u00e9 - Portal raizes noticias<\/title>\n<meta name=\"robots\" content=\"index, follow, max-snippet:-1, max-image-preview:large, max-video-preview:-1\" \/>\n<link rel=\"canonical\" href=\"https:\/\/portalraizesnoticias.com.br\/?p=11034\" \/>\n<meta property=\"og:locale\" content=\"pt_BR\" \/>\n<meta property=\"og:type\" content=\"article\" \/>\n<meta property=\"og:title\" content=\"Homem sofre suspeita de fratura no maxilar e dentes ap\u00f3s ser agredido por tr\u00eas suspeitos em Concei\u00e7\u00e3o do Coit\u00e9 - Portal raizes noticias\" \/>\n<meta property=\"og:description\" content=\"Um homem ficou ferido ap\u00f3s ser agredido, supostamente por tr\u00eas indiv\u00edduos, na noite desta sexta-feira (13), por volta das 20h, nos fundos da AABB, em Concei\u00e7\u00e3o do Coit\u00e9. PUBLICIDADE De acordo com informa\u00e7\u00f5es do coordenador do \u00c1guia Resgate, Gildo Carneiro, a v\u00edtima foi identificada como Ubirajara Rodrigues, 58 anos. PUBLICIDADE Ele apresentava suspeita de fratura na regi\u00e3o do maxilar, fratura em dois dentes e queixava-se de fortes dores na regi\u00e3o do t\u00f3rax. Ainda segundo informa\u00e7\u00f5es preliminares, os suspeitos teriam chegado ao local em um carro branco. Ap\u00f3s descerem do ve\u00edculo, passaram a desferir agress\u00f5es contra a v\u00edtima e, em seguida, fugiram tomando destino ignorado. Ubirajara recebeu os primeiros atendimentos ainda no local pela equipe do \u00c1guia Resgate e, posteriormente, foi encaminhado para uma unidade hospitalar para avalia\u00e7\u00e3o m\u00e9dica. A motiva\u00e7\u00e3o da agress\u00e3o n\u00e3o foi informada at\u00e9 o momento. Reda\u00e7\u00e3o\" \/>\n<meta property=\"og:url\" content=\"https:\/\/portalraizesnoticias.com.br\/?p=11034\" \/>\n<meta property=\"og:site_name\" content=\"Portal raizes noticias\" \/>\n<meta property=\"article:published_time\" content=\"2026-02-13T23:42:33+00:00\" \/>\n<meta property=\"article:modified_time\" content=\"2026-02-13T23:42:34+00:00\" \/>\n<meta property=\"og:image\" content=\"https:\/\/portalraizesnoticias.com.br\/wp-content\/uploads\/2026\/02\/IMG-20260213-WA0305.jpg\" \/>\n\t<meta property=\"og:image:width\" content=\"1200\" \/>\n\t<meta property=\"og:image:height\" content=\"1600\" \/>\n\t<meta property=\"og:image:type\" content=\"image\/jpeg\" \/>\n<meta name=\"author\" content=\"Portal Raizes\" \/>\n<meta name=\"twitter:card\" content=\"summary_large_image\" \/>\n<meta name=\"twitter:label1\" content=\"Escrito por\" \/>\n\t<meta name=\"twitter:data1\" content=\"Portal Raizes\" \/>\n\t<meta name=\"twitter:label2\" content=\"Est. tempo de leitura\" \/>\n\t<meta name=\"twitter:data2\" content=\"2 minutos\" \/>\n<script type=\"application\/ld+json\" class=\"yoast-schema-graph\">{\"@context\":\"https:\/\/schema.org\",\"@graph\":[{\"@type\":\"Article\",\"@id\":\"https:\/\/portalraizesnoticias.com.br\/?p=11034#article\",\"isPartOf\":{\"@id\":\"https:\/\/portalraizesnoticias.com.br\/?p=11034\"},\"author\":{\"name\":\"Portal Raizes\",\"@id\":\"https:\/\/portalraizesnoticias.com.br\/#\/schema\/person\/a3ca6b0fc701e78df19756c417d943ae\"},\"headline\":\"Homem sofre suspeita de fratura no maxilar e dentes ap\u00f3s ser agredido por tr\u00eas suspeitos em Concei\u00e7\u00e3o do Coit\u00e9\",\"datePublished\":\"2026-02-13T23:42:33+00:00\",\"dateModified\":\"2026-02-13T23:42:34+00:00\",\"mainEntityOfPage\":{\"@id\":\"https:\/\/portalraizesnoticias.com.br\/?p=11034\"},\"wordCount\":179,\"commentCount\":0,\"publisher\":{\"@id\":\"https:\/\/portalraizesnoticias.com.br\/#organization\"},\"image\":{\"@id\":\"https:\/\/portalraizesnoticias.com.br\/?p=11034#primaryimage\"},\"thumbnailUrl\":\"https:\/\/portalraizesnoticias.com.br\/wp-content\/uploads\/2026\/02\/IMG-20260213-WA0305.jpg\",\"articleSection\":[\"DESTAQUES\",\"POLICIA\",\"ULTIMAS NOTICIAS\"],\"inLanguage\":\"pt-BR\",\"potentialAction\":[{\"@type\":\"CommentAction\",\"name\":\"Comment\",\"target\":[\"https:\/\/portalraizesnoticias.com.br\/?p=11034#respond\"]}]},{\"@type\":\"WebPage\",\"@id\":\"https:\/\/portalraizesnoticias.com.br\/?p=11034\",\"url\":\"https:\/\/portalraizesnoticias.com.br\/?p=11034\",\"name\":\"Homem sofre suspeita de fratura no maxilar e dentes ap\u00f3s ser agredido por tr\u00eas suspeitos em Concei\u00e7\u00e3o do Coit\u00e9 - Portal raizes noticias\",\"isPartOf\":{\"@id\":\"https:\/\/portalraizesnoticias.com.br\/#website\"},\"primaryImageOfPage\":{\"@id\":\"https:\/\/portalraizesnoticias.com.br\/?p=11034#primaryimage\"},\"image\":{\"@id\":\"https:\/\/portalraizesnoticias.com.br\/?p=11034#primaryimage\"},\"thumbnailUrl\":\"https:\/\/portalraizesnoticias.com.br\/wp-content\/uploads\/2026\/02\/IMG-20260213-WA0305.jpg\",\"datePublished\":\"2026-02-13T23:42:33+00:00\",\"dateModified\":\"2026-02-13T23:42:34+00:00\",\"breadcrumb\":{\"@id\":\"https:\/\/portalraizesnoticias.com.br\/?p=11034#breadcrumb\"},\"inLanguage\":\"pt-BR\",\"potentialAction\":[{\"@type\":\"ReadAction\",\"target\":[\"https:\/\/portalraizesnoticias.com.br\/?p=11034\"]}]},{\"@type\":\"ImageObject\",\"inLanguage\":\"pt-BR\",\"@id\":\"https:\/\/portalraizesnoticias.com.br\/?p=11034#primaryimage\",\"url\":\"https:\/\/portalraizesnoticias.com.br\/wp-content\/uploads\/2026\/02\/IMG-20260213-WA0305.jpg\",\"contentUrl\":\"https:\/\/portalraizesnoticias.com.br\/wp-content\/uploads\/2026\/02\/IMG-20260213-WA0305.jpg\",\"width\":1200,\"height\":1600},{\"@type\":\"BreadcrumbList\",\"@id\":\"https:\/\/portalraizesnoticias.com.br\/?p=11034#breadcrumb\",\"itemListElement\":[{\"@type\":\"ListItem\",\"position\":1,\"name\":\"In\u00edcio\",\"item\":\"https:\/\/portalraizesnoticias.com.br\/\"},{\"@type\":\"ListItem\",\"position\":2,\"name\":\"Homem sofre suspeita de fratura no maxilar e dentes ap\u00f3s ser agredido por tr\u00eas suspeitos em Concei\u00e7\u00e3o do Coit\u00e9\"}]},{\"@type\":\"WebSite\",\"@id\":\"https:\/\/portalraizesnoticias.com.br\/#website\",\"url\":\"https:\/\/portalraizesnoticias.com.br\/\",\"name\":\"Portal raizes NOTICIAS\",\"description\":\"site de noticias de concei\u00e7\u00e3o do coit\u00e9 e regi\u00e3o\",\"publisher\":{\"@id\":\"https:\/\/portalraizesnoticias.com.br\/#organization\"},\"alternateName\":\"PORTAL RAIZES COIT\u00c9\",\"potentialAction\":[{\"@type\":\"SearchAction\",\"target\":{\"@type\":\"EntryPoint\",\"urlTemplate\":\"https:\/\/portalraizesnoticias.com.br\/?s={search_term_string}\"},\"query-input\":{\"@type\":\"PropertyValueSpecification\",\"valueRequired\":true,\"valueName\":\"search_term_string\"}}],\"inLanguage\":\"pt-BR\"},{\"@type\":\"Organization\",\"@id\":\"https:\/\/portalraizesnoticias.com.br\/#organization\",\"name\":\"Portal raizes NOTICIAS\",\"url\":\"https:\/\/portalraizesnoticias.com.br\/\",\"logo\":{\"@type\":\"ImageObject\",\"inLanguage\":\"pt-BR\",\"@id\":\"https:\/\/portalraizesnoticias.com.br\/#\/schema\/logo\/image\/\",\"url\":\"https:\/\/portalraizesnoticias.com.br\/wp-content\/uploads\/2024\/09\/cropped-Captura-de-tela-2024-09-08-011108.png\",\"contentUrl\":\"https:\/\/portalraizesnoticias.com.br\/wp-content\/uploads\/2024\/09\/cropped-Captura-de-tela-2024-09-08-011108.png\",\"width\":606,\"height\":173,\"caption\":\"Portal raizes NOTICIAS\"},\"image\":{\"@id\":\"https:\/\/portalraizesnoticias.com.br\/#\/schema\/logo\/image\/\"}},{\"@type\":\"Person\",\"@id\":\"https:\/\/portalraizesnoticias.com.br\/#\/schema\/person\/a3ca6b0fc701e78df19756c417d943ae\",\"name\":\"Portal Raizes\",\"image\":{\"@type\":\"ImageObject\",\"inLanguage\":\"pt-BR\",\"@id\":\"https:\/\/portalraizesnoticias.com.br\/#\/schema\/person\/image\/\",\"url\":\"https:\/\/secure.gravatar.com\/avatar\/ef450d29013a3d3fba867a12a249d7b1?s=96&d=mm&r=g\",\"contentUrl\":\"https:\/\/secure.gravatar.com\/avatar\/ef450d29013a3d3fba867a12a249d7b1?s=96&d=mm&r=g\",\"caption\":\"Portal Raizes\"},\"url\":\"https:\/\/portalraizesnoticias.com.br\/?author=3\"}]}<\/script>\n<!-- \/ Yoast SEO plugin. -->","yoast_head_json":{"title":"Homem sofre suspeita de fratura no maxilar e dentes ap\u00f3s ser agredido por tr\u00eas suspeitos em Concei\u00e7\u00e3o do Coit\u00e9 - Portal raizes noticias","robots":{"index":"index","follow":"follow","max-snippet":"max-snippet:-1","max-image-preview":"max-image-preview:large","max-video-preview":"max-video-preview:-1"},"canonical":"https:\/\/portalraizesnoticias.com.br\/?p=11034","og_locale":"pt_BR","og_type":"article","og_title":"Homem sofre suspeita de fratura no maxilar e dentes ap\u00f3s ser agredido por tr\u00eas suspeitos em Concei\u00e7\u00e3o do Coit\u00e9 - Portal raizes noticias","og_description":"Um homem ficou ferido ap\u00f3s ser agredido, supostamente por tr\u00eas indiv\u00edduos, na noite desta sexta-feira (13), por volta das 20h, nos fundos da AABB, em Concei\u00e7\u00e3o do Coit\u00e9. PUBLICIDADE De acordo com informa\u00e7\u00f5es do coordenador do \u00c1guia Resgate, Gildo Carneiro, a v\u00edtima foi identificada como Ubirajara Rodrigues, 58 anos. PUBLICIDADE Ele apresentava suspeita de fratura na regi\u00e3o do maxilar, fratura em dois dentes e queixava-se de fortes dores na regi\u00e3o do t\u00f3rax. Ainda segundo informa\u00e7\u00f5es preliminares, os suspeitos teriam chegado ao local em um carro branco. Ap\u00f3s descerem do ve\u00edculo, passaram a desferir agress\u00f5es contra a v\u00edtima e, em seguida, fugiram tomando destino ignorado. Ubirajara recebeu os primeiros atendimentos ainda no local pela equipe do \u00c1guia Resgate e, posteriormente, foi encaminhado para uma unidade hospitalar para avalia\u00e7\u00e3o m\u00e9dica. A motiva\u00e7\u00e3o da agress\u00e3o n\u00e3o foi informada at\u00e9 o momento. Reda\u00e7\u00e3o","og_url":"https:\/\/portalraizesnoticias.com.br\/?p=11034","og_site_name":"Portal raizes noticias","article_published_time":"2026-02-13T23:42:33+00:00","article_modified_time":"2026-02-13T23:42:34+00:00","og_image":[{"width":1200,"height":1600,"url":"https:\/\/portalraizesnoticias.com.br\/wp-content\/uploads\/2026\/02\/IMG-20260213-WA0305.jpg","type":"image\/jpeg"}],"author":"Portal Raizes","twitter_card":"summary_large_image","twitter_misc":{"Escrito por":"Portal Raizes","Est. tempo de leitura":"2 minutos"},"schema":{"@context":"https:\/\/schema.org","@graph":[{"@type":"Article","@id":"https:\/\/portalraizesnoticias.com.br\/?p=11034#article","isPartOf":{"@id":"https:\/\/portalraizesnoticias.com.br\/?p=11034"},"author":{"name":"Portal Raizes","@id":"https:\/\/portalraizesnoticias.com.br\/#\/schema\/person\/a3ca6b0fc701e78df19756c417d943ae"},"headline":"Homem sofre suspeita de fratura no maxilar e dentes ap\u00f3s ser agredido por tr\u00eas suspeitos em Concei\u00e7\u00e3o do Coit\u00e9","datePublished":"2026-02-13T23:42:33+00:00","dateModified":"2026-02-13T23:42:34+00:00","mainEntityOfPage":{"@id":"https:\/\/portalraizesnoticias.com.br\/?p=11034"},"wordCount":179,"commentCount":0,"publisher":{"@id":"https:\/\/portalraizesnoticias.com.br\/#organization"},"image":{"@id":"https:\/\/portalraizesnoticias.com.br\/?p=11034#primaryimage"},"thumbnailUrl":"https:\/\/portalraizesnoticias.com.br\/wp-content\/uploads\/2026\/02\/IMG-20260213-WA0305.jpg","articleSection":["DESTAQUES","POLICIA","ULTIMAS NOTICIAS"],"inLanguage":"pt-BR","potentialAction":[{"@type":"CommentAction","name":"Comment","target":["https:\/\/portalraizesnoticias.com.br\/?p=11034#respond"]}]},{"@type":"WebPage","@id":"https:\/\/portalraizesnoticias.com.br\/?p=11034","url":"https:\/\/portalraizesnoticias.com.br\/?p=11034","name":"Homem sofre suspeita de fratura no maxilar e dentes ap\u00f3s ser agredido por tr\u00eas suspeitos em Concei\u00e7\u00e3o do Coit\u00e9 - Portal raizes noticias","isPartOf":{"@id":"https:\/\/portalraizesnoticias.com.br\/#website"},"primaryImageOfPage":{"@id":"https:\/\/portalraizesnoticias.com.br\/?p=11034#primaryimage"},"image":{"@id":"https:\/\/portalraizesnoticias.com.br\/?p=11034#primaryimage"},"thumbnailUrl":"https:\/\/portalraizesnoticias.com.br\/wp-content\/uploads\/2026\/02\/IMG-20260213-WA0305.jpg","datePublished":"2026-02-13T23:42:33+00:00","dateModified":"2026-02-13T23:42:34+00:00","breadcrumb":{"@id":"https:\/\/portalraizesnoticias.com.br\/?p=11034#breadcrumb"},"inLanguage":"pt-BR","potentialAction":[{"@type":"ReadAction","target":["https:\/\/portalraizesnoticias.com.br\/?p=11034"]}]},{"@type":"ImageObject","inLanguage":"pt-BR","@id":"https:\/\/portalraizesnoticias.com.br\/?p=11034#primaryimage","url":"https:\/\/portalraizesnoticias.com.br\/wp-content\/uploads\/2026\/02\/IMG-20260213-WA0305.jpg","contentUrl":"https:\/\/portalraizesnoticias.com.br\/wp-content\/uploads\/2026\/02\/IMG-20260213-WA0305.jpg","width":1200,"height":1600},{"@type":"BreadcrumbList","@id":"https:\/\/portalraizesnoticias.com.br\/?p=11034#breadcrumb","itemListElement":[{"@type":"ListItem","position":1,"name":"In\u00edcio","item":"https:\/\/portalraizesnoticias.com.br\/"},{"@type":"ListItem","position":2,"name":"Homem sofre suspeita de fratura no maxilar e dentes ap\u00f3s ser agredido por tr\u00eas suspeitos em Concei\u00e7\u00e3o do Coit\u00e9"}]},{"@type":"WebSite","@id":"https:\/\/portalraizesnoticias.com.br\/#website","url":"https:\/\/portalraizesnoticias.com.br\/","name":"Portal raizes NOTICIAS","description":"site de noticias de concei\u00e7\u00e3o do coit\u00e9 e regi\u00e3o","publisher":{"@id":"https:\/\/portalraizesnoticias.com.br\/#organization"},"alternateName":"PORTAL RAIZES COIT\u00c9","potentialAction":[{"@type":"SearchAction","target":{"@type":"EntryPoint","urlTemplate":"https:\/\/portalraizesnoticias.com.br\/?s={search_term_string}"},"query-input":{"@type":"PropertyValueSpecification","valueRequired":true,"valueName":"search_term_string"}}],"inLanguage":"pt-BR"},{"@type":"Organization","@id":"https:\/\/portalraizesnoticias.com.br\/#organization","name":"Portal raizes NOTICIAS","url":"https:\/\/portalraizesnoticias.com.br\/","logo":{"@type":"ImageObject","inLanguage":"pt-BR","@id":"https:\/\/portalraizesnoticias.com.br\/#\/schema\/logo\/image\/","url":"https:\/\/portalraizesnoticias.com.br\/wp-content\/uploads\/2024\/09\/cropped-Captura-de-tela-2024-09-08-011108.png","contentUrl":"https:\/\/portalraizesnoticias.com.br\/wp-content\/uploads\/2024\/09\/cropped-Captura-de-tela-2024-09-08-011108.png","width":606,"height":173,"caption":"Portal raizes NOTICIAS"},"image":{"@id":"https:\/\/portalraizesnoticias.com.br\/#\/schema\/logo\/image\/"}},{"@type":"Person","@id":"https:\/\/portalraizesnoticias.com.br\/#\/schema\/person\/a3ca6b0fc701e78df19756c417d943ae","name":"Portal Raizes","image":{"@type":"ImageObject","inLanguage":"pt-BR","@id":"https:\/\/portalraizesnoticias.com.br\/#\/schema\/person\/image\/","url":"https:\/\/secure.gravatar.com\/avatar\/ef450d29013a3d3fba867a12a249d7b1?s=96&d=mm&r=g","contentUrl":"https:\/\/secure.gravatar.com\/avatar\/ef450d29013a3d3fba867a12a249d7b1?s=96&d=mm&r=g","caption":"Portal Raizes"},"url":"https:\/\/portalraizesnoticias.com.br\/?author=3"}]}},"_links":{"self":[{"href":"https:\/\/portalraizesnoticias.com.br\/index.php?rest_route=\/wp\/v2\/posts\/11034"}],"collection":[{"href":"https:\/\/portalraizesnoticias.com.br\/index.php?rest_route=\/wp\/v2\/posts"}],"about":[{"href":"https:\/\/portalraizesnoticias.com.br\/index.php?rest_route=\/wp\/v2\/types\/post"}],"author":[{"embeddable":true,"href":"https:\/\/portalraizesnoticias.com.br\/index.php?rest_route=\/wp\/v2\/users\/3"}],"replies":[{"embeddable":true,"href":"https:\/\/portalraizesnoticias.com.br\/index.php?rest_route=%2Fwp%2Fv2%2Fcomments&post=11034"}],"version-history":[{"count":3,"href":"https:\/\/portalraizesnoticias.com.br\/index.php?rest_route=\/wp\/v2\/posts\/11034\/revisions"}],"predecessor-version":[{"id":11038,"href":"https:\/\/portalraizesnoticias.com.br\/index.php?rest_route=\/wp\/v2\/posts\/11034\/revisions\/11038"}],"wp:featuredmedia":[{"embeddable":true,"href":"https:\/\/portalraizesnoticias.com.br\/index.php?rest_route=\/wp\/v2\/media\/11037"}],"wp:attachment":[{"href":"https:\/\/portalraizesnoticias.com.br\/index.php?rest_route=%2Fwp%2Fv2%2Fmedia&parent=11034"}],"wp:term":[{"taxonomy":"category","embeddable":true,"href":"https:\/\/portalraizesnoticias.com.br\/index.php?rest_route=%2Fwp%2Fv2%2Fcategories&post=11034"},{"taxonomy":"post_tag","embeddable":true,"href":"https:\/\/portalraizesnoticias.com.br\/index.php?rest_route=%2Fwp%2Fv2%2Ftags&post=11034"}],"curies":[{"name":"wp","href":"https:\/\/api.w.org\/{rel}","templated":true}]}}