{"id":11017,"date":"2026-02-12T20:17:08","date_gmt":"2026-02-12T23:17:08","guid":{"rendered":"https:\/\/portalraizesnoticias.com.br\/?p=11017"},"modified":"2026-02-12T20:18:21","modified_gmt":"2026-02-12T23:18:21","slug":"sem-habilitacao-homem-e-conduzido-a-delegacia-e-tem-moto-apreendida-apos-dar-grau-em-frente-a-delegacia-de-santa-barbara","status":"publish","type":"post","link":"https:\/\/portalraizesnoticias.com.br\/?p=11017","title":{"rendered":"Sem habilita\u00e7\u00e3o, homem \u00e9 conduzido \u00e0 delegacia e tem moto apreendida ap\u00f3s \u201cdar grau\u201d em frente \u00e0 delegacia de Santa B\u00e1rbara"},"content":{"rendered":"<p>Um homem foi preso em flagrante ap\u00f3s realizar manobras perigosas conhecidas como \u201cdar grau\u201d em frente \u00e0 Delegacia Territorial de Santa B\u00e1rbara, nesta quinta-feira (12). A a\u00e7\u00e3o foi registrada por policiais civis da pr\u00f3pria unidade.<\/p>\n<p><img fetchpriority=\"high\" decoding=\"async\" class=\"size-medium wp-image-10781 aligncenter\" src=\"https:\/\/portalraizesnoticias.com.br\/wp-content\/uploads\/2026\/02\/IMG-20260205-WA0387-300x300.jpg\" alt=\"\" width=\"300\" height=\"300\" srcset=\"https:\/\/portalraizesnoticias.com.br\/wp-content\/uploads\/2026\/02\/IMG-20260205-WA0387-300x300.jpg 300w, https:\/\/portalraizesnoticias.com.br\/wp-content\/uploads\/2026\/02\/IMG-20260205-WA0387-1024x1024.jpg 1024w, https:\/\/portalraizesnoticias.com.br\/wp-content\/uploads\/2026\/02\/IMG-20260205-WA0387-150x150.jpg 150w, https:\/\/portalraizesnoticias.com.br\/wp-content\/uploads\/2026\/02\/IMG-20260205-WA0387-768x768.jpg 768w, https:\/\/portalraizesnoticias.com.br\/wp-content\/uploads\/2026\/02\/IMG-20260205-WA0387-1536x1536.jpg 1536w, https:\/\/portalraizesnoticias.com.br\/wp-content\/uploads\/2026\/02\/IMG-20260205-WA0387.jpg 1600w\" sizes=\"(max-width: 300px) 100vw, 300px\" \/><\/p>\n<p style=\"text-align: center;\"><strong>PUBLICIDADE<\/strong><\/p>\n<p><strong>De acordo com o delegado da Pol\u00edcia Civil, Edemir Luchini,<\/strong>\u00a0 o condutor de uma motocicleta modelo Pop 100 foi flagrado empinando o ve\u00edculo e se equilibrando apenas sobre a roda traseira, colocando em risco a pr\u00f3pria integridade f\u00edsica e a de pedestres e motoristas que transitavam pela via.<\/p>\n<p><img decoding=\"async\" class=\"size-medium wp-image-10801 aligncenter\" src=\"https:\/\/portalraizesnoticias.com.br\/wp-content\/uploads\/2026\/02\/IMG-20260205-WA0612-300x268.jpg\" alt=\"\" width=\"300\" height=\"268\" srcset=\"https:\/\/portalraizesnoticias.com.br\/wp-content\/uploads\/2026\/02\/IMG-20260205-WA0612-300x268.jpg 300w, https:\/\/portalraizesnoticias.com.br\/wp-content\/uploads\/2026\/02\/IMG-20260205-WA0612.jpg 720w\" sizes=\"(max-width: 300px) 100vw, 300px\" \/><\/p>\n<p style=\"text-align: center;\"><strong>PUBLICIDADE<\/strong><\/p>\n<p>Diante do flagrante, os policiais realizaram a abordagem imediata. O homem foi contido e conduzido \u00e0 delegacia, onde foi lavrado o Auto de Pris\u00e3o em Flagrante.<\/p>\n<p><img decoding=\"async\" class=\"size-medium wp-image-1970 aligncenter\" src=\"https:\/\/portalraizesnoticias.com.br\/wp-content\/uploads\/2024\/11\/Banner-home-center-300x300.jpg\" alt=\"\" width=\"300\" height=\"300\" srcset=\"https:\/\/portalraizesnoticias.com.br\/wp-content\/uploads\/2024\/11\/Banner-home-center-300x300.jpg 300w, https:\/\/portalraizesnoticias.com.br\/wp-content\/uploads\/2024\/11\/Banner-home-center-1024x1024.jpg 1024w, https:\/\/portalraizesnoticias.com.br\/wp-content\/uploads\/2024\/11\/Banner-home-center-150x150.jpg 150w, https:\/\/portalraizesnoticias.com.br\/wp-content\/uploads\/2024\/11\/Banner-home-center-768x768.jpg 768w, https:\/\/portalraizesnoticias.com.br\/wp-content\/uploads\/2024\/11\/Banner-home-center-700x700.jpg 700w, https:\/\/portalraizesnoticias.com.br\/wp-content\/uploads\/2024\/11\/Banner-home-center-620x620.jpg 620w, https:\/\/portalraizesnoticias.com.br\/wp-content\/uploads\/2024\/11\/Banner-home-center-400x400.jpg 400w, https:\/\/portalraizesnoticias.com.br\/wp-content\/uploads\/2024\/11\/Banner-home-center.jpg 1080w\" sizes=\"(max-width: 300px) 100vw, 300px\" \/><\/p>\n<p style=\"text-align: center;\"><strong>PUBLICIDADE<\/strong><\/p>\n<p>Ainda segundo\u00a0 o delegado Edemir, a conduta se enquadra, em tese, no artigo 308 do C\u00f3digo de Tr\u00e2nsito Brasileiro (CTB), que trata da pr\u00e1tica de corrida, disputa ou demonstra\u00e7\u00e3o de per\u00edcia n\u00e3o autorizada em via p\u00fablica, gerando risco \u00e0 coletividade.<\/p>\n<p>Foi constatado tamb\u00e9m que o suspeito n\u00e3o possui Carteira Nacional de Habilita\u00e7\u00e3o (CNH), devendo responder ainda pelo artigo 309 do CTB, por dirigir ve\u00edculo automotor sem habilita\u00e7\u00e3o, gerando perigo de dano. A motocicleta foi apreendida e est\u00e1 \u00e0 disposi\u00e7\u00e3o da autoridade policial.<\/p>\n<p>.<\/p>\n<p>Fonte: 15\u00aa Coorpin \/ DT de Santa B\u00e1rbara.<\/p>\n<p>Foto:Ilustra\u00e7\u00e3o<\/p>\n","protected":false},"excerpt":{"rendered":"<p>Um homem foi preso em flagrante ap\u00f3s realizar manobras perigosas conhecidas como \u201cdar grau\u201d em frente \u00e0 Delegacia Territorial de Santa B\u00e1rbara, nesta quinta-feira (12). A a\u00e7\u00e3o foi registrada por policiais civis da pr\u00f3pria unidade. PUBLICIDADE De acordo com o delegado da Pol\u00edcia Civil, Edemir Luchini,\u00a0 o condutor de uma motocicleta modelo Pop 100 foi flagrado empinando o ve\u00edculo e se equilibrando apenas sobre a roda traseira, colocando em risco a pr\u00f3pria integridade f\u00edsica e a de pedestres e motoristas que transitavam pela via. PUBLICIDADE Diante do flagrante, os policiais realizaram a abordagem imediata. O homem foi contido e conduzido \u00e0 delegacia, onde foi lavrado o Auto de Pris\u00e3o em Flagrante. PUBLICIDADE Ainda segundo\u00a0 o delegado Edemir, a conduta se enquadra, em tese, no artigo 308 do C\u00f3digo de Tr\u00e2nsito Brasileiro (CTB), que trata da pr\u00e1tica de corrida, disputa ou demonstra\u00e7\u00e3o de per\u00edcia n\u00e3o autorizada em via p\u00fablica, gerando risco \u00e0 coletividade. Foi constatado tamb\u00e9m que o suspeito n\u00e3o possui Carteira Nacional de Habilita\u00e7\u00e3o (CNH), devendo responder ainda pelo artigo 309 do CTB, por dirigir ve\u00edculo automotor sem habilita\u00e7\u00e3o, gerando perigo de dano. A motocicleta foi apreendida e est\u00e1 \u00e0 disposi\u00e7\u00e3o da autoridade policial. . Fonte: 15\u00aa Coorpin \/ DT de Santa B\u00e1rbara. Foto:Ilustra\u00e7\u00e3o<\/p>\n","protected":false},"author":3,"featured_media":11020,"comment_status":"open","ping_status":"open","sticky":false,"template":"","format":"standard","meta":{"_joinchat":[],"footnotes":""},"categories":[55,67,59],"tags":[],"class_list":["post-11017","post","type-post","status-publish","format-standard","has-post-thumbnail","hentry","category-destaques","category-policia","category-ultimas-noticias"],"yoast_head":"<!-- This site is optimized with the Yoast SEO plugin v24.4 - https:\/\/yoast.com\/wordpress\/plugins\/seo\/ -->\n<title>Sem habilita\u00e7\u00e3o, homem \u00e9 conduzido \u00e0 delegacia e tem moto apreendida ap\u00f3s \u201cdar grau\u201d em frente \u00e0 delegacia de Santa B\u00e1rbara - Portal raizes noticias<\/title>\n<meta name=\"robots\" content=\"index, follow, max-snippet:-1, max-image-preview:large, max-video-preview:-1\" \/>\n<link rel=\"canonical\" href=\"https:\/\/portalraizesnoticias.com.br\/?p=11017\" \/>\n<meta property=\"og:locale\" content=\"pt_BR\" \/>\n<meta property=\"og:type\" content=\"article\" \/>\n<meta property=\"og:title\" content=\"Sem habilita\u00e7\u00e3o, homem \u00e9 conduzido \u00e0 delegacia e tem moto apreendida ap\u00f3s \u201cdar grau\u201d em frente \u00e0 delegacia de Santa B\u00e1rbara - Portal raizes noticias\" \/>\n<meta property=\"og:description\" content=\"Um homem foi preso em flagrante ap\u00f3s realizar manobras perigosas conhecidas como \u201cdar grau\u201d em frente \u00e0 Delegacia Territorial de Santa B\u00e1rbara, nesta quinta-feira (12). A a\u00e7\u00e3o foi registrada por policiais civis da pr\u00f3pria unidade. PUBLICIDADE De acordo com o delegado da Pol\u00edcia Civil, Edemir Luchini,\u00a0 o condutor de uma motocicleta modelo Pop 100 foi flagrado empinando o ve\u00edculo e se equilibrando apenas sobre a roda traseira, colocando em risco a pr\u00f3pria integridade f\u00edsica e a de pedestres e motoristas que transitavam pela via. PUBLICIDADE Diante do flagrante, os policiais realizaram a abordagem imediata. O homem foi contido e conduzido \u00e0 delegacia, onde foi lavrado o Auto de Pris\u00e3o em Flagrante. PUBLICIDADE Ainda segundo\u00a0 o delegado Edemir, a conduta se enquadra, em tese, no artigo 308 do C\u00f3digo de Tr\u00e2nsito Brasileiro (CTB), que trata da pr\u00e1tica de corrida, disputa ou demonstra\u00e7\u00e3o de per\u00edcia n\u00e3o autorizada em via p\u00fablica, gerando risco \u00e0 coletividade. Foi constatado tamb\u00e9m que o suspeito n\u00e3o possui Carteira Nacional de Habilita\u00e7\u00e3o (CNH), devendo responder ainda pelo artigo 309 do CTB, por dirigir ve\u00edculo automotor sem habilita\u00e7\u00e3o, gerando perigo de dano. A motocicleta foi apreendida e est\u00e1 \u00e0 disposi\u00e7\u00e3o da autoridade policial. . Fonte: 15\u00aa Coorpin \/ DT de Santa B\u00e1rbara. Foto:Ilustra\u00e7\u00e3o\" \/>\n<meta property=\"og:url\" content=\"https:\/\/portalraizesnoticias.com.br\/?p=11017\" \/>\n<meta property=\"og:site_name\" content=\"Portal raizes noticias\" \/>\n<meta property=\"article:published_time\" content=\"2026-02-12T23:17:08+00:00\" \/>\n<meta property=\"article:modified_time\" content=\"2026-02-12T23:18:21+00:00\" \/>\n<meta property=\"og:image\" content=\"https:\/\/portalraizesnoticias.com.br\/wp-content\/uploads\/2026\/02\/IMG-20260212-WA0350.jpg\" \/>\n\t<meta property=\"og:image:width\" content=\"603\" \/>\n\t<meta property=\"og:image:height\" content=\"648\" \/>\n\t<meta property=\"og:image:type\" content=\"image\/jpeg\" \/>\n<meta name=\"author\" content=\"Portal Raizes\" \/>\n<meta name=\"twitter:card\" content=\"summary_large_image\" \/>\n<meta name=\"twitter:label1\" content=\"Escrito por\" \/>\n\t<meta name=\"twitter:data1\" content=\"Portal Raizes\" \/>\n\t<meta name=\"twitter:label2\" content=\"Est. tempo de leitura\" \/>\n\t<meta name=\"twitter:data2\" content=\"2 minutos\" \/>\n<script type=\"application\/ld+json\" class=\"yoast-schema-graph\">{\"@context\":\"https:\/\/schema.org\",\"@graph\":[{\"@type\":\"Article\",\"@id\":\"https:\/\/portalraizesnoticias.com.br\/?p=11017#article\",\"isPartOf\":{\"@id\":\"https:\/\/portalraizesnoticias.com.br\/?p=11017\"},\"author\":{\"name\":\"Portal Raizes\",\"@id\":\"https:\/\/portalraizesnoticias.com.br\/#\/schema\/person\/a3ca6b0fc701e78df19756c417d943ae\"},\"headline\":\"Sem habilita\u00e7\u00e3o, homem \u00e9 conduzido \u00e0 delegacia e tem moto apreendida ap\u00f3s \u201cdar grau\u201d em frente \u00e0 delegacia de Santa B\u00e1rbara\",\"datePublished\":\"2026-02-12T23:17:08+00:00\",\"dateModified\":\"2026-02-12T23:18:21+00:00\",\"mainEntityOfPage\":{\"@id\":\"https:\/\/portalraizesnoticias.com.br\/?p=11017\"},\"wordCount\":239,\"commentCount\":0,\"publisher\":{\"@id\":\"https:\/\/portalraizesnoticias.com.br\/#organization\"},\"image\":{\"@id\":\"https:\/\/portalraizesnoticias.com.br\/?p=11017#primaryimage\"},\"thumbnailUrl\":\"https:\/\/portalraizesnoticias.com.br\/wp-content\/uploads\/2026\/02\/IMG-20260212-WA0350.jpg\",\"articleSection\":[\"DESTAQUES\",\"POLICIA\",\"ULTIMAS NOTICIAS\"],\"inLanguage\":\"pt-BR\",\"potentialAction\":[{\"@type\":\"CommentAction\",\"name\":\"Comment\",\"target\":[\"https:\/\/portalraizesnoticias.com.br\/?p=11017#respond\"]}]},{\"@type\":\"WebPage\",\"@id\":\"https:\/\/portalraizesnoticias.com.br\/?p=11017\",\"url\":\"https:\/\/portalraizesnoticias.com.br\/?p=11017\",\"name\":\"Sem habilita\u00e7\u00e3o, homem \u00e9 conduzido \u00e0 delegacia e tem moto apreendida ap\u00f3s \u201cdar grau\u201d em frente \u00e0 delegacia de Santa B\u00e1rbara - Portal raizes noticias\",\"isPartOf\":{\"@id\":\"https:\/\/portalraizesnoticias.com.br\/#website\"},\"primaryImageOfPage\":{\"@id\":\"https:\/\/portalraizesnoticias.com.br\/?p=11017#primaryimage\"},\"image\":{\"@id\":\"https:\/\/portalraizesnoticias.com.br\/?p=11017#primaryimage\"},\"thumbnailUrl\":\"https:\/\/portalraizesnoticias.com.br\/wp-content\/uploads\/2026\/02\/IMG-20260212-WA0350.jpg\",\"datePublished\":\"2026-02-12T23:17:08+00:00\",\"dateModified\":\"2026-02-12T23:18:21+00:00\",\"breadcrumb\":{\"@id\":\"https:\/\/portalraizesnoticias.com.br\/?p=11017#breadcrumb\"},\"inLanguage\":\"pt-BR\",\"potentialAction\":[{\"@type\":\"ReadAction\",\"target\":[\"https:\/\/portalraizesnoticias.com.br\/?p=11017\"]}]},{\"@type\":\"ImageObject\",\"inLanguage\":\"pt-BR\",\"@id\":\"https:\/\/portalraizesnoticias.com.br\/?p=11017#primaryimage\",\"url\":\"https:\/\/portalraizesnoticias.com.br\/wp-content\/uploads\/2026\/02\/IMG-20260212-WA0350.jpg\",\"contentUrl\":\"https:\/\/portalraizesnoticias.com.br\/wp-content\/uploads\/2026\/02\/IMG-20260212-WA0350.jpg\",\"width\":603,\"height\":648},{\"@type\":\"BreadcrumbList\",\"@id\":\"https:\/\/portalraizesnoticias.com.br\/?p=11017#breadcrumb\",\"itemListElement\":[{\"@type\":\"ListItem\",\"position\":1,\"name\":\"In\u00edcio\",\"item\":\"https:\/\/portalraizesnoticias.com.br\/\"},{\"@type\":\"ListItem\",\"position\":2,\"name\":\"Sem habilita\u00e7\u00e3o, homem \u00e9 conduzido \u00e0 delegacia e tem moto apreendida ap\u00f3s \u201cdar grau\u201d em frente \u00e0 delegacia de Santa B\u00e1rbara\"}]},{\"@type\":\"WebSite\",\"@id\":\"https:\/\/portalraizesnoticias.com.br\/#website\",\"url\":\"https:\/\/portalraizesnoticias.com.br\/\",\"name\":\"Portal raizes NOTICIAS\",\"description\":\"site de noticias de concei\u00e7\u00e3o do coit\u00e9 e regi\u00e3o\",\"publisher\":{\"@id\":\"https:\/\/portalraizesnoticias.com.br\/#organization\"},\"alternateName\":\"PORTAL RAIZES COIT\u00c9\",\"potentialAction\":[{\"@type\":\"SearchAction\",\"target\":{\"@type\":\"EntryPoint\",\"urlTemplate\":\"https:\/\/portalraizesnoticias.com.br\/?s={search_term_string}\"},\"query-input\":{\"@type\":\"PropertyValueSpecification\",\"valueRequired\":true,\"valueName\":\"search_term_string\"}}],\"inLanguage\":\"pt-BR\"},{\"@type\":\"Organization\",\"@id\":\"https:\/\/portalraizesnoticias.com.br\/#organization\",\"name\":\"Portal raizes NOTICIAS\",\"url\":\"https:\/\/portalraizesnoticias.com.br\/\",\"logo\":{\"@type\":\"ImageObject\",\"inLanguage\":\"pt-BR\",\"@id\":\"https:\/\/portalraizesnoticias.com.br\/#\/schema\/logo\/image\/\",\"url\":\"https:\/\/portalraizesnoticias.com.br\/wp-content\/uploads\/2024\/09\/cropped-Captura-de-tela-2024-09-08-011108.png\",\"contentUrl\":\"https:\/\/portalraizesnoticias.com.br\/wp-content\/uploads\/2024\/09\/cropped-Captura-de-tela-2024-09-08-011108.png\",\"width\":606,\"height\":173,\"caption\":\"Portal raizes NOTICIAS\"},\"image\":{\"@id\":\"https:\/\/portalraizesnoticias.com.br\/#\/schema\/logo\/image\/\"}},{\"@type\":\"Person\",\"@id\":\"https:\/\/portalraizesnoticias.com.br\/#\/schema\/person\/a3ca6b0fc701e78df19756c417d943ae\",\"name\":\"Portal Raizes\",\"image\":{\"@type\":\"ImageObject\",\"inLanguage\":\"pt-BR\",\"@id\":\"https:\/\/portalraizesnoticias.com.br\/#\/schema\/person\/image\/\",\"url\":\"https:\/\/secure.gravatar.com\/avatar\/ef450d29013a3d3fba867a12a249d7b1?s=96&d=mm&r=g\",\"contentUrl\":\"https:\/\/secure.gravatar.com\/avatar\/ef450d29013a3d3fba867a12a249d7b1?s=96&d=mm&r=g\",\"caption\":\"Portal Raizes\"},\"url\":\"https:\/\/portalraizesnoticias.com.br\/?author=3\"}]}<\/script>\n<!-- \/ Yoast SEO plugin. -->","yoast_head_json":{"title":"Sem habilita\u00e7\u00e3o, homem \u00e9 conduzido \u00e0 delegacia e tem moto apreendida ap\u00f3s \u201cdar grau\u201d em frente \u00e0 delegacia de Santa B\u00e1rbara - Portal raizes noticias","robots":{"index":"index","follow":"follow","max-snippet":"max-snippet:-1","max-image-preview":"max-image-preview:large","max-video-preview":"max-video-preview:-1"},"canonical":"https:\/\/portalraizesnoticias.com.br\/?p=11017","og_locale":"pt_BR","og_type":"article","og_title":"Sem habilita\u00e7\u00e3o, homem \u00e9 conduzido \u00e0 delegacia e tem moto apreendida ap\u00f3s \u201cdar grau\u201d em frente \u00e0 delegacia de Santa B\u00e1rbara - Portal raizes noticias","og_description":"Um homem foi preso em flagrante ap\u00f3s realizar manobras perigosas conhecidas como \u201cdar grau\u201d em frente \u00e0 Delegacia Territorial de Santa B\u00e1rbara, nesta quinta-feira (12). A a\u00e7\u00e3o foi registrada por policiais civis da pr\u00f3pria unidade. PUBLICIDADE De acordo com o delegado da Pol\u00edcia Civil, Edemir Luchini,\u00a0 o condutor de uma motocicleta modelo Pop 100 foi flagrado empinando o ve\u00edculo e se equilibrando apenas sobre a roda traseira, colocando em risco a pr\u00f3pria integridade f\u00edsica e a de pedestres e motoristas que transitavam pela via. PUBLICIDADE Diante do flagrante, os policiais realizaram a abordagem imediata. O homem foi contido e conduzido \u00e0 delegacia, onde foi lavrado o Auto de Pris\u00e3o em Flagrante. PUBLICIDADE Ainda segundo\u00a0 o delegado Edemir, a conduta se enquadra, em tese, no artigo 308 do C\u00f3digo de Tr\u00e2nsito Brasileiro (CTB), que trata da pr\u00e1tica de corrida, disputa ou demonstra\u00e7\u00e3o de per\u00edcia n\u00e3o autorizada em via p\u00fablica, gerando risco \u00e0 coletividade. Foi constatado tamb\u00e9m que o suspeito n\u00e3o possui Carteira Nacional de Habilita\u00e7\u00e3o (CNH), devendo responder ainda pelo artigo 309 do CTB, por dirigir ve\u00edculo automotor sem habilita\u00e7\u00e3o, gerando perigo de dano. A motocicleta foi apreendida e est\u00e1 \u00e0 disposi\u00e7\u00e3o da autoridade policial. . Fonte: 15\u00aa Coorpin \/ DT de Santa B\u00e1rbara. Foto:Ilustra\u00e7\u00e3o","og_url":"https:\/\/portalraizesnoticias.com.br\/?p=11017","og_site_name":"Portal raizes noticias","article_published_time":"2026-02-12T23:17:08+00:00","article_modified_time":"2026-02-12T23:18:21+00:00","og_image":[{"width":603,"height":648,"url":"https:\/\/portalraizesnoticias.com.br\/wp-content\/uploads\/2026\/02\/IMG-20260212-WA0350.jpg","type":"image\/jpeg"}],"author":"Portal Raizes","twitter_card":"summary_large_image","twitter_misc":{"Escrito por":"Portal Raizes","Est. tempo de leitura":"2 minutos"},"schema":{"@context":"https:\/\/schema.org","@graph":[{"@type":"Article","@id":"https:\/\/portalraizesnoticias.com.br\/?p=11017#article","isPartOf":{"@id":"https:\/\/portalraizesnoticias.com.br\/?p=11017"},"author":{"name":"Portal Raizes","@id":"https:\/\/portalraizesnoticias.com.br\/#\/schema\/person\/a3ca6b0fc701e78df19756c417d943ae"},"headline":"Sem habilita\u00e7\u00e3o, homem \u00e9 conduzido \u00e0 delegacia e tem moto apreendida ap\u00f3s \u201cdar grau\u201d em frente \u00e0 delegacia de Santa B\u00e1rbara","datePublished":"2026-02-12T23:17:08+00:00","dateModified":"2026-02-12T23:18:21+00:00","mainEntityOfPage":{"@id":"https:\/\/portalraizesnoticias.com.br\/?p=11017"},"wordCount":239,"commentCount":0,"publisher":{"@id":"https:\/\/portalraizesnoticias.com.br\/#organization"},"image":{"@id":"https:\/\/portalraizesnoticias.com.br\/?p=11017#primaryimage"},"thumbnailUrl":"https:\/\/portalraizesnoticias.com.br\/wp-content\/uploads\/2026\/02\/IMG-20260212-WA0350.jpg","articleSection":["DESTAQUES","POLICIA","ULTIMAS NOTICIAS"],"inLanguage":"pt-BR","potentialAction":[{"@type":"CommentAction","name":"Comment","target":["https:\/\/portalraizesnoticias.com.br\/?p=11017#respond"]}]},{"@type":"WebPage","@id":"https:\/\/portalraizesnoticias.com.br\/?p=11017","url":"https:\/\/portalraizesnoticias.com.br\/?p=11017","name":"Sem habilita\u00e7\u00e3o, homem \u00e9 conduzido \u00e0 delegacia e tem moto apreendida ap\u00f3s \u201cdar grau\u201d em frente \u00e0 delegacia de Santa B\u00e1rbara - Portal raizes noticias","isPartOf":{"@id":"https:\/\/portalraizesnoticias.com.br\/#website"},"primaryImageOfPage":{"@id":"https:\/\/portalraizesnoticias.com.br\/?p=11017#primaryimage"},"image":{"@id":"https:\/\/portalraizesnoticias.com.br\/?p=11017#primaryimage"},"thumbnailUrl":"https:\/\/portalraizesnoticias.com.br\/wp-content\/uploads\/2026\/02\/IMG-20260212-WA0350.jpg","datePublished":"2026-02-12T23:17:08+00:00","dateModified":"2026-02-12T23:18:21+00:00","breadcrumb":{"@id":"https:\/\/portalraizesnoticias.com.br\/?p=11017#breadcrumb"},"inLanguage":"pt-BR","potentialAction":[{"@type":"ReadAction","target":["https:\/\/portalraizesnoticias.com.br\/?p=11017"]}]},{"@type":"ImageObject","inLanguage":"pt-BR","@id":"https:\/\/portalraizesnoticias.com.br\/?p=11017#primaryimage","url":"https:\/\/portalraizesnoticias.com.br\/wp-content\/uploads\/2026\/02\/IMG-20260212-WA0350.jpg","contentUrl":"https:\/\/portalraizesnoticias.com.br\/wp-content\/uploads\/2026\/02\/IMG-20260212-WA0350.jpg","width":603,"height":648},{"@type":"BreadcrumbList","@id":"https:\/\/portalraizesnoticias.com.br\/?p=11017#breadcrumb","itemListElement":[{"@type":"ListItem","position":1,"name":"In\u00edcio","item":"https:\/\/portalraizesnoticias.com.br\/"},{"@type":"ListItem","position":2,"name":"Sem habilita\u00e7\u00e3o, homem \u00e9 conduzido \u00e0 delegacia e tem moto apreendida ap\u00f3s \u201cdar grau\u201d em frente \u00e0 delegacia de Santa B\u00e1rbara"}]},{"@type":"WebSite","@id":"https:\/\/portalraizesnoticias.com.br\/#website","url":"https:\/\/portalraizesnoticias.com.br\/","name":"Portal raizes NOTICIAS","description":"site de noticias de concei\u00e7\u00e3o do coit\u00e9 e regi\u00e3o","publisher":{"@id":"https:\/\/portalraizesnoticias.com.br\/#organization"},"alternateName":"PORTAL RAIZES COIT\u00c9","potentialAction":[{"@type":"SearchAction","target":{"@type":"EntryPoint","urlTemplate":"https:\/\/portalraizesnoticias.com.br\/?s={search_term_string}"},"query-input":{"@type":"PropertyValueSpecification","valueRequired":true,"valueName":"search_term_string"}}],"inLanguage":"pt-BR"},{"@type":"Organization","@id":"https:\/\/portalraizesnoticias.com.br\/#organization","name":"Portal raizes NOTICIAS","url":"https:\/\/portalraizesnoticias.com.br\/","logo":{"@type":"ImageObject","inLanguage":"pt-BR","@id":"https:\/\/portalraizesnoticias.com.br\/#\/schema\/logo\/image\/","url":"https:\/\/portalraizesnoticias.com.br\/wp-content\/uploads\/2024\/09\/cropped-Captura-de-tela-2024-09-08-011108.png","contentUrl":"https:\/\/portalraizesnoticias.com.br\/wp-content\/uploads\/2024\/09\/cropped-Captura-de-tela-2024-09-08-011108.png","width":606,"height":173,"caption":"Portal raizes NOTICIAS"},"image":{"@id":"https:\/\/portalraizesnoticias.com.br\/#\/schema\/logo\/image\/"}},{"@type":"Person","@id":"https:\/\/portalraizesnoticias.com.br\/#\/schema\/person\/a3ca6b0fc701e78df19756c417d943ae","name":"Portal Raizes","image":{"@type":"ImageObject","inLanguage":"pt-BR","@id":"https:\/\/portalraizesnoticias.com.br\/#\/schema\/person\/image\/","url":"https:\/\/secure.gravatar.com\/avatar\/ef450d29013a3d3fba867a12a249d7b1?s=96&d=mm&r=g","contentUrl":"https:\/\/secure.gravatar.com\/avatar\/ef450d29013a3d3fba867a12a249d7b1?s=96&d=mm&r=g","caption":"Portal Raizes"},"url":"https:\/\/portalraizesnoticias.com.br\/?author=3"}]}},"_links":{"self":[{"href":"https:\/\/portalraizesnoticias.com.br\/index.php?rest_route=\/wp\/v2\/posts\/11017"}],"collection":[{"href":"https:\/\/portalraizesnoticias.com.br\/index.php?rest_route=\/wp\/v2\/posts"}],"about":[{"href":"https:\/\/portalraizesnoticias.com.br\/index.php?rest_route=\/wp\/v2\/types\/post"}],"author":[{"embeddable":true,"href":"https:\/\/portalraizesnoticias.com.br\/index.php?rest_route=\/wp\/v2\/users\/3"}],"replies":[{"embeddable":true,"href":"https:\/\/portalraizesnoticias.com.br\/index.php?rest_route=%2Fwp%2Fv2%2Fcomments&post=11017"}],"version-history":[{"count":5,"href":"https:\/\/portalraizesnoticias.com.br\/index.php?rest_route=\/wp\/v2\/posts\/11017\/revisions"}],"predecessor-version":[{"id":11023,"href":"https:\/\/portalraizesnoticias.com.br\/index.php?rest_route=\/wp\/v2\/posts\/11017\/revisions\/11023"}],"wp:featuredmedia":[{"embeddable":true,"href":"https:\/\/portalraizesnoticias.com.br\/index.php?rest_route=\/wp\/v2\/media\/11020"}],"wp:attachment":[{"href":"https:\/\/portalraizesnoticias.com.br\/index.php?rest_route=%2Fwp%2Fv2%2Fmedia&parent=11017"}],"wp:term":[{"taxonomy":"category","embeddable":true,"href":"https:\/\/portalraizesnoticias.com.br\/index.php?rest_route=%2Fwp%2Fv2%2Fcategories&post=11017"},{"taxonomy":"post_tag","embeddable":true,"href":"https:\/\/portalraizesnoticias.com.br\/index.php?rest_route=%2Fwp%2Fv2%2Ftags&post=11017"}],"curies":[{"name":"wp","href":"https:\/\/api.w.org\/{rel}","templated":true}]}}