{"id":11012,"date":"2026-02-11T22:35:30","date_gmt":"2026-02-12T01:35:30","guid":{"rendered":"https:\/\/portalraizesnoticias.com.br\/?p=11012"},"modified":"2026-02-11T22:35:31","modified_gmt":"2026-02-12T01:35:31","slug":"sem-placa-sem-habilitacao-e-com-chassi-suprimido-pm-apreende-tres-motocicletas-em-conceicao-do-coite","status":"publish","type":"post","link":"https:\/\/portalraizesnoticias.com.br\/?p=11012","title":{"rendered":"Sem placa, sem habilita\u00e7\u00e3o e com chassi suprimido: PM apreende tr\u00eas motocicletas em Concei\u00e7\u00e3o do Coit\u00e9"},"content":{"rendered":"<p>A Pol\u00edcia Militar realizou a\u00e7\u00f5es de fiscaliza\u00e7\u00e3o nesta quarta-feira (11) que resultaram na apreens\u00e3o e remo\u00e7\u00e3o de tr\u00eas motocicletas com irregularidades em Concei\u00e7\u00e3o do Coit\u00e9 e comunidades da zona rural.<\/p>\n<p><strong>Veja tamb\u00e9m:<\/strong><\/p>\n<p><a href=\"https:\/\/portalraizesnoticias.com.br\/absurdo-ligacao-falsa-de-suposta-agressao-mobiliza-pm-em-conceicao-do-coite-trote-nao-e-brincadeira-custa-tempo-dinheiro-e-pode-custar-vidas\/\">ABSURDO! Liga\u00e7\u00e3o falsa de suposta agress\u00e3o mobiliza PM em Concei\u00e7\u00e3o do Coit\u00e9. Trote n\u00e3o \u00e9 brincadeira: custa tempo, dinheiro e pode custar vidas!<\/a><\/p>\n<p><a href=\"https:\/\/portalraizesnoticias.com.br\/pm-apreende-moto-apos-jovem-ser-flagrado-fazendo-grau-no-centro-de-conceicao-do-coite\/\">PM apreende moto ap\u00f3s jovem ser flagrado fazendo \u201cgrau\u201d no centro de Concei\u00e7\u00e3o do Coit\u00e9<\/a><\/p>\n<p>A primeira ocorr\u00eancia aconteceu por volta das 18h08, na Avenida Senhora Santana, centro da cidade. Durante patrulhamento, a guarni\u00e7\u00e3o\u00a0 abordou um motociclista que trafegava sem capacete e sem equipamentos obrigat\u00f3rios. Na abordagem, foi constatado que o condutor era menor de idade, com 16 anos.<\/p>\n<p><img fetchpriority=\"high\" decoding=\"async\" class=\"size-medium wp-image-10801 aligncenter\" src=\"https:\/\/portalraizesnoticias.com.br\/wp-content\/uploads\/2026\/02\/IMG-20260205-WA0612-300x268.jpg\" alt=\"\" width=\"300\" height=\"268\" srcset=\"https:\/\/portalraizesnoticias.com.br\/wp-content\/uploads\/2026\/02\/IMG-20260205-WA0612-300x268.jpg 300w, https:\/\/portalraizesnoticias.com.br\/wp-content\/uploads\/2026\/02\/IMG-20260205-WA0612.jpg 720w\" sizes=\"(max-width: 300px) 100vw, 300px\" \/><\/p>\n<p style=\"text-align: center;\"><strong>PUBLICIDADE<\/strong><\/p>\n<p>Em consulta aos sistemas oficiais, os policiais verificaram que a motocicleta Honda\/CG 125\u00a0 cor vermelha, possu\u00eda baixa definitiva, sendo proibida sua circula\u00e7\u00e3o. O ve\u00edculo foi recolhido ao p\u00e1tio da 4\u00aa Cia para ado\u00e7\u00e3o das medidas cab\u00edveis.<\/p>\n<p><img decoding=\"async\" class=\"size-medium wp-image-9057 aligncenter\" src=\"https:\/\/portalraizesnoticias.com.br\/wp-content\/uploads\/2025\/10\/banner-lateral-agencia-Neri-1536x1536-1-300x300.jpg\" alt=\"\" width=\"300\" height=\"300\" srcset=\"https:\/\/portalraizesnoticias.com.br\/wp-content\/uploads\/2025\/10\/banner-lateral-agencia-Neri-1536x1536-1-300x300.jpg 300w, https:\/\/portalraizesnoticias.com.br\/wp-content\/uploads\/2025\/10\/banner-lateral-agencia-Neri-1536x1536-1-1024x1024.jpg 1024w, https:\/\/portalraizesnoticias.com.br\/wp-content\/uploads\/2025\/10\/banner-lateral-agencia-Neri-1536x1536-1-150x150.jpg 150w, https:\/\/portalraizesnoticias.com.br\/wp-content\/uploads\/2025\/10\/banner-lateral-agencia-Neri-1536x1536-1-768x768.jpg 768w, https:\/\/portalraizesnoticias.com.br\/wp-content\/uploads\/2025\/10\/banner-lateral-agencia-Neri-1536x1536-1.jpg 1536w\" sizes=\"(max-width: 300px) 100vw, 300px\" \/><\/p>\n<p style=\"text-align: center;\"><strong>PUBLICIDADE<\/strong><\/p>\n<p>A segunda apreens\u00e3o ocorreu por volta das 17h, durante intensifica\u00e7\u00e3o de abordagens do Pelot\u00e3o de Motociclistas na zona rural, nas comunidades da Pinda, Corr\u00eaa, Olhos D\u2019\u00c1gua e adjac\u00eancias. Na Estrada da Pinda, os policiais flagraram uma motocicleta circulando com descarga livre, sem piscas e com placa em desacordo com o C\u00f3digo de Tr\u00e2nsito Brasileiro (CTB).<\/p>\n<p><img decoding=\"async\" class=\"size-medium wp-image-8289 aligncenter\" src=\"https:\/\/portalraizesnoticias.com.br\/wp-content\/uploads\/2025\/09\/IMG-20250918-WA0124-300x300.jpg\" alt=\"\" width=\"300\" height=\"300\" srcset=\"https:\/\/portalraizesnoticias.com.br\/wp-content\/uploads\/2025\/09\/IMG-20250918-WA0124-300x300.jpg 300w, https:\/\/portalraizesnoticias.com.br\/wp-content\/uploads\/2025\/09\/IMG-20250918-WA0124-150x150.jpg 150w, https:\/\/portalraizesnoticias.com.br\/wp-content\/uploads\/2025\/09\/IMG-20250918-WA0124-768x768.jpg 768w, https:\/\/portalraizesnoticias.com.br\/wp-content\/uploads\/2025\/09\/IMG-20250918-WA0124.jpg 1000w\" sizes=\"(max-width: 300px) 100vw, 300px\" \/><\/p>\n<p style=\"text-align: center;\"><strong>PUBLICIDADE<\/strong><\/p>\n<p>O condutor, de 24 anos, informou n\u00e3o ser habilitado e n\u00e3o portar documentos do ve\u00edculo, afirmando ainda que a moto seria proveniente de leil\u00e3o e classificada como sucata com chassi suprimido.<\/p>\n<p>.<img loading=\"lazy\" decoding=\"async\" class=\"size-medium wp-image-8199 aligncenter\" src=\"https:\/\/portalraizesnoticias.com.br\/wp-content\/uploads\/2025\/09\/IMG-20250912-WA0857-300x300.jpg\" alt=\"\" width=\"300\" height=\"300\" srcset=\"https:\/\/portalraizesnoticias.com.br\/wp-content\/uploads\/2025\/09\/IMG-20250912-WA0857-300x300.jpg 300w, https:\/\/portalraizesnoticias.com.br\/wp-content\/uploads\/2025\/09\/IMG-20250912-WA0857-150x150.jpg 150w, https:\/\/portalraizesnoticias.com.br\/wp-content\/uploads\/2025\/09\/IMG-20250912-WA0857.jpg 640w\" sizes=\"(max-width: 300px) 100vw, 300px\" \/><\/p>\n<p style=\"text-align: center;\"><strong>PUBLICIDADE<\/strong><\/p>\n<p>A terceira ocorr\u00eancia foi registrada por volta das 15h40, durante motopatrulhamento na Rua Izidro Bispo, centro de Concei\u00e7\u00e3o do Coit\u00e9. Os policiais abordaram uma motocicleta sem equipamentos obrigat\u00f3rios e constataram que se tratava de uma sucata, com numera\u00e7\u00e3o do chassi suprimida, sem piscas e sem placa. O condutor, de 19 anos, admitiu n\u00e3o possuir habilita\u00e7\u00e3o. Todas as motos envolvidas na ocorr\u00eancia foram removidas ao p\u00e1tio.<\/p>\n<p><img loading=\"lazy\" decoding=\"async\" class=\"size-medium wp-image-8006 aligncenter\" src=\"https:\/\/portalraizesnoticias.com.br\/wp-content\/uploads\/2025\/09\/IMG-20250902-WA0020-300x296.jpg\" alt=\"\" width=\"300\" height=\"296\" srcset=\"https:\/\/portalraizesnoticias.com.br\/wp-content\/uploads\/2025\/09\/IMG-20250902-WA0020-300x296.jpg 300w, https:\/\/portalraizesnoticias.com.br\/wp-content\/uploads\/2025\/09\/IMG-20250902-WA0020-1024x1009.jpg 1024w, https:\/\/portalraizesnoticias.com.br\/wp-content\/uploads\/2025\/09\/IMG-20250902-WA0020-768x757.jpg 768w, https:\/\/portalraizesnoticias.com.br\/wp-content\/uploads\/2025\/09\/IMG-20250902-WA0020.jpg 1080w\" sizes=\"(max-width: 300px) 100vw, 300px\" \/><\/p>\n<p style=\"text-align: center;\"><strong>PUBLICIDADE<\/strong><\/p>\n<p>Segundo a PM, as a\u00e7\u00f5es fazem parte de uma recomenda\u00e7\u00e3o do comando do 16\u00ba BPM para refor\u00e7ar o policiamento ostensivo e garantir mais seguran\u00e7a no tr\u00e2nsito em \u00e1reas urbanas e rurais da regi\u00e3o sisaleira.<\/p>\n<p>Reda\u00e7\u00e3o<\/p>\n","protected":false},"excerpt":{"rendered":"<p>A Pol\u00edcia Militar realizou a\u00e7\u00f5es de fiscaliza\u00e7\u00e3o nesta quarta-feira (11) que resultaram na apreens\u00e3o e remo\u00e7\u00e3o de tr\u00eas motocicletas com irregularidades em Concei\u00e7\u00e3o do Coit\u00e9 e comunidades da zona rural. Veja tamb\u00e9m: ABSURDO! Liga\u00e7\u00e3o falsa de suposta agress\u00e3o mobiliza PM em Concei\u00e7\u00e3o do Coit\u00e9. Trote n\u00e3o \u00e9 brincadeira: custa tempo, dinheiro e pode custar vidas! PM apreende moto ap\u00f3s jovem ser flagrado fazendo \u201cgrau\u201d no centro de Concei\u00e7\u00e3o do Coit\u00e9 A primeira ocorr\u00eancia aconteceu por volta das 18h08, na Avenida Senhora Santana, centro da cidade. Durante patrulhamento, a guarni\u00e7\u00e3o\u00a0 abordou um motociclista que trafegava sem capacete e sem equipamentos obrigat\u00f3rios. Na abordagem, foi constatado que o condutor era menor de idade, com 16 anos. PUBLICIDADE Em consulta aos sistemas oficiais, os policiais verificaram que a motocicleta Honda\/CG 125\u00a0 cor vermelha, possu\u00eda baixa definitiva, sendo proibida sua circula\u00e7\u00e3o. O ve\u00edculo foi recolhido ao p\u00e1tio da 4\u00aa Cia para ado\u00e7\u00e3o das medidas cab\u00edveis. PUBLICIDADE A segunda apreens\u00e3o ocorreu por volta das 17h, durante intensifica\u00e7\u00e3o de abordagens do Pelot\u00e3o de Motociclistas na zona rural, nas comunidades da Pinda, Corr\u00eaa, Olhos D\u2019\u00c1gua e adjac\u00eancias. Na Estrada da Pinda, os policiais flagraram uma motocicleta circulando com descarga livre, sem piscas e com placa em desacordo com o C\u00f3digo de Tr\u00e2nsito Brasileiro (CTB). PUBLICIDADE O condutor, de 24 anos, informou n\u00e3o ser habilitado e n\u00e3o portar documentos do ve\u00edculo, afirmando ainda que a moto seria proveniente de leil\u00e3o e classificada como sucata com chassi suprimido. . PUBLICIDADE A terceira ocorr\u00eancia foi registrada por volta das 15h40, durante motopatrulhamento na Rua Izidro Bispo, centro de Concei\u00e7\u00e3o do Coit\u00e9. Os policiais abordaram uma motocicleta sem equipamentos obrigat\u00f3rios e constataram que se tratava de uma sucata, com numera\u00e7\u00e3o do chassi suprimida, sem piscas e sem placa. O condutor, de 19 anos, admitiu n\u00e3o possuir habilita\u00e7\u00e3o. Todas as motos envolvidas na ocorr\u00eancia foram removidas ao p\u00e1tio. PUBLICIDADE Segundo a PM, as a\u00e7\u00f5es fazem parte de uma recomenda\u00e7\u00e3o do comando do 16\u00ba BPM para refor\u00e7ar o policiamento ostensivo e garantir mais seguran\u00e7a no tr\u00e2nsito em \u00e1reas urbanas e rurais da regi\u00e3o sisaleira. Reda\u00e7\u00e3o<\/p>\n","protected":false},"author":3,"featured_media":11015,"comment_status":"open","ping_status":"open","sticky":false,"template":"","format":"standard","meta":{"_joinchat":[],"footnotes":""},"categories":[55,67,59],"tags":[468,164],"class_list":["post-11012","post","type-post","status-publish","format-standard","has-post-thumbnail","hentry","category-destaques","category-policia","category-ultimas-noticias","tag-fiscalizacao","tag-motos"],"yoast_head":"<!-- This site is optimized with the Yoast SEO plugin v24.4 - https:\/\/yoast.com\/wordpress\/plugins\/seo\/ -->\n<title>Sem placa, sem habilita\u00e7\u00e3o e com chassi suprimido: PM apreende tr\u00eas motocicletas em Concei\u00e7\u00e3o do Coit\u00e9 - Portal raizes noticias<\/title>\n<meta name=\"robots\" content=\"index, follow, max-snippet:-1, max-image-preview:large, max-video-preview:-1\" \/>\n<link rel=\"canonical\" href=\"https:\/\/portalraizesnoticias.com.br\/?p=11012\" \/>\n<meta property=\"og:locale\" content=\"pt_BR\" \/>\n<meta property=\"og:type\" content=\"article\" \/>\n<meta property=\"og:title\" content=\"Sem placa, sem habilita\u00e7\u00e3o e com chassi suprimido: PM apreende tr\u00eas motocicletas em Concei\u00e7\u00e3o do Coit\u00e9 - Portal raizes noticias\" \/>\n<meta property=\"og:description\" content=\"A Pol\u00edcia Militar realizou a\u00e7\u00f5es de fiscaliza\u00e7\u00e3o nesta quarta-feira (11) que resultaram na apreens\u00e3o e remo\u00e7\u00e3o de tr\u00eas motocicletas com irregularidades em Concei\u00e7\u00e3o do Coit\u00e9 e comunidades da zona rural. Veja tamb\u00e9m: ABSURDO! Liga\u00e7\u00e3o falsa de suposta agress\u00e3o mobiliza PM em Concei\u00e7\u00e3o do Coit\u00e9. Trote n\u00e3o \u00e9 brincadeira: custa tempo, dinheiro e pode custar vidas! PM apreende moto ap\u00f3s jovem ser flagrado fazendo \u201cgrau\u201d no centro de Concei\u00e7\u00e3o do Coit\u00e9 A primeira ocorr\u00eancia aconteceu por volta das 18h08, na Avenida Senhora Santana, centro da cidade. Durante patrulhamento, a guarni\u00e7\u00e3o\u00a0 abordou um motociclista que trafegava sem capacete e sem equipamentos obrigat\u00f3rios. Na abordagem, foi constatado que o condutor era menor de idade, com 16 anos. PUBLICIDADE Em consulta aos sistemas oficiais, os policiais verificaram que a motocicleta Honda\/CG 125\u00a0 cor vermelha, possu\u00eda baixa definitiva, sendo proibida sua circula\u00e7\u00e3o. O ve\u00edculo foi recolhido ao p\u00e1tio da 4\u00aa Cia para ado\u00e7\u00e3o das medidas cab\u00edveis. PUBLICIDADE A segunda apreens\u00e3o ocorreu por volta das 17h, durante intensifica\u00e7\u00e3o de abordagens do Pelot\u00e3o de Motociclistas na zona rural, nas comunidades da Pinda, Corr\u00eaa, Olhos D\u2019\u00c1gua e adjac\u00eancias. Na Estrada da Pinda, os policiais flagraram uma motocicleta circulando com descarga livre, sem piscas e com placa em desacordo com o C\u00f3digo de Tr\u00e2nsito Brasileiro (CTB). PUBLICIDADE O condutor, de 24 anos, informou n\u00e3o ser habilitado e n\u00e3o portar documentos do ve\u00edculo, afirmando ainda que a moto seria proveniente de leil\u00e3o e classificada como sucata com chassi suprimido. . PUBLICIDADE A terceira ocorr\u00eancia foi registrada por volta das 15h40, durante motopatrulhamento na Rua Izidro Bispo, centro de Concei\u00e7\u00e3o do Coit\u00e9. Os policiais abordaram uma motocicleta sem equipamentos obrigat\u00f3rios e constataram que se tratava de uma sucata, com numera\u00e7\u00e3o do chassi suprimida, sem piscas e sem placa. O condutor, de 19 anos, admitiu n\u00e3o possuir habilita\u00e7\u00e3o. Todas as motos envolvidas na ocorr\u00eancia foram removidas ao p\u00e1tio. PUBLICIDADE Segundo a PM, as a\u00e7\u00f5es fazem parte de uma recomenda\u00e7\u00e3o do comando do 16\u00ba BPM para refor\u00e7ar o policiamento ostensivo e garantir mais seguran\u00e7a no tr\u00e2nsito em \u00e1reas urbanas e rurais da regi\u00e3o sisaleira. Reda\u00e7\u00e3o\" \/>\n<meta property=\"og:url\" content=\"https:\/\/portalraizesnoticias.com.br\/?p=11012\" \/>\n<meta property=\"og:site_name\" content=\"Portal raizes noticias\" \/>\n<meta property=\"article:published_time\" content=\"2026-02-12T01:35:30+00:00\" \/>\n<meta property=\"article:modified_time\" content=\"2026-02-12T01:35:31+00:00\" \/>\n<meta property=\"og:image\" content=\"https:\/\/portalraizesnoticias.com.br\/wp-content\/uploads\/2026\/02\/IMG-20260211-WA0546.jpg\" \/>\n\t<meta property=\"og:image:width\" content=\"1600\" \/>\n\t<meta property=\"og:image:height\" content=\"1200\" \/>\n\t<meta property=\"og:image:type\" content=\"image\/jpeg\" \/>\n<meta name=\"author\" content=\"Portal Raizes\" \/>\n<meta name=\"twitter:card\" content=\"summary_large_image\" \/>\n<meta name=\"twitter:label1\" content=\"Escrito por\" \/>\n\t<meta name=\"twitter:data1\" content=\"Portal Raizes\" \/>\n\t<meta name=\"twitter:label2\" content=\"Est. tempo de leitura\" \/>\n\t<meta name=\"twitter:data2\" content=\"4 minutos\" \/>\n<script type=\"application\/ld+json\" class=\"yoast-schema-graph\">{\"@context\":\"https:\/\/schema.org\",\"@graph\":[{\"@type\":\"Article\",\"@id\":\"https:\/\/portalraizesnoticias.com.br\/?p=11012#article\",\"isPartOf\":{\"@id\":\"https:\/\/portalraizesnoticias.com.br\/?p=11012\"},\"author\":{\"name\":\"Portal Raizes\",\"@id\":\"https:\/\/portalraizesnoticias.com.br\/#\/schema\/person\/a3ca6b0fc701e78df19756c417d943ae\"},\"headline\":\"Sem placa, sem habilita\u00e7\u00e3o e com chassi suprimido: PM apreende tr\u00eas motocicletas em Concei\u00e7\u00e3o do Coit\u00e9\",\"datePublished\":\"2026-02-12T01:35:30+00:00\",\"dateModified\":\"2026-02-12T01:35:31+00:00\",\"mainEntityOfPage\":{\"@id\":\"https:\/\/portalraizesnoticias.com.br\/?p=11012\"},\"wordCount\":403,\"commentCount\":0,\"publisher\":{\"@id\":\"https:\/\/portalraizesnoticias.com.br\/#organization\"},\"image\":{\"@id\":\"https:\/\/portalraizesnoticias.com.br\/?p=11012#primaryimage\"},\"thumbnailUrl\":\"https:\/\/portalraizesnoticias.com.br\/wp-content\/uploads\/2026\/02\/IMG-20260211-WA0546.jpg\",\"keywords\":[\"Fiscaliza\u00e7\u00e3o\",\"Motos\"],\"articleSection\":[\"DESTAQUES\",\"POLICIA\",\"ULTIMAS NOTICIAS\"],\"inLanguage\":\"pt-BR\",\"potentialAction\":[{\"@type\":\"CommentAction\",\"name\":\"Comment\",\"target\":[\"https:\/\/portalraizesnoticias.com.br\/?p=11012#respond\"]}]},{\"@type\":\"WebPage\",\"@id\":\"https:\/\/portalraizesnoticias.com.br\/?p=11012\",\"url\":\"https:\/\/portalraizesnoticias.com.br\/?p=11012\",\"name\":\"Sem placa, sem habilita\u00e7\u00e3o e com chassi suprimido: PM apreende tr\u00eas motocicletas em Concei\u00e7\u00e3o do Coit\u00e9 - Portal raizes noticias\",\"isPartOf\":{\"@id\":\"https:\/\/portalraizesnoticias.com.br\/#website\"},\"primaryImageOfPage\":{\"@id\":\"https:\/\/portalraizesnoticias.com.br\/?p=11012#primaryimage\"},\"image\":{\"@id\":\"https:\/\/portalraizesnoticias.com.br\/?p=11012#primaryimage\"},\"thumbnailUrl\":\"https:\/\/portalraizesnoticias.com.br\/wp-content\/uploads\/2026\/02\/IMG-20260211-WA0546.jpg\",\"datePublished\":\"2026-02-12T01:35:30+00:00\",\"dateModified\":\"2026-02-12T01:35:31+00:00\",\"breadcrumb\":{\"@id\":\"https:\/\/portalraizesnoticias.com.br\/?p=11012#breadcrumb\"},\"inLanguage\":\"pt-BR\",\"potentialAction\":[{\"@type\":\"ReadAction\",\"target\":[\"https:\/\/portalraizesnoticias.com.br\/?p=11012\"]}]},{\"@type\":\"ImageObject\",\"inLanguage\":\"pt-BR\",\"@id\":\"https:\/\/portalraizesnoticias.com.br\/?p=11012#primaryimage\",\"url\":\"https:\/\/portalraizesnoticias.com.br\/wp-content\/uploads\/2026\/02\/IMG-20260211-WA0546.jpg\",\"contentUrl\":\"https:\/\/portalraizesnoticias.com.br\/wp-content\/uploads\/2026\/02\/IMG-20260211-WA0546.jpg\",\"width\":1600,\"height\":1200},{\"@type\":\"BreadcrumbList\",\"@id\":\"https:\/\/portalraizesnoticias.com.br\/?p=11012#breadcrumb\",\"itemListElement\":[{\"@type\":\"ListItem\",\"position\":1,\"name\":\"In\u00edcio\",\"item\":\"https:\/\/portalraizesnoticias.com.br\/\"},{\"@type\":\"ListItem\",\"position\":2,\"name\":\"Sem placa, sem habilita\u00e7\u00e3o e com chassi suprimido: PM apreende tr\u00eas motocicletas em Concei\u00e7\u00e3o do Coit\u00e9\"}]},{\"@type\":\"WebSite\",\"@id\":\"https:\/\/portalraizesnoticias.com.br\/#website\",\"url\":\"https:\/\/portalraizesnoticias.com.br\/\",\"name\":\"Portal raizes NOTICIAS\",\"description\":\"site de noticias de concei\u00e7\u00e3o do coit\u00e9 e regi\u00e3o\",\"publisher\":{\"@id\":\"https:\/\/portalraizesnoticias.com.br\/#organization\"},\"alternateName\":\"PORTAL RAIZES COIT\u00c9\",\"potentialAction\":[{\"@type\":\"SearchAction\",\"target\":{\"@type\":\"EntryPoint\",\"urlTemplate\":\"https:\/\/portalraizesnoticias.com.br\/?s={search_term_string}\"},\"query-input\":{\"@type\":\"PropertyValueSpecification\",\"valueRequired\":true,\"valueName\":\"search_term_string\"}}],\"inLanguage\":\"pt-BR\"},{\"@type\":\"Organization\",\"@id\":\"https:\/\/portalraizesnoticias.com.br\/#organization\",\"name\":\"Portal raizes NOTICIAS\",\"url\":\"https:\/\/portalraizesnoticias.com.br\/\",\"logo\":{\"@type\":\"ImageObject\",\"inLanguage\":\"pt-BR\",\"@id\":\"https:\/\/portalraizesnoticias.com.br\/#\/schema\/logo\/image\/\",\"url\":\"https:\/\/portalraizesnoticias.com.br\/wp-content\/uploads\/2024\/09\/cropped-Captura-de-tela-2024-09-08-011108.png\",\"contentUrl\":\"https:\/\/portalraizesnoticias.com.br\/wp-content\/uploads\/2024\/09\/cropped-Captura-de-tela-2024-09-08-011108.png\",\"width\":606,\"height\":173,\"caption\":\"Portal raizes NOTICIAS\"},\"image\":{\"@id\":\"https:\/\/portalraizesnoticias.com.br\/#\/schema\/logo\/image\/\"}},{\"@type\":\"Person\",\"@id\":\"https:\/\/portalraizesnoticias.com.br\/#\/schema\/person\/a3ca6b0fc701e78df19756c417d943ae\",\"name\":\"Portal Raizes\",\"image\":{\"@type\":\"ImageObject\",\"inLanguage\":\"pt-BR\",\"@id\":\"https:\/\/portalraizesnoticias.com.br\/#\/schema\/person\/image\/\",\"url\":\"https:\/\/secure.gravatar.com\/avatar\/ef450d29013a3d3fba867a12a249d7b1?s=96&d=mm&r=g\",\"contentUrl\":\"https:\/\/secure.gravatar.com\/avatar\/ef450d29013a3d3fba867a12a249d7b1?s=96&d=mm&r=g\",\"caption\":\"Portal Raizes\"},\"url\":\"https:\/\/portalraizesnoticias.com.br\/?author=3\"}]}<\/script>\n<!-- \/ Yoast SEO plugin. -->","yoast_head_json":{"title":"Sem placa, sem habilita\u00e7\u00e3o e com chassi suprimido: PM apreende tr\u00eas motocicletas em Concei\u00e7\u00e3o do Coit\u00e9 - Portal raizes noticias","robots":{"index":"index","follow":"follow","max-snippet":"max-snippet:-1","max-image-preview":"max-image-preview:large","max-video-preview":"max-video-preview:-1"},"canonical":"https:\/\/portalraizesnoticias.com.br\/?p=11012","og_locale":"pt_BR","og_type":"article","og_title":"Sem placa, sem habilita\u00e7\u00e3o e com chassi suprimido: PM apreende tr\u00eas motocicletas em Concei\u00e7\u00e3o do Coit\u00e9 - Portal raizes noticias","og_description":"A Pol\u00edcia Militar realizou a\u00e7\u00f5es de fiscaliza\u00e7\u00e3o nesta quarta-feira (11) que resultaram na apreens\u00e3o e remo\u00e7\u00e3o de tr\u00eas motocicletas com irregularidades em Concei\u00e7\u00e3o do Coit\u00e9 e comunidades da zona rural. Veja tamb\u00e9m: ABSURDO! Liga\u00e7\u00e3o falsa de suposta agress\u00e3o mobiliza PM em Concei\u00e7\u00e3o do Coit\u00e9. Trote n\u00e3o \u00e9 brincadeira: custa tempo, dinheiro e pode custar vidas! PM apreende moto ap\u00f3s jovem ser flagrado fazendo \u201cgrau\u201d no centro de Concei\u00e7\u00e3o do Coit\u00e9 A primeira ocorr\u00eancia aconteceu por volta das 18h08, na Avenida Senhora Santana, centro da cidade. Durante patrulhamento, a guarni\u00e7\u00e3o\u00a0 abordou um motociclista que trafegava sem capacete e sem equipamentos obrigat\u00f3rios. Na abordagem, foi constatado que o condutor era menor de idade, com 16 anos. PUBLICIDADE Em consulta aos sistemas oficiais, os policiais verificaram que a motocicleta Honda\/CG 125\u00a0 cor vermelha, possu\u00eda baixa definitiva, sendo proibida sua circula\u00e7\u00e3o. O ve\u00edculo foi recolhido ao p\u00e1tio da 4\u00aa Cia para ado\u00e7\u00e3o das medidas cab\u00edveis. PUBLICIDADE A segunda apreens\u00e3o ocorreu por volta das 17h, durante intensifica\u00e7\u00e3o de abordagens do Pelot\u00e3o de Motociclistas na zona rural, nas comunidades da Pinda, Corr\u00eaa, Olhos D\u2019\u00c1gua e adjac\u00eancias. Na Estrada da Pinda, os policiais flagraram uma motocicleta circulando com descarga livre, sem piscas e com placa em desacordo com o C\u00f3digo de Tr\u00e2nsito Brasileiro (CTB). PUBLICIDADE O condutor, de 24 anos, informou n\u00e3o ser habilitado e n\u00e3o portar documentos do ve\u00edculo, afirmando ainda que a moto seria proveniente de leil\u00e3o e classificada como sucata com chassi suprimido. . PUBLICIDADE A terceira ocorr\u00eancia foi registrada por volta das 15h40, durante motopatrulhamento na Rua Izidro Bispo, centro de Concei\u00e7\u00e3o do Coit\u00e9. Os policiais abordaram uma motocicleta sem equipamentos obrigat\u00f3rios e constataram que se tratava de uma sucata, com numera\u00e7\u00e3o do chassi suprimida, sem piscas e sem placa. O condutor, de 19 anos, admitiu n\u00e3o possuir habilita\u00e7\u00e3o. Todas as motos envolvidas na ocorr\u00eancia foram removidas ao p\u00e1tio. PUBLICIDADE Segundo a PM, as a\u00e7\u00f5es fazem parte de uma recomenda\u00e7\u00e3o do comando do 16\u00ba BPM para refor\u00e7ar o policiamento ostensivo e garantir mais seguran\u00e7a no tr\u00e2nsito em \u00e1reas urbanas e rurais da regi\u00e3o sisaleira. Reda\u00e7\u00e3o","og_url":"https:\/\/portalraizesnoticias.com.br\/?p=11012","og_site_name":"Portal raizes noticias","article_published_time":"2026-02-12T01:35:30+00:00","article_modified_time":"2026-02-12T01:35:31+00:00","og_image":[{"width":1600,"height":1200,"url":"https:\/\/portalraizesnoticias.com.br\/wp-content\/uploads\/2026\/02\/IMG-20260211-WA0546.jpg","type":"image\/jpeg"}],"author":"Portal Raizes","twitter_card":"summary_large_image","twitter_misc":{"Escrito por":"Portal Raizes","Est. tempo de leitura":"4 minutos"},"schema":{"@context":"https:\/\/schema.org","@graph":[{"@type":"Article","@id":"https:\/\/portalraizesnoticias.com.br\/?p=11012#article","isPartOf":{"@id":"https:\/\/portalraizesnoticias.com.br\/?p=11012"},"author":{"name":"Portal Raizes","@id":"https:\/\/portalraizesnoticias.com.br\/#\/schema\/person\/a3ca6b0fc701e78df19756c417d943ae"},"headline":"Sem placa, sem habilita\u00e7\u00e3o e com chassi suprimido: PM apreende tr\u00eas motocicletas em Concei\u00e7\u00e3o do Coit\u00e9","datePublished":"2026-02-12T01:35:30+00:00","dateModified":"2026-02-12T01:35:31+00:00","mainEntityOfPage":{"@id":"https:\/\/portalraizesnoticias.com.br\/?p=11012"},"wordCount":403,"commentCount":0,"publisher":{"@id":"https:\/\/portalraizesnoticias.com.br\/#organization"},"image":{"@id":"https:\/\/portalraizesnoticias.com.br\/?p=11012#primaryimage"},"thumbnailUrl":"https:\/\/portalraizesnoticias.com.br\/wp-content\/uploads\/2026\/02\/IMG-20260211-WA0546.jpg","keywords":["Fiscaliza\u00e7\u00e3o","Motos"],"articleSection":["DESTAQUES","POLICIA","ULTIMAS NOTICIAS"],"inLanguage":"pt-BR","potentialAction":[{"@type":"CommentAction","name":"Comment","target":["https:\/\/portalraizesnoticias.com.br\/?p=11012#respond"]}]},{"@type":"WebPage","@id":"https:\/\/portalraizesnoticias.com.br\/?p=11012","url":"https:\/\/portalraizesnoticias.com.br\/?p=11012","name":"Sem placa, sem habilita\u00e7\u00e3o e com chassi suprimido: PM apreende tr\u00eas motocicletas em Concei\u00e7\u00e3o do Coit\u00e9 - Portal raizes noticias","isPartOf":{"@id":"https:\/\/portalraizesnoticias.com.br\/#website"},"primaryImageOfPage":{"@id":"https:\/\/portalraizesnoticias.com.br\/?p=11012#primaryimage"},"image":{"@id":"https:\/\/portalraizesnoticias.com.br\/?p=11012#primaryimage"},"thumbnailUrl":"https:\/\/portalraizesnoticias.com.br\/wp-content\/uploads\/2026\/02\/IMG-20260211-WA0546.jpg","datePublished":"2026-02-12T01:35:30+00:00","dateModified":"2026-02-12T01:35:31+00:00","breadcrumb":{"@id":"https:\/\/portalraizesnoticias.com.br\/?p=11012#breadcrumb"},"inLanguage":"pt-BR","potentialAction":[{"@type":"ReadAction","target":["https:\/\/portalraizesnoticias.com.br\/?p=11012"]}]},{"@type":"ImageObject","inLanguage":"pt-BR","@id":"https:\/\/portalraizesnoticias.com.br\/?p=11012#primaryimage","url":"https:\/\/portalraizesnoticias.com.br\/wp-content\/uploads\/2026\/02\/IMG-20260211-WA0546.jpg","contentUrl":"https:\/\/portalraizesnoticias.com.br\/wp-content\/uploads\/2026\/02\/IMG-20260211-WA0546.jpg","width":1600,"height":1200},{"@type":"BreadcrumbList","@id":"https:\/\/portalraizesnoticias.com.br\/?p=11012#breadcrumb","itemListElement":[{"@type":"ListItem","position":1,"name":"In\u00edcio","item":"https:\/\/portalraizesnoticias.com.br\/"},{"@type":"ListItem","position":2,"name":"Sem placa, sem habilita\u00e7\u00e3o e com chassi suprimido: PM apreende tr\u00eas motocicletas em Concei\u00e7\u00e3o do Coit\u00e9"}]},{"@type":"WebSite","@id":"https:\/\/portalraizesnoticias.com.br\/#website","url":"https:\/\/portalraizesnoticias.com.br\/","name":"Portal raizes NOTICIAS","description":"site de noticias de concei\u00e7\u00e3o do coit\u00e9 e regi\u00e3o","publisher":{"@id":"https:\/\/portalraizesnoticias.com.br\/#organization"},"alternateName":"PORTAL RAIZES COIT\u00c9","potentialAction":[{"@type":"SearchAction","target":{"@type":"EntryPoint","urlTemplate":"https:\/\/portalraizesnoticias.com.br\/?s={search_term_string}"},"query-input":{"@type":"PropertyValueSpecification","valueRequired":true,"valueName":"search_term_string"}}],"inLanguage":"pt-BR"},{"@type":"Organization","@id":"https:\/\/portalraizesnoticias.com.br\/#organization","name":"Portal raizes NOTICIAS","url":"https:\/\/portalraizesnoticias.com.br\/","logo":{"@type":"ImageObject","inLanguage":"pt-BR","@id":"https:\/\/portalraizesnoticias.com.br\/#\/schema\/logo\/image\/","url":"https:\/\/portalraizesnoticias.com.br\/wp-content\/uploads\/2024\/09\/cropped-Captura-de-tela-2024-09-08-011108.png","contentUrl":"https:\/\/portalraizesnoticias.com.br\/wp-content\/uploads\/2024\/09\/cropped-Captura-de-tela-2024-09-08-011108.png","width":606,"height":173,"caption":"Portal raizes NOTICIAS"},"image":{"@id":"https:\/\/portalraizesnoticias.com.br\/#\/schema\/logo\/image\/"}},{"@type":"Person","@id":"https:\/\/portalraizesnoticias.com.br\/#\/schema\/person\/a3ca6b0fc701e78df19756c417d943ae","name":"Portal Raizes","image":{"@type":"ImageObject","inLanguage":"pt-BR","@id":"https:\/\/portalraizesnoticias.com.br\/#\/schema\/person\/image\/","url":"https:\/\/secure.gravatar.com\/avatar\/ef450d29013a3d3fba867a12a249d7b1?s=96&d=mm&r=g","contentUrl":"https:\/\/secure.gravatar.com\/avatar\/ef450d29013a3d3fba867a12a249d7b1?s=96&d=mm&r=g","caption":"Portal Raizes"},"url":"https:\/\/portalraizesnoticias.com.br\/?author=3"}]}},"_links":{"self":[{"href":"https:\/\/portalraizesnoticias.com.br\/index.php?rest_route=\/wp\/v2\/posts\/11012"}],"collection":[{"href":"https:\/\/portalraizesnoticias.com.br\/index.php?rest_route=\/wp\/v2\/posts"}],"about":[{"href":"https:\/\/portalraizesnoticias.com.br\/index.php?rest_route=\/wp\/v2\/types\/post"}],"author":[{"embeddable":true,"href":"https:\/\/portalraizesnoticias.com.br\/index.php?rest_route=\/wp\/v2\/users\/3"}],"replies":[{"embeddable":true,"href":"https:\/\/portalraizesnoticias.com.br\/index.php?rest_route=%2Fwp%2Fv2%2Fcomments&post=11012"}],"version-history":[{"count":3,"href":"https:\/\/portalraizesnoticias.com.br\/index.php?rest_route=\/wp\/v2\/posts\/11012\/revisions"}],"predecessor-version":[{"id":11016,"href":"https:\/\/portalraizesnoticias.com.br\/index.php?rest_route=\/wp\/v2\/posts\/11012\/revisions\/11016"}],"wp:featuredmedia":[{"embeddable":true,"href":"https:\/\/portalraizesnoticias.com.br\/index.php?rest_route=\/wp\/v2\/media\/11015"}],"wp:attachment":[{"href":"https:\/\/portalraizesnoticias.com.br\/index.php?rest_route=%2Fwp%2Fv2%2Fmedia&parent=11012"}],"wp:term":[{"taxonomy":"category","embeddable":true,"href":"https:\/\/portalraizesnoticias.com.br\/index.php?rest_route=%2Fwp%2Fv2%2Fcategories&post=11012"},{"taxonomy":"post_tag","embeddable":true,"href":"https:\/\/portalraizesnoticias.com.br\/index.php?rest_route=%2Fwp%2Fv2%2Ftags&post=11012"}],"curies":[{"name":"wp","href":"https:\/\/api.w.org\/{rel}","templated":true}]}}