{"id":10952,"date":"2026-02-10T12:53:38","date_gmt":"2026-02-10T15:53:38","guid":{"rendered":"https:\/\/portalraizesnoticias.com.br\/?p=10952"},"modified":"2026-02-10T12:53:39","modified_gmt":"2026-02-10T15:53:39","slug":"acidente-entre-motos-deixa-mototaxista-e-menor-feridos-no-centro-de-conceicao-do-coite","status":"publish","type":"post","link":"https:\/\/portalraizesnoticias.com.br\/?p=10952","title":{"rendered":"Acidente entre motos deixa mototaxista e menor feridos no centro de Concei\u00e7\u00e3o do Coit\u00e9"},"content":{"rendered":"<p>Na manh\u00e3 desta ter\u00e7a-feira (10), duas pessoas ficaram feridas ap\u00f3s uma colis\u00e3o entre motocicletas no centro de Concei\u00e7\u00e3o do Coit\u00e9.<\/p>\n<p><strong>Veja tamb\u00e9m:\u00a0<a href=\"https:\/\/portalraizesnoticias.com.br\/idoso-e-encontrado-morto-dentro-de-residencia-na-zona-rural-de-conceicao-do-coite\/\">Idoso \u00e9 encontrado morto dentro de resid\u00eancia na zona rural de Concei\u00e7\u00e3o do Coit\u00e9<\/a><\/strong><\/p>\n<p><a href=\"https:\/\/portalraizesnoticias.com.br\/urgente-policia-civil-cumpre-mandado-e-prende-suspeito-com-grande-quantidade-de-cocaina-lsd-mdma-sementes-de-maconha-e-municoes-em-conceicao-do-coite\/\">URGENTE: Pol\u00edcia Civil cumpre mandado e prende suspeito com grande quantidade de coca\u00edna, LSD, MDMA, sementes de maconha e muni\u00e7\u00f5es em Concei\u00e7\u00e3o do Coit\u00e9<\/a><\/p>\n<p>Segundo informa\u00e7\u00f5es do coordenador do \u00c1guia Resgate, Gildo Carneiro, o mototaxista W.S., de 40 anos, foi encontrado consciente e orientado, apresentando lacera\u00e7\u00e3o profunda na face e no tornozelo esquerdo. Ele foi socorrido e encaminhado \u00e0 emerg\u00eancia do Hospital Portugu\u00eas de Coit\u00e9.<\/p>\n<p><img fetchpriority=\"high\" decoding=\"async\" class=\"size-medium wp-image-9057 aligncenter\" src=\"https:\/\/portalraizesnoticias.com.br\/wp-content\/uploads\/2025\/10\/banner-lateral-agencia-Neri-1536x1536-1-300x300.jpg\" alt=\"\" width=\"300\" height=\"300\" srcset=\"https:\/\/portalraizesnoticias.com.br\/wp-content\/uploads\/2025\/10\/banner-lateral-agencia-Neri-1536x1536-1-300x300.jpg 300w, https:\/\/portalraizesnoticias.com.br\/wp-content\/uploads\/2025\/10\/banner-lateral-agencia-Neri-1536x1536-1-1024x1024.jpg 1024w, https:\/\/portalraizesnoticias.com.br\/wp-content\/uploads\/2025\/10\/banner-lateral-agencia-Neri-1536x1536-1-150x150.jpg 150w, https:\/\/portalraizesnoticias.com.br\/wp-content\/uploads\/2025\/10\/banner-lateral-agencia-Neri-1536x1536-1-768x768.jpg 768w, https:\/\/portalraizesnoticias.com.br\/wp-content\/uploads\/2025\/10\/banner-lateral-agencia-Neri-1536x1536-1.jpg 1536w\" sizes=\"(max-width: 300px) 100vw, 300px\" \/><\/p>\n<p style=\"text-align: center;\"><strong>PUBLICIDADE<\/strong><\/p>\n<p>A outra v\u00edtima, um menor de 17 anos, tamb\u00e9m foi encontrada consciente e orientada, apresentando escoria\u00e7\u00f5es pelo corpo, e foi encaminhada a uma unidade hospitalar por populares.<\/p>\n<p><img decoding=\"async\" class=\"size-medium wp-image-10954 aligncenter\" src=\"https:\/\/portalraizesnoticias.com.br\/wp-content\/uploads\/2026\/02\/IMG-20260210-WA0190-300x225.jpg\" alt=\"\" width=\"300\" height=\"225\" srcset=\"https:\/\/portalraizesnoticias.com.br\/wp-content\/uploads\/2026\/02\/IMG-20260210-WA0190-300x225.jpg 300w, https:\/\/portalraizesnoticias.com.br\/wp-content\/uploads\/2026\/02\/IMG-20260210-WA0190-1024x768.jpg 1024w, https:\/\/portalraizesnoticias.com.br\/wp-content\/uploads\/2026\/02\/IMG-20260210-WA0190-768x576.jpg 768w, https:\/\/portalraizesnoticias.com.br\/wp-content\/uploads\/2026\/02\/IMG-20260210-WA0190-1536x1152.jpg 1536w, https:\/\/portalraizesnoticias.com.br\/wp-content\/uploads\/2026\/02\/IMG-20260210-WA0190.jpg 1600w\" sizes=\"(max-width: 300px) 100vw, 300px\" \/><\/p>\n<p>N\u00e3o h\u00e1 informa\u00e7\u00f5es sobre as causas do acidente.<\/p>\n<p>Reda\u00e7\u00e3o<\/p>\n","protected":false},"excerpt":{"rendered":"<p>Na manh\u00e3 desta ter\u00e7a-feira (10), duas pessoas ficaram feridas ap\u00f3s uma colis\u00e3o entre motocicletas no centro de Concei\u00e7\u00e3o do Coit\u00e9. Veja tamb\u00e9m:\u00a0Idoso \u00e9 encontrado morto dentro de resid\u00eancia na zona rural de Concei\u00e7\u00e3o do Coit\u00e9 URGENTE: Pol\u00edcia Civil cumpre mandado e prende suspeito com grande quantidade de coca\u00edna, LSD, MDMA, sementes de maconha e muni\u00e7\u00f5es em Concei\u00e7\u00e3o do Coit\u00e9 Segundo informa\u00e7\u00f5es do coordenador do \u00c1guia Resgate, Gildo Carneiro, o mototaxista W.S., de 40 anos, foi encontrado consciente e orientado, apresentando lacera\u00e7\u00e3o profunda na face e no tornozelo esquerdo. Ele foi socorrido e encaminhado \u00e0 emerg\u00eancia do Hospital Portugu\u00eas de Coit\u00e9. PUBLICIDADE A outra v\u00edtima, um menor de 17 anos, tamb\u00e9m foi encontrada consciente e orientada, apresentando escoria\u00e7\u00f5es pelo corpo, e foi encaminhada a uma unidade hospitalar por populares. N\u00e3o h\u00e1 informa\u00e7\u00f5es sobre as causas do acidente. Reda\u00e7\u00e3o<\/p>\n","protected":false},"author":3,"featured_media":10953,"comment_status":"open","ping_status":"open","sticky":false,"template":"","format":"standard","meta":{"_joinchat":[],"footnotes":""},"categories":[58,55,59],"tags":[],"class_list":["post-10952","post","type-post","status-publish","format-standard","has-post-thumbnail","hentry","category-acidentes","category-destaques","category-ultimas-noticias"],"yoast_head":"<!-- This site is optimized with the Yoast SEO plugin v24.4 - https:\/\/yoast.com\/wordpress\/plugins\/seo\/ -->\n<title>Acidente entre motos deixa mototaxista e menor feridos no centro de Concei\u00e7\u00e3o do Coit\u00e9 - Portal raizes noticias<\/title>\n<meta name=\"robots\" content=\"index, follow, max-snippet:-1, max-image-preview:large, max-video-preview:-1\" \/>\n<link rel=\"canonical\" href=\"https:\/\/portalraizesnoticias.com.br\/?p=10952\" \/>\n<meta property=\"og:locale\" content=\"pt_BR\" \/>\n<meta property=\"og:type\" content=\"article\" \/>\n<meta property=\"og:title\" content=\"Acidente entre motos deixa mototaxista e menor feridos no centro de Concei\u00e7\u00e3o do Coit\u00e9 - Portal raizes noticias\" \/>\n<meta property=\"og:description\" content=\"Na manh\u00e3 desta ter\u00e7a-feira (10), duas pessoas ficaram feridas ap\u00f3s uma colis\u00e3o entre motocicletas no centro de Concei\u00e7\u00e3o do Coit\u00e9. Veja tamb\u00e9m:\u00a0Idoso \u00e9 encontrado morto dentro de resid\u00eancia na zona rural de Concei\u00e7\u00e3o do Coit\u00e9 URGENTE: Pol\u00edcia Civil cumpre mandado e prende suspeito com grande quantidade de coca\u00edna, LSD, MDMA, sementes de maconha e muni\u00e7\u00f5es em Concei\u00e7\u00e3o do Coit\u00e9 Segundo informa\u00e7\u00f5es do coordenador do \u00c1guia Resgate, Gildo Carneiro, o mototaxista W.S., de 40 anos, foi encontrado consciente e orientado, apresentando lacera\u00e7\u00e3o profunda na face e no tornozelo esquerdo. Ele foi socorrido e encaminhado \u00e0 emerg\u00eancia do Hospital Portugu\u00eas de Coit\u00e9. PUBLICIDADE A outra v\u00edtima, um menor de 17 anos, tamb\u00e9m foi encontrada consciente e orientada, apresentando escoria\u00e7\u00f5es pelo corpo, e foi encaminhada a uma unidade hospitalar por populares. N\u00e3o h\u00e1 informa\u00e7\u00f5es sobre as causas do acidente. Reda\u00e7\u00e3o\" \/>\n<meta property=\"og:url\" content=\"https:\/\/portalraizesnoticias.com.br\/?p=10952\" \/>\n<meta property=\"og:site_name\" content=\"Portal raizes noticias\" \/>\n<meta property=\"article:published_time\" content=\"2026-02-10T15:53:38+00:00\" \/>\n<meta property=\"article:modified_time\" content=\"2026-02-10T15:53:39+00:00\" \/>\n<meta property=\"og:image\" content=\"https:\/\/portalraizesnoticias.com.br\/wp-content\/uploads\/2026\/02\/IMG-20260210-WA0189.jpg\" \/>\n\t<meta property=\"og:image:width\" content=\"1600\" \/>\n\t<meta property=\"og:image:height\" content=\"1200\" \/>\n\t<meta property=\"og:image:type\" content=\"image\/jpeg\" \/>\n<meta name=\"author\" content=\"Portal Raizes\" \/>\n<meta name=\"twitter:card\" content=\"summary_large_image\" \/>\n<meta name=\"twitter:label1\" content=\"Escrito por\" \/>\n\t<meta name=\"twitter:data1\" content=\"Portal Raizes\" \/>\n\t<meta name=\"twitter:label2\" content=\"Est. tempo de leitura\" \/>\n\t<meta name=\"twitter:data2\" content=\"2 minutos\" \/>\n<script type=\"application\/ld+json\" class=\"yoast-schema-graph\">{\"@context\":\"https:\/\/schema.org\",\"@graph\":[{\"@type\":\"Article\",\"@id\":\"https:\/\/portalraizesnoticias.com.br\/?p=10952#article\",\"isPartOf\":{\"@id\":\"https:\/\/portalraizesnoticias.com.br\/?p=10952\"},\"author\":{\"name\":\"Portal Raizes\",\"@id\":\"https:\/\/portalraizesnoticias.com.br\/#\/schema\/person\/a3ca6b0fc701e78df19756c417d943ae\"},\"headline\":\"Acidente entre motos deixa mototaxista e menor feridos no centro de Concei\u00e7\u00e3o do Coit\u00e9\",\"datePublished\":\"2026-02-10T15:53:38+00:00\",\"dateModified\":\"2026-02-10T15:53:39+00:00\",\"mainEntityOfPage\":{\"@id\":\"https:\/\/portalraizesnoticias.com.br\/?p=10952\"},\"wordCount\":170,\"commentCount\":0,\"publisher\":{\"@id\":\"https:\/\/portalraizesnoticias.com.br\/#organization\"},\"image\":{\"@id\":\"https:\/\/portalraizesnoticias.com.br\/?p=10952#primaryimage\"},\"thumbnailUrl\":\"https:\/\/portalraizesnoticias.com.br\/wp-content\/uploads\/2026\/02\/IMG-20260210-WA0189.jpg\",\"articleSection\":[\"ACIDENTES\",\"DESTAQUES\",\"ULTIMAS NOTICIAS\"],\"inLanguage\":\"pt-BR\",\"potentialAction\":[{\"@type\":\"CommentAction\",\"name\":\"Comment\",\"target\":[\"https:\/\/portalraizesnoticias.com.br\/?p=10952#respond\"]}]},{\"@type\":\"WebPage\",\"@id\":\"https:\/\/portalraizesnoticias.com.br\/?p=10952\",\"url\":\"https:\/\/portalraizesnoticias.com.br\/?p=10952\",\"name\":\"Acidente entre motos deixa mototaxista e menor feridos no centro de Concei\u00e7\u00e3o do Coit\u00e9 - Portal raizes noticias\",\"isPartOf\":{\"@id\":\"https:\/\/portalraizesnoticias.com.br\/#website\"},\"primaryImageOfPage\":{\"@id\":\"https:\/\/portalraizesnoticias.com.br\/?p=10952#primaryimage\"},\"image\":{\"@id\":\"https:\/\/portalraizesnoticias.com.br\/?p=10952#primaryimage\"},\"thumbnailUrl\":\"https:\/\/portalraizesnoticias.com.br\/wp-content\/uploads\/2026\/02\/IMG-20260210-WA0189.jpg\",\"datePublished\":\"2026-02-10T15:53:38+00:00\",\"dateModified\":\"2026-02-10T15:53:39+00:00\",\"breadcrumb\":{\"@id\":\"https:\/\/portalraizesnoticias.com.br\/?p=10952#breadcrumb\"},\"inLanguage\":\"pt-BR\",\"potentialAction\":[{\"@type\":\"ReadAction\",\"target\":[\"https:\/\/portalraizesnoticias.com.br\/?p=10952\"]}]},{\"@type\":\"ImageObject\",\"inLanguage\":\"pt-BR\",\"@id\":\"https:\/\/portalraizesnoticias.com.br\/?p=10952#primaryimage\",\"url\":\"https:\/\/portalraizesnoticias.com.br\/wp-content\/uploads\/2026\/02\/IMG-20260210-WA0189.jpg\",\"contentUrl\":\"https:\/\/portalraizesnoticias.com.br\/wp-content\/uploads\/2026\/02\/IMG-20260210-WA0189.jpg\",\"width\":1600,\"height\":1200},{\"@type\":\"BreadcrumbList\",\"@id\":\"https:\/\/portalraizesnoticias.com.br\/?p=10952#breadcrumb\",\"itemListElement\":[{\"@type\":\"ListItem\",\"position\":1,\"name\":\"In\u00edcio\",\"item\":\"https:\/\/portalraizesnoticias.com.br\/\"},{\"@type\":\"ListItem\",\"position\":2,\"name\":\"Acidente entre motos deixa mototaxista e menor feridos no centro de Concei\u00e7\u00e3o do Coit\u00e9\"}]},{\"@type\":\"WebSite\",\"@id\":\"https:\/\/portalraizesnoticias.com.br\/#website\",\"url\":\"https:\/\/portalraizesnoticias.com.br\/\",\"name\":\"Portal raizes NOTICIAS\",\"description\":\"site de noticias de concei\u00e7\u00e3o do coit\u00e9 e regi\u00e3o\",\"publisher\":{\"@id\":\"https:\/\/portalraizesnoticias.com.br\/#organization\"},\"alternateName\":\"PORTAL RAIZES COIT\u00c9\",\"potentialAction\":[{\"@type\":\"SearchAction\",\"target\":{\"@type\":\"EntryPoint\",\"urlTemplate\":\"https:\/\/portalraizesnoticias.com.br\/?s={search_term_string}\"},\"query-input\":{\"@type\":\"PropertyValueSpecification\",\"valueRequired\":true,\"valueName\":\"search_term_string\"}}],\"inLanguage\":\"pt-BR\"},{\"@type\":\"Organization\",\"@id\":\"https:\/\/portalraizesnoticias.com.br\/#organization\",\"name\":\"Portal raizes NOTICIAS\",\"url\":\"https:\/\/portalraizesnoticias.com.br\/\",\"logo\":{\"@type\":\"ImageObject\",\"inLanguage\":\"pt-BR\",\"@id\":\"https:\/\/portalraizesnoticias.com.br\/#\/schema\/logo\/image\/\",\"url\":\"https:\/\/portalraizesnoticias.com.br\/wp-content\/uploads\/2024\/09\/cropped-Captura-de-tela-2024-09-08-011108.png\",\"contentUrl\":\"https:\/\/portalraizesnoticias.com.br\/wp-content\/uploads\/2024\/09\/cropped-Captura-de-tela-2024-09-08-011108.png\",\"width\":606,\"height\":173,\"caption\":\"Portal raizes NOTICIAS\"},\"image\":{\"@id\":\"https:\/\/portalraizesnoticias.com.br\/#\/schema\/logo\/image\/\"}},{\"@type\":\"Person\",\"@id\":\"https:\/\/portalraizesnoticias.com.br\/#\/schema\/person\/a3ca6b0fc701e78df19756c417d943ae\",\"name\":\"Portal Raizes\",\"image\":{\"@type\":\"ImageObject\",\"inLanguage\":\"pt-BR\",\"@id\":\"https:\/\/portalraizesnoticias.com.br\/#\/schema\/person\/image\/\",\"url\":\"https:\/\/secure.gravatar.com\/avatar\/ef450d29013a3d3fba867a12a249d7b1?s=96&d=mm&r=g\",\"contentUrl\":\"https:\/\/secure.gravatar.com\/avatar\/ef450d29013a3d3fba867a12a249d7b1?s=96&d=mm&r=g\",\"caption\":\"Portal Raizes\"},\"url\":\"https:\/\/portalraizesnoticias.com.br\/?author=3\"}]}<\/script>\n<!-- \/ Yoast SEO plugin. -->","yoast_head_json":{"title":"Acidente entre motos deixa mototaxista e menor feridos no centro de Concei\u00e7\u00e3o do Coit\u00e9 - Portal raizes noticias","robots":{"index":"index","follow":"follow","max-snippet":"max-snippet:-1","max-image-preview":"max-image-preview:large","max-video-preview":"max-video-preview:-1"},"canonical":"https:\/\/portalraizesnoticias.com.br\/?p=10952","og_locale":"pt_BR","og_type":"article","og_title":"Acidente entre motos deixa mototaxista e menor feridos no centro de Concei\u00e7\u00e3o do Coit\u00e9 - Portal raizes noticias","og_description":"Na manh\u00e3 desta ter\u00e7a-feira (10), duas pessoas ficaram feridas ap\u00f3s uma colis\u00e3o entre motocicletas no centro de Concei\u00e7\u00e3o do Coit\u00e9. Veja tamb\u00e9m:\u00a0Idoso \u00e9 encontrado morto dentro de resid\u00eancia na zona rural de Concei\u00e7\u00e3o do Coit\u00e9 URGENTE: Pol\u00edcia Civil cumpre mandado e prende suspeito com grande quantidade de coca\u00edna, LSD, MDMA, sementes de maconha e muni\u00e7\u00f5es em Concei\u00e7\u00e3o do Coit\u00e9 Segundo informa\u00e7\u00f5es do coordenador do \u00c1guia Resgate, Gildo Carneiro, o mototaxista W.S., de 40 anos, foi encontrado consciente e orientado, apresentando lacera\u00e7\u00e3o profunda na face e no tornozelo esquerdo. Ele foi socorrido e encaminhado \u00e0 emerg\u00eancia do Hospital Portugu\u00eas de Coit\u00e9. PUBLICIDADE A outra v\u00edtima, um menor de 17 anos, tamb\u00e9m foi encontrada consciente e orientada, apresentando escoria\u00e7\u00f5es pelo corpo, e foi encaminhada a uma unidade hospitalar por populares. N\u00e3o h\u00e1 informa\u00e7\u00f5es sobre as causas do acidente. Reda\u00e7\u00e3o","og_url":"https:\/\/portalraizesnoticias.com.br\/?p=10952","og_site_name":"Portal raizes noticias","article_published_time":"2026-02-10T15:53:38+00:00","article_modified_time":"2026-02-10T15:53:39+00:00","og_image":[{"width":1600,"height":1200,"url":"https:\/\/portalraizesnoticias.com.br\/wp-content\/uploads\/2026\/02\/IMG-20260210-WA0189.jpg","type":"image\/jpeg"}],"author":"Portal Raizes","twitter_card":"summary_large_image","twitter_misc":{"Escrito por":"Portal Raizes","Est. tempo de leitura":"2 minutos"},"schema":{"@context":"https:\/\/schema.org","@graph":[{"@type":"Article","@id":"https:\/\/portalraizesnoticias.com.br\/?p=10952#article","isPartOf":{"@id":"https:\/\/portalraizesnoticias.com.br\/?p=10952"},"author":{"name":"Portal Raizes","@id":"https:\/\/portalraizesnoticias.com.br\/#\/schema\/person\/a3ca6b0fc701e78df19756c417d943ae"},"headline":"Acidente entre motos deixa mototaxista e menor feridos no centro de Concei\u00e7\u00e3o do Coit\u00e9","datePublished":"2026-02-10T15:53:38+00:00","dateModified":"2026-02-10T15:53:39+00:00","mainEntityOfPage":{"@id":"https:\/\/portalraizesnoticias.com.br\/?p=10952"},"wordCount":170,"commentCount":0,"publisher":{"@id":"https:\/\/portalraizesnoticias.com.br\/#organization"},"image":{"@id":"https:\/\/portalraizesnoticias.com.br\/?p=10952#primaryimage"},"thumbnailUrl":"https:\/\/portalraizesnoticias.com.br\/wp-content\/uploads\/2026\/02\/IMG-20260210-WA0189.jpg","articleSection":["ACIDENTES","DESTAQUES","ULTIMAS NOTICIAS"],"inLanguage":"pt-BR","potentialAction":[{"@type":"CommentAction","name":"Comment","target":["https:\/\/portalraizesnoticias.com.br\/?p=10952#respond"]}]},{"@type":"WebPage","@id":"https:\/\/portalraizesnoticias.com.br\/?p=10952","url":"https:\/\/portalraizesnoticias.com.br\/?p=10952","name":"Acidente entre motos deixa mototaxista e menor feridos no centro de Concei\u00e7\u00e3o do Coit\u00e9 - Portal raizes noticias","isPartOf":{"@id":"https:\/\/portalraizesnoticias.com.br\/#website"},"primaryImageOfPage":{"@id":"https:\/\/portalraizesnoticias.com.br\/?p=10952#primaryimage"},"image":{"@id":"https:\/\/portalraizesnoticias.com.br\/?p=10952#primaryimage"},"thumbnailUrl":"https:\/\/portalraizesnoticias.com.br\/wp-content\/uploads\/2026\/02\/IMG-20260210-WA0189.jpg","datePublished":"2026-02-10T15:53:38+00:00","dateModified":"2026-02-10T15:53:39+00:00","breadcrumb":{"@id":"https:\/\/portalraizesnoticias.com.br\/?p=10952#breadcrumb"},"inLanguage":"pt-BR","potentialAction":[{"@type":"ReadAction","target":["https:\/\/portalraizesnoticias.com.br\/?p=10952"]}]},{"@type":"ImageObject","inLanguage":"pt-BR","@id":"https:\/\/portalraizesnoticias.com.br\/?p=10952#primaryimage","url":"https:\/\/portalraizesnoticias.com.br\/wp-content\/uploads\/2026\/02\/IMG-20260210-WA0189.jpg","contentUrl":"https:\/\/portalraizesnoticias.com.br\/wp-content\/uploads\/2026\/02\/IMG-20260210-WA0189.jpg","width":1600,"height":1200},{"@type":"BreadcrumbList","@id":"https:\/\/portalraizesnoticias.com.br\/?p=10952#breadcrumb","itemListElement":[{"@type":"ListItem","position":1,"name":"In\u00edcio","item":"https:\/\/portalraizesnoticias.com.br\/"},{"@type":"ListItem","position":2,"name":"Acidente entre motos deixa mototaxista e menor feridos no centro de Concei\u00e7\u00e3o do Coit\u00e9"}]},{"@type":"WebSite","@id":"https:\/\/portalraizesnoticias.com.br\/#website","url":"https:\/\/portalraizesnoticias.com.br\/","name":"Portal raizes NOTICIAS","description":"site de noticias de concei\u00e7\u00e3o do coit\u00e9 e regi\u00e3o","publisher":{"@id":"https:\/\/portalraizesnoticias.com.br\/#organization"},"alternateName":"PORTAL RAIZES COIT\u00c9","potentialAction":[{"@type":"SearchAction","target":{"@type":"EntryPoint","urlTemplate":"https:\/\/portalraizesnoticias.com.br\/?s={search_term_string}"},"query-input":{"@type":"PropertyValueSpecification","valueRequired":true,"valueName":"search_term_string"}}],"inLanguage":"pt-BR"},{"@type":"Organization","@id":"https:\/\/portalraizesnoticias.com.br\/#organization","name":"Portal raizes NOTICIAS","url":"https:\/\/portalraizesnoticias.com.br\/","logo":{"@type":"ImageObject","inLanguage":"pt-BR","@id":"https:\/\/portalraizesnoticias.com.br\/#\/schema\/logo\/image\/","url":"https:\/\/portalraizesnoticias.com.br\/wp-content\/uploads\/2024\/09\/cropped-Captura-de-tela-2024-09-08-011108.png","contentUrl":"https:\/\/portalraizesnoticias.com.br\/wp-content\/uploads\/2024\/09\/cropped-Captura-de-tela-2024-09-08-011108.png","width":606,"height":173,"caption":"Portal raizes NOTICIAS"},"image":{"@id":"https:\/\/portalraizesnoticias.com.br\/#\/schema\/logo\/image\/"}},{"@type":"Person","@id":"https:\/\/portalraizesnoticias.com.br\/#\/schema\/person\/a3ca6b0fc701e78df19756c417d943ae","name":"Portal Raizes","image":{"@type":"ImageObject","inLanguage":"pt-BR","@id":"https:\/\/portalraizesnoticias.com.br\/#\/schema\/person\/image\/","url":"https:\/\/secure.gravatar.com\/avatar\/ef450d29013a3d3fba867a12a249d7b1?s=96&d=mm&r=g","contentUrl":"https:\/\/secure.gravatar.com\/avatar\/ef450d29013a3d3fba867a12a249d7b1?s=96&d=mm&r=g","caption":"Portal Raizes"},"url":"https:\/\/portalraizesnoticias.com.br\/?author=3"}]}},"_links":{"self":[{"href":"https:\/\/portalraizesnoticias.com.br\/index.php?rest_route=\/wp\/v2\/posts\/10952"}],"collection":[{"href":"https:\/\/portalraizesnoticias.com.br\/index.php?rest_route=\/wp\/v2\/posts"}],"about":[{"href":"https:\/\/portalraizesnoticias.com.br\/index.php?rest_route=\/wp\/v2\/types\/post"}],"author":[{"embeddable":true,"href":"https:\/\/portalraizesnoticias.com.br\/index.php?rest_route=\/wp\/v2\/users\/3"}],"replies":[{"embeddable":true,"href":"https:\/\/portalraizesnoticias.com.br\/index.php?rest_route=%2Fwp%2Fv2%2Fcomments&post=10952"}],"version-history":[{"count":1,"href":"https:\/\/portalraizesnoticias.com.br\/index.php?rest_route=\/wp\/v2\/posts\/10952\/revisions"}],"predecessor-version":[{"id":10955,"href":"https:\/\/portalraizesnoticias.com.br\/index.php?rest_route=\/wp\/v2\/posts\/10952\/revisions\/10955"}],"wp:featuredmedia":[{"embeddable":true,"href":"https:\/\/portalraizesnoticias.com.br\/index.php?rest_route=\/wp\/v2\/media\/10953"}],"wp:attachment":[{"href":"https:\/\/portalraizesnoticias.com.br\/index.php?rest_route=%2Fwp%2Fv2%2Fmedia&parent=10952"}],"wp:term":[{"taxonomy":"category","embeddable":true,"href":"https:\/\/portalraizesnoticias.com.br\/index.php?rest_route=%2Fwp%2Fv2%2Fcategories&post=10952"},{"taxonomy":"post_tag","embeddable":true,"href":"https:\/\/portalraizesnoticias.com.br\/index.php?rest_route=%2Fwp%2Fv2%2Ftags&post=10952"}],"curies":[{"name":"wp","href":"https:\/\/api.w.org\/{rel}","templated":true}]}}