{"id":10863,"date":"2026-02-08T11:03:35","date_gmt":"2026-02-08T14:03:35","guid":{"rendered":"https:\/\/portalraizesnoticias.com.br\/?p=10863"},"modified":"2026-02-08T11:03:35","modified_gmt":"2026-02-08T14:03:35","slug":"famoso-por-revelar-campeao-do-mundo-mogi-mirim-convoca-atletas-de-coite-garotos-precisam-de-ajuda-para-viajar-nesta-terca-feira-10","status":"publish","type":"post","link":"https:\/\/portalraizesnoticias.com.br\/?p=10863","title":{"rendered":"Famoso por revelar campe\u00e3o do mundo, Mogi Mirim convoca atletas de Coit\u00e9; garotos precisam de ajuda para viajar nesta ter\u00e7a-feira (10)"},"content":{"rendered":"<p>Dois jovens atletas moradores de Concei\u00e7\u00e3o do Coit\u00e9 viver\u00e3o, nesta semana, uma oportunidade que pode mudar suas trajet\u00f3rias no futebol. Giovani Ramos Silva, de 15 anos, e Kaic, foram convidados para participar de um per\u00edodo de avalia\u00e7\u00f5es no tradicional Clube Atl\u00e9tico Mogi Mirim (SP), refer\u00eancia na forma\u00e7\u00e3o de jogadores no interior paulista.<\/p>\n<p><strong>O clube j\u00e1 revelou grandes talentos, a exemplo de Rivaldo, campe\u00e3o do mundo em 2002 e eleito melhor do mundo pela FIFA em 1999.<\/strong><\/p>\n<div style=\"width: 720px;\" class=\"wp-video\"><!--[if lt IE 9]><script>document.createElement('video');<\/script><![endif]-->\n<video class=\"wp-video-shortcode\" id=\"video-10863-1\" width=\"720\" height=\"1280\" preload=\"metadata\" controls=\"controls\"><source type=\"video\/mp4\" src=\"https:\/\/portalraizesnoticias.com.br\/wp-content\/uploads\/2026\/02\/VID-20260207-WA0185.mp4?_=1\" \/><a href=\"https:\/\/portalraizesnoticias.com.br\/wp-content\/uploads\/2026\/02\/VID-20260207-WA0185.mp4\">https:\/\/portalraizesnoticias.com.br\/wp-content\/uploads\/2026\/02\/VID-20260207-WA0185.mp4<\/a><\/video><\/div>\n<p>Os garotos viajam nesta ter\u00e7a-feira, \u00e0s 18h, acompanhados pela m\u00e3e de Giovani, para passar uma semana de testes t\u00e9cnicos e f\u00edsicos, n\u00e3o apenas com a comiss\u00e3o do Mogi Mirim, mas tamb\u00e9m diante de olheiros de outros clubes do pa\u00eds.<\/p>\n<p>Em entrevista \u00e0 jornalista Rafaela Rodrigues, Giovani contou que a oportunidade surgiu ap\u00f3s um amistoso em Monte Santo. Durante a partida, organizada pelo treinador Piter J\u00fanior, um observador t\u00e9cnico que tamb\u00e9m acompanhava uma peneira do Mogi Mirim assistiu ao jogo, gostou do desempenho dos atletas e fez o convite imediato. Alguns jogadores de Monte Santo tamb\u00e9m foram selecionados para a mesma avalia\u00e7\u00e3o.<\/p>\n<p>\u201cEstou muito animado e otimista. Vou dar o meu melhor nessa oportunidade\u201d, disse o jovem atleta.<\/p>\n<p>Filho de pedreiro e de dona de casa, Giovani vem de uma fam\u00edlia simples, trabalhadora e batalhadora, que sempre apoiou seu sonho de ser jogador de futebol.<\/p>\n<p>Apesar da alegria com a convoca\u00e7\u00e3o, a fam\u00edlia enfrenta desafios financeiros para custear a viagem, hospedagem e alimenta\u00e7\u00e3o durante o per\u00edodo de avalia\u00e7\u00f5es. Por isso, familiares e amigos fazem um apelo \u00e0 popula\u00e7\u00e3o de Concei\u00e7\u00e3o do Coit\u00e9 para que ajude, dentro do poss\u00edvel, a viabilizar essa chance hist\u00f3rica para os jovens atletas.<\/p>\n<p>\u201cCada ajuda, por menor que seja, far\u00e1 diferen\u00e7a para esses meninos realizarem o sonho de representar Coit\u00e9 no futebol\u201d, destacam familiares.<\/p>\n<p><strong>Doa\u00e7\u00f5es via Pix:<\/strong><\/p>\n<p><strong>CNPJ \u2013 35.236.400\/0001-85<\/strong><\/p>\n<p>Reda\u00e7\u00e3o<\/p>\n","protected":false},"excerpt":{"rendered":"<p>Dois jovens atletas moradores de Concei\u00e7\u00e3o do Coit\u00e9 viver\u00e3o, nesta semana, uma oportunidade que pode mudar suas trajet\u00f3rias no futebol. Giovani Ramos Silva, de 15 anos, e Kaic, foram convidados para participar de um per\u00edodo de avalia\u00e7\u00f5es no tradicional Clube Atl\u00e9tico Mogi Mirim (SP), refer\u00eancia na forma\u00e7\u00e3o de jogadores no interior paulista. O clube j\u00e1 revelou grandes talentos, a exemplo de Rivaldo, campe\u00e3o do mundo em 2002 e eleito melhor do mundo pela FIFA em 1999. Os garotos viajam nesta ter\u00e7a-feira, \u00e0s 18h, acompanhados pela m\u00e3e de Giovani, para passar uma semana de testes t\u00e9cnicos e f\u00edsicos, n\u00e3o apenas com a comiss\u00e3o do Mogi Mirim, mas tamb\u00e9m diante de olheiros de outros clubes do pa\u00eds. Em entrevista \u00e0 jornalista Rafaela Rodrigues, Giovani contou que a oportunidade surgiu ap\u00f3s um amistoso em Monte Santo. Durante a partida, organizada pelo treinador Piter J\u00fanior, um observador t\u00e9cnico que tamb\u00e9m acompanhava uma peneira do Mogi Mirim assistiu ao jogo, gostou do desempenho dos atletas e fez o convite imediato. Alguns jogadores de Monte Santo tamb\u00e9m foram selecionados para a mesma avalia\u00e7\u00e3o. \u201cEstou muito animado e otimista. Vou dar o meu melhor nessa oportunidade\u201d, disse o jovem atleta. Filho de pedreiro e de dona de casa, Giovani vem de uma fam\u00edlia simples, trabalhadora e batalhadora, que sempre apoiou seu sonho de ser jogador de futebol. Apesar da alegria com a convoca\u00e7\u00e3o, a fam\u00edlia enfrenta desafios financeiros para custear a viagem, hospedagem e alimenta\u00e7\u00e3o durante o per\u00edodo de avalia\u00e7\u00f5es. Por isso, familiares e amigos fazem um apelo \u00e0 popula\u00e7\u00e3o de Concei\u00e7\u00e3o do Coit\u00e9 para que ajude, dentro do poss\u00edvel, a viabilizar essa chance hist\u00f3rica para os jovens atletas. \u201cCada ajuda, por menor que seja, far\u00e1 diferen\u00e7a para esses meninos realizarem o sonho de representar Coit\u00e9 no futebol\u201d, destacam familiares. Doa\u00e7\u00f5es via Pix: CNPJ \u2013 35.236.400\/0001-85 Reda\u00e7\u00e3o<\/p>\n","protected":false},"author":3,"featured_media":10866,"comment_status":"open","ping_status":"open","sticky":false,"template":"","format":"standard","meta":{"_joinchat":[],"footnotes":""},"categories":[55,1,59],"tags":[],"class_list":["post-10863","post","type-post","status-publish","format-standard","has-post-thumbnail","hentry","category-destaques","category-esportes-esportes","category-ultimas-noticias"],"yoast_head":"<!-- This site is optimized with the Yoast SEO plugin v24.4 - https:\/\/yoast.com\/wordpress\/plugins\/seo\/ -->\n<title>Famoso por revelar campe\u00e3o do mundo, Mogi Mirim convoca atletas de Coit\u00e9; garotos precisam de ajuda para viajar nesta ter\u00e7a-feira (10) - Portal raizes noticias<\/title>\n<meta name=\"robots\" content=\"index, follow, max-snippet:-1, max-image-preview:large, max-video-preview:-1\" \/>\n<link rel=\"canonical\" href=\"https:\/\/portalraizesnoticias.com.br\/?p=10863\" \/>\n<meta property=\"og:locale\" content=\"pt_BR\" \/>\n<meta property=\"og:type\" content=\"article\" \/>\n<meta property=\"og:title\" content=\"Famoso por revelar campe\u00e3o do mundo, Mogi Mirim convoca atletas de Coit\u00e9; garotos precisam de ajuda para viajar nesta ter\u00e7a-feira (10) - Portal raizes noticias\" \/>\n<meta property=\"og:description\" content=\"Dois jovens atletas moradores de Concei\u00e7\u00e3o do Coit\u00e9 viver\u00e3o, nesta semana, uma oportunidade que pode mudar suas trajet\u00f3rias no futebol. Giovani Ramos Silva, de 15 anos, e Kaic, foram convidados para participar de um per\u00edodo de avalia\u00e7\u00f5es no tradicional Clube Atl\u00e9tico Mogi Mirim (SP), refer\u00eancia na forma\u00e7\u00e3o de jogadores no interior paulista. O clube j\u00e1 revelou grandes talentos, a exemplo de Rivaldo, campe\u00e3o do mundo em 2002 e eleito melhor do mundo pela FIFA em 1999. Os garotos viajam nesta ter\u00e7a-feira, \u00e0s 18h, acompanhados pela m\u00e3e de Giovani, para passar uma semana de testes t\u00e9cnicos e f\u00edsicos, n\u00e3o apenas com a comiss\u00e3o do Mogi Mirim, mas tamb\u00e9m diante de olheiros de outros clubes do pa\u00eds. Em entrevista \u00e0 jornalista Rafaela Rodrigues, Giovani contou que a oportunidade surgiu ap\u00f3s um amistoso em Monte Santo. Durante a partida, organizada pelo treinador Piter J\u00fanior, um observador t\u00e9cnico que tamb\u00e9m acompanhava uma peneira do Mogi Mirim assistiu ao jogo, gostou do desempenho dos atletas e fez o convite imediato. Alguns jogadores de Monte Santo tamb\u00e9m foram selecionados para a mesma avalia\u00e7\u00e3o. \u201cEstou muito animado e otimista. Vou dar o meu melhor nessa oportunidade\u201d, disse o jovem atleta. Filho de pedreiro e de dona de casa, Giovani vem de uma fam\u00edlia simples, trabalhadora e batalhadora, que sempre apoiou seu sonho de ser jogador de futebol. Apesar da alegria com a convoca\u00e7\u00e3o, a fam\u00edlia enfrenta desafios financeiros para custear a viagem, hospedagem e alimenta\u00e7\u00e3o durante o per\u00edodo de avalia\u00e7\u00f5es. Por isso, familiares e amigos fazem um apelo \u00e0 popula\u00e7\u00e3o de Concei\u00e7\u00e3o do Coit\u00e9 para que ajude, dentro do poss\u00edvel, a viabilizar essa chance hist\u00f3rica para os jovens atletas. \u201cCada ajuda, por menor que seja, far\u00e1 diferen\u00e7a para esses meninos realizarem o sonho de representar Coit\u00e9 no futebol\u201d, destacam familiares. Doa\u00e7\u00f5es via Pix: CNPJ \u2013 35.236.400\/0001-85 Reda\u00e7\u00e3o\" \/>\n<meta property=\"og:url\" content=\"https:\/\/portalraizesnoticias.com.br\/?p=10863\" \/>\n<meta property=\"og:site_name\" content=\"Portal raizes noticias\" \/>\n<meta property=\"article:published_time\" content=\"2026-02-08T14:03:35+00:00\" \/>\n<meta property=\"og:image\" content=\"https:\/\/portalraizesnoticias.com.br\/wp-content\/uploads\/2026\/02\/IMG-20260208-WA0082.jpg\" \/>\n\t<meta property=\"og:image:width\" content=\"1080\" \/>\n\t<meta property=\"og:image:height\" content=\"901\" \/>\n\t<meta property=\"og:image:type\" content=\"image\/jpeg\" \/>\n<meta name=\"author\" content=\"Portal Raizes\" \/>\n<meta name=\"twitter:card\" content=\"summary_large_image\" \/>\n<meta name=\"twitter:label1\" content=\"Escrito por\" \/>\n\t<meta name=\"twitter:data1\" content=\"Portal Raizes\" \/>\n\t<meta name=\"twitter:label2\" content=\"Est. tempo de leitura\" \/>\n\t<meta name=\"twitter:data2\" content=\"2 minutos\" \/>\n<script type=\"application\/ld+json\" class=\"yoast-schema-graph\">{\"@context\":\"https:\/\/schema.org\",\"@graph\":[{\"@type\":\"Article\",\"@id\":\"https:\/\/portalraizesnoticias.com.br\/?p=10863#article\",\"isPartOf\":{\"@id\":\"https:\/\/portalraizesnoticias.com.br\/?p=10863\"},\"author\":{\"name\":\"Portal Raizes\",\"@id\":\"https:\/\/portalraizesnoticias.com.br\/#\/schema\/person\/a3ca6b0fc701e78df19756c417d943ae\"},\"headline\":\"Famoso por revelar campe\u00e3o do mundo, Mogi Mirim convoca atletas de Coit\u00e9; garotos precisam de ajuda para viajar nesta ter\u00e7a-feira (10)\",\"datePublished\":\"2026-02-08T14:03:35+00:00\",\"mainEntityOfPage\":{\"@id\":\"https:\/\/portalraizesnoticias.com.br\/?p=10863\"},\"wordCount\":366,\"commentCount\":0,\"publisher\":{\"@id\":\"https:\/\/portalraizesnoticias.com.br\/#organization\"},\"image\":{\"@id\":\"https:\/\/portalraizesnoticias.com.br\/?p=10863#primaryimage\"},\"thumbnailUrl\":\"https:\/\/portalraizesnoticias.com.br\/wp-content\/uploads\/2026\/02\/IMG-20260208-WA0082.jpg\",\"articleSection\":[\"DESTAQUES\",\"ESPORTES\",\"ULTIMAS NOTICIAS\"],\"inLanguage\":\"pt-BR\",\"potentialAction\":[{\"@type\":\"CommentAction\",\"name\":\"Comment\",\"target\":[\"https:\/\/portalraizesnoticias.com.br\/?p=10863#respond\"]}]},{\"@type\":\"WebPage\",\"@id\":\"https:\/\/portalraizesnoticias.com.br\/?p=10863\",\"url\":\"https:\/\/portalraizesnoticias.com.br\/?p=10863\",\"name\":\"Famoso por revelar campe\u00e3o do mundo, Mogi Mirim convoca atletas de Coit\u00e9; garotos precisam de ajuda para viajar nesta ter\u00e7a-feira (10) - Portal raizes noticias\",\"isPartOf\":{\"@id\":\"https:\/\/portalraizesnoticias.com.br\/#website\"},\"primaryImageOfPage\":{\"@id\":\"https:\/\/portalraizesnoticias.com.br\/?p=10863#primaryimage\"},\"image\":{\"@id\":\"https:\/\/portalraizesnoticias.com.br\/?p=10863#primaryimage\"},\"thumbnailUrl\":\"https:\/\/portalraizesnoticias.com.br\/wp-content\/uploads\/2026\/02\/IMG-20260208-WA0082.jpg\",\"datePublished\":\"2026-02-08T14:03:35+00:00\",\"breadcrumb\":{\"@id\":\"https:\/\/portalraizesnoticias.com.br\/?p=10863#breadcrumb\"},\"inLanguage\":\"pt-BR\",\"potentialAction\":[{\"@type\":\"ReadAction\",\"target\":[\"https:\/\/portalraizesnoticias.com.br\/?p=10863\"]}]},{\"@type\":\"ImageObject\",\"inLanguage\":\"pt-BR\",\"@id\":\"https:\/\/portalraizesnoticias.com.br\/?p=10863#primaryimage\",\"url\":\"https:\/\/portalraizesnoticias.com.br\/wp-content\/uploads\/2026\/02\/IMG-20260208-WA0082.jpg\",\"contentUrl\":\"https:\/\/portalraizesnoticias.com.br\/wp-content\/uploads\/2026\/02\/IMG-20260208-WA0082.jpg\",\"width\":1080,\"height\":901},{\"@type\":\"BreadcrumbList\",\"@id\":\"https:\/\/portalraizesnoticias.com.br\/?p=10863#breadcrumb\",\"itemListElement\":[{\"@type\":\"ListItem\",\"position\":1,\"name\":\"In\u00edcio\",\"item\":\"https:\/\/portalraizesnoticias.com.br\/\"},{\"@type\":\"ListItem\",\"position\":2,\"name\":\"Famoso por revelar campe\u00e3o do mundo, Mogi Mirim convoca atletas de Coit\u00e9; garotos precisam de ajuda para viajar nesta ter\u00e7a-feira (10)\"}]},{\"@type\":\"WebSite\",\"@id\":\"https:\/\/portalraizesnoticias.com.br\/#website\",\"url\":\"https:\/\/portalraizesnoticias.com.br\/\",\"name\":\"Portal raizes NOTICIAS\",\"description\":\"site de noticias de concei\u00e7\u00e3o do coit\u00e9 e regi\u00e3o\",\"publisher\":{\"@id\":\"https:\/\/portalraizesnoticias.com.br\/#organization\"},\"alternateName\":\"PORTAL RAIZES COIT\u00c9\",\"potentialAction\":[{\"@type\":\"SearchAction\",\"target\":{\"@type\":\"EntryPoint\",\"urlTemplate\":\"https:\/\/portalraizesnoticias.com.br\/?s={search_term_string}\"},\"query-input\":{\"@type\":\"PropertyValueSpecification\",\"valueRequired\":true,\"valueName\":\"search_term_string\"}}],\"inLanguage\":\"pt-BR\"},{\"@type\":\"Organization\",\"@id\":\"https:\/\/portalraizesnoticias.com.br\/#organization\",\"name\":\"Portal raizes NOTICIAS\",\"url\":\"https:\/\/portalraizesnoticias.com.br\/\",\"logo\":{\"@type\":\"ImageObject\",\"inLanguage\":\"pt-BR\",\"@id\":\"https:\/\/portalraizesnoticias.com.br\/#\/schema\/logo\/image\/\",\"url\":\"https:\/\/portalraizesnoticias.com.br\/wp-content\/uploads\/2024\/09\/cropped-Captura-de-tela-2024-09-08-011108.png\",\"contentUrl\":\"https:\/\/portalraizesnoticias.com.br\/wp-content\/uploads\/2024\/09\/cropped-Captura-de-tela-2024-09-08-011108.png\",\"width\":606,\"height\":173,\"caption\":\"Portal raizes NOTICIAS\"},\"image\":{\"@id\":\"https:\/\/portalraizesnoticias.com.br\/#\/schema\/logo\/image\/\"}},{\"@type\":\"Person\",\"@id\":\"https:\/\/portalraizesnoticias.com.br\/#\/schema\/person\/a3ca6b0fc701e78df19756c417d943ae\",\"name\":\"Portal Raizes\",\"image\":{\"@type\":\"ImageObject\",\"inLanguage\":\"pt-BR\",\"@id\":\"https:\/\/portalraizesnoticias.com.br\/#\/schema\/person\/image\/\",\"url\":\"https:\/\/secure.gravatar.com\/avatar\/ef450d29013a3d3fba867a12a249d7b1?s=96&d=mm&r=g\",\"contentUrl\":\"https:\/\/secure.gravatar.com\/avatar\/ef450d29013a3d3fba867a12a249d7b1?s=96&d=mm&r=g\",\"caption\":\"Portal Raizes\"},\"url\":\"https:\/\/portalraizesnoticias.com.br\/?author=3\"}]}<\/script>\n<!-- \/ Yoast SEO plugin. -->","yoast_head_json":{"title":"Famoso por revelar campe\u00e3o do mundo, Mogi Mirim convoca atletas de Coit\u00e9; garotos precisam de ajuda para viajar nesta ter\u00e7a-feira (10) - Portal raizes noticias","robots":{"index":"index","follow":"follow","max-snippet":"max-snippet:-1","max-image-preview":"max-image-preview:large","max-video-preview":"max-video-preview:-1"},"canonical":"https:\/\/portalraizesnoticias.com.br\/?p=10863","og_locale":"pt_BR","og_type":"article","og_title":"Famoso por revelar campe\u00e3o do mundo, Mogi Mirim convoca atletas de Coit\u00e9; garotos precisam de ajuda para viajar nesta ter\u00e7a-feira (10) - Portal raizes noticias","og_description":"Dois jovens atletas moradores de Concei\u00e7\u00e3o do Coit\u00e9 viver\u00e3o, nesta semana, uma oportunidade que pode mudar suas trajet\u00f3rias no futebol. Giovani Ramos Silva, de 15 anos, e Kaic, foram convidados para participar de um per\u00edodo de avalia\u00e7\u00f5es no tradicional Clube Atl\u00e9tico Mogi Mirim (SP), refer\u00eancia na forma\u00e7\u00e3o de jogadores no interior paulista. O clube j\u00e1 revelou grandes talentos, a exemplo de Rivaldo, campe\u00e3o do mundo em 2002 e eleito melhor do mundo pela FIFA em 1999. Os garotos viajam nesta ter\u00e7a-feira, \u00e0s 18h, acompanhados pela m\u00e3e de Giovani, para passar uma semana de testes t\u00e9cnicos e f\u00edsicos, n\u00e3o apenas com a comiss\u00e3o do Mogi Mirim, mas tamb\u00e9m diante de olheiros de outros clubes do pa\u00eds. Em entrevista \u00e0 jornalista Rafaela Rodrigues, Giovani contou que a oportunidade surgiu ap\u00f3s um amistoso em Monte Santo. Durante a partida, organizada pelo treinador Piter J\u00fanior, um observador t\u00e9cnico que tamb\u00e9m acompanhava uma peneira do Mogi Mirim assistiu ao jogo, gostou do desempenho dos atletas e fez o convite imediato. Alguns jogadores de Monte Santo tamb\u00e9m foram selecionados para a mesma avalia\u00e7\u00e3o. \u201cEstou muito animado e otimista. Vou dar o meu melhor nessa oportunidade\u201d, disse o jovem atleta. Filho de pedreiro e de dona de casa, Giovani vem de uma fam\u00edlia simples, trabalhadora e batalhadora, que sempre apoiou seu sonho de ser jogador de futebol. Apesar da alegria com a convoca\u00e7\u00e3o, a fam\u00edlia enfrenta desafios financeiros para custear a viagem, hospedagem e alimenta\u00e7\u00e3o durante o per\u00edodo de avalia\u00e7\u00f5es. Por isso, familiares e amigos fazem um apelo \u00e0 popula\u00e7\u00e3o de Concei\u00e7\u00e3o do Coit\u00e9 para que ajude, dentro do poss\u00edvel, a viabilizar essa chance hist\u00f3rica para os jovens atletas. \u201cCada ajuda, por menor que seja, far\u00e1 diferen\u00e7a para esses meninos realizarem o sonho de representar Coit\u00e9 no futebol\u201d, destacam familiares. Doa\u00e7\u00f5es via Pix: CNPJ \u2013 35.236.400\/0001-85 Reda\u00e7\u00e3o","og_url":"https:\/\/portalraizesnoticias.com.br\/?p=10863","og_site_name":"Portal raizes noticias","article_published_time":"2026-02-08T14:03:35+00:00","og_image":[{"width":1080,"height":901,"url":"https:\/\/portalraizesnoticias.com.br\/wp-content\/uploads\/2026\/02\/IMG-20260208-WA0082.jpg","type":"image\/jpeg"}],"author":"Portal Raizes","twitter_card":"summary_large_image","twitter_misc":{"Escrito por":"Portal Raizes","Est. tempo de leitura":"2 minutos"},"schema":{"@context":"https:\/\/schema.org","@graph":[{"@type":"Article","@id":"https:\/\/portalraizesnoticias.com.br\/?p=10863#article","isPartOf":{"@id":"https:\/\/portalraizesnoticias.com.br\/?p=10863"},"author":{"name":"Portal Raizes","@id":"https:\/\/portalraizesnoticias.com.br\/#\/schema\/person\/a3ca6b0fc701e78df19756c417d943ae"},"headline":"Famoso por revelar campe\u00e3o do mundo, Mogi Mirim convoca atletas de Coit\u00e9; garotos precisam de ajuda para viajar nesta ter\u00e7a-feira (10)","datePublished":"2026-02-08T14:03:35+00:00","mainEntityOfPage":{"@id":"https:\/\/portalraizesnoticias.com.br\/?p=10863"},"wordCount":366,"commentCount":0,"publisher":{"@id":"https:\/\/portalraizesnoticias.com.br\/#organization"},"image":{"@id":"https:\/\/portalraizesnoticias.com.br\/?p=10863#primaryimage"},"thumbnailUrl":"https:\/\/portalraizesnoticias.com.br\/wp-content\/uploads\/2026\/02\/IMG-20260208-WA0082.jpg","articleSection":["DESTAQUES","ESPORTES","ULTIMAS NOTICIAS"],"inLanguage":"pt-BR","potentialAction":[{"@type":"CommentAction","name":"Comment","target":["https:\/\/portalraizesnoticias.com.br\/?p=10863#respond"]}]},{"@type":"WebPage","@id":"https:\/\/portalraizesnoticias.com.br\/?p=10863","url":"https:\/\/portalraizesnoticias.com.br\/?p=10863","name":"Famoso por revelar campe\u00e3o do mundo, Mogi Mirim convoca atletas de Coit\u00e9; garotos precisam de ajuda para viajar nesta ter\u00e7a-feira (10) - Portal raizes noticias","isPartOf":{"@id":"https:\/\/portalraizesnoticias.com.br\/#website"},"primaryImageOfPage":{"@id":"https:\/\/portalraizesnoticias.com.br\/?p=10863#primaryimage"},"image":{"@id":"https:\/\/portalraizesnoticias.com.br\/?p=10863#primaryimage"},"thumbnailUrl":"https:\/\/portalraizesnoticias.com.br\/wp-content\/uploads\/2026\/02\/IMG-20260208-WA0082.jpg","datePublished":"2026-02-08T14:03:35+00:00","breadcrumb":{"@id":"https:\/\/portalraizesnoticias.com.br\/?p=10863#breadcrumb"},"inLanguage":"pt-BR","potentialAction":[{"@type":"ReadAction","target":["https:\/\/portalraizesnoticias.com.br\/?p=10863"]}]},{"@type":"ImageObject","inLanguage":"pt-BR","@id":"https:\/\/portalraizesnoticias.com.br\/?p=10863#primaryimage","url":"https:\/\/portalraizesnoticias.com.br\/wp-content\/uploads\/2026\/02\/IMG-20260208-WA0082.jpg","contentUrl":"https:\/\/portalraizesnoticias.com.br\/wp-content\/uploads\/2026\/02\/IMG-20260208-WA0082.jpg","width":1080,"height":901},{"@type":"BreadcrumbList","@id":"https:\/\/portalraizesnoticias.com.br\/?p=10863#breadcrumb","itemListElement":[{"@type":"ListItem","position":1,"name":"In\u00edcio","item":"https:\/\/portalraizesnoticias.com.br\/"},{"@type":"ListItem","position":2,"name":"Famoso por revelar campe\u00e3o do mundo, Mogi Mirim convoca atletas de Coit\u00e9; garotos precisam de ajuda para viajar nesta ter\u00e7a-feira (10)"}]},{"@type":"WebSite","@id":"https:\/\/portalraizesnoticias.com.br\/#website","url":"https:\/\/portalraizesnoticias.com.br\/","name":"Portal raizes NOTICIAS","description":"site de noticias de concei\u00e7\u00e3o do coit\u00e9 e regi\u00e3o","publisher":{"@id":"https:\/\/portalraizesnoticias.com.br\/#organization"},"alternateName":"PORTAL RAIZES COIT\u00c9","potentialAction":[{"@type":"SearchAction","target":{"@type":"EntryPoint","urlTemplate":"https:\/\/portalraizesnoticias.com.br\/?s={search_term_string}"},"query-input":{"@type":"PropertyValueSpecification","valueRequired":true,"valueName":"search_term_string"}}],"inLanguage":"pt-BR"},{"@type":"Organization","@id":"https:\/\/portalraizesnoticias.com.br\/#organization","name":"Portal raizes NOTICIAS","url":"https:\/\/portalraizesnoticias.com.br\/","logo":{"@type":"ImageObject","inLanguage":"pt-BR","@id":"https:\/\/portalraizesnoticias.com.br\/#\/schema\/logo\/image\/","url":"https:\/\/portalraizesnoticias.com.br\/wp-content\/uploads\/2024\/09\/cropped-Captura-de-tela-2024-09-08-011108.png","contentUrl":"https:\/\/portalraizesnoticias.com.br\/wp-content\/uploads\/2024\/09\/cropped-Captura-de-tela-2024-09-08-011108.png","width":606,"height":173,"caption":"Portal raizes NOTICIAS"},"image":{"@id":"https:\/\/portalraizesnoticias.com.br\/#\/schema\/logo\/image\/"}},{"@type":"Person","@id":"https:\/\/portalraizesnoticias.com.br\/#\/schema\/person\/a3ca6b0fc701e78df19756c417d943ae","name":"Portal Raizes","image":{"@type":"ImageObject","inLanguage":"pt-BR","@id":"https:\/\/portalraizesnoticias.com.br\/#\/schema\/person\/image\/","url":"https:\/\/secure.gravatar.com\/avatar\/ef450d29013a3d3fba867a12a249d7b1?s=96&d=mm&r=g","contentUrl":"https:\/\/secure.gravatar.com\/avatar\/ef450d29013a3d3fba867a12a249d7b1?s=96&d=mm&r=g","caption":"Portal Raizes"},"url":"https:\/\/portalraizesnoticias.com.br\/?author=3"}]}},"_links":{"self":[{"href":"https:\/\/portalraizesnoticias.com.br\/index.php?rest_route=\/wp\/v2\/posts\/10863"}],"collection":[{"href":"https:\/\/portalraizesnoticias.com.br\/index.php?rest_route=\/wp\/v2\/posts"}],"about":[{"href":"https:\/\/portalraizesnoticias.com.br\/index.php?rest_route=\/wp\/v2\/types\/post"}],"author":[{"embeddable":true,"href":"https:\/\/portalraizesnoticias.com.br\/index.php?rest_route=\/wp\/v2\/users\/3"}],"replies":[{"embeddable":true,"href":"https:\/\/portalraizesnoticias.com.br\/index.php?rest_route=%2Fwp%2Fv2%2Fcomments&post=10863"}],"version-history":[{"count":4,"href":"https:\/\/portalraizesnoticias.com.br\/index.php?rest_route=\/wp\/v2\/posts\/10863\/revisions"}],"predecessor-version":[{"id":10869,"href":"https:\/\/portalraizesnoticias.com.br\/index.php?rest_route=\/wp\/v2\/posts\/10863\/revisions\/10869"}],"wp:featuredmedia":[{"embeddable":true,"href":"https:\/\/portalraizesnoticias.com.br\/index.php?rest_route=\/wp\/v2\/media\/10866"}],"wp:attachment":[{"href":"https:\/\/portalraizesnoticias.com.br\/index.php?rest_route=%2Fwp%2Fv2%2Fmedia&parent=10863"}],"wp:term":[{"taxonomy":"category","embeddable":true,"href":"https:\/\/portalraizesnoticias.com.br\/index.php?rest_route=%2Fwp%2Fv2%2Fcategories&post=10863"},{"taxonomy":"post_tag","embeddable":true,"href":"https:\/\/portalraizesnoticias.com.br\/index.php?rest_route=%2Fwp%2Fv2%2Ftags&post=10863"}],"curies":[{"name":"wp","href":"https:\/\/api.w.org\/{rel}","templated":true}]}}