{"id":10832,"date":"2026-02-07T12:42:30","date_gmt":"2026-02-07T15:42:30","guid":{"rendered":"https:\/\/portalraizesnoticias.com.br\/?p=10832"},"modified":"2026-02-07T12:42:30","modified_gmt":"2026-02-07T15:42:30","slug":"suspeito-com-faca-ameaca-mulher-e-foge-antes-da-chegada-da-pm-em-valente","status":"publish","type":"post","link":"https:\/\/portalraizesnoticias.com.br\/?p=10832","title":{"rendered":"Suspeito com faca amea\u00e7a mulher e foge antes da chegada da PM em Valente"},"content":{"rendered":"<p>Uma mulher de 30 anos denunciou ter sido amea\u00e7ada por um homem armado com uma faca na manh\u00e3 de ontem, (6), por volta das 11h20, na Pra\u00e7a da Jazida, no Centro de Valente, regi\u00e3o sisaleira.<\/p>\n<p><img fetchpriority=\"high\" decoding=\"async\" class=\"size-medium wp-image-10529 aligncenter\" src=\"https:\/\/portalraizesnoticias.com.br\/wp-content\/uploads\/2026\/01\/IMG-20260119-WA0250-300x167.jpg\" alt=\"\" width=\"300\" height=\"167\" srcset=\"https:\/\/portalraizesnoticias.com.br\/wp-content\/uploads\/2026\/01\/IMG-20260119-WA0250-300x167.jpg 300w, https:\/\/portalraizesnoticias.com.br\/wp-content\/uploads\/2026\/01\/IMG-20260119-WA0250-1024x569.jpg 1024w, https:\/\/portalraizesnoticias.com.br\/wp-content\/uploads\/2026\/01\/IMG-20260119-WA0250-768x427.jpg 768w, https:\/\/portalraizesnoticias.com.br\/wp-content\/uploads\/2026\/01\/IMG-20260119-WA0250.jpg 1080w\" sizes=\"(max-width: 300px) 100vw, 300px\" \/><\/p>\n<p style=\"text-align: center;\"><strong>PUBLICIDADE<\/strong><\/p>\n<p>De acordo com a Pol\u00edcia Militar, a solicitante acionou o CICOM via WhatsApp informando que um homem alto, moreno, usando camisa escura e bermuda jeans teria feito amea\u00e7as enquanto portava uma faca.<\/p>\n<p><img decoding=\"async\" class=\"size-medium wp-image-10801 aligncenter\" src=\"https:\/\/portalraizesnoticias.com.br\/wp-content\/uploads\/2026\/02\/IMG-20260205-WA0612-300x268.jpg\" alt=\"\" width=\"300\" height=\"268\" srcset=\"https:\/\/portalraizesnoticias.com.br\/wp-content\/uploads\/2026\/02\/IMG-20260205-WA0612-300x268.jpg 300w, https:\/\/portalraizesnoticias.com.br\/wp-content\/uploads\/2026\/02\/IMG-20260205-WA0612.jpg 720w\" sizes=\"(max-width: 300px) 100vw, 300px\" \/><\/p>\n<p style=\"text-align: center;\"><strong>PUBLICIDADE<\/strong><\/p>\n<p>Ao chegar, os policiais conversaram com a v\u00edtima, que confirmou a situa\u00e7\u00e3o relatada.<\/p>\n<p><img decoding=\"async\" class=\"size-medium wp-image-10424 aligncenter\" src=\"https:\/\/portalraizesnoticias.com.br\/wp-content\/uploads\/2023\/04\/reis-car_page-0001-212x300.jpg\" alt=\"\" width=\"212\" height=\"300\" srcset=\"https:\/\/portalraizesnoticias.com.br\/wp-content\/uploads\/2023\/04\/reis-car_page-0001-212x300.jpg 212w, https:\/\/portalraizesnoticias.com.br\/wp-content\/uploads\/2023\/04\/reis-car_page-0001-724x1024.jpg 724w, https:\/\/portalraizesnoticias.com.br\/wp-content\/uploads\/2023\/04\/reis-car_page-0001-768x1086.jpg 768w, https:\/\/portalraizesnoticias.com.br\/wp-content\/uploads\/2023\/04\/reis-car_page-0001-1086x1536.jpg 1086w, https:\/\/portalraizesnoticias.com.br\/wp-content\/uploads\/2023\/04\/reis-car_page-0001.jpg 1241w\" sizes=\"(max-width: 212px) 100vw, 212px\" \/><\/p>\n<p style=\"text-align: center;\"><strong>PUBLICIDADE<\/strong><\/p>\n<p>Foram realizadas rondas nas imedia\u00e7\u00f5es para tentar localizar o suspeito, mas ele n\u00e3o foi encontrado. A v\u00edtima foi orientada a registrar a ocorr\u00eancia na Delegacia de Pol\u00edcia Civil de Valente para dar seguimento \u00e0s provid\u00eancias cab\u00edveis.<\/p>\n<p>Reda\u00e7\u00e3o<\/p>\n<p>Foto: Ilustra\u00e7\u00e3o<\/p>\n","protected":false},"excerpt":{"rendered":"<p>Uma mulher de 30 anos denunciou ter sido amea\u00e7ada por um homem armado com uma faca na manh\u00e3 de ontem, (6), por volta das 11h20, na Pra\u00e7a da Jazida, no Centro de Valente, regi\u00e3o sisaleira. PUBLICIDADE De acordo com a Pol\u00edcia Militar, a solicitante acionou o CICOM via WhatsApp informando que um homem alto, moreno, usando camisa escura e bermuda jeans teria feito amea\u00e7as enquanto portava uma faca. PUBLICIDADE Ao chegar, os policiais conversaram com a v\u00edtima, que confirmou a situa\u00e7\u00e3o relatada. PUBLICIDADE Foram realizadas rondas nas imedia\u00e7\u00f5es para tentar localizar o suspeito, mas ele n\u00e3o foi encontrado. A v\u00edtima foi orientada a registrar a ocorr\u00eancia na Delegacia de Pol\u00edcia Civil de Valente para dar seguimento \u00e0s provid\u00eancias cab\u00edveis. Reda\u00e7\u00e3o Foto: Ilustra\u00e7\u00e3o<\/p>\n","protected":false},"author":3,"featured_media":8388,"comment_status":"open","ping_status":"open","sticky":false,"template":"","format":"standard","meta":{"_joinchat":[],"footnotes":""},"categories":[55,67,59],"tags":[],"class_list":["post-10832","post","type-post","status-publish","format-standard","has-post-thumbnail","hentry","category-destaques","category-policia","category-ultimas-noticias"],"yoast_head":"<!-- This site is optimized with the Yoast SEO plugin v24.4 - https:\/\/yoast.com\/wordpress\/plugins\/seo\/ -->\n<title>Suspeito com faca amea\u00e7a mulher e foge antes da chegada da PM em Valente - Portal raizes noticias<\/title>\n<meta name=\"robots\" content=\"index, follow, max-snippet:-1, max-image-preview:large, max-video-preview:-1\" \/>\n<link rel=\"canonical\" href=\"https:\/\/portalraizesnoticias.com.br\/?p=10832\" \/>\n<meta property=\"og:locale\" content=\"pt_BR\" \/>\n<meta property=\"og:type\" content=\"article\" \/>\n<meta property=\"og:title\" content=\"Suspeito com faca amea\u00e7a mulher e foge antes da chegada da PM em Valente - Portal raizes noticias\" \/>\n<meta property=\"og:description\" content=\"Uma mulher de 30 anos denunciou ter sido amea\u00e7ada por um homem armado com uma faca na manh\u00e3 de ontem, (6), por volta das 11h20, na Pra\u00e7a da Jazida, no Centro de Valente, regi\u00e3o sisaleira. PUBLICIDADE De acordo com a Pol\u00edcia Militar, a solicitante acionou o CICOM via WhatsApp informando que um homem alto, moreno, usando camisa escura e bermuda jeans teria feito amea\u00e7as enquanto portava uma faca. PUBLICIDADE Ao chegar, os policiais conversaram com a v\u00edtima, que confirmou a situa\u00e7\u00e3o relatada. PUBLICIDADE Foram realizadas rondas nas imedia\u00e7\u00f5es para tentar localizar o suspeito, mas ele n\u00e3o foi encontrado. A v\u00edtima foi orientada a registrar a ocorr\u00eancia na Delegacia de Pol\u00edcia Civil de Valente para dar seguimento \u00e0s provid\u00eancias cab\u00edveis. Reda\u00e7\u00e3o Foto: Ilustra\u00e7\u00e3o\" \/>\n<meta property=\"og:url\" content=\"https:\/\/portalraizesnoticias.com.br\/?p=10832\" \/>\n<meta property=\"og:site_name\" content=\"Portal raizes noticias\" \/>\n<meta property=\"article:published_time\" content=\"2026-02-07T15:42:30+00:00\" \/>\n<meta property=\"og:image\" content=\"https:\/\/portalraizesnoticias.com.br\/wp-content\/uploads\/2025\/09\/404_Faca_moIMG_5073_520x500_5f49d504-49b8-4145-8cc4-d15d6e2d6952.jpg\" \/>\n\t<meta property=\"og:image:width\" content=\"520\" \/>\n\t<meta property=\"og:image:height\" content=\"416\" \/>\n\t<meta property=\"og:image:type\" content=\"image\/jpeg\" \/>\n<meta name=\"author\" content=\"Portal Raizes\" \/>\n<meta name=\"twitter:card\" content=\"summary_large_image\" \/>\n<meta name=\"twitter:label1\" content=\"Escrito por\" \/>\n\t<meta name=\"twitter:data1\" content=\"Portal Raizes\" \/>\n\t<meta name=\"twitter:label2\" content=\"Est. tempo de leitura\" \/>\n\t<meta name=\"twitter:data2\" content=\"2 minutos\" \/>\n<script type=\"application\/ld+json\" class=\"yoast-schema-graph\">{\"@context\":\"https:\/\/schema.org\",\"@graph\":[{\"@type\":\"Article\",\"@id\":\"https:\/\/portalraizesnoticias.com.br\/?p=10832#article\",\"isPartOf\":{\"@id\":\"https:\/\/portalraizesnoticias.com.br\/?p=10832\"},\"author\":{\"name\":\"Portal Raizes\",\"@id\":\"https:\/\/portalraizesnoticias.com.br\/#\/schema\/person\/a3ca6b0fc701e78df19756c417d943ae\"},\"headline\":\"Suspeito com faca amea\u00e7a mulher e foge antes da chegada da PM em Valente\",\"datePublished\":\"2026-02-07T15:42:30+00:00\",\"mainEntityOfPage\":{\"@id\":\"https:\/\/portalraizesnoticias.com.br\/?p=10832\"},\"wordCount\":151,\"commentCount\":0,\"publisher\":{\"@id\":\"https:\/\/portalraizesnoticias.com.br\/#organization\"},\"image\":{\"@id\":\"https:\/\/portalraizesnoticias.com.br\/?p=10832#primaryimage\"},\"thumbnailUrl\":\"https:\/\/portalraizesnoticias.com.br\/wp-content\/uploads\/2025\/09\/404_Faca_moIMG_5073_520x500_5f49d504-49b8-4145-8cc4-d15d6e2d6952.jpg\",\"articleSection\":[\"DESTAQUES\",\"POLICIA\",\"ULTIMAS NOTICIAS\"],\"inLanguage\":\"pt-BR\",\"potentialAction\":[{\"@type\":\"CommentAction\",\"name\":\"Comment\",\"target\":[\"https:\/\/portalraizesnoticias.com.br\/?p=10832#respond\"]}]},{\"@type\":\"WebPage\",\"@id\":\"https:\/\/portalraizesnoticias.com.br\/?p=10832\",\"url\":\"https:\/\/portalraizesnoticias.com.br\/?p=10832\",\"name\":\"Suspeito com faca amea\u00e7a mulher e foge antes da chegada da PM em Valente - Portal raizes noticias\",\"isPartOf\":{\"@id\":\"https:\/\/portalraizesnoticias.com.br\/#website\"},\"primaryImageOfPage\":{\"@id\":\"https:\/\/portalraizesnoticias.com.br\/?p=10832#primaryimage\"},\"image\":{\"@id\":\"https:\/\/portalraizesnoticias.com.br\/?p=10832#primaryimage\"},\"thumbnailUrl\":\"https:\/\/portalraizesnoticias.com.br\/wp-content\/uploads\/2025\/09\/404_Faca_moIMG_5073_520x500_5f49d504-49b8-4145-8cc4-d15d6e2d6952.jpg\",\"datePublished\":\"2026-02-07T15:42:30+00:00\",\"breadcrumb\":{\"@id\":\"https:\/\/portalraizesnoticias.com.br\/?p=10832#breadcrumb\"},\"inLanguage\":\"pt-BR\",\"potentialAction\":[{\"@type\":\"ReadAction\",\"target\":[\"https:\/\/portalraizesnoticias.com.br\/?p=10832\"]}]},{\"@type\":\"ImageObject\",\"inLanguage\":\"pt-BR\",\"@id\":\"https:\/\/portalraizesnoticias.com.br\/?p=10832#primaryimage\",\"url\":\"https:\/\/portalraizesnoticias.com.br\/wp-content\/uploads\/2025\/09\/404_Faca_moIMG_5073_520x500_5f49d504-49b8-4145-8cc4-d15d6e2d6952.jpg\",\"contentUrl\":\"https:\/\/portalraizesnoticias.com.br\/wp-content\/uploads\/2025\/09\/404_Faca_moIMG_5073_520x500_5f49d504-49b8-4145-8cc4-d15d6e2d6952.jpg\",\"width\":520,\"height\":416},{\"@type\":\"BreadcrumbList\",\"@id\":\"https:\/\/portalraizesnoticias.com.br\/?p=10832#breadcrumb\",\"itemListElement\":[{\"@type\":\"ListItem\",\"position\":1,\"name\":\"In\u00edcio\",\"item\":\"https:\/\/portalraizesnoticias.com.br\/\"},{\"@type\":\"ListItem\",\"position\":2,\"name\":\"Suspeito com faca amea\u00e7a mulher e foge antes da chegada da PM em Valente\"}]},{\"@type\":\"WebSite\",\"@id\":\"https:\/\/portalraizesnoticias.com.br\/#website\",\"url\":\"https:\/\/portalraizesnoticias.com.br\/\",\"name\":\"Portal raizes NOTICIAS\",\"description\":\"site de noticias de concei\u00e7\u00e3o do coit\u00e9 e regi\u00e3o\",\"publisher\":{\"@id\":\"https:\/\/portalraizesnoticias.com.br\/#organization\"},\"alternateName\":\"PORTAL RAIZES COIT\u00c9\",\"potentialAction\":[{\"@type\":\"SearchAction\",\"target\":{\"@type\":\"EntryPoint\",\"urlTemplate\":\"https:\/\/portalraizesnoticias.com.br\/?s={search_term_string}\"},\"query-input\":{\"@type\":\"PropertyValueSpecification\",\"valueRequired\":true,\"valueName\":\"search_term_string\"}}],\"inLanguage\":\"pt-BR\"},{\"@type\":\"Organization\",\"@id\":\"https:\/\/portalraizesnoticias.com.br\/#organization\",\"name\":\"Portal raizes NOTICIAS\",\"url\":\"https:\/\/portalraizesnoticias.com.br\/\",\"logo\":{\"@type\":\"ImageObject\",\"inLanguage\":\"pt-BR\",\"@id\":\"https:\/\/portalraizesnoticias.com.br\/#\/schema\/logo\/image\/\",\"url\":\"https:\/\/portalraizesnoticias.com.br\/wp-content\/uploads\/2024\/09\/cropped-Captura-de-tela-2024-09-08-011108.png\",\"contentUrl\":\"https:\/\/portalraizesnoticias.com.br\/wp-content\/uploads\/2024\/09\/cropped-Captura-de-tela-2024-09-08-011108.png\",\"width\":606,\"height\":173,\"caption\":\"Portal raizes NOTICIAS\"},\"image\":{\"@id\":\"https:\/\/portalraizesnoticias.com.br\/#\/schema\/logo\/image\/\"}},{\"@type\":\"Person\",\"@id\":\"https:\/\/portalraizesnoticias.com.br\/#\/schema\/person\/a3ca6b0fc701e78df19756c417d943ae\",\"name\":\"Portal Raizes\",\"image\":{\"@type\":\"ImageObject\",\"inLanguage\":\"pt-BR\",\"@id\":\"https:\/\/portalraizesnoticias.com.br\/#\/schema\/person\/image\/\",\"url\":\"https:\/\/secure.gravatar.com\/avatar\/ef450d29013a3d3fba867a12a249d7b1?s=96&d=mm&r=g\",\"contentUrl\":\"https:\/\/secure.gravatar.com\/avatar\/ef450d29013a3d3fba867a12a249d7b1?s=96&d=mm&r=g\",\"caption\":\"Portal Raizes\"},\"url\":\"https:\/\/portalraizesnoticias.com.br\/?author=3\"}]}<\/script>\n<!-- \/ Yoast SEO plugin. -->","yoast_head_json":{"title":"Suspeito com faca amea\u00e7a mulher e foge antes da chegada da PM em Valente - Portal raizes noticias","robots":{"index":"index","follow":"follow","max-snippet":"max-snippet:-1","max-image-preview":"max-image-preview:large","max-video-preview":"max-video-preview:-1"},"canonical":"https:\/\/portalraizesnoticias.com.br\/?p=10832","og_locale":"pt_BR","og_type":"article","og_title":"Suspeito com faca amea\u00e7a mulher e foge antes da chegada da PM em Valente - Portal raizes noticias","og_description":"Uma mulher de 30 anos denunciou ter sido amea\u00e7ada por um homem armado com uma faca na manh\u00e3 de ontem, (6), por volta das 11h20, na Pra\u00e7a da Jazida, no Centro de Valente, regi\u00e3o sisaleira. PUBLICIDADE De acordo com a Pol\u00edcia Militar, a solicitante acionou o CICOM via WhatsApp informando que um homem alto, moreno, usando camisa escura e bermuda jeans teria feito amea\u00e7as enquanto portava uma faca. PUBLICIDADE Ao chegar, os policiais conversaram com a v\u00edtima, que confirmou a situa\u00e7\u00e3o relatada. PUBLICIDADE Foram realizadas rondas nas imedia\u00e7\u00f5es para tentar localizar o suspeito, mas ele n\u00e3o foi encontrado. A v\u00edtima foi orientada a registrar a ocorr\u00eancia na Delegacia de Pol\u00edcia Civil de Valente para dar seguimento \u00e0s provid\u00eancias cab\u00edveis. Reda\u00e7\u00e3o Foto: Ilustra\u00e7\u00e3o","og_url":"https:\/\/portalraizesnoticias.com.br\/?p=10832","og_site_name":"Portal raizes noticias","article_published_time":"2026-02-07T15:42:30+00:00","og_image":[{"width":520,"height":416,"url":"https:\/\/portalraizesnoticias.com.br\/wp-content\/uploads\/2025\/09\/404_Faca_moIMG_5073_520x500_5f49d504-49b8-4145-8cc4-d15d6e2d6952.jpg","type":"image\/jpeg"}],"author":"Portal Raizes","twitter_card":"summary_large_image","twitter_misc":{"Escrito por":"Portal Raizes","Est. tempo de leitura":"2 minutos"},"schema":{"@context":"https:\/\/schema.org","@graph":[{"@type":"Article","@id":"https:\/\/portalraizesnoticias.com.br\/?p=10832#article","isPartOf":{"@id":"https:\/\/portalraizesnoticias.com.br\/?p=10832"},"author":{"name":"Portal Raizes","@id":"https:\/\/portalraizesnoticias.com.br\/#\/schema\/person\/a3ca6b0fc701e78df19756c417d943ae"},"headline":"Suspeito com faca amea\u00e7a mulher e foge antes da chegada da PM em Valente","datePublished":"2026-02-07T15:42:30+00:00","mainEntityOfPage":{"@id":"https:\/\/portalraizesnoticias.com.br\/?p=10832"},"wordCount":151,"commentCount":0,"publisher":{"@id":"https:\/\/portalraizesnoticias.com.br\/#organization"},"image":{"@id":"https:\/\/portalraizesnoticias.com.br\/?p=10832#primaryimage"},"thumbnailUrl":"https:\/\/portalraizesnoticias.com.br\/wp-content\/uploads\/2025\/09\/404_Faca_moIMG_5073_520x500_5f49d504-49b8-4145-8cc4-d15d6e2d6952.jpg","articleSection":["DESTAQUES","POLICIA","ULTIMAS NOTICIAS"],"inLanguage":"pt-BR","potentialAction":[{"@type":"CommentAction","name":"Comment","target":["https:\/\/portalraizesnoticias.com.br\/?p=10832#respond"]}]},{"@type":"WebPage","@id":"https:\/\/portalraizesnoticias.com.br\/?p=10832","url":"https:\/\/portalraizesnoticias.com.br\/?p=10832","name":"Suspeito com faca amea\u00e7a mulher e foge antes da chegada da PM em Valente - Portal raizes noticias","isPartOf":{"@id":"https:\/\/portalraizesnoticias.com.br\/#website"},"primaryImageOfPage":{"@id":"https:\/\/portalraizesnoticias.com.br\/?p=10832#primaryimage"},"image":{"@id":"https:\/\/portalraizesnoticias.com.br\/?p=10832#primaryimage"},"thumbnailUrl":"https:\/\/portalraizesnoticias.com.br\/wp-content\/uploads\/2025\/09\/404_Faca_moIMG_5073_520x500_5f49d504-49b8-4145-8cc4-d15d6e2d6952.jpg","datePublished":"2026-02-07T15:42:30+00:00","breadcrumb":{"@id":"https:\/\/portalraizesnoticias.com.br\/?p=10832#breadcrumb"},"inLanguage":"pt-BR","potentialAction":[{"@type":"ReadAction","target":["https:\/\/portalraizesnoticias.com.br\/?p=10832"]}]},{"@type":"ImageObject","inLanguage":"pt-BR","@id":"https:\/\/portalraizesnoticias.com.br\/?p=10832#primaryimage","url":"https:\/\/portalraizesnoticias.com.br\/wp-content\/uploads\/2025\/09\/404_Faca_moIMG_5073_520x500_5f49d504-49b8-4145-8cc4-d15d6e2d6952.jpg","contentUrl":"https:\/\/portalraizesnoticias.com.br\/wp-content\/uploads\/2025\/09\/404_Faca_moIMG_5073_520x500_5f49d504-49b8-4145-8cc4-d15d6e2d6952.jpg","width":520,"height":416},{"@type":"BreadcrumbList","@id":"https:\/\/portalraizesnoticias.com.br\/?p=10832#breadcrumb","itemListElement":[{"@type":"ListItem","position":1,"name":"In\u00edcio","item":"https:\/\/portalraizesnoticias.com.br\/"},{"@type":"ListItem","position":2,"name":"Suspeito com faca amea\u00e7a mulher e foge antes da chegada da PM em Valente"}]},{"@type":"WebSite","@id":"https:\/\/portalraizesnoticias.com.br\/#website","url":"https:\/\/portalraizesnoticias.com.br\/","name":"Portal raizes NOTICIAS","description":"site de noticias de concei\u00e7\u00e3o do coit\u00e9 e regi\u00e3o","publisher":{"@id":"https:\/\/portalraizesnoticias.com.br\/#organization"},"alternateName":"PORTAL RAIZES COIT\u00c9","potentialAction":[{"@type":"SearchAction","target":{"@type":"EntryPoint","urlTemplate":"https:\/\/portalraizesnoticias.com.br\/?s={search_term_string}"},"query-input":{"@type":"PropertyValueSpecification","valueRequired":true,"valueName":"search_term_string"}}],"inLanguage":"pt-BR"},{"@type":"Organization","@id":"https:\/\/portalraizesnoticias.com.br\/#organization","name":"Portal raizes NOTICIAS","url":"https:\/\/portalraizesnoticias.com.br\/","logo":{"@type":"ImageObject","inLanguage":"pt-BR","@id":"https:\/\/portalraizesnoticias.com.br\/#\/schema\/logo\/image\/","url":"https:\/\/portalraizesnoticias.com.br\/wp-content\/uploads\/2024\/09\/cropped-Captura-de-tela-2024-09-08-011108.png","contentUrl":"https:\/\/portalraizesnoticias.com.br\/wp-content\/uploads\/2024\/09\/cropped-Captura-de-tela-2024-09-08-011108.png","width":606,"height":173,"caption":"Portal raizes NOTICIAS"},"image":{"@id":"https:\/\/portalraizesnoticias.com.br\/#\/schema\/logo\/image\/"}},{"@type":"Person","@id":"https:\/\/portalraizesnoticias.com.br\/#\/schema\/person\/a3ca6b0fc701e78df19756c417d943ae","name":"Portal Raizes","image":{"@type":"ImageObject","inLanguage":"pt-BR","@id":"https:\/\/portalraizesnoticias.com.br\/#\/schema\/person\/image\/","url":"https:\/\/secure.gravatar.com\/avatar\/ef450d29013a3d3fba867a12a249d7b1?s=96&d=mm&r=g","contentUrl":"https:\/\/secure.gravatar.com\/avatar\/ef450d29013a3d3fba867a12a249d7b1?s=96&d=mm&r=g","caption":"Portal Raizes"},"url":"https:\/\/portalraizesnoticias.com.br\/?author=3"}]}},"_links":{"self":[{"href":"https:\/\/portalraizesnoticias.com.br\/index.php?rest_route=\/wp\/v2\/posts\/10832"}],"collection":[{"href":"https:\/\/portalraizesnoticias.com.br\/index.php?rest_route=\/wp\/v2\/posts"}],"about":[{"href":"https:\/\/portalraizesnoticias.com.br\/index.php?rest_route=\/wp\/v2\/types\/post"}],"author":[{"embeddable":true,"href":"https:\/\/portalraizesnoticias.com.br\/index.php?rest_route=\/wp\/v2\/users\/3"}],"replies":[{"embeddable":true,"href":"https:\/\/portalraizesnoticias.com.br\/index.php?rest_route=%2Fwp%2Fv2%2Fcomments&post=10832"}],"version-history":[{"count":3,"href":"https:\/\/portalraizesnoticias.com.br\/index.php?rest_route=\/wp\/v2\/posts\/10832\/revisions"}],"predecessor-version":[{"id":10835,"href":"https:\/\/portalraizesnoticias.com.br\/index.php?rest_route=\/wp\/v2\/posts\/10832\/revisions\/10835"}],"wp:featuredmedia":[{"embeddable":true,"href":"https:\/\/portalraizesnoticias.com.br\/index.php?rest_route=\/wp\/v2\/media\/8388"}],"wp:attachment":[{"href":"https:\/\/portalraizesnoticias.com.br\/index.php?rest_route=%2Fwp%2Fv2%2Fmedia&parent=10832"}],"wp:term":[{"taxonomy":"category","embeddable":true,"href":"https:\/\/portalraizesnoticias.com.br\/index.php?rest_route=%2Fwp%2Fv2%2Fcategories&post=10832"},{"taxonomy":"post_tag","embeddable":true,"href":"https:\/\/portalraizesnoticias.com.br\/index.php?rest_route=%2Fwp%2Fv2%2Ftags&post=10832"}],"curies":[{"name":"wp","href":"https:\/\/api.w.org\/{rel}","templated":true}]}}