{"id":10828,"date":"2026-02-07T10:16:40","date_gmt":"2026-02-07T13:16:40","guid":{"rendered":"https:\/\/portalraizesnoticias.com.br\/?p=10828"},"modified":"2026-02-07T12:47:05","modified_gmt":"2026-02-07T15:47:05","slug":"homem-e-ferido-com-golpe-de-faca-apos-discussao-em-praca-de-conceicao-do-coite","status":"publish","type":"post","link":"https:\/\/portalraizesnoticias.com.br\/?p=10828","title":{"rendered":"Homem \u00e9 ferido com golpe de faca ap\u00f3s discuss\u00e3o em pra\u00e7a de Concei\u00e7\u00e3o do Coit\u00e9"},"content":{"rendered":"<p>Um homem foi v\u00edtima de agress\u00e3o com arma branca na madrugada deste s\u00e1bado (8), por volta de 00h40, na Pra\u00e7a do povoado Boa Vista, zona rural de Concei\u00e7\u00e3o do Coit\u00e9.<\/p>\n<p><img fetchpriority=\"high\" decoding=\"async\" class=\"size-medium wp-image-10424 aligncenter\" src=\"https:\/\/portalraizesnoticias.com.br\/wp-content\/uploads\/2023\/04\/reis-car_page-0001-212x300.jpg\" alt=\"\" width=\"212\" height=\"300\" srcset=\"https:\/\/portalraizesnoticias.com.br\/wp-content\/uploads\/2023\/04\/reis-car_page-0001-212x300.jpg 212w, https:\/\/portalraizesnoticias.com.br\/wp-content\/uploads\/2023\/04\/reis-car_page-0001-724x1024.jpg 724w, https:\/\/portalraizesnoticias.com.br\/wp-content\/uploads\/2023\/04\/reis-car_page-0001-768x1086.jpg 768w, https:\/\/portalraizesnoticias.com.br\/wp-content\/uploads\/2023\/04\/reis-car_page-0001-1086x1536.jpg 1086w, https:\/\/portalraizesnoticias.com.br\/wp-content\/uploads\/2023\/04\/reis-car_page-0001.jpg 1241w\" sizes=\"(max-width: 212px) 100vw, 212px\" \/><\/p>\n<p style=\"text-align: center;\"><strong>PUBLICIDADE<\/strong><\/p>\n<p>Segundo informa\u00e7\u00f5es da Pol\u00edcia Militar, a guarni\u00e7\u00e3o foi acionada pelo Hospital Portugu\u00eas ap\u00f3s a entrada de um paciente com ferimento provocado por faca. No local, os policiais conversaram com a v\u00edtima de 24 anos, morador do Povoado de Goibeira.<\/p>\n<p><img decoding=\"async\" class=\"size-medium wp-image-10529 aligncenter\" src=\"https:\/\/portalraizesnoticias.com.br\/wp-content\/uploads\/2026\/01\/IMG-20260119-WA0250-300x167.jpg\" alt=\"\" width=\"300\" height=\"167\" srcset=\"https:\/\/portalraizesnoticias.com.br\/wp-content\/uploads\/2026\/01\/IMG-20260119-WA0250-300x167.jpg 300w, https:\/\/portalraizesnoticias.com.br\/wp-content\/uploads\/2026\/01\/IMG-20260119-WA0250-1024x569.jpg 1024w, https:\/\/portalraizesnoticias.com.br\/wp-content\/uploads\/2026\/01\/IMG-20260119-WA0250-768x427.jpg 768w, https:\/\/portalraizesnoticias.com.br\/wp-content\/uploads\/2026\/01\/IMG-20260119-WA0250.jpg 1080w\" sizes=\"(max-width: 300px) 100vw, 300px\" \/><\/p>\n<p style=\"text-align: center;\"><strong>PUBLICIDADE<\/strong><\/p>\n<p>Ele relatou aos policiais que estava ingerindo bebida alco\u00f3lica quando se envolveu em uma discuss\u00e3o com um homem de identidade desconhecida, que acabou lhe atingindo com um golpe no bra\u00e7o esquerdo.<\/p>\n<p><img decoding=\"async\" class=\"size-medium wp-image-9058 aligncenter\" src=\"https:\/\/portalraizesnoticias.com.br\/wp-content\/uploads\/2025\/10\/M.I-laranja-branco_page-0001-1536x1075-1-300x210.jpg\" alt=\"\" width=\"300\" height=\"210\" srcset=\"https:\/\/portalraizesnoticias.com.br\/wp-content\/uploads\/2025\/10\/M.I-laranja-branco_page-0001-1536x1075-1-300x210.jpg 300w, https:\/\/portalraizesnoticias.com.br\/wp-content\/uploads\/2025\/10\/M.I-laranja-branco_page-0001-1536x1075-1-1024x717.jpg 1024w, https:\/\/portalraizesnoticias.com.br\/wp-content\/uploads\/2025\/10\/M.I-laranja-branco_page-0001-1536x1075-1-768x538.jpg 768w, https:\/\/portalraizesnoticias.com.br\/wp-content\/uploads\/2025\/10\/M.I-laranja-branco_page-0001-1536x1075-1.jpg 1536w\" sizes=\"(max-width: 300px) 100vw, 300px\" \/><\/p>\n<p style=\"text-align: center;\"><strong>PUBLICIDADE<\/strong><\/p>\n<p>O jovem recebeu atendimento m\u00e9dico, foi medicado e liberado em seguida.<\/p>\n<p><img loading=\"lazy\" decoding=\"async\" class=\"size-medium wp-image-8006 aligncenter\" src=\"https:\/\/portalraizesnoticias.com.br\/wp-content\/uploads\/2025\/09\/IMG-20250902-WA0020-300x296.jpg\" alt=\"\" width=\"300\" height=\"296\" srcset=\"https:\/\/portalraizesnoticias.com.br\/wp-content\/uploads\/2025\/09\/IMG-20250902-WA0020-300x296.jpg 300w, https:\/\/portalraizesnoticias.com.br\/wp-content\/uploads\/2025\/09\/IMG-20250902-WA0020-1024x1009.jpg 1024w, https:\/\/portalraizesnoticias.com.br\/wp-content\/uploads\/2025\/09\/IMG-20250902-WA0020-768x757.jpg 768w, https:\/\/portalraizesnoticias.com.br\/wp-content\/uploads\/2025\/09\/IMG-20250902-WA0020.jpg 1080w\" sizes=\"(max-width: 300px) 100vw, 300px\" \/><\/p>\n<p style=\"text-align: center;\"><strong>PUBLICIDADE<\/strong><\/p>\n<p>A v\u00edtima foi orientada pela pol\u00edcia a registrar ocorr\u00eancia na Delegacia Territorial para que o caso seja investigado. At\u00e9 o momento, o autor da agress\u00e3o n\u00e3o foi localizado.<\/p>\n<p>Reda\u00e7\u00e3o<\/p>\n","protected":false},"excerpt":{"rendered":"<p>Um homem foi v\u00edtima de agress\u00e3o com arma branca na madrugada deste s\u00e1bado (8), por volta de 00h40, na Pra\u00e7a do povoado Boa Vista, zona rural de Concei\u00e7\u00e3o do Coit\u00e9. PUBLICIDADE Segundo informa\u00e7\u00f5es da Pol\u00edcia Militar, a guarni\u00e7\u00e3o foi acionada pelo Hospital Portugu\u00eas ap\u00f3s a entrada de um paciente com ferimento provocado por faca. No local, os policiais conversaram com a v\u00edtima de 24 anos, morador do Povoado de Goibeira. PUBLICIDADE Ele relatou aos policiais que estava ingerindo bebida alco\u00f3lica quando se envolveu em uma discuss\u00e3o com um homem de identidade desconhecida, que acabou lhe atingindo com um golpe no bra\u00e7o esquerdo. PUBLICIDADE O jovem recebeu atendimento m\u00e9dico, foi medicado e liberado em seguida. PUBLICIDADE A v\u00edtima foi orientada pela pol\u00edcia a registrar ocorr\u00eancia na Delegacia Territorial para que o caso seja investigado. At\u00e9 o momento, o autor da agress\u00e3o n\u00e3o foi localizado. Reda\u00e7\u00e3o<\/p>\n","protected":false},"author":3,"featured_media":8964,"comment_status":"open","ping_status":"open","sticky":false,"template":"","format":"standard","meta":{"_joinchat":[],"footnotes":""},"categories":[55,67,59],"tags":[],"class_list":["post-10828","post","type-post","status-publish","format-standard","has-post-thumbnail","hentry","category-destaques","category-policia","category-ultimas-noticias"],"yoast_head":"<!-- This site is optimized with the Yoast SEO plugin v24.4 - https:\/\/yoast.com\/wordpress\/plugins\/seo\/ -->\n<title>Homem \u00e9 ferido com golpe de faca ap\u00f3s discuss\u00e3o em pra\u00e7a de Concei\u00e7\u00e3o do Coit\u00e9 - Portal raizes noticias<\/title>\n<meta name=\"robots\" content=\"index, follow, max-snippet:-1, max-image-preview:large, max-video-preview:-1\" \/>\n<link rel=\"canonical\" href=\"https:\/\/portalraizesnoticias.com.br\/?p=10828\" \/>\n<meta property=\"og:locale\" content=\"pt_BR\" \/>\n<meta property=\"og:type\" content=\"article\" \/>\n<meta property=\"og:title\" content=\"Homem \u00e9 ferido com golpe de faca ap\u00f3s discuss\u00e3o em pra\u00e7a de Concei\u00e7\u00e3o do Coit\u00e9 - Portal raizes noticias\" \/>\n<meta property=\"og:description\" content=\"Um homem foi v\u00edtima de agress\u00e3o com arma branca na madrugada deste s\u00e1bado (8), por volta de 00h40, na Pra\u00e7a do povoado Boa Vista, zona rural de Concei\u00e7\u00e3o do Coit\u00e9. PUBLICIDADE Segundo informa\u00e7\u00f5es da Pol\u00edcia Militar, a guarni\u00e7\u00e3o foi acionada pelo Hospital Portugu\u00eas ap\u00f3s a entrada de um paciente com ferimento provocado por faca. No local, os policiais conversaram com a v\u00edtima de 24 anos, morador do Povoado de Goibeira. PUBLICIDADE Ele relatou aos policiais que estava ingerindo bebida alco\u00f3lica quando se envolveu em uma discuss\u00e3o com um homem de identidade desconhecida, que acabou lhe atingindo com um golpe no bra\u00e7o esquerdo. PUBLICIDADE O jovem recebeu atendimento m\u00e9dico, foi medicado e liberado em seguida. PUBLICIDADE A v\u00edtima foi orientada pela pol\u00edcia a registrar ocorr\u00eancia na Delegacia Territorial para que o caso seja investigado. At\u00e9 o momento, o autor da agress\u00e3o n\u00e3o foi localizado. Reda\u00e7\u00e3o\" \/>\n<meta property=\"og:url\" content=\"https:\/\/portalraizesnoticias.com.br\/?p=10828\" \/>\n<meta property=\"og:site_name\" content=\"Portal raizes noticias\" \/>\n<meta property=\"article:published_time\" content=\"2026-02-07T13:16:40+00:00\" \/>\n<meta property=\"article:modified_time\" content=\"2026-02-07T15:47:05+00:00\" \/>\n<meta property=\"og:image\" content=\"https:\/\/portalraizesnoticias.com.br\/wp-content\/uploads\/2025\/10\/faca_de_cozinha_7_cabo_de_madeira_sq_3106_3439_1_f3113cdae058070d667f5fb17310895e.jpg\" \/>\n\t<meta property=\"og:image:width\" content=\"500\" \/>\n\t<meta property=\"og:image:height\" content=\"500\" \/>\n\t<meta property=\"og:image:type\" content=\"image\/jpeg\" \/>\n<meta name=\"author\" content=\"Portal Raizes\" \/>\n<meta name=\"twitter:card\" content=\"summary_large_image\" \/>\n<meta name=\"twitter:label1\" content=\"Escrito por\" \/>\n\t<meta name=\"twitter:data1\" content=\"Portal Raizes\" \/>\n\t<meta name=\"twitter:label2\" content=\"Est. tempo de leitura\" \/>\n\t<meta name=\"twitter:data2\" content=\"2 minutos\" \/>\n<script type=\"application\/ld+json\" class=\"yoast-schema-graph\">{\"@context\":\"https:\/\/schema.org\",\"@graph\":[{\"@type\":\"Article\",\"@id\":\"https:\/\/portalraizesnoticias.com.br\/?p=10828#article\",\"isPartOf\":{\"@id\":\"https:\/\/portalraizesnoticias.com.br\/?p=10828\"},\"author\":{\"name\":\"Portal Raizes\",\"@id\":\"https:\/\/portalraizesnoticias.com.br\/#\/schema\/person\/a3ca6b0fc701e78df19756c417d943ae\"},\"headline\":\"Homem \u00e9 ferido com golpe de faca ap\u00f3s discuss\u00e3o em pra\u00e7a de Concei\u00e7\u00e3o do Coit\u00e9\",\"datePublished\":\"2026-02-07T13:16:40+00:00\",\"dateModified\":\"2026-02-07T15:47:05+00:00\",\"mainEntityOfPage\":{\"@id\":\"https:\/\/portalraizesnoticias.com.br\/?p=10828\"},\"wordCount\":181,\"commentCount\":0,\"publisher\":{\"@id\":\"https:\/\/portalraizesnoticias.com.br\/#organization\"},\"image\":{\"@id\":\"https:\/\/portalraizesnoticias.com.br\/?p=10828#primaryimage\"},\"thumbnailUrl\":\"https:\/\/portalraizesnoticias.com.br\/wp-content\/uploads\/2025\/10\/faca_de_cozinha_7_cabo_de_madeira_sq_3106_3439_1_f3113cdae058070d667f5fb17310895e.jpg\",\"articleSection\":[\"DESTAQUES\",\"POLICIA\",\"ULTIMAS NOTICIAS\"],\"inLanguage\":\"pt-BR\",\"potentialAction\":[{\"@type\":\"CommentAction\",\"name\":\"Comment\",\"target\":[\"https:\/\/portalraizesnoticias.com.br\/?p=10828#respond\"]}]},{\"@type\":\"WebPage\",\"@id\":\"https:\/\/portalraizesnoticias.com.br\/?p=10828\",\"url\":\"https:\/\/portalraizesnoticias.com.br\/?p=10828\",\"name\":\"Homem \u00e9 ferido com golpe de faca ap\u00f3s discuss\u00e3o em pra\u00e7a de Concei\u00e7\u00e3o do Coit\u00e9 - Portal raizes noticias\",\"isPartOf\":{\"@id\":\"https:\/\/portalraizesnoticias.com.br\/#website\"},\"primaryImageOfPage\":{\"@id\":\"https:\/\/portalraizesnoticias.com.br\/?p=10828#primaryimage\"},\"image\":{\"@id\":\"https:\/\/portalraizesnoticias.com.br\/?p=10828#primaryimage\"},\"thumbnailUrl\":\"https:\/\/portalraizesnoticias.com.br\/wp-content\/uploads\/2025\/10\/faca_de_cozinha_7_cabo_de_madeira_sq_3106_3439_1_f3113cdae058070d667f5fb17310895e.jpg\",\"datePublished\":\"2026-02-07T13:16:40+00:00\",\"dateModified\":\"2026-02-07T15:47:05+00:00\",\"breadcrumb\":{\"@id\":\"https:\/\/portalraizesnoticias.com.br\/?p=10828#breadcrumb\"},\"inLanguage\":\"pt-BR\",\"potentialAction\":[{\"@type\":\"ReadAction\",\"target\":[\"https:\/\/portalraizesnoticias.com.br\/?p=10828\"]}]},{\"@type\":\"ImageObject\",\"inLanguage\":\"pt-BR\",\"@id\":\"https:\/\/portalraizesnoticias.com.br\/?p=10828#primaryimage\",\"url\":\"https:\/\/portalraizesnoticias.com.br\/wp-content\/uploads\/2025\/10\/faca_de_cozinha_7_cabo_de_madeira_sq_3106_3439_1_f3113cdae058070d667f5fb17310895e.jpg\",\"contentUrl\":\"https:\/\/portalraizesnoticias.com.br\/wp-content\/uploads\/2025\/10\/faca_de_cozinha_7_cabo_de_madeira_sq_3106_3439_1_f3113cdae058070d667f5fb17310895e.jpg\",\"width\":500,\"height\":500},{\"@type\":\"BreadcrumbList\",\"@id\":\"https:\/\/portalraizesnoticias.com.br\/?p=10828#breadcrumb\",\"itemListElement\":[{\"@type\":\"ListItem\",\"position\":1,\"name\":\"In\u00edcio\",\"item\":\"https:\/\/portalraizesnoticias.com.br\/\"},{\"@type\":\"ListItem\",\"position\":2,\"name\":\"Homem \u00e9 ferido com golpe de faca ap\u00f3s discuss\u00e3o em pra\u00e7a de Concei\u00e7\u00e3o do Coit\u00e9\"}]},{\"@type\":\"WebSite\",\"@id\":\"https:\/\/portalraizesnoticias.com.br\/#website\",\"url\":\"https:\/\/portalraizesnoticias.com.br\/\",\"name\":\"Portal raizes NOTICIAS\",\"description\":\"site de noticias de concei\u00e7\u00e3o do coit\u00e9 e regi\u00e3o\",\"publisher\":{\"@id\":\"https:\/\/portalraizesnoticias.com.br\/#organization\"},\"alternateName\":\"PORTAL RAIZES COIT\u00c9\",\"potentialAction\":[{\"@type\":\"SearchAction\",\"target\":{\"@type\":\"EntryPoint\",\"urlTemplate\":\"https:\/\/portalraizesnoticias.com.br\/?s={search_term_string}\"},\"query-input\":{\"@type\":\"PropertyValueSpecification\",\"valueRequired\":true,\"valueName\":\"search_term_string\"}}],\"inLanguage\":\"pt-BR\"},{\"@type\":\"Organization\",\"@id\":\"https:\/\/portalraizesnoticias.com.br\/#organization\",\"name\":\"Portal raizes NOTICIAS\",\"url\":\"https:\/\/portalraizesnoticias.com.br\/\",\"logo\":{\"@type\":\"ImageObject\",\"inLanguage\":\"pt-BR\",\"@id\":\"https:\/\/portalraizesnoticias.com.br\/#\/schema\/logo\/image\/\",\"url\":\"https:\/\/portalraizesnoticias.com.br\/wp-content\/uploads\/2024\/09\/cropped-Captura-de-tela-2024-09-08-011108.png\",\"contentUrl\":\"https:\/\/portalraizesnoticias.com.br\/wp-content\/uploads\/2024\/09\/cropped-Captura-de-tela-2024-09-08-011108.png\",\"width\":606,\"height\":173,\"caption\":\"Portal raizes NOTICIAS\"},\"image\":{\"@id\":\"https:\/\/portalraizesnoticias.com.br\/#\/schema\/logo\/image\/\"}},{\"@type\":\"Person\",\"@id\":\"https:\/\/portalraizesnoticias.com.br\/#\/schema\/person\/a3ca6b0fc701e78df19756c417d943ae\",\"name\":\"Portal Raizes\",\"image\":{\"@type\":\"ImageObject\",\"inLanguage\":\"pt-BR\",\"@id\":\"https:\/\/portalraizesnoticias.com.br\/#\/schema\/person\/image\/\",\"url\":\"https:\/\/secure.gravatar.com\/avatar\/ef450d29013a3d3fba867a12a249d7b1?s=96&d=mm&r=g\",\"contentUrl\":\"https:\/\/secure.gravatar.com\/avatar\/ef450d29013a3d3fba867a12a249d7b1?s=96&d=mm&r=g\",\"caption\":\"Portal Raizes\"},\"url\":\"https:\/\/portalraizesnoticias.com.br\/?author=3\"}]}<\/script>\n<!-- \/ Yoast SEO plugin. -->","yoast_head_json":{"title":"Homem \u00e9 ferido com golpe de faca ap\u00f3s discuss\u00e3o em pra\u00e7a de Concei\u00e7\u00e3o do Coit\u00e9 - Portal raizes noticias","robots":{"index":"index","follow":"follow","max-snippet":"max-snippet:-1","max-image-preview":"max-image-preview:large","max-video-preview":"max-video-preview:-1"},"canonical":"https:\/\/portalraizesnoticias.com.br\/?p=10828","og_locale":"pt_BR","og_type":"article","og_title":"Homem \u00e9 ferido com golpe de faca ap\u00f3s discuss\u00e3o em pra\u00e7a de Concei\u00e7\u00e3o do Coit\u00e9 - Portal raizes noticias","og_description":"Um homem foi v\u00edtima de agress\u00e3o com arma branca na madrugada deste s\u00e1bado (8), por volta de 00h40, na Pra\u00e7a do povoado Boa Vista, zona rural de Concei\u00e7\u00e3o do Coit\u00e9. PUBLICIDADE Segundo informa\u00e7\u00f5es da Pol\u00edcia Militar, a guarni\u00e7\u00e3o foi acionada pelo Hospital Portugu\u00eas ap\u00f3s a entrada de um paciente com ferimento provocado por faca. No local, os policiais conversaram com a v\u00edtima de 24 anos, morador do Povoado de Goibeira. PUBLICIDADE Ele relatou aos policiais que estava ingerindo bebida alco\u00f3lica quando se envolveu em uma discuss\u00e3o com um homem de identidade desconhecida, que acabou lhe atingindo com um golpe no bra\u00e7o esquerdo. PUBLICIDADE O jovem recebeu atendimento m\u00e9dico, foi medicado e liberado em seguida. PUBLICIDADE A v\u00edtima foi orientada pela pol\u00edcia a registrar ocorr\u00eancia na Delegacia Territorial para que o caso seja investigado. At\u00e9 o momento, o autor da agress\u00e3o n\u00e3o foi localizado. Reda\u00e7\u00e3o","og_url":"https:\/\/portalraizesnoticias.com.br\/?p=10828","og_site_name":"Portal raizes noticias","article_published_time":"2026-02-07T13:16:40+00:00","article_modified_time":"2026-02-07T15:47:05+00:00","og_image":[{"width":500,"height":500,"url":"https:\/\/portalraizesnoticias.com.br\/wp-content\/uploads\/2025\/10\/faca_de_cozinha_7_cabo_de_madeira_sq_3106_3439_1_f3113cdae058070d667f5fb17310895e.jpg","type":"image\/jpeg"}],"author":"Portal Raizes","twitter_card":"summary_large_image","twitter_misc":{"Escrito por":"Portal Raizes","Est. tempo de leitura":"2 minutos"},"schema":{"@context":"https:\/\/schema.org","@graph":[{"@type":"Article","@id":"https:\/\/portalraizesnoticias.com.br\/?p=10828#article","isPartOf":{"@id":"https:\/\/portalraizesnoticias.com.br\/?p=10828"},"author":{"name":"Portal Raizes","@id":"https:\/\/portalraizesnoticias.com.br\/#\/schema\/person\/a3ca6b0fc701e78df19756c417d943ae"},"headline":"Homem \u00e9 ferido com golpe de faca ap\u00f3s discuss\u00e3o em pra\u00e7a de Concei\u00e7\u00e3o do Coit\u00e9","datePublished":"2026-02-07T13:16:40+00:00","dateModified":"2026-02-07T15:47:05+00:00","mainEntityOfPage":{"@id":"https:\/\/portalraizesnoticias.com.br\/?p=10828"},"wordCount":181,"commentCount":0,"publisher":{"@id":"https:\/\/portalraizesnoticias.com.br\/#organization"},"image":{"@id":"https:\/\/portalraizesnoticias.com.br\/?p=10828#primaryimage"},"thumbnailUrl":"https:\/\/portalraizesnoticias.com.br\/wp-content\/uploads\/2025\/10\/faca_de_cozinha_7_cabo_de_madeira_sq_3106_3439_1_f3113cdae058070d667f5fb17310895e.jpg","articleSection":["DESTAQUES","POLICIA","ULTIMAS NOTICIAS"],"inLanguage":"pt-BR","potentialAction":[{"@type":"CommentAction","name":"Comment","target":["https:\/\/portalraizesnoticias.com.br\/?p=10828#respond"]}]},{"@type":"WebPage","@id":"https:\/\/portalraizesnoticias.com.br\/?p=10828","url":"https:\/\/portalraizesnoticias.com.br\/?p=10828","name":"Homem \u00e9 ferido com golpe de faca ap\u00f3s discuss\u00e3o em pra\u00e7a de Concei\u00e7\u00e3o do Coit\u00e9 - Portal raizes noticias","isPartOf":{"@id":"https:\/\/portalraizesnoticias.com.br\/#website"},"primaryImageOfPage":{"@id":"https:\/\/portalraizesnoticias.com.br\/?p=10828#primaryimage"},"image":{"@id":"https:\/\/portalraizesnoticias.com.br\/?p=10828#primaryimage"},"thumbnailUrl":"https:\/\/portalraizesnoticias.com.br\/wp-content\/uploads\/2025\/10\/faca_de_cozinha_7_cabo_de_madeira_sq_3106_3439_1_f3113cdae058070d667f5fb17310895e.jpg","datePublished":"2026-02-07T13:16:40+00:00","dateModified":"2026-02-07T15:47:05+00:00","breadcrumb":{"@id":"https:\/\/portalraizesnoticias.com.br\/?p=10828#breadcrumb"},"inLanguage":"pt-BR","potentialAction":[{"@type":"ReadAction","target":["https:\/\/portalraizesnoticias.com.br\/?p=10828"]}]},{"@type":"ImageObject","inLanguage":"pt-BR","@id":"https:\/\/portalraizesnoticias.com.br\/?p=10828#primaryimage","url":"https:\/\/portalraizesnoticias.com.br\/wp-content\/uploads\/2025\/10\/faca_de_cozinha_7_cabo_de_madeira_sq_3106_3439_1_f3113cdae058070d667f5fb17310895e.jpg","contentUrl":"https:\/\/portalraizesnoticias.com.br\/wp-content\/uploads\/2025\/10\/faca_de_cozinha_7_cabo_de_madeira_sq_3106_3439_1_f3113cdae058070d667f5fb17310895e.jpg","width":500,"height":500},{"@type":"BreadcrumbList","@id":"https:\/\/portalraizesnoticias.com.br\/?p=10828#breadcrumb","itemListElement":[{"@type":"ListItem","position":1,"name":"In\u00edcio","item":"https:\/\/portalraizesnoticias.com.br\/"},{"@type":"ListItem","position":2,"name":"Homem \u00e9 ferido com golpe de faca ap\u00f3s discuss\u00e3o em pra\u00e7a de Concei\u00e7\u00e3o do Coit\u00e9"}]},{"@type":"WebSite","@id":"https:\/\/portalraizesnoticias.com.br\/#website","url":"https:\/\/portalraizesnoticias.com.br\/","name":"Portal raizes NOTICIAS","description":"site de noticias de concei\u00e7\u00e3o do coit\u00e9 e regi\u00e3o","publisher":{"@id":"https:\/\/portalraizesnoticias.com.br\/#organization"},"alternateName":"PORTAL RAIZES COIT\u00c9","potentialAction":[{"@type":"SearchAction","target":{"@type":"EntryPoint","urlTemplate":"https:\/\/portalraizesnoticias.com.br\/?s={search_term_string}"},"query-input":{"@type":"PropertyValueSpecification","valueRequired":true,"valueName":"search_term_string"}}],"inLanguage":"pt-BR"},{"@type":"Organization","@id":"https:\/\/portalraizesnoticias.com.br\/#organization","name":"Portal raizes NOTICIAS","url":"https:\/\/portalraizesnoticias.com.br\/","logo":{"@type":"ImageObject","inLanguage":"pt-BR","@id":"https:\/\/portalraizesnoticias.com.br\/#\/schema\/logo\/image\/","url":"https:\/\/portalraizesnoticias.com.br\/wp-content\/uploads\/2024\/09\/cropped-Captura-de-tela-2024-09-08-011108.png","contentUrl":"https:\/\/portalraizesnoticias.com.br\/wp-content\/uploads\/2024\/09\/cropped-Captura-de-tela-2024-09-08-011108.png","width":606,"height":173,"caption":"Portal raizes NOTICIAS"},"image":{"@id":"https:\/\/portalraizesnoticias.com.br\/#\/schema\/logo\/image\/"}},{"@type":"Person","@id":"https:\/\/portalraizesnoticias.com.br\/#\/schema\/person\/a3ca6b0fc701e78df19756c417d943ae","name":"Portal Raizes","image":{"@type":"ImageObject","inLanguage":"pt-BR","@id":"https:\/\/portalraizesnoticias.com.br\/#\/schema\/person\/image\/","url":"https:\/\/secure.gravatar.com\/avatar\/ef450d29013a3d3fba867a12a249d7b1?s=96&d=mm&r=g","contentUrl":"https:\/\/secure.gravatar.com\/avatar\/ef450d29013a3d3fba867a12a249d7b1?s=96&d=mm&r=g","caption":"Portal Raizes"},"url":"https:\/\/portalraizesnoticias.com.br\/?author=3"}]}},"_links":{"self":[{"href":"https:\/\/portalraizesnoticias.com.br\/index.php?rest_route=\/wp\/v2\/posts\/10828"}],"collection":[{"href":"https:\/\/portalraizesnoticias.com.br\/index.php?rest_route=\/wp\/v2\/posts"}],"about":[{"href":"https:\/\/portalraizesnoticias.com.br\/index.php?rest_route=\/wp\/v2\/types\/post"}],"author":[{"embeddable":true,"href":"https:\/\/portalraizesnoticias.com.br\/index.php?rest_route=\/wp\/v2\/users\/3"}],"replies":[{"embeddable":true,"href":"https:\/\/portalraizesnoticias.com.br\/index.php?rest_route=%2Fwp%2Fv2%2Fcomments&post=10828"}],"version-history":[{"count":4,"href":"https:\/\/portalraizesnoticias.com.br\/index.php?rest_route=\/wp\/v2\/posts\/10828\/revisions"}],"predecessor-version":[{"id":10836,"href":"https:\/\/portalraizesnoticias.com.br\/index.php?rest_route=\/wp\/v2\/posts\/10828\/revisions\/10836"}],"wp:featuredmedia":[{"embeddable":true,"href":"https:\/\/portalraizesnoticias.com.br\/index.php?rest_route=\/wp\/v2\/media\/8964"}],"wp:attachment":[{"href":"https:\/\/portalraizesnoticias.com.br\/index.php?rest_route=%2Fwp%2Fv2%2Fmedia&parent=10828"}],"wp:term":[{"taxonomy":"category","embeddable":true,"href":"https:\/\/portalraizesnoticias.com.br\/index.php?rest_route=%2Fwp%2Fv2%2Fcategories&post=10828"},{"taxonomy":"post_tag","embeddable":true,"href":"https:\/\/portalraizesnoticias.com.br\/index.php?rest_route=%2Fwp%2Fv2%2Ftags&post=10828"}],"curies":[{"name":"wp","href":"https:\/\/api.w.org\/{rel}","templated":true}]}}