{"id":10803,"date":"2026-02-06T19:29:48","date_gmt":"2026-02-06T22:29:48","guid":{"rendered":"https:\/\/portalraizesnoticias.com.br\/?p=10803"},"modified":"2026-02-06T19:29:49","modified_gmt":"2026-02-06T22:29:49","slug":"tj-ba-instala-mutirao-para-acelerar-processos-em-conceicao-do-coite-com-participacao-de-11-juizes","status":"publish","type":"post","link":"https:\/\/portalraizesnoticias.com.br\/?p=10803","title":{"rendered":"TJ-BA instala mutir\u00e3o para acelerar processos em Concei\u00e7\u00e3o do Coit\u00e9 com participa\u00e7\u00e3o de 11 ju\u00edzes"},"content":{"rendered":"<p>O Tribunal de Justi\u00e7a da Bahia (TJ-BA), por meio do Ato Normativo n\u00ba 06, de 5 de fevereiro de 2026, instituiu uma equipe de esfor\u00e7o concentrado para promover o saneamento processual da Vara C\u00edvel da Comarca de Concei\u00e7\u00e3o do Coit\u00e9. A medida foi determinada pelo presidente do TJ-BA, desembargador Jos\u00e9 Edivaldo Rotondano Rocha, em conjunto com o corregedor-geral da Justi\u00e7a, desembargador Salom\u00e3o Resed\u00e1.<\/p>\n<p><strong>Os trabalhos do mutir\u00e3o ter\u00e3o in\u00edcio nesta segunda-feira (9), \u00e0s 9h, no sal\u00e3o do J\u00fari do F\u00f3rum Durval da Silva Pinto, com a presen\u00e7a do desembargador Salom\u00e3o Resed\u00e1 e sua equipe de assessoria. No mesmo dia, a partir das 14h, magistrados e servidores j\u00e1 estar\u00e3o de plant\u00e3o para atendimento ao p\u00fablico, prestando esclarecimentos sobre andamento de processos e demais d\u00favidas da comunidade.<\/strong><\/p>\n<p><strong>Equipe composta por 11 magistrados<\/strong><br \/>\n<strong>A for\u00e7a-tarefa contar\u00e1 com a atua\u00e7\u00e3o de 11 ju\u00edzes de diferentes comarcas da Bahia:<\/strong><\/p>\n<p><strong>Teomar Almeida de Oliveira \u2013 1\u00aa Vara dos Feitos Relativos \u00e0s Rela\u00e7\u00f5es de Consumo, C\u00edveis e Comerciais de Senhor do Bonfim;<\/strong><\/p>\n<p><strong>Tardelli Cerqueira Boaventura \u2013 Vara do Sistema dos Juizados Especiais de Senhor do Bonfim;<\/strong><\/p>\n<p><strong>J\u00falia Wanderley Lopes \u2013 Comarca de Mairi;<\/strong><br \/>\n<strong>Tha\u00eds de Carvalho Kronemberger \u2013 Comarca de Ituber\u00e1;<\/strong><\/p>\n<p><strong>Josemar Dias Cerqueira \u2013 14\u00aa Vara de Rela\u00e7\u00f5es de Consumo de Salvador;<\/strong><\/p>\n<p><strong>Leonardo Brito Piraj\u00e1 de Oliveira \u2013 Comarca de Castro Alves;<\/strong><\/p>\n<p><strong>Marcus Vinicius da Costa Paiva \u2013 Comarca de Capim Grosso;<\/strong><\/p>\n<p><strong>Jo\u00e3o Paulo da Silva Antal \u2013 Vara dos Feitos Relativos \u00e0s Rela\u00e7\u00f5es de Consumo, C\u00edveis e Comerciais de Gandu;<\/strong><\/p>\n<p><strong>Jos\u00e9 de Souza Brand\u00e3o Netto \u2013 Comarca de Araci;<\/strong><\/p>\n<p><strong>Bruno Borges Lima Damas \u2013 Vara dos Feitos Relativos \u00e0s Rela\u00e7\u00f5es de Consumo, C\u00edveis e Comerciais de Canavieiras;<\/strong><\/p>\n<p><strong>Patr\u00edcia Nogueira Rodrigues \u2013 1\u00aa Vara dos Feitos Relativos \u00e0s Rela\u00e7\u00f5es de Consumo, C\u00edveis e Comerciais de Itaberaba.<\/strong><\/p>\n<p><strong>Al\u00e9m dos magistrados, oito servidores refor\u00e7ar\u00e3o os trabalhos, somando-se ao quadro j\u00e1 existente na Vara C\u00edvel local.<\/strong><br \/>\n<strong>Novo juiz titular para a Vara C\u00edvel<\/strong><br \/>\n<strong>Paralelamente ao mutir\u00e3o, o TJ-BA designou o juiz Thiago Mattos de Matos para assumir exerc\u00edcio na Vara C\u00edvel de Concei\u00e7\u00e3o do Coit\u00e9. Ele permanecer\u00e1 na comarca ap\u00f3s o t\u00e9rmino do esfor\u00e7o concentrado, previsto para durar 90 dias. A posse do novo magistrado ocorrer\u00e1 durante a cerim\u00f4nia de instala\u00e7\u00e3o do mutir\u00e3o.<\/strong><\/p>\n<p><img fetchpriority=\"high\" decoding=\"async\" class=\"size-medium wp-image-10801 aligncenter\" src=\"https:\/\/portalraizesnoticias.com.br\/wp-content\/uploads\/2026\/02\/IMG-20260205-WA0612-300x268.jpg\" alt=\"\" width=\"300\" height=\"268\" srcset=\"https:\/\/portalraizesnoticias.com.br\/wp-content\/uploads\/2026\/02\/IMG-20260205-WA0612-300x268.jpg 300w, https:\/\/portalraizesnoticias.com.br\/wp-content\/uploads\/2026\/02\/IMG-20260205-WA0612.jpg 720w\" sizes=\"(max-width: 300px) 100vw, 300px\" \/><\/p>\n<p style=\"text-align: center;\"><strong>PUBLICIDADE<\/strong><\/p>\n<p>O juiz Gerivaldo Neiva, titular da Vara Criminal e \u00fanico magistrado em exerc\u00edcio na comarca at\u00e9 ent\u00e3o, destacou a relev\u00e2ncia da iniciativa.<br \/>\nSegundo ele, desde sua cria\u00e7\u00e3o a Vara C\u00edvel nunca contou com um juiz titular, o que contribuiu para o ac\u00famulo de processos ao longo dos anos.<\/p>\n<p>\u201cOs ju\u00edzes substitutos que passaram por aqui se empenharam muito, mas n\u00e3o foi poss\u00edvel sanear completamente a Vara. Com essa iniciativa da Corregedoria Geral da Justi\u00e7a e do desembargador Salom\u00e3o Resed\u00e1, acreditamos que a popula\u00e7\u00e3o ter\u00e1 maior celeridade e efetividade na presta\u00e7\u00e3o jurisdicional. Esse ato pode representar uma verdadeira virada de p\u00e1gina\u201d, afirmou.<\/p>\n<p><img decoding=\"async\" class=\"size-medium wp-image-8289 aligncenter\" src=\"https:\/\/portalraizesnoticias.com.br\/wp-content\/uploads\/2025\/09\/IMG-20250918-WA0124-300x300.jpg\" alt=\"\" width=\"300\" height=\"300\" srcset=\"https:\/\/portalraizesnoticias.com.br\/wp-content\/uploads\/2025\/09\/IMG-20250918-WA0124-300x300.jpg 300w, https:\/\/portalraizesnoticias.com.br\/wp-content\/uploads\/2025\/09\/IMG-20250918-WA0124-150x150.jpg 150w, https:\/\/portalraizesnoticias.com.br\/wp-content\/uploads\/2025\/09\/IMG-20250918-WA0124-768x768.jpg 768w, https:\/\/portalraizesnoticias.com.br\/wp-content\/uploads\/2025\/09\/IMG-20250918-WA0124.jpg 1000w\" sizes=\"(max-width: 300px) 100vw, 300px\" \/><\/p>\n<p style=\"text-align: center;\"><strong>PUBLICIDADE<\/strong><\/p>\n<p>O magistrado tamb\u00e9m refor\u00e7ou que todas as atividades ser\u00e3o realizadas no sal\u00e3o do J\u00fari do F\u00f3rum Durval da Silva Pinto e estar\u00e3o abertas ao p\u00fablico, destacando a import\u00e2ncia da participa\u00e7\u00e3o dos advogados atuantes na comarca.<\/p>\n<p>Ascom<\/p>\n<p>Foto: Calila Noticias<\/p>\n","protected":false},"excerpt":{"rendered":"<p>O Tribunal de Justi\u00e7a da Bahia (TJ-BA), por meio do Ato Normativo n\u00ba 06, de 5 de fevereiro de 2026, instituiu uma equipe de esfor\u00e7o concentrado para promover o saneamento processual da Vara C\u00edvel da Comarca de Concei\u00e7\u00e3o do Coit\u00e9. A medida foi determinada pelo presidente do TJ-BA, desembargador Jos\u00e9 Edivaldo Rotondano Rocha, em conjunto com o corregedor-geral da Justi\u00e7a, desembargador Salom\u00e3o Resed\u00e1. Os trabalhos do mutir\u00e3o ter\u00e3o in\u00edcio nesta segunda-feira (9), \u00e0s 9h, no sal\u00e3o do J\u00fari do F\u00f3rum Durval da Silva Pinto, com a presen\u00e7a do desembargador Salom\u00e3o Resed\u00e1 e sua equipe de assessoria. No mesmo dia, a partir das 14h, magistrados e servidores j\u00e1 estar\u00e3o de plant\u00e3o para atendimento ao p\u00fablico, prestando esclarecimentos sobre andamento de processos e demais d\u00favidas da comunidade. Equipe composta por 11 magistrados A for\u00e7a-tarefa contar\u00e1 com a atua\u00e7\u00e3o de 11 ju\u00edzes de diferentes comarcas da Bahia: Teomar Almeida de Oliveira \u2013 1\u00aa Vara dos Feitos Relativos \u00e0s Rela\u00e7\u00f5es de Consumo, C\u00edveis e Comerciais de Senhor do Bonfim; Tardelli Cerqueira Boaventura \u2013 Vara do Sistema dos Juizados Especiais de Senhor do Bonfim; J\u00falia Wanderley Lopes \u2013 Comarca de Mairi; Tha\u00eds de Carvalho Kronemberger \u2013 Comarca de Ituber\u00e1; Josemar Dias Cerqueira \u2013 14\u00aa Vara de Rela\u00e7\u00f5es de Consumo de Salvador; Leonardo Brito Piraj\u00e1 de Oliveira \u2013 Comarca de Castro Alves; Marcus Vinicius da Costa Paiva \u2013 Comarca de Capim Grosso; Jo\u00e3o Paulo da Silva Antal \u2013 Vara dos Feitos Relativos \u00e0s Rela\u00e7\u00f5es de Consumo, C\u00edveis e Comerciais de Gandu; Jos\u00e9 de Souza Brand\u00e3o Netto \u2013 Comarca de Araci; Bruno Borges Lima Damas \u2013 Vara dos Feitos Relativos \u00e0s Rela\u00e7\u00f5es de Consumo, C\u00edveis e Comerciais de Canavieiras; Patr\u00edcia Nogueira Rodrigues \u2013 1\u00aa Vara dos Feitos Relativos \u00e0s Rela\u00e7\u00f5es de Consumo, C\u00edveis e Comerciais de Itaberaba. Al\u00e9m dos magistrados, oito servidores refor\u00e7ar\u00e3o os trabalhos, somando-se ao quadro j\u00e1 existente na Vara C\u00edvel local. Novo juiz titular para a Vara C\u00edvel Paralelamente ao mutir\u00e3o, o TJ-BA designou o juiz Thiago Mattos de Matos para assumir exerc\u00edcio na Vara C\u00edvel de Concei\u00e7\u00e3o do Coit\u00e9. Ele permanecer\u00e1 na comarca ap\u00f3s o t\u00e9rmino do esfor\u00e7o concentrado, previsto para durar 90 dias. A posse do novo magistrado ocorrer\u00e1 durante a cerim\u00f4nia de instala\u00e7\u00e3o do mutir\u00e3o. PUBLICIDADE O juiz Gerivaldo Neiva, titular da Vara Criminal e \u00fanico magistrado em exerc\u00edcio na comarca at\u00e9 ent\u00e3o, destacou a relev\u00e2ncia da iniciativa. Segundo ele, desde sua cria\u00e7\u00e3o a Vara C\u00edvel nunca contou com um juiz titular, o que contribuiu para o ac\u00famulo de processos ao longo dos anos. \u201cOs ju\u00edzes substitutos que passaram por aqui se empenharam muito, mas n\u00e3o foi poss\u00edvel sanear completamente a Vara. Com essa iniciativa da Corregedoria Geral da Justi\u00e7a e do desembargador Salom\u00e3o Resed\u00e1, acreditamos que a popula\u00e7\u00e3o ter\u00e1 maior celeridade e efetividade na presta\u00e7\u00e3o jurisdicional. Esse ato pode representar uma verdadeira virada de p\u00e1gina\u201d, afirmou. PUBLICIDADE O magistrado tamb\u00e9m refor\u00e7ou que todas as atividades ser\u00e3o realizadas no sal\u00e3o do J\u00fari do F\u00f3rum Durval da Silva Pinto e estar\u00e3o abertas ao p\u00fablico, destacando a import\u00e2ncia da participa\u00e7\u00e3o dos advogados atuantes na comarca. Ascom Foto: Calila Noticias<\/p>\n","protected":false},"author":3,"featured_media":10821,"comment_status":"open","ping_status":"open","sticky":false,"template":"","format":"standard","meta":{"_joinchat":[],"footnotes":""},"categories":[55,59],"tags":[],"class_list":["post-10803","post","type-post","status-publish","format-standard","has-post-thumbnail","hentry","category-destaques","category-ultimas-noticias"],"yoast_head":"<!-- This site is optimized with the Yoast SEO plugin v24.4 - https:\/\/yoast.com\/wordpress\/plugins\/seo\/ -->\n<title>TJ-BA instala mutir\u00e3o para acelerar processos em Concei\u00e7\u00e3o do Coit\u00e9 com participa\u00e7\u00e3o de 11 ju\u00edzes - Portal raizes noticias<\/title>\n<meta name=\"robots\" content=\"index, follow, max-snippet:-1, max-image-preview:large, max-video-preview:-1\" \/>\n<link rel=\"canonical\" href=\"https:\/\/portalraizesnoticias.com.br\/?p=10803\" \/>\n<meta property=\"og:locale\" content=\"pt_BR\" \/>\n<meta property=\"og:type\" content=\"article\" \/>\n<meta property=\"og:title\" content=\"TJ-BA instala mutir\u00e3o para acelerar processos em Concei\u00e7\u00e3o do Coit\u00e9 com participa\u00e7\u00e3o de 11 ju\u00edzes - Portal raizes noticias\" \/>\n<meta property=\"og:description\" content=\"O Tribunal de Justi\u00e7a da Bahia (TJ-BA), por meio do Ato Normativo n\u00ba 06, de 5 de fevereiro de 2026, instituiu uma equipe de esfor\u00e7o concentrado para promover o saneamento processual da Vara C\u00edvel da Comarca de Concei\u00e7\u00e3o do Coit\u00e9. A medida foi determinada pelo presidente do TJ-BA, desembargador Jos\u00e9 Edivaldo Rotondano Rocha, em conjunto com o corregedor-geral da Justi\u00e7a, desembargador Salom\u00e3o Resed\u00e1. Os trabalhos do mutir\u00e3o ter\u00e3o in\u00edcio nesta segunda-feira (9), \u00e0s 9h, no sal\u00e3o do J\u00fari do F\u00f3rum Durval da Silva Pinto, com a presen\u00e7a do desembargador Salom\u00e3o Resed\u00e1 e sua equipe de assessoria. No mesmo dia, a partir das 14h, magistrados e servidores j\u00e1 estar\u00e3o de plant\u00e3o para atendimento ao p\u00fablico, prestando esclarecimentos sobre andamento de processos e demais d\u00favidas da comunidade. Equipe composta por 11 magistrados A for\u00e7a-tarefa contar\u00e1 com a atua\u00e7\u00e3o de 11 ju\u00edzes de diferentes comarcas da Bahia: Teomar Almeida de Oliveira \u2013 1\u00aa Vara dos Feitos Relativos \u00e0s Rela\u00e7\u00f5es de Consumo, C\u00edveis e Comerciais de Senhor do Bonfim; Tardelli Cerqueira Boaventura \u2013 Vara do Sistema dos Juizados Especiais de Senhor do Bonfim; J\u00falia Wanderley Lopes \u2013 Comarca de Mairi; Tha\u00eds de Carvalho Kronemberger \u2013 Comarca de Ituber\u00e1; Josemar Dias Cerqueira \u2013 14\u00aa Vara de Rela\u00e7\u00f5es de Consumo de Salvador; Leonardo Brito Piraj\u00e1 de Oliveira \u2013 Comarca de Castro Alves; Marcus Vinicius da Costa Paiva \u2013 Comarca de Capim Grosso; Jo\u00e3o Paulo da Silva Antal \u2013 Vara dos Feitos Relativos \u00e0s Rela\u00e7\u00f5es de Consumo, C\u00edveis e Comerciais de Gandu; Jos\u00e9 de Souza Brand\u00e3o Netto \u2013 Comarca de Araci; Bruno Borges Lima Damas \u2013 Vara dos Feitos Relativos \u00e0s Rela\u00e7\u00f5es de Consumo, C\u00edveis e Comerciais de Canavieiras; Patr\u00edcia Nogueira Rodrigues \u2013 1\u00aa Vara dos Feitos Relativos \u00e0s Rela\u00e7\u00f5es de Consumo, C\u00edveis e Comerciais de Itaberaba. Al\u00e9m dos magistrados, oito servidores refor\u00e7ar\u00e3o os trabalhos, somando-se ao quadro j\u00e1 existente na Vara C\u00edvel local. Novo juiz titular para a Vara C\u00edvel Paralelamente ao mutir\u00e3o, o TJ-BA designou o juiz Thiago Mattos de Matos para assumir exerc\u00edcio na Vara C\u00edvel de Concei\u00e7\u00e3o do Coit\u00e9. Ele permanecer\u00e1 na comarca ap\u00f3s o t\u00e9rmino do esfor\u00e7o concentrado, previsto para durar 90 dias. A posse do novo magistrado ocorrer\u00e1 durante a cerim\u00f4nia de instala\u00e7\u00e3o do mutir\u00e3o. PUBLICIDADE O juiz Gerivaldo Neiva, titular da Vara Criminal e \u00fanico magistrado em exerc\u00edcio na comarca at\u00e9 ent\u00e3o, destacou a relev\u00e2ncia da iniciativa. Segundo ele, desde sua cria\u00e7\u00e3o a Vara C\u00edvel nunca contou com um juiz titular, o que contribuiu para o ac\u00famulo de processos ao longo dos anos. \u201cOs ju\u00edzes substitutos que passaram por aqui se empenharam muito, mas n\u00e3o foi poss\u00edvel sanear completamente a Vara. Com essa iniciativa da Corregedoria Geral da Justi\u00e7a e do desembargador Salom\u00e3o Resed\u00e1, acreditamos que a popula\u00e7\u00e3o ter\u00e1 maior celeridade e efetividade na presta\u00e7\u00e3o jurisdicional. Esse ato pode representar uma verdadeira virada de p\u00e1gina\u201d, afirmou. PUBLICIDADE O magistrado tamb\u00e9m refor\u00e7ou que todas as atividades ser\u00e3o realizadas no sal\u00e3o do J\u00fari do F\u00f3rum Durval da Silva Pinto e estar\u00e3o abertas ao p\u00fablico, destacando a import\u00e2ncia da participa\u00e7\u00e3o dos advogados atuantes na comarca. Ascom Foto: Calila Noticias\" \/>\n<meta property=\"og:url\" content=\"https:\/\/portalraizesnoticias.com.br\/?p=10803\" \/>\n<meta property=\"og:site_name\" content=\"Portal raizes noticias\" \/>\n<meta property=\"article:published_time\" content=\"2026-02-06T22:29:48+00:00\" \/>\n<meta property=\"article:modified_time\" content=\"2026-02-06T22:29:49+00:00\" \/>\n<meta property=\"og:image\" content=\"https:\/\/portalraizesnoticias.com.br\/wp-content\/uploads\/2026\/02\/IMG_3301-1.jpg\" \/>\n\t<meta property=\"og:image:width\" content=\"700\" \/>\n\t<meta property=\"og:image:height\" content=\"467\" \/>\n\t<meta property=\"og:image:type\" content=\"image\/jpeg\" \/>\n<meta name=\"author\" content=\"Portal Raizes\" \/>\n<meta name=\"twitter:card\" content=\"summary_large_image\" \/>\n<meta name=\"twitter:label1\" content=\"Escrito por\" \/>\n\t<meta name=\"twitter:data1\" content=\"Portal Raizes\" \/>\n\t<meta name=\"twitter:label2\" content=\"Est. tempo de leitura\" \/>\n\t<meta name=\"twitter:data2\" content=\"4 minutos\" \/>\n<script type=\"application\/ld+json\" class=\"yoast-schema-graph\">{\"@context\":\"https:\/\/schema.org\",\"@graph\":[{\"@type\":\"Article\",\"@id\":\"https:\/\/portalraizesnoticias.com.br\/?p=10803#article\",\"isPartOf\":{\"@id\":\"https:\/\/portalraizesnoticias.com.br\/?p=10803\"},\"author\":{\"name\":\"Portal Raizes\",\"@id\":\"https:\/\/portalraizesnoticias.com.br\/#\/schema\/person\/a3ca6b0fc701e78df19756c417d943ae\"},\"headline\":\"TJ-BA instala mutir\u00e3o para acelerar processos em Concei\u00e7\u00e3o do Coit\u00e9 com participa\u00e7\u00e3o de 11 ju\u00edzes\",\"datePublished\":\"2026-02-06T22:29:48+00:00\",\"dateModified\":\"2026-02-06T22:29:49+00:00\",\"mainEntityOfPage\":{\"@id\":\"https:\/\/portalraizesnoticias.com.br\/?p=10803\"},\"wordCount\":577,\"commentCount\":0,\"publisher\":{\"@id\":\"https:\/\/portalraizesnoticias.com.br\/#organization\"},\"image\":{\"@id\":\"https:\/\/portalraizesnoticias.com.br\/?p=10803#primaryimage\"},\"thumbnailUrl\":\"https:\/\/portalraizesnoticias.com.br\/wp-content\/uploads\/2026\/02\/IMG_3301-1.jpg\",\"articleSection\":[\"DESTAQUES\",\"ULTIMAS NOTICIAS\"],\"inLanguage\":\"pt-BR\",\"potentialAction\":[{\"@type\":\"CommentAction\",\"name\":\"Comment\",\"target\":[\"https:\/\/portalraizesnoticias.com.br\/?p=10803#respond\"]}]},{\"@type\":\"WebPage\",\"@id\":\"https:\/\/portalraizesnoticias.com.br\/?p=10803\",\"url\":\"https:\/\/portalraizesnoticias.com.br\/?p=10803\",\"name\":\"TJ-BA instala mutir\u00e3o para acelerar processos em Concei\u00e7\u00e3o do Coit\u00e9 com participa\u00e7\u00e3o de 11 ju\u00edzes - Portal raizes noticias\",\"isPartOf\":{\"@id\":\"https:\/\/portalraizesnoticias.com.br\/#website\"},\"primaryImageOfPage\":{\"@id\":\"https:\/\/portalraizesnoticias.com.br\/?p=10803#primaryimage\"},\"image\":{\"@id\":\"https:\/\/portalraizesnoticias.com.br\/?p=10803#primaryimage\"},\"thumbnailUrl\":\"https:\/\/portalraizesnoticias.com.br\/wp-content\/uploads\/2026\/02\/IMG_3301-1.jpg\",\"datePublished\":\"2026-02-06T22:29:48+00:00\",\"dateModified\":\"2026-02-06T22:29:49+00:00\",\"breadcrumb\":{\"@id\":\"https:\/\/portalraizesnoticias.com.br\/?p=10803#breadcrumb\"},\"inLanguage\":\"pt-BR\",\"potentialAction\":[{\"@type\":\"ReadAction\",\"target\":[\"https:\/\/portalraizesnoticias.com.br\/?p=10803\"]}]},{\"@type\":\"ImageObject\",\"inLanguage\":\"pt-BR\",\"@id\":\"https:\/\/portalraizesnoticias.com.br\/?p=10803#primaryimage\",\"url\":\"https:\/\/portalraizesnoticias.com.br\/wp-content\/uploads\/2026\/02\/IMG_3301-1.jpg\",\"contentUrl\":\"https:\/\/portalraizesnoticias.com.br\/wp-content\/uploads\/2026\/02\/IMG_3301-1.jpg\",\"width\":700,\"height\":467},{\"@type\":\"BreadcrumbList\",\"@id\":\"https:\/\/portalraizesnoticias.com.br\/?p=10803#breadcrumb\",\"itemListElement\":[{\"@type\":\"ListItem\",\"position\":1,\"name\":\"In\u00edcio\",\"item\":\"https:\/\/portalraizesnoticias.com.br\/\"},{\"@type\":\"ListItem\",\"position\":2,\"name\":\"TJ-BA instala mutir\u00e3o para acelerar processos em Concei\u00e7\u00e3o do Coit\u00e9 com participa\u00e7\u00e3o de 11 ju\u00edzes\"}]},{\"@type\":\"WebSite\",\"@id\":\"https:\/\/portalraizesnoticias.com.br\/#website\",\"url\":\"https:\/\/portalraizesnoticias.com.br\/\",\"name\":\"Portal raizes NOTICIAS\",\"description\":\"site de noticias de concei\u00e7\u00e3o do coit\u00e9 e regi\u00e3o\",\"publisher\":{\"@id\":\"https:\/\/portalraizesnoticias.com.br\/#organization\"},\"alternateName\":\"PORTAL RAIZES COIT\u00c9\",\"potentialAction\":[{\"@type\":\"SearchAction\",\"target\":{\"@type\":\"EntryPoint\",\"urlTemplate\":\"https:\/\/portalraizesnoticias.com.br\/?s={search_term_string}\"},\"query-input\":{\"@type\":\"PropertyValueSpecification\",\"valueRequired\":true,\"valueName\":\"search_term_string\"}}],\"inLanguage\":\"pt-BR\"},{\"@type\":\"Organization\",\"@id\":\"https:\/\/portalraizesnoticias.com.br\/#organization\",\"name\":\"Portal raizes NOTICIAS\",\"url\":\"https:\/\/portalraizesnoticias.com.br\/\",\"logo\":{\"@type\":\"ImageObject\",\"inLanguage\":\"pt-BR\",\"@id\":\"https:\/\/portalraizesnoticias.com.br\/#\/schema\/logo\/image\/\",\"url\":\"https:\/\/portalraizesnoticias.com.br\/wp-content\/uploads\/2024\/09\/cropped-Captura-de-tela-2024-09-08-011108.png\",\"contentUrl\":\"https:\/\/portalraizesnoticias.com.br\/wp-content\/uploads\/2024\/09\/cropped-Captura-de-tela-2024-09-08-011108.png\",\"width\":606,\"height\":173,\"caption\":\"Portal raizes NOTICIAS\"},\"image\":{\"@id\":\"https:\/\/portalraizesnoticias.com.br\/#\/schema\/logo\/image\/\"}},{\"@type\":\"Person\",\"@id\":\"https:\/\/portalraizesnoticias.com.br\/#\/schema\/person\/a3ca6b0fc701e78df19756c417d943ae\",\"name\":\"Portal Raizes\",\"image\":{\"@type\":\"ImageObject\",\"inLanguage\":\"pt-BR\",\"@id\":\"https:\/\/portalraizesnoticias.com.br\/#\/schema\/person\/image\/\",\"url\":\"https:\/\/secure.gravatar.com\/avatar\/ef450d29013a3d3fba867a12a249d7b1?s=96&d=mm&r=g\",\"contentUrl\":\"https:\/\/secure.gravatar.com\/avatar\/ef450d29013a3d3fba867a12a249d7b1?s=96&d=mm&r=g\",\"caption\":\"Portal Raizes\"},\"url\":\"https:\/\/portalraizesnoticias.com.br\/?author=3\"}]}<\/script>\n<!-- \/ Yoast SEO plugin. -->","yoast_head_json":{"title":"TJ-BA instala mutir\u00e3o para acelerar processos em Concei\u00e7\u00e3o do Coit\u00e9 com participa\u00e7\u00e3o de 11 ju\u00edzes - Portal raizes noticias","robots":{"index":"index","follow":"follow","max-snippet":"max-snippet:-1","max-image-preview":"max-image-preview:large","max-video-preview":"max-video-preview:-1"},"canonical":"https:\/\/portalraizesnoticias.com.br\/?p=10803","og_locale":"pt_BR","og_type":"article","og_title":"TJ-BA instala mutir\u00e3o para acelerar processos em Concei\u00e7\u00e3o do Coit\u00e9 com participa\u00e7\u00e3o de 11 ju\u00edzes - Portal raizes noticias","og_description":"O Tribunal de Justi\u00e7a da Bahia (TJ-BA), por meio do Ato Normativo n\u00ba 06, de 5 de fevereiro de 2026, instituiu uma equipe de esfor\u00e7o concentrado para promover o saneamento processual da Vara C\u00edvel da Comarca de Concei\u00e7\u00e3o do Coit\u00e9. A medida foi determinada pelo presidente do TJ-BA, desembargador Jos\u00e9 Edivaldo Rotondano Rocha, em conjunto com o corregedor-geral da Justi\u00e7a, desembargador Salom\u00e3o Resed\u00e1. Os trabalhos do mutir\u00e3o ter\u00e3o in\u00edcio nesta segunda-feira (9), \u00e0s 9h, no sal\u00e3o do J\u00fari do F\u00f3rum Durval da Silva Pinto, com a presen\u00e7a do desembargador Salom\u00e3o Resed\u00e1 e sua equipe de assessoria. No mesmo dia, a partir das 14h, magistrados e servidores j\u00e1 estar\u00e3o de plant\u00e3o para atendimento ao p\u00fablico, prestando esclarecimentos sobre andamento de processos e demais d\u00favidas da comunidade. Equipe composta por 11 magistrados A for\u00e7a-tarefa contar\u00e1 com a atua\u00e7\u00e3o de 11 ju\u00edzes de diferentes comarcas da Bahia: Teomar Almeida de Oliveira \u2013 1\u00aa Vara dos Feitos Relativos \u00e0s Rela\u00e7\u00f5es de Consumo, C\u00edveis e Comerciais de Senhor do Bonfim; Tardelli Cerqueira Boaventura \u2013 Vara do Sistema dos Juizados Especiais de Senhor do Bonfim; J\u00falia Wanderley Lopes \u2013 Comarca de Mairi; Tha\u00eds de Carvalho Kronemberger \u2013 Comarca de Ituber\u00e1; Josemar Dias Cerqueira \u2013 14\u00aa Vara de Rela\u00e7\u00f5es de Consumo de Salvador; Leonardo Brito Piraj\u00e1 de Oliveira \u2013 Comarca de Castro Alves; Marcus Vinicius da Costa Paiva \u2013 Comarca de Capim Grosso; Jo\u00e3o Paulo da Silva Antal \u2013 Vara dos Feitos Relativos \u00e0s Rela\u00e7\u00f5es de Consumo, C\u00edveis e Comerciais de Gandu; Jos\u00e9 de Souza Brand\u00e3o Netto \u2013 Comarca de Araci; Bruno Borges Lima Damas \u2013 Vara dos Feitos Relativos \u00e0s Rela\u00e7\u00f5es de Consumo, C\u00edveis e Comerciais de Canavieiras; Patr\u00edcia Nogueira Rodrigues \u2013 1\u00aa Vara dos Feitos Relativos \u00e0s Rela\u00e7\u00f5es de Consumo, C\u00edveis e Comerciais de Itaberaba. Al\u00e9m dos magistrados, oito servidores refor\u00e7ar\u00e3o os trabalhos, somando-se ao quadro j\u00e1 existente na Vara C\u00edvel local. Novo juiz titular para a Vara C\u00edvel Paralelamente ao mutir\u00e3o, o TJ-BA designou o juiz Thiago Mattos de Matos para assumir exerc\u00edcio na Vara C\u00edvel de Concei\u00e7\u00e3o do Coit\u00e9. Ele permanecer\u00e1 na comarca ap\u00f3s o t\u00e9rmino do esfor\u00e7o concentrado, previsto para durar 90 dias. A posse do novo magistrado ocorrer\u00e1 durante a cerim\u00f4nia de instala\u00e7\u00e3o do mutir\u00e3o. PUBLICIDADE O juiz Gerivaldo Neiva, titular da Vara Criminal e \u00fanico magistrado em exerc\u00edcio na comarca at\u00e9 ent\u00e3o, destacou a relev\u00e2ncia da iniciativa. Segundo ele, desde sua cria\u00e7\u00e3o a Vara C\u00edvel nunca contou com um juiz titular, o que contribuiu para o ac\u00famulo de processos ao longo dos anos. \u201cOs ju\u00edzes substitutos que passaram por aqui se empenharam muito, mas n\u00e3o foi poss\u00edvel sanear completamente a Vara. Com essa iniciativa da Corregedoria Geral da Justi\u00e7a e do desembargador Salom\u00e3o Resed\u00e1, acreditamos que a popula\u00e7\u00e3o ter\u00e1 maior celeridade e efetividade na presta\u00e7\u00e3o jurisdicional. Esse ato pode representar uma verdadeira virada de p\u00e1gina\u201d, afirmou. PUBLICIDADE O magistrado tamb\u00e9m refor\u00e7ou que todas as atividades ser\u00e3o realizadas no sal\u00e3o do J\u00fari do F\u00f3rum Durval da Silva Pinto e estar\u00e3o abertas ao p\u00fablico, destacando a import\u00e2ncia da participa\u00e7\u00e3o dos advogados atuantes na comarca. Ascom Foto: Calila Noticias","og_url":"https:\/\/portalraizesnoticias.com.br\/?p=10803","og_site_name":"Portal raizes noticias","article_published_time":"2026-02-06T22:29:48+00:00","article_modified_time":"2026-02-06T22:29:49+00:00","og_image":[{"width":700,"height":467,"url":"https:\/\/portalraizesnoticias.com.br\/wp-content\/uploads\/2026\/02\/IMG_3301-1.jpg","type":"image\/jpeg"}],"author":"Portal Raizes","twitter_card":"summary_large_image","twitter_misc":{"Escrito por":"Portal Raizes","Est. tempo de leitura":"4 minutos"},"schema":{"@context":"https:\/\/schema.org","@graph":[{"@type":"Article","@id":"https:\/\/portalraizesnoticias.com.br\/?p=10803#article","isPartOf":{"@id":"https:\/\/portalraizesnoticias.com.br\/?p=10803"},"author":{"name":"Portal Raizes","@id":"https:\/\/portalraizesnoticias.com.br\/#\/schema\/person\/a3ca6b0fc701e78df19756c417d943ae"},"headline":"TJ-BA instala mutir\u00e3o para acelerar processos em Concei\u00e7\u00e3o do Coit\u00e9 com participa\u00e7\u00e3o de 11 ju\u00edzes","datePublished":"2026-02-06T22:29:48+00:00","dateModified":"2026-02-06T22:29:49+00:00","mainEntityOfPage":{"@id":"https:\/\/portalraizesnoticias.com.br\/?p=10803"},"wordCount":577,"commentCount":0,"publisher":{"@id":"https:\/\/portalraizesnoticias.com.br\/#organization"},"image":{"@id":"https:\/\/portalraizesnoticias.com.br\/?p=10803#primaryimage"},"thumbnailUrl":"https:\/\/portalraizesnoticias.com.br\/wp-content\/uploads\/2026\/02\/IMG_3301-1.jpg","articleSection":["DESTAQUES","ULTIMAS NOTICIAS"],"inLanguage":"pt-BR","potentialAction":[{"@type":"CommentAction","name":"Comment","target":["https:\/\/portalraizesnoticias.com.br\/?p=10803#respond"]}]},{"@type":"WebPage","@id":"https:\/\/portalraizesnoticias.com.br\/?p=10803","url":"https:\/\/portalraizesnoticias.com.br\/?p=10803","name":"TJ-BA instala mutir\u00e3o para acelerar processos em Concei\u00e7\u00e3o do Coit\u00e9 com participa\u00e7\u00e3o de 11 ju\u00edzes - Portal raizes noticias","isPartOf":{"@id":"https:\/\/portalraizesnoticias.com.br\/#website"},"primaryImageOfPage":{"@id":"https:\/\/portalraizesnoticias.com.br\/?p=10803#primaryimage"},"image":{"@id":"https:\/\/portalraizesnoticias.com.br\/?p=10803#primaryimage"},"thumbnailUrl":"https:\/\/portalraizesnoticias.com.br\/wp-content\/uploads\/2026\/02\/IMG_3301-1.jpg","datePublished":"2026-02-06T22:29:48+00:00","dateModified":"2026-02-06T22:29:49+00:00","breadcrumb":{"@id":"https:\/\/portalraizesnoticias.com.br\/?p=10803#breadcrumb"},"inLanguage":"pt-BR","potentialAction":[{"@type":"ReadAction","target":["https:\/\/portalraizesnoticias.com.br\/?p=10803"]}]},{"@type":"ImageObject","inLanguage":"pt-BR","@id":"https:\/\/portalraizesnoticias.com.br\/?p=10803#primaryimage","url":"https:\/\/portalraizesnoticias.com.br\/wp-content\/uploads\/2026\/02\/IMG_3301-1.jpg","contentUrl":"https:\/\/portalraizesnoticias.com.br\/wp-content\/uploads\/2026\/02\/IMG_3301-1.jpg","width":700,"height":467},{"@type":"BreadcrumbList","@id":"https:\/\/portalraizesnoticias.com.br\/?p=10803#breadcrumb","itemListElement":[{"@type":"ListItem","position":1,"name":"In\u00edcio","item":"https:\/\/portalraizesnoticias.com.br\/"},{"@type":"ListItem","position":2,"name":"TJ-BA instala mutir\u00e3o para acelerar processos em Concei\u00e7\u00e3o do Coit\u00e9 com participa\u00e7\u00e3o de 11 ju\u00edzes"}]},{"@type":"WebSite","@id":"https:\/\/portalraizesnoticias.com.br\/#website","url":"https:\/\/portalraizesnoticias.com.br\/","name":"Portal raizes NOTICIAS","description":"site de noticias de concei\u00e7\u00e3o do coit\u00e9 e regi\u00e3o","publisher":{"@id":"https:\/\/portalraizesnoticias.com.br\/#organization"},"alternateName":"PORTAL RAIZES COIT\u00c9","potentialAction":[{"@type":"SearchAction","target":{"@type":"EntryPoint","urlTemplate":"https:\/\/portalraizesnoticias.com.br\/?s={search_term_string}"},"query-input":{"@type":"PropertyValueSpecification","valueRequired":true,"valueName":"search_term_string"}}],"inLanguage":"pt-BR"},{"@type":"Organization","@id":"https:\/\/portalraizesnoticias.com.br\/#organization","name":"Portal raizes NOTICIAS","url":"https:\/\/portalraizesnoticias.com.br\/","logo":{"@type":"ImageObject","inLanguage":"pt-BR","@id":"https:\/\/portalraizesnoticias.com.br\/#\/schema\/logo\/image\/","url":"https:\/\/portalraizesnoticias.com.br\/wp-content\/uploads\/2024\/09\/cropped-Captura-de-tela-2024-09-08-011108.png","contentUrl":"https:\/\/portalraizesnoticias.com.br\/wp-content\/uploads\/2024\/09\/cropped-Captura-de-tela-2024-09-08-011108.png","width":606,"height":173,"caption":"Portal raizes NOTICIAS"},"image":{"@id":"https:\/\/portalraizesnoticias.com.br\/#\/schema\/logo\/image\/"}},{"@type":"Person","@id":"https:\/\/portalraizesnoticias.com.br\/#\/schema\/person\/a3ca6b0fc701e78df19756c417d943ae","name":"Portal Raizes","image":{"@type":"ImageObject","inLanguage":"pt-BR","@id":"https:\/\/portalraizesnoticias.com.br\/#\/schema\/person\/image\/","url":"https:\/\/secure.gravatar.com\/avatar\/ef450d29013a3d3fba867a12a249d7b1?s=96&d=mm&r=g","contentUrl":"https:\/\/secure.gravatar.com\/avatar\/ef450d29013a3d3fba867a12a249d7b1?s=96&d=mm&r=g","caption":"Portal Raizes"},"url":"https:\/\/portalraizesnoticias.com.br\/?author=3"}]}},"_links":{"self":[{"href":"https:\/\/portalraizesnoticias.com.br\/index.php?rest_route=\/wp\/v2\/posts\/10803"}],"collection":[{"href":"https:\/\/portalraizesnoticias.com.br\/index.php?rest_route=\/wp\/v2\/posts"}],"about":[{"href":"https:\/\/portalraizesnoticias.com.br\/index.php?rest_route=\/wp\/v2\/types\/post"}],"author":[{"embeddable":true,"href":"https:\/\/portalraizesnoticias.com.br\/index.php?rest_route=\/wp\/v2\/users\/3"}],"replies":[{"embeddable":true,"href":"https:\/\/portalraizesnoticias.com.br\/index.php?rest_route=%2Fwp%2Fv2%2Fcomments&post=10803"}],"version-history":[{"count":3,"href":"https:\/\/portalraizesnoticias.com.br\/index.php?rest_route=\/wp\/v2\/posts\/10803\/revisions"}],"predecessor-version":[{"id":10822,"href":"https:\/\/portalraizesnoticias.com.br\/index.php?rest_route=\/wp\/v2\/posts\/10803\/revisions\/10822"}],"wp:featuredmedia":[{"embeddable":true,"href":"https:\/\/portalraizesnoticias.com.br\/index.php?rest_route=\/wp\/v2\/media\/10821"}],"wp:attachment":[{"href":"https:\/\/portalraizesnoticias.com.br\/index.php?rest_route=%2Fwp%2Fv2%2Fmedia&parent=10803"}],"wp:term":[{"taxonomy":"category","embeddable":true,"href":"https:\/\/portalraizesnoticias.com.br\/index.php?rest_route=%2Fwp%2Fv2%2Fcategories&post=10803"},{"taxonomy":"post_tag","embeddable":true,"href":"https:\/\/portalraizesnoticias.com.br\/index.php?rest_route=%2Fwp%2Fv2%2Ftags&post=10803"}],"curies":[{"name":"wp","href":"https:\/\/api.w.org\/{rel}","templated":true}]}}