{"id":10715,"date":"2026-02-02T12:33:54","date_gmt":"2026-02-02T15:33:54","guid":{"rendered":"https:\/\/portalraizesnoticias.com.br\/?p=10715"},"modified":"2026-02-02T12:33:55","modified_gmt":"2026-02-02T15:33:55","slug":"descumprimento-de-medida-protetiva-termina-em-conducao-a-delegacia-no-centro-de-conceicao-do-coite","status":"publish","type":"post","link":"https:\/\/portalraizesnoticias.com.br\/?p=10715","title":{"rendered":"Descumprimento de medida protetiva termina em condu\u00e7\u00e3o \u00e0 delegacia no centro de Concei\u00e7\u00e3o do Coit\u00e9"},"content":{"rendered":"\n<p>Uma ocorr\u00eancia de viola\u00e7\u00e3o de medida protetiva de urg\u00eancia mobilizou a Pol\u00edcia Militar na tarde desta quarta-feira (30), no munic\u00edpio de Concei\u00e7\u00e3o do Coit\u00e9, regi\u00e3o sisaleira da Bahia. O caso foi registrado por volta das 17h, em um im\u00f3vel localizado na Avenida Senhora Santana, \u00e1rea central da cidade.<\/p>\n\n\n\n<p>De acordo com as informa\u00e7\u00f5es apuradas, a guarni\u00e7\u00e3o foi acionada ap\u00f3s den\u00fancia de que o agressor estaria no interior da resid\u00eancia da v\u00edtima, mesmo havendo determina\u00e7\u00e3o judicial que o impedia de se aproximar. No local, a v\u00edtima confirmou a situa\u00e7\u00e3o e relatou que vinha sendo alvo de amea\u00e7as. A medida protetiva vigente foi apresentada aos policiais durante a abordagem.<\/p>\n\n\n\n<p>Diante da constata\u00e7\u00e3o do descumprimento da ordem judicial, o agressor foi contido e conduzido \u00e0 delegacia do munic\u00edpio, onde foram adotados os procedimentos legais cab\u00edveis. O caso passa a ser acompanhado pelas autoridades competentes, conforme prev\u00ea a legisla\u00e7\u00e3o para situa\u00e7\u00f5es de viol\u00eancia dom\u00e9stica e familiar.<\/p>\n\n\n\n<p>A Pol\u00edcia Militar refor\u00e7a a import\u00e2ncia das den\u00fancias em casos de descumprimento de medidas judiciais, destacando que a r\u00e1pida comunica\u00e7\u00e3o contribui para a preserva\u00e7\u00e3o da integridade f\u00edsica e emocional das v\u00edtimas.<\/p>\n","protected":false},"excerpt":{"rendered":"<p>Uma ocorr\u00eancia de viola\u00e7\u00e3o de medida protetiva de urg\u00eancia mobilizou a Pol\u00edcia Militar na tarde desta quarta-feira (30), no munic\u00edpio de Concei\u00e7\u00e3o do Coit\u00e9, regi\u00e3o sisaleira da Bahia. O caso foi registrado por volta das 17h, em um im\u00f3vel localizado na Avenida Senhora Santana, \u00e1rea central da cidade. De acordo com as informa\u00e7\u00f5es apuradas, a guarni\u00e7\u00e3o foi acionada ap\u00f3s den\u00fancia de que o agressor estaria no interior da resid\u00eancia da v\u00edtima, mesmo havendo determina\u00e7\u00e3o judicial que o impedia de se aproximar. No local, a v\u00edtima confirmou a situa\u00e7\u00e3o e relatou que vinha sendo alvo de amea\u00e7as. A medida protetiva vigente foi apresentada aos policiais durante a abordagem. Diante da constata\u00e7\u00e3o do descumprimento da ordem judicial, o agressor foi contido e conduzido \u00e0 delegacia do munic\u00edpio, onde foram adotados os procedimentos legais cab\u00edveis. O caso passa a ser acompanhado pelas autoridades competentes, conforme prev\u00ea a legisla\u00e7\u00e3o para situa\u00e7\u00f5es de viol\u00eancia dom\u00e9stica e familiar. A Pol\u00edcia Militar refor\u00e7a a import\u00e2ncia das den\u00fancias em casos de descumprimento de medidas judiciais, destacando que a r\u00e1pida comunica\u00e7\u00e3o contribui para a preserva\u00e7\u00e3o da integridade f\u00edsica e emocional das v\u00edtimas.<\/p>\n","protected":false},"author":3,"featured_media":8510,"comment_status":"open","ping_status":"open","sticky":false,"template":"","format":"standard","meta":{"_joinchat":[],"footnotes":""},"categories":[67,56,59],"tags":[],"class_list":["post-10715","post","type-post","status-publish","format-standard","has-post-thumbnail","hentry","category-policia","category-regiao","category-ultimas-noticias"],"yoast_head":"<!-- This site is optimized with the Yoast SEO plugin v24.4 - https:\/\/yoast.com\/wordpress\/plugins\/seo\/ -->\n<title>Descumprimento de medida protetiva termina em condu\u00e7\u00e3o \u00e0 delegacia no centro de Concei\u00e7\u00e3o do Coit\u00e9 - Portal raizes noticias<\/title>\n<meta name=\"robots\" content=\"index, follow, max-snippet:-1, max-image-preview:large, max-video-preview:-1\" \/>\n<link rel=\"canonical\" href=\"https:\/\/portalraizesnoticias.com.br\/?p=10715\" \/>\n<meta property=\"og:locale\" content=\"pt_BR\" \/>\n<meta property=\"og:type\" content=\"article\" \/>\n<meta property=\"og:title\" content=\"Descumprimento de medida protetiva termina em condu\u00e7\u00e3o \u00e0 delegacia no centro de Concei\u00e7\u00e3o do Coit\u00e9 - Portal raizes noticias\" \/>\n<meta property=\"og:description\" content=\"Uma ocorr\u00eancia de viola\u00e7\u00e3o de medida protetiva de urg\u00eancia mobilizou a Pol\u00edcia Militar na tarde desta quarta-feira (30), no munic\u00edpio de Concei\u00e7\u00e3o do Coit\u00e9, regi\u00e3o sisaleira da Bahia. O caso foi registrado por volta das 17h, em um im\u00f3vel localizado na Avenida Senhora Santana, \u00e1rea central da cidade. De acordo com as informa\u00e7\u00f5es apuradas, a guarni\u00e7\u00e3o foi acionada ap\u00f3s den\u00fancia de que o agressor estaria no interior da resid\u00eancia da v\u00edtima, mesmo havendo determina\u00e7\u00e3o judicial que o impedia de se aproximar. No local, a v\u00edtima confirmou a situa\u00e7\u00e3o e relatou que vinha sendo alvo de amea\u00e7as. A medida protetiva vigente foi apresentada aos policiais durante a abordagem. Diante da constata\u00e7\u00e3o do descumprimento da ordem judicial, o agressor foi contido e conduzido \u00e0 delegacia do munic\u00edpio, onde foram adotados os procedimentos legais cab\u00edveis. O caso passa a ser acompanhado pelas autoridades competentes, conforme prev\u00ea a legisla\u00e7\u00e3o para situa\u00e7\u00f5es de viol\u00eancia dom\u00e9stica e familiar. A Pol\u00edcia Militar refor\u00e7a a import\u00e2ncia das den\u00fancias em casos de descumprimento de medidas judiciais, destacando que a r\u00e1pida comunica\u00e7\u00e3o contribui para a preserva\u00e7\u00e3o da integridade f\u00edsica e emocional das v\u00edtimas.\" \/>\n<meta property=\"og:url\" content=\"https:\/\/portalraizesnoticias.com.br\/?p=10715\" \/>\n<meta property=\"og:site_name\" content=\"Portal raizes noticias\" \/>\n<meta property=\"article:published_time\" content=\"2026-02-02T15:33:54+00:00\" \/>\n<meta property=\"article:modified_time\" content=\"2026-02-02T15:33:55+00:00\" \/>\n<meta property=\"og:image\" content=\"https:\/\/portalraizesnoticias.com.br\/wp-content\/uploads\/2025\/10\/delegacia-de-coite-700x467-1.jpg\" \/>\n\t<meta property=\"og:image:width\" content=\"700\" \/>\n\t<meta property=\"og:image:height\" content=\"467\" \/>\n\t<meta property=\"og:image:type\" content=\"image\/jpeg\" \/>\n<meta name=\"author\" content=\"Portal Raizes\" \/>\n<meta name=\"twitter:card\" content=\"summary_large_image\" \/>\n<meta name=\"twitter:label1\" content=\"Escrito por\" \/>\n\t<meta name=\"twitter:data1\" content=\"Portal Raizes\" \/>\n\t<meta name=\"twitter:label2\" content=\"Est. tempo de leitura\" \/>\n\t<meta name=\"twitter:data2\" content=\"2 minutos\" \/>\n<script type=\"application\/ld+json\" class=\"yoast-schema-graph\">{\"@context\":\"https:\/\/schema.org\",\"@graph\":[{\"@type\":\"Article\",\"@id\":\"https:\/\/portalraizesnoticias.com.br\/?p=10715#article\",\"isPartOf\":{\"@id\":\"https:\/\/portalraizesnoticias.com.br\/?p=10715\"},\"author\":{\"name\":\"Portal Raizes\",\"@id\":\"https:\/\/portalraizesnoticias.com.br\/#\/schema\/person\/a3ca6b0fc701e78df19756c417d943ae\"},\"headline\":\"Descumprimento de medida protetiva termina em condu\u00e7\u00e3o \u00e0 delegacia no centro de Concei\u00e7\u00e3o do Coit\u00e9\",\"datePublished\":\"2026-02-02T15:33:54+00:00\",\"dateModified\":\"2026-02-02T15:33:55+00:00\",\"mainEntityOfPage\":{\"@id\":\"https:\/\/portalraizesnoticias.com.br\/?p=10715\"},\"wordCount\":231,\"commentCount\":0,\"publisher\":{\"@id\":\"https:\/\/portalraizesnoticias.com.br\/#organization\"},\"image\":{\"@id\":\"https:\/\/portalraizesnoticias.com.br\/?p=10715#primaryimage\"},\"thumbnailUrl\":\"https:\/\/portalraizesnoticias.com.br\/wp-content\/uploads\/2025\/10\/delegacia-de-coite-700x467-1.jpg\",\"articleSection\":[\"POLICIA\",\"REGI\u00c3O\",\"ULTIMAS NOTICIAS\"],\"inLanguage\":\"pt-BR\",\"potentialAction\":[{\"@type\":\"CommentAction\",\"name\":\"Comment\",\"target\":[\"https:\/\/portalraizesnoticias.com.br\/?p=10715#respond\"]}]},{\"@type\":\"WebPage\",\"@id\":\"https:\/\/portalraizesnoticias.com.br\/?p=10715\",\"url\":\"https:\/\/portalraizesnoticias.com.br\/?p=10715\",\"name\":\"Descumprimento de medida protetiva termina em condu\u00e7\u00e3o \u00e0 delegacia no centro de Concei\u00e7\u00e3o do Coit\u00e9 - Portal raizes noticias\",\"isPartOf\":{\"@id\":\"https:\/\/portalraizesnoticias.com.br\/#website\"},\"primaryImageOfPage\":{\"@id\":\"https:\/\/portalraizesnoticias.com.br\/?p=10715#primaryimage\"},\"image\":{\"@id\":\"https:\/\/portalraizesnoticias.com.br\/?p=10715#primaryimage\"},\"thumbnailUrl\":\"https:\/\/portalraizesnoticias.com.br\/wp-content\/uploads\/2025\/10\/delegacia-de-coite-700x467-1.jpg\",\"datePublished\":\"2026-02-02T15:33:54+00:00\",\"dateModified\":\"2026-02-02T15:33:55+00:00\",\"breadcrumb\":{\"@id\":\"https:\/\/portalraizesnoticias.com.br\/?p=10715#breadcrumb\"},\"inLanguage\":\"pt-BR\",\"potentialAction\":[{\"@type\":\"ReadAction\",\"target\":[\"https:\/\/portalraizesnoticias.com.br\/?p=10715\"]}]},{\"@type\":\"ImageObject\",\"inLanguage\":\"pt-BR\",\"@id\":\"https:\/\/portalraizesnoticias.com.br\/?p=10715#primaryimage\",\"url\":\"https:\/\/portalraizesnoticias.com.br\/wp-content\/uploads\/2025\/10\/delegacia-de-coite-700x467-1.jpg\",\"contentUrl\":\"https:\/\/portalraizesnoticias.com.br\/wp-content\/uploads\/2025\/10\/delegacia-de-coite-700x467-1.jpg\",\"width\":700,\"height\":467},{\"@type\":\"BreadcrumbList\",\"@id\":\"https:\/\/portalraizesnoticias.com.br\/?p=10715#breadcrumb\",\"itemListElement\":[{\"@type\":\"ListItem\",\"position\":1,\"name\":\"In\u00edcio\",\"item\":\"https:\/\/portalraizesnoticias.com.br\/\"},{\"@type\":\"ListItem\",\"position\":2,\"name\":\"Descumprimento de medida protetiva termina em condu\u00e7\u00e3o \u00e0 delegacia no centro de Concei\u00e7\u00e3o do Coit\u00e9\"}]},{\"@type\":\"WebSite\",\"@id\":\"https:\/\/portalraizesnoticias.com.br\/#website\",\"url\":\"https:\/\/portalraizesnoticias.com.br\/\",\"name\":\"Portal raizes NOTICIAS\",\"description\":\"site de noticias de concei\u00e7\u00e3o do coit\u00e9 e regi\u00e3o\",\"publisher\":{\"@id\":\"https:\/\/portalraizesnoticias.com.br\/#organization\"},\"alternateName\":\"PORTAL RAIZES COIT\u00c9\",\"potentialAction\":[{\"@type\":\"SearchAction\",\"target\":{\"@type\":\"EntryPoint\",\"urlTemplate\":\"https:\/\/portalraizesnoticias.com.br\/?s={search_term_string}\"},\"query-input\":{\"@type\":\"PropertyValueSpecification\",\"valueRequired\":true,\"valueName\":\"search_term_string\"}}],\"inLanguage\":\"pt-BR\"},{\"@type\":\"Organization\",\"@id\":\"https:\/\/portalraizesnoticias.com.br\/#organization\",\"name\":\"Portal raizes NOTICIAS\",\"url\":\"https:\/\/portalraizesnoticias.com.br\/\",\"logo\":{\"@type\":\"ImageObject\",\"inLanguage\":\"pt-BR\",\"@id\":\"https:\/\/portalraizesnoticias.com.br\/#\/schema\/logo\/image\/\",\"url\":\"https:\/\/portalraizesnoticias.com.br\/wp-content\/uploads\/2024\/09\/cropped-Captura-de-tela-2024-09-08-011108.png\",\"contentUrl\":\"https:\/\/portalraizesnoticias.com.br\/wp-content\/uploads\/2024\/09\/cropped-Captura-de-tela-2024-09-08-011108.png\",\"width\":606,\"height\":173,\"caption\":\"Portal raizes NOTICIAS\"},\"image\":{\"@id\":\"https:\/\/portalraizesnoticias.com.br\/#\/schema\/logo\/image\/\"}},{\"@type\":\"Person\",\"@id\":\"https:\/\/portalraizesnoticias.com.br\/#\/schema\/person\/a3ca6b0fc701e78df19756c417d943ae\",\"name\":\"Portal Raizes\",\"image\":{\"@type\":\"ImageObject\",\"inLanguage\":\"pt-BR\",\"@id\":\"https:\/\/portalraizesnoticias.com.br\/#\/schema\/person\/image\/\",\"url\":\"https:\/\/secure.gravatar.com\/avatar\/ef450d29013a3d3fba867a12a249d7b1?s=96&d=mm&r=g\",\"contentUrl\":\"https:\/\/secure.gravatar.com\/avatar\/ef450d29013a3d3fba867a12a249d7b1?s=96&d=mm&r=g\",\"caption\":\"Portal Raizes\"},\"url\":\"https:\/\/portalraizesnoticias.com.br\/?author=3\"}]}<\/script>\n<!-- \/ Yoast SEO plugin. -->","yoast_head_json":{"title":"Descumprimento de medida protetiva termina em condu\u00e7\u00e3o \u00e0 delegacia no centro de Concei\u00e7\u00e3o do Coit\u00e9 - Portal raizes noticias","robots":{"index":"index","follow":"follow","max-snippet":"max-snippet:-1","max-image-preview":"max-image-preview:large","max-video-preview":"max-video-preview:-1"},"canonical":"https:\/\/portalraizesnoticias.com.br\/?p=10715","og_locale":"pt_BR","og_type":"article","og_title":"Descumprimento de medida protetiva termina em condu\u00e7\u00e3o \u00e0 delegacia no centro de Concei\u00e7\u00e3o do Coit\u00e9 - Portal raizes noticias","og_description":"Uma ocorr\u00eancia de viola\u00e7\u00e3o de medida protetiva de urg\u00eancia mobilizou a Pol\u00edcia Militar na tarde desta quarta-feira (30), no munic\u00edpio de Concei\u00e7\u00e3o do Coit\u00e9, regi\u00e3o sisaleira da Bahia. O caso foi registrado por volta das 17h, em um im\u00f3vel localizado na Avenida Senhora Santana, \u00e1rea central da cidade. De acordo com as informa\u00e7\u00f5es apuradas, a guarni\u00e7\u00e3o foi acionada ap\u00f3s den\u00fancia de que o agressor estaria no interior da resid\u00eancia da v\u00edtima, mesmo havendo determina\u00e7\u00e3o judicial que o impedia de se aproximar. No local, a v\u00edtima confirmou a situa\u00e7\u00e3o e relatou que vinha sendo alvo de amea\u00e7as. A medida protetiva vigente foi apresentada aos policiais durante a abordagem. Diante da constata\u00e7\u00e3o do descumprimento da ordem judicial, o agressor foi contido e conduzido \u00e0 delegacia do munic\u00edpio, onde foram adotados os procedimentos legais cab\u00edveis. O caso passa a ser acompanhado pelas autoridades competentes, conforme prev\u00ea a legisla\u00e7\u00e3o para situa\u00e7\u00f5es de viol\u00eancia dom\u00e9stica e familiar. A Pol\u00edcia Militar refor\u00e7a a import\u00e2ncia das den\u00fancias em casos de descumprimento de medidas judiciais, destacando que a r\u00e1pida comunica\u00e7\u00e3o contribui para a preserva\u00e7\u00e3o da integridade f\u00edsica e emocional das v\u00edtimas.","og_url":"https:\/\/portalraizesnoticias.com.br\/?p=10715","og_site_name":"Portal raizes noticias","article_published_time":"2026-02-02T15:33:54+00:00","article_modified_time":"2026-02-02T15:33:55+00:00","og_image":[{"width":700,"height":467,"url":"https:\/\/portalraizesnoticias.com.br\/wp-content\/uploads\/2025\/10\/delegacia-de-coite-700x467-1.jpg","type":"image\/jpeg"}],"author":"Portal Raizes","twitter_card":"summary_large_image","twitter_misc":{"Escrito por":"Portal Raizes","Est. tempo de leitura":"2 minutos"},"schema":{"@context":"https:\/\/schema.org","@graph":[{"@type":"Article","@id":"https:\/\/portalraizesnoticias.com.br\/?p=10715#article","isPartOf":{"@id":"https:\/\/portalraizesnoticias.com.br\/?p=10715"},"author":{"name":"Portal Raizes","@id":"https:\/\/portalraizesnoticias.com.br\/#\/schema\/person\/a3ca6b0fc701e78df19756c417d943ae"},"headline":"Descumprimento de medida protetiva termina em condu\u00e7\u00e3o \u00e0 delegacia no centro de Concei\u00e7\u00e3o do Coit\u00e9","datePublished":"2026-02-02T15:33:54+00:00","dateModified":"2026-02-02T15:33:55+00:00","mainEntityOfPage":{"@id":"https:\/\/portalraizesnoticias.com.br\/?p=10715"},"wordCount":231,"commentCount":0,"publisher":{"@id":"https:\/\/portalraizesnoticias.com.br\/#organization"},"image":{"@id":"https:\/\/portalraizesnoticias.com.br\/?p=10715#primaryimage"},"thumbnailUrl":"https:\/\/portalraizesnoticias.com.br\/wp-content\/uploads\/2025\/10\/delegacia-de-coite-700x467-1.jpg","articleSection":["POLICIA","REGI\u00c3O","ULTIMAS NOTICIAS"],"inLanguage":"pt-BR","potentialAction":[{"@type":"CommentAction","name":"Comment","target":["https:\/\/portalraizesnoticias.com.br\/?p=10715#respond"]}]},{"@type":"WebPage","@id":"https:\/\/portalraizesnoticias.com.br\/?p=10715","url":"https:\/\/portalraizesnoticias.com.br\/?p=10715","name":"Descumprimento de medida protetiva termina em condu\u00e7\u00e3o \u00e0 delegacia no centro de Concei\u00e7\u00e3o do Coit\u00e9 - Portal raizes noticias","isPartOf":{"@id":"https:\/\/portalraizesnoticias.com.br\/#website"},"primaryImageOfPage":{"@id":"https:\/\/portalraizesnoticias.com.br\/?p=10715#primaryimage"},"image":{"@id":"https:\/\/portalraizesnoticias.com.br\/?p=10715#primaryimage"},"thumbnailUrl":"https:\/\/portalraizesnoticias.com.br\/wp-content\/uploads\/2025\/10\/delegacia-de-coite-700x467-1.jpg","datePublished":"2026-02-02T15:33:54+00:00","dateModified":"2026-02-02T15:33:55+00:00","breadcrumb":{"@id":"https:\/\/portalraizesnoticias.com.br\/?p=10715#breadcrumb"},"inLanguage":"pt-BR","potentialAction":[{"@type":"ReadAction","target":["https:\/\/portalraizesnoticias.com.br\/?p=10715"]}]},{"@type":"ImageObject","inLanguage":"pt-BR","@id":"https:\/\/portalraizesnoticias.com.br\/?p=10715#primaryimage","url":"https:\/\/portalraizesnoticias.com.br\/wp-content\/uploads\/2025\/10\/delegacia-de-coite-700x467-1.jpg","contentUrl":"https:\/\/portalraizesnoticias.com.br\/wp-content\/uploads\/2025\/10\/delegacia-de-coite-700x467-1.jpg","width":700,"height":467},{"@type":"BreadcrumbList","@id":"https:\/\/portalraizesnoticias.com.br\/?p=10715#breadcrumb","itemListElement":[{"@type":"ListItem","position":1,"name":"In\u00edcio","item":"https:\/\/portalraizesnoticias.com.br\/"},{"@type":"ListItem","position":2,"name":"Descumprimento de medida protetiva termina em condu\u00e7\u00e3o \u00e0 delegacia no centro de Concei\u00e7\u00e3o do Coit\u00e9"}]},{"@type":"WebSite","@id":"https:\/\/portalraizesnoticias.com.br\/#website","url":"https:\/\/portalraizesnoticias.com.br\/","name":"Portal raizes NOTICIAS","description":"site de noticias de concei\u00e7\u00e3o do coit\u00e9 e regi\u00e3o","publisher":{"@id":"https:\/\/portalraizesnoticias.com.br\/#organization"},"alternateName":"PORTAL RAIZES COIT\u00c9","potentialAction":[{"@type":"SearchAction","target":{"@type":"EntryPoint","urlTemplate":"https:\/\/portalraizesnoticias.com.br\/?s={search_term_string}"},"query-input":{"@type":"PropertyValueSpecification","valueRequired":true,"valueName":"search_term_string"}}],"inLanguage":"pt-BR"},{"@type":"Organization","@id":"https:\/\/portalraizesnoticias.com.br\/#organization","name":"Portal raizes NOTICIAS","url":"https:\/\/portalraizesnoticias.com.br\/","logo":{"@type":"ImageObject","inLanguage":"pt-BR","@id":"https:\/\/portalraizesnoticias.com.br\/#\/schema\/logo\/image\/","url":"https:\/\/portalraizesnoticias.com.br\/wp-content\/uploads\/2024\/09\/cropped-Captura-de-tela-2024-09-08-011108.png","contentUrl":"https:\/\/portalraizesnoticias.com.br\/wp-content\/uploads\/2024\/09\/cropped-Captura-de-tela-2024-09-08-011108.png","width":606,"height":173,"caption":"Portal raizes NOTICIAS"},"image":{"@id":"https:\/\/portalraizesnoticias.com.br\/#\/schema\/logo\/image\/"}},{"@type":"Person","@id":"https:\/\/portalraizesnoticias.com.br\/#\/schema\/person\/a3ca6b0fc701e78df19756c417d943ae","name":"Portal Raizes","image":{"@type":"ImageObject","inLanguage":"pt-BR","@id":"https:\/\/portalraizesnoticias.com.br\/#\/schema\/person\/image\/","url":"https:\/\/secure.gravatar.com\/avatar\/ef450d29013a3d3fba867a12a249d7b1?s=96&d=mm&r=g","contentUrl":"https:\/\/secure.gravatar.com\/avatar\/ef450d29013a3d3fba867a12a249d7b1?s=96&d=mm&r=g","caption":"Portal Raizes"},"url":"https:\/\/portalraizesnoticias.com.br\/?author=3"}]}},"_links":{"self":[{"href":"https:\/\/portalraizesnoticias.com.br\/index.php?rest_route=\/wp\/v2\/posts\/10715"}],"collection":[{"href":"https:\/\/portalraizesnoticias.com.br\/index.php?rest_route=\/wp\/v2\/posts"}],"about":[{"href":"https:\/\/portalraizesnoticias.com.br\/index.php?rest_route=\/wp\/v2\/types\/post"}],"author":[{"embeddable":true,"href":"https:\/\/portalraizesnoticias.com.br\/index.php?rest_route=\/wp\/v2\/users\/3"}],"replies":[{"embeddable":true,"href":"https:\/\/portalraizesnoticias.com.br\/index.php?rest_route=%2Fwp%2Fv2%2Fcomments&post=10715"}],"version-history":[{"count":1,"href":"https:\/\/portalraizesnoticias.com.br\/index.php?rest_route=\/wp\/v2\/posts\/10715\/revisions"}],"predecessor-version":[{"id":10716,"href":"https:\/\/portalraizesnoticias.com.br\/index.php?rest_route=\/wp\/v2\/posts\/10715\/revisions\/10716"}],"wp:featuredmedia":[{"embeddable":true,"href":"https:\/\/portalraizesnoticias.com.br\/index.php?rest_route=\/wp\/v2\/media\/8510"}],"wp:attachment":[{"href":"https:\/\/portalraizesnoticias.com.br\/index.php?rest_route=%2Fwp%2Fv2%2Fmedia&parent=10715"}],"wp:term":[{"taxonomy":"category","embeddable":true,"href":"https:\/\/portalraizesnoticias.com.br\/index.php?rest_route=%2Fwp%2Fv2%2Fcategories&post=10715"},{"taxonomy":"post_tag","embeddable":true,"href":"https:\/\/portalraizesnoticias.com.br\/index.php?rest_route=%2Fwp%2Fv2%2Ftags&post=10715"}],"curies":[{"name":"wp","href":"https:\/\/api.w.org\/{rel}","templated":true}]}}