{"id":10709,"date":"2026-02-02T12:32:14","date_gmt":"2026-02-02T15:32:14","guid":{"rendered":"https:\/\/portalraizesnoticias.com.br\/?p=10709"},"modified":"2026-02-02T12:32:15","modified_gmt":"2026-02-02T15:32:15","slug":"ameaca-com-espingarda-em-conflito-familiar-termina-em-prisao-na-zona-rural-de-conceicao-do-coite","status":"publish","type":"post","link":"https:\/\/portalraizesnoticias.com.br\/?p=10709","title":{"rendered":"Amea\u00e7a com espingarda em conflito familiar termina em pris\u00e3o na zona rural de Concei\u00e7\u00e3o do Coit\u00e9"},"content":{"rendered":"\n<p>Uma ocorr\u00eancia envolvendo amea\u00e7a armada e agress\u00f5es f\u00edsicas entre familiares resultou na pris\u00e3o de um suspeito na noite deste s\u00e1bado (31), no povoado Nova Palmares, zona rural do munic\u00edpio de Concei\u00e7\u00e3o do Coit\u00e9, na regi\u00e3o sisaleira da Bahia. O caso foi registrado por volta das 23h40, ap\u00f3s acionamento do centro de comunica\u00e7\u00f5es.<\/p>\n\n\n\n<p>Ao chegar ao local, a guarni\u00e7\u00e3o manteve contato com a v\u00edtima, o suspeito e testemunhas, que relataram uma discuss\u00e3o acalorada evoluindo para vias de fato. Durante a apura\u00e7\u00e3o, foi constatado que o suspeito teria amea\u00e7ado familiares utilizando uma arma de fogo do tipo espingarda, al\u00e9m de praticar agress\u00f5es f\u00edsicas.<\/p>\n\n\n\n<p>Ainda no local, os policiais foram informados sobre a posse irregular da arma. A espingarda foi localizada e apreendida durante a interven\u00e7\u00e3o policial. Diante da materialidade dos fatos e das den\u00fancias colhidas, o suspeito recebeu voz de pris\u00e3o.<\/p>\n\n\n\n<p>O acusado foi conduzido \u00e0 delegacia da regi\u00e3o, onde a ocorr\u00eancia foi formalizada e ficaram sob responsabilidade da autoridade policial as medidas legais cab\u00edveis. A Pol\u00edcia Militar destaca que conflitos familiares associados ao uso de armas elevam o risco de desfechos graves e refor\u00e7a a import\u00e2ncia do acionamento imediato das for\u00e7as de seguran\u00e7a em situa\u00e7\u00f5es de amea\u00e7a.<\/p>\n","protected":false},"excerpt":{"rendered":"<p>Uma ocorr\u00eancia envolvendo amea\u00e7a armada e agress\u00f5es f\u00edsicas entre familiares resultou na pris\u00e3o de um suspeito na noite deste s\u00e1bado (31), no povoado Nova Palmares, zona rural do munic\u00edpio de Concei\u00e7\u00e3o do Coit\u00e9, na regi\u00e3o sisaleira da Bahia. O caso foi registrado por volta das 23h40, ap\u00f3s acionamento do centro de comunica\u00e7\u00f5es. Ao chegar ao local, a guarni\u00e7\u00e3o manteve contato com a v\u00edtima, o suspeito e testemunhas, que relataram uma discuss\u00e3o acalorada evoluindo para vias de fato. Durante a apura\u00e7\u00e3o, foi constatado que o suspeito teria amea\u00e7ado familiares utilizando uma arma de fogo do tipo espingarda, al\u00e9m de praticar agress\u00f5es f\u00edsicas. Ainda no local, os policiais foram informados sobre a posse irregular da arma. A espingarda foi localizada e apreendida durante a interven\u00e7\u00e3o policial. Diante da materialidade dos fatos e das den\u00fancias colhidas, o suspeito recebeu voz de pris\u00e3o. O acusado foi conduzido \u00e0 delegacia da regi\u00e3o, onde a ocorr\u00eancia foi formalizada e ficaram sob responsabilidade da autoridade policial as medidas legais cab\u00edveis. A Pol\u00edcia Militar destaca que conflitos familiares associados ao uso de armas elevam o risco de desfechos graves e refor\u00e7a a import\u00e2ncia do acionamento imediato das for\u00e7as de seguran\u00e7a em situa\u00e7\u00f5es de amea\u00e7a.<\/p>\n","protected":false},"author":3,"featured_media":10710,"comment_status":"open","ping_status":"open","sticky":false,"template":"","format":"standard","meta":{"_joinchat":[],"footnotes":""},"categories":[67,56,59],"tags":[],"class_list":["post-10709","post","type-post","status-publish","format-standard","has-post-thumbnail","hentry","category-policia","category-regiao","category-ultimas-noticias"],"yoast_head":"<!-- This site is optimized with the Yoast SEO plugin v24.4 - https:\/\/yoast.com\/wordpress\/plugins\/seo\/ -->\n<title>Amea\u00e7a com espingarda em conflito familiar termina em pris\u00e3o na zona rural de Concei\u00e7\u00e3o do Coit\u00e9 - Portal raizes noticias<\/title>\n<meta name=\"robots\" content=\"index, follow, max-snippet:-1, max-image-preview:large, max-video-preview:-1\" \/>\n<link rel=\"canonical\" href=\"https:\/\/portalraizesnoticias.com.br\/?p=10709\" \/>\n<meta property=\"og:locale\" content=\"pt_BR\" \/>\n<meta property=\"og:type\" content=\"article\" \/>\n<meta property=\"og:title\" content=\"Amea\u00e7a com espingarda em conflito familiar termina em pris\u00e3o na zona rural de Concei\u00e7\u00e3o do Coit\u00e9 - Portal raizes noticias\" \/>\n<meta property=\"og:description\" content=\"Uma ocorr\u00eancia envolvendo amea\u00e7a armada e agress\u00f5es f\u00edsicas entre familiares resultou na pris\u00e3o de um suspeito na noite deste s\u00e1bado (31), no povoado Nova Palmares, zona rural do munic\u00edpio de Concei\u00e7\u00e3o do Coit\u00e9, na regi\u00e3o sisaleira da Bahia. O caso foi registrado por volta das 23h40, ap\u00f3s acionamento do centro de comunica\u00e7\u00f5es. Ao chegar ao local, a guarni\u00e7\u00e3o manteve contato com a v\u00edtima, o suspeito e testemunhas, que relataram uma discuss\u00e3o acalorada evoluindo para vias de fato. Durante a apura\u00e7\u00e3o, foi constatado que o suspeito teria amea\u00e7ado familiares utilizando uma arma de fogo do tipo espingarda, al\u00e9m de praticar agress\u00f5es f\u00edsicas. Ainda no local, os policiais foram informados sobre a posse irregular da arma. A espingarda foi localizada e apreendida durante a interven\u00e7\u00e3o policial. Diante da materialidade dos fatos e das den\u00fancias colhidas, o suspeito recebeu voz de pris\u00e3o. O acusado foi conduzido \u00e0 delegacia da regi\u00e3o, onde a ocorr\u00eancia foi formalizada e ficaram sob responsabilidade da autoridade policial as medidas legais cab\u00edveis. A Pol\u00edcia Militar destaca que conflitos familiares associados ao uso de armas elevam o risco de desfechos graves e refor\u00e7a a import\u00e2ncia do acionamento imediato das for\u00e7as de seguran\u00e7a em situa\u00e7\u00f5es de amea\u00e7a.\" \/>\n<meta property=\"og:url\" content=\"https:\/\/portalraizesnoticias.com.br\/?p=10709\" \/>\n<meta property=\"og:site_name\" content=\"Portal raizes noticias\" \/>\n<meta property=\"article:published_time\" content=\"2026-02-02T15:32:14+00:00\" \/>\n<meta property=\"article:modified_time\" content=\"2026-02-02T15:32:15+00:00\" \/>\n<meta property=\"og:image\" content=\"https:\/\/portalraizesnoticias.com.br\/wp-content\/uploads\/2026\/02\/WhatsApp-Image-2026-02-01-at-10.07.07.jpeg\" \/>\n\t<meta property=\"og:image:width\" content=\"800\" \/>\n\t<meta property=\"og:image:height\" content=\"584\" \/>\n\t<meta property=\"og:image:type\" content=\"image\/jpeg\" \/>\n<meta name=\"author\" content=\"Portal Raizes\" \/>\n<meta name=\"twitter:card\" content=\"summary_large_image\" \/>\n<meta name=\"twitter:label1\" content=\"Escrito por\" \/>\n\t<meta name=\"twitter:data1\" content=\"Portal Raizes\" \/>\n\t<meta name=\"twitter:label2\" content=\"Est. tempo de leitura\" \/>\n\t<meta name=\"twitter:data2\" content=\"2 minutos\" \/>\n<script type=\"application\/ld+json\" class=\"yoast-schema-graph\">{\"@context\":\"https:\/\/schema.org\",\"@graph\":[{\"@type\":\"Article\",\"@id\":\"https:\/\/portalraizesnoticias.com.br\/?p=10709#article\",\"isPartOf\":{\"@id\":\"https:\/\/portalraizesnoticias.com.br\/?p=10709\"},\"author\":{\"name\":\"Portal Raizes\",\"@id\":\"https:\/\/portalraizesnoticias.com.br\/#\/schema\/person\/a3ca6b0fc701e78df19756c417d943ae\"},\"headline\":\"Amea\u00e7a com espingarda em conflito familiar termina em pris\u00e3o na zona rural de Concei\u00e7\u00e3o do Coit\u00e9\",\"datePublished\":\"2026-02-02T15:32:14+00:00\",\"dateModified\":\"2026-02-02T15:32:15+00:00\",\"mainEntityOfPage\":{\"@id\":\"https:\/\/portalraizesnoticias.com.br\/?p=10709\"},\"wordCount\":245,\"commentCount\":0,\"publisher\":{\"@id\":\"https:\/\/portalraizesnoticias.com.br\/#organization\"},\"image\":{\"@id\":\"https:\/\/portalraizesnoticias.com.br\/?p=10709#primaryimage\"},\"thumbnailUrl\":\"https:\/\/portalraizesnoticias.com.br\/wp-content\/uploads\/2026\/02\/WhatsApp-Image-2026-02-01-at-10.07.07.jpeg\",\"articleSection\":[\"POLICIA\",\"REGI\u00c3O\",\"ULTIMAS NOTICIAS\"],\"inLanguage\":\"pt-BR\",\"potentialAction\":[{\"@type\":\"CommentAction\",\"name\":\"Comment\",\"target\":[\"https:\/\/portalraizesnoticias.com.br\/?p=10709#respond\"]}]},{\"@type\":\"WebPage\",\"@id\":\"https:\/\/portalraizesnoticias.com.br\/?p=10709\",\"url\":\"https:\/\/portalraizesnoticias.com.br\/?p=10709\",\"name\":\"Amea\u00e7a com espingarda em conflito familiar termina em pris\u00e3o na zona rural de Concei\u00e7\u00e3o do Coit\u00e9 - Portal raizes noticias\",\"isPartOf\":{\"@id\":\"https:\/\/portalraizesnoticias.com.br\/#website\"},\"primaryImageOfPage\":{\"@id\":\"https:\/\/portalraizesnoticias.com.br\/?p=10709#primaryimage\"},\"image\":{\"@id\":\"https:\/\/portalraizesnoticias.com.br\/?p=10709#primaryimage\"},\"thumbnailUrl\":\"https:\/\/portalraizesnoticias.com.br\/wp-content\/uploads\/2026\/02\/WhatsApp-Image-2026-02-01-at-10.07.07.jpeg\",\"datePublished\":\"2026-02-02T15:32:14+00:00\",\"dateModified\":\"2026-02-02T15:32:15+00:00\",\"breadcrumb\":{\"@id\":\"https:\/\/portalraizesnoticias.com.br\/?p=10709#breadcrumb\"},\"inLanguage\":\"pt-BR\",\"potentialAction\":[{\"@type\":\"ReadAction\",\"target\":[\"https:\/\/portalraizesnoticias.com.br\/?p=10709\"]}]},{\"@type\":\"ImageObject\",\"inLanguage\":\"pt-BR\",\"@id\":\"https:\/\/portalraizesnoticias.com.br\/?p=10709#primaryimage\",\"url\":\"https:\/\/portalraizesnoticias.com.br\/wp-content\/uploads\/2026\/02\/WhatsApp-Image-2026-02-01-at-10.07.07.jpeg\",\"contentUrl\":\"https:\/\/portalraizesnoticias.com.br\/wp-content\/uploads\/2026\/02\/WhatsApp-Image-2026-02-01-at-10.07.07.jpeg\",\"width\":800,\"height\":584},{\"@type\":\"BreadcrumbList\",\"@id\":\"https:\/\/portalraizesnoticias.com.br\/?p=10709#breadcrumb\",\"itemListElement\":[{\"@type\":\"ListItem\",\"position\":1,\"name\":\"In\u00edcio\",\"item\":\"https:\/\/portalraizesnoticias.com.br\/\"},{\"@type\":\"ListItem\",\"position\":2,\"name\":\"Amea\u00e7a com espingarda em conflito familiar termina em pris\u00e3o na zona rural de Concei\u00e7\u00e3o do Coit\u00e9\"}]},{\"@type\":\"WebSite\",\"@id\":\"https:\/\/portalraizesnoticias.com.br\/#website\",\"url\":\"https:\/\/portalraizesnoticias.com.br\/\",\"name\":\"Portal raizes NOTICIAS\",\"description\":\"site de noticias de concei\u00e7\u00e3o do coit\u00e9 e regi\u00e3o\",\"publisher\":{\"@id\":\"https:\/\/portalraizesnoticias.com.br\/#organization\"},\"alternateName\":\"PORTAL RAIZES COIT\u00c9\",\"potentialAction\":[{\"@type\":\"SearchAction\",\"target\":{\"@type\":\"EntryPoint\",\"urlTemplate\":\"https:\/\/portalraizesnoticias.com.br\/?s={search_term_string}\"},\"query-input\":{\"@type\":\"PropertyValueSpecification\",\"valueRequired\":true,\"valueName\":\"search_term_string\"}}],\"inLanguage\":\"pt-BR\"},{\"@type\":\"Organization\",\"@id\":\"https:\/\/portalraizesnoticias.com.br\/#organization\",\"name\":\"Portal raizes NOTICIAS\",\"url\":\"https:\/\/portalraizesnoticias.com.br\/\",\"logo\":{\"@type\":\"ImageObject\",\"inLanguage\":\"pt-BR\",\"@id\":\"https:\/\/portalraizesnoticias.com.br\/#\/schema\/logo\/image\/\",\"url\":\"https:\/\/portalraizesnoticias.com.br\/wp-content\/uploads\/2024\/09\/cropped-Captura-de-tela-2024-09-08-011108.png\",\"contentUrl\":\"https:\/\/portalraizesnoticias.com.br\/wp-content\/uploads\/2024\/09\/cropped-Captura-de-tela-2024-09-08-011108.png\",\"width\":606,\"height\":173,\"caption\":\"Portal raizes NOTICIAS\"},\"image\":{\"@id\":\"https:\/\/portalraizesnoticias.com.br\/#\/schema\/logo\/image\/\"}},{\"@type\":\"Person\",\"@id\":\"https:\/\/portalraizesnoticias.com.br\/#\/schema\/person\/a3ca6b0fc701e78df19756c417d943ae\",\"name\":\"Portal Raizes\",\"image\":{\"@type\":\"ImageObject\",\"inLanguage\":\"pt-BR\",\"@id\":\"https:\/\/portalraizesnoticias.com.br\/#\/schema\/person\/image\/\",\"url\":\"https:\/\/secure.gravatar.com\/avatar\/ef450d29013a3d3fba867a12a249d7b1?s=96&d=mm&r=g\",\"contentUrl\":\"https:\/\/secure.gravatar.com\/avatar\/ef450d29013a3d3fba867a12a249d7b1?s=96&d=mm&r=g\",\"caption\":\"Portal Raizes\"},\"url\":\"https:\/\/portalraizesnoticias.com.br\/?author=3\"}]}<\/script>\n<!-- \/ Yoast SEO plugin. -->","yoast_head_json":{"title":"Amea\u00e7a com espingarda em conflito familiar termina em pris\u00e3o na zona rural de Concei\u00e7\u00e3o do Coit\u00e9 - Portal raizes noticias","robots":{"index":"index","follow":"follow","max-snippet":"max-snippet:-1","max-image-preview":"max-image-preview:large","max-video-preview":"max-video-preview:-1"},"canonical":"https:\/\/portalraizesnoticias.com.br\/?p=10709","og_locale":"pt_BR","og_type":"article","og_title":"Amea\u00e7a com espingarda em conflito familiar termina em pris\u00e3o na zona rural de Concei\u00e7\u00e3o do Coit\u00e9 - Portal raizes noticias","og_description":"Uma ocorr\u00eancia envolvendo amea\u00e7a armada e agress\u00f5es f\u00edsicas entre familiares resultou na pris\u00e3o de um suspeito na noite deste s\u00e1bado (31), no povoado Nova Palmares, zona rural do munic\u00edpio de Concei\u00e7\u00e3o do Coit\u00e9, na regi\u00e3o sisaleira da Bahia. O caso foi registrado por volta das 23h40, ap\u00f3s acionamento do centro de comunica\u00e7\u00f5es. Ao chegar ao local, a guarni\u00e7\u00e3o manteve contato com a v\u00edtima, o suspeito e testemunhas, que relataram uma discuss\u00e3o acalorada evoluindo para vias de fato. Durante a apura\u00e7\u00e3o, foi constatado que o suspeito teria amea\u00e7ado familiares utilizando uma arma de fogo do tipo espingarda, al\u00e9m de praticar agress\u00f5es f\u00edsicas. Ainda no local, os policiais foram informados sobre a posse irregular da arma. A espingarda foi localizada e apreendida durante a interven\u00e7\u00e3o policial. Diante da materialidade dos fatos e das den\u00fancias colhidas, o suspeito recebeu voz de pris\u00e3o. O acusado foi conduzido \u00e0 delegacia da regi\u00e3o, onde a ocorr\u00eancia foi formalizada e ficaram sob responsabilidade da autoridade policial as medidas legais cab\u00edveis. A Pol\u00edcia Militar destaca que conflitos familiares associados ao uso de armas elevam o risco de desfechos graves e refor\u00e7a a import\u00e2ncia do acionamento imediato das for\u00e7as de seguran\u00e7a em situa\u00e7\u00f5es de amea\u00e7a.","og_url":"https:\/\/portalraizesnoticias.com.br\/?p=10709","og_site_name":"Portal raizes noticias","article_published_time":"2026-02-02T15:32:14+00:00","article_modified_time":"2026-02-02T15:32:15+00:00","og_image":[{"width":800,"height":584,"url":"https:\/\/portalraizesnoticias.com.br\/wp-content\/uploads\/2026\/02\/WhatsApp-Image-2026-02-01-at-10.07.07.jpeg","type":"image\/jpeg"}],"author":"Portal Raizes","twitter_card":"summary_large_image","twitter_misc":{"Escrito por":"Portal Raizes","Est. tempo de leitura":"2 minutos"},"schema":{"@context":"https:\/\/schema.org","@graph":[{"@type":"Article","@id":"https:\/\/portalraizesnoticias.com.br\/?p=10709#article","isPartOf":{"@id":"https:\/\/portalraizesnoticias.com.br\/?p=10709"},"author":{"name":"Portal Raizes","@id":"https:\/\/portalraizesnoticias.com.br\/#\/schema\/person\/a3ca6b0fc701e78df19756c417d943ae"},"headline":"Amea\u00e7a com espingarda em conflito familiar termina em pris\u00e3o na zona rural de Concei\u00e7\u00e3o do Coit\u00e9","datePublished":"2026-02-02T15:32:14+00:00","dateModified":"2026-02-02T15:32:15+00:00","mainEntityOfPage":{"@id":"https:\/\/portalraizesnoticias.com.br\/?p=10709"},"wordCount":245,"commentCount":0,"publisher":{"@id":"https:\/\/portalraizesnoticias.com.br\/#organization"},"image":{"@id":"https:\/\/portalraizesnoticias.com.br\/?p=10709#primaryimage"},"thumbnailUrl":"https:\/\/portalraizesnoticias.com.br\/wp-content\/uploads\/2026\/02\/WhatsApp-Image-2026-02-01-at-10.07.07.jpeg","articleSection":["POLICIA","REGI\u00c3O","ULTIMAS NOTICIAS"],"inLanguage":"pt-BR","potentialAction":[{"@type":"CommentAction","name":"Comment","target":["https:\/\/portalraizesnoticias.com.br\/?p=10709#respond"]}]},{"@type":"WebPage","@id":"https:\/\/portalraizesnoticias.com.br\/?p=10709","url":"https:\/\/portalraizesnoticias.com.br\/?p=10709","name":"Amea\u00e7a com espingarda em conflito familiar termina em pris\u00e3o na zona rural de Concei\u00e7\u00e3o do Coit\u00e9 - Portal raizes noticias","isPartOf":{"@id":"https:\/\/portalraizesnoticias.com.br\/#website"},"primaryImageOfPage":{"@id":"https:\/\/portalraizesnoticias.com.br\/?p=10709#primaryimage"},"image":{"@id":"https:\/\/portalraizesnoticias.com.br\/?p=10709#primaryimage"},"thumbnailUrl":"https:\/\/portalraizesnoticias.com.br\/wp-content\/uploads\/2026\/02\/WhatsApp-Image-2026-02-01-at-10.07.07.jpeg","datePublished":"2026-02-02T15:32:14+00:00","dateModified":"2026-02-02T15:32:15+00:00","breadcrumb":{"@id":"https:\/\/portalraizesnoticias.com.br\/?p=10709#breadcrumb"},"inLanguage":"pt-BR","potentialAction":[{"@type":"ReadAction","target":["https:\/\/portalraizesnoticias.com.br\/?p=10709"]}]},{"@type":"ImageObject","inLanguage":"pt-BR","@id":"https:\/\/portalraizesnoticias.com.br\/?p=10709#primaryimage","url":"https:\/\/portalraizesnoticias.com.br\/wp-content\/uploads\/2026\/02\/WhatsApp-Image-2026-02-01-at-10.07.07.jpeg","contentUrl":"https:\/\/portalraizesnoticias.com.br\/wp-content\/uploads\/2026\/02\/WhatsApp-Image-2026-02-01-at-10.07.07.jpeg","width":800,"height":584},{"@type":"BreadcrumbList","@id":"https:\/\/portalraizesnoticias.com.br\/?p=10709#breadcrumb","itemListElement":[{"@type":"ListItem","position":1,"name":"In\u00edcio","item":"https:\/\/portalraizesnoticias.com.br\/"},{"@type":"ListItem","position":2,"name":"Amea\u00e7a com espingarda em conflito familiar termina em pris\u00e3o na zona rural de Concei\u00e7\u00e3o do Coit\u00e9"}]},{"@type":"WebSite","@id":"https:\/\/portalraizesnoticias.com.br\/#website","url":"https:\/\/portalraizesnoticias.com.br\/","name":"Portal raizes NOTICIAS","description":"site de noticias de concei\u00e7\u00e3o do coit\u00e9 e regi\u00e3o","publisher":{"@id":"https:\/\/portalraizesnoticias.com.br\/#organization"},"alternateName":"PORTAL RAIZES COIT\u00c9","potentialAction":[{"@type":"SearchAction","target":{"@type":"EntryPoint","urlTemplate":"https:\/\/portalraizesnoticias.com.br\/?s={search_term_string}"},"query-input":{"@type":"PropertyValueSpecification","valueRequired":true,"valueName":"search_term_string"}}],"inLanguage":"pt-BR"},{"@type":"Organization","@id":"https:\/\/portalraizesnoticias.com.br\/#organization","name":"Portal raizes NOTICIAS","url":"https:\/\/portalraizesnoticias.com.br\/","logo":{"@type":"ImageObject","inLanguage":"pt-BR","@id":"https:\/\/portalraizesnoticias.com.br\/#\/schema\/logo\/image\/","url":"https:\/\/portalraizesnoticias.com.br\/wp-content\/uploads\/2024\/09\/cropped-Captura-de-tela-2024-09-08-011108.png","contentUrl":"https:\/\/portalraizesnoticias.com.br\/wp-content\/uploads\/2024\/09\/cropped-Captura-de-tela-2024-09-08-011108.png","width":606,"height":173,"caption":"Portal raizes NOTICIAS"},"image":{"@id":"https:\/\/portalraizesnoticias.com.br\/#\/schema\/logo\/image\/"}},{"@type":"Person","@id":"https:\/\/portalraizesnoticias.com.br\/#\/schema\/person\/a3ca6b0fc701e78df19756c417d943ae","name":"Portal Raizes","image":{"@type":"ImageObject","inLanguage":"pt-BR","@id":"https:\/\/portalraizesnoticias.com.br\/#\/schema\/person\/image\/","url":"https:\/\/secure.gravatar.com\/avatar\/ef450d29013a3d3fba867a12a249d7b1?s=96&d=mm&r=g","contentUrl":"https:\/\/secure.gravatar.com\/avatar\/ef450d29013a3d3fba867a12a249d7b1?s=96&d=mm&r=g","caption":"Portal Raizes"},"url":"https:\/\/portalraizesnoticias.com.br\/?author=3"}]}},"_links":{"self":[{"href":"https:\/\/portalraizesnoticias.com.br\/index.php?rest_route=\/wp\/v2\/posts\/10709"}],"collection":[{"href":"https:\/\/portalraizesnoticias.com.br\/index.php?rest_route=\/wp\/v2\/posts"}],"about":[{"href":"https:\/\/portalraizesnoticias.com.br\/index.php?rest_route=\/wp\/v2\/types\/post"}],"author":[{"embeddable":true,"href":"https:\/\/portalraizesnoticias.com.br\/index.php?rest_route=\/wp\/v2\/users\/3"}],"replies":[{"embeddable":true,"href":"https:\/\/portalraizesnoticias.com.br\/index.php?rest_route=%2Fwp%2Fv2%2Fcomments&post=10709"}],"version-history":[{"count":1,"href":"https:\/\/portalraizesnoticias.com.br\/index.php?rest_route=\/wp\/v2\/posts\/10709\/revisions"}],"predecessor-version":[{"id":10711,"href":"https:\/\/portalraizesnoticias.com.br\/index.php?rest_route=\/wp\/v2\/posts\/10709\/revisions\/10711"}],"wp:featuredmedia":[{"embeddable":true,"href":"https:\/\/portalraizesnoticias.com.br\/index.php?rest_route=\/wp\/v2\/media\/10710"}],"wp:attachment":[{"href":"https:\/\/portalraizesnoticias.com.br\/index.php?rest_route=%2Fwp%2Fv2%2Fmedia&parent=10709"}],"wp:term":[{"taxonomy":"category","embeddable":true,"href":"https:\/\/portalraizesnoticias.com.br\/index.php?rest_route=%2Fwp%2Fv2%2Fcategories&post=10709"},{"taxonomy":"post_tag","embeddable":true,"href":"https:\/\/portalraizesnoticias.com.br\/index.php?rest_route=%2Fwp%2Fv2%2Ftags&post=10709"}],"curies":[{"name":"wp","href":"https:\/\/api.w.org\/{rel}","templated":true}]}}