{"id":10656,"date":"2026-01-27T10:54:30","date_gmt":"2026-01-27T13:54:30","guid":{"rendered":"https:\/\/portalraizesnoticias.com.br\/?p=10656"},"modified":"2026-01-27T10:54:42","modified_gmt":"2026-01-27T13:54:42","slug":"ex-paciente-oncologico-do-hec-celebra-nascimento-do-primeiro-filho-e-batiza-crianca-em-homenagem-ao-hospital","status":"publish","type":"post","link":"https:\/\/portalraizesnoticias.com.br\/?p=10656","title":{"rendered":"Ex-paciente oncol\u00f3gico do HEC celebra nascimento do primeiro filho e batiza crian\u00e7a em homenagem ao hospital"},"content":{"rendered":"\n<p>A hist\u00f3ria de Endio Silva, natural de Wagner, na regi\u00e3o da Chapada Diamantina, com o Hospital Estadual da Crian\u00e7a (HEC) come\u00e7ou pouco antes dele completar 16 anos, quando foi diagnosticado com leucemia. O tratamento durou seis anos e foi acompanhado pela equipe do Servi\u00e7o de Oncologia do HEC. Em fevereiro de 2025, aos 22 anos, Endio concluiu o tratamento e tocou o sino da cura, marcando oficialmente o fim do acompanhamento oncol\u00f3gico.<\/p>\n\n\n\n<p>Durante o per\u00edodo de tratamento, Endio conheceu Evine Nunes, tamb\u00e9m natural de Wagner, com quem construiu uma fam\u00edlia. Em Janeiro de 2026, quase um ano depois da alta de Endio, o casal celebrou o nascimento do primeiro filho tamb\u00e9m no HEC e, em homenagem ao hospital, batizou a crian\u00e7a de Hector, nome formado a partir das iniciais da unidade de sa\u00fade. O parto foi realizado em car\u00e1ter de urg\u00eancia, e tanto a m\u00e3e quanto o beb\u00ea precisaram de interna\u00e7\u00e3o na UTI, mas ambos receberam alta m\u00e9dica nesta segunda-feira (26) e passam bem.<\/p>\n\n\n\n<figure class=\"wp-block-image size-large\"><img fetchpriority=\"high\" decoding=\"async\" width=\"578\" height=\"1024\" src=\"https:\/\/portalraizesnoticias.com.br\/wp-content\/uploads\/2026\/01\/Alta-do-Pai-na-cura-do-Cancer-2-scaled-1-578x1024.jpg\" alt=\"\" class=\"wp-image-10658\" srcset=\"https:\/\/portalraizesnoticias.com.br\/wp-content\/uploads\/2026\/01\/Alta-do-Pai-na-cura-do-Cancer-2-scaled-1-578x1024.jpg 578w, https:\/\/portalraizesnoticias.com.br\/wp-content\/uploads\/2026\/01\/Alta-do-Pai-na-cura-do-Cancer-2-scaled-1-169x300.jpg 169w, https:\/\/portalraizesnoticias.com.br\/wp-content\/uploads\/2026\/01\/Alta-do-Pai-na-cura-do-Cancer-2-scaled-1-768x1362.jpg 768w, https:\/\/portalraizesnoticias.com.br\/wp-content\/uploads\/2026\/01\/Alta-do-Pai-na-cura-do-Cancer-2-scaled-1-866x1536.jpg 866w, https:\/\/portalraizesnoticias.com.br\/wp-content\/uploads\/2026\/01\/Alta-do-Pai-na-cura-do-Cancer-2-scaled-1-1155x2048.jpg 1155w, https:\/\/portalraizesnoticias.com.br\/wp-content\/uploads\/2026\/01\/Alta-do-Pai-na-cura-do-Cancer-2-scaled-1.jpg 1444w\" sizes=\"(max-width: 578px) 100vw, 578px\" \/><\/figure>\n\n\n\n<p>Segundo Evine Nunes, o nascimento do filho no mesmo hospital onde o companheiro foi tratado tem um significado especial. \u201cEndio sempre me contou sobre os muitos anos vividos aqui, o medo presente em cada etapa do tratamento, mas tamb\u00e9m sobre o acolhimento recebido de todos os profissionais, que o ajudaram a suportar esse per\u00edodo junto com a fam\u00edlia. Voltar ao HEC para trazer nosso filho ao mundo foi muito emocionante\u201d, afirmou.<\/p>\n\n\n\n<figure class=\"wp-block-image size-large\"><img decoding=\"async\" width=\"578\" height=\"1024\" src=\"https:\/\/portalraizesnoticias.com.br\/wp-content\/uploads\/2026\/01\/Alta-do-Pai-na-cura-do-Cancer-1-scaled-1-578x1024.jpg\" alt=\"\" class=\"wp-image-10659\" srcset=\"https:\/\/portalraizesnoticias.com.br\/wp-content\/uploads\/2026\/01\/Alta-do-Pai-na-cura-do-Cancer-1-scaled-1-578x1024.jpg 578w, https:\/\/portalraizesnoticias.com.br\/wp-content\/uploads\/2026\/01\/Alta-do-Pai-na-cura-do-Cancer-1-scaled-1-169x300.jpg 169w, https:\/\/portalraizesnoticias.com.br\/wp-content\/uploads\/2026\/01\/Alta-do-Pai-na-cura-do-Cancer-1-scaled-1-768x1362.jpg 768w, https:\/\/portalraizesnoticias.com.br\/wp-content\/uploads\/2026\/01\/Alta-do-Pai-na-cura-do-Cancer-1-scaled-1-866x1536.jpg 866w, https:\/\/portalraizesnoticias.com.br\/wp-content\/uploads\/2026\/01\/Alta-do-Pai-na-cura-do-Cancer-1-scaled-1-1155x2048.jpg 1155w, https:\/\/portalraizesnoticias.com.br\/wp-content\/uploads\/2026\/01\/Alta-do-Pai-na-cura-do-Cancer-1-scaled-1.jpg 1444w\" sizes=\"(max-width: 578px) 100vw, 578px\" \/><\/figure>\n\n\n\n<p>Endio Silva destacou a import\u00e2ncia do atendimento recebido ao longo dos anos. \u201cO HEC fez parte da minha vida em momentos muito dif\u00edceis. Aqui encontrei cuidado, apoio e profissionais que nunca desistiram. Dar o nome de Hector ao nosso filho \u00e9 uma forma de agradecer por tudo que vivemos\u201d, disse.<\/p>\n\n\n\n<p>A coordenadora de enfermagem do Servi\u00e7o de Oncologia do HEC, Eula Rayssa, ressaltou o impacto da hist\u00f3ria para a equipe. \u201cAcompanhar a trajet\u00f3ria de Endio, desde o diagn\u00f3stico at\u00e9 a cura, e depois v\u00ea-lo retornar como pai, \u00e9 algo que refor\u00e7a o sentido do nosso trabalho e do cuidado cont\u00ednuo que oferecemos\u201d, afirmou.<\/p>\n\n\n\n<figure class=\"wp-block-image size-large\"><img decoding=\"async\" width=\"768\" height=\"1024\" src=\"https:\/\/portalraizesnoticias.com.br\/wp-content\/uploads\/2026\/01\/Mae-e-Bebe-2-scaled-2-768x1024.jpeg\" alt=\"\" class=\"wp-image-10660\" srcset=\"https:\/\/portalraizesnoticias.com.br\/wp-content\/uploads\/2026\/01\/Mae-e-Bebe-2-scaled-2-768x1024.jpeg 768w, https:\/\/portalraizesnoticias.com.br\/wp-content\/uploads\/2026\/01\/Mae-e-Bebe-2-scaled-2-225x300.jpeg 225w, https:\/\/portalraizesnoticias.com.br\/wp-content\/uploads\/2026\/01\/Mae-e-Bebe-2-scaled-2-1152x1536.jpeg 1152w, https:\/\/portalraizesnoticias.com.br\/wp-content\/uploads\/2026\/01\/Mae-e-Bebe-2-scaled-2-1536x2048.jpeg 1536w, https:\/\/portalraizesnoticias.com.br\/wp-content\/uploads\/2026\/01\/Mae-e-Bebe-2-scaled-2.jpeg 1920w\" sizes=\"(max-width: 768px) 100vw, 768px\" \/><\/figure>\n\n\n\n<p>O Hospital Estadual da Crian\u00e7a \u00e9 uma unidade materno-infantil de m\u00e9dia e alta complexidade 100% SUS, da Secretaria da Sa\u00fade do Estado da Bahia (Sesab) e gerida pela Liga \u00c1lvaro Bahia, atendendo crian\u00e7as, adolescentes e suas fam\u00edlias em diversas especialidades.<\/p>\n","protected":false},"excerpt":{"rendered":"<p>A hist\u00f3ria de Endio Silva, natural de Wagner, na regi\u00e3o da Chapada Diamantina, com o Hospital Estadual da Crian\u00e7a (HEC) come\u00e7ou pouco antes dele completar 16 anos, quando foi diagnosticado com leucemia. O tratamento durou seis anos e foi acompanhado pela equipe do Servi\u00e7o de Oncologia do HEC. Em fevereiro de 2025, aos 22 anos, Endio concluiu o tratamento e tocou o sino da cura, marcando oficialmente o fim do acompanhamento oncol\u00f3gico. Durante o per\u00edodo de tratamento, Endio conheceu Evine Nunes, tamb\u00e9m natural de Wagner, com quem construiu uma fam\u00edlia. Em Janeiro de 2026, quase um ano depois da alta de Endio, o casal celebrou o nascimento do primeiro filho tamb\u00e9m no HEC e, em homenagem ao hospital, batizou a crian\u00e7a de Hector, nome formado a partir das iniciais da unidade de sa\u00fade. O parto foi realizado em car\u00e1ter de urg\u00eancia, e tanto a m\u00e3e quanto o beb\u00ea precisaram de interna\u00e7\u00e3o na UTI, mas ambos receberam alta m\u00e9dica nesta segunda-feira (26) e passam bem. Segundo Evine Nunes, o nascimento do filho no mesmo hospital onde o companheiro foi tratado tem um significado especial. \u201cEndio sempre me contou sobre os muitos anos vividos aqui, o medo presente em cada etapa do tratamento, mas tamb\u00e9m sobre o acolhimento recebido de todos os profissionais, que o ajudaram a suportar esse per\u00edodo junto com a fam\u00edlia. Voltar ao HEC para trazer nosso filho ao mundo foi muito emocionante\u201d, afirmou. Endio Silva destacou a import\u00e2ncia do atendimento recebido ao longo dos anos. \u201cO HEC fez parte da minha vida em momentos muito dif\u00edceis. Aqui encontrei cuidado, apoio e profissionais que nunca desistiram. Dar o nome de Hector ao nosso filho \u00e9 uma forma de agradecer por tudo que vivemos\u201d, disse. A coordenadora de enfermagem do Servi\u00e7o de Oncologia do HEC, Eula Rayssa, ressaltou o impacto da hist\u00f3ria para a equipe. \u201cAcompanhar a trajet\u00f3ria de Endio, desde o diagn\u00f3stico at\u00e9 a cura, e depois v\u00ea-lo retornar como pai, \u00e9 algo que refor\u00e7a o sentido do nosso trabalho e do cuidado cont\u00ednuo que oferecemos\u201d, afirmou. O Hospital Estadual da Crian\u00e7a \u00e9 uma unidade materno-infantil de m\u00e9dia e alta complexidade 100% SUS, da Secretaria da Sa\u00fade do Estado da Bahia (Sesab) e gerida pela Liga \u00c1lvaro Bahia, atendendo crian\u00e7as, adolescentes e suas fam\u00edlias em diversas especialidades.<\/p>\n","protected":false},"author":3,"featured_media":10657,"comment_status":"open","ping_status":"open","sticky":false,"template":"","format":"standard","meta":{"_joinchat":[],"footnotes":""},"categories":[86],"tags":[],"class_list":["post-10656","post","type-post","status-publish","format-standard","has-post-thumbnail","hentry","category-saude"],"yoast_head":"<!-- This site is optimized with the Yoast SEO plugin v24.4 - https:\/\/yoast.com\/wordpress\/plugins\/seo\/ -->\n<title>Ex-paciente oncol\u00f3gico do HEC celebra nascimento do primeiro filho e batiza crian\u00e7a em homenagem ao hospital - Portal raizes noticias<\/title>\n<meta name=\"robots\" content=\"index, follow, max-snippet:-1, max-image-preview:large, max-video-preview:-1\" \/>\n<link rel=\"canonical\" href=\"https:\/\/portalraizesnoticias.com.br\/?p=10656\" \/>\n<meta property=\"og:locale\" content=\"pt_BR\" \/>\n<meta property=\"og:type\" content=\"article\" \/>\n<meta property=\"og:title\" content=\"Ex-paciente oncol\u00f3gico do HEC celebra nascimento do primeiro filho e batiza crian\u00e7a em homenagem ao hospital - Portal raizes noticias\" \/>\n<meta property=\"og:description\" content=\"A hist\u00f3ria de Endio Silva, natural de Wagner, na regi\u00e3o da Chapada Diamantina, com o Hospital Estadual da Crian\u00e7a (HEC) come\u00e7ou pouco antes dele completar 16 anos, quando foi diagnosticado com leucemia. O tratamento durou seis anos e foi acompanhado pela equipe do Servi\u00e7o de Oncologia do HEC. Em fevereiro de 2025, aos 22 anos, Endio concluiu o tratamento e tocou o sino da cura, marcando oficialmente o fim do acompanhamento oncol\u00f3gico. Durante o per\u00edodo de tratamento, Endio conheceu Evine Nunes, tamb\u00e9m natural de Wagner, com quem construiu uma fam\u00edlia. Em Janeiro de 2026, quase um ano depois da alta de Endio, o casal celebrou o nascimento do primeiro filho tamb\u00e9m no HEC e, em homenagem ao hospital, batizou a crian\u00e7a de Hector, nome formado a partir das iniciais da unidade de sa\u00fade. O parto foi realizado em car\u00e1ter de urg\u00eancia, e tanto a m\u00e3e quanto o beb\u00ea precisaram de interna\u00e7\u00e3o na UTI, mas ambos receberam alta m\u00e9dica nesta segunda-feira (26) e passam bem. Segundo Evine Nunes, o nascimento do filho no mesmo hospital onde o companheiro foi tratado tem um significado especial. \u201cEndio sempre me contou sobre os muitos anos vividos aqui, o medo presente em cada etapa do tratamento, mas tamb\u00e9m sobre o acolhimento recebido de todos os profissionais, que o ajudaram a suportar esse per\u00edodo junto com a fam\u00edlia. Voltar ao HEC para trazer nosso filho ao mundo foi muito emocionante\u201d, afirmou. Endio Silva destacou a import\u00e2ncia do atendimento recebido ao longo dos anos. \u201cO HEC fez parte da minha vida em momentos muito dif\u00edceis. Aqui encontrei cuidado, apoio e profissionais que nunca desistiram. Dar o nome de Hector ao nosso filho \u00e9 uma forma de agradecer por tudo que vivemos\u201d, disse. A coordenadora de enfermagem do Servi\u00e7o de Oncologia do HEC, Eula Rayssa, ressaltou o impacto da hist\u00f3ria para a equipe. \u201cAcompanhar a trajet\u00f3ria de Endio, desde o diagn\u00f3stico at\u00e9 a cura, e depois v\u00ea-lo retornar como pai, \u00e9 algo que refor\u00e7a o sentido do nosso trabalho e do cuidado cont\u00ednuo que oferecemos\u201d, afirmou. O Hospital Estadual da Crian\u00e7a \u00e9 uma unidade materno-infantil de m\u00e9dia e alta complexidade 100% SUS, da Secretaria da Sa\u00fade do Estado da Bahia (Sesab) e gerida pela Liga \u00c1lvaro Bahia, atendendo crian\u00e7as, adolescentes e suas fam\u00edlias em diversas especialidades.\" \/>\n<meta property=\"og:url\" content=\"https:\/\/portalraizesnoticias.com.br\/?p=10656\" \/>\n<meta property=\"og:site_name\" content=\"Portal raizes noticias\" \/>\n<meta property=\"article:published_time\" content=\"2026-01-27T13:54:30+00:00\" \/>\n<meta property=\"article:modified_time\" content=\"2026-01-27T13:54:42+00:00\" \/>\n<meta property=\"og:image\" content=\"https:\/\/portalraizesnoticias.com.br\/wp-content\/uploads\/2026\/01\/Mae-e-Bebe-2-scaled-1.jpeg\" \/>\n\t<meta property=\"og:image:width\" content=\"1920\" \/>\n\t<meta property=\"og:image:height\" content=\"2560\" \/>\n\t<meta property=\"og:image:type\" content=\"image\/jpeg\" \/>\n<meta name=\"author\" content=\"Portal Raizes\" \/>\n<meta name=\"twitter:card\" content=\"summary_large_image\" \/>\n<meta name=\"twitter:label1\" content=\"Escrito por\" \/>\n\t<meta name=\"twitter:data1\" content=\"Portal Raizes\" \/>\n\t<meta name=\"twitter:label2\" content=\"Est. tempo de leitura\" \/>\n\t<meta name=\"twitter:data2\" content=\"3 minutos\" \/>\n<script type=\"application\/ld+json\" class=\"yoast-schema-graph\">{\"@context\":\"https:\/\/schema.org\",\"@graph\":[{\"@type\":\"Article\",\"@id\":\"https:\/\/portalraizesnoticias.com.br\/?p=10656#article\",\"isPartOf\":{\"@id\":\"https:\/\/portalraizesnoticias.com.br\/?p=10656\"},\"author\":{\"name\":\"Portal Raizes\",\"@id\":\"https:\/\/portalraizesnoticias.com.br\/#\/schema\/person\/a3ca6b0fc701e78df19756c417d943ae\"},\"headline\":\"Ex-paciente oncol\u00f3gico do HEC celebra nascimento do primeiro filho e batiza crian\u00e7a em homenagem ao hospital\",\"datePublished\":\"2026-01-27T13:54:30+00:00\",\"dateModified\":\"2026-01-27T13:54:42+00:00\",\"mainEntityOfPage\":{\"@id\":\"https:\/\/portalraizesnoticias.com.br\/?p=10656\"},\"wordCount\":421,\"commentCount\":0,\"publisher\":{\"@id\":\"https:\/\/portalraizesnoticias.com.br\/#organization\"},\"image\":{\"@id\":\"https:\/\/portalraizesnoticias.com.br\/?p=10656#primaryimage\"},\"thumbnailUrl\":\"https:\/\/portalraizesnoticias.com.br\/wp-content\/uploads\/2026\/01\/Mae-e-Bebe-2-scaled-1.jpeg\",\"articleSection\":[\"SA\u00daDE\"],\"inLanguage\":\"pt-BR\",\"potentialAction\":[{\"@type\":\"CommentAction\",\"name\":\"Comment\",\"target\":[\"https:\/\/portalraizesnoticias.com.br\/?p=10656#respond\"]}]},{\"@type\":\"WebPage\",\"@id\":\"https:\/\/portalraizesnoticias.com.br\/?p=10656\",\"url\":\"https:\/\/portalraizesnoticias.com.br\/?p=10656\",\"name\":\"Ex-paciente oncol\u00f3gico do HEC celebra nascimento do primeiro filho e batiza crian\u00e7a em homenagem ao hospital - Portal raizes noticias\",\"isPartOf\":{\"@id\":\"https:\/\/portalraizesnoticias.com.br\/#website\"},\"primaryImageOfPage\":{\"@id\":\"https:\/\/portalraizesnoticias.com.br\/?p=10656#primaryimage\"},\"image\":{\"@id\":\"https:\/\/portalraizesnoticias.com.br\/?p=10656#primaryimage\"},\"thumbnailUrl\":\"https:\/\/portalraizesnoticias.com.br\/wp-content\/uploads\/2026\/01\/Mae-e-Bebe-2-scaled-1.jpeg\",\"datePublished\":\"2026-01-27T13:54:30+00:00\",\"dateModified\":\"2026-01-27T13:54:42+00:00\",\"breadcrumb\":{\"@id\":\"https:\/\/portalraizesnoticias.com.br\/?p=10656#breadcrumb\"},\"inLanguage\":\"pt-BR\",\"potentialAction\":[{\"@type\":\"ReadAction\",\"target\":[\"https:\/\/portalraizesnoticias.com.br\/?p=10656\"]}]},{\"@type\":\"ImageObject\",\"inLanguage\":\"pt-BR\",\"@id\":\"https:\/\/portalraizesnoticias.com.br\/?p=10656#primaryimage\",\"url\":\"https:\/\/portalraizesnoticias.com.br\/wp-content\/uploads\/2026\/01\/Mae-e-Bebe-2-scaled-1.jpeg\",\"contentUrl\":\"https:\/\/portalraizesnoticias.com.br\/wp-content\/uploads\/2026\/01\/Mae-e-Bebe-2-scaled-1.jpeg\",\"width\":1920,\"height\":2560},{\"@type\":\"BreadcrumbList\",\"@id\":\"https:\/\/portalraizesnoticias.com.br\/?p=10656#breadcrumb\",\"itemListElement\":[{\"@type\":\"ListItem\",\"position\":1,\"name\":\"In\u00edcio\",\"item\":\"https:\/\/portalraizesnoticias.com.br\/\"},{\"@type\":\"ListItem\",\"position\":2,\"name\":\"Ex-paciente oncol\u00f3gico do HEC celebra nascimento do primeiro filho e batiza crian\u00e7a em homenagem ao hospital\"}]},{\"@type\":\"WebSite\",\"@id\":\"https:\/\/portalraizesnoticias.com.br\/#website\",\"url\":\"https:\/\/portalraizesnoticias.com.br\/\",\"name\":\"Portal raizes NOTICIAS\",\"description\":\"site de noticias de concei\u00e7\u00e3o do coit\u00e9 e regi\u00e3o\",\"publisher\":{\"@id\":\"https:\/\/portalraizesnoticias.com.br\/#organization\"},\"alternateName\":\"PORTAL RAIZES COIT\u00c9\",\"potentialAction\":[{\"@type\":\"SearchAction\",\"target\":{\"@type\":\"EntryPoint\",\"urlTemplate\":\"https:\/\/portalraizesnoticias.com.br\/?s={search_term_string}\"},\"query-input\":{\"@type\":\"PropertyValueSpecification\",\"valueRequired\":true,\"valueName\":\"search_term_string\"}}],\"inLanguage\":\"pt-BR\"},{\"@type\":\"Organization\",\"@id\":\"https:\/\/portalraizesnoticias.com.br\/#organization\",\"name\":\"Portal raizes NOTICIAS\",\"url\":\"https:\/\/portalraizesnoticias.com.br\/\",\"logo\":{\"@type\":\"ImageObject\",\"inLanguage\":\"pt-BR\",\"@id\":\"https:\/\/portalraizesnoticias.com.br\/#\/schema\/logo\/image\/\",\"url\":\"https:\/\/portalraizesnoticias.com.br\/wp-content\/uploads\/2024\/09\/cropped-Captura-de-tela-2024-09-08-011108.png\",\"contentUrl\":\"https:\/\/portalraizesnoticias.com.br\/wp-content\/uploads\/2024\/09\/cropped-Captura-de-tela-2024-09-08-011108.png\",\"width\":606,\"height\":173,\"caption\":\"Portal raizes NOTICIAS\"},\"image\":{\"@id\":\"https:\/\/portalraizesnoticias.com.br\/#\/schema\/logo\/image\/\"}},{\"@type\":\"Person\",\"@id\":\"https:\/\/portalraizesnoticias.com.br\/#\/schema\/person\/a3ca6b0fc701e78df19756c417d943ae\",\"name\":\"Portal Raizes\",\"image\":{\"@type\":\"ImageObject\",\"inLanguage\":\"pt-BR\",\"@id\":\"https:\/\/portalraizesnoticias.com.br\/#\/schema\/person\/image\/\",\"url\":\"https:\/\/secure.gravatar.com\/avatar\/ef450d29013a3d3fba867a12a249d7b1?s=96&d=mm&r=g\",\"contentUrl\":\"https:\/\/secure.gravatar.com\/avatar\/ef450d29013a3d3fba867a12a249d7b1?s=96&d=mm&r=g\",\"caption\":\"Portal Raizes\"},\"url\":\"https:\/\/portalraizesnoticias.com.br\/?author=3\"}]}<\/script>\n<!-- \/ Yoast SEO plugin. -->","yoast_head_json":{"title":"Ex-paciente oncol\u00f3gico do HEC celebra nascimento do primeiro filho e batiza crian\u00e7a em homenagem ao hospital - Portal raizes noticias","robots":{"index":"index","follow":"follow","max-snippet":"max-snippet:-1","max-image-preview":"max-image-preview:large","max-video-preview":"max-video-preview:-1"},"canonical":"https:\/\/portalraizesnoticias.com.br\/?p=10656","og_locale":"pt_BR","og_type":"article","og_title":"Ex-paciente oncol\u00f3gico do HEC celebra nascimento do primeiro filho e batiza crian\u00e7a em homenagem ao hospital - Portal raizes noticias","og_description":"A hist\u00f3ria de Endio Silva, natural de Wagner, na regi\u00e3o da Chapada Diamantina, com o Hospital Estadual da Crian\u00e7a (HEC) come\u00e7ou pouco antes dele completar 16 anos, quando foi diagnosticado com leucemia. O tratamento durou seis anos e foi acompanhado pela equipe do Servi\u00e7o de Oncologia do HEC. Em fevereiro de 2025, aos 22 anos, Endio concluiu o tratamento e tocou o sino da cura, marcando oficialmente o fim do acompanhamento oncol\u00f3gico. Durante o per\u00edodo de tratamento, Endio conheceu Evine Nunes, tamb\u00e9m natural de Wagner, com quem construiu uma fam\u00edlia. Em Janeiro de 2026, quase um ano depois da alta de Endio, o casal celebrou o nascimento do primeiro filho tamb\u00e9m no HEC e, em homenagem ao hospital, batizou a crian\u00e7a de Hector, nome formado a partir das iniciais da unidade de sa\u00fade. O parto foi realizado em car\u00e1ter de urg\u00eancia, e tanto a m\u00e3e quanto o beb\u00ea precisaram de interna\u00e7\u00e3o na UTI, mas ambos receberam alta m\u00e9dica nesta segunda-feira (26) e passam bem. Segundo Evine Nunes, o nascimento do filho no mesmo hospital onde o companheiro foi tratado tem um significado especial. \u201cEndio sempre me contou sobre os muitos anos vividos aqui, o medo presente em cada etapa do tratamento, mas tamb\u00e9m sobre o acolhimento recebido de todos os profissionais, que o ajudaram a suportar esse per\u00edodo junto com a fam\u00edlia. Voltar ao HEC para trazer nosso filho ao mundo foi muito emocionante\u201d, afirmou. Endio Silva destacou a import\u00e2ncia do atendimento recebido ao longo dos anos. \u201cO HEC fez parte da minha vida em momentos muito dif\u00edceis. Aqui encontrei cuidado, apoio e profissionais que nunca desistiram. Dar o nome de Hector ao nosso filho \u00e9 uma forma de agradecer por tudo que vivemos\u201d, disse. A coordenadora de enfermagem do Servi\u00e7o de Oncologia do HEC, Eula Rayssa, ressaltou o impacto da hist\u00f3ria para a equipe. \u201cAcompanhar a trajet\u00f3ria de Endio, desde o diagn\u00f3stico at\u00e9 a cura, e depois v\u00ea-lo retornar como pai, \u00e9 algo que refor\u00e7a o sentido do nosso trabalho e do cuidado cont\u00ednuo que oferecemos\u201d, afirmou. O Hospital Estadual da Crian\u00e7a \u00e9 uma unidade materno-infantil de m\u00e9dia e alta complexidade 100% SUS, da Secretaria da Sa\u00fade do Estado da Bahia (Sesab) e gerida pela Liga \u00c1lvaro Bahia, atendendo crian\u00e7as, adolescentes e suas fam\u00edlias em diversas especialidades.","og_url":"https:\/\/portalraizesnoticias.com.br\/?p=10656","og_site_name":"Portal raizes noticias","article_published_time":"2026-01-27T13:54:30+00:00","article_modified_time":"2026-01-27T13:54:42+00:00","og_image":[{"width":1920,"height":2560,"url":"https:\/\/portalraizesnoticias.com.br\/wp-content\/uploads\/2026\/01\/Mae-e-Bebe-2-scaled-1.jpeg","type":"image\/jpeg"}],"author":"Portal Raizes","twitter_card":"summary_large_image","twitter_misc":{"Escrito por":"Portal Raizes","Est. tempo de leitura":"3 minutos"},"schema":{"@context":"https:\/\/schema.org","@graph":[{"@type":"Article","@id":"https:\/\/portalraizesnoticias.com.br\/?p=10656#article","isPartOf":{"@id":"https:\/\/portalraizesnoticias.com.br\/?p=10656"},"author":{"name":"Portal Raizes","@id":"https:\/\/portalraizesnoticias.com.br\/#\/schema\/person\/a3ca6b0fc701e78df19756c417d943ae"},"headline":"Ex-paciente oncol\u00f3gico do HEC celebra nascimento do primeiro filho e batiza crian\u00e7a em homenagem ao hospital","datePublished":"2026-01-27T13:54:30+00:00","dateModified":"2026-01-27T13:54:42+00:00","mainEntityOfPage":{"@id":"https:\/\/portalraizesnoticias.com.br\/?p=10656"},"wordCount":421,"commentCount":0,"publisher":{"@id":"https:\/\/portalraizesnoticias.com.br\/#organization"},"image":{"@id":"https:\/\/portalraizesnoticias.com.br\/?p=10656#primaryimage"},"thumbnailUrl":"https:\/\/portalraizesnoticias.com.br\/wp-content\/uploads\/2026\/01\/Mae-e-Bebe-2-scaled-1.jpeg","articleSection":["SA\u00daDE"],"inLanguage":"pt-BR","potentialAction":[{"@type":"CommentAction","name":"Comment","target":["https:\/\/portalraizesnoticias.com.br\/?p=10656#respond"]}]},{"@type":"WebPage","@id":"https:\/\/portalraizesnoticias.com.br\/?p=10656","url":"https:\/\/portalraizesnoticias.com.br\/?p=10656","name":"Ex-paciente oncol\u00f3gico do HEC celebra nascimento do primeiro filho e batiza crian\u00e7a em homenagem ao hospital - Portal raizes noticias","isPartOf":{"@id":"https:\/\/portalraizesnoticias.com.br\/#website"},"primaryImageOfPage":{"@id":"https:\/\/portalraizesnoticias.com.br\/?p=10656#primaryimage"},"image":{"@id":"https:\/\/portalraizesnoticias.com.br\/?p=10656#primaryimage"},"thumbnailUrl":"https:\/\/portalraizesnoticias.com.br\/wp-content\/uploads\/2026\/01\/Mae-e-Bebe-2-scaled-1.jpeg","datePublished":"2026-01-27T13:54:30+00:00","dateModified":"2026-01-27T13:54:42+00:00","breadcrumb":{"@id":"https:\/\/portalraizesnoticias.com.br\/?p=10656#breadcrumb"},"inLanguage":"pt-BR","potentialAction":[{"@type":"ReadAction","target":["https:\/\/portalraizesnoticias.com.br\/?p=10656"]}]},{"@type":"ImageObject","inLanguage":"pt-BR","@id":"https:\/\/portalraizesnoticias.com.br\/?p=10656#primaryimage","url":"https:\/\/portalraizesnoticias.com.br\/wp-content\/uploads\/2026\/01\/Mae-e-Bebe-2-scaled-1.jpeg","contentUrl":"https:\/\/portalraizesnoticias.com.br\/wp-content\/uploads\/2026\/01\/Mae-e-Bebe-2-scaled-1.jpeg","width":1920,"height":2560},{"@type":"BreadcrumbList","@id":"https:\/\/portalraizesnoticias.com.br\/?p=10656#breadcrumb","itemListElement":[{"@type":"ListItem","position":1,"name":"In\u00edcio","item":"https:\/\/portalraizesnoticias.com.br\/"},{"@type":"ListItem","position":2,"name":"Ex-paciente oncol\u00f3gico do HEC celebra nascimento do primeiro filho e batiza crian\u00e7a em homenagem ao hospital"}]},{"@type":"WebSite","@id":"https:\/\/portalraizesnoticias.com.br\/#website","url":"https:\/\/portalraizesnoticias.com.br\/","name":"Portal raizes NOTICIAS","description":"site de noticias de concei\u00e7\u00e3o do coit\u00e9 e regi\u00e3o","publisher":{"@id":"https:\/\/portalraizesnoticias.com.br\/#organization"},"alternateName":"PORTAL RAIZES COIT\u00c9","potentialAction":[{"@type":"SearchAction","target":{"@type":"EntryPoint","urlTemplate":"https:\/\/portalraizesnoticias.com.br\/?s={search_term_string}"},"query-input":{"@type":"PropertyValueSpecification","valueRequired":true,"valueName":"search_term_string"}}],"inLanguage":"pt-BR"},{"@type":"Organization","@id":"https:\/\/portalraizesnoticias.com.br\/#organization","name":"Portal raizes NOTICIAS","url":"https:\/\/portalraizesnoticias.com.br\/","logo":{"@type":"ImageObject","inLanguage":"pt-BR","@id":"https:\/\/portalraizesnoticias.com.br\/#\/schema\/logo\/image\/","url":"https:\/\/portalraizesnoticias.com.br\/wp-content\/uploads\/2024\/09\/cropped-Captura-de-tela-2024-09-08-011108.png","contentUrl":"https:\/\/portalraizesnoticias.com.br\/wp-content\/uploads\/2024\/09\/cropped-Captura-de-tela-2024-09-08-011108.png","width":606,"height":173,"caption":"Portal raizes NOTICIAS"},"image":{"@id":"https:\/\/portalraizesnoticias.com.br\/#\/schema\/logo\/image\/"}},{"@type":"Person","@id":"https:\/\/portalraizesnoticias.com.br\/#\/schema\/person\/a3ca6b0fc701e78df19756c417d943ae","name":"Portal Raizes","image":{"@type":"ImageObject","inLanguage":"pt-BR","@id":"https:\/\/portalraizesnoticias.com.br\/#\/schema\/person\/image\/","url":"https:\/\/secure.gravatar.com\/avatar\/ef450d29013a3d3fba867a12a249d7b1?s=96&d=mm&r=g","contentUrl":"https:\/\/secure.gravatar.com\/avatar\/ef450d29013a3d3fba867a12a249d7b1?s=96&d=mm&r=g","caption":"Portal Raizes"},"url":"https:\/\/portalraizesnoticias.com.br\/?author=3"}]}},"_links":{"self":[{"href":"https:\/\/portalraizesnoticias.com.br\/index.php?rest_route=\/wp\/v2\/posts\/10656"}],"collection":[{"href":"https:\/\/portalraizesnoticias.com.br\/index.php?rest_route=\/wp\/v2\/posts"}],"about":[{"href":"https:\/\/portalraizesnoticias.com.br\/index.php?rest_route=\/wp\/v2\/types\/post"}],"author":[{"embeddable":true,"href":"https:\/\/portalraizesnoticias.com.br\/index.php?rest_route=\/wp\/v2\/users\/3"}],"replies":[{"embeddable":true,"href":"https:\/\/portalraizesnoticias.com.br\/index.php?rest_route=%2Fwp%2Fv2%2Fcomments&post=10656"}],"version-history":[{"count":1,"href":"https:\/\/portalraizesnoticias.com.br\/index.php?rest_route=\/wp\/v2\/posts\/10656\/revisions"}],"predecessor-version":[{"id":10661,"href":"https:\/\/portalraizesnoticias.com.br\/index.php?rest_route=\/wp\/v2\/posts\/10656\/revisions\/10661"}],"wp:featuredmedia":[{"embeddable":true,"href":"https:\/\/portalraizesnoticias.com.br\/index.php?rest_route=\/wp\/v2\/media\/10657"}],"wp:attachment":[{"href":"https:\/\/portalraizesnoticias.com.br\/index.php?rest_route=%2Fwp%2Fv2%2Fmedia&parent=10656"}],"wp:term":[{"taxonomy":"category","embeddable":true,"href":"https:\/\/portalraizesnoticias.com.br\/index.php?rest_route=%2Fwp%2Fv2%2Fcategories&post=10656"},{"taxonomy":"post_tag","embeddable":true,"href":"https:\/\/portalraizesnoticias.com.br\/index.php?rest_route=%2Fwp%2Fv2%2Ftags&post=10656"}],"curies":[{"name":"wp","href":"https:\/\/api.w.org\/{rel}","templated":true}]}}