{"id":10568,"date":"2026-01-23T12:28:32","date_gmt":"2026-01-23T15:28:32","guid":{"rendered":"https:\/\/portalraizesnoticias.com.br\/?p=10568"},"modified":"2026-01-23T12:29:27","modified_gmt":"2026-01-23T15:29:27","slug":"4-motocicletas-sucatas-sao-apreendidas-durante-operacao-zona-rural-da-pm-em-retirolandia","status":"publish","type":"post","link":"https:\/\/portalraizesnoticias.com.br\/?p=10568","title":{"rendered":"4 motocicletas sucatas s\u00e3o apreendidas durante Opera\u00e7\u00e3o Zona Rural da PM em Retirol\u00e2ndia"},"content":{"rendered":"<p>Durante a intensifica\u00e7\u00e3o da Opera\u00e7\u00e3o Zona Rural, policiais militares, avistaram por volta das 16h30 de ontem (22), v\u00e1rias motocicletas suspeitas na estrada que liga a cidade ao povoado de Mand\u00e1polis, pr\u00f3ximo ao a\u00e7ude em Retirol\u00e2ndia.<\/p>\n<p><img fetchpriority=\"high\" decoding=\"async\" class=\"size-medium wp-image-10424 aligncenter\" src=\"https:\/\/portalraizesnoticias.com.br\/wp-content\/uploads\/2023\/04\/reis-car_page-0001-212x300.jpg\" alt=\"\" width=\"212\" height=\"300\" srcset=\"https:\/\/portalraizesnoticias.com.br\/wp-content\/uploads\/2023\/04\/reis-car_page-0001-212x300.jpg 212w, https:\/\/portalraizesnoticias.com.br\/wp-content\/uploads\/2023\/04\/reis-car_page-0001-724x1024.jpg 724w, https:\/\/portalraizesnoticias.com.br\/wp-content\/uploads\/2023\/04\/reis-car_page-0001-768x1086.jpg 768w, https:\/\/portalraizesnoticias.com.br\/wp-content\/uploads\/2023\/04\/reis-car_page-0001-1086x1536.jpg 1086w, https:\/\/portalraizesnoticias.com.br\/wp-content\/uploads\/2023\/04\/reis-car_page-0001.jpg 1241w\" sizes=\"(max-width: 212px) 100vw, 212px\" \/><\/p>\n<p style=\"text-align: center;\"><strong>PUBLICIDADE<\/strong><\/p>\n<p>Ap\u00f3s abordagem, foi constatado que as motocicletas apresentavam caracter\u00edsticas alteradas, indicando a poss\u00edvel fraude e irregularidade.<\/p>\n<p>As motocicletas foram identificadas como ve\u00edculos com chassis suprimidos, configurando-se como sucata. Dentre os ve\u00edculos apreendidos, estavam:<\/p>\n<p><em>Motocicleta Pop 100, cor vermelha, conduzida por J. M Brand\u00e3o<\/em><\/p>\n<p><em>Motocicleta Honda CG 95, cor verde, sem placa, conduzida por R. C, morador do Povoado de Mand\u00e1polis.<\/em><\/p>\n<p><em>Motocicleta Honda CG Fan, cor preta, conduzida por W. S residente no Povoado Malhador.<\/em><\/p>\n<p><em>Motocicleta Honda CG 95, cor branca, sem placa, conduzida por A.\u00a0 Santos, morador do Povoado Jita\u00ed.<\/em><\/p>\n<p><img decoding=\"async\" class=\"size-medium wp-image-9058 aligncenter\" src=\"https:\/\/portalraizesnoticias.com.br\/wp-content\/uploads\/2025\/10\/M.I-laranja-branco_page-0001-1536x1075-1-300x210.jpg\" alt=\"\" width=\"300\" height=\"210\" srcset=\"https:\/\/portalraizesnoticias.com.br\/wp-content\/uploads\/2025\/10\/M.I-laranja-branco_page-0001-1536x1075-1-300x210.jpg 300w, https:\/\/portalraizesnoticias.com.br\/wp-content\/uploads\/2025\/10\/M.I-laranja-branco_page-0001-1536x1075-1-1024x717.jpg 1024w, https:\/\/portalraizesnoticias.com.br\/wp-content\/uploads\/2025\/10\/M.I-laranja-branco_page-0001-1536x1075-1-768x538.jpg 768w, https:\/\/portalraizesnoticias.com.br\/wp-content\/uploads\/2025\/10\/M.I-laranja-branco_page-0001-1536x1075-1.jpg 1536w\" sizes=\"(max-width: 300px) 100vw, 300px\" \/><\/p>\n<p style=\"text-align: center;\"><strong>PUBLICIDADE<\/strong><\/p>\n<p>As motocicletas foram removidas ao p\u00e1tio do pelot\u00e3o para a confec\u00e7\u00e3o do Termo de Apreens\u00e3o de Ve\u00edculos (TRAV) e, posteriormente, foram encaminhadas ao P\u00e1tio Credenciado para as devidas provid\u00eancias legais.<\/p>\n<p>A a\u00e7\u00e3o faz parte de um esfor\u00e7o cont\u00ednuo das autoridades em combater crimes de tr\u00e2nsito e a circula\u00e7\u00e3o de ve\u00edculos irregulares na regi\u00e3o.<\/p>\n<p>Reda\u00e7\u00e3o<\/p>\n<p>Foto: Ilustra\u00e7\u00e3o<\/p>\n","protected":false},"excerpt":{"rendered":"<p>Durante a intensifica\u00e7\u00e3o da Opera\u00e7\u00e3o Zona Rural, policiais militares, avistaram por volta das 16h30 de ontem (22), v\u00e1rias motocicletas suspeitas na estrada que liga a cidade ao povoado de Mand\u00e1polis, pr\u00f3ximo ao a\u00e7ude em Retirol\u00e2ndia. PUBLICIDADE Ap\u00f3s abordagem, foi constatado que as motocicletas apresentavam caracter\u00edsticas alteradas, indicando a poss\u00edvel fraude e irregularidade. As motocicletas foram identificadas como ve\u00edculos com chassis suprimidos, configurando-se como sucata. Dentre os ve\u00edculos apreendidos, estavam: Motocicleta Pop 100, cor vermelha, conduzida por J. M Brand\u00e3o Motocicleta Honda CG 95, cor verde, sem placa, conduzida por R. C, morador do Povoado de Mand\u00e1polis. Motocicleta Honda CG Fan, cor preta, conduzida por W. S residente no Povoado Malhador. Motocicleta Honda CG 95, cor branca, sem placa, conduzida por A.\u00a0 Santos, morador do Povoado Jita\u00ed. PUBLICIDADE As motocicletas foram removidas ao p\u00e1tio do pelot\u00e3o para a confec\u00e7\u00e3o do Termo de Apreens\u00e3o de Ve\u00edculos (TRAV) e, posteriormente, foram encaminhadas ao P\u00e1tio Credenciado para as devidas provid\u00eancias legais. A a\u00e7\u00e3o faz parte de um esfor\u00e7o cont\u00ednuo das autoridades em combater crimes de tr\u00e2nsito e a circula\u00e7\u00e3o de ve\u00edculos irregulares na regi\u00e3o. Reda\u00e7\u00e3o Foto: Ilustra\u00e7\u00e3o<\/p>\n","protected":false},"author":3,"featured_media":10571,"comment_status":"open","ping_status":"open","sticky":false,"template":"","format":"standard","meta":{"_joinchat":[],"footnotes":""},"categories":[67,59],"tags":[],"class_list":["post-10568","post","type-post","status-publish","format-standard","has-post-thumbnail","hentry","category-policia","category-ultimas-noticias"],"yoast_head":"<!-- This site is optimized with the Yoast SEO plugin v24.4 - https:\/\/yoast.com\/wordpress\/plugins\/seo\/ -->\n<title>4 motocicletas sucatas s\u00e3o apreendidas durante Opera\u00e7\u00e3o Zona Rural da PM em Retirol\u00e2ndia - Portal raizes noticias<\/title>\n<meta name=\"robots\" content=\"index, follow, max-snippet:-1, max-image-preview:large, max-video-preview:-1\" \/>\n<link rel=\"canonical\" href=\"https:\/\/portalraizesnoticias.com.br\/?p=10568\" \/>\n<meta property=\"og:locale\" content=\"pt_BR\" \/>\n<meta property=\"og:type\" content=\"article\" \/>\n<meta property=\"og:title\" content=\"4 motocicletas sucatas s\u00e3o apreendidas durante Opera\u00e7\u00e3o Zona Rural da PM em Retirol\u00e2ndia - Portal raizes noticias\" \/>\n<meta property=\"og:description\" content=\"Durante a intensifica\u00e7\u00e3o da Opera\u00e7\u00e3o Zona Rural, policiais militares, avistaram por volta das 16h30 de ontem (22), v\u00e1rias motocicletas suspeitas na estrada que liga a cidade ao povoado de Mand\u00e1polis, pr\u00f3ximo ao a\u00e7ude em Retirol\u00e2ndia. PUBLICIDADE Ap\u00f3s abordagem, foi constatado que as motocicletas apresentavam caracter\u00edsticas alteradas, indicando a poss\u00edvel fraude e irregularidade. As motocicletas foram identificadas como ve\u00edculos com chassis suprimidos, configurando-se como sucata. Dentre os ve\u00edculos apreendidos, estavam: Motocicleta Pop 100, cor vermelha, conduzida por J. M Brand\u00e3o Motocicleta Honda CG 95, cor verde, sem placa, conduzida por R. C, morador do Povoado de Mand\u00e1polis. Motocicleta Honda CG Fan, cor preta, conduzida por W. S residente no Povoado Malhador. Motocicleta Honda CG 95, cor branca, sem placa, conduzida por A.\u00a0 Santos, morador do Povoado Jita\u00ed. PUBLICIDADE As motocicletas foram removidas ao p\u00e1tio do pelot\u00e3o para a confec\u00e7\u00e3o do Termo de Apreens\u00e3o de Ve\u00edculos (TRAV) e, posteriormente, foram encaminhadas ao P\u00e1tio Credenciado para as devidas provid\u00eancias legais. A a\u00e7\u00e3o faz parte de um esfor\u00e7o cont\u00ednuo das autoridades em combater crimes de tr\u00e2nsito e a circula\u00e7\u00e3o de ve\u00edculos irregulares na regi\u00e3o. Reda\u00e7\u00e3o Foto: Ilustra\u00e7\u00e3o\" \/>\n<meta property=\"og:url\" content=\"https:\/\/portalraizesnoticias.com.br\/?p=10568\" \/>\n<meta property=\"og:site_name\" content=\"Portal raizes noticias\" \/>\n<meta property=\"article:published_time\" content=\"2026-01-23T15:28:32+00:00\" \/>\n<meta property=\"article:modified_time\" content=\"2026-01-23T15:29:27+00:00\" \/>\n<meta property=\"og:image\" content=\"https:\/\/portalraizesnoticias.com.br\/wp-content\/uploads\/2026\/01\/IMG-20260123-WA0173.jpg\" \/>\n\t<meta property=\"og:image:width\" content=\"1080\" \/>\n\t<meta property=\"og:image:height\" content=\"1075\" \/>\n\t<meta property=\"og:image:type\" content=\"image\/jpeg\" \/>\n<meta name=\"author\" content=\"Portal Raizes\" \/>\n<meta name=\"twitter:card\" content=\"summary_large_image\" \/>\n<meta name=\"twitter:label1\" content=\"Escrito por\" \/>\n\t<meta name=\"twitter:data1\" content=\"Portal Raizes\" \/>\n\t<meta name=\"twitter:label2\" content=\"Est. tempo de leitura\" \/>\n\t<meta name=\"twitter:data2\" content=\"2 minutos\" \/>\n<script type=\"application\/ld+json\" class=\"yoast-schema-graph\">{\"@context\":\"https:\/\/schema.org\",\"@graph\":[{\"@type\":\"Article\",\"@id\":\"https:\/\/portalraizesnoticias.com.br\/?p=10568#article\",\"isPartOf\":{\"@id\":\"https:\/\/portalraizesnoticias.com.br\/?p=10568\"},\"author\":{\"name\":\"Portal Raizes\",\"@id\":\"https:\/\/portalraizesnoticias.com.br\/#\/schema\/person\/a3ca6b0fc701e78df19756c417d943ae\"},\"headline\":\"4 motocicletas sucatas s\u00e3o apreendidas durante Opera\u00e7\u00e3o Zona Rural da PM em Retirol\u00e2ndia\",\"datePublished\":\"2026-01-23T15:28:32+00:00\",\"dateModified\":\"2026-01-23T15:29:27+00:00\",\"mainEntityOfPage\":{\"@id\":\"https:\/\/portalraizesnoticias.com.br\/?p=10568\"},\"wordCount\":224,\"commentCount\":0,\"publisher\":{\"@id\":\"https:\/\/portalraizesnoticias.com.br\/#organization\"},\"image\":{\"@id\":\"https:\/\/portalraizesnoticias.com.br\/?p=10568#primaryimage\"},\"thumbnailUrl\":\"https:\/\/portalraizesnoticias.com.br\/wp-content\/uploads\/2026\/01\/IMG-20260123-WA0173.jpg\",\"articleSection\":[\"POLICIA\",\"ULTIMAS NOTICIAS\"],\"inLanguage\":\"pt-BR\",\"potentialAction\":[{\"@type\":\"CommentAction\",\"name\":\"Comment\",\"target\":[\"https:\/\/portalraizesnoticias.com.br\/?p=10568#respond\"]}]},{\"@type\":\"WebPage\",\"@id\":\"https:\/\/portalraizesnoticias.com.br\/?p=10568\",\"url\":\"https:\/\/portalraizesnoticias.com.br\/?p=10568\",\"name\":\"4 motocicletas sucatas s\u00e3o apreendidas durante Opera\u00e7\u00e3o Zona Rural da PM em Retirol\u00e2ndia - Portal raizes noticias\",\"isPartOf\":{\"@id\":\"https:\/\/portalraizesnoticias.com.br\/#website\"},\"primaryImageOfPage\":{\"@id\":\"https:\/\/portalraizesnoticias.com.br\/?p=10568#primaryimage\"},\"image\":{\"@id\":\"https:\/\/portalraizesnoticias.com.br\/?p=10568#primaryimage\"},\"thumbnailUrl\":\"https:\/\/portalraizesnoticias.com.br\/wp-content\/uploads\/2026\/01\/IMG-20260123-WA0173.jpg\",\"datePublished\":\"2026-01-23T15:28:32+00:00\",\"dateModified\":\"2026-01-23T15:29:27+00:00\",\"breadcrumb\":{\"@id\":\"https:\/\/portalraizesnoticias.com.br\/?p=10568#breadcrumb\"},\"inLanguage\":\"pt-BR\",\"potentialAction\":[{\"@type\":\"ReadAction\",\"target\":[\"https:\/\/portalraizesnoticias.com.br\/?p=10568\"]}]},{\"@type\":\"ImageObject\",\"inLanguage\":\"pt-BR\",\"@id\":\"https:\/\/portalraizesnoticias.com.br\/?p=10568#primaryimage\",\"url\":\"https:\/\/portalraizesnoticias.com.br\/wp-content\/uploads\/2026\/01\/IMG-20260123-WA0173.jpg\",\"contentUrl\":\"https:\/\/portalraizesnoticias.com.br\/wp-content\/uploads\/2026\/01\/IMG-20260123-WA0173.jpg\",\"width\":1080,\"height\":1075},{\"@type\":\"BreadcrumbList\",\"@id\":\"https:\/\/portalraizesnoticias.com.br\/?p=10568#breadcrumb\",\"itemListElement\":[{\"@type\":\"ListItem\",\"position\":1,\"name\":\"In\u00edcio\",\"item\":\"https:\/\/portalraizesnoticias.com.br\/\"},{\"@type\":\"ListItem\",\"position\":2,\"name\":\"4 motocicletas sucatas s\u00e3o apreendidas durante Opera\u00e7\u00e3o Zona Rural da PM em Retirol\u00e2ndia\"}]},{\"@type\":\"WebSite\",\"@id\":\"https:\/\/portalraizesnoticias.com.br\/#website\",\"url\":\"https:\/\/portalraizesnoticias.com.br\/\",\"name\":\"Portal raizes NOTICIAS\",\"description\":\"site de noticias de concei\u00e7\u00e3o do coit\u00e9 e regi\u00e3o\",\"publisher\":{\"@id\":\"https:\/\/portalraizesnoticias.com.br\/#organization\"},\"alternateName\":\"PORTAL RAIZES COIT\u00c9\",\"potentialAction\":[{\"@type\":\"SearchAction\",\"target\":{\"@type\":\"EntryPoint\",\"urlTemplate\":\"https:\/\/portalraizesnoticias.com.br\/?s={search_term_string}\"},\"query-input\":{\"@type\":\"PropertyValueSpecification\",\"valueRequired\":true,\"valueName\":\"search_term_string\"}}],\"inLanguage\":\"pt-BR\"},{\"@type\":\"Organization\",\"@id\":\"https:\/\/portalraizesnoticias.com.br\/#organization\",\"name\":\"Portal raizes NOTICIAS\",\"url\":\"https:\/\/portalraizesnoticias.com.br\/\",\"logo\":{\"@type\":\"ImageObject\",\"inLanguage\":\"pt-BR\",\"@id\":\"https:\/\/portalraizesnoticias.com.br\/#\/schema\/logo\/image\/\",\"url\":\"https:\/\/portalraizesnoticias.com.br\/wp-content\/uploads\/2024\/09\/cropped-Captura-de-tela-2024-09-08-011108.png\",\"contentUrl\":\"https:\/\/portalraizesnoticias.com.br\/wp-content\/uploads\/2024\/09\/cropped-Captura-de-tela-2024-09-08-011108.png\",\"width\":606,\"height\":173,\"caption\":\"Portal raizes NOTICIAS\"},\"image\":{\"@id\":\"https:\/\/portalraizesnoticias.com.br\/#\/schema\/logo\/image\/\"}},{\"@type\":\"Person\",\"@id\":\"https:\/\/portalraizesnoticias.com.br\/#\/schema\/person\/a3ca6b0fc701e78df19756c417d943ae\",\"name\":\"Portal Raizes\",\"image\":{\"@type\":\"ImageObject\",\"inLanguage\":\"pt-BR\",\"@id\":\"https:\/\/portalraizesnoticias.com.br\/#\/schema\/person\/image\/\",\"url\":\"https:\/\/secure.gravatar.com\/avatar\/ef450d29013a3d3fba867a12a249d7b1?s=96&d=mm&r=g\",\"contentUrl\":\"https:\/\/secure.gravatar.com\/avatar\/ef450d29013a3d3fba867a12a249d7b1?s=96&d=mm&r=g\",\"caption\":\"Portal Raizes\"},\"url\":\"https:\/\/portalraizesnoticias.com.br\/?author=3\"}]}<\/script>\n<!-- \/ Yoast SEO plugin. -->","yoast_head_json":{"title":"4 motocicletas sucatas s\u00e3o apreendidas durante Opera\u00e7\u00e3o Zona Rural da PM em Retirol\u00e2ndia - Portal raizes noticias","robots":{"index":"index","follow":"follow","max-snippet":"max-snippet:-1","max-image-preview":"max-image-preview:large","max-video-preview":"max-video-preview:-1"},"canonical":"https:\/\/portalraizesnoticias.com.br\/?p=10568","og_locale":"pt_BR","og_type":"article","og_title":"4 motocicletas sucatas s\u00e3o apreendidas durante Opera\u00e7\u00e3o Zona Rural da PM em Retirol\u00e2ndia - Portal raizes noticias","og_description":"Durante a intensifica\u00e7\u00e3o da Opera\u00e7\u00e3o Zona Rural, policiais militares, avistaram por volta das 16h30 de ontem (22), v\u00e1rias motocicletas suspeitas na estrada que liga a cidade ao povoado de Mand\u00e1polis, pr\u00f3ximo ao a\u00e7ude em Retirol\u00e2ndia. PUBLICIDADE Ap\u00f3s abordagem, foi constatado que as motocicletas apresentavam caracter\u00edsticas alteradas, indicando a poss\u00edvel fraude e irregularidade. As motocicletas foram identificadas como ve\u00edculos com chassis suprimidos, configurando-se como sucata. Dentre os ve\u00edculos apreendidos, estavam: Motocicleta Pop 100, cor vermelha, conduzida por J. M Brand\u00e3o Motocicleta Honda CG 95, cor verde, sem placa, conduzida por R. C, morador do Povoado de Mand\u00e1polis. Motocicleta Honda CG Fan, cor preta, conduzida por W. S residente no Povoado Malhador. Motocicleta Honda CG 95, cor branca, sem placa, conduzida por A.\u00a0 Santos, morador do Povoado Jita\u00ed. PUBLICIDADE As motocicletas foram removidas ao p\u00e1tio do pelot\u00e3o para a confec\u00e7\u00e3o do Termo de Apreens\u00e3o de Ve\u00edculos (TRAV) e, posteriormente, foram encaminhadas ao P\u00e1tio Credenciado para as devidas provid\u00eancias legais. A a\u00e7\u00e3o faz parte de um esfor\u00e7o cont\u00ednuo das autoridades em combater crimes de tr\u00e2nsito e a circula\u00e7\u00e3o de ve\u00edculos irregulares na regi\u00e3o. Reda\u00e7\u00e3o Foto: Ilustra\u00e7\u00e3o","og_url":"https:\/\/portalraizesnoticias.com.br\/?p=10568","og_site_name":"Portal raizes noticias","article_published_time":"2026-01-23T15:28:32+00:00","article_modified_time":"2026-01-23T15:29:27+00:00","og_image":[{"width":1080,"height":1075,"url":"https:\/\/portalraizesnoticias.com.br\/wp-content\/uploads\/2026\/01\/IMG-20260123-WA0173.jpg","type":"image\/jpeg"}],"author":"Portal Raizes","twitter_card":"summary_large_image","twitter_misc":{"Escrito por":"Portal Raizes","Est. tempo de leitura":"2 minutos"},"schema":{"@context":"https:\/\/schema.org","@graph":[{"@type":"Article","@id":"https:\/\/portalraizesnoticias.com.br\/?p=10568#article","isPartOf":{"@id":"https:\/\/portalraizesnoticias.com.br\/?p=10568"},"author":{"name":"Portal Raizes","@id":"https:\/\/portalraizesnoticias.com.br\/#\/schema\/person\/a3ca6b0fc701e78df19756c417d943ae"},"headline":"4 motocicletas sucatas s\u00e3o apreendidas durante Opera\u00e7\u00e3o Zona Rural da PM em Retirol\u00e2ndia","datePublished":"2026-01-23T15:28:32+00:00","dateModified":"2026-01-23T15:29:27+00:00","mainEntityOfPage":{"@id":"https:\/\/portalraizesnoticias.com.br\/?p=10568"},"wordCount":224,"commentCount":0,"publisher":{"@id":"https:\/\/portalraizesnoticias.com.br\/#organization"},"image":{"@id":"https:\/\/portalraizesnoticias.com.br\/?p=10568#primaryimage"},"thumbnailUrl":"https:\/\/portalraizesnoticias.com.br\/wp-content\/uploads\/2026\/01\/IMG-20260123-WA0173.jpg","articleSection":["POLICIA","ULTIMAS NOTICIAS"],"inLanguage":"pt-BR","potentialAction":[{"@type":"CommentAction","name":"Comment","target":["https:\/\/portalraizesnoticias.com.br\/?p=10568#respond"]}]},{"@type":"WebPage","@id":"https:\/\/portalraizesnoticias.com.br\/?p=10568","url":"https:\/\/portalraizesnoticias.com.br\/?p=10568","name":"4 motocicletas sucatas s\u00e3o apreendidas durante Opera\u00e7\u00e3o Zona Rural da PM em Retirol\u00e2ndia - Portal raizes noticias","isPartOf":{"@id":"https:\/\/portalraizesnoticias.com.br\/#website"},"primaryImageOfPage":{"@id":"https:\/\/portalraizesnoticias.com.br\/?p=10568#primaryimage"},"image":{"@id":"https:\/\/portalraizesnoticias.com.br\/?p=10568#primaryimage"},"thumbnailUrl":"https:\/\/portalraizesnoticias.com.br\/wp-content\/uploads\/2026\/01\/IMG-20260123-WA0173.jpg","datePublished":"2026-01-23T15:28:32+00:00","dateModified":"2026-01-23T15:29:27+00:00","breadcrumb":{"@id":"https:\/\/portalraizesnoticias.com.br\/?p=10568#breadcrumb"},"inLanguage":"pt-BR","potentialAction":[{"@type":"ReadAction","target":["https:\/\/portalraizesnoticias.com.br\/?p=10568"]}]},{"@type":"ImageObject","inLanguage":"pt-BR","@id":"https:\/\/portalraizesnoticias.com.br\/?p=10568#primaryimage","url":"https:\/\/portalraizesnoticias.com.br\/wp-content\/uploads\/2026\/01\/IMG-20260123-WA0173.jpg","contentUrl":"https:\/\/portalraizesnoticias.com.br\/wp-content\/uploads\/2026\/01\/IMG-20260123-WA0173.jpg","width":1080,"height":1075},{"@type":"BreadcrumbList","@id":"https:\/\/portalraizesnoticias.com.br\/?p=10568#breadcrumb","itemListElement":[{"@type":"ListItem","position":1,"name":"In\u00edcio","item":"https:\/\/portalraizesnoticias.com.br\/"},{"@type":"ListItem","position":2,"name":"4 motocicletas sucatas s\u00e3o apreendidas durante Opera\u00e7\u00e3o Zona Rural da PM em Retirol\u00e2ndia"}]},{"@type":"WebSite","@id":"https:\/\/portalraizesnoticias.com.br\/#website","url":"https:\/\/portalraizesnoticias.com.br\/","name":"Portal raizes NOTICIAS","description":"site de noticias de concei\u00e7\u00e3o do coit\u00e9 e regi\u00e3o","publisher":{"@id":"https:\/\/portalraizesnoticias.com.br\/#organization"},"alternateName":"PORTAL RAIZES COIT\u00c9","potentialAction":[{"@type":"SearchAction","target":{"@type":"EntryPoint","urlTemplate":"https:\/\/portalraizesnoticias.com.br\/?s={search_term_string}"},"query-input":{"@type":"PropertyValueSpecification","valueRequired":true,"valueName":"search_term_string"}}],"inLanguage":"pt-BR"},{"@type":"Organization","@id":"https:\/\/portalraizesnoticias.com.br\/#organization","name":"Portal raizes NOTICIAS","url":"https:\/\/portalraizesnoticias.com.br\/","logo":{"@type":"ImageObject","inLanguage":"pt-BR","@id":"https:\/\/portalraizesnoticias.com.br\/#\/schema\/logo\/image\/","url":"https:\/\/portalraizesnoticias.com.br\/wp-content\/uploads\/2024\/09\/cropped-Captura-de-tela-2024-09-08-011108.png","contentUrl":"https:\/\/portalraizesnoticias.com.br\/wp-content\/uploads\/2024\/09\/cropped-Captura-de-tela-2024-09-08-011108.png","width":606,"height":173,"caption":"Portal raizes NOTICIAS"},"image":{"@id":"https:\/\/portalraizesnoticias.com.br\/#\/schema\/logo\/image\/"}},{"@type":"Person","@id":"https:\/\/portalraizesnoticias.com.br\/#\/schema\/person\/a3ca6b0fc701e78df19756c417d943ae","name":"Portal Raizes","image":{"@type":"ImageObject","inLanguage":"pt-BR","@id":"https:\/\/portalraizesnoticias.com.br\/#\/schema\/person\/image\/","url":"https:\/\/secure.gravatar.com\/avatar\/ef450d29013a3d3fba867a12a249d7b1?s=96&d=mm&r=g","contentUrl":"https:\/\/secure.gravatar.com\/avatar\/ef450d29013a3d3fba867a12a249d7b1?s=96&d=mm&r=g","caption":"Portal Raizes"},"url":"https:\/\/portalraizesnoticias.com.br\/?author=3"}]}},"_links":{"self":[{"href":"https:\/\/portalraizesnoticias.com.br\/index.php?rest_route=\/wp\/v2\/posts\/10568"}],"collection":[{"href":"https:\/\/portalraizesnoticias.com.br\/index.php?rest_route=\/wp\/v2\/posts"}],"about":[{"href":"https:\/\/portalraizesnoticias.com.br\/index.php?rest_route=\/wp\/v2\/types\/post"}],"author":[{"embeddable":true,"href":"https:\/\/portalraizesnoticias.com.br\/index.php?rest_route=\/wp\/v2\/users\/3"}],"replies":[{"embeddable":true,"href":"https:\/\/portalraizesnoticias.com.br\/index.php?rest_route=%2Fwp%2Fv2%2Fcomments&post=10568"}],"version-history":[{"count":4,"href":"https:\/\/portalraizesnoticias.com.br\/index.php?rest_route=\/wp\/v2\/posts\/10568\/revisions"}],"predecessor-version":[{"id":10573,"href":"https:\/\/portalraizesnoticias.com.br\/index.php?rest_route=\/wp\/v2\/posts\/10568\/revisions\/10573"}],"wp:featuredmedia":[{"embeddable":true,"href":"https:\/\/portalraizesnoticias.com.br\/index.php?rest_route=\/wp\/v2\/media\/10571"}],"wp:attachment":[{"href":"https:\/\/portalraizesnoticias.com.br\/index.php?rest_route=%2Fwp%2Fv2%2Fmedia&parent=10568"}],"wp:term":[{"taxonomy":"category","embeddable":true,"href":"https:\/\/portalraizesnoticias.com.br\/index.php?rest_route=%2Fwp%2Fv2%2Fcategories&post=10568"},{"taxonomy":"post_tag","embeddable":true,"href":"https:\/\/portalraizesnoticias.com.br\/index.php?rest_route=%2Fwp%2Fv2%2Ftags&post=10568"}],"curies":[{"name":"wp","href":"https:\/\/api.w.org\/{rel}","templated":true}]}}