{"id":10563,"date":"2026-01-23T10:37:39","date_gmt":"2026-01-23T13:37:39","guid":{"rendered":"https:\/\/portalraizesnoticias.com.br\/?p=10563"},"modified":"2026-01-23T10:37:39","modified_gmt":"2026-01-23T13:37:39","slug":"filho-e-conduzido-a-delegacia-apos-agredir-e-ameacar-mae-durante-abstinencia-de-drogas-em-retirolandia","status":"publish","type":"post","link":"https:\/\/portalraizesnoticias.com.br\/?p=10563","title":{"rendered":"Filho \u00e9 conduzido a delegacia ap\u00f3s agredir e amea\u00e7ar m\u00e3e durante abstin\u00eancia de drogas em Retirol\u00e2ndia"},"content":{"rendered":"<p>Na manh\u00e3 de ontem 22,\u00a0 por volta das 11h30, a Pol\u00edcia Militar foi acionada para atender a uma ocorr\u00eancia de viol\u00eancia dom\u00e9stica no Centro de Retirol\u00e2ndia. A v\u00edtima de 53 anos, relatou que vinha sendo amea\u00e7ada e agredida fisicamente pelo seu filho de 29 anos.<\/p>\n<p><img fetchpriority=\"high\" decoding=\"async\" class=\"size-medium wp-image-10424 aligncenter\" src=\"https:\/\/portalraizesnoticias.com.br\/wp-content\/uploads\/2023\/04\/reis-car_page-0001-212x300.jpg\" alt=\"\" width=\"212\" height=\"300\" srcset=\"https:\/\/portalraizesnoticias.com.br\/wp-content\/uploads\/2023\/04\/reis-car_page-0001-212x300.jpg 212w, https:\/\/portalraizesnoticias.com.br\/wp-content\/uploads\/2023\/04\/reis-car_page-0001-724x1024.jpg 724w, https:\/\/portalraizesnoticias.com.br\/wp-content\/uploads\/2023\/04\/reis-car_page-0001-768x1086.jpg 768w, https:\/\/portalraizesnoticias.com.br\/wp-content\/uploads\/2023\/04\/reis-car_page-0001-1086x1536.jpg 1086w, https:\/\/portalraizesnoticias.com.br\/wp-content\/uploads\/2023\/04\/reis-car_page-0001.jpg 1241w\" sizes=\"(max-width: 212px) 100vw, 212px\" \/><\/p>\n<p style=\"text-align: center;\"><strong>PUBLICIDADE<\/strong><\/p>\n<p>De acordo com o relato da v\u00edtima aos policiais militares,\u00a0 as agress\u00f5es e amea\u00e7as ocorreram devido \u00e0 abstin\u00eancia do rapaz, que \u00e9 usu\u00e1rio de drogas e atualmente segue um tratamento por estar ouvindo vozes.<\/p>\n<p><img decoding=\"async\" class=\"size-medium wp-image-8006 aligncenter\" src=\"https:\/\/portalraizesnoticias.com.br\/wp-content\/uploads\/2025\/09\/IMG-20250902-WA0020-300x296.jpg\" alt=\"\" width=\"300\" height=\"296\" srcset=\"https:\/\/portalraizesnoticias.com.br\/wp-content\/uploads\/2025\/09\/IMG-20250902-WA0020-300x296.jpg 300w, https:\/\/portalraizesnoticias.com.br\/wp-content\/uploads\/2025\/09\/IMG-20250902-WA0020-1024x1009.jpg 1024w, https:\/\/portalraizesnoticias.com.br\/wp-content\/uploads\/2025\/09\/IMG-20250902-WA0020-768x757.jpg 768w, https:\/\/portalraizesnoticias.com.br\/wp-content\/uploads\/2025\/09\/IMG-20250902-WA0020.jpg 1080w\" sizes=\"(max-width: 300px) 100vw, 300px\" \/><\/p>\n<p style=\"text-align: center;\"><strong>PUBLICIDADE<\/strong><\/p>\n<p>Durante a abordagem realizada pela guarni\u00e7\u00e3o, o jovem foi encontrado em sua resid\u00eancia, mas nada foi encontrado em sua posse.<\/p>\n<p><img decoding=\"async\" class=\"size-medium wp-image-7771 aligncenter\" src=\"https:\/\/portalraizesnoticias.com.br\/wp-content\/uploads\/2025\/08\/IMG-20250814-WA05541-300x289.jpg\" alt=\"\" width=\"300\" height=\"289\" srcset=\"https:\/\/portalraizesnoticias.com.br\/wp-content\/uploads\/2025\/08\/IMG-20250814-WA05541-300x289.jpg 300w, https:\/\/portalraizesnoticias.com.br\/wp-content\/uploads\/2025\/08\/IMG-20250814-WA05541-1024x988.jpg 1024w, https:\/\/portalraizesnoticias.com.br\/wp-content\/uploads\/2025\/08\/IMG-20250814-WA05541-768x741.jpg 768w, https:\/\/portalraizesnoticias.com.br\/wp-content\/uploads\/2025\/08\/IMG-20250814-WA05541.jpg 1180w\" sizes=\"(max-width: 300px) 100vw, 300px\" \/><\/p>\n<p style=\"text-align: center;\"><strong>PUBLICIDADE<\/strong><\/p>\n<p>Ele foi conduzido \u00e0 Delegacia Territorial (DT) de Retirol\u00e2ndia, onde medidas legais cab\u00edveis foram adotadas.<\/p>\n<p>A Pol\u00edcia Militar segue acompanhando o caso para garantir a seguran\u00e7a da v\u00edtima e garantir que as provid\u00eancias legais sejam tomadas.<\/p>\n<p>Reda\u00e7\u00e3o<\/p>\n<p>Foto: Ilustra\u00e7\u00e3o<\/p>\n","protected":false},"excerpt":{"rendered":"<p>Na manh\u00e3 de ontem 22,\u00a0 por volta das 11h30, a Pol\u00edcia Militar foi acionada para atender a uma ocorr\u00eancia de viol\u00eancia dom\u00e9stica no Centro de Retirol\u00e2ndia. A v\u00edtima de 53 anos, relatou que vinha sendo amea\u00e7ada e agredida fisicamente pelo seu filho de 29 anos. PUBLICIDADE De acordo com o relato da v\u00edtima aos policiais militares,\u00a0 as agress\u00f5es e amea\u00e7as ocorreram devido \u00e0 abstin\u00eancia do rapaz, que \u00e9 usu\u00e1rio de drogas e atualmente segue um tratamento por estar ouvindo vozes. PUBLICIDADE Durante a abordagem realizada pela guarni\u00e7\u00e3o, o jovem foi encontrado em sua resid\u00eancia, mas nada foi encontrado em sua posse. PUBLICIDADE Ele foi conduzido \u00e0 Delegacia Territorial (DT) de Retirol\u00e2ndia, onde medidas legais cab\u00edveis foram adotadas. A Pol\u00edcia Militar segue acompanhando o caso para garantir a seguran\u00e7a da v\u00edtima e garantir que as provid\u00eancias legais sejam tomadas. Reda\u00e7\u00e3o Foto: Ilustra\u00e7\u00e3o<\/p>\n","protected":false},"author":3,"featured_media":10566,"comment_status":"open","ping_status":"open","sticky":false,"template":"","format":"standard","meta":{"_joinchat":[],"footnotes":""},"categories":[55,67,59],"tags":[],"class_list":["post-10563","post","type-post","status-publish","format-standard","has-post-thumbnail","hentry","category-destaques","category-policia","category-ultimas-noticias"],"yoast_head":"<!-- This site is optimized with the Yoast SEO plugin v24.4 - https:\/\/yoast.com\/wordpress\/plugins\/seo\/ -->\n<title>Filho \u00e9 conduzido a delegacia ap\u00f3s agredir e amea\u00e7ar m\u00e3e durante abstin\u00eancia de drogas em Retirol\u00e2ndia - Portal raizes noticias<\/title>\n<meta name=\"robots\" content=\"index, follow, max-snippet:-1, max-image-preview:large, max-video-preview:-1\" \/>\n<link rel=\"canonical\" href=\"https:\/\/portalraizesnoticias.com.br\/?p=10563\" \/>\n<meta property=\"og:locale\" content=\"pt_BR\" \/>\n<meta property=\"og:type\" content=\"article\" \/>\n<meta property=\"og:title\" content=\"Filho \u00e9 conduzido a delegacia ap\u00f3s agredir e amea\u00e7ar m\u00e3e durante abstin\u00eancia de drogas em Retirol\u00e2ndia - Portal raizes noticias\" \/>\n<meta property=\"og:description\" content=\"Na manh\u00e3 de ontem 22,\u00a0 por volta das 11h30, a Pol\u00edcia Militar foi acionada para atender a uma ocorr\u00eancia de viol\u00eancia dom\u00e9stica no Centro de Retirol\u00e2ndia. A v\u00edtima de 53 anos, relatou que vinha sendo amea\u00e7ada e agredida fisicamente pelo seu filho de 29 anos. PUBLICIDADE De acordo com o relato da v\u00edtima aos policiais militares,\u00a0 as agress\u00f5es e amea\u00e7as ocorreram devido \u00e0 abstin\u00eancia do rapaz, que \u00e9 usu\u00e1rio de drogas e atualmente segue um tratamento por estar ouvindo vozes. PUBLICIDADE Durante a abordagem realizada pela guarni\u00e7\u00e3o, o jovem foi encontrado em sua resid\u00eancia, mas nada foi encontrado em sua posse. PUBLICIDADE Ele foi conduzido \u00e0 Delegacia Territorial (DT) de Retirol\u00e2ndia, onde medidas legais cab\u00edveis foram adotadas. A Pol\u00edcia Militar segue acompanhando o caso para garantir a seguran\u00e7a da v\u00edtima e garantir que as provid\u00eancias legais sejam tomadas. Reda\u00e7\u00e3o Foto: Ilustra\u00e7\u00e3o\" \/>\n<meta property=\"og:url\" content=\"https:\/\/portalraizesnoticias.com.br\/?p=10563\" \/>\n<meta property=\"og:site_name\" content=\"Portal raizes noticias\" \/>\n<meta property=\"article:published_time\" content=\"2026-01-23T13:37:39+00:00\" \/>\n<meta property=\"og:image\" content=\"https:\/\/portalraizesnoticias.com.br\/wp-content\/uploads\/2026\/01\/IMG-20260123-WA0117.jpg\" \/>\n\t<meta property=\"og:image:width\" content=\"476\" \/>\n\t<meta property=\"og:image:height\" content=\"324\" \/>\n\t<meta property=\"og:image:type\" content=\"image\/jpeg\" \/>\n<meta name=\"author\" content=\"Portal Raizes\" \/>\n<meta name=\"twitter:card\" content=\"summary_large_image\" \/>\n<meta name=\"twitter:label1\" content=\"Escrito por\" \/>\n\t<meta name=\"twitter:data1\" content=\"Portal Raizes\" \/>\n\t<meta name=\"twitter:label2\" content=\"Est. tempo de leitura\" \/>\n\t<meta name=\"twitter:data2\" content=\"2 minutos\" \/>\n<script type=\"application\/ld+json\" class=\"yoast-schema-graph\">{\"@context\":\"https:\/\/schema.org\",\"@graph\":[{\"@type\":\"Article\",\"@id\":\"https:\/\/portalraizesnoticias.com.br\/?p=10563#article\",\"isPartOf\":{\"@id\":\"https:\/\/portalraizesnoticias.com.br\/?p=10563\"},\"author\":{\"name\":\"Portal Raizes\",\"@id\":\"https:\/\/portalraizesnoticias.com.br\/#\/schema\/person\/a3ca6b0fc701e78df19756c417d943ae\"},\"headline\":\"Filho \u00e9 conduzido a delegacia ap\u00f3s agredir e amea\u00e7ar m\u00e3e durante abstin\u00eancia de drogas em Retirol\u00e2ndia\",\"datePublished\":\"2026-01-23T13:37:39+00:00\",\"mainEntityOfPage\":{\"@id\":\"https:\/\/portalraizesnoticias.com.br\/?p=10563\"},\"wordCount\":177,\"commentCount\":0,\"publisher\":{\"@id\":\"https:\/\/portalraizesnoticias.com.br\/#organization\"},\"image\":{\"@id\":\"https:\/\/portalraizesnoticias.com.br\/?p=10563#primaryimage\"},\"thumbnailUrl\":\"https:\/\/portalraizesnoticias.com.br\/wp-content\/uploads\/2026\/01\/IMG-20260123-WA0117.jpg\",\"articleSection\":[\"DESTAQUES\",\"POLICIA\",\"ULTIMAS NOTICIAS\"],\"inLanguage\":\"pt-BR\",\"potentialAction\":[{\"@type\":\"CommentAction\",\"name\":\"Comment\",\"target\":[\"https:\/\/portalraizesnoticias.com.br\/?p=10563#respond\"]}]},{\"@type\":\"WebPage\",\"@id\":\"https:\/\/portalraizesnoticias.com.br\/?p=10563\",\"url\":\"https:\/\/portalraizesnoticias.com.br\/?p=10563\",\"name\":\"Filho \u00e9 conduzido a delegacia ap\u00f3s agredir e amea\u00e7ar m\u00e3e durante abstin\u00eancia de drogas em Retirol\u00e2ndia - Portal raizes noticias\",\"isPartOf\":{\"@id\":\"https:\/\/portalraizesnoticias.com.br\/#website\"},\"primaryImageOfPage\":{\"@id\":\"https:\/\/portalraizesnoticias.com.br\/?p=10563#primaryimage\"},\"image\":{\"@id\":\"https:\/\/portalraizesnoticias.com.br\/?p=10563#primaryimage\"},\"thumbnailUrl\":\"https:\/\/portalraizesnoticias.com.br\/wp-content\/uploads\/2026\/01\/IMG-20260123-WA0117.jpg\",\"datePublished\":\"2026-01-23T13:37:39+00:00\",\"breadcrumb\":{\"@id\":\"https:\/\/portalraizesnoticias.com.br\/?p=10563#breadcrumb\"},\"inLanguage\":\"pt-BR\",\"potentialAction\":[{\"@type\":\"ReadAction\",\"target\":[\"https:\/\/portalraizesnoticias.com.br\/?p=10563\"]}]},{\"@type\":\"ImageObject\",\"inLanguage\":\"pt-BR\",\"@id\":\"https:\/\/portalraizesnoticias.com.br\/?p=10563#primaryimage\",\"url\":\"https:\/\/portalraizesnoticias.com.br\/wp-content\/uploads\/2026\/01\/IMG-20260123-WA0117.jpg\",\"contentUrl\":\"https:\/\/portalraizesnoticias.com.br\/wp-content\/uploads\/2026\/01\/IMG-20260123-WA0117.jpg\",\"width\":476,\"height\":324},{\"@type\":\"BreadcrumbList\",\"@id\":\"https:\/\/portalraizesnoticias.com.br\/?p=10563#breadcrumb\",\"itemListElement\":[{\"@type\":\"ListItem\",\"position\":1,\"name\":\"In\u00edcio\",\"item\":\"https:\/\/portalraizesnoticias.com.br\/\"},{\"@type\":\"ListItem\",\"position\":2,\"name\":\"Filho \u00e9 conduzido a delegacia ap\u00f3s agredir e amea\u00e7ar m\u00e3e durante abstin\u00eancia de drogas em Retirol\u00e2ndia\"}]},{\"@type\":\"WebSite\",\"@id\":\"https:\/\/portalraizesnoticias.com.br\/#website\",\"url\":\"https:\/\/portalraizesnoticias.com.br\/\",\"name\":\"Portal raizes NOTICIAS\",\"description\":\"site de noticias de concei\u00e7\u00e3o do coit\u00e9 e regi\u00e3o\",\"publisher\":{\"@id\":\"https:\/\/portalraizesnoticias.com.br\/#organization\"},\"alternateName\":\"PORTAL RAIZES COIT\u00c9\",\"potentialAction\":[{\"@type\":\"SearchAction\",\"target\":{\"@type\":\"EntryPoint\",\"urlTemplate\":\"https:\/\/portalraizesnoticias.com.br\/?s={search_term_string}\"},\"query-input\":{\"@type\":\"PropertyValueSpecification\",\"valueRequired\":true,\"valueName\":\"search_term_string\"}}],\"inLanguage\":\"pt-BR\"},{\"@type\":\"Organization\",\"@id\":\"https:\/\/portalraizesnoticias.com.br\/#organization\",\"name\":\"Portal raizes NOTICIAS\",\"url\":\"https:\/\/portalraizesnoticias.com.br\/\",\"logo\":{\"@type\":\"ImageObject\",\"inLanguage\":\"pt-BR\",\"@id\":\"https:\/\/portalraizesnoticias.com.br\/#\/schema\/logo\/image\/\",\"url\":\"https:\/\/portalraizesnoticias.com.br\/wp-content\/uploads\/2024\/09\/cropped-Captura-de-tela-2024-09-08-011108.png\",\"contentUrl\":\"https:\/\/portalraizesnoticias.com.br\/wp-content\/uploads\/2024\/09\/cropped-Captura-de-tela-2024-09-08-011108.png\",\"width\":606,\"height\":173,\"caption\":\"Portal raizes NOTICIAS\"},\"image\":{\"@id\":\"https:\/\/portalraizesnoticias.com.br\/#\/schema\/logo\/image\/\"}},{\"@type\":\"Person\",\"@id\":\"https:\/\/portalraizesnoticias.com.br\/#\/schema\/person\/a3ca6b0fc701e78df19756c417d943ae\",\"name\":\"Portal Raizes\",\"image\":{\"@type\":\"ImageObject\",\"inLanguage\":\"pt-BR\",\"@id\":\"https:\/\/portalraizesnoticias.com.br\/#\/schema\/person\/image\/\",\"url\":\"https:\/\/secure.gravatar.com\/avatar\/ef450d29013a3d3fba867a12a249d7b1?s=96&d=mm&r=g\",\"contentUrl\":\"https:\/\/secure.gravatar.com\/avatar\/ef450d29013a3d3fba867a12a249d7b1?s=96&d=mm&r=g\",\"caption\":\"Portal Raizes\"},\"url\":\"https:\/\/portalraizesnoticias.com.br\/?author=3\"}]}<\/script>\n<!-- \/ Yoast SEO plugin. -->","yoast_head_json":{"title":"Filho \u00e9 conduzido a delegacia ap\u00f3s agredir e amea\u00e7ar m\u00e3e durante abstin\u00eancia de drogas em Retirol\u00e2ndia - Portal raizes noticias","robots":{"index":"index","follow":"follow","max-snippet":"max-snippet:-1","max-image-preview":"max-image-preview:large","max-video-preview":"max-video-preview:-1"},"canonical":"https:\/\/portalraizesnoticias.com.br\/?p=10563","og_locale":"pt_BR","og_type":"article","og_title":"Filho \u00e9 conduzido a delegacia ap\u00f3s agredir e amea\u00e7ar m\u00e3e durante abstin\u00eancia de drogas em Retirol\u00e2ndia - Portal raizes noticias","og_description":"Na manh\u00e3 de ontem 22,\u00a0 por volta das 11h30, a Pol\u00edcia Militar foi acionada para atender a uma ocorr\u00eancia de viol\u00eancia dom\u00e9stica no Centro de Retirol\u00e2ndia. A v\u00edtima de 53 anos, relatou que vinha sendo amea\u00e7ada e agredida fisicamente pelo seu filho de 29 anos. PUBLICIDADE De acordo com o relato da v\u00edtima aos policiais militares,\u00a0 as agress\u00f5es e amea\u00e7as ocorreram devido \u00e0 abstin\u00eancia do rapaz, que \u00e9 usu\u00e1rio de drogas e atualmente segue um tratamento por estar ouvindo vozes. PUBLICIDADE Durante a abordagem realizada pela guarni\u00e7\u00e3o, o jovem foi encontrado em sua resid\u00eancia, mas nada foi encontrado em sua posse. PUBLICIDADE Ele foi conduzido \u00e0 Delegacia Territorial (DT) de Retirol\u00e2ndia, onde medidas legais cab\u00edveis foram adotadas. A Pol\u00edcia Militar segue acompanhando o caso para garantir a seguran\u00e7a da v\u00edtima e garantir que as provid\u00eancias legais sejam tomadas. Reda\u00e7\u00e3o Foto: Ilustra\u00e7\u00e3o","og_url":"https:\/\/portalraizesnoticias.com.br\/?p=10563","og_site_name":"Portal raizes noticias","article_published_time":"2026-01-23T13:37:39+00:00","og_image":[{"width":476,"height":324,"url":"https:\/\/portalraizesnoticias.com.br\/wp-content\/uploads\/2026\/01\/IMG-20260123-WA0117.jpg","type":"image\/jpeg"}],"author":"Portal Raizes","twitter_card":"summary_large_image","twitter_misc":{"Escrito por":"Portal Raizes","Est. tempo de leitura":"2 minutos"},"schema":{"@context":"https:\/\/schema.org","@graph":[{"@type":"Article","@id":"https:\/\/portalraizesnoticias.com.br\/?p=10563#article","isPartOf":{"@id":"https:\/\/portalraizesnoticias.com.br\/?p=10563"},"author":{"name":"Portal Raizes","@id":"https:\/\/portalraizesnoticias.com.br\/#\/schema\/person\/a3ca6b0fc701e78df19756c417d943ae"},"headline":"Filho \u00e9 conduzido a delegacia ap\u00f3s agredir e amea\u00e7ar m\u00e3e durante abstin\u00eancia de drogas em Retirol\u00e2ndia","datePublished":"2026-01-23T13:37:39+00:00","mainEntityOfPage":{"@id":"https:\/\/portalraizesnoticias.com.br\/?p=10563"},"wordCount":177,"commentCount":0,"publisher":{"@id":"https:\/\/portalraizesnoticias.com.br\/#organization"},"image":{"@id":"https:\/\/portalraizesnoticias.com.br\/?p=10563#primaryimage"},"thumbnailUrl":"https:\/\/portalraizesnoticias.com.br\/wp-content\/uploads\/2026\/01\/IMG-20260123-WA0117.jpg","articleSection":["DESTAQUES","POLICIA","ULTIMAS NOTICIAS"],"inLanguage":"pt-BR","potentialAction":[{"@type":"CommentAction","name":"Comment","target":["https:\/\/portalraizesnoticias.com.br\/?p=10563#respond"]}]},{"@type":"WebPage","@id":"https:\/\/portalraizesnoticias.com.br\/?p=10563","url":"https:\/\/portalraizesnoticias.com.br\/?p=10563","name":"Filho \u00e9 conduzido a delegacia ap\u00f3s agredir e amea\u00e7ar m\u00e3e durante abstin\u00eancia de drogas em Retirol\u00e2ndia - Portal raizes noticias","isPartOf":{"@id":"https:\/\/portalraizesnoticias.com.br\/#website"},"primaryImageOfPage":{"@id":"https:\/\/portalraizesnoticias.com.br\/?p=10563#primaryimage"},"image":{"@id":"https:\/\/portalraizesnoticias.com.br\/?p=10563#primaryimage"},"thumbnailUrl":"https:\/\/portalraizesnoticias.com.br\/wp-content\/uploads\/2026\/01\/IMG-20260123-WA0117.jpg","datePublished":"2026-01-23T13:37:39+00:00","breadcrumb":{"@id":"https:\/\/portalraizesnoticias.com.br\/?p=10563#breadcrumb"},"inLanguage":"pt-BR","potentialAction":[{"@type":"ReadAction","target":["https:\/\/portalraizesnoticias.com.br\/?p=10563"]}]},{"@type":"ImageObject","inLanguage":"pt-BR","@id":"https:\/\/portalraizesnoticias.com.br\/?p=10563#primaryimage","url":"https:\/\/portalraizesnoticias.com.br\/wp-content\/uploads\/2026\/01\/IMG-20260123-WA0117.jpg","contentUrl":"https:\/\/portalraizesnoticias.com.br\/wp-content\/uploads\/2026\/01\/IMG-20260123-WA0117.jpg","width":476,"height":324},{"@type":"BreadcrumbList","@id":"https:\/\/portalraizesnoticias.com.br\/?p=10563#breadcrumb","itemListElement":[{"@type":"ListItem","position":1,"name":"In\u00edcio","item":"https:\/\/portalraizesnoticias.com.br\/"},{"@type":"ListItem","position":2,"name":"Filho \u00e9 conduzido a delegacia ap\u00f3s agredir e amea\u00e7ar m\u00e3e durante abstin\u00eancia de drogas em Retirol\u00e2ndia"}]},{"@type":"WebSite","@id":"https:\/\/portalraizesnoticias.com.br\/#website","url":"https:\/\/portalraizesnoticias.com.br\/","name":"Portal raizes NOTICIAS","description":"site de noticias de concei\u00e7\u00e3o do coit\u00e9 e regi\u00e3o","publisher":{"@id":"https:\/\/portalraizesnoticias.com.br\/#organization"},"alternateName":"PORTAL RAIZES COIT\u00c9","potentialAction":[{"@type":"SearchAction","target":{"@type":"EntryPoint","urlTemplate":"https:\/\/portalraizesnoticias.com.br\/?s={search_term_string}"},"query-input":{"@type":"PropertyValueSpecification","valueRequired":true,"valueName":"search_term_string"}}],"inLanguage":"pt-BR"},{"@type":"Organization","@id":"https:\/\/portalraizesnoticias.com.br\/#organization","name":"Portal raizes NOTICIAS","url":"https:\/\/portalraizesnoticias.com.br\/","logo":{"@type":"ImageObject","inLanguage":"pt-BR","@id":"https:\/\/portalraizesnoticias.com.br\/#\/schema\/logo\/image\/","url":"https:\/\/portalraizesnoticias.com.br\/wp-content\/uploads\/2024\/09\/cropped-Captura-de-tela-2024-09-08-011108.png","contentUrl":"https:\/\/portalraizesnoticias.com.br\/wp-content\/uploads\/2024\/09\/cropped-Captura-de-tela-2024-09-08-011108.png","width":606,"height":173,"caption":"Portal raizes NOTICIAS"},"image":{"@id":"https:\/\/portalraizesnoticias.com.br\/#\/schema\/logo\/image\/"}},{"@type":"Person","@id":"https:\/\/portalraizesnoticias.com.br\/#\/schema\/person\/a3ca6b0fc701e78df19756c417d943ae","name":"Portal Raizes","image":{"@type":"ImageObject","inLanguage":"pt-BR","@id":"https:\/\/portalraizesnoticias.com.br\/#\/schema\/person\/image\/","url":"https:\/\/secure.gravatar.com\/avatar\/ef450d29013a3d3fba867a12a249d7b1?s=96&d=mm&r=g","contentUrl":"https:\/\/secure.gravatar.com\/avatar\/ef450d29013a3d3fba867a12a249d7b1?s=96&d=mm&r=g","caption":"Portal Raizes"},"url":"https:\/\/portalraizesnoticias.com.br\/?author=3"}]}},"_links":{"self":[{"href":"https:\/\/portalraizesnoticias.com.br\/index.php?rest_route=\/wp\/v2\/posts\/10563"}],"collection":[{"href":"https:\/\/portalraizesnoticias.com.br\/index.php?rest_route=\/wp\/v2\/posts"}],"about":[{"href":"https:\/\/portalraizesnoticias.com.br\/index.php?rest_route=\/wp\/v2\/types\/post"}],"author":[{"embeddable":true,"href":"https:\/\/portalraizesnoticias.com.br\/index.php?rest_route=\/wp\/v2\/users\/3"}],"replies":[{"embeddable":true,"href":"https:\/\/portalraizesnoticias.com.br\/index.php?rest_route=%2Fwp%2Fv2%2Fcomments&post=10563"}],"version-history":[{"count":3,"href":"https:\/\/portalraizesnoticias.com.br\/index.php?rest_route=\/wp\/v2\/posts\/10563\/revisions"}],"predecessor-version":[{"id":10567,"href":"https:\/\/portalraizesnoticias.com.br\/index.php?rest_route=\/wp\/v2\/posts\/10563\/revisions\/10567"}],"wp:featuredmedia":[{"embeddable":true,"href":"https:\/\/portalraizesnoticias.com.br\/index.php?rest_route=\/wp\/v2\/media\/10566"}],"wp:attachment":[{"href":"https:\/\/portalraizesnoticias.com.br\/index.php?rest_route=%2Fwp%2Fv2%2Fmedia&parent=10563"}],"wp:term":[{"taxonomy":"category","embeddable":true,"href":"https:\/\/portalraizesnoticias.com.br\/index.php?rest_route=%2Fwp%2Fv2%2Fcategories&post=10563"},{"taxonomy":"post_tag","embeddable":true,"href":"https:\/\/portalraizesnoticias.com.br\/index.php?rest_route=%2Fwp%2Fv2%2Ftags&post=10563"}],"curies":[{"name":"wp","href":"https:\/\/api.w.org\/{rel}","templated":true}]}}